{"id":679,"date":"2023-03-10T11:46:41","date_gmt":"2023-03-10T14:46:41","guid":{"rendered":"https:\/\/autofans.com.ar\/?p=679"},"modified":"2023-03-12T13:03:19","modified_gmt":"2023-03-12T16:03:19","slug":"el-equipo-peugeot-totalenergies-se-dirige-a-sebring","status":"publish","type":"post","link":"https:\/\/autofans.com.ar\/index.php\/2023\/03\/10\/el-equipo-peugeot-totalenergies-se-dirige-a-sebring\/","title":{"rendered":"El equipo Peugeot TotalEnergies se dirige a Sebring"},"content":{"rendered":"<p>El equipo Peugeot TotalEnergies se prepara para debutar en la pista de Sebring en el inicio de la temporada 2023 del Campeonato del Mundo de Resistencia de la FIA. Los fabricantes de la categor\u00eda Hypercar se enfrentar\u00e1n a una temporada llena de desaf\u00edos y oportunidades. El equipo <a href=\"https:\/\/peugeot-sport.com\" target=\"_blank\" rel=\"noopener\">Peugeot TotalEnergies<\/a> est\u00e1 listo para luchar por la victoria en todas las carreras.<\/p>\n<p>El PEUGEOT 9X8 ha sufrido algunas mejoras t\u00e9cnicas despu\u00e9s de las pruebas invernales en Europa y las tres carreras disputadas en 2022. La experiencia adquirida permiti\u00f3 al equipo realizar ajustes para optimizar la fiabilidad del auto.<\/p>\n<blockquote><p>Jean-Marc Finot, vicepresidente senior de Stellantis Motorsport explic\u00f3: \u00abHemos hecho muchos kil\u00f3metros para mejorar las prestaciones del auto y validar su fiabilidad. Estamos muy entusiasmados por empezar esta temporada y el equipo est\u00e1 listo para luchar\u00bb.<\/p><\/blockquote>\n<div id='gallery-1' class='gallery galleryid-679 gallery-columns-4 gallery-size-large'><figure class='gallery-item'>\n\t\t\t<div class='gallery-icon landscape'>\n\t\t\t\t<a href='https:\/\/autofans.com.ar\/index.php\/2023\/03\/10\/el-equipo-peugeot-totalenergies-se-dirige-a-sebring\/auto-pista\/'><img loading=\"lazy\" width=\"640\" height=\"427\" src=\"https:\/\/autofans.com.ar\/wp-content\/uploads\/2023\/03\/auto-pista.jpg\" class=\"attachment-large size-large\" alt=\"El equipo Peugeot TotalEnergies\" srcset=\"https:\/\/autofans.com.ar\/wp-content\/uploads\/2023\/03\/auto-pista.jpg 1000w, https:\/\/autofans.com.ar\/wp-content\/uploads\/2023\/03\/auto-pista-300x200.jpg 300w, https:\/\/autofans.com.ar\/wp-content\/uploads\/2023\/03\/auto-pista-768x512.jpg 768w\" sizes=\"auto, (max-width: 640px) 100vw, 640px\" loading=\"lazy\" decoding=\"async\" \/><\/a>\n\t\t\t<\/div><\/figure><figure class='gallery-item'>\n\t\t\t<div class='gallery-icon landscape'>\n\t\t\t\t<a href='https:\/\/autofans.com.ar\/index.php\/2023\/03\/10\/el-equipo-peugeot-totalenergies-se-dirige-a-sebring\/cabina\/'><img loading=\"lazy\" width=\"640\" height=\"427\" src=\"https:\/\/autofans.com.ar\/wp-content\/uploads\/2023\/03\/cabina.jpg\" class=\"attachment-large size-large\" alt=\"Peugeot TotalEnergies\" srcset=\"https:\/\/autofans.com.ar\/wp-content\/uploads\/2023\/03\/cabina.jpg 1000w, https:\/\/autofans.com.ar\/wp-content\/uploads\/2023\/03\/cabina-300x200.jpg 300w, https:\/\/autofans.com.ar\/wp-content\/uploads\/2023\/03\/cabina-768x512.jpg 768w\" sizes=\"auto, (max-width: 640px) 100vw, 640px\" loading=\"lazy\" decoding=\"async\" \/><\/a>\n\t\t\t<\/div><\/figure><figure class='gallery-item'>\n\t\t\t<div class='gallery-icon landscape'>\n\t\t\t\t<a href='https:\/\/autofans.com.ar\/index.php\/2023\/03\/10\/el-equipo-peugeot-totalenergies-se-dirige-a-sebring\/interios\/'><img loading=\"lazy\" width=\"640\" height=\"427\" src=\"https:\/\/autofans.com.ar\/wp-content\/uploads\/2023\/03\/interios.jpg\" class=\"attachment-large size-large\" alt=\"El equipo Peugeot TotalEnergies\" srcset=\"https:\/\/autofans.com.ar\/wp-content\/uploads\/2023\/03\/interios.jpg 1000w, https:\/\/autofans.com.ar\/wp-content\/uploads\/2023\/03\/interios-300x200.jpg 300w, https:\/\/autofans.com.ar\/wp-content\/uploads\/2023\/03\/interios-768x512.jpg 768w\" sizes=\"auto, (max-width: 640px) 100vw, 640px\" loading=\"lazy\" decoding=\"async\" \/><\/a>\n\t\t\t<\/div><\/figure><figure class='gallery-item'>\n\t\t\t<div class='gallery-icon landscape'>\n\t\t\t\t<a href='https:\/\/autofans.com.ar\/index.php\/2023\/03\/10\/el-equipo-peugeot-totalenergies-se-dirige-a-sebring\/auto-atras\/'><img loading=\"lazy\" width=\"640\" height=\"427\" src=\"https:\/\/autofans.com.ar\/wp-content\/uploads\/2023\/03\/auto-atras.jpg\" class=\"attachment-large size-large\" alt=\"Peugeot TotalEnergies\" srcset=\"https:\/\/autofans.com.ar\/wp-content\/uploads\/2023\/03\/auto-atras.jpg 1000w, https:\/\/autofans.com.ar\/wp-content\/uploads\/2023\/03\/auto-atras-300x200.jpg 300w, https:\/\/autofans.com.ar\/wp-content\/uploads\/2023\/03\/auto-atras-768x512.jpg 768w\" sizes=\"auto, (max-width: 640px) 100vw, 640px\" loading=\"lazy\" decoding=\"async\" \/><\/a>\n\t\t\t<\/div><\/figure>\n\t\t<\/div>\n\n<p>La temporada 2023 ser\u00e1 muy competitiva con la llegada de algunos de los fabricantes m\u00e1s importantes del mundo a la clase Hypercar de Le Mans. El equipo Peugeot TotalEnergies tiene como objetivo luchar por la victoria en todas las carreras y se enfrentar\u00e1 a otros fabricantes que tambi\u00e9n tienen el mismo objetivo. Las pruebas del pr\u00f3logo en Florida, que se celebrar\u00e1n los d\u00edas 11 y 12 de marzo. Tambi\u00e9n se permitir\u00e1n a los pilotos y al equipo conocer mejor las especificidades de la pista.<\/p>\n<p>El equipo Peugeot, adem\u00e1s de TotalEnergies, contar\u00e1 con el apoyo de valiosos socios como, Capgemini, Yahoo, Marelli, \u00c9tablissement Peugeot Fr\u00e8res, Sparco y Jack and Jones. Las alineaciones de los dos PEUGEOT 9X8 ser\u00e1n las mismas con Paul Di Resta, Mikkel Jensen y Jean-Eric Vergne al volante del PEUGEOT n.\u00ba 93 y Lo\u00efc Duval, Gustavo Menezes y Nico M\u00fcller en el PEUGEOT n.\u00ba 94.<\/p>\n<p>El lanzamiento del programa 2023 del equipo Peugeot TotalEnergies y las 1000 millas de Sebring se llevar\u00e1n a cabo el 17 de marzo. La carrera ser\u00e1 una oportunidad para el equipo para demostrar sus habilidades en la pista de Sebring y comenzar la temporada con fuerza.<\/p>\n<p>&nbsp;<\/p>\n<p><img fetchpriority=\"high\" decoding=\"async\" class=\"aligncenter wp-image-685 size-full\" src=\"https:\/\/autofans.com.ar\/wp-content\/uploads\/2023\/03\/corredores.jpg\" alt=\"Peugeot TotalEnergies\" width=\"1000\" height=\"667\" srcset=\"https:\/\/autofans.com.ar\/wp-content\/uploads\/2023\/03\/corredores.jpg 1000w, https:\/\/autofans.com.ar\/wp-content\/uploads\/2023\/03\/corredores-300x200.jpg 300w, https:\/\/autofans.com.ar\/wp-content\/uploads\/2023\/03\/corredores-768x512.jpg 768w\" sizes=\"(max-width: 1000px) 100vw, 1000px\" \/><\/p>\n<blockquote>\n<h2><strong>Peugeot TotalEnergies &#8211; Declaraciones de los pilotos<\/strong><\/h2>\n<p>&nbsp;<\/p>\n<p><strong>Paul Di Resta &#8211; PEUGEOT N.\u00ba 93:<\/strong><\/p>\n<p><em>\u201cSebring ser\u00e1 una gran prueba para nosotros, ya que nuestra andadura en la resistencia comenz\u00f3 hace solo un a\u00f1o, y esta va a ser nuestra primera temporada completa del FIA WEC. Tendremos que quitarnos los guantes e ir a luchar contra la competencia y ser los mejores. La preparaci\u00f3n se ha centrado en la fiabilidad de los autos, sus prestaciones y las pruebas con ensayos de resistencia. Hemos trabajado mucho con el equipo y nuestro principal objetivo era mejorar en comparaci\u00f3n con el a\u00f1o pasado. Esta temporada va a ser una gran prueba con altibajos a lo largo del camino, y los resultados de la clasificaci\u00f3n y de la carrera mostrar\u00e1n el nivel de rendimiento que somos capaces de alcanzar. Estaremos donde estamos y lo importante ser\u00e1 c\u00f3mo luchamos y c\u00f3mo trabajamos para hacerlo mejor\u201d.\u00a0 <\/em><\/p>\n<p>&nbsp;<\/p>\n<p><strong>Mikkel Jensen &#8211; PEUGEOT n.\u00ba 93:<\/strong><\/p>\n<p><em>\u201cEsta temporada ser\u00e1 interesante competir por primera vez con otros seis fabricantes. Tendremos que optimizar nuestro propio trabajo, mirar hacia nosotros mismos, y trabajar lo mejor posible con el rendimiento del auto. Las paradas en boxes, la fiabilidad del trabajo en equipo, sin mirar demasiado a la competencia. <\/em><\/p>\n<p><em>\u201cLa primera carrera ser\u00e1 tambi\u00e9n la primera vez que estemos juntos en pista con los otros nuevos competidores, as\u00ed que es dif\u00edcil saber si ser\u00e1 una carrera interesante o no. Sebring es un circuito en que no muchos equipos han hecho pruebas, as\u00ed que ser\u00e1 interesante ver cu\u00e1nto tardamos en ponernos al d\u00eda. Es un circuito genial, ya he estado all\u00ed tres veces, as\u00ed que me gusta, es una pista sorprendente con todos los baches. No espero conseguir una vuelta perfecta en Sebring, es un lugar de locos\u201d.<\/em><\/p>\n<p>&nbsp;<\/p>\n<p><strong>Jean-Eric Vergne &#8211; PEUGEOT n.\u00ba 93<\/strong><\/p>\n<p><em>\u201cCreo que es estupendo para el WEC, y en general, contar con tantos fabricantes. Generar\u00e1 mucho inter\u00e9s por este deporte y como pilotos nos sentimos parte de una nueva generaci\u00f3n, de una nueva era. <\/em><\/p>\n<p><em>\u201cCreo que esta temporada tenemos que tener objetivos alcanzables y solo ser\u00e1 posible establecerlos despu\u00e9s de la primera carrera en Sebring. Hoy en d\u00eda, no podemos comparar a nuestro equipo con los otros, ya que nunca hemos competido contra ellos. Ser\u00e1 la primera temporada completa del FIA WEC para el equipo, y tendremos que enfrentarnos a una competencia feroz. Es importante mejorar y mirar todos en la misma direcci\u00f3n. Tenemos que mejorar carrera tras carrera teniendo en cuenta a toda la gente del equipo, los factores externos, todos los par\u00e1metros que se nos ocurran para estar en condiciones de ganar las carreras. Personalmente, quiero que al final de la temporada todos podamos mirarnos y poder decir que lo hemos hecho lo mejor posible\u201d.<\/em><\/p>\n<p>&nbsp;<\/p>\n<p><strong>Lo\u00efc Duval &#8211; PEUGEOT n.\u00ba 94<\/strong><\/p>\n<p><em>\u201cSebring es un circuito ic\u00f3nico y grandioso del calendario. Es un antiguo aer\u00f3dromo con todo tipo de superficies y, sobre todo, es una pista muy bacheada, como todo el mundo sabe. Es realmente dura para los autos, el grip es bastante bueno en general pero tiene esos grandes parches de hormig\u00f3n, agujeros y hoyos que la hacen \u00fanica. Pero una vez m\u00e1s, es un gran encuentro y esta carrera es un cl\u00e1sico de las carreras de resistencia.<\/em><\/p>\n<p><em>\u201cEsta temporada ser\u00e1 muy emocionante porque, adem\u00e1s de marcar el regreso de Peugeot, entraremos en la era dorada de las carreras de resistencia con los Hypercars. Es bastante atractivo tener una grilla con tantos fabricantes, grandes equipos, autos bonitos y pilotos de primera. Habr\u00e1 mucha lucha en la pista, as\u00ed que estoy muy emocionado y no veo la hora de empezar la temporada. Estar de vuelta en el WEC, en la categor\u00eda principal, tambi\u00e9n es importante para m\u00ed. Dej\u00e9 el campeonato en 2016 y volver con posibilidades de ganar el t\u00edtulo y las 24 Horas de Le Mans es algo maravilloso\u201d. <\/em><\/p>\n<p>&nbsp;<\/p>\n<p><strong>Gustavo Menezes:<\/strong><\/p>\n<p><em>\u201cEs agradable ver a tantos fabricantes, marcas emblem\u00e1ticas compitiendo en el FIA WEC y en Le Mans. La lista de inscritos es muy competitiva, y parece que va a crecer a\u00fan m\u00e1s en los pr\u00f3ximos a\u00f1os, as\u00ed que es realmente emocionante. Este invierno con el equipo hemos pasado bastante tiempo en el simulador, tambi\u00e9n hemos tenido la oportunidad de hacer algunas pruebas de invierno por Europa y en casa, y he pasado mi tiempo entrenando para estar listo para la temporada. Este a\u00f1o ser\u00e1 extremadamente competitivo, todo el mundo llevar\u00e1 a la pista lo mejor de su capacidad y nosotros haremos lo mismo. Sabemos que no ser\u00e1 f\u00e1cil, as\u00ed que llegaremos con humildad pero decididos a hacerlo lo mejor posible\u201d.<\/em><\/p>\n<p>&nbsp;<\/p>\n<p><strong>Nico M\u00fcller &#8211; PEUGEOT n.\u00ba 94:<\/strong><\/p>\n<p><em>\u201cDesde la \u00faltima carrera de la temporada en Bahrein, hemos pasado bastante tiempo en el simulador y realizado algunas pruebas durante el invierno. No solo condujimos y desarrollamos el auto, sino que tambi\u00e9n pasamos tiempo juntos fuera de la pista para entendernos mejor, lo que es realmente valioso. 2023 ser\u00e1 una \u00e9poca dorada en el mundo de los deportivos, tambi\u00e9n ser\u00e1 el centenario de las 24 Horas de Le Mans y ese es sin duda el objetivo final, luchar por una victoria all\u00ed. Ser\u00e1 una temporada dif\u00edcil, con fuertes competidores que se incorporan al campeonato, pero competimos para ganar y este a\u00f1o no haremos ninguna excepci\u00f3n. Estoy orgulloso de formar parte de la primera campa\u00f1a completa del equipo Peugeot TotalEnergies en el FIA WEC, es un privilegio para m\u00ed y espero que estemos en la primera fila para luchar por el t\u00edtulo\u201d. <\/em><\/p>\n<p>&nbsp;<\/p><\/blockquote>\n<p>&nbsp;<\/p>\n<p>Encontra toda la actualidad de Peugeot Sport en su nuevo sitio web (<u><a href=\"http:\/\/www.peugeot-sport.com\/\" target=\"_blank\" rel=\"noopener\" data-saferedirecturl=\"https:\/\/www.google.com\/url?q=http:\/\/www.peugeot-sport.com&amp;source=gmail&amp;ust=1678528053009000&amp;usg=AOvVaw3yZxOoRUnVI1MaQ9gbhZQ3\">www.peugeot-sport.com)<\/a><\/u><\/p>\n<p>&nbsp;<\/p>\n<p><i>Para enterarte de m\u00e1s novedades, no dejes de leer\u00a0<\/i><a href=\"https:\/\/autofans.thebrandsoup.com\/\"><i>nuestras notas<\/i><\/a><i>, de ver<\/i><b><i>\u00a0<\/i><\/b><a href=\"https:\/\/www.youtube.com\/channel\/UCgAC8UGHZYbT6P7PpmVnP7g\"><b><i>AUTOFANS TV<\/i><\/b><\/a><b><i>\u00a0<\/i><\/b><i>en nuestro\u00a0canal de Youtube. Adem\u00e1s seguinos en\u00a0<\/i><a href=\"https:\/\/www.instagram.com\/autofanstv\/\"><i>INSTAGRAM<\/i><\/a><i> y <\/i><a href=\"https:\/\/www.facebook.com\/autofansmas\/\"><i>FACEBOOK<\/i><\/a><i> para no perderte nada sobre las novedades del segmento automotor de Argentina y el mundo.<\/i><\/p>\n<p>&nbsp;<\/p>\n","protected":false},"excerpt":{"rendered":"<p>El equipo Peugeot TotalEnergies se prepara para debutar en la pista de Sebring en el&#8230;<\/p>\n","protected":false},"author":2,"featured_media":687,"comment_status":"closed","ping_status":"closed","sticky":false,"template":"","format":"standard","meta":{"footnotes":""},"categories":[127,16],"tags":[311,143,312,289,288,290,291,286,313,287,44],"class_list":["post-679","post","type-post","status-publish","format-standard","has-post-thumbnail","hentry","category-deporte","category-noticias","tag-competencia","tag-competicion","tag-declaraciones","tag-fia-wec","tag-hypercar","tag-peugeot-9x8","tag-peugeot-argentina","tag-peugeot-totalenergies","tag-pilotos","tag-sebring","tag-total-energies-argentina"],"yoast_head":"<!-- This site is optimized with the Yoast SEO plugin v27.5 - https:\/\/yoast.com\/product\/yoast-seo-wordpress\/ -->\n<title>El equipo Peugeot TotalEnergies se dirige a Sebring -<\/title>\n<meta name=\"description\" content=\"El equipo Peugeot TotalEnergies se prepara para debutar en la pista de Sebring en el inicio de la temporada 2023...\" \/>\n<meta name=\"robots\" content=\"index, follow, max-snippet:-1, max-image-preview:large, max-video-preview:-1\" \/>\n<link rel=\"canonical\" href=\"https:\/\/autofans.com.ar\/index.php\/2023\/03\/10\/el-equipo-peugeot-totalenergies-se-dirige-a-sebring\/\" \/>\n<meta property=\"og:locale\" content=\"es_ES\" \/>\n<meta property=\"og:type\" content=\"article\" \/>\n<meta property=\"og:title\" content=\"El equipo Peugeot TotalEnergies se dirige a Sebring -\" \/>\n<meta property=\"og:description\" content=\"El equipo Peugeot TotalEnergies se prepara para debutar en la pista de Sebring en el inicio de la temporada 2023...\" \/>\n<meta property=\"og:url\" content=\"https:\/\/autofans.com.ar\/index.php\/2023\/03\/10\/el-equipo-peugeot-totalenergies-se-dirige-a-sebring\/\" \/>\n<meta property=\"article:published_time\" content=\"2023-03-10T14:46:41+00:00\" \/>\n<meta property=\"article:modified_time\" content=\"2023-03-12T16:03:19+00:00\" \/>\n<meta property=\"og:image\" content=\"https:\/\/autofans.com.ar\/wp-content\/uploads\/2023\/03\/auto-luz.jpg\" \/>\n\t<meta property=\"og:image:width\" content=\"1000\" \/>\n\t<meta property=\"og:image:height\" content=\"667\" \/>\n\t<meta property=\"og:image:type\" content=\"image\/jpeg\" \/>\n<meta name=\"author\" content=\"Alejandro Gabriel Rosito\" \/>\n<meta name=\"twitter:card\" content=\"summary_large_image\" \/>\n<meta name=\"twitter:label1\" content=\"Escrito por\" \/>\n\t<meta name=\"twitter:data1\" content=\"Alejandro Gabriel Rosito\" \/>\n\t<meta name=\"twitter:label2\" content=\"Tiempo de lectura\" \/>\n\t<meta name=\"twitter:data2\" content=\"7 minutos\" \/>\n<script type=\"application\/ld+json\" class=\"yoast-schema-graph\">{\"@context\":\"https:\\\/\\\/schema.org\",\"@graph\":[{\"@type\":\"Article\",\"@id\":\"https:\\\/\\\/autofans.com.ar\\\/index.php\\\/2023\\\/03\\\/10\\\/el-equipo-peugeot-totalenergies-se-dirige-a-sebring\\\/#article\",\"isPartOf\":{\"@id\":\"https:\\\/\\\/autofans.com.ar\\\/index.php\\\/2023\\\/03\\\/10\\\/el-equipo-peugeot-totalenergies-se-dirige-a-sebring\\\/\"},\"author\":{\"name\":\"Alejandro Gabriel Rosito\",\"@id\":\"https:\\\/\\\/autofans.com.ar\\\/#\\\/schema\\\/person\\\/4a8dda0b6df83ac3d6723e921274c2aa\"},\"headline\":\"El equipo Peugeot TotalEnergies se dirige a Sebring\",\"datePublished\":\"2023-03-10T14:46:41+00:00\",\"dateModified\":\"2023-03-12T16:03:19+00:00\",\"mainEntityOfPage\":{\"@id\":\"https:\\\/\\\/autofans.com.ar\\\/index.php\\\/2023\\\/03\\\/10\\\/el-equipo-peugeot-totalenergies-se-dirige-a-sebring\\\/\"},\"wordCount\":1359,\"image\":{\"@id\":\"https:\\\/\\\/autofans.com.ar\\\/index.php\\\/2023\\\/03\\\/10\\\/el-equipo-peugeot-totalenergies-se-dirige-a-sebring\\\/#primaryimage\"},\"thumbnailUrl\":\"https:\\\/\\\/autofans.com.ar\\\/wp-content\\\/uploads\\\/2023\\\/03\\\/auto-luz.jpg\",\"keywords\":[\"Competencia\",\"Competici\u00f3n\",\"Declaraciones\",\"FIA WEC\",\"Hypercar\",\"PEUGEOT 9X8\",\"PEUGEOT argentina\",\"Peugeot TotalEnergies\",\"Pilotos\",\"Sebring\",\"Total Energies Argentina\"],\"articleSection\":[\"DEPORTE MOTOR\",\"NOTICIAS\"],\"inLanguage\":\"es\"},{\"@type\":\"WebPage\",\"@id\":\"https:\\\/\\\/autofans.com.ar\\\/index.php\\\/2023\\\/03\\\/10\\\/el-equipo-peugeot-totalenergies-se-dirige-a-sebring\\\/\",\"url\":\"https:\\\/\\\/autofans.com.ar\\\/index.php\\\/2023\\\/03\\\/10\\\/el-equipo-peugeot-totalenergies-se-dirige-a-sebring\\\/\",\"name\":\"El equipo Peugeot TotalEnergies se dirige a Sebring -\",\"isPartOf\":{\"@id\":\"https:\\\/\\\/autofans.com.ar\\\/#website\"},\"primaryImageOfPage\":{\"@id\":\"https:\\\/\\\/autofans.com.ar\\\/index.php\\\/2023\\\/03\\\/10\\\/el-equipo-peugeot-totalenergies-se-dirige-a-sebring\\\/#primaryimage\"},\"image\":{\"@id\":\"https:\\\/\\\/autofans.com.ar\\\/index.php\\\/2023\\\/03\\\/10\\\/el-equipo-peugeot-totalenergies-se-dirige-a-sebring\\\/#primaryimage\"},\"thumbnailUrl\":\"https:\\\/\\\/autofans.com.ar\\\/wp-content\\\/uploads\\\/2023\\\/03\\\/auto-luz.jpg\",\"datePublished\":\"2023-03-10T14:46:41+00:00\",\"dateModified\":\"2023-03-12T16:03:19+00:00\",\"author\":{\"@id\":\"https:\\\/\\\/autofans.com.ar\\\/#\\\/schema\\\/person\\\/4a8dda0b6df83ac3d6723e921274c2aa\"},\"description\":\"El equipo Peugeot TotalEnergies se prepara para debutar en la pista de Sebring en el inicio de la temporada 2023...\",\"breadcrumb\":{\"@id\":\"https:\\\/\\\/autofans.com.ar\\\/index.php\\\/2023\\\/03\\\/10\\\/el-equipo-peugeot-totalenergies-se-dirige-a-sebring\\\/#breadcrumb\"},\"inLanguage\":\"es\",\"potentialAction\":[{\"@type\":\"ReadAction\",\"target\":[\"https:\\\/\\\/autofans.com.ar\\\/index.php\\\/2023\\\/03\\\/10\\\/el-equipo-peugeot-totalenergies-se-dirige-a-sebring\\\/\"]}]},{\"@type\":\"ImageObject\",\"inLanguage\":\"es\",\"@id\":\"https:\\\/\\\/autofans.com.ar\\\/index.php\\\/2023\\\/03\\\/10\\\/el-equipo-peugeot-totalenergies-se-dirige-a-sebring\\\/#primaryimage\",\"url\":\"https:\\\/\\\/autofans.com.ar\\\/wp-content\\\/uploads\\\/2023\\\/03\\\/auto-luz.jpg\",\"contentUrl\":\"https:\\\/\\\/autofans.com.ar\\\/wp-content\\\/uploads\\\/2023\\\/03\\\/auto-luz.jpg\",\"width\":1000,\"height\":667,\"caption\":\"El equipo Peugeot TotalEnergies\"},{\"@type\":\"BreadcrumbList\",\"@id\":\"https:\\\/\\\/autofans.com.ar\\\/index.php\\\/2023\\\/03\\\/10\\\/el-equipo-peugeot-totalenergies-se-dirige-a-sebring\\\/#breadcrumb\",\"itemListElement\":[{\"@type\":\"ListItem\",\"position\":1,\"name\":\"Inicio\",\"item\":\"https:\\\/\\\/autofans.com.ar\\\/\"},{\"@type\":\"ListItem\",\"position\":2,\"name\":\"El equipo Peugeot TotalEnergies se dirige a Sebring\"}]},{\"@type\":\"WebSite\",\"@id\":\"https:\\\/\\\/autofans.com.ar\\\/#website\",\"url\":\"https:\\\/\\\/autofans.com.ar\\\/\",\"name\":\"\",\"description\":\"El multimedio referente de la industria automotriz\",\"potentialAction\":[{\"@type\":\"SearchAction\",\"target\":{\"@type\":\"EntryPoint\",\"urlTemplate\":\"https:\\\/\\\/autofans.com.ar\\\/?s={search_term_string}\"},\"query-input\":{\"@type\":\"PropertyValueSpecification\",\"valueRequired\":true,\"valueName\":\"search_term_string\"}}],\"inLanguage\":\"es\"},{\"@type\":\"Person\",\"@id\":\"https:\\\/\\\/autofans.com.ar\\\/#\\\/schema\\\/person\\\/4a8dda0b6df83ac3d6723e921274c2aa\",\"name\":\"Alejandro Gabriel Rosito\",\"image\":{\"@type\":\"ImageObject\",\"inLanguage\":\"es\",\"@id\":\"https:\\\/\\\/secure.gravatar.com\\\/avatar\\\/16c5dda1489adfc62618084dcbb91cffd879c374b13fe5dd8e44ed6733852c88?s=96&d=mm&r=g\",\"url\":\"https:\\\/\\\/secure.gravatar.com\\\/avatar\\\/16c5dda1489adfc62618084dcbb91cffd879c374b13fe5dd8e44ed6733852c88?s=96&d=mm&r=g\",\"contentUrl\":\"https:\\\/\\\/secure.gravatar.com\\\/avatar\\\/16c5dda1489adfc62618084dcbb91cffd879c374b13fe5dd8e44ed6733852c88?s=96&d=mm&r=g\",\"caption\":\"Alejandro Gabriel Rosito\"},\"url\":\"https:\\\/\\\/autofans.com.ar\\\/index.php\\\/author\\\/gabrielr\\\/\"}]}<\/script>\n<!-- \/ Yoast SEO plugin. -->","yoast_head_json":{"title":"El equipo Peugeot TotalEnergies se dirige a Sebring -","description":"El equipo Peugeot TotalEnergies se prepara para debutar en la pista de Sebring en el inicio de la temporada 2023...","robots":{"index":"index","follow":"follow","max-snippet":"max-snippet:-1","max-image-preview":"max-image-preview:large","max-video-preview":"max-video-preview:-1"},"canonical":"https:\/\/autofans.com.ar\/index.php\/2023\/03\/10\/el-equipo-peugeot-totalenergies-se-dirige-a-sebring\/","og_locale":"es_ES","og_type":"article","og_title":"El equipo Peugeot TotalEnergies se dirige a Sebring -","og_description":"El equipo Peugeot TotalEnergies se prepara para debutar en la pista de Sebring en el inicio de la temporada 2023...","og_url":"https:\/\/autofans.com.ar\/index.php\/2023\/03\/10\/el-equipo-peugeot-totalenergies-se-dirige-a-sebring\/","article_published_time":"2023-03-10T14:46:41+00:00","article_modified_time":"2023-03-12T16:03:19+00:00","og_image":[{"width":1000,"height":667,"url":"https:\/\/autofans.com.ar\/wp-content\/uploads\/2023\/03\/auto-luz.jpg","type":"image\/jpeg"}],"author":"Alejandro Gabriel Rosito","twitter_card":"summary_large_image","twitter_misc":{"Escrito por":"Alejandro Gabriel Rosito","Tiempo de lectura":"7 minutos"},"schema":{"@context":"https:\/\/schema.org","@graph":[{"@type":"Article","@id":"https:\/\/autofans.com.ar\/index.php\/2023\/03\/10\/el-equipo-peugeot-totalenergies-se-dirige-a-sebring\/#article","isPartOf":{"@id":"https:\/\/autofans.com.ar\/index.php\/2023\/03\/10\/el-equipo-peugeot-totalenergies-se-dirige-a-sebring\/"},"author":{"name":"Alejandro Gabriel Rosito","@id":"https:\/\/autofans.com.ar\/#\/schema\/person\/4a8dda0b6df83ac3d6723e921274c2aa"},"headline":"El equipo Peugeot TotalEnergies se dirige a Sebring","datePublished":"2023-03-10T14:46:41+00:00","dateModified":"2023-03-12T16:03:19+00:00","mainEntityOfPage":{"@id":"https:\/\/autofans.com.ar\/index.php\/2023\/03\/10\/el-equipo-peugeot-totalenergies-se-dirige-a-sebring\/"},"wordCount":1359,"image":{"@id":"https:\/\/autofans.com.ar\/index.php\/2023\/03\/10\/el-equipo-peugeot-totalenergies-se-dirige-a-sebring\/#primaryimage"},"thumbnailUrl":"https:\/\/autofans.com.ar\/wp-content\/uploads\/2023\/03\/auto-luz.jpg","keywords":["Competencia","Competici\u00f3n","Declaraciones","FIA WEC","Hypercar","PEUGEOT 9X8","PEUGEOT argentina","Peugeot TotalEnergies","Pilotos","Sebring","Total Energies Argentina"],"articleSection":["DEPORTE MOTOR","NOTICIAS"],"inLanguage":"es"},{"@type":"WebPage","@id":"https:\/\/autofans.com.ar\/index.php\/2023\/03\/10\/el-equipo-peugeot-totalenergies-se-dirige-a-sebring\/","url":"https:\/\/autofans.com.ar\/index.php\/2023\/03\/10\/el-equipo-peugeot-totalenergies-se-dirige-a-sebring\/","name":"El equipo Peugeot TotalEnergies se dirige a Sebring -","isPartOf":{"@id":"https:\/\/autofans.com.ar\/#website"},"primaryImageOfPage":{"@id":"https:\/\/autofans.com.ar\/index.php\/2023\/03\/10\/el-equipo-peugeot-totalenergies-se-dirige-a-sebring\/#primaryimage"},"image":{"@id":"https:\/\/autofans.com.ar\/index.php\/2023\/03\/10\/el-equipo-peugeot-totalenergies-se-dirige-a-sebring\/#primaryimage"},"thumbnailUrl":"https:\/\/autofans.com.ar\/wp-content\/uploads\/2023\/03\/auto-luz.jpg","datePublished":"2023-03-10T14:46:41+00:00","dateModified":"2023-03-12T16:03:19+00:00","author":{"@id":"https:\/\/autofans.com.ar\/#\/schema\/person\/4a8dda0b6df83ac3d6723e921274c2aa"},"description":"El equipo Peugeot TotalEnergies se prepara para debutar en la pista de Sebring en el inicio de la temporada 2023...","breadcrumb":{"@id":"https:\/\/autofans.com.ar\/index.php\/2023\/03\/10\/el-equipo-peugeot-totalenergies-se-dirige-a-sebring\/#breadcrumb"},"inLanguage":"es","potentialAction":[{"@type":"ReadAction","target":["https:\/\/autofans.com.ar\/index.php\/2023\/03\/10\/el-equipo-peugeot-totalenergies-se-dirige-a-sebring\/"]}]},{"@type":"ImageObject","inLanguage":"es","@id":"https:\/\/autofans.com.ar\/index.php\/2023\/03\/10\/el-equipo-peugeot-totalenergies-se-dirige-a-sebring\/#primaryimage","url":"https:\/\/autofans.com.ar\/wp-content\/uploads\/2023\/03\/auto-luz.jpg","contentUrl":"https:\/\/autofans.com.ar\/wp-content\/uploads\/2023\/03\/auto-luz.jpg","width":1000,"height":667,"caption":"El equipo Peugeot TotalEnergies"},{"@type":"BreadcrumbList","@id":"https:\/\/autofans.com.ar\/index.php\/2023\/03\/10\/el-equipo-peugeot-totalenergies-se-dirige-a-sebring\/#breadcrumb","itemListElement":[{"@type":"ListItem","position":1,"name":"Inicio","item":"https:\/\/autofans.com.ar\/"},{"@type":"ListItem","position":2,"name":"El equipo Peugeot TotalEnergies se dirige a Sebring"}]},{"@type":"WebSite","@id":"https:\/\/autofans.com.ar\/#website","url":"https:\/\/autofans.com.ar\/","name":"","description":"El multimedio referente de la industria automotriz","potentialAction":[{"@type":"SearchAction","target":{"@type":"EntryPoint","urlTemplate":"https:\/\/autofans.com.ar\/?s={search_term_string}"},"query-input":{"@type":"PropertyValueSpecification","valueRequired":true,"valueName":"search_term_string"}}],"inLanguage":"es"},{"@type":"Person","@id":"https:\/\/autofans.com.ar\/#\/schema\/person\/4a8dda0b6df83ac3d6723e921274c2aa","name":"Alejandro Gabriel Rosito","image":{"@type":"ImageObject","inLanguage":"es","@id":"https:\/\/secure.gravatar.com\/avatar\/16c5dda1489adfc62618084dcbb91cffd879c374b13fe5dd8e44ed6733852c88?s=96&d=mm&r=g","url":"https:\/\/secure.gravatar.com\/avatar\/16c5dda1489adfc62618084dcbb91cffd879c374b13fe5dd8e44ed6733852c88?s=96&d=mm&r=g","contentUrl":"https:\/\/secure.gravatar.com\/avatar\/16c5dda1489adfc62618084dcbb91cffd879c374b13fe5dd8e44ed6733852c88?s=96&d=mm&r=g","caption":"Alejandro Gabriel Rosito"},"url":"https:\/\/autofans.com.ar\/index.php\/author\/gabrielr\/"}]}},"featured_image_urls":{"full":["https:\/\/autofans.com.ar\/wp-content\/uploads\/2023\/03\/auto-luz.jpg",1000,667,false],"thumbnail":["https:\/\/autofans.com.ar\/wp-content\/uploads\/2023\/03\/auto-luz-150x150.jpg",150,150,true],"medium":["https:\/\/autofans.com.ar\/wp-content\/uploads\/2023\/03\/auto-luz-300x200.jpg",300,200,true],"medium_large":["https:\/\/autofans.com.ar\/wp-content\/uploads\/2023\/03\/auto-luz-768x512.jpg",640,427,true],"large":["https:\/\/autofans.com.ar\/wp-content\/uploads\/2023\/03\/auto-luz.jpg",640,427,false],"1536x1536":["https:\/\/autofans.com.ar\/wp-content\/uploads\/2023\/03\/auto-luz.jpg",1000,667,false],"2048x2048":["https:\/\/autofans.com.ar\/wp-content\/uploads\/2023\/03\/auto-luz.jpg",1000,667,false],"covernews-featured":["https:\/\/autofans.com.ar\/wp-content\/uploads\/2023\/03\/auto-luz.jpg",1000,667,false],"covernews-medium":["https:\/\/autofans.com.ar\/wp-content\/uploads\/2023\/03\/auto-luz-540x340.jpg",540,340,true]},"author_info":{"display_name":"Alejandro Gabriel Rosito","author_link":"https:\/\/autofans.com.ar\/index.php\/author\/gabrielr\/"},"category_info":"<a href=\"https:\/\/autofans.com.ar\/index.php\/category\/noticias\/deporte\/\" rel=\"category tag\">DEPORTE MOTOR<\/a> <a href=\"https:\/\/autofans.com.ar\/index.php\/category\/noticias\/\" rel=\"category tag\">NOTICIAS<\/a>","tag_info":"NOTICIAS","comment_count":0,"_links":{"self":[{"href":"https:\/\/autofans.com.ar\/index.php\/wp-json\/wp\/v2\/posts\/679","targetHints":{"allow":["GET"]}}],"collection":[{"href":"https:\/\/autofans.com.ar\/index.php\/wp-json\/wp\/v2\/posts"}],"about":[{"href":"https:\/\/autofans.com.ar\/index.php\/wp-json\/wp\/v2\/types\/post"}],"author":[{"embeddable":true,"href":"https:\/\/autofans.com.ar\/index.php\/wp-json\/wp\/v2\/users\/2"}],"replies":[{"embeddable":true,"href":"https:\/\/autofans.com.ar\/index.php\/wp-json\/wp\/v2\/comments?post=679"}],"version-history":[{"count":12,"href":"https:\/\/autofans.com.ar\/index.php\/wp-json\/wp\/v2\/posts\/679\/revisions"}],"predecessor-version":[{"id":739,"href":"https:\/\/autofans.com.ar\/index.php\/wp-json\/wp\/v2\/posts\/679\/revisions\/739"}],"wp:featuredmedia":[{"embeddable":true,"href":"https:\/\/autofans.com.ar\/index.php\/wp-json\/wp\/v2\/media\/687"}],"wp:attachment":[{"href":"https:\/\/autofans.com.ar\/index.php\/wp-json\/wp\/v2\/media?parent=679"}],"wp:term":[{"taxonomy":"category","embeddable":true,"href":"https:\/\/autofans.com.ar\/index.php\/wp-json\/wp\/v2\/categories?post=679"},{"taxonomy":"post_tag","embeddable":true,"href":"https:\/\/autofans.com.ar\/index.php\/wp-json\/wp\/v2\/tags?post=679"}],"curies":[{"name":"wp","href":"https:\/\/api.w.org\/{rel}","templated":true}]}}