{"id":6811,"date":"2024-02-23T14:23:52","date_gmt":"2024-02-23T17:23:52","guid":{"rendered":"https:\/\/autofans.com.ar\/?p=6811"},"modified":"2024-02-23T14:26:07","modified_gmt":"2024-02-23T17:26:07","slug":"corven-autopartes-renueva-su-compromiso-con-el-tc-junto-a-manu-urcera","status":"publish","type":"post","link":"https:\/\/autofans.com.ar\/index.php\/2024\/02\/23\/corven-autopartes-renueva-su-compromiso-con-el-tc-junto-a-manu-urcera\/","title":{"rendered":"Corven Autopartes renueva su compromiso con el TC junto a Manu Urcera"},"content":{"rendered":"<p>Corven Autopartes, referente del mercado de reposici\u00f3n, refuerza su apoyo al Turismo Carretera (TC), la destacada competici\u00f3n automovil\u00edstica argentina. En el arranque de la temporada 2024, programado del 23 al 25 de febrero en El Calafate, el aut\u00f3dromo Enrique \u201cQuique\u201d Freile ser\u00e1 testigo de la presencia constante de Corven, respaldando al experimentado piloto Manu Urcera.<\/p>\n<p>&nbsp;<\/p>\n<h2>Apoyo a Manu Urcera en el TC 2024<\/h2>\n<p>La presentaci\u00f3n del nuevo Ford de Urcera, integrante del equipo \u201cMoriatis Competici\u00f3n\u201d, tuvo lugar en el restaurante Amel\u00ed de San Isidro. El evento congreg\u00f3 a familiares, amigos, auspiciantes y medios de comunicaci\u00f3n, creando una atm\u00f3sfera cargada de expectativas. Manu Urcera, Campe\u00f3n del a\u00f1o 2022, inicia as\u00ed una nueva etapa en su carrera deportiva, respaldado por Corven Autopartes.<\/p>\n<p>&nbsp;<\/p>\n<figure id=\"attachment_6815\" aria-describedby=\"caption-attachment-6815\" style=\"width: 1000px\" class=\"wp-caption aligncenter\"><img fetchpriority=\"high\" decoding=\"async\" class=\"wp-image-6815 size-full\" src=\"https:\/\/autofans.com.ar\/wp-content\/uploads\/2024\/02\/corven-2.jpg\" alt=\"Corven Autopartes\" width=\"1000\" height=\"667\" srcset=\"https:\/\/autofans.com.ar\/wp-content\/uploads\/2024\/02\/corven-2.jpg 1000w, https:\/\/autofans.com.ar\/wp-content\/uploads\/2024\/02\/corven-2-300x200.jpg 300w, https:\/\/autofans.com.ar\/wp-content\/uploads\/2024\/02\/corven-2-768x512.jpg 768w\" sizes=\"(max-width: 1000px) 100vw, 1000px\" \/><figcaption id=\"caption-attachment-6815\" class=\"wp-caption-text\">Leandro Iraola y Manu Urcera<\/figcaption><\/figure>\n<p>&nbsp;<\/p>\n<p>Como main sponsor de Urcera, Corven Autopartes reitera su conexi\u00f3n con el TC, categor\u00eda que ha sido parte de su presencia constante durante m\u00e1s de 35 a\u00f1os. Esta asociaci\u00f3n refuerza la identidad de la marca en el emocionante mundo del automovilismo argentino. El Turismo Carretera, con su recorrido nacional y gran base de seguidores, brinda a Corven la plataforma ideal para demostrar la calidad y confiabilidad de sus productos.<\/p>\n<p>&nbsp;<\/p>\n<h2>Corven Autopartes &#8211; 50 a\u00f1os de liderazgo<\/h2>\n<p>A lo largo de su trayectoria en el automovilismo, Corven Autopartes ha respaldado a 8 campeones, consolid\u00e1ndose como un referente en el \u00e1mbito automovil\u00edstico argentino. Con el inicio de una nueva temporada, la empresa reafirma su compromiso con el TC y el equipo Moriatis Competici\u00f3n, deseando \u00e9xito a Manu Urcera en su b\u00fasqueda de nuevas conquistas en las pistas argentinas.<\/p>\n<p>&nbsp;<\/p>\n<p><img decoding=\"async\" class=\"aligncenter wp-image-6816 size-full\" src=\"https:\/\/autofans.com.ar\/wp-content\/uploads\/2024\/02\/corven-1.jpg\" alt=\"Corven Autopartes\" width=\"1000\" height=\"667\" srcset=\"https:\/\/autofans.com.ar\/wp-content\/uploads\/2024\/02\/corven-1.jpg 1000w, https:\/\/autofans.com.ar\/wp-content\/uploads\/2024\/02\/corven-1-300x200.jpg 300w, https:\/\/autofans.com.ar\/wp-content\/uploads\/2024\/02\/corven-1-768x512.jpg 768w\" sizes=\"(max-width: 1000px) 100vw, 1000px\" \/><\/p>\n<p>&nbsp;<\/p>\n<p>Con m\u00e1s de 50 a\u00f1os en el mercado, Corven Autopartes, nacida en 1969, es un grupo de capitales nacionales con proyecci\u00f3n internacional. Inicialmente conocida por su legendario producto, \u201cEl amortiguador\u201d, la compa\u00f1\u00eda se ha expandido incorporando diversas l\u00edneas de productos y marcas. Desde 2008, se ha destacado tambi\u00e9n en la producci\u00f3n de motocicletas, logrando liderar las ventas en Argentina en menos de una d\u00e9cada. Su compromiso con la calidad y la innovaci\u00f3n la posicionan como un l\u00edder indiscutido en el sector de autopartes y veh\u00edculos.<\/p>\n<p>&nbsp;<\/p>\n<p>&nbsp;<\/p>\n<p><i>Para enterarte de m\u00e1s novedades, no dejes de leer\u00a0<\/i><a href=\"https:\/\/autofans.thebrandsoup.com\/\"><i>nuestras notas<\/i><\/a><i>, de ver<\/i><b><i>\u00a0<\/i><\/b><a href=\"https:\/\/www.youtube.com\/channel\/UCgAC8UGHZYbT6P7PpmVnP7g\"><b><i>AUTOFANS TV<\/i><\/b><\/a><b><i>\u00a0<\/i><\/b><i>en nuestro\u00a0canal de Youtube. Adem\u00e1s seguinos en\u00a0<\/i><a href=\"https:\/\/www.instagram.com\/autofanstv\/\"><i>INSTAGRAM<\/i><\/a><i> y <\/i><a href=\"https:\/\/www.facebook.com\/autofansmas\/\"><i>FACEBOOK<\/i><\/a><i> para no perderte nada sobre las novedades del segmento automotor de Argentina y el mundo.<\/i><\/p>\n","protected":false},"excerpt":{"rendered":"<p>Corven Autopartes, referente del mercado de reposici\u00f3n, refuerza su apoyo al Turismo Carretera (TC), la&#8230;<\/p>\n","protected":false},"author":2,"featured_media":6813,"comment_status":"closed","ping_status":"closed","sticky":false,"template":"","format":"standard","meta":{"footnotes":""},"categories":[127,16],"tags":[1334,3623,3622,3618,764,3624,3619,3620,3621,767],"class_list":["post-6811","post","type-post","status-publish","format-standard","has-post-thumbnail","hentry","category-deporte","category-noticias","tag-automovilismo-argentino","tag-campeones-del-tc","tag-compromiso-historico","tag-corven-autopartes","tag-el-calafate","tag-equipo-moriatis-competicion","tag-manu-urcera","tag-tc-2024","tag-temporada-de-carreras","tag-turismo-carretera"],"yoast_head":"<!-- This site is optimized with the Yoast SEO plugin v27.4 - https:\/\/yoast.com\/product\/yoast-seo-wordpress\/ -->\n<title>Corven Autopartes renueva su compromiso con el TC junto a Manu Urcera -<\/title>\n<meta name=\"description\" content=\"Corven Autopartes, referente del mercado de reposici\u00f3n, refuerza su apoyo al Turismo Carretera (TC), la destacada competici\u00f3n automovil\u00edstica\" \/>\n<meta name=\"robots\" content=\"index, follow, max-snippet:-1, max-image-preview:large, max-video-preview:-1\" \/>\n<link rel=\"canonical\" href=\"https:\/\/autofans.com.ar\/index.php\/2024\/02\/23\/corven-autopartes-renueva-su-compromiso-con-el-tc-junto-a-manu-urcera\/\" \/>\n<meta property=\"og:locale\" content=\"es_ES\" \/>\n<meta property=\"og:type\" content=\"article\" \/>\n<meta property=\"og:title\" content=\"Corven Autopartes renueva su compromiso con el TC junto a Manu Urcera -\" \/>\n<meta property=\"og:description\" content=\"Corven Autopartes, referente del mercado de reposici\u00f3n, refuerza su apoyo al Turismo Carretera (TC), la destacada competici\u00f3n automovil\u00edstica\" \/>\n<meta property=\"og:url\" content=\"https:\/\/autofans.com.ar\/index.php\/2024\/02\/23\/corven-autopartes-renueva-su-compromiso-con-el-tc-junto-a-manu-urcera\/\" \/>\n<meta property=\"article:published_time\" content=\"2024-02-23T17:23:52+00:00\" \/>\n<meta property=\"article:modified_time\" content=\"2024-02-23T17:26:07+00:00\" \/>\n<meta property=\"og:image\" content=\"https:\/\/autofans.com.ar\/wp-content\/uploads\/2024\/02\/corven-3.jpg\" \/>\n\t<meta property=\"og:image:width\" content=\"640\" \/>\n\t<meta property=\"og:image:height\" content=\"427\" \/>\n\t<meta property=\"og:image:type\" content=\"image\/jpeg\" \/>\n<meta name=\"author\" content=\"Alejandro Gabriel Rosito\" \/>\n<meta name=\"twitter:card\" content=\"summary_large_image\" \/>\n<meta name=\"twitter:label1\" content=\"Escrito por\" \/>\n\t<meta name=\"twitter:data1\" content=\"Alejandro Gabriel Rosito\" \/>\n\t<meta name=\"twitter:label2\" content=\"Tiempo de lectura\" \/>\n\t<meta name=\"twitter:data2\" content=\"3 minutos\" \/>\n<script type=\"application\/ld+json\" class=\"yoast-schema-graph\">{\"@context\":\"https:\\\/\\\/schema.org\",\"@graph\":[{\"@type\":\"Article\",\"@id\":\"https:\\\/\\\/autofans.com.ar\\\/index.php\\\/2024\\\/02\\\/23\\\/corven-autopartes-renueva-su-compromiso-con-el-tc-junto-a-manu-urcera\\\/#article\",\"isPartOf\":{\"@id\":\"https:\\\/\\\/autofans.com.ar\\\/index.php\\\/2024\\\/02\\\/23\\\/corven-autopartes-renueva-su-compromiso-con-el-tc-junto-a-manu-urcera\\\/\"},\"author\":{\"name\":\"Alejandro Gabriel Rosito\",\"@id\":\"https:\\\/\\\/autofans.com.ar\\\/#\\\/schema\\\/person\\\/4a8dda0b6df83ac3d6723e921274c2aa\"},\"headline\":\"Corven Autopartes renueva su compromiso con el TC junto a Manu Urcera\",\"datePublished\":\"2024-02-23T17:23:52+00:00\",\"dateModified\":\"2024-02-23T17:26:07+00:00\",\"mainEntityOfPage\":{\"@id\":\"https:\\\/\\\/autofans.com.ar\\\/index.php\\\/2024\\\/02\\\/23\\\/corven-autopartes-renueva-su-compromiso-con-el-tc-junto-a-manu-urcera\\\/\"},\"wordCount\":436,\"image\":{\"@id\":\"https:\\\/\\\/autofans.com.ar\\\/index.php\\\/2024\\\/02\\\/23\\\/corven-autopartes-renueva-su-compromiso-con-el-tc-junto-a-manu-urcera\\\/#primaryimage\"},\"thumbnailUrl\":\"https:\\\/\\\/autofans.com.ar\\\/wp-content\\\/uploads\\\/2024\\\/02\\\/corven-3.jpg\",\"keywords\":[\"Automovilismo argentino\",\"Campeones del TC\",\"Compromiso Hist\u00f3rico\",\"Corven Autopartes\",\"El Calafate\",\"Equipo Moriatis Competici\u00f3n\",\"Manu Urcera\",\"TC 2024\",\"Temporada de Carreras\",\"turismo Carretera\"],\"articleSection\":[\"DEPORTE MOTOR\",\"NOTICIAS\"],\"inLanguage\":\"es\"},{\"@type\":\"WebPage\",\"@id\":\"https:\\\/\\\/autofans.com.ar\\\/index.php\\\/2024\\\/02\\\/23\\\/corven-autopartes-renueva-su-compromiso-con-el-tc-junto-a-manu-urcera\\\/\",\"url\":\"https:\\\/\\\/autofans.com.ar\\\/index.php\\\/2024\\\/02\\\/23\\\/corven-autopartes-renueva-su-compromiso-con-el-tc-junto-a-manu-urcera\\\/\",\"name\":\"Corven Autopartes renueva su compromiso con el TC junto a Manu Urcera -\",\"isPartOf\":{\"@id\":\"https:\\\/\\\/autofans.com.ar\\\/#website\"},\"primaryImageOfPage\":{\"@id\":\"https:\\\/\\\/autofans.com.ar\\\/index.php\\\/2024\\\/02\\\/23\\\/corven-autopartes-renueva-su-compromiso-con-el-tc-junto-a-manu-urcera\\\/#primaryimage\"},\"image\":{\"@id\":\"https:\\\/\\\/autofans.com.ar\\\/index.php\\\/2024\\\/02\\\/23\\\/corven-autopartes-renueva-su-compromiso-con-el-tc-junto-a-manu-urcera\\\/#primaryimage\"},\"thumbnailUrl\":\"https:\\\/\\\/autofans.com.ar\\\/wp-content\\\/uploads\\\/2024\\\/02\\\/corven-3.jpg\",\"datePublished\":\"2024-02-23T17:23:52+00:00\",\"dateModified\":\"2024-02-23T17:26:07+00:00\",\"author\":{\"@id\":\"https:\\\/\\\/autofans.com.ar\\\/#\\\/schema\\\/person\\\/4a8dda0b6df83ac3d6723e921274c2aa\"},\"description\":\"Corven Autopartes, referente del mercado de reposici\u00f3n, refuerza su apoyo al Turismo Carretera (TC), la destacada competici\u00f3n automovil\u00edstica\",\"breadcrumb\":{\"@id\":\"https:\\\/\\\/autofans.com.ar\\\/index.php\\\/2024\\\/02\\\/23\\\/corven-autopartes-renueva-su-compromiso-con-el-tc-junto-a-manu-urcera\\\/#breadcrumb\"},\"inLanguage\":\"es\",\"potentialAction\":[{\"@type\":\"ReadAction\",\"target\":[\"https:\\\/\\\/autofans.com.ar\\\/index.php\\\/2024\\\/02\\\/23\\\/corven-autopartes-renueva-su-compromiso-con-el-tc-junto-a-manu-urcera\\\/\"]}]},{\"@type\":\"ImageObject\",\"inLanguage\":\"es\",\"@id\":\"https:\\\/\\\/autofans.com.ar\\\/index.php\\\/2024\\\/02\\\/23\\\/corven-autopartes-renueva-su-compromiso-con-el-tc-junto-a-manu-urcera\\\/#primaryimage\",\"url\":\"https:\\\/\\\/autofans.com.ar\\\/wp-content\\\/uploads\\\/2024\\\/02\\\/corven-3.jpg\",\"contentUrl\":\"https:\\\/\\\/autofans.com.ar\\\/wp-content\\\/uploads\\\/2024\\\/02\\\/corven-3.jpg\",\"width\":1000,\"height\":667,\"caption\":\"Corven Autopartes\"},{\"@type\":\"BreadcrumbList\",\"@id\":\"https:\\\/\\\/autofans.com.ar\\\/index.php\\\/2024\\\/02\\\/23\\\/corven-autopartes-renueva-su-compromiso-con-el-tc-junto-a-manu-urcera\\\/#breadcrumb\",\"itemListElement\":[{\"@type\":\"ListItem\",\"position\":1,\"name\":\"Inicio\",\"item\":\"https:\\\/\\\/autofans.com.ar\\\/\"},{\"@type\":\"ListItem\",\"position\":2,\"name\":\"Corven Autopartes renueva su compromiso con el TC junto a Manu Urcera\"}]},{\"@type\":\"WebSite\",\"@id\":\"https:\\\/\\\/autofans.com.ar\\\/#website\",\"url\":\"https:\\\/\\\/autofans.com.ar\\\/\",\"name\":\"\",\"description\":\"El multimedio referente de la industria automotriz\",\"potentialAction\":[{\"@type\":\"SearchAction\",\"target\":{\"@type\":\"EntryPoint\",\"urlTemplate\":\"https:\\\/\\\/autofans.com.ar\\\/?s={search_term_string}\"},\"query-input\":{\"@type\":\"PropertyValueSpecification\",\"valueRequired\":true,\"valueName\":\"search_term_string\"}}],\"inLanguage\":\"es\"},{\"@type\":\"Person\",\"@id\":\"https:\\\/\\\/autofans.com.ar\\\/#\\\/schema\\\/person\\\/4a8dda0b6df83ac3d6723e921274c2aa\",\"name\":\"Alejandro Gabriel Rosito\",\"image\":{\"@type\":\"ImageObject\",\"inLanguage\":\"es\",\"@id\":\"https:\\\/\\\/secure.gravatar.com\\\/avatar\\\/16c5dda1489adfc62618084dcbb91cffd879c374b13fe5dd8e44ed6733852c88?s=96&d=mm&r=g\",\"url\":\"https:\\\/\\\/secure.gravatar.com\\\/avatar\\\/16c5dda1489adfc62618084dcbb91cffd879c374b13fe5dd8e44ed6733852c88?s=96&d=mm&r=g\",\"contentUrl\":\"https:\\\/\\\/secure.gravatar.com\\\/avatar\\\/16c5dda1489adfc62618084dcbb91cffd879c374b13fe5dd8e44ed6733852c88?s=96&d=mm&r=g\",\"caption\":\"Alejandro Gabriel Rosito\"},\"url\":\"https:\\\/\\\/autofans.com.ar\\\/index.php\\\/author\\\/gabrielr\\\/\"}]}<\/script>\n<!-- \/ Yoast SEO plugin. -->","yoast_head_json":{"title":"Corven Autopartes renueva su compromiso con el TC junto a Manu Urcera -","description":"Corven Autopartes, referente del mercado de reposici\u00f3n, refuerza su apoyo al Turismo Carretera (TC), la destacada competici\u00f3n automovil\u00edstica","robots":{"index":"index","follow":"follow","max-snippet":"max-snippet:-1","max-image-preview":"max-image-preview:large","max-video-preview":"max-video-preview:-1"},"canonical":"https:\/\/autofans.com.ar\/index.php\/2024\/02\/23\/corven-autopartes-renueva-su-compromiso-con-el-tc-junto-a-manu-urcera\/","og_locale":"es_ES","og_type":"article","og_title":"Corven Autopartes renueva su compromiso con el TC junto a Manu Urcera -","og_description":"Corven Autopartes, referente del mercado de reposici\u00f3n, refuerza su apoyo al Turismo Carretera (TC), la destacada competici\u00f3n automovil\u00edstica","og_url":"https:\/\/autofans.com.ar\/index.php\/2024\/02\/23\/corven-autopartes-renueva-su-compromiso-con-el-tc-junto-a-manu-urcera\/","article_published_time":"2024-02-23T17:23:52+00:00","article_modified_time":"2024-02-23T17:26:07+00:00","og_image":[{"url":"https:\/\/autofans.com.ar\/wp-content\/uploads\/2024\/02\/corven-3.jpg","width":640,"height":427,"type":"image\/jpeg"}],"author":"Alejandro Gabriel Rosito","twitter_card":"summary_large_image","twitter_misc":{"Escrito por":"Alejandro Gabriel Rosito","Tiempo de lectura":"3 minutos"},"schema":{"@context":"https:\/\/schema.org","@graph":[{"@type":"Article","@id":"https:\/\/autofans.com.ar\/index.php\/2024\/02\/23\/corven-autopartes-renueva-su-compromiso-con-el-tc-junto-a-manu-urcera\/#article","isPartOf":{"@id":"https:\/\/autofans.com.ar\/index.php\/2024\/02\/23\/corven-autopartes-renueva-su-compromiso-con-el-tc-junto-a-manu-urcera\/"},"author":{"name":"Alejandro Gabriel Rosito","@id":"https:\/\/autofans.com.ar\/#\/schema\/person\/4a8dda0b6df83ac3d6723e921274c2aa"},"headline":"Corven Autopartes renueva su compromiso con el TC junto a Manu Urcera","datePublished":"2024-02-23T17:23:52+00:00","dateModified":"2024-02-23T17:26:07+00:00","mainEntityOfPage":{"@id":"https:\/\/autofans.com.ar\/index.php\/2024\/02\/23\/corven-autopartes-renueva-su-compromiso-con-el-tc-junto-a-manu-urcera\/"},"wordCount":436,"image":{"@id":"https:\/\/autofans.com.ar\/index.php\/2024\/02\/23\/corven-autopartes-renueva-su-compromiso-con-el-tc-junto-a-manu-urcera\/#primaryimage"},"thumbnailUrl":"https:\/\/autofans.com.ar\/wp-content\/uploads\/2024\/02\/corven-3.jpg","keywords":["Automovilismo argentino","Campeones del TC","Compromiso Hist\u00f3rico","Corven Autopartes","El Calafate","Equipo Moriatis Competici\u00f3n","Manu Urcera","TC 2024","Temporada de Carreras","turismo Carretera"],"articleSection":["DEPORTE MOTOR","NOTICIAS"],"inLanguage":"es"},{"@type":"WebPage","@id":"https:\/\/autofans.com.ar\/index.php\/2024\/02\/23\/corven-autopartes-renueva-su-compromiso-con-el-tc-junto-a-manu-urcera\/","url":"https:\/\/autofans.com.ar\/index.php\/2024\/02\/23\/corven-autopartes-renueva-su-compromiso-con-el-tc-junto-a-manu-urcera\/","name":"Corven Autopartes renueva su compromiso con el TC junto a Manu Urcera -","isPartOf":{"@id":"https:\/\/autofans.com.ar\/#website"},"primaryImageOfPage":{"@id":"https:\/\/autofans.com.ar\/index.php\/2024\/02\/23\/corven-autopartes-renueva-su-compromiso-con-el-tc-junto-a-manu-urcera\/#primaryimage"},"image":{"@id":"https:\/\/autofans.com.ar\/index.php\/2024\/02\/23\/corven-autopartes-renueva-su-compromiso-con-el-tc-junto-a-manu-urcera\/#primaryimage"},"thumbnailUrl":"https:\/\/autofans.com.ar\/wp-content\/uploads\/2024\/02\/corven-3.jpg","datePublished":"2024-02-23T17:23:52+00:00","dateModified":"2024-02-23T17:26:07+00:00","author":{"@id":"https:\/\/autofans.com.ar\/#\/schema\/person\/4a8dda0b6df83ac3d6723e921274c2aa"},"description":"Corven Autopartes, referente del mercado de reposici\u00f3n, refuerza su apoyo al Turismo Carretera (TC), la destacada competici\u00f3n automovil\u00edstica","breadcrumb":{"@id":"https:\/\/autofans.com.ar\/index.php\/2024\/02\/23\/corven-autopartes-renueva-su-compromiso-con-el-tc-junto-a-manu-urcera\/#breadcrumb"},"inLanguage":"es","potentialAction":[{"@type":"ReadAction","target":["https:\/\/autofans.com.ar\/index.php\/2024\/02\/23\/corven-autopartes-renueva-su-compromiso-con-el-tc-junto-a-manu-urcera\/"]}]},{"@type":"ImageObject","inLanguage":"es","@id":"https:\/\/autofans.com.ar\/index.php\/2024\/02\/23\/corven-autopartes-renueva-su-compromiso-con-el-tc-junto-a-manu-urcera\/#primaryimage","url":"https:\/\/autofans.com.ar\/wp-content\/uploads\/2024\/02\/corven-3.jpg","contentUrl":"https:\/\/autofans.com.ar\/wp-content\/uploads\/2024\/02\/corven-3.jpg","width":1000,"height":667,"caption":"Corven Autopartes"},{"@type":"BreadcrumbList","@id":"https:\/\/autofans.com.ar\/index.php\/2024\/02\/23\/corven-autopartes-renueva-su-compromiso-con-el-tc-junto-a-manu-urcera\/#breadcrumb","itemListElement":[{"@type":"ListItem","position":1,"name":"Inicio","item":"https:\/\/autofans.com.ar\/"},{"@type":"ListItem","position":2,"name":"Corven Autopartes renueva su compromiso con el TC junto a Manu Urcera"}]},{"@type":"WebSite","@id":"https:\/\/autofans.com.ar\/#website","url":"https:\/\/autofans.com.ar\/","name":"","description":"El multimedio referente de la industria automotriz","potentialAction":[{"@type":"SearchAction","target":{"@type":"EntryPoint","urlTemplate":"https:\/\/autofans.com.ar\/?s={search_term_string}"},"query-input":{"@type":"PropertyValueSpecification","valueRequired":true,"valueName":"search_term_string"}}],"inLanguage":"es"},{"@type":"Person","@id":"https:\/\/autofans.com.ar\/#\/schema\/person\/4a8dda0b6df83ac3d6723e921274c2aa","name":"Alejandro Gabriel Rosito","image":{"@type":"ImageObject","inLanguage":"es","@id":"https:\/\/secure.gravatar.com\/avatar\/16c5dda1489adfc62618084dcbb91cffd879c374b13fe5dd8e44ed6733852c88?s=96&d=mm&r=g","url":"https:\/\/secure.gravatar.com\/avatar\/16c5dda1489adfc62618084dcbb91cffd879c374b13fe5dd8e44ed6733852c88?s=96&d=mm&r=g","contentUrl":"https:\/\/secure.gravatar.com\/avatar\/16c5dda1489adfc62618084dcbb91cffd879c374b13fe5dd8e44ed6733852c88?s=96&d=mm&r=g","caption":"Alejandro Gabriel Rosito"},"url":"https:\/\/autofans.com.ar\/index.php\/author\/gabrielr\/"}]}},"featured_image_urls":{"full":["https:\/\/autofans.com.ar\/wp-content\/uploads\/2024\/02\/corven-3.jpg",1000,667,false],"thumbnail":["https:\/\/autofans.com.ar\/wp-content\/uploads\/2024\/02\/corven-3-150x150.jpg",150,150,true],"medium":["https:\/\/autofans.com.ar\/wp-content\/uploads\/2024\/02\/corven-3-300x200.jpg",300,200,true],"medium_large":["https:\/\/autofans.com.ar\/wp-content\/uploads\/2024\/02\/corven-3-768x512.jpg",640,427,true],"large":["https:\/\/autofans.com.ar\/wp-content\/uploads\/2024\/02\/corven-3.jpg",640,427,false],"1536x1536":["https:\/\/autofans.com.ar\/wp-content\/uploads\/2024\/02\/corven-3.jpg",1000,667,false],"2048x2048":["https:\/\/autofans.com.ar\/wp-content\/uploads\/2024\/02\/corven-3.jpg",1000,667,false],"covernews-featured":["https:\/\/autofans.com.ar\/wp-content\/uploads\/2024\/02\/corven-3.jpg",1000,667,false],"covernews-medium":["https:\/\/autofans.com.ar\/wp-content\/uploads\/2024\/02\/corven-3-540x340.jpg",540,340,true]},"author_info":{"display_name":"Alejandro Gabriel Rosito","author_link":"https:\/\/autofans.com.ar\/index.php\/author\/gabrielr\/"},"category_info":"<a href=\"https:\/\/autofans.com.ar\/index.php\/category\/noticias\/deporte\/\" rel=\"category tag\">DEPORTE MOTOR<\/a> <a href=\"https:\/\/autofans.com.ar\/index.php\/category\/noticias\/\" rel=\"category tag\">NOTICIAS<\/a>","tag_info":"NOTICIAS","comment_count":0,"_links":{"self":[{"href":"https:\/\/autofans.com.ar\/index.php\/wp-json\/wp\/v2\/posts\/6811","targetHints":{"allow":["GET"]}}],"collection":[{"href":"https:\/\/autofans.com.ar\/index.php\/wp-json\/wp\/v2\/posts"}],"about":[{"href":"https:\/\/autofans.com.ar\/index.php\/wp-json\/wp\/v2\/types\/post"}],"author":[{"embeddable":true,"href":"https:\/\/autofans.com.ar\/index.php\/wp-json\/wp\/v2\/users\/2"}],"replies":[{"embeddable":true,"href":"https:\/\/autofans.com.ar\/index.php\/wp-json\/wp\/v2\/comments?post=6811"}],"version-history":[{"count":2,"href":"https:\/\/autofans.com.ar\/index.php\/wp-json\/wp\/v2\/posts\/6811\/revisions"}],"predecessor-version":[{"id":6817,"href":"https:\/\/autofans.com.ar\/index.php\/wp-json\/wp\/v2\/posts\/6811\/revisions\/6817"}],"wp:featuredmedia":[{"embeddable":true,"href":"https:\/\/autofans.com.ar\/index.php\/wp-json\/wp\/v2\/media\/6813"}],"wp:attachment":[{"href":"https:\/\/autofans.com.ar\/index.php\/wp-json\/wp\/v2\/media?parent=6811"}],"wp:term":[{"taxonomy":"category","embeddable":true,"href":"https:\/\/autofans.com.ar\/index.php\/wp-json\/wp\/v2\/categories?post=6811"},{"taxonomy":"post_tag","embeddable":true,"href":"https:\/\/autofans.com.ar\/index.php\/wp-json\/wp\/v2\/tags?post=6811"}],"curies":[{"name":"wp","href":"https:\/\/api.w.org\/{rel}","templated":true}]}}