{"id":6818,"date":"2024-02-23T18:03:16","date_gmt":"2024-02-23T21:03:16","guid":{"rendered":"https:\/\/autofans.com.ar\/?p=6818"},"modified":"2024-02-23T18:03:16","modified_gmt":"2024-02-23T21:03:16","slug":"stellantis-anuncia-cambios-en-su-direccion-comercial-en-argentina","status":"publish","type":"post","link":"https:\/\/autofans.com.ar\/index.php\/2024\/02\/23\/stellantis-anuncia-cambios-en-su-direccion-comercial-en-argentina\/","title":{"rendered":"Stellantis anuncia cambios en su direcci\u00f3n comercial en Argentina"},"content":{"rendered":"<p>En una movida estrat\u00e9gica, Stellantis informa cambios significativos en su Direcci\u00f3n Comercial en Argentina. Desde hoy, Mart\u00edn Zuppi, quien ya se desempe\u00f1aba como Director de Operaciones Comerciales para Fiat, Jeep y RAM, suma a su responsabilidad el liderazgo en las operaciones de Citro\u00ebn, Peugeot y DS en el pa\u00eds.<\/p>\n<p>&nbsp;<\/p>\n<h2>Stellantis &#8211; trayectoria destacada en el mundo comercial desde 1996<\/h2>\n<p>&nbsp;<\/p>\n<p><img fetchpriority=\"high\" decoding=\"async\" class=\"aligncenter wp-image-6821 size-full\" src=\"https:\/\/autofans.com.ar\/wp-content\/uploads\/2024\/02\/foto-2-10.jpg\" alt=\"Stellantis\" width=\"1400\" height=\"933\" srcset=\"https:\/\/autofans.com.ar\/wp-content\/uploads\/2024\/02\/foto-2-10.jpg 1400w, https:\/\/autofans.com.ar\/wp-content\/uploads\/2024\/02\/foto-2-10-300x200.jpg 300w, https:\/\/autofans.com.ar\/wp-content\/uploads\/2024\/02\/foto-2-10-1024x682.jpg 1024w, https:\/\/autofans.com.ar\/wp-content\/uploads\/2024\/02\/foto-2-10-768x512.jpg 768w\" sizes=\"(max-width: 1400px) 100vw, 1400px\" \/><\/p>\n<p>&nbsp;<\/p>\n<p>Con una trayectoria que se remonta a 1996 en Fiat Argentina, Zuppi ha ocupado diversas posiciones de alta responsabilidad en el \u00e1rea Comercial. Su experiencia incluye un per\u00edodo en Italia, donde contribuy\u00f3 a la Planificaci\u00f3n Comercial para los principales mercados europeos en 2002. En 2018, asumi\u00f3 el rol de Head of Country en Argentina, consolidando su conocimiento profundo del mercado local. Posee una licenciatura en Comercio Internacional y una maestr\u00eda del IAE Business School.<\/p>\n<p>&nbsp;<\/p>\n<blockquote><p>\u201cQuiero aprovechar esta oportunidad para agradecer la colaboraci\u00f3n de Gabriel Cordo Miranda en las marcas Peugeot, Citro\u00ebn y DS, y desearle \u00e9xitos en sus futuros proyectos\u201d afirm\u00f3 Emanuele Cappellano, Presidente de Stellantis Am\u00e9rica del Sur. \u201cTambi\u00e9n tengo la certeza de que Mart\u00edn Zuppi continuar\u00e1 con su contribuci\u00f3n para el crecimiento y desarrollo continuo de las marcas que est\u00e1 asumiendo como lo ha realizado con Fiat, Jeep y RAM.\u201d Concluy\u00f3.<\/p><\/blockquote>\n<p>&nbsp;<\/p>\n<h2>Fortaleciendo posici\u00f3n en el mercado Argentino<\/h2>\n<p>Este cambio viene acompa\u00f1ado de la despedida de Gabriel Cordo Miranda, quien dej\u00f3 su posici\u00f3n como Director de Operaciones Comerciales de Peugeot, Citro\u00ebn y DS en Argentina para embarcarse en nuevos proyectos personales.<\/p>\n<p>&nbsp;<\/p>\n<p><img decoding=\"async\" class=\"aligncenter wp-image-6820 size-full\" src=\"https:\/\/autofans.com.ar\/wp-content\/uploads\/2024\/02\/foto-3-7.jpg\" alt=\"Stellantis\" width=\"1400\" height=\"933\" srcset=\"https:\/\/autofans.com.ar\/wp-content\/uploads\/2024\/02\/foto-3-7.jpg 1400w, https:\/\/autofans.com.ar\/wp-content\/uploads\/2024\/02\/foto-3-7-300x200.jpg 300w, https:\/\/autofans.com.ar\/wp-content\/uploads\/2024\/02\/foto-3-7-1024x682.jpg 1024w, https:\/\/autofans.com.ar\/wp-content\/uploads\/2024\/02\/foto-3-7-768x512.jpg 768w\" sizes=\"(max-width: 1400px) 100vw, 1400px\" \/><\/p>\n<p>&nbsp;<\/p>\n<p>Estas movidas estrat\u00e9gicas buscan fortalecer la posici\u00f3n de Stellantis en el mercado argentino, aprovechando la experiencia y liderazgo de Mart\u00edn Zuppi, quien ahora supervisar\u00e1 un portafolio ampliado de marcas.<\/p>\n<p>&nbsp;<\/p>\n<p>&nbsp;<\/p>\n<p><i>Para enterarte de m\u00e1s novedades, no dejes de leer\u00a0<\/i><a href=\"https:\/\/autofans.thebrandsoup.com\/\"><i>nuestras notas<\/i><\/a><i>, de ver<\/i><b><i>\u00a0<\/i><\/b><a href=\"https:\/\/www.youtube.com\/channel\/UCgAC8UGHZYbT6P7PpmVnP7g\"><b><i>AUTOFANS TV<\/i><\/b><\/a><b><i>\u00a0<\/i><\/b><i>en nuestro\u00a0canal de Youtube. Adem\u00e1s seguinos en\u00a0<\/i><a href=\"https:\/\/www.instagram.com\/autofanstv\/\"><i>INSTAGRAM<\/i><\/a><i> y <\/i><a href=\"https:\/\/www.facebook.com\/autofansmas\/\"><i>FACEBOOK<\/i><\/a><i> para no perderte nada sobre las novedades del segmento automotor de Argentina y el mundo.<\/i><\/p>\n","protected":false},"excerpt":{"rendered":"<p>En una movida estrat\u00e9gica, Stellantis informa cambios significativos en su Direcci\u00f3n Comercial en Argentina. Desde&#8230;<\/p>\n","protected":false},"author":2,"featured_media":6822,"comment_status":"closed","ping_status":"closed","sticky":false,"template":"","format":"standard","meta":{"footnotes":""},"categories":[292,16],"tags":[3625],"class_list":["post-6818","post","type-post","status-publish","format-standard","has-post-thumbnail","hentry","category-empresas","category-noticias","tag-impulso-estrategico-martin-zuppi-liderara-operaciones-comerciales-de-stellantis-en-argentina"],"yoast_head":"<!-- This site is optimized with the Yoast SEO plugin v27.5 - https:\/\/yoast.com\/product\/yoast-seo-wordpress\/ -->\n<title>Stellantis anuncia cambios en su direcci\u00f3n comercial en Argentina -<\/title>\n<meta name=\"description\" content=\"En una movida estrat\u00e9gica, Stellantis informa cambios significativos en su Direcci\u00f3n Comercial en Argentina. Desde hoy, Mart\u00edn Zuppi...\" \/>\n<meta name=\"robots\" content=\"index, follow, max-snippet:-1, max-image-preview:large, max-video-preview:-1\" \/>\n<link rel=\"canonical\" href=\"https:\/\/autofans.com.ar\/index.php\/2024\/02\/23\/stellantis-anuncia-cambios-en-su-direccion-comercial-en-argentina\/\" \/>\n<meta property=\"og:locale\" content=\"es_ES\" \/>\n<meta property=\"og:type\" content=\"article\" \/>\n<meta property=\"og:title\" content=\"Stellantis anuncia cambios en su direcci\u00f3n comercial en Argentina -\" \/>\n<meta property=\"og:description\" content=\"En una movida estrat\u00e9gica, Stellantis informa cambios significativos en su Direcci\u00f3n Comercial en Argentina. Desde hoy, Mart\u00edn Zuppi...\" \/>\n<meta property=\"og:url\" content=\"https:\/\/autofans.com.ar\/index.php\/2024\/02\/23\/stellantis-anuncia-cambios-en-su-direccion-comercial-en-argentina\/\" \/>\n<meta property=\"article:published_time\" content=\"2024-02-23T21:03:16+00:00\" \/>\n<meta property=\"og:image\" content=\"https:\/\/autofans.com.ar\/wp-content\/uploads\/2024\/02\/foto-1-10-1024x682.jpg\" \/>\n\t<meta property=\"og:image:width\" content=\"1024\" \/>\n\t<meta property=\"og:image:height\" content=\"682\" \/>\n\t<meta property=\"og:image:type\" content=\"image\/jpeg\" \/>\n<meta name=\"author\" content=\"Alejandro Gabriel Rosito\" \/>\n<meta name=\"twitter:card\" content=\"summary_large_image\" \/>\n<meta name=\"twitter:label1\" content=\"Escrito por\" \/>\n\t<meta name=\"twitter:data1\" content=\"Alejandro Gabriel Rosito\" \/>\n\t<meta name=\"twitter:label2\" content=\"Tiempo de lectura\" \/>\n\t<meta name=\"twitter:data2\" content=\"2 minutos\" \/>\n<script type=\"application\/ld+json\" class=\"yoast-schema-graph\">{\"@context\":\"https:\\\/\\\/schema.org\",\"@graph\":[{\"@type\":\"Article\",\"@id\":\"https:\\\/\\\/autofans.com.ar\\\/index.php\\\/2024\\\/02\\\/23\\\/stellantis-anuncia-cambios-en-su-direccion-comercial-en-argentina\\\/#article\",\"isPartOf\":{\"@id\":\"https:\\\/\\\/autofans.com.ar\\\/index.php\\\/2024\\\/02\\\/23\\\/stellantis-anuncia-cambios-en-su-direccion-comercial-en-argentina\\\/\"},\"author\":{\"name\":\"Alejandro Gabriel Rosito\",\"@id\":\"https:\\\/\\\/autofans.com.ar\\\/#\\\/schema\\\/person\\\/4a8dda0b6df83ac3d6723e921274c2aa\"},\"headline\":\"Stellantis anuncia cambios en su direcci\u00f3n comercial en Argentina\",\"datePublished\":\"2024-02-23T21:03:16+00:00\",\"mainEntityOfPage\":{\"@id\":\"https:\\\/\\\/autofans.com.ar\\\/index.php\\\/2024\\\/02\\\/23\\\/stellantis-anuncia-cambios-en-su-direccion-comercial-en-argentina\\\/\"},\"wordCount\":350,\"image\":{\"@id\":\"https:\\\/\\\/autofans.com.ar\\\/index.php\\\/2024\\\/02\\\/23\\\/stellantis-anuncia-cambios-en-su-direccion-comercial-en-argentina\\\/#primaryimage\"},\"thumbnailUrl\":\"https:\\\/\\\/autofans.com.ar\\\/wp-content\\\/uploads\\\/2024\\\/02\\\/foto-1-10.jpg\",\"keywords\":[\"Impulso Estrat\u00e9gico: Mart\u00edn Zuppi Liderar\u00e1 Operaciones Comerciales de Stellantis en Argentina\"],\"articleSection\":[\"EMPRESAS\",\"NOTICIAS\"],\"inLanguage\":\"es\"},{\"@type\":\"WebPage\",\"@id\":\"https:\\\/\\\/autofans.com.ar\\\/index.php\\\/2024\\\/02\\\/23\\\/stellantis-anuncia-cambios-en-su-direccion-comercial-en-argentina\\\/\",\"url\":\"https:\\\/\\\/autofans.com.ar\\\/index.php\\\/2024\\\/02\\\/23\\\/stellantis-anuncia-cambios-en-su-direccion-comercial-en-argentina\\\/\",\"name\":\"Stellantis anuncia cambios en su direcci\u00f3n comercial en Argentina -\",\"isPartOf\":{\"@id\":\"https:\\\/\\\/autofans.com.ar\\\/#website\"},\"primaryImageOfPage\":{\"@id\":\"https:\\\/\\\/autofans.com.ar\\\/index.php\\\/2024\\\/02\\\/23\\\/stellantis-anuncia-cambios-en-su-direccion-comercial-en-argentina\\\/#primaryimage\"},\"image\":{\"@id\":\"https:\\\/\\\/autofans.com.ar\\\/index.php\\\/2024\\\/02\\\/23\\\/stellantis-anuncia-cambios-en-su-direccion-comercial-en-argentina\\\/#primaryimage\"},\"thumbnailUrl\":\"https:\\\/\\\/autofans.com.ar\\\/wp-content\\\/uploads\\\/2024\\\/02\\\/foto-1-10.jpg\",\"datePublished\":\"2024-02-23T21:03:16+00:00\",\"author\":{\"@id\":\"https:\\\/\\\/autofans.com.ar\\\/#\\\/schema\\\/person\\\/4a8dda0b6df83ac3d6723e921274c2aa\"},\"description\":\"En una movida estrat\u00e9gica, Stellantis informa cambios significativos en su Direcci\u00f3n Comercial en Argentina. Desde hoy, Mart\u00edn Zuppi...\",\"breadcrumb\":{\"@id\":\"https:\\\/\\\/autofans.com.ar\\\/index.php\\\/2024\\\/02\\\/23\\\/stellantis-anuncia-cambios-en-su-direccion-comercial-en-argentina\\\/#breadcrumb\"},\"inLanguage\":\"es\",\"potentialAction\":[{\"@type\":\"ReadAction\",\"target\":[\"https:\\\/\\\/autofans.com.ar\\\/index.php\\\/2024\\\/02\\\/23\\\/stellantis-anuncia-cambios-en-su-direccion-comercial-en-argentina\\\/\"]}]},{\"@type\":\"ImageObject\",\"inLanguage\":\"es\",\"@id\":\"https:\\\/\\\/autofans.com.ar\\\/index.php\\\/2024\\\/02\\\/23\\\/stellantis-anuncia-cambios-en-su-direccion-comercial-en-argentina\\\/#primaryimage\",\"url\":\"https:\\\/\\\/autofans.com.ar\\\/wp-content\\\/uploads\\\/2024\\\/02\\\/foto-1-10.jpg\",\"contentUrl\":\"https:\\\/\\\/autofans.com.ar\\\/wp-content\\\/uploads\\\/2024\\\/02\\\/foto-1-10.jpg\",\"width\":1400,\"height\":933,\"caption\":\"Stellantis\"},{\"@type\":\"BreadcrumbList\",\"@id\":\"https:\\\/\\\/autofans.com.ar\\\/index.php\\\/2024\\\/02\\\/23\\\/stellantis-anuncia-cambios-en-su-direccion-comercial-en-argentina\\\/#breadcrumb\",\"itemListElement\":[{\"@type\":\"ListItem\",\"position\":1,\"name\":\"Inicio\",\"item\":\"https:\\\/\\\/autofans.com.ar\\\/\"},{\"@type\":\"ListItem\",\"position\":2,\"name\":\"Stellantis anuncia cambios en su direcci\u00f3n comercial en Argentina\"}]},{\"@type\":\"WebSite\",\"@id\":\"https:\\\/\\\/autofans.com.ar\\\/#website\",\"url\":\"https:\\\/\\\/autofans.com.ar\\\/\",\"name\":\"\",\"description\":\"El multimedio referente de la industria automotriz\",\"potentialAction\":[{\"@type\":\"SearchAction\",\"target\":{\"@type\":\"EntryPoint\",\"urlTemplate\":\"https:\\\/\\\/autofans.com.ar\\\/?s={search_term_string}\"},\"query-input\":{\"@type\":\"PropertyValueSpecification\",\"valueRequired\":true,\"valueName\":\"search_term_string\"}}],\"inLanguage\":\"es\"},{\"@type\":\"Person\",\"@id\":\"https:\\\/\\\/autofans.com.ar\\\/#\\\/schema\\\/person\\\/4a8dda0b6df83ac3d6723e921274c2aa\",\"name\":\"Alejandro Gabriel Rosito\",\"image\":{\"@type\":\"ImageObject\",\"inLanguage\":\"es\",\"@id\":\"https:\\\/\\\/secure.gravatar.com\\\/avatar\\\/16c5dda1489adfc62618084dcbb91cffd879c374b13fe5dd8e44ed6733852c88?s=96&d=mm&r=g\",\"url\":\"https:\\\/\\\/secure.gravatar.com\\\/avatar\\\/16c5dda1489adfc62618084dcbb91cffd879c374b13fe5dd8e44ed6733852c88?s=96&d=mm&r=g\",\"contentUrl\":\"https:\\\/\\\/secure.gravatar.com\\\/avatar\\\/16c5dda1489adfc62618084dcbb91cffd879c374b13fe5dd8e44ed6733852c88?s=96&d=mm&r=g\",\"caption\":\"Alejandro Gabriel Rosito\"},\"url\":\"https:\\\/\\\/autofans.com.ar\\\/index.php\\\/author\\\/gabrielr\\\/\"}]}<\/script>\n<!-- \/ Yoast SEO plugin. -->","yoast_head_json":{"title":"Stellantis anuncia cambios en su direcci\u00f3n comercial en Argentina -","description":"En una movida estrat\u00e9gica, Stellantis informa cambios significativos en su Direcci\u00f3n Comercial en Argentina. Desde hoy, Mart\u00edn Zuppi...","robots":{"index":"index","follow":"follow","max-snippet":"max-snippet:-1","max-image-preview":"max-image-preview:large","max-video-preview":"max-video-preview:-1"},"canonical":"https:\/\/autofans.com.ar\/index.php\/2024\/02\/23\/stellantis-anuncia-cambios-en-su-direccion-comercial-en-argentina\/","og_locale":"es_ES","og_type":"article","og_title":"Stellantis anuncia cambios en su direcci\u00f3n comercial en Argentina -","og_description":"En una movida estrat\u00e9gica, Stellantis informa cambios significativos en su Direcci\u00f3n Comercial en Argentina. Desde hoy, Mart\u00edn Zuppi...","og_url":"https:\/\/autofans.com.ar\/index.php\/2024\/02\/23\/stellantis-anuncia-cambios-en-su-direccion-comercial-en-argentina\/","article_published_time":"2024-02-23T21:03:16+00:00","og_image":[{"width":1024,"height":682,"url":"https:\/\/autofans.com.ar\/wp-content\/uploads\/2024\/02\/foto-1-10-1024x682.jpg","type":"image\/jpeg"}],"author":"Alejandro Gabriel Rosito","twitter_card":"summary_large_image","twitter_misc":{"Escrito por":"Alejandro Gabriel Rosito","Tiempo de lectura":"2 minutos"},"schema":{"@context":"https:\/\/schema.org","@graph":[{"@type":"Article","@id":"https:\/\/autofans.com.ar\/index.php\/2024\/02\/23\/stellantis-anuncia-cambios-en-su-direccion-comercial-en-argentina\/#article","isPartOf":{"@id":"https:\/\/autofans.com.ar\/index.php\/2024\/02\/23\/stellantis-anuncia-cambios-en-su-direccion-comercial-en-argentina\/"},"author":{"name":"Alejandro Gabriel Rosito","@id":"https:\/\/autofans.com.ar\/#\/schema\/person\/4a8dda0b6df83ac3d6723e921274c2aa"},"headline":"Stellantis anuncia cambios en su direcci\u00f3n comercial en Argentina","datePublished":"2024-02-23T21:03:16+00:00","mainEntityOfPage":{"@id":"https:\/\/autofans.com.ar\/index.php\/2024\/02\/23\/stellantis-anuncia-cambios-en-su-direccion-comercial-en-argentina\/"},"wordCount":350,"image":{"@id":"https:\/\/autofans.com.ar\/index.php\/2024\/02\/23\/stellantis-anuncia-cambios-en-su-direccion-comercial-en-argentina\/#primaryimage"},"thumbnailUrl":"https:\/\/autofans.com.ar\/wp-content\/uploads\/2024\/02\/foto-1-10.jpg","keywords":["Impulso Estrat\u00e9gico: Mart\u00edn Zuppi Liderar\u00e1 Operaciones Comerciales de Stellantis en Argentina"],"articleSection":["EMPRESAS","NOTICIAS"],"inLanguage":"es"},{"@type":"WebPage","@id":"https:\/\/autofans.com.ar\/index.php\/2024\/02\/23\/stellantis-anuncia-cambios-en-su-direccion-comercial-en-argentina\/","url":"https:\/\/autofans.com.ar\/index.php\/2024\/02\/23\/stellantis-anuncia-cambios-en-su-direccion-comercial-en-argentina\/","name":"Stellantis anuncia cambios en su direcci\u00f3n comercial en Argentina -","isPartOf":{"@id":"https:\/\/autofans.com.ar\/#website"},"primaryImageOfPage":{"@id":"https:\/\/autofans.com.ar\/index.php\/2024\/02\/23\/stellantis-anuncia-cambios-en-su-direccion-comercial-en-argentina\/#primaryimage"},"image":{"@id":"https:\/\/autofans.com.ar\/index.php\/2024\/02\/23\/stellantis-anuncia-cambios-en-su-direccion-comercial-en-argentina\/#primaryimage"},"thumbnailUrl":"https:\/\/autofans.com.ar\/wp-content\/uploads\/2024\/02\/foto-1-10.jpg","datePublished":"2024-02-23T21:03:16+00:00","author":{"@id":"https:\/\/autofans.com.ar\/#\/schema\/person\/4a8dda0b6df83ac3d6723e921274c2aa"},"description":"En una movida estrat\u00e9gica, Stellantis informa cambios significativos en su Direcci\u00f3n Comercial en Argentina. Desde hoy, Mart\u00edn Zuppi...","breadcrumb":{"@id":"https:\/\/autofans.com.ar\/index.php\/2024\/02\/23\/stellantis-anuncia-cambios-en-su-direccion-comercial-en-argentina\/#breadcrumb"},"inLanguage":"es","potentialAction":[{"@type":"ReadAction","target":["https:\/\/autofans.com.ar\/index.php\/2024\/02\/23\/stellantis-anuncia-cambios-en-su-direccion-comercial-en-argentina\/"]}]},{"@type":"ImageObject","inLanguage":"es","@id":"https:\/\/autofans.com.ar\/index.php\/2024\/02\/23\/stellantis-anuncia-cambios-en-su-direccion-comercial-en-argentina\/#primaryimage","url":"https:\/\/autofans.com.ar\/wp-content\/uploads\/2024\/02\/foto-1-10.jpg","contentUrl":"https:\/\/autofans.com.ar\/wp-content\/uploads\/2024\/02\/foto-1-10.jpg","width":1400,"height":933,"caption":"Stellantis"},{"@type":"BreadcrumbList","@id":"https:\/\/autofans.com.ar\/index.php\/2024\/02\/23\/stellantis-anuncia-cambios-en-su-direccion-comercial-en-argentina\/#breadcrumb","itemListElement":[{"@type":"ListItem","position":1,"name":"Inicio","item":"https:\/\/autofans.com.ar\/"},{"@type":"ListItem","position":2,"name":"Stellantis anuncia cambios en su direcci\u00f3n comercial en Argentina"}]},{"@type":"WebSite","@id":"https:\/\/autofans.com.ar\/#website","url":"https:\/\/autofans.com.ar\/","name":"","description":"El multimedio referente de la industria automotriz","potentialAction":[{"@type":"SearchAction","target":{"@type":"EntryPoint","urlTemplate":"https:\/\/autofans.com.ar\/?s={search_term_string}"},"query-input":{"@type":"PropertyValueSpecification","valueRequired":true,"valueName":"search_term_string"}}],"inLanguage":"es"},{"@type":"Person","@id":"https:\/\/autofans.com.ar\/#\/schema\/person\/4a8dda0b6df83ac3d6723e921274c2aa","name":"Alejandro Gabriel Rosito","image":{"@type":"ImageObject","inLanguage":"es","@id":"https:\/\/secure.gravatar.com\/avatar\/16c5dda1489adfc62618084dcbb91cffd879c374b13fe5dd8e44ed6733852c88?s=96&d=mm&r=g","url":"https:\/\/secure.gravatar.com\/avatar\/16c5dda1489adfc62618084dcbb91cffd879c374b13fe5dd8e44ed6733852c88?s=96&d=mm&r=g","contentUrl":"https:\/\/secure.gravatar.com\/avatar\/16c5dda1489adfc62618084dcbb91cffd879c374b13fe5dd8e44ed6733852c88?s=96&d=mm&r=g","caption":"Alejandro Gabriel Rosito"},"url":"https:\/\/autofans.com.ar\/index.php\/author\/gabrielr\/"}]}},"featured_image_urls":{"full":["https:\/\/autofans.com.ar\/wp-content\/uploads\/2024\/02\/foto-1-10.jpg",1400,933,false],"thumbnail":["https:\/\/autofans.com.ar\/wp-content\/uploads\/2024\/02\/foto-1-10-150x150.jpg",150,150,true],"medium":["https:\/\/autofans.com.ar\/wp-content\/uploads\/2024\/02\/foto-1-10-300x200.jpg",300,200,true],"medium_large":["https:\/\/autofans.com.ar\/wp-content\/uploads\/2024\/02\/foto-1-10-768x512.jpg",640,427,true],"large":["https:\/\/autofans.com.ar\/wp-content\/uploads\/2024\/02\/foto-1-10-1024x682.jpg",640,426,true],"1536x1536":["https:\/\/autofans.com.ar\/wp-content\/uploads\/2024\/02\/foto-1-10.jpg",1400,933,false],"2048x2048":["https:\/\/autofans.com.ar\/wp-content\/uploads\/2024\/02\/foto-1-10.jpg",1400,933,false],"covernews-featured":["https:\/\/autofans.com.ar\/wp-content\/uploads\/2024\/02\/foto-1-10-1024x682.jpg",1024,682,true],"covernews-medium":["https:\/\/autofans.com.ar\/wp-content\/uploads\/2024\/02\/foto-1-10-540x340.jpg",540,340,true]},"author_info":{"display_name":"Alejandro Gabriel Rosito","author_link":"https:\/\/autofans.com.ar\/index.php\/author\/gabrielr\/"},"category_info":"<a href=\"https:\/\/autofans.com.ar\/index.php\/category\/noticias\/empresas\/\" rel=\"category tag\">EMPRESAS<\/a> <a href=\"https:\/\/autofans.com.ar\/index.php\/category\/noticias\/\" rel=\"category tag\">NOTICIAS<\/a>","tag_info":"NOTICIAS","comment_count":0,"_links":{"self":[{"href":"https:\/\/autofans.com.ar\/index.php\/wp-json\/wp\/v2\/posts\/6818","targetHints":{"allow":["GET"]}}],"collection":[{"href":"https:\/\/autofans.com.ar\/index.php\/wp-json\/wp\/v2\/posts"}],"about":[{"href":"https:\/\/autofans.com.ar\/index.php\/wp-json\/wp\/v2\/types\/post"}],"author":[{"embeddable":true,"href":"https:\/\/autofans.com.ar\/index.php\/wp-json\/wp\/v2\/users\/2"}],"replies":[{"embeddable":true,"href":"https:\/\/autofans.com.ar\/index.php\/wp-json\/wp\/v2\/comments?post=6818"}],"version-history":[{"count":1,"href":"https:\/\/autofans.com.ar\/index.php\/wp-json\/wp\/v2\/posts\/6818\/revisions"}],"predecessor-version":[{"id":6823,"href":"https:\/\/autofans.com.ar\/index.php\/wp-json\/wp\/v2\/posts\/6818\/revisions\/6823"}],"wp:featuredmedia":[{"embeddable":true,"href":"https:\/\/autofans.com.ar\/index.php\/wp-json\/wp\/v2\/media\/6822"}],"wp:attachment":[{"href":"https:\/\/autofans.com.ar\/index.php\/wp-json\/wp\/v2\/media?parent=6818"}],"wp:term":[{"taxonomy":"category","embeddable":true,"href":"https:\/\/autofans.com.ar\/index.php\/wp-json\/wp\/v2\/categories?post=6818"},{"taxonomy":"post_tag","embeddable":true,"href":"https:\/\/autofans.com.ar\/index.php\/wp-json\/wp\/v2\/tags?post=6818"}],"curies":[{"name":"wp","href":"https:\/\/api.w.org\/{rel}","templated":true}]}}