{"id":6850,"date":"2024-02-27T18:22:45","date_gmt":"2024-02-27T21:22:45","guid":{"rendered":"https:\/\/autofans.com.ar\/?p=6850"},"modified":"2024-02-27T18:22:45","modified_gmt":"2024-02-27T21:22:45","slug":"iveco-group-fortalece-su-presencia-en-argentina","status":"publish","type":"post","link":"https:\/\/autofans.com.ar\/index.php\/2024\/02\/27\/iveco-group-fortalece-su-presencia-en-argentina\/","title":{"rendered":"Iveco Group fortalece su presencia en Argentina"},"content":{"rendered":"<p>Iveco Group reafirm\u00f3 su compromiso con Argentina inaugurando sus nuevas oficinas corporativas en San Isidro, Buenos Aires. Este paso es parte de su proyecto de inversi\u00f3n iniciado en 2022, consolidando su presencia como empresa independiente.<\/p>\n<p>&nbsp;<\/p>\n<blockquote>\n<p style=\"text-align: center;\">\u201cHoy es un d\u00eda muy especial para quienes formamos parte de Iveco Group. Es una alegr\u00eda muy grande estar inaugurando este nuevo espacio que, junto con nuestro polo industrial de C\u00f3rdoba, ser\u00e1 nuestro nuevo hogar a partir de ahora\u201d, expres\u00f3 Santos Doncel Jones, qui\u00e9n dio inicio al acto de apertura.<\/p>\n<\/blockquote>\n<p>&nbsp;<\/p>\n<h2>L\u00edderes globales de Iveco Group presentes en inauguraci\u00f3n<\/h2>\n<p>La ceremonia cont\u00f3 con la presencia destacada de Anna Tanganelli, Directora Global de Finanzas, \u00c1ngel Rodr\u00edguez Lagunilla, Director Global de Manufactura, Alessandra Ramorino, Directora Global de Riesgos y Auditor\u00eda Interna, todos miembros del Senior Leadership Team de la compa\u00f1\u00eda. Marcio Querichelli, presidente de IVECO en Am\u00e9rica Latina, Santos Doncel Jones, presidente de Iveco Group Argentina, y Eduardo Lopez, Director de Recursos Humanos de Iveco Group para Am\u00e9rica Latina, tambi\u00e9n participaron, junto a colaboradores de la firma.<\/p>\n<p>&nbsp;<\/p>\n<blockquote>\n<p style=\"text-align: center;\">\u201cCuando nos presentamos como compa\u00f1\u00eda independiente asumimos la responsabilidad y el compromiso de seguir invirtiendo en nuestra gente, en nuestro equipo de trabajo, eslab\u00f3n fundamental de toda nuestra cadena. Queremos que todas las personas que trabajan en Iveco Group puedan hacerlo de la mejor manera, en un ambiente adecuado y creado especialmente para cada una de las personas\u201d, a\u00f1adi\u00f3 Doncel Jones.<\/p>\n<\/blockquote>\n<p>&nbsp;<\/p>\n<h2>Importancia del mercado Argentino<\/h2>\n<p>Despu\u00e9s de dos a\u00f1os como empresa independiente, Iveco sigue invirtiendo en Argentina, no solo en investigaci\u00f3n y desarrollo, sino tambi\u00e9n en ambientes de trabajo modernos que buscan brindar agilidad y comodidad.<\/p>\n<p>&nbsp;<\/p>\n<p><img fetchpriority=\"high\" decoding=\"async\" class=\"aligncenter wp-image-6852 size-full\" src=\"https:\/\/autofans.com.ar\/wp-content\/uploads\/2024\/02\/foto-1-14.jpg\" alt=\"Iveco Group\" width=\"1000\" height=\"667\" srcset=\"https:\/\/autofans.com.ar\/wp-content\/uploads\/2024\/02\/foto-1-14.jpg 1000w, https:\/\/autofans.com.ar\/wp-content\/uploads\/2024\/02\/foto-1-14-300x200.jpg 300w, https:\/\/autofans.com.ar\/wp-content\/uploads\/2024\/02\/foto-1-14-768x512.jpg 768w\" sizes=\"(max-width: 1000px) 100vw, 1000px\" \/><\/p>\n<p>&nbsp;<\/p>\n<p>En la ceremonia, se destac\u00f3 la importancia del mercado argentino para Iveco Group, tanto a nivel regional como global. Se subray\u00f3 la posici\u00f3n de liderazgo de IVECO en el sector y la capacidad productiva de FPT Industrial con sus motores, alimentando tanto el mercado interno como otros pa\u00edses de Am\u00e9rica Latina.<\/p>\n<p>&nbsp;<\/p>\n<blockquote>\n<p style=\"text-align: center;\">\u201cArgentina es un mercado muy importante para IVECO en la regi\u00f3n y en el mundo. No es casualidad que este a\u00f1o estemos cumpliendo 55 a\u00f1os de presencia en el pa\u00eds siendo una de las principales f\u00e1bricas de camiones pesados en Argentina y la primera en fabricar camiones a GNC, s\u00edmbolo del ADN innovador y evolutivo de la marca\u201d, coment\u00f3 Marcio Querichelli, presidente de IVECO para Am\u00e9rica Latina. \u201cSomos un gran equipo y estoy convencido que con car\u00e1cter y pasi\u00f3n por lo que hacemos, seguiremos por este camino de evoluci\u00f3n\u201d.<\/p>\n<\/blockquote>\n<p>&nbsp;<\/p>\n<p>&nbsp;<\/p>\n<p>&nbsp;<\/p>\n<p><i>Para enterarte de m\u00e1s novedades, no dejes de leer\u00a0<\/i><a href=\"https:\/\/autofans.thebrandsoup.com\/\"><i>nuestras notas<\/i><\/a><i>, de ver<\/i><b><i>\u00a0<\/i><\/b><a href=\"https:\/\/www.youtube.com\/channel\/UCgAC8UGHZYbT6P7PpmVnP7g\"><b><i>AUTOFANS TV<\/i><\/b><\/a><b><i>\u00a0<\/i><\/b><i>en nuestro\u00a0canal de Youtube. Adem\u00e1s seguinos en\u00a0<\/i><a href=\"https:\/\/www.instagram.com\/autofanstv\/\"><i>INSTAGRAM<\/i><\/a><i> y <\/i><a href=\"https:\/\/www.facebook.com\/autofansmas\/\"><i>FACEBOOK<\/i><\/a><i> para no perderte nada sobre las novedades del segmento automotor de Argentina y el mundo.<\/i><\/p>\n","protected":false},"excerpt":{"rendered":"<p>Iveco Group reafirm\u00f3 su compromiso con Argentina inaugurando sus nuevas oficinas corporativas en San Isidro,&#8230;<\/p>\n","protected":false},"author":2,"featured_media":6851,"comment_status":"closed","ping_status":"closed","sticky":false,"template":"","format":"standard","meta":{"footnotes":""},"categories":[292,16],"tags":[3647,3648,892,3646,819,3649,896,3645],"class_list":["post-6850","post","type-post","status-publish","format-standard","has-post-thumbnail","hentry","category-empresas","category-noticias","tag-desarrollo-regional","tag-empresa-independiente","tag-fpt-industrial","tag-inversion-en-argentina","tag-iveco-group","tag-liderazgo-en-el-sector","tag-motores","tag-oficinas-corporativas"],"yoast_head":"<!-- This site is optimized with the Yoast SEO plugin v27.5 - https:\/\/yoast.com\/product\/yoast-seo-wordpress\/ -->\n<title>Iveco Group fortalece su presencia en Argentina -<\/title>\n<meta name=\"description\" content=\"Iveco Group reafirm\u00f3 su compromiso con Argentina inaugurando sus nuevas oficinas en San Isidro. Esto es parte de su proyecto de inversi\u00f3n...\" \/>\n<meta name=\"robots\" content=\"index, follow, max-snippet:-1, max-image-preview:large, max-video-preview:-1\" \/>\n<link rel=\"canonical\" href=\"https:\/\/autofans.com.ar\/index.php\/2024\/02\/27\/iveco-group-fortalece-su-presencia-en-argentina\/\" \/>\n<meta property=\"og:locale\" content=\"es_ES\" \/>\n<meta property=\"og:type\" content=\"article\" \/>\n<meta property=\"og:title\" content=\"Iveco Group fortalece su presencia en Argentina -\" \/>\n<meta property=\"og:description\" content=\"Iveco Group reafirm\u00f3 su compromiso con Argentina inaugurando sus nuevas oficinas en San Isidro. Esto es parte de su proyecto de inversi\u00f3n...\" \/>\n<meta property=\"og:url\" content=\"https:\/\/autofans.com.ar\/index.php\/2024\/02\/27\/iveco-group-fortalece-su-presencia-en-argentina\/\" \/>\n<meta property=\"article:published_time\" content=\"2024-02-27T21:22:45+00:00\" \/>\n<meta property=\"og:image\" content=\"https:\/\/autofans.com.ar\/wp-content\/uploads\/2024\/02\/foto-2-14.jpg\" \/>\n\t<meta property=\"og:image:width\" content=\"640\" \/>\n\t<meta property=\"og:image:height\" content=\"427\" \/>\n\t<meta property=\"og:image:type\" content=\"image\/jpeg\" \/>\n<meta name=\"author\" content=\"Alejandro Gabriel Rosito\" \/>\n<meta name=\"twitter:card\" content=\"summary_large_image\" \/>\n<meta name=\"twitter:label1\" content=\"Escrito por\" \/>\n\t<meta name=\"twitter:data1\" content=\"Alejandro Gabriel Rosito\" \/>\n\t<meta name=\"twitter:label2\" content=\"Tiempo de lectura\" \/>\n\t<meta name=\"twitter:data2\" content=\"2 minutos\" \/>\n<script type=\"application\/ld+json\" class=\"yoast-schema-graph\">{\"@context\":\"https:\\\/\\\/schema.org\",\"@graph\":[{\"@type\":\"Article\",\"@id\":\"https:\\\/\\\/autofans.com.ar\\\/index.php\\\/2024\\\/02\\\/27\\\/iveco-group-fortalece-su-presencia-en-argentina\\\/#article\",\"isPartOf\":{\"@id\":\"https:\\\/\\\/autofans.com.ar\\\/index.php\\\/2024\\\/02\\\/27\\\/iveco-group-fortalece-su-presencia-en-argentina\\\/\"},\"author\":{\"name\":\"Alejandro Gabriel Rosito\",\"@id\":\"https:\\\/\\\/autofans.com.ar\\\/#\\\/schema\\\/person\\\/4a8dda0b6df83ac3d6723e921274c2aa\"},\"headline\":\"Iveco Group fortalece su presencia en Argentina\",\"datePublished\":\"2024-02-27T21:22:45+00:00\",\"mainEntityOfPage\":{\"@id\":\"https:\\\/\\\/autofans.com.ar\\\/index.php\\\/2024\\\/02\\\/27\\\/iveco-group-fortalece-su-presencia-en-argentina\\\/\"},\"wordCount\":496,\"image\":{\"@id\":\"https:\\\/\\\/autofans.com.ar\\\/index.php\\\/2024\\\/02\\\/27\\\/iveco-group-fortalece-su-presencia-en-argentina\\\/#primaryimage\"},\"thumbnailUrl\":\"https:\\\/\\\/autofans.com.ar\\\/wp-content\\\/uploads\\\/2024\\\/02\\\/foto-2-14.jpg\",\"keywords\":[\"desarrollo regional\",\"empresa independiente\",\"FPT Industrial\",\"inversi\u00f3n en Argentina\",\"Iveco Group\",\"liderazgo en el sector\",\"motores\",\"oficinas corporativas\"],\"articleSection\":[\"EMPRESAS\",\"NOTICIAS\"],\"inLanguage\":\"es\"},{\"@type\":\"WebPage\",\"@id\":\"https:\\\/\\\/autofans.com.ar\\\/index.php\\\/2024\\\/02\\\/27\\\/iveco-group-fortalece-su-presencia-en-argentina\\\/\",\"url\":\"https:\\\/\\\/autofans.com.ar\\\/index.php\\\/2024\\\/02\\\/27\\\/iveco-group-fortalece-su-presencia-en-argentina\\\/\",\"name\":\"Iveco Group fortalece su presencia en Argentina -\",\"isPartOf\":{\"@id\":\"https:\\\/\\\/autofans.com.ar\\\/#website\"},\"primaryImageOfPage\":{\"@id\":\"https:\\\/\\\/autofans.com.ar\\\/index.php\\\/2024\\\/02\\\/27\\\/iveco-group-fortalece-su-presencia-en-argentina\\\/#primaryimage\"},\"image\":{\"@id\":\"https:\\\/\\\/autofans.com.ar\\\/index.php\\\/2024\\\/02\\\/27\\\/iveco-group-fortalece-su-presencia-en-argentina\\\/#primaryimage\"},\"thumbnailUrl\":\"https:\\\/\\\/autofans.com.ar\\\/wp-content\\\/uploads\\\/2024\\\/02\\\/foto-2-14.jpg\",\"datePublished\":\"2024-02-27T21:22:45+00:00\",\"author\":{\"@id\":\"https:\\\/\\\/autofans.com.ar\\\/#\\\/schema\\\/person\\\/4a8dda0b6df83ac3d6723e921274c2aa\"},\"description\":\"Iveco Group reafirm\u00f3 su compromiso con Argentina inaugurando sus nuevas oficinas en San Isidro. Esto es parte de su proyecto de inversi\u00f3n...\",\"breadcrumb\":{\"@id\":\"https:\\\/\\\/autofans.com.ar\\\/index.php\\\/2024\\\/02\\\/27\\\/iveco-group-fortalece-su-presencia-en-argentina\\\/#breadcrumb\"},\"inLanguage\":\"es\",\"potentialAction\":[{\"@type\":\"ReadAction\",\"target\":[\"https:\\\/\\\/autofans.com.ar\\\/index.php\\\/2024\\\/02\\\/27\\\/iveco-group-fortalece-su-presencia-en-argentina\\\/\"]}]},{\"@type\":\"ImageObject\",\"inLanguage\":\"es\",\"@id\":\"https:\\\/\\\/autofans.com.ar\\\/index.php\\\/2024\\\/02\\\/27\\\/iveco-group-fortalece-su-presencia-en-argentina\\\/#primaryimage\",\"url\":\"https:\\\/\\\/autofans.com.ar\\\/wp-content\\\/uploads\\\/2024\\\/02\\\/foto-2-14.jpg\",\"contentUrl\":\"https:\\\/\\\/autofans.com.ar\\\/wp-content\\\/uploads\\\/2024\\\/02\\\/foto-2-14.jpg\",\"width\":1000,\"height\":667,\"caption\":\"Iveco Group\"},{\"@type\":\"BreadcrumbList\",\"@id\":\"https:\\\/\\\/autofans.com.ar\\\/index.php\\\/2024\\\/02\\\/27\\\/iveco-group-fortalece-su-presencia-en-argentina\\\/#breadcrumb\",\"itemListElement\":[{\"@type\":\"ListItem\",\"position\":1,\"name\":\"Inicio\",\"item\":\"https:\\\/\\\/autofans.com.ar\\\/\"},{\"@type\":\"ListItem\",\"position\":2,\"name\":\"Iveco Group fortalece su presencia en Argentina\"}]},{\"@type\":\"WebSite\",\"@id\":\"https:\\\/\\\/autofans.com.ar\\\/#website\",\"url\":\"https:\\\/\\\/autofans.com.ar\\\/\",\"name\":\"\",\"description\":\"El multimedio referente de la industria automotriz\",\"potentialAction\":[{\"@type\":\"SearchAction\",\"target\":{\"@type\":\"EntryPoint\",\"urlTemplate\":\"https:\\\/\\\/autofans.com.ar\\\/?s={search_term_string}\"},\"query-input\":{\"@type\":\"PropertyValueSpecification\",\"valueRequired\":true,\"valueName\":\"search_term_string\"}}],\"inLanguage\":\"es\"},{\"@type\":\"Person\",\"@id\":\"https:\\\/\\\/autofans.com.ar\\\/#\\\/schema\\\/person\\\/4a8dda0b6df83ac3d6723e921274c2aa\",\"name\":\"Alejandro Gabriel Rosito\",\"image\":{\"@type\":\"ImageObject\",\"inLanguage\":\"es\",\"@id\":\"https:\\\/\\\/secure.gravatar.com\\\/avatar\\\/16c5dda1489adfc62618084dcbb91cffd879c374b13fe5dd8e44ed6733852c88?s=96&d=mm&r=g\",\"url\":\"https:\\\/\\\/secure.gravatar.com\\\/avatar\\\/16c5dda1489adfc62618084dcbb91cffd879c374b13fe5dd8e44ed6733852c88?s=96&d=mm&r=g\",\"contentUrl\":\"https:\\\/\\\/secure.gravatar.com\\\/avatar\\\/16c5dda1489adfc62618084dcbb91cffd879c374b13fe5dd8e44ed6733852c88?s=96&d=mm&r=g\",\"caption\":\"Alejandro Gabriel Rosito\"},\"url\":\"https:\\\/\\\/autofans.com.ar\\\/index.php\\\/author\\\/gabrielr\\\/\"}]}<\/script>\n<!-- \/ Yoast SEO plugin. -->","yoast_head_json":{"title":"Iveco Group fortalece su presencia en Argentina -","description":"Iveco Group reafirm\u00f3 su compromiso con Argentina inaugurando sus nuevas oficinas en San Isidro. Esto es parte de su proyecto de inversi\u00f3n...","robots":{"index":"index","follow":"follow","max-snippet":"max-snippet:-1","max-image-preview":"max-image-preview:large","max-video-preview":"max-video-preview:-1"},"canonical":"https:\/\/autofans.com.ar\/index.php\/2024\/02\/27\/iveco-group-fortalece-su-presencia-en-argentina\/","og_locale":"es_ES","og_type":"article","og_title":"Iveco Group fortalece su presencia en Argentina -","og_description":"Iveco Group reafirm\u00f3 su compromiso con Argentina inaugurando sus nuevas oficinas en San Isidro. Esto es parte de su proyecto de inversi\u00f3n...","og_url":"https:\/\/autofans.com.ar\/index.php\/2024\/02\/27\/iveco-group-fortalece-su-presencia-en-argentina\/","article_published_time":"2024-02-27T21:22:45+00:00","og_image":[{"url":"https:\/\/autofans.com.ar\/wp-content\/uploads\/2024\/02\/foto-2-14.jpg","width":640,"height":427,"type":"image\/jpeg"}],"author":"Alejandro Gabriel Rosito","twitter_card":"summary_large_image","twitter_misc":{"Escrito por":"Alejandro Gabriel Rosito","Tiempo de lectura":"2 minutos"},"schema":{"@context":"https:\/\/schema.org","@graph":[{"@type":"Article","@id":"https:\/\/autofans.com.ar\/index.php\/2024\/02\/27\/iveco-group-fortalece-su-presencia-en-argentina\/#article","isPartOf":{"@id":"https:\/\/autofans.com.ar\/index.php\/2024\/02\/27\/iveco-group-fortalece-su-presencia-en-argentina\/"},"author":{"name":"Alejandro Gabriel Rosito","@id":"https:\/\/autofans.com.ar\/#\/schema\/person\/4a8dda0b6df83ac3d6723e921274c2aa"},"headline":"Iveco Group fortalece su presencia en Argentina","datePublished":"2024-02-27T21:22:45+00:00","mainEntityOfPage":{"@id":"https:\/\/autofans.com.ar\/index.php\/2024\/02\/27\/iveco-group-fortalece-su-presencia-en-argentina\/"},"wordCount":496,"image":{"@id":"https:\/\/autofans.com.ar\/index.php\/2024\/02\/27\/iveco-group-fortalece-su-presencia-en-argentina\/#primaryimage"},"thumbnailUrl":"https:\/\/autofans.com.ar\/wp-content\/uploads\/2024\/02\/foto-2-14.jpg","keywords":["desarrollo regional","empresa independiente","FPT Industrial","inversi\u00f3n en Argentina","Iveco Group","liderazgo en el sector","motores","oficinas corporativas"],"articleSection":["EMPRESAS","NOTICIAS"],"inLanguage":"es"},{"@type":"WebPage","@id":"https:\/\/autofans.com.ar\/index.php\/2024\/02\/27\/iveco-group-fortalece-su-presencia-en-argentina\/","url":"https:\/\/autofans.com.ar\/index.php\/2024\/02\/27\/iveco-group-fortalece-su-presencia-en-argentina\/","name":"Iveco Group fortalece su presencia en Argentina -","isPartOf":{"@id":"https:\/\/autofans.com.ar\/#website"},"primaryImageOfPage":{"@id":"https:\/\/autofans.com.ar\/index.php\/2024\/02\/27\/iveco-group-fortalece-su-presencia-en-argentina\/#primaryimage"},"image":{"@id":"https:\/\/autofans.com.ar\/index.php\/2024\/02\/27\/iveco-group-fortalece-su-presencia-en-argentina\/#primaryimage"},"thumbnailUrl":"https:\/\/autofans.com.ar\/wp-content\/uploads\/2024\/02\/foto-2-14.jpg","datePublished":"2024-02-27T21:22:45+00:00","author":{"@id":"https:\/\/autofans.com.ar\/#\/schema\/person\/4a8dda0b6df83ac3d6723e921274c2aa"},"description":"Iveco Group reafirm\u00f3 su compromiso con Argentina inaugurando sus nuevas oficinas en San Isidro. Esto es parte de su proyecto de inversi\u00f3n...","breadcrumb":{"@id":"https:\/\/autofans.com.ar\/index.php\/2024\/02\/27\/iveco-group-fortalece-su-presencia-en-argentina\/#breadcrumb"},"inLanguage":"es","potentialAction":[{"@type":"ReadAction","target":["https:\/\/autofans.com.ar\/index.php\/2024\/02\/27\/iveco-group-fortalece-su-presencia-en-argentina\/"]}]},{"@type":"ImageObject","inLanguage":"es","@id":"https:\/\/autofans.com.ar\/index.php\/2024\/02\/27\/iveco-group-fortalece-su-presencia-en-argentina\/#primaryimage","url":"https:\/\/autofans.com.ar\/wp-content\/uploads\/2024\/02\/foto-2-14.jpg","contentUrl":"https:\/\/autofans.com.ar\/wp-content\/uploads\/2024\/02\/foto-2-14.jpg","width":1000,"height":667,"caption":"Iveco Group"},{"@type":"BreadcrumbList","@id":"https:\/\/autofans.com.ar\/index.php\/2024\/02\/27\/iveco-group-fortalece-su-presencia-en-argentina\/#breadcrumb","itemListElement":[{"@type":"ListItem","position":1,"name":"Inicio","item":"https:\/\/autofans.com.ar\/"},{"@type":"ListItem","position":2,"name":"Iveco Group fortalece su presencia en Argentina"}]},{"@type":"WebSite","@id":"https:\/\/autofans.com.ar\/#website","url":"https:\/\/autofans.com.ar\/","name":"","description":"El multimedio referente de la industria automotriz","potentialAction":[{"@type":"SearchAction","target":{"@type":"EntryPoint","urlTemplate":"https:\/\/autofans.com.ar\/?s={search_term_string}"},"query-input":{"@type":"PropertyValueSpecification","valueRequired":true,"valueName":"search_term_string"}}],"inLanguage":"es"},{"@type":"Person","@id":"https:\/\/autofans.com.ar\/#\/schema\/person\/4a8dda0b6df83ac3d6723e921274c2aa","name":"Alejandro Gabriel Rosito","image":{"@type":"ImageObject","inLanguage":"es","@id":"https:\/\/secure.gravatar.com\/avatar\/16c5dda1489adfc62618084dcbb91cffd879c374b13fe5dd8e44ed6733852c88?s=96&d=mm&r=g","url":"https:\/\/secure.gravatar.com\/avatar\/16c5dda1489adfc62618084dcbb91cffd879c374b13fe5dd8e44ed6733852c88?s=96&d=mm&r=g","contentUrl":"https:\/\/secure.gravatar.com\/avatar\/16c5dda1489adfc62618084dcbb91cffd879c374b13fe5dd8e44ed6733852c88?s=96&d=mm&r=g","caption":"Alejandro Gabriel Rosito"},"url":"https:\/\/autofans.com.ar\/index.php\/author\/gabrielr\/"}]}},"featured_image_urls":{"full":["https:\/\/autofans.com.ar\/wp-content\/uploads\/2024\/02\/foto-2-14.jpg",1000,667,false],"thumbnail":["https:\/\/autofans.com.ar\/wp-content\/uploads\/2024\/02\/foto-2-14-150x150.jpg",150,150,true],"medium":["https:\/\/autofans.com.ar\/wp-content\/uploads\/2024\/02\/foto-2-14-300x200.jpg",300,200,true],"medium_large":["https:\/\/autofans.com.ar\/wp-content\/uploads\/2024\/02\/foto-2-14-768x512.jpg",640,427,true],"large":["https:\/\/autofans.com.ar\/wp-content\/uploads\/2024\/02\/foto-2-14.jpg",640,427,false],"1536x1536":["https:\/\/autofans.com.ar\/wp-content\/uploads\/2024\/02\/foto-2-14.jpg",1000,667,false],"2048x2048":["https:\/\/autofans.com.ar\/wp-content\/uploads\/2024\/02\/foto-2-14.jpg",1000,667,false],"covernews-featured":["https:\/\/autofans.com.ar\/wp-content\/uploads\/2024\/02\/foto-2-14.jpg",1000,667,false],"covernews-medium":["https:\/\/autofans.com.ar\/wp-content\/uploads\/2024\/02\/foto-2-14-540x340.jpg",540,340,true]},"author_info":{"display_name":"Alejandro Gabriel Rosito","author_link":"https:\/\/autofans.com.ar\/index.php\/author\/gabrielr\/"},"category_info":"<a href=\"https:\/\/autofans.com.ar\/index.php\/category\/noticias\/empresas\/\" rel=\"category tag\">EMPRESAS<\/a> <a href=\"https:\/\/autofans.com.ar\/index.php\/category\/noticias\/\" rel=\"category tag\">NOTICIAS<\/a>","tag_info":"NOTICIAS","comment_count":0,"_links":{"self":[{"href":"https:\/\/autofans.com.ar\/index.php\/wp-json\/wp\/v2\/posts\/6850","targetHints":{"allow":["GET"]}}],"collection":[{"href":"https:\/\/autofans.com.ar\/index.php\/wp-json\/wp\/v2\/posts"}],"about":[{"href":"https:\/\/autofans.com.ar\/index.php\/wp-json\/wp\/v2\/types\/post"}],"author":[{"embeddable":true,"href":"https:\/\/autofans.com.ar\/index.php\/wp-json\/wp\/v2\/users\/2"}],"replies":[{"embeddable":true,"href":"https:\/\/autofans.com.ar\/index.php\/wp-json\/wp\/v2\/comments?post=6850"}],"version-history":[{"count":1,"href":"https:\/\/autofans.com.ar\/index.php\/wp-json\/wp\/v2\/posts\/6850\/revisions"}],"predecessor-version":[{"id":6853,"href":"https:\/\/autofans.com.ar\/index.php\/wp-json\/wp\/v2\/posts\/6850\/revisions\/6853"}],"wp:featuredmedia":[{"embeddable":true,"href":"https:\/\/autofans.com.ar\/index.php\/wp-json\/wp\/v2\/media\/6851"}],"wp:attachment":[{"href":"https:\/\/autofans.com.ar\/index.php\/wp-json\/wp\/v2\/media?parent=6850"}],"wp:term":[{"taxonomy":"category","embeddable":true,"href":"https:\/\/autofans.com.ar\/index.php\/wp-json\/wp\/v2\/categories?post=6850"},{"taxonomy":"post_tag","embeddable":true,"href":"https:\/\/autofans.com.ar\/index.php\/wp-json\/wp\/v2\/tags?post=6850"}],"curies":[{"name":"wp","href":"https:\/\/api.w.org\/{rel}","templated":true}]}}