{"id":6893,"date":"2024-03-01T13:50:47","date_gmt":"2024-03-01T16:50:47","guid":{"rendered":"https:\/\/autofans.com.ar\/?p=6893"},"modified":"2024-03-01T13:50:47","modified_gmt":"2024-03-01T16:50:47","slug":"diversity-is-more-bmw-italia-y-ac-milan-juntos-por-la-diversidad","status":"publish","type":"post","link":"https:\/\/autofans.com.ar\/index.php\/2024\/03\/01\/diversity-is-more-bmw-italia-y-ac-milan-juntos-por-la-diversidad\/","title":{"rendered":"\u00ab+ Diversity is More\u00bb, BMW Italia y AC Milan juntos por la diversidad"},"content":{"rendered":"<p>BMW Italia y el club de f\u00fatbol AC Milan se unen en la iniciativa \u00ab+ Diversity is More\u00bb (+ Diversidad es M\u00e1s) para fomentar la diversidad y la inclusi\u00f3n social. La campa\u00f1a, presentada durante el reciente partido de la Serie A entre el AC Milan y el Atalanta, surge como respuesta a episodios de intolerancia en estadios a nivel internacional.<\/p>\n<p>&nbsp;<\/p>\n<blockquote><p>\u201cLa diversidad es la base del \u00e9xito de BMW Group. Empleados de m\u00e1s de 110 pa\u00edses distintos trabajan juntos exitosamente: personas de diferentes culturas, con diferentes puntos de vista y creencias religiosas trabajan codo con codo en equipos distribuidos en todo el mundo, desarrollando ideas creativas y soluciones innovadoras para la movilidad sostenible en el futuro\u201d, declar\u00f3 Massimiliano Di Silvestre, presidente y director general de BMW Italia.<\/p><\/blockquote>\n<p>&nbsp;<\/p>\n<p>&nbsp;<\/p>\n<h2>BMW y AC Milan se unen con el &#8216;+&#8217; por la diversidad<\/h2>\n<p>El s\u00edmbolo distintivo de la campa\u00f1a es la cruz de los dedos \u00edndices, formando el signo \u00ab+\u00bb, que se utilizar\u00e1 en todos los materiales de comunicaci\u00f3n junto al slogan \u00ab+ Diversidad es M\u00e1s\u00bb. Durante el partido, se lanzaron diversas iniciativas, como explicar el significado del proyecto por la voz del estadio y dedicar todos los LED del estadio a la campa\u00f1a, uniendo los logos de BMW y AC Milan con el signo \u00ab+\u00bb.<\/p>\n<p>&nbsp;<\/p>\n<p><img fetchpriority=\"high\" decoding=\"async\" class=\"aligncenter wp-image-6896 size-full\" src=\"https:\/\/autofans.com.ar\/wp-content\/uploads\/2024\/03\/foto-2.jpg\" alt=\"BMW Italia\" width=\"1000\" height=\"667\" srcset=\"https:\/\/autofans.com.ar\/wp-content\/uploads\/2024\/03\/foto-2.jpg 1000w, https:\/\/autofans.com.ar\/wp-content\/uploads\/2024\/03\/foto-2-300x200.jpg 300w, https:\/\/autofans.com.ar\/wp-content\/uploads\/2024\/03\/foto-2-768x512.jpg 768w\" sizes=\"(max-width: 1000px) 100vw, 1000px\" \/><\/p>\n<p>&nbsp;<\/p>\n<p>La campa\u00f1a se expresa en diversas formas, como \u00abM\u00e1s Belleza, M\u00e1s Perspectivas, M\u00e1s Ideas, M\u00e1s Amor\u00bb, destacando la riqueza que proviene de la diversidad en todos los sectores. La colaboraci\u00f3n entre BMW y AC Milan, renovada en julio del a\u00f1o pasado, se basa en valores compartidos de pasi\u00f3n, estilo, desaf\u00edo y alto rendimiento, as\u00ed como en el compromiso con la sostenibilidad.<\/p>\n<p>&nbsp;<\/p>\n<blockquote>\n<p style=\"text-align: center;\">Giorgio Furlani, director general del AC Milan, manifest\u00f3: \u201cEl vestuario de un club de f\u00fatbol como el nuestro, con chicos y chicas de diferentes pa\u00edses y contextos, historias, intereses e identidades completamente diferentes, es un ejemplo del valor de la diversidad. Es una prueba de c\u00f3mo las personas pueden unirse para lograr objetivos comunes. Con BMW siempre hemos compartido la misma visi\u00f3n: la diversidad es una riqueza que no tiene precio\u00bb.<\/p>\n<\/blockquote>\n<p>&nbsp;<\/p>\n<h2>Compromiso ambiental y social de BMW Italia y AC Milan<\/h2>\n<p>Ambas marcas buscan promover la movilidad sostenible y generar conciencia sobre la reducci\u00f3n del impacto ambiental. El proyecto BMW SpecialMente, iniciado en 2014, destaca el compromiso de BMW Italia con la sociedad, apoyando la inclusi\u00f3n, la convivencia entre culturas, el medio ambiente y el desarrollo social.<\/p>\n<p>&nbsp;<\/p>\n<p><img decoding=\"async\" class=\"aligncenter wp-image-6897 size-full\" src=\"https:\/\/autofans.com.ar\/wp-content\/uploads\/2024\/03\/foto-1.jpg\" alt=\"BMW Italia\" width=\"1000\" height=\"667\" srcset=\"https:\/\/autofans.com.ar\/wp-content\/uploads\/2024\/03\/foto-1.jpg 1000w, https:\/\/autofans.com.ar\/wp-content\/uploads\/2024\/03\/foto-1-300x200.jpg 300w, https:\/\/autofans.com.ar\/wp-content\/uploads\/2024\/03\/foto-1-768x512.jpg 768w\" sizes=\"(max-width: 1000px) 100vw, 1000px\" \/><\/p>\n<p>&nbsp;<\/p>\n<p>AC Milan, a trav\u00e9s de su Manifiesto RespAct y la Fondazione Milan, comparte el compromiso con los valores positivos del deporte. La asociaci\u00f3n entre BMW y AC Milan continuar\u00e1, con planes de eventos e iniciativas para conectar y entusiasmar a los aficionados en los pr\u00f3ximos a\u00f1os. Uniendo fuerzas, ambas marcas buscan impactar positivamente en el deporte, el automovilismo, la innovaci\u00f3n, la sostenibilidad y el estilo de vida.<\/p>\n<p>&nbsp;<\/p>\n<p>&nbsp;<\/p>\n<p><i>Para enterarte de m\u00e1s novedades, no dejes de leer\u00a0<\/i><a href=\"https:\/\/autofans.thebrandsoup.com\/\"><i>nuestras notas<\/i><\/a><i>, de ver<\/i><b><i>\u00a0<\/i><\/b><a href=\"https:\/\/www.youtube.com\/channel\/UCgAC8UGHZYbT6P7PpmVnP7g\"><b><i>AUTOFANS TV<\/i><\/b><\/a><b><i>\u00a0<\/i><\/b><i>en nuestro\u00a0canal de Youtube. Adem\u00e1s seguinos en\u00a0<\/i><a href=\"https:\/\/www.instagram.com\/autofanstv\/\"><i>INSTAGRAM<\/i><\/a><i> y <\/i><a href=\"https:\/\/www.facebook.com\/autofansmas\/\"><i>FACEBOOK<\/i><\/a><i> para no perderte nada sobre las novedades del segmento automotor de Argentina y el mundo.<\/i><\/p>\n","protected":false},"excerpt":{"rendered":"<p>BMW Italia y el club de f\u00fatbol AC Milan se unen en la iniciativa \u00ab+&#8230;<\/p>\n","protected":false},"author":2,"featured_media":6895,"comment_status":"closed","ping_status":"closed","sticky":false,"template":"","format":"standard","meta":{"footnotes":""},"categories":[6,16],"tags":[185,213,216,3671,3670,1566,3673,3088,3672],"class_list":["post-6893","post","type-post","status-publish","format-standard","has-post-thumbnail","hentry","category-bizstyle","category-noticias","tag-automovilismo","tag-innovacion","tag-sostenibilidad","tag-ac-milan","tag-bmw-italia","tag-compromiso-social","tag-deporte","tag-diversidad-e-inclusion","tag-serie-a"],"yoast_head":"<!-- This site is optimized with the Yoast SEO plugin v27.5 - https:\/\/yoast.com\/product\/yoast-seo-wordpress\/ -->\n<title>&quot;+ Diversity is More&quot;, BMW Italia y AC Milan juntos por la diversidad -<\/title>\n<meta name=\"description\" content=\"BMW Italia y el club de f\u00fatbol AC Milan se unen en la iniciativa &quot;+ Diversity is More&quot; para fomentar la diversidad y la inclusi\u00f3n social...\" \/>\n<meta name=\"robots\" content=\"index, follow, max-snippet:-1, max-image-preview:large, max-video-preview:-1\" \/>\n<link rel=\"canonical\" href=\"https:\/\/autofans.com.ar\/index.php\/2024\/03\/01\/diversity-is-more-bmw-italia-y-ac-milan-juntos-por-la-diversidad\/\" \/>\n<meta property=\"og:locale\" content=\"es_ES\" \/>\n<meta property=\"og:type\" content=\"article\" \/>\n<meta property=\"og:title\" content=\"&quot;+ Diversity is More&quot;, BMW Italia y AC Milan juntos por la diversidad -\" \/>\n<meta property=\"og:description\" content=\"BMW Italia y el club de f\u00fatbol AC Milan se unen en la iniciativa &quot;+ Diversity is More&quot; para fomentar la diversidad y la inclusi\u00f3n social...\" \/>\n<meta property=\"og:url\" content=\"https:\/\/autofans.com.ar\/index.php\/2024\/03\/01\/diversity-is-more-bmw-italia-y-ac-milan-juntos-por-la-diversidad\/\" \/>\n<meta property=\"article:published_time\" content=\"2024-03-01T16:50:47+00:00\" \/>\n<meta property=\"og:image\" content=\"https:\/\/autofans.com.ar\/wp-content\/uploads\/2024\/03\/foto-3.jpg\" \/>\n\t<meta property=\"og:image:width\" content=\"640\" \/>\n\t<meta property=\"og:image:height\" content=\"427\" \/>\n\t<meta property=\"og:image:type\" content=\"image\/jpeg\" \/>\n<meta name=\"author\" content=\"Alejandro Gabriel Rosito\" \/>\n<meta name=\"twitter:card\" content=\"summary_large_image\" \/>\n<meta name=\"twitter:label1\" content=\"Escrito por\" \/>\n\t<meta name=\"twitter:data1\" content=\"Alejandro Gabriel Rosito\" \/>\n\t<meta name=\"twitter:label2\" content=\"Tiempo de lectura\" \/>\n\t<meta name=\"twitter:data2\" content=\"3 minutos\" \/>\n<script type=\"application\/ld+json\" class=\"yoast-schema-graph\">{\"@context\":\"https:\\\/\\\/schema.org\",\"@graph\":[{\"@type\":\"Article\",\"@id\":\"https:\\\/\\\/autofans.com.ar\\\/index.php\\\/2024\\\/03\\\/01\\\/diversity-is-more-bmw-italia-y-ac-milan-juntos-por-la-diversidad\\\/#article\",\"isPartOf\":{\"@id\":\"https:\\\/\\\/autofans.com.ar\\\/index.php\\\/2024\\\/03\\\/01\\\/diversity-is-more-bmw-italia-y-ac-milan-juntos-por-la-diversidad\\\/\"},\"author\":{\"name\":\"Alejandro Gabriel Rosito\",\"@id\":\"https:\\\/\\\/autofans.com.ar\\\/#\\\/schema\\\/person\\\/4a8dda0b6df83ac3d6723e921274c2aa\"},\"headline\":\"\u00ab+ Diversity is More\u00bb, BMW Italia y AC Milan juntos por la diversidad\",\"datePublished\":\"2024-03-01T16:50:47+00:00\",\"mainEntityOfPage\":{\"@id\":\"https:\\\/\\\/autofans.com.ar\\\/index.php\\\/2024\\\/03\\\/01\\\/diversity-is-more-bmw-italia-y-ac-milan-juntos-por-la-diversidad\\\/\"},\"wordCount\":556,\"image\":{\"@id\":\"https:\\\/\\\/autofans.com.ar\\\/index.php\\\/2024\\\/03\\\/01\\\/diversity-is-more-bmw-italia-y-ac-milan-juntos-por-la-diversidad\\\/#primaryimage\"},\"thumbnailUrl\":\"https:\\\/\\\/autofans.com.ar\\\/wp-content\\\/uploads\\\/2024\\\/03\\\/foto-3.jpg\",\"keywords\":[\"#automovilismo\",\"#innovaci\u00f3n\",\"#sostenibilidad\",\"AC Milan\",\"BMW Italia\",\"compromiso social\",\"Deporte\",\"Diversidad e inclusi\u00f3n\",\"Serie A\"],\"articleSection\":[\"BIZSTYLE\",\"NOTICIAS\"],\"inLanguage\":\"es\"},{\"@type\":\"WebPage\",\"@id\":\"https:\\\/\\\/autofans.com.ar\\\/index.php\\\/2024\\\/03\\\/01\\\/diversity-is-more-bmw-italia-y-ac-milan-juntos-por-la-diversidad\\\/\",\"url\":\"https:\\\/\\\/autofans.com.ar\\\/index.php\\\/2024\\\/03\\\/01\\\/diversity-is-more-bmw-italia-y-ac-milan-juntos-por-la-diversidad\\\/\",\"name\":\"\\\"+ Diversity is More\\\", BMW Italia y AC Milan juntos por la diversidad -\",\"isPartOf\":{\"@id\":\"https:\\\/\\\/autofans.com.ar\\\/#website\"},\"primaryImageOfPage\":{\"@id\":\"https:\\\/\\\/autofans.com.ar\\\/index.php\\\/2024\\\/03\\\/01\\\/diversity-is-more-bmw-italia-y-ac-milan-juntos-por-la-diversidad\\\/#primaryimage\"},\"image\":{\"@id\":\"https:\\\/\\\/autofans.com.ar\\\/index.php\\\/2024\\\/03\\\/01\\\/diversity-is-more-bmw-italia-y-ac-milan-juntos-por-la-diversidad\\\/#primaryimage\"},\"thumbnailUrl\":\"https:\\\/\\\/autofans.com.ar\\\/wp-content\\\/uploads\\\/2024\\\/03\\\/foto-3.jpg\",\"datePublished\":\"2024-03-01T16:50:47+00:00\",\"author\":{\"@id\":\"https:\\\/\\\/autofans.com.ar\\\/#\\\/schema\\\/person\\\/4a8dda0b6df83ac3d6723e921274c2aa\"},\"description\":\"BMW Italia y el club de f\u00fatbol AC Milan se unen en la iniciativa \\\"+ Diversity is More\\\" para fomentar la diversidad y la inclusi\u00f3n social...\",\"breadcrumb\":{\"@id\":\"https:\\\/\\\/autofans.com.ar\\\/index.php\\\/2024\\\/03\\\/01\\\/diversity-is-more-bmw-italia-y-ac-milan-juntos-por-la-diversidad\\\/#breadcrumb\"},\"inLanguage\":\"es\",\"potentialAction\":[{\"@type\":\"ReadAction\",\"target\":[\"https:\\\/\\\/autofans.com.ar\\\/index.php\\\/2024\\\/03\\\/01\\\/diversity-is-more-bmw-italia-y-ac-milan-juntos-por-la-diversidad\\\/\"]}]},{\"@type\":\"ImageObject\",\"inLanguage\":\"es\",\"@id\":\"https:\\\/\\\/autofans.com.ar\\\/index.php\\\/2024\\\/03\\\/01\\\/diversity-is-more-bmw-italia-y-ac-milan-juntos-por-la-diversidad\\\/#primaryimage\",\"url\":\"https:\\\/\\\/autofans.com.ar\\\/wp-content\\\/uploads\\\/2024\\\/03\\\/foto-3.jpg\",\"contentUrl\":\"https:\\\/\\\/autofans.com.ar\\\/wp-content\\\/uploads\\\/2024\\\/03\\\/foto-3.jpg\",\"width\":1000,\"height\":667,\"caption\":\"BMW Italia\"},{\"@type\":\"BreadcrumbList\",\"@id\":\"https:\\\/\\\/autofans.com.ar\\\/index.php\\\/2024\\\/03\\\/01\\\/diversity-is-more-bmw-italia-y-ac-milan-juntos-por-la-diversidad\\\/#breadcrumb\",\"itemListElement\":[{\"@type\":\"ListItem\",\"position\":1,\"name\":\"Inicio\",\"item\":\"https:\\\/\\\/autofans.com.ar\\\/\"},{\"@type\":\"ListItem\",\"position\":2,\"name\":\"\u00ab+ Diversity is More\u00bb, BMW Italia y AC Milan juntos por la diversidad\"}]},{\"@type\":\"WebSite\",\"@id\":\"https:\\\/\\\/autofans.com.ar\\\/#website\",\"url\":\"https:\\\/\\\/autofans.com.ar\\\/\",\"name\":\"\",\"description\":\"El multimedio referente de la industria automotriz\",\"potentialAction\":[{\"@type\":\"SearchAction\",\"target\":{\"@type\":\"EntryPoint\",\"urlTemplate\":\"https:\\\/\\\/autofans.com.ar\\\/?s={search_term_string}\"},\"query-input\":{\"@type\":\"PropertyValueSpecification\",\"valueRequired\":true,\"valueName\":\"search_term_string\"}}],\"inLanguage\":\"es\"},{\"@type\":\"Person\",\"@id\":\"https:\\\/\\\/autofans.com.ar\\\/#\\\/schema\\\/person\\\/4a8dda0b6df83ac3d6723e921274c2aa\",\"name\":\"Alejandro Gabriel Rosito\",\"image\":{\"@type\":\"ImageObject\",\"inLanguage\":\"es\",\"@id\":\"https:\\\/\\\/secure.gravatar.com\\\/avatar\\\/16c5dda1489adfc62618084dcbb91cffd879c374b13fe5dd8e44ed6733852c88?s=96&d=mm&r=g\",\"url\":\"https:\\\/\\\/secure.gravatar.com\\\/avatar\\\/16c5dda1489adfc62618084dcbb91cffd879c374b13fe5dd8e44ed6733852c88?s=96&d=mm&r=g\",\"contentUrl\":\"https:\\\/\\\/secure.gravatar.com\\\/avatar\\\/16c5dda1489adfc62618084dcbb91cffd879c374b13fe5dd8e44ed6733852c88?s=96&d=mm&r=g\",\"caption\":\"Alejandro Gabriel Rosito\"},\"url\":\"https:\\\/\\\/autofans.com.ar\\\/index.php\\\/author\\\/gabrielr\\\/\"}]}<\/script>\n<!-- \/ Yoast SEO plugin. -->","yoast_head_json":{"title":"\"+ Diversity is More\", BMW Italia y AC Milan juntos por la diversidad -","description":"BMW Italia y el club de f\u00fatbol AC Milan se unen en la iniciativa \"+ Diversity is More\" para fomentar la diversidad y la inclusi\u00f3n social...","robots":{"index":"index","follow":"follow","max-snippet":"max-snippet:-1","max-image-preview":"max-image-preview:large","max-video-preview":"max-video-preview:-1"},"canonical":"https:\/\/autofans.com.ar\/index.php\/2024\/03\/01\/diversity-is-more-bmw-italia-y-ac-milan-juntos-por-la-diversidad\/","og_locale":"es_ES","og_type":"article","og_title":"\"+ Diversity is More\", BMW Italia y AC Milan juntos por la diversidad -","og_description":"BMW Italia y el club de f\u00fatbol AC Milan se unen en la iniciativa \"+ Diversity is More\" para fomentar la diversidad y la inclusi\u00f3n social...","og_url":"https:\/\/autofans.com.ar\/index.php\/2024\/03\/01\/diversity-is-more-bmw-italia-y-ac-milan-juntos-por-la-diversidad\/","article_published_time":"2024-03-01T16:50:47+00:00","og_image":[{"url":"https:\/\/autofans.com.ar\/wp-content\/uploads\/2024\/03\/foto-3.jpg","width":640,"height":427,"type":"image\/jpeg"}],"author":"Alejandro Gabriel Rosito","twitter_card":"summary_large_image","twitter_misc":{"Escrito por":"Alejandro Gabriel Rosito","Tiempo de lectura":"3 minutos"},"schema":{"@context":"https:\/\/schema.org","@graph":[{"@type":"Article","@id":"https:\/\/autofans.com.ar\/index.php\/2024\/03\/01\/diversity-is-more-bmw-italia-y-ac-milan-juntos-por-la-diversidad\/#article","isPartOf":{"@id":"https:\/\/autofans.com.ar\/index.php\/2024\/03\/01\/diversity-is-more-bmw-italia-y-ac-milan-juntos-por-la-diversidad\/"},"author":{"name":"Alejandro Gabriel Rosito","@id":"https:\/\/autofans.com.ar\/#\/schema\/person\/4a8dda0b6df83ac3d6723e921274c2aa"},"headline":"\u00ab+ Diversity is More\u00bb, BMW Italia y AC Milan juntos por la diversidad","datePublished":"2024-03-01T16:50:47+00:00","mainEntityOfPage":{"@id":"https:\/\/autofans.com.ar\/index.php\/2024\/03\/01\/diversity-is-more-bmw-italia-y-ac-milan-juntos-por-la-diversidad\/"},"wordCount":556,"image":{"@id":"https:\/\/autofans.com.ar\/index.php\/2024\/03\/01\/diversity-is-more-bmw-italia-y-ac-milan-juntos-por-la-diversidad\/#primaryimage"},"thumbnailUrl":"https:\/\/autofans.com.ar\/wp-content\/uploads\/2024\/03\/foto-3.jpg","keywords":["#automovilismo","#innovaci\u00f3n","#sostenibilidad","AC Milan","BMW Italia","compromiso social","Deporte","Diversidad e inclusi\u00f3n","Serie A"],"articleSection":["BIZSTYLE","NOTICIAS"],"inLanguage":"es"},{"@type":"WebPage","@id":"https:\/\/autofans.com.ar\/index.php\/2024\/03\/01\/diversity-is-more-bmw-italia-y-ac-milan-juntos-por-la-diversidad\/","url":"https:\/\/autofans.com.ar\/index.php\/2024\/03\/01\/diversity-is-more-bmw-italia-y-ac-milan-juntos-por-la-diversidad\/","name":"\"+ Diversity is More\", BMW Italia y AC Milan juntos por la diversidad -","isPartOf":{"@id":"https:\/\/autofans.com.ar\/#website"},"primaryImageOfPage":{"@id":"https:\/\/autofans.com.ar\/index.php\/2024\/03\/01\/diversity-is-more-bmw-italia-y-ac-milan-juntos-por-la-diversidad\/#primaryimage"},"image":{"@id":"https:\/\/autofans.com.ar\/index.php\/2024\/03\/01\/diversity-is-more-bmw-italia-y-ac-milan-juntos-por-la-diversidad\/#primaryimage"},"thumbnailUrl":"https:\/\/autofans.com.ar\/wp-content\/uploads\/2024\/03\/foto-3.jpg","datePublished":"2024-03-01T16:50:47+00:00","author":{"@id":"https:\/\/autofans.com.ar\/#\/schema\/person\/4a8dda0b6df83ac3d6723e921274c2aa"},"description":"BMW Italia y el club de f\u00fatbol AC Milan se unen en la iniciativa \"+ Diversity is More\" para fomentar la diversidad y la inclusi\u00f3n social...","breadcrumb":{"@id":"https:\/\/autofans.com.ar\/index.php\/2024\/03\/01\/diversity-is-more-bmw-italia-y-ac-milan-juntos-por-la-diversidad\/#breadcrumb"},"inLanguage":"es","potentialAction":[{"@type":"ReadAction","target":["https:\/\/autofans.com.ar\/index.php\/2024\/03\/01\/diversity-is-more-bmw-italia-y-ac-milan-juntos-por-la-diversidad\/"]}]},{"@type":"ImageObject","inLanguage":"es","@id":"https:\/\/autofans.com.ar\/index.php\/2024\/03\/01\/diversity-is-more-bmw-italia-y-ac-milan-juntos-por-la-diversidad\/#primaryimage","url":"https:\/\/autofans.com.ar\/wp-content\/uploads\/2024\/03\/foto-3.jpg","contentUrl":"https:\/\/autofans.com.ar\/wp-content\/uploads\/2024\/03\/foto-3.jpg","width":1000,"height":667,"caption":"BMW Italia"},{"@type":"BreadcrumbList","@id":"https:\/\/autofans.com.ar\/index.php\/2024\/03\/01\/diversity-is-more-bmw-italia-y-ac-milan-juntos-por-la-diversidad\/#breadcrumb","itemListElement":[{"@type":"ListItem","position":1,"name":"Inicio","item":"https:\/\/autofans.com.ar\/"},{"@type":"ListItem","position":2,"name":"\u00ab+ Diversity is More\u00bb, BMW Italia y AC Milan juntos por la diversidad"}]},{"@type":"WebSite","@id":"https:\/\/autofans.com.ar\/#website","url":"https:\/\/autofans.com.ar\/","name":"","description":"El multimedio referente de la industria automotriz","potentialAction":[{"@type":"SearchAction","target":{"@type":"EntryPoint","urlTemplate":"https:\/\/autofans.com.ar\/?s={search_term_string}"},"query-input":{"@type":"PropertyValueSpecification","valueRequired":true,"valueName":"search_term_string"}}],"inLanguage":"es"},{"@type":"Person","@id":"https:\/\/autofans.com.ar\/#\/schema\/person\/4a8dda0b6df83ac3d6723e921274c2aa","name":"Alejandro Gabriel Rosito","image":{"@type":"ImageObject","inLanguage":"es","@id":"https:\/\/secure.gravatar.com\/avatar\/16c5dda1489adfc62618084dcbb91cffd879c374b13fe5dd8e44ed6733852c88?s=96&d=mm&r=g","url":"https:\/\/secure.gravatar.com\/avatar\/16c5dda1489adfc62618084dcbb91cffd879c374b13fe5dd8e44ed6733852c88?s=96&d=mm&r=g","contentUrl":"https:\/\/secure.gravatar.com\/avatar\/16c5dda1489adfc62618084dcbb91cffd879c374b13fe5dd8e44ed6733852c88?s=96&d=mm&r=g","caption":"Alejandro Gabriel Rosito"},"url":"https:\/\/autofans.com.ar\/index.php\/author\/gabrielr\/"}]}},"featured_image_urls":{"full":["https:\/\/autofans.com.ar\/wp-content\/uploads\/2024\/03\/foto-3.jpg",1000,667,false],"thumbnail":["https:\/\/autofans.com.ar\/wp-content\/uploads\/2024\/03\/foto-3-150x150.jpg",150,150,true],"medium":["https:\/\/autofans.com.ar\/wp-content\/uploads\/2024\/03\/foto-3-300x200.jpg",300,200,true],"medium_large":["https:\/\/autofans.com.ar\/wp-content\/uploads\/2024\/03\/foto-3-768x512.jpg",640,427,true],"large":["https:\/\/autofans.com.ar\/wp-content\/uploads\/2024\/03\/foto-3.jpg",640,427,false],"1536x1536":["https:\/\/autofans.com.ar\/wp-content\/uploads\/2024\/03\/foto-3.jpg",1000,667,false],"2048x2048":["https:\/\/autofans.com.ar\/wp-content\/uploads\/2024\/03\/foto-3.jpg",1000,667,false],"covernews-featured":["https:\/\/autofans.com.ar\/wp-content\/uploads\/2024\/03\/foto-3.jpg",1000,667,false],"covernews-medium":["https:\/\/autofans.com.ar\/wp-content\/uploads\/2024\/03\/foto-3-540x340.jpg",540,340,true]},"author_info":{"display_name":"Alejandro Gabriel Rosito","author_link":"https:\/\/autofans.com.ar\/index.php\/author\/gabrielr\/"},"category_info":"<a href=\"https:\/\/autofans.com.ar\/index.php\/category\/noticias\/bizstyle\/\" rel=\"category tag\">BIZSTYLE<\/a> <a href=\"https:\/\/autofans.com.ar\/index.php\/category\/noticias\/\" rel=\"category tag\">NOTICIAS<\/a>","tag_info":"NOTICIAS","comment_count":0,"_links":{"self":[{"href":"https:\/\/autofans.com.ar\/index.php\/wp-json\/wp\/v2\/posts\/6893","targetHints":{"allow":["GET"]}}],"collection":[{"href":"https:\/\/autofans.com.ar\/index.php\/wp-json\/wp\/v2\/posts"}],"about":[{"href":"https:\/\/autofans.com.ar\/index.php\/wp-json\/wp\/v2\/types\/post"}],"author":[{"embeddable":true,"href":"https:\/\/autofans.com.ar\/index.php\/wp-json\/wp\/v2\/users\/2"}],"replies":[{"embeddable":true,"href":"https:\/\/autofans.com.ar\/index.php\/wp-json\/wp\/v2\/comments?post=6893"}],"version-history":[{"count":2,"href":"https:\/\/autofans.com.ar\/index.php\/wp-json\/wp\/v2\/posts\/6893\/revisions"}],"predecessor-version":[{"id":6898,"href":"https:\/\/autofans.com.ar\/index.php\/wp-json\/wp\/v2\/posts\/6893\/revisions\/6898"}],"wp:featuredmedia":[{"embeddable":true,"href":"https:\/\/autofans.com.ar\/index.php\/wp-json\/wp\/v2\/media\/6895"}],"wp:attachment":[{"href":"https:\/\/autofans.com.ar\/index.php\/wp-json\/wp\/v2\/media?parent=6893"}],"wp:term":[{"taxonomy":"category","embeddable":true,"href":"https:\/\/autofans.com.ar\/index.php\/wp-json\/wp\/v2\/categories?post=6893"},{"taxonomy":"post_tag","embeddable":true,"href":"https:\/\/autofans.com.ar\/index.php\/wp-json\/wp\/v2\/tags?post=6893"}],"curies":[{"name":"wp","href":"https:\/\/api.w.org\/{rel}","templated":true}]}}