{"id":6969,"date":"2024-03-07T12:42:26","date_gmt":"2024-03-07T15:42:26","guid":{"rendered":"https:\/\/autofans.com.ar\/?p=6969"},"modified":"2024-03-07T12:42:26","modified_gmt":"2024-03-07T15:42:26","slug":"iveco-s-way-my24-ganador-del-if-design-award-2024","status":"publish","type":"post","link":"https:\/\/autofans.com.ar\/index.php\/2024\/03\/07\/iveco-s-way-my24-ganador-del-if-design-award-2024\/","title":{"rendered":"IVECO S-Way MY24, ganador del iF DESIGN AWARD 2024"},"content":{"rendered":"<p>Tur\u00edn, 05 de marzo de 2024 &#8211; IVECO S-Way MY24 ha sido galardonado con el codiciado iF DESIGN AWARD 2024 en la categor\u00eda de Dise\u00f1o de Producto de Autom\u00f3viles\/Veh\u00edculos. Este reconocimiento, otorgado por la iF International Forum Design GmbH, destaca la excelencia en dise\u00f1o e innovaci\u00f3n en todo el mundo.<\/p>\n<p>&nbsp;<\/p>\n<h2>Dise\u00f1o vanguardista, elegancia personalizable<\/h2>\n<p>El nuevo S-Way ha conquistado a un panel de 132 expertos internacionales en dise\u00f1o, superando a m\u00e1s de 11,000 participantes de 72 pa\u00edses. El jurado elogi\u00f3 las mejoras din\u00e1micas en el exterior y la renovaci\u00f3n ergon\u00f3mica del interior, manteniendo al conductor como el enfoque principal de la experiencia.<\/p>\n<p>&nbsp;<\/p>\n<p><img fetchpriority=\"high\" decoding=\"async\" class=\"aligncenter wp-image-6971 size-full\" src=\"https:\/\/autofans.com.ar\/wp-content\/uploads\/2024\/03\/iveco-4.jpg\" alt=\"IVECO S-Way MY24\" width=\"1000\" height=\"667\" srcset=\"https:\/\/autofans.com.ar\/wp-content\/uploads\/2024\/03\/iveco-4.jpg 1000w, https:\/\/autofans.com.ar\/wp-content\/uploads\/2024\/03\/iveco-4-300x200.jpg 300w, https:\/\/autofans.com.ar\/wp-content\/uploads\/2024\/03\/iveco-4-768x512.jpg 768w\" sizes=\"(max-width: 1000px) 100vw, 1000px\" \/><\/p>\n<p>&nbsp;<\/p>\n<p>El dise\u00f1o exterior se distingue por una parrilla reperfilada y personalizable, con m\u00faltiples opciones de personalizaci\u00f3n, incluyendo el nuevo logo de IVECO en cromo o mate de pistola. La parrilla est\u00e1 disponible en ocho estilos diferentes y opciones de color, desde acabados brillantes hasta elementos met\u00e1licos, ofreciendo una est\u00e9tica premium y distintiva.<\/p>\n<p>&nbsp;<\/p>\n<blockquote>\n<p style=\"text-align: center;\">Marco Armigliato, Jefe de Dise\u00f1o Industrial de Iveco Group coment\u00f3: \u00abEstamos muy orgullosos de que el nuevo IVECO S-Way haya sido galardonado con el premio iF DESIGN AWARD. Sentimos que este cami\u00f3n es el IVECO S-Way m\u00e1s impresionante en la historia del modelo, fusionando est\u00e9ticas s\u00f3lidas con impresionantes ergonom\u00edas. Con a\u00fan m\u00e1s opciones de personalizaci\u00f3n disponibles que nunca, los clientes pueden inyectar su propia personalidad a este veh\u00edculo altamente capaz\u00bb.<\/p>\n<\/blockquote>\n<p>&nbsp;<\/p>\n<h2>Confort y tecnolog\u00eda, todo en un solo interior<\/h2>\n<p>En el interior, el S-Way MY24 presenta un tablero personalizable resultado de un profundo estudio de investigaci\u00f3n de UX. Dividido en tres segmentos, ofrece una zona de conducci\u00f3n de alta tecnolog\u00eda, un espacio para pasajeros acogedor y un almacenamiento central adicional para mayor practicidad. Las mejoras ergon\u00f3micas \u00abtipo autom\u00f3vil\u00bb incluyen una posici\u00f3n de asiento mejorada, un volante m\u00e1s peque\u00f1o y vertical, y un ajuste de volante mucho m\u00e1s amplio.<\/p>\n<p>&nbsp;<\/p>\n<div id='gallery-1' class='gallery galleryid-6969 gallery-columns-2 gallery-size-full'><figure class='gallery-item'>\n\t\t\t<div class='gallery-icon landscape'>\n\t\t\t\t<a href='https:\/\/autofans.com.ar\/index.php\/2024\/03\/07\/iveco-s-way-my24-ganador-del-if-design-award-2024\/iveco-1-8\/'><img loading=\"lazy\" width=\"1000\" height=\"667\" src=\"https:\/\/autofans.com.ar\/wp-content\/uploads\/2024\/03\/iveco-1.jpg\" class=\"attachment-full size-full\" alt=\"IVECO S-Way MY24\" srcset=\"https:\/\/autofans.com.ar\/wp-content\/uploads\/2024\/03\/iveco-1.jpg 1000w, https:\/\/autofans.com.ar\/wp-content\/uploads\/2024\/03\/iveco-1-300x200.jpg 300w, https:\/\/autofans.com.ar\/wp-content\/uploads\/2024\/03\/iveco-1-768x512.jpg 768w\" sizes=\"auto, (max-width: 1000px) 100vw, 1000px\" loading=\"lazy\" decoding=\"async\" \/><\/a>\n\t\t\t<\/div><\/figure><figure class='gallery-item'>\n\t\t\t<div class='gallery-icon landscape'>\n\t\t\t\t<a href='https:\/\/autofans.com.ar\/index.php\/2024\/03\/07\/iveco-s-way-my24-ganador-del-if-design-award-2024\/iveco-2-8\/'><img loading=\"lazy\" width=\"1000\" height=\"667\" src=\"https:\/\/autofans.com.ar\/wp-content\/uploads\/2024\/03\/iveco-2.jpg\" class=\"attachment-full size-full\" alt=\"IVECO S-Way MY24\" srcset=\"https:\/\/autofans.com.ar\/wp-content\/uploads\/2024\/03\/iveco-2.jpg 1000w, https:\/\/autofans.com.ar\/wp-content\/uploads\/2024\/03\/iveco-2-300x200.jpg 300w, https:\/\/autofans.com.ar\/wp-content\/uploads\/2024\/03\/iveco-2-768x512.jpg 768w\" sizes=\"auto, (max-width: 1000px) 100vw, 1000px\" loading=\"lazy\" decoding=\"async\" \/><\/a>\n\t\t\t<\/div><\/figure>\n\t\t<\/div>\n\n<p>&nbsp;<\/p>\n<p>El cami\u00f3n l\u00edder de carretera de la gama MY24 IVECO no solo impresiona con su dise\u00f1o, sino tambi\u00e9n con nuevas caracter\u00edsticas avanzadas, como el motor xCursor 13 potente y eficiente, mejor aerodin\u00e1mica, GPS predictivo de \u00faltima generaci\u00f3n y niveles de confort mejorados. Estas innovaciones est\u00e1n dise\u00f1adas para mejorar la productividad empresarial y proporcionar una experiencia a bordo m\u00e1s c\u00f3moda, segura y conectada, consolidando al IVECO S-Way MY24 como el m\u00e1s capaz de la serie IVECO Way hasta la fecha.<\/p>\n<p>&nbsp;<\/p>\n<p>&nbsp;<\/p>\n<p><i>Para enterarte de m\u00e1s novedades, no dejes de leer\u00a0<\/i><a href=\"https:\/\/autofans.thebrandsoup.com\/\"><i>nuestras notas<\/i><\/a><i>, de ver<\/i><b><i>\u00a0<\/i><\/b><a href=\"https:\/\/www.youtube.com\/channel\/UCgAC8UGHZYbT6P7PpmVnP7g\"><b><i>AUTOFANS TV<\/i><\/b><\/a><b><i>\u00a0<\/i><\/b><i>en nuestro\u00a0canal de Youtube. Adem\u00e1s seguinos en\u00a0<\/i><a href=\"https:\/\/www.instagram.com\/autofanstv\/\"><i>INSTAGRAM<\/i><\/a><i> y <\/i><a href=\"https:\/\/www.facebook.com\/autofansmas\/\"><i>FACEBOOK<\/i><\/a><i> para no perderte nada sobre las novedades del segmento automotor de Argentina y el mundo.<\/i><\/p>\n","protected":false},"excerpt":{"rendered":"<p>Tur\u00edn, 05 de marzo de 2024 &#8211; IVECO S-Way MY24 ha sido galardonado con el&#8230;<\/p>\n","protected":false},"author":2,"featured_media":6972,"comment_status":"closed","ping_status":"closed","sticky":false,"template":"","format":"standard","meta":{"footnotes":""},"categories":[16,10],"tags":[3711,3712,3709,2163,3708,3710],"class_list":["post-6969","post","type-post","status-publish","format-standard","has-post-thumbnail","hentry","category-noticias","category-utilitarios-y-pesados-lanzamientos","tag-camion-my24","tag-conduccion-ergonomica","tag-diseno-de-producto","tag-innovacion-en-automoviles","tag-iveco-s-way","tag-premio-if-design-award-2024"],"yoast_head":"<!-- This site is optimized with the Yoast SEO plugin v27.5 - https:\/\/yoast.com\/product\/yoast-seo-wordpress\/ -->\n<title>IVECO S-Way MY24, ganador del iF DESIGN AWARD 2024 -<\/title>\n<meta name=\"description\" content=\"IVECO S-Way MY24 ha sido galardonado con el codiciado iF DESIGN AWARD 2024 en la categor\u00eda de Dise\u00f1o de Producto de Autom\u00f3viles\/Veh\u00edculos...\" \/>\n<meta name=\"robots\" content=\"index, follow, max-snippet:-1, max-image-preview:large, max-video-preview:-1\" \/>\n<link rel=\"canonical\" href=\"https:\/\/autofans.com.ar\/index.php\/2024\/03\/07\/iveco-s-way-my24-ganador-del-if-design-award-2024\/\" \/>\n<meta property=\"og:locale\" content=\"es_ES\" \/>\n<meta property=\"og:type\" content=\"article\" \/>\n<meta property=\"og:title\" content=\"IVECO S-Way MY24, ganador del iF DESIGN AWARD 2024 -\" \/>\n<meta property=\"og:description\" content=\"IVECO S-Way MY24 ha sido galardonado con el codiciado iF DESIGN AWARD 2024 en la categor\u00eda de Dise\u00f1o de Producto de Autom\u00f3viles\/Veh\u00edculos...\" \/>\n<meta property=\"og:url\" content=\"https:\/\/autofans.com.ar\/index.php\/2024\/03\/07\/iveco-s-way-my24-ganador-del-if-design-award-2024\/\" \/>\n<meta property=\"article:published_time\" content=\"2024-03-07T15:42:26+00:00\" \/>\n<meta property=\"og:image\" content=\"https:\/\/autofans.com.ar\/wp-content\/uploads\/2024\/03\/iveco-3.jpg\" \/>\n\t<meta property=\"og:image:width\" content=\"640\" \/>\n\t<meta property=\"og:image:height\" content=\"427\" \/>\n\t<meta property=\"og:image:type\" content=\"image\/jpeg\" \/>\n<meta name=\"author\" content=\"Alejandro Gabriel Rosito\" \/>\n<meta name=\"twitter:card\" content=\"summary_large_image\" \/>\n<meta name=\"twitter:label1\" content=\"Escrito por\" \/>\n\t<meta name=\"twitter:data1\" content=\"Alejandro Gabriel Rosito\" \/>\n\t<meta name=\"twitter:label2\" content=\"Tiempo de lectura\" \/>\n\t<meta name=\"twitter:data2\" content=\"3 minutos\" \/>\n<script type=\"application\/ld+json\" class=\"yoast-schema-graph\">{\"@context\":\"https:\\\/\\\/schema.org\",\"@graph\":[{\"@type\":\"Article\",\"@id\":\"https:\\\/\\\/autofans.com.ar\\\/index.php\\\/2024\\\/03\\\/07\\\/iveco-s-way-my24-ganador-del-if-design-award-2024\\\/#article\",\"isPartOf\":{\"@id\":\"https:\\\/\\\/autofans.com.ar\\\/index.php\\\/2024\\\/03\\\/07\\\/iveco-s-way-my24-ganador-del-if-design-award-2024\\\/\"},\"author\":{\"name\":\"Alejandro Gabriel Rosito\",\"@id\":\"https:\\\/\\\/autofans.com.ar\\\/#\\\/schema\\\/person\\\/4a8dda0b6df83ac3d6723e921274c2aa\"},\"headline\":\"IVECO S-Way MY24, ganador del iF DESIGN AWARD 2024\",\"datePublished\":\"2024-03-07T15:42:26+00:00\",\"mainEntityOfPage\":{\"@id\":\"https:\\\/\\\/autofans.com.ar\\\/index.php\\\/2024\\\/03\\\/07\\\/iveco-s-way-my24-ganador-del-if-design-award-2024\\\/\"},\"wordCount\":490,\"image\":{\"@id\":\"https:\\\/\\\/autofans.com.ar\\\/index.php\\\/2024\\\/03\\\/07\\\/iveco-s-way-my24-ganador-del-if-design-award-2024\\\/#primaryimage\"},\"thumbnailUrl\":\"https:\\\/\\\/autofans.com.ar\\\/wp-content\\\/uploads\\\/2024\\\/03\\\/iveco-3.jpg\",\"keywords\":[\"Cami\u00f3n MY24\",\"Conducci\u00f3n Ergon\u00f3mica\",\"Dise\u00f1o de Producto\",\"Innovaci\u00f3n en autom\u00f3viles\",\"IVECO S-Way\",\"Premio iF DESIGN AWARD 2024\"],\"articleSection\":[\"NOTICIAS\",\"Pick Ups, Utilitarios y Pesados\"],\"inLanguage\":\"es\"},{\"@type\":\"WebPage\",\"@id\":\"https:\\\/\\\/autofans.com.ar\\\/index.php\\\/2024\\\/03\\\/07\\\/iveco-s-way-my24-ganador-del-if-design-award-2024\\\/\",\"url\":\"https:\\\/\\\/autofans.com.ar\\\/index.php\\\/2024\\\/03\\\/07\\\/iveco-s-way-my24-ganador-del-if-design-award-2024\\\/\",\"name\":\"IVECO S-Way MY24, ganador del iF DESIGN AWARD 2024 -\",\"isPartOf\":{\"@id\":\"https:\\\/\\\/autofans.com.ar\\\/#website\"},\"primaryImageOfPage\":{\"@id\":\"https:\\\/\\\/autofans.com.ar\\\/index.php\\\/2024\\\/03\\\/07\\\/iveco-s-way-my24-ganador-del-if-design-award-2024\\\/#primaryimage\"},\"image\":{\"@id\":\"https:\\\/\\\/autofans.com.ar\\\/index.php\\\/2024\\\/03\\\/07\\\/iveco-s-way-my24-ganador-del-if-design-award-2024\\\/#primaryimage\"},\"thumbnailUrl\":\"https:\\\/\\\/autofans.com.ar\\\/wp-content\\\/uploads\\\/2024\\\/03\\\/iveco-3.jpg\",\"datePublished\":\"2024-03-07T15:42:26+00:00\",\"author\":{\"@id\":\"https:\\\/\\\/autofans.com.ar\\\/#\\\/schema\\\/person\\\/4a8dda0b6df83ac3d6723e921274c2aa\"},\"description\":\"IVECO S-Way MY24 ha sido galardonado con el codiciado iF DESIGN AWARD 2024 en la categor\u00eda de Dise\u00f1o de Producto de Autom\u00f3viles\\\/Veh\u00edculos...\",\"breadcrumb\":{\"@id\":\"https:\\\/\\\/autofans.com.ar\\\/index.php\\\/2024\\\/03\\\/07\\\/iveco-s-way-my24-ganador-del-if-design-award-2024\\\/#breadcrumb\"},\"inLanguage\":\"es\",\"potentialAction\":[{\"@type\":\"ReadAction\",\"target\":[\"https:\\\/\\\/autofans.com.ar\\\/index.php\\\/2024\\\/03\\\/07\\\/iveco-s-way-my24-ganador-del-if-design-award-2024\\\/\"]}]},{\"@type\":\"ImageObject\",\"inLanguage\":\"es\",\"@id\":\"https:\\\/\\\/autofans.com.ar\\\/index.php\\\/2024\\\/03\\\/07\\\/iveco-s-way-my24-ganador-del-if-design-award-2024\\\/#primaryimage\",\"url\":\"https:\\\/\\\/autofans.com.ar\\\/wp-content\\\/uploads\\\/2024\\\/03\\\/iveco-3.jpg\",\"contentUrl\":\"https:\\\/\\\/autofans.com.ar\\\/wp-content\\\/uploads\\\/2024\\\/03\\\/iveco-3.jpg\",\"width\":1000,\"height\":667,\"caption\":\"IVECO S-Way MY24\"},{\"@type\":\"BreadcrumbList\",\"@id\":\"https:\\\/\\\/autofans.com.ar\\\/index.php\\\/2024\\\/03\\\/07\\\/iveco-s-way-my24-ganador-del-if-design-award-2024\\\/#breadcrumb\",\"itemListElement\":[{\"@type\":\"ListItem\",\"position\":1,\"name\":\"Inicio\",\"item\":\"https:\\\/\\\/autofans.com.ar\\\/\"},{\"@type\":\"ListItem\",\"position\":2,\"name\":\"IVECO S-Way MY24, ganador del iF DESIGN AWARD 2024\"}]},{\"@type\":\"WebSite\",\"@id\":\"https:\\\/\\\/autofans.com.ar\\\/#website\",\"url\":\"https:\\\/\\\/autofans.com.ar\\\/\",\"name\":\"\",\"description\":\"El multimedio referente de la industria automotriz\",\"potentialAction\":[{\"@type\":\"SearchAction\",\"target\":{\"@type\":\"EntryPoint\",\"urlTemplate\":\"https:\\\/\\\/autofans.com.ar\\\/?s={search_term_string}\"},\"query-input\":{\"@type\":\"PropertyValueSpecification\",\"valueRequired\":true,\"valueName\":\"search_term_string\"}}],\"inLanguage\":\"es\"},{\"@type\":\"Person\",\"@id\":\"https:\\\/\\\/autofans.com.ar\\\/#\\\/schema\\\/person\\\/4a8dda0b6df83ac3d6723e921274c2aa\",\"name\":\"Alejandro Gabriel Rosito\",\"image\":{\"@type\":\"ImageObject\",\"inLanguage\":\"es\",\"@id\":\"https:\\\/\\\/secure.gravatar.com\\\/avatar\\\/16c5dda1489adfc62618084dcbb91cffd879c374b13fe5dd8e44ed6733852c88?s=96&d=mm&r=g\",\"url\":\"https:\\\/\\\/secure.gravatar.com\\\/avatar\\\/16c5dda1489adfc62618084dcbb91cffd879c374b13fe5dd8e44ed6733852c88?s=96&d=mm&r=g\",\"contentUrl\":\"https:\\\/\\\/secure.gravatar.com\\\/avatar\\\/16c5dda1489adfc62618084dcbb91cffd879c374b13fe5dd8e44ed6733852c88?s=96&d=mm&r=g\",\"caption\":\"Alejandro Gabriel Rosito\"},\"url\":\"https:\\\/\\\/autofans.com.ar\\\/index.php\\\/author\\\/gabrielr\\\/\"}]}<\/script>\n<!-- \/ Yoast SEO plugin. -->","yoast_head_json":{"title":"IVECO S-Way MY24, ganador del iF DESIGN AWARD 2024 -","description":"IVECO S-Way MY24 ha sido galardonado con el codiciado iF DESIGN AWARD 2024 en la categor\u00eda de Dise\u00f1o de Producto de Autom\u00f3viles\/Veh\u00edculos...","robots":{"index":"index","follow":"follow","max-snippet":"max-snippet:-1","max-image-preview":"max-image-preview:large","max-video-preview":"max-video-preview:-1"},"canonical":"https:\/\/autofans.com.ar\/index.php\/2024\/03\/07\/iveco-s-way-my24-ganador-del-if-design-award-2024\/","og_locale":"es_ES","og_type":"article","og_title":"IVECO S-Way MY24, ganador del iF DESIGN AWARD 2024 -","og_description":"IVECO S-Way MY24 ha sido galardonado con el codiciado iF DESIGN AWARD 2024 en la categor\u00eda de Dise\u00f1o de Producto de Autom\u00f3viles\/Veh\u00edculos...","og_url":"https:\/\/autofans.com.ar\/index.php\/2024\/03\/07\/iveco-s-way-my24-ganador-del-if-design-award-2024\/","article_published_time":"2024-03-07T15:42:26+00:00","og_image":[{"url":"https:\/\/autofans.com.ar\/wp-content\/uploads\/2024\/03\/iveco-3.jpg","width":640,"height":427,"type":"image\/jpeg"}],"author":"Alejandro Gabriel Rosito","twitter_card":"summary_large_image","twitter_misc":{"Escrito por":"Alejandro Gabriel Rosito","Tiempo de lectura":"3 minutos"},"schema":{"@context":"https:\/\/schema.org","@graph":[{"@type":"Article","@id":"https:\/\/autofans.com.ar\/index.php\/2024\/03\/07\/iveco-s-way-my24-ganador-del-if-design-award-2024\/#article","isPartOf":{"@id":"https:\/\/autofans.com.ar\/index.php\/2024\/03\/07\/iveco-s-way-my24-ganador-del-if-design-award-2024\/"},"author":{"name":"Alejandro Gabriel Rosito","@id":"https:\/\/autofans.com.ar\/#\/schema\/person\/4a8dda0b6df83ac3d6723e921274c2aa"},"headline":"IVECO S-Way MY24, ganador del iF DESIGN AWARD 2024","datePublished":"2024-03-07T15:42:26+00:00","mainEntityOfPage":{"@id":"https:\/\/autofans.com.ar\/index.php\/2024\/03\/07\/iveco-s-way-my24-ganador-del-if-design-award-2024\/"},"wordCount":490,"image":{"@id":"https:\/\/autofans.com.ar\/index.php\/2024\/03\/07\/iveco-s-way-my24-ganador-del-if-design-award-2024\/#primaryimage"},"thumbnailUrl":"https:\/\/autofans.com.ar\/wp-content\/uploads\/2024\/03\/iveco-3.jpg","keywords":["Cami\u00f3n MY24","Conducci\u00f3n Ergon\u00f3mica","Dise\u00f1o de Producto","Innovaci\u00f3n en autom\u00f3viles","IVECO S-Way","Premio iF DESIGN AWARD 2024"],"articleSection":["NOTICIAS","Pick Ups, Utilitarios y Pesados"],"inLanguage":"es"},{"@type":"WebPage","@id":"https:\/\/autofans.com.ar\/index.php\/2024\/03\/07\/iveco-s-way-my24-ganador-del-if-design-award-2024\/","url":"https:\/\/autofans.com.ar\/index.php\/2024\/03\/07\/iveco-s-way-my24-ganador-del-if-design-award-2024\/","name":"IVECO S-Way MY24, ganador del iF DESIGN AWARD 2024 -","isPartOf":{"@id":"https:\/\/autofans.com.ar\/#website"},"primaryImageOfPage":{"@id":"https:\/\/autofans.com.ar\/index.php\/2024\/03\/07\/iveco-s-way-my24-ganador-del-if-design-award-2024\/#primaryimage"},"image":{"@id":"https:\/\/autofans.com.ar\/index.php\/2024\/03\/07\/iveco-s-way-my24-ganador-del-if-design-award-2024\/#primaryimage"},"thumbnailUrl":"https:\/\/autofans.com.ar\/wp-content\/uploads\/2024\/03\/iveco-3.jpg","datePublished":"2024-03-07T15:42:26+00:00","author":{"@id":"https:\/\/autofans.com.ar\/#\/schema\/person\/4a8dda0b6df83ac3d6723e921274c2aa"},"description":"IVECO S-Way MY24 ha sido galardonado con el codiciado iF DESIGN AWARD 2024 en la categor\u00eda de Dise\u00f1o de Producto de Autom\u00f3viles\/Veh\u00edculos...","breadcrumb":{"@id":"https:\/\/autofans.com.ar\/index.php\/2024\/03\/07\/iveco-s-way-my24-ganador-del-if-design-award-2024\/#breadcrumb"},"inLanguage":"es","potentialAction":[{"@type":"ReadAction","target":["https:\/\/autofans.com.ar\/index.php\/2024\/03\/07\/iveco-s-way-my24-ganador-del-if-design-award-2024\/"]}]},{"@type":"ImageObject","inLanguage":"es","@id":"https:\/\/autofans.com.ar\/index.php\/2024\/03\/07\/iveco-s-way-my24-ganador-del-if-design-award-2024\/#primaryimage","url":"https:\/\/autofans.com.ar\/wp-content\/uploads\/2024\/03\/iveco-3.jpg","contentUrl":"https:\/\/autofans.com.ar\/wp-content\/uploads\/2024\/03\/iveco-3.jpg","width":1000,"height":667,"caption":"IVECO S-Way MY24"},{"@type":"BreadcrumbList","@id":"https:\/\/autofans.com.ar\/index.php\/2024\/03\/07\/iveco-s-way-my24-ganador-del-if-design-award-2024\/#breadcrumb","itemListElement":[{"@type":"ListItem","position":1,"name":"Inicio","item":"https:\/\/autofans.com.ar\/"},{"@type":"ListItem","position":2,"name":"IVECO S-Way MY24, ganador del iF DESIGN AWARD 2024"}]},{"@type":"WebSite","@id":"https:\/\/autofans.com.ar\/#website","url":"https:\/\/autofans.com.ar\/","name":"","description":"El multimedio referente de la industria automotriz","potentialAction":[{"@type":"SearchAction","target":{"@type":"EntryPoint","urlTemplate":"https:\/\/autofans.com.ar\/?s={search_term_string}"},"query-input":{"@type":"PropertyValueSpecification","valueRequired":true,"valueName":"search_term_string"}}],"inLanguage":"es"},{"@type":"Person","@id":"https:\/\/autofans.com.ar\/#\/schema\/person\/4a8dda0b6df83ac3d6723e921274c2aa","name":"Alejandro Gabriel Rosito","image":{"@type":"ImageObject","inLanguage":"es","@id":"https:\/\/secure.gravatar.com\/avatar\/16c5dda1489adfc62618084dcbb91cffd879c374b13fe5dd8e44ed6733852c88?s=96&d=mm&r=g","url":"https:\/\/secure.gravatar.com\/avatar\/16c5dda1489adfc62618084dcbb91cffd879c374b13fe5dd8e44ed6733852c88?s=96&d=mm&r=g","contentUrl":"https:\/\/secure.gravatar.com\/avatar\/16c5dda1489adfc62618084dcbb91cffd879c374b13fe5dd8e44ed6733852c88?s=96&d=mm&r=g","caption":"Alejandro Gabriel Rosito"},"url":"https:\/\/autofans.com.ar\/index.php\/author\/gabrielr\/"}]}},"featured_image_urls":{"full":["https:\/\/autofans.com.ar\/wp-content\/uploads\/2024\/03\/iveco-3.jpg",1000,667,false],"thumbnail":["https:\/\/autofans.com.ar\/wp-content\/uploads\/2024\/03\/iveco-3-150x150.jpg",150,150,true],"medium":["https:\/\/autofans.com.ar\/wp-content\/uploads\/2024\/03\/iveco-3-300x200.jpg",300,200,true],"medium_large":["https:\/\/autofans.com.ar\/wp-content\/uploads\/2024\/03\/iveco-3-768x512.jpg",640,427,true],"large":["https:\/\/autofans.com.ar\/wp-content\/uploads\/2024\/03\/iveco-3.jpg",640,427,false],"1536x1536":["https:\/\/autofans.com.ar\/wp-content\/uploads\/2024\/03\/iveco-3.jpg",1000,667,false],"2048x2048":["https:\/\/autofans.com.ar\/wp-content\/uploads\/2024\/03\/iveco-3.jpg",1000,667,false],"covernews-featured":["https:\/\/autofans.com.ar\/wp-content\/uploads\/2024\/03\/iveco-3.jpg",1000,667,false],"covernews-medium":["https:\/\/autofans.com.ar\/wp-content\/uploads\/2024\/03\/iveco-3-540x340.jpg",540,340,true]},"author_info":{"display_name":"Alejandro Gabriel Rosito","author_link":"https:\/\/autofans.com.ar\/index.php\/author\/gabrielr\/"},"category_info":"<a href=\"https:\/\/autofans.com.ar\/index.php\/category\/noticias\/\" rel=\"category tag\">NOTICIAS<\/a> <a href=\"https:\/\/autofans.com.ar\/index.php\/category\/lanzamientos\/utilitarios-y-pesados-lanzamientos\/\" rel=\"category tag\">Pick Ups, Utilitarios y Pesados<\/a>","tag_info":"Pick Ups, Utilitarios y Pesados","comment_count":0,"_links":{"self":[{"href":"https:\/\/autofans.com.ar\/index.php\/wp-json\/wp\/v2\/posts\/6969","targetHints":{"allow":["GET"]}}],"collection":[{"href":"https:\/\/autofans.com.ar\/index.php\/wp-json\/wp\/v2\/posts"}],"about":[{"href":"https:\/\/autofans.com.ar\/index.php\/wp-json\/wp\/v2\/types\/post"}],"author":[{"embeddable":true,"href":"https:\/\/autofans.com.ar\/index.php\/wp-json\/wp\/v2\/users\/2"}],"replies":[{"embeddable":true,"href":"https:\/\/autofans.com.ar\/index.php\/wp-json\/wp\/v2\/comments?post=6969"}],"version-history":[{"count":2,"href":"https:\/\/autofans.com.ar\/index.php\/wp-json\/wp\/v2\/posts\/6969\/revisions"}],"predecessor-version":[{"id":6975,"href":"https:\/\/autofans.com.ar\/index.php\/wp-json\/wp\/v2\/posts\/6969\/revisions\/6975"}],"wp:featuredmedia":[{"embeddable":true,"href":"https:\/\/autofans.com.ar\/index.php\/wp-json\/wp\/v2\/media\/6972"}],"wp:attachment":[{"href":"https:\/\/autofans.com.ar\/index.php\/wp-json\/wp\/v2\/media?parent=6969"}],"wp:term":[{"taxonomy":"category","embeddable":true,"href":"https:\/\/autofans.com.ar\/index.php\/wp-json\/wp\/v2\/categories?post=6969"},{"taxonomy":"post_tag","embeddable":true,"href":"https:\/\/autofans.com.ar\/index.php\/wp-json\/wp\/v2\/tags?post=6969"}],"curies":[{"name":"wp","href":"https:\/\/api.w.org\/{rel}","templated":true}]}}