{"id":7074,"date":"2024-03-14T16:23:54","date_gmt":"2024-03-14T19:23:54","guid":{"rendered":"https:\/\/autofans.com.ar\/?p=7074"},"modified":"2024-03-14T16:23:54","modified_gmt":"2024-03-14T19:23:54","slug":"totalenergies-y-el-itca-renuevan-su-alianza-por-tercer-ano-consecutivo","status":"publish","type":"post","link":"https:\/\/autofans.com.ar\/index.php\/2024\/03\/14\/totalenergies-y-el-itca-renuevan-su-alianza-por-tercer-ano-consecutivo\/","title":{"rendered":"TotalEnergies y el ITCA renuevan su alianza por tercer a\u00f1o consecutivo"},"content":{"rendered":"<p>TotalEnergies y el ITCA (Instituto Tecnol\u00f3gico de Capacitaci\u00f3n Automotriz) han anunciado la renovaci\u00f3n de su alianza por tercer a\u00f1o seguido, consolidando as\u00ed su compromiso con la educaci\u00f3n y la capacitaci\u00f3n en el sector automotriz.<\/p>\n<p>&nbsp;<\/p>\n<h2>Especializaci\u00f3n en mec\u00e1nica y electr\u00f3nica automotriz<\/h2>\n<p>El ITCA es una entidad dedicada a la formaci\u00f3n profesional, reconocida por su capacitaci\u00f3n especializada en mec\u00e1nica y electr\u00f3nica automotriz, mantenimiento integral de veh\u00edculos livianos y pesados, entre otros cursos. Aprobado por el Ministerio de Educaci\u00f3n, cuenta con una presencia destacada en 5 sedes estrat\u00e9gicas: 2 en el Gran Buenos Aires (Zona Norte y Zona Sur) y 3 en la Ciudad de Buenos Aires, incluyendo la modalidad online para alumnos de todo el pa\u00eds.<\/p>\n<p>&nbsp;<\/p>\n<p><img fetchpriority=\"high\" decoding=\"async\" class=\"aligncenter wp-image-7078 size-full\" src=\"https:\/\/autofans.com.ar\/wp-content\/uploads\/2024\/03\/total-1.jpg\" alt=\"TotalEnergies\" width=\"1000\" height=\"667\" srcset=\"https:\/\/autofans.com.ar\/wp-content\/uploads\/2024\/03\/total-1.jpg 1000w, https:\/\/autofans.com.ar\/wp-content\/uploads\/2024\/03\/total-1-300x200.jpg 300w, https:\/\/autofans.com.ar\/wp-content\/uploads\/2024\/03\/total-1-768x512.jpg 768w\" sizes=\"(max-width: 1000px) 100vw, 1000px\" \/><\/p>\n<p>&nbsp;<\/p>\n<p>La instituci\u00f3n se distingue por su actualizaci\u00f3n constante de contenidos, materiales de trabajo y docentes especializados, adem\u00e1s de una amplia infraestructura que incluye autom\u00f3viles, motocicletas, maquetas did\u00e1cticas de motores de todas las marcas, tableros el\u00e9ctricos y electr\u00f3nicos, equipos de diagn\u00f3stico de \u00faltima generaci\u00f3n y herramientas de taller.<\/p>\n<p>&nbsp;<\/p>\n<blockquote>\n<p style=\"text-align: center;\">\u201cPara TotalEnergies es vital mantener el compromiso con el desarrollo constante de la industria de talleres, as\u00ed como realizar un aporte de valor en la profesionalizaci\u00f3n en diversas \u00e1reas relacionadas con mundo motor. Renovar la alianza con el ITCA nos permite apoyar la formaci\u00f3n a trav\u00e9s de una instituci\u00f3n que ha demostrado desde su origen contar con un firme compromiso hacia la capacitaci\u00f3n de calidad\u201d, expres\u00f3 Jonathan Kleiner, responsable de Marketing de TotalEnergies Argentina.<\/p>\n<\/blockquote>\n<p>&nbsp;<\/p>\n<h2>Alianza TotalEnergies-ITCA en acci\u00f3n<\/h2>\n<p>El acuerdo entre TotalEnergies y el ITCA implica el desarrollo conjunto de acciones y capacitaci\u00f3n t\u00e9cnica, as\u00ed como el uso de productos de la marca TotalEnergies, incluyendo los aceites Quartz, Hi-Perf y ELF durante la formaci\u00f3n. Adem\u00e1s, los alumnos del ITCA disfrutar\u00e1n de beneficios especiales gracias a esta alianza.<\/p>\n<p>&nbsp;<\/p>\n<div id='gallery-1' class='gallery galleryid-7074 gallery-columns-2 gallery-size-full'><figure class='gallery-item'>\n\t\t\t<div class='gallery-icon landscape'>\n\t\t\t\t<a href='https:\/\/autofans.com.ar\/index.php\/2024\/03\/14\/totalenergies-y-el-itca-renuevan-su-alianza-por-tercer-ano-consecutivo\/total-3\/'><img loading=\"lazy\" width=\"1000\" height=\"667\" src=\"https:\/\/autofans.com.ar\/wp-content\/uploads\/2024\/03\/total-3.jpg\" class=\"attachment-full size-full\" alt=\"TotalEnergies\" srcset=\"https:\/\/autofans.com.ar\/wp-content\/uploads\/2024\/03\/total-3.jpg 1000w, https:\/\/autofans.com.ar\/wp-content\/uploads\/2024\/03\/total-3-300x200.jpg 300w, https:\/\/autofans.com.ar\/wp-content\/uploads\/2024\/03\/total-3-768x512.jpg 768w\" sizes=\"auto, (max-width: 1000px) 100vw, 1000px\" loading=\"lazy\" decoding=\"async\" \/><\/a>\n\t\t\t<\/div><\/figure><figure class='gallery-item'>\n\t\t\t<div class='gallery-icon landscape'>\n\t\t\t\t<a href='https:\/\/autofans.com.ar\/index.php\/2024\/03\/14\/totalenergies-y-el-itca-renuevan-su-alianza-por-tercer-ano-consecutivo\/total-4\/'><img loading=\"lazy\" width=\"1000\" height=\"667\" src=\"https:\/\/autofans.com.ar\/wp-content\/uploads\/2024\/03\/total-4.jpg\" class=\"attachment-full size-full\" alt=\"TotalEnergies\" srcset=\"https:\/\/autofans.com.ar\/wp-content\/uploads\/2024\/03\/total-4.jpg 1000w, https:\/\/autofans.com.ar\/wp-content\/uploads\/2024\/03\/total-4-300x200.jpg 300w, https:\/\/autofans.com.ar\/wp-content\/uploads\/2024\/03\/total-4-768x512.jpg 768w\" sizes=\"auto, (max-width: 1000px) 100vw, 1000px\" loading=\"lazy\" decoding=\"async\" \/><\/a>\n\t\t\t<\/div><\/figure>\n\t\t<\/div>\n\n<p>&nbsp;<\/p>\n<p>Maximiliano Leonelli, Gerente de Marketing de ITCA, destac\u00f3 la importancia de esta alianza para los estudiantes y la comunidad ITCA, ya que les brinda acceso a productos de alta calidad para sus pr\u00e1cticas profesionales, as\u00ed como informaci\u00f3n tecnol\u00f3gica actualizada que les ayuda a tomar decisiones informadas sobre los productos m\u00e1s adecuados para cada necesidad.<\/p>\n<p>&nbsp;<\/p>\n<p>&nbsp;<\/p>\n<p><i>Para enterarte de m\u00e1s novedades, no dejes de leer\u00a0<\/i><a href=\"https:\/\/autofans.thebrandsoup.com\/\"><i>nuestras notas<\/i><\/a><i>, de ver<\/i><b><i>\u00a0<\/i><\/b><a href=\"https:\/\/www.youtube.com\/channel\/UCgAC8UGHZYbT6P7PpmVnP7g\"><b><i>AUTOFANS TV<\/i><\/b><\/a><b><i>\u00a0<\/i><\/b><i>en nuestro\u00a0canal de Youtube. Adem\u00e1s seguinos en\u00a0<\/i><a href=\"https:\/\/www.instagram.com\/autofanstv\/\"><i>INSTAGRAM<\/i><\/a><i> y <\/i><a href=\"https:\/\/www.facebook.com\/autofansmas\/\"><i>FACEBOOK<\/i><\/a><i> para no perderte nada sobre las novedades del segmento automotor de Argentina y el mundo.<\/i><\/p>\n","protected":false},"excerpt":{"rendered":"<p>TotalEnergies y el ITCA (Instituto Tecnol\u00f3gico de Capacitaci\u00f3n Automotriz) han anunciado la renovaci\u00f3n de su&#8230;<\/p>\n","protected":false},"author":2,"featured_media":7077,"comment_status":"closed","ping_status":"closed","sticky":false,"template":"","format":"standard","meta":{"footnotes":""},"categories":[292,16],"tags":[3755,3754,3753,3752,1229,3756,3751,3750,23],"class_list":["post-7074","post","type-post","status-publish","format-standard","has-post-thumbnail","hentry","category-empresas","category-noticias","tag-aceites-elf","tag-aceites-hi-perf","tag-aceites-quartz","tag-capacitacion-mecanica","tag-educacion-automotriz","tag-especialistas-automotrices","tag-formacion-automotriz","tag-itca","tag-totalenergies"],"yoast_head":"<!-- This site is optimized with the Yoast SEO plugin v27.5 - https:\/\/yoast.com\/product\/yoast-seo-wordpress\/ -->\n<title>TotalEnergies y el ITCA renuevan su alianza por tercer a\u00f1o consecutivo -<\/title>\n<meta name=\"description\" content=\"TotalEnergies y el ITCA (Instituto Tecnol\u00f3gico de Capacitaci\u00f3n Automotriz) han anunciado la renovaci\u00f3n de su alianza por tercer a\u00f1o seguido..\" \/>\n<meta name=\"robots\" content=\"index, follow, max-snippet:-1, max-image-preview:large, max-video-preview:-1\" \/>\n<link rel=\"canonical\" href=\"https:\/\/autofans.com.ar\/index.php\/2024\/03\/14\/totalenergies-y-el-itca-renuevan-su-alianza-por-tercer-ano-consecutivo\/\" \/>\n<meta property=\"og:locale\" content=\"es_ES\" \/>\n<meta property=\"og:type\" content=\"article\" \/>\n<meta property=\"og:title\" content=\"TotalEnergies y el ITCA renuevan su alianza por tercer a\u00f1o consecutivo -\" \/>\n<meta property=\"og:description\" content=\"TotalEnergies y el ITCA (Instituto Tecnol\u00f3gico de Capacitaci\u00f3n Automotriz) han anunciado la renovaci\u00f3n de su alianza por tercer a\u00f1o seguido..\" \/>\n<meta property=\"og:url\" content=\"https:\/\/autofans.com.ar\/index.php\/2024\/03\/14\/totalenergies-y-el-itca-renuevan-su-alianza-por-tercer-ano-consecutivo\/\" \/>\n<meta property=\"article:published_time\" content=\"2024-03-14T19:23:54+00:00\" \/>\n<meta property=\"og:image\" content=\"https:\/\/autofans.com.ar\/wp-content\/uploads\/2024\/03\/total-2.jpg\" \/>\n\t<meta property=\"og:image:width\" content=\"640\" \/>\n\t<meta property=\"og:image:height\" content=\"427\" \/>\n\t<meta property=\"og:image:type\" content=\"image\/jpeg\" \/>\n<meta name=\"author\" content=\"Alejandro Gabriel Rosito\" \/>\n<meta name=\"twitter:card\" content=\"summary_large_image\" \/>\n<meta name=\"twitter:label1\" content=\"Escrito por\" \/>\n\t<meta name=\"twitter:data1\" content=\"Alejandro Gabriel Rosito\" \/>\n\t<meta name=\"twitter:label2\" content=\"Tiempo de lectura\" \/>\n\t<meta name=\"twitter:data2\" content=\"2 minutos\" \/>\n<script type=\"application\/ld+json\" class=\"yoast-schema-graph\">{\"@context\":\"https:\\\/\\\/schema.org\",\"@graph\":[{\"@type\":\"Article\",\"@id\":\"https:\\\/\\\/autofans.com.ar\\\/index.php\\\/2024\\\/03\\\/14\\\/totalenergies-y-el-itca-renuevan-su-alianza-por-tercer-ano-consecutivo\\\/#article\",\"isPartOf\":{\"@id\":\"https:\\\/\\\/autofans.com.ar\\\/index.php\\\/2024\\\/03\\\/14\\\/totalenergies-y-el-itca-renuevan-su-alianza-por-tercer-ano-consecutivo\\\/\"},\"author\":{\"name\":\"Alejandro Gabriel Rosito\",\"@id\":\"https:\\\/\\\/autofans.com.ar\\\/#\\\/schema\\\/person\\\/4a8dda0b6df83ac3d6723e921274c2aa\"},\"headline\":\"TotalEnergies y el ITCA renuevan su alianza por tercer a\u00f1o consecutivo\",\"datePublished\":\"2024-03-14T19:23:54+00:00\",\"mainEntityOfPage\":{\"@id\":\"https:\\\/\\\/autofans.com.ar\\\/index.php\\\/2024\\\/03\\\/14\\\/totalenergies-y-el-itca-renuevan-su-alianza-por-tercer-ano-consecutivo\\\/\"},\"wordCount\":449,\"image\":{\"@id\":\"https:\\\/\\\/autofans.com.ar\\\/index.php\\\/2024\\\/03\\\/14\\\/totalenergies-y-el-itca-renuevan-su-alianza-por-tercer-ano-consecutivo\\\/#primaryimage\"},\"thumbnailUrl\":\"https:\\\/\\\/autofans.com.ar\\\/wp-content\\\/uploads\\\/2024\\\/03\\\/total-2.jpg\",\"keywords\":[\"aceites ELF\",\"aceites Hi-Perf\",\"aceites Quartz\",\"capacitaci\u00f3n mec\u00e1nica\",\"educaci\u00f3n automotriz\",\"especialistas automotrices\",\"formaci\u00f3n automotriz\",\"ITCA\",\"TotalEnergies\"],\"articleSection\":[\"EMPRESAS\",\"NOTICIAS\"],\"inLanguage\":\"es\"},{\"@type\":\"WebPage\",\"@id\":\"https:\\\/\\\/autofans.com.ar\\\/index.php\\\/2024\\\/03\\\/14\\\/totalenergies-y-el-itca-renuevan-su-alianza-por-tercer-ano-consecutivo\\\/\",\"url\":\"https:\\\/\\\/autofans.com.ar\\\/index.php\\\/2024\\\/03\\\/14\\\/totalenergies-y-el-itca-renuevan-su-alianza-por-tercer-ano-consecutivo\\\/\",\"name\":\"TotalEnergies y el ITCA renuevan su alianza por tercer a\u00f1o consecutivo -\",\"isPartOf\":{\"@id\":\"https:\\\/\\\/autofans.com.ar\\\/#website\"},\"primaryImageOfPage\":{\"@id\":\"https:\\\/\\\/autofans.com.ar\\\/index.php\\\/2024\\\/03\\\/14\\\/totalenergies-y-el-itca-renuevan-su-alianza-por-tercer-ano-consecutivo\\\/#primaryimage\"},\"image\":{\"@id\":\"https:\\\/\\\/autofans.com.ar\\\/index.php\\\/2024\\\/03\\\/14\\\/totalenergies-y-el-itca-renuevan-su-alianza-por-tercer-ano-consecutivo\\\/#primaryimage\"},\"thumbnailUrl\":\"https:\\\/\\\/autofans.com.ar\\\/wp-content\\\/uploads\\\/2024\\\/03\\\/total-2.jpg\",\"datePublished\":\"2024-03-14T19:23:54+00:00\",\"author\":{\"@id\":\"https:\\\/\\\/autofans.com.ar\\\/#\\\/schema\\\/person\\\/4a8dda0b6df83ac3d6723e921274c2aa\"},\"description\":\"TotalEnergies y el ITCA (Instituto Tecnol\u00f3gico de Capacitaci\u00f3n Automotriz) han anunciado la renovaci\u00f3n de su alianza por tercer a\u00f1o seguido..\",\"breadcrumb\":{\"@id\":\"https:\\\/\\\/autofans.com.ar\\\/index.php\\\/2024\\\/03\\\/14\\\/totalenergies-y-el-itca-renuevan-su-alianza-por-tercer-ano-consecutivo\\\/#breadcrumb\"},\"inLanguage\":\"es\",\"potentialAction\":[{\"@type\":\"ReadAction\",\"target\":[\"https:\\\/\\\/autofans.com.ar\\\/index.php\\\/2024\\\/03\\\/14\\\/totalenergies-y-el-itca-renuevan-su-alianza-por-tercer-ano-consecutivo\\\/\"]}]},{\"@type\":\"ImageObject\",\"inLanguage\":\"es\",\"@id\":\"https:\\\/\\\/autofans.com.ar\\\/index.php\\\/2024\\\/03\\\/14\\\/totalenergies-y-el-itca-renuevan-su-alianza-por-tercer-ano-consecutivo\\\/#primaryimage\",\"url\":\"https:\\\/\\\/autofans.com.ar\\\/wp-content\\\/uploads\\\/2024\\\/03\\\/total-2.jpg\",\"contentUrl\":\"https:\\\/\\\/autofans.com.ar\\\/wp-content\\\/uploads\\\/2024\\\/03\\\/total-2.jpg\",\"width\":1000,\"height\":667,\"caption\":\"TotalEnergies\"},{\"@type\":\"BreadcrumbList\",\"@id\":\"https:\\\/\\\/autofans.com.ar\\\/index.php\\\/2024\\\/03\\\/14\\\/totalenergies-y-el-itca-renuevan-su-alianza-por-tercer-ano-consecutivo\\\/#breadcrumb\",\"itemListElement\":[{\"@type\":\"ListItem\",\"position\":1,\"name\":\"Inicio\",\"item\":\"https:\\\/\\\/autofans.com.ar\\\/\"},{\"@type\":\"ListItem\",\"position\":2,\"name\":\"TotalEnergies y el ITCA renuevan su alianza por tercer a\u00f1o consecutivo\"}]},{\"@type\":\"WebSite\",\"@id\":\"https:\\\/\\\/autofans.com.ar\\\/#website\",\"url\":\"https:\\\/\\\/autofans.com.ar\\\/\",\"name\":\"\",\"description\":\"El multimedio referente de la industria automotriz\",\"potentialAction\":[{\"@type\":\"SearchAction\",\"target\":{\"@type\":\"EntryPoint\",\"urlTemplate\":\"https:\\\/\\\/autofans.com.ar\\\/?s={search_term_string}\"},\"query-input\":{\"@type\":\"PropertyValueSpecification\",\"valueRequired\":true,\"valueName\":\"search_term_string\"}}],\"inLanguage\":\"es\"},{\"@type\":\"Person\",\"@id\":\"https:\\\/\\\/autofans.com.ar\\\/#\\\/schema\\\/person\\\/4a8dda0b6df83ac3d6723e921274c2aa\",\"name\":\"Alejandro Gabriel Rosito\",\"image\":{\"@type\":\"ImageObject\",\"inLanguage\":\"es\",\"@id\":\"https:\\\/\\\/secure.gravatar.com\\\/avatar\\\/16c5dda1489adfc62618084dcbb91cffd879c374b13fe5dd8e44ed6733852c88?s=96&d=mm&r=g\",\"url\":\"https:\\\/\\\/secure.gravatar.com\\\/avatar\\\/16c5dda1489adfc62618084dcbb91cffd879c374b13fe5dd8e44ed6733852c88?s=96&d=mm&r=g\",\"contentUrl\":\"https:\\\/\\\/secure.gravatar.com\\\/avatar\\\/16c5dda1489adfc62618084dcbb91cffd879c374b13fe5dd8e44ed6733852c88?s=96&d=mm&r=g\",\"caption\":\"Alejandro Gabriel Rosito\"},\"url\":\"https:\\\/\\\/autofans.com.ar\\\/index.php\\\/author\\\/gabrielr\\\/\"}]}<\/script>\n<!-- \/ Yoast SEO plugin. -->","yoast_head_json":{"title":"TotalEnergies y el ITCA renuevan su alianza por tercer a\u00f1o consecutivo -","description":"TotalEnergies y el ITCA (Instituto Tecnol\u00f3gico de Capacitaci\u00f3n Automotriz) han anunciado la renovaci\u00f3n de su alianza por tercer a\u00f1o seguido..","robots":{"index":"index","follow":"follow","max-snippet":"max-snippet:-1","max-image-preview":"max-image-preview:large","max-video-preview":"max-video-preview:-1"},"canonical":"https:\/\/autofans.com.ar\/index.php\/2024\/03\/14\/totalenergies-y-el-itca-renuevan-su-alianza-por-tercer-ano-consecutivo\/","og_locale":"es_ES","og_type":"article","og_title":"TotalEnergies y el ITCA renuevan su alianza por tercer a\u00f1o consecutivo -","og_description":"TotalEnergies y el ITCA (Instituto Tecnol\u00f3gico de Capacitaci\u00f3n Automotriz) han anunciado la renovaci\u00f3n de su alianza por tercer a\u00f1o seguido..","og_url":"https:\/\/autofans.com.ar\/index.php\/2024\/03\/14\/totalenergies-y-el-itca-renuevan-su-alianza-por-tercer-ano-consecutivo\/","article_published_time":"2024-03-14T19:23:54+00:00","og_image":[{"url":"https:\/\/autofans.com.ar\/wp-content\/uploads\/2024\/03\/total-2.jpg","width":640,"height":427,"type":"image\/jpeg"}],"author":"Alejandro Gabriel Rosito","twitter_card":"summary_large_image","twitter_misc":{"Escrito por":"Alejandro Gabriel Rosito","Tiempo de lectura":"2 minutos"},"schema":{"@context":"https:\/\/schema.org","@graph":[{"@type":"Article","@id":"https:\/\/autofans.com.ar\/index.php\/2024\/03\/14\/totalenergies-y-el-itca-renuevan-su-alianza-por-tercer-ano-consecutivo\/#article","isPartOf":{"@id":"https:\/\/autofans.com.ar\/index.php\/2024\/03\/14\/totalenergies-y-el-itca-renuevan-su-alianza-por-tercer-ano-consecutivo\/"},"author":{"name":"Alejandro Gabriel Rosito","@id":"https:\/\/autofans.com.ar\/#\/schema\/person\/4a8dda0b6df83ac3d6723e921274c2aa"},"headline":"TotalEnergies y el ITCA renuevan su alianza por tercer a\u00f1o consecutivo","datePublished":"2024-03-14T19:23:54+00:00","mainEntityOfPage":{"@id":"https:\/\/autofans.com.ar\/index.php\/2024\/03\/14\/totalenergies-y-el-itca-renuevan-su-alianza-por-tercer-ano-consecutivo\/"},"wordCount":449,"image":{"@id":"https:\/\/autofans.com.ar\/index.php\/2024\/03\/14\/totalenergies-y-el-itca-renuevan-su-alianza-por-tercer-ano-consecutivo\/#primaryimage"},"thumbnailUrl":"https:\/\/autofans.com.ar\/wp-content\/uploads\/2024\/03\/total-2.jpg","keywords":["aceites ELF","aceites Hi-Perf","aceites Quartz","capacitaci\u00f3n mec\u00e1nica","educaci\u00f3n automotriz","especialistas automotrices","formaci\u00f3n automotriz","ITCA","TotalEnergies"],"articleSection":["EMPRESAS","NOTICIAS"],"inLanguage":"es"},{"@type":"WebPage","@id":"https:\/\/autofans.com.ar\/index.php\/2024\/03\/14\/totalenergies-y-el-itca-renuevan-su-alianza-por-tercer-ano-consecutivo\/","url":"https:\/\/autofans.com.ar\/index.php\/2024\/03\/14\/totalenergies-y-el-itca-renuevan-su-alianza-por-tercer-ano-consecutivo\/","name":"TotalEnergies y el ITCA renuevan su alianza por tercer a\u00f1o consecutivo -","isPartOf":{"@id":"https:\/\/autofans.com.ar\/#website"},"primaryImageOfPage":{"@id":"https:\/\/autofans.com.ar\/index.php\/2024\/03\/14\/totalenergies-y-el-itca-renuevan-su-alianza-por-tercer-ano-consecutivo\/#primaryimage"},"image":{"@id":"https:\/\/autofans.com.ar\/index.php\/2024\/03\/14\/totalenergies-y-el-itca-renuevan-su-alianza-por-tercer-ano-consecutivo\/#primaryimage"},"thumbnailUrl":"https:\/\/autofans.com.ar\/wp-content\/uploads\/2024\/03\/total-2.jpg","datePublished":"2024-03-14T19:23:54+00:00","author":{"@id":"https:\/\/autofans.com.ar\/#\/schema\/person\/4a8dda0b6df83ac3d6723e921274c2aa"},"description":"TotalEnergies y el ITCA (Instituto Tecnol\u00f3gico de Capacitaci\u00f3n Automotriz) han anunciado la renovaci\u00f3n de su alianza por tercer a\u00f1o seguido..","breadcrumb":{"@id":"https:\/\/autofans.com.ar\/index.php\/2024\/03\/14\/totalenergies-y-el-itca-renuevan-su-alianza-por-tercer-ano-consecutivo\/#breadcrumb"},"inLanguage":"es","potentialAction":[{"@type":"ReadAction","target":["https:\/\/autofans.com.ar\/index.php\/2024\/03\/14\/totalenergies-y-el-itca-renuevan-su-alianza-por-tercer-ano-consecutivo\/"]}]},{"@type":"ImageObject","inLanguage":"es","@id":"https:\/\/autofans.com.ar\/index.php\/2024\/03\/14\/totalenergies-y-el-itca-renuevan-su-alianza-por-tercer-ano-consecutivo\/#primaryimage","url":"https:\/\/autofans.com.ar\/wp-content\/uploads\/2024\/03\/total-2.jpg","contentUrl":"https:\/\/autofans.com.ar\/wp-content\/uploads\/2024\/03\/total-2.jpg","width":1000,"height":667,"caption":"TotalEnergies"},{"@type":"BreadcrumbList","@id":"https:\/\/autofans.com.ar\/index.php\/2024\/03\/14\/totalenergies-y-el-itca-renuevan-su-alianza-por-tercer-ano-consecutivo\/#breadcrumb","itemListElement":[{"@type":"ListItem","position":1,"name":"Inicio","item":"https:\/\/autofans.com.ar\/"},{"@type":"ListItem","position":2,"name":"TotalEnergies y el ITCA renuevan su alianza por tercer a\u00f1o consecutivo"}]},{"@type":"WebSite","@id":"https:\/\/autofans.com.ar\/#website","url":"https:\/\/autofans.com.ar\/","name":"","description":"El multimedio referente de la industria automotriz","potentialAction":[{"@type":"SearchAction","target":{"@type":"EntryPoint","urlTemplate":"https:\/\/autofans.com.ar\/?s={search_term_string}"},"query-input":{"@type":"PropertyValueSpecification","valueRequired":true,"valueName":"search_term_string"}}],"inLanguage":"es"},{"@type":"Person","@id":"https:\/\/autofans.com.ar\/#\/schema\/person\/4a8dda0b6df83ac3d6723e921274c2aa","name":"Alejandro Gabriel Rosito","image":{"@type":"ImageObject","inLanguage":"es","@id":"https:\/\/secure.gravatar.com\/avatar\/16c5dda1489adfc62618084dcbb91cffd879c374b13fe5dd8e44ed6733852c88?s=96&d=mm&r=g","url":"https:\/\/secure.gravatar.com\/avatar\/16c5dda1489adfc62618084dcbb91cffd879c374b13fe5dd8e44ed6733852c88?s=96&d=mm&r=g","contentUrl":"https:\/\/secure.gravatar.com\/avatar\/16c5dda1489adfc62618084dcbb91cffd879c374b13fe5dd8e44ed6733852c88?s=96&d=mm&r=g","caption":"Alejandro Gabriel Rosito"},"url":"https:\/\/autofans.com.ar\/index.php\/author\/gabrielr\/"}]}},"featured_image_urls":{"full":["https:\/\/autofans.com.ar\/wp-content\/uploads\/2024\/03\/total-2.jpg",1000,667,false],"thumbnail":["https:\/\/autofans.com.ar\/wp-content\/uploads\/2024\/03\/total-2-150x150.jpg",150,150,true],"medium":["https:\/\/autofans.com.ar\/wp-content\/uploads\/2024\/03\/total-2-300x200.jpg",300,200,true],"medium_large":["https:\/\/autofans.com.ar\/wp-content\/uploads\/2024\/03\/total-2-768x512.jpg",640,427,true],"large":["https:\/\/autofans.com.ar\/wp-content\/uploads\/2024\/03\/total-2.jpg",640,427,false],"1536x1536":["https:\/\/autofans.com.ar\/wp-content\/uploads\/2024\/03\/total-2.jpg",1000,667,false],"2048x2048":["https:\/\/autofans.com.ar\/wp-content\/uploads\/2024\/03\/total-2.jpg",1000,667,false],"covernews-featured":["https:\/\/autofans.com.ar\/wp-content\/uploads\/2024\/03\/total-2.jpg",1000,667,false],"covernews-medium":["https:\/\/autofans.com.ar\/wp-content\/uploads\/2024\/03\/total-2-540x340.jpg",540,340,true]},"author_info":{"display_name":"Alejandro Gabriel Rosito","author_link":"https:\/\/autofans.com.ar\/index.php\/author\/gabrielr\/"},"category_info":"<a href=\"https:\/\/autofans.com.ar\/index.php\/category\/noticias\/empresas\/\" rel=\"category tag\">EMPRESAS<\/a> <a href=\"https:\/\/autofans.com.ar\/index.php\/category\/noticias\/\" rel=\"category tag\">NOTICIAS<\/a>","tag_info":"NOTICIAS","comment_count":0,"_links":{"self":[{"href":"https:\/\/autofans.com.ar\/index.php\/wp-json\/wp\/v2\/posts\/7074","targetHints":{"allow":["GET"]}}],"collection":[{"href":"https:\/\/autofans.com.ar\/index.php\/wp-json\/wp\/v2\/posts"}],"about":[{"href":"https:\/\/autofans.com.ar\/index.php\/wp-json\/wp\/v2\/types\/post"}],"author":[{"embeddable":true,"href":"https:\/\/autofans.com.ar\/index.php\/wp-json\/wp\/v2\/users\/2"}],"replies":[{"embeddable":true,"href":"https:\/\/autofans.com.ar\/index.php\/wp-json\/wp\/v2\/comments?post=7074"}],"version-history":[{"count":1,"href":"https:\/\/autofans.com.ar\/index.php\/wp-json\/wp\/v2\/posts\/7074\/revisions"}],"predecessor-version":[{"id":7079,"href":"https:\/\/autofans.com.ar\/index.php\/wp-json\/wp\/v2\/posts\/7074\/revisions\/7079"}],"wp:featuredmedia":[{"embeddable":true,"href":"https:\/\/autofans.com.ar\/index.php\/wp-json\/wp\/v2\/media\/7077"}],"wp:attachment":[{"href":"https:\/\/autofans.com.ar\/index.php\/wp-json\/wp\/v2\/media?parent=7074"}],"wp:term":[{"taxonomy":"category","embeddable":true,"href":"https:\/\/autofans.com.ar\/index.php\/wp-json\/wp\/v2\/categories?post=7074"},{"taxonomy":"post_tag","embeddable":true,"href":"https:\/\/autofans.com.ar\/index.php\/wp-json\/wp\/v2\/tags?post=7074"}],"curies":[{"name":"wp","href":"https:\/\/api.w.org\/{rel}","templated":true}]}}