{"id":7081,"date":"2024-03-15T12:31:19","date_gmt":"2024-03-15T15:31:19","guid":{"rendered":"https:\/\/autofans.com.ar\/?p=7081"},"modified":"2024-03-15T12:31:19","modified_gmt":"2024-03-15T15:31:19","slug":"audi-se-prepara-para-su-debut-en-la-formula-1","status":"publish","type":"post","link":"https:\/\/autofans.com.ar\/index.php\/2024\/03\/15\/audi-se-prepara-para-su-debut-en-la-formula-1\/","title":{"rendered":"Audi se prepara para su debut en la F\u00f3rmula 1"},"content":{"rendered":"<p>Audi est\u00e1 haciendo rugir sus motores para adentrarse en la \u00e9lite del automovilismo con su ingreso a la F\u00f3rmula 1. Bajo la direcci\u00f3n de su CEO Gernot D\u00f6llner, la empresa tiene la mira puesta en el futuro, enfoc\u00e1ndose en el desarrollo de productos, tecnolog\u00eda y una presencia global m\u00e1s fuerte.<\/p>\n<p>&nbsp;<\/p>\n<blockquote>\n<p style=\"text-align: center;\">Gernot D\u00f6llner, Presidente del Consejo de Direcci\u00f3n de AUDI AG: \u201cAgradezco a Oliver Hoffmann su incansable dedicaci\u00f3n como Responsable de Desarrollo T\u00e9cnico. En los \u00faltimos a\u00f1os, Oliver ha contribuido significativamente a afinar el ADN de producto de Audi, que ahora reforzaremos con el lanzamiento del Audi Q6 e-tron. En particular, los modelos de gran volumen basados en las plataformas PPE y PPC, que son importantes para nosotros, llevan su firma\u201d.<\/p>\n<\/blockquote>\n<p>&nbsp;<\/p>\n<h2>Audi acelera hacia la F\u00f3rmula 1 con la compra de Sauber<\/h2>\n<p>El compromiso de Audi con la F\u00f3rmula 1 se refleja en su decisi\u00f3n de acelerar los preparativos para el inicio de la temporada 2026. La adquisici\u00f3n del 100% de las acciones del Grupo Sauber marca un hito significativo en este camino hacia la pista de carreras m\u00e1s prestigiosa del mundo.<\/p>\n<p>&nbsp;<\/p>\n<figure id=\"attachment_7085\" aria-describedby=\"caption-attachment-7085\" style=\"width: 1000px\" class=\"wp-caption aligncenter\"><img fetchpriority=\"high\" decoding=\"async\" class=\"wp-image-7085 size-full\" src=\"https:\/\/autofans.com.ar\/wp-content\/uploads\/2024\/03\/audi-3.jpg\" alt=\"audi\" width=\"1000\" height=\"667\" srcset=\"https:\/\/autofans.com.ar\/wp-content\/uploads\/2024\/03\/audi-3.jpg 1000w, https:\/\/autofans.com.ar\/wp-content\/uploads\/2024\/03\/audi-3-300x200.jpg 300w, https:\/\/autofans.com.ar\/wp-content\/uploads\/2024\/03\/audi-3-768x512.jpg 768w\" sizes=\"(max-width: 1000px) 100vw, 1000px\" \/><figcaption id=\"caption-attachment-7085\" class=\"wp-caption-text\">Oliver Hoffman -Director de Desarrollo T\u00e9cnico de Audi<\/figcaption><\/figure>\n<p>&nbsp;<\/p>\n<p>Oliver Hoffmann, actual l\u00edder de Desarrollo T\u00e9cnico, tomar\u00e1 las riendas como el maestro de ceremonias de este emocionante proyecto. Su tarea abarcar\u00e1 desde la gesti\u00f3n de la hist\u00f3rica escuder\u00eda Sauber hasta el desarrollo de la unidad de potencia y la estrategia global del programa de F\u00f3rmula 1. Todo con el objetivo de fortalecer la marca Audi y promover un intercambio din\u00e1mico entre el deporte motor y la producci\u00f3n en serie.<\/p>\n<p>&nbsp;<\/p>\n<blockquote>\n<p style=\"text-align: center;\">Oliver Hoffmann: \u201cMe gustar\u00eda dar las gracias a todo el equipo de Desarrollo T\u00e9cnico por el gran rendimiento de los \u00faltimos a\u00f1os, y espero con orgullo los extraordinarios productos que pondremos en la calle en los pr\u00f3ximos meses, fruto de nuestro intenso trabajo. El automovilismo, y en particular la F\u00f3rmula 1, es mi gran pasi\u00f3n. Estoy convencido de que aunando responsabilidades y haci\u00e9ndonos cargo del 100% del Grupo Sauber, aceleraremos a\u00fan m\u00e1s nuestros preparativos para el lanzamiento en 2026. Me complace que hayamos podido tomar a Andreas Seidl como CEO del equipo Audi F1. Es exactamente el hombre adecuado para nuestra ambiciosa empresa. Gracias a su amplia experiencia en puestos de liderazgo en el programa de Motorsport, contribuir\u00e1 de forma significativa al proyecto de F\u00f3rmula 1 de Audi\u201d.<\/p>\n<\/blockquote>\n<p>&nbsp;<\/p>\n<h2>Gernot D\u00f6llner lidera la innovaci\u00f3n en Audi<\/h2>\n<p>Por su parte, Gernot D\u00f6llner, CEO de Audi, asumir\u00e1 personalmente la direcci\u00f3n de la divisi\u00f3n de Desarrollo T\u00e9cnico. Consolidando as\u00ed el compromiso de la compa\u00f1\u00eda con la innovaci\u00f3n y la excelencia en el campo automotriz.<\/p>\n<p>&nbsp;<\/p>\n<figure id=\"attachment_7086\" aria-describedby=\"caption-attachment-7086\" style=\"width: 1000px\" class=\"wp-caption aligncenter\"><img decoding=\"async\" class=\"wp-image-7086 size-full\" src=\"https:\/\/autofans.com.ar\/wp-content\/uploads\/2024\/03\/audi-1.jpg\" alt=\"audi\" width=\"1000\" height=\"667\" srcset=\"https:\/\/autofans.com.ar\/wp-content\/uploads\/2024\/03\/audi-1.jpg 1000w, https:\/\/autofans.com.ar\/wp-content\/uploads\/2024\/03\/audi-1-300x200.jpg 300w, https:\/\/autofans.com.ar\/wp-content\/uploads\/2024\/03\/audi-1-768x512.jpg 768w\" sizes=\"(max-width: 1000px) 100vw, 1000px\" \/><figcaption id=\"caption-attachment-7086\" class=\"wp-caption-text\">Gernot D\u00f6llner &#8211; CEO de Audi<\/figcaption><\/figure>\n<p>&nbsp;<\/p>\n<p>Pero el equipo de Audi en la F\u00f3rmula 1 no estar\u00eda completo sin la figura de Andreas Seidl, quien fungir\u00e1 como CEO del equipo Audi F1. Su vasta experiencia en el automovilismo asegura un liderazgo s\u00f3lido en la implementaci\u00f3n del proyecto y la gesti\u00f3n operativa de la escuder\u00eda.<\/p>\n<p>&nbsp;<\/p>\n<blockquote>\n<p style=\"text-align: center;\">Manfred D\u00f6ss, Presidente del Consejo de Supervisi\u00f3n de AUDI AG: \u201cLa entrada en la F\u00f3rmula 1 no es s\u00f3lo el punto culminante de la exitosa historia de Audi en el automovilismo hasta la fecha, sino tambi\u00e9n un importante reto deportivo y un compromiso financiero. Mediante las nuevas responsabilidades de Oliver Hoffmann y la adquisici\u00f3n del Grupo Sauber, estamos acelerando nuestros preparativos para la temporada 2026\u201d.<\/p>\n<\/blockquote>\n<p>&nbsp;<\/p>\n<h2>Una historia de \u00e9xito en las pistas<\/h2>\n<p>La trayectoria de Audi en el mundo de las carreras es impresionante, con victorias y t\u00edtulos en diversas competiciones internacionales, desde el DTM hasta el Campeonato Mundial de F\u00f3rmula E. Y recientemente, el hito de convertirse en el primer fabricante en ganar el Rally Dakar con un veh\u00edculo el\u00e9ctrico subraya el compromiso de la marca con la innovaci\u00f3n y el rendimiento.<\/p>\n<p>Los motores est\u00e1n rugiendo, los preparativos est\u00e1n en plena marcha. \u00a1Audi est\u00e1 listo para conquistar la F\u00f3rmula 1 en 2026!<\/p>\n<p>&nbsp;<\/p>\n<blockquote>\n<p style=\"text-align: center;\">Andreas Seidl: \u201cMe gustar\u00eda dar las gracias a Gernot D\u00f6llner y Oliver Hoffmann por la confianza que han depositado en m\u00ed. Como CEO del Audi F1 Team, estoy deseando liderar el proyecto de Audi en la F\u00f3rmula 1 junto con un equipo altamente motivado. Tenemos una hoja de ruta clara sobre c\u00f3mo queremos ser competitivos lo antes posible, tanto en Hinwil como en Neuburg. Nuestros objetivos son ambiciosos. Su realizaci\u00f3n est\u00e1 en marcha y se acelerar\u00e1 a\u00fan m\u00e1s con la adquisici\u00f3n completa de Sauber por parte de AUDI AG\u201d.<\/p>\n<\/blockquote>\n<p>&nbsp;<\/p>\n<p>&nbsp;<\/p>\n<p><i>Para enterarte de m\u00e1s novedades, no dejes de leer\u00a0<\/i><a href=\"https:\/\/autofans.thebrandsoup.com\/\"><i>nuestras notas<\/i><\/a><i>, de ver<\/i><b><i>\u00a0<\/i><\/b><a href=\"https:\/\/www.youtube.com\/channel\/UCgAC8UGHZYbT6P7PpmVnP7g\"><b><i>AUTOFANS TV<\/i><\/b><\/a><b><i>\u00a0<\/i><\/b><i>en nuestro\u00a0canal de Youtube. Adem\u00e1s seguinos en\u00a0<\/i><a href=\"https:\/\/www.instagram.com\/autofanstv\/\"><i>INSTAGRAM<\/i><\/a><i> y <\/i><a href=\"https:\/\/www.facebook.com\/autofansmas\/\"><i>FACEBOOK<\/i><\/a><i> para no perderte nada sobre las novedades del segmento automotor de Argentina y el mundo.<\/i><\/p>\n","protected":false},"excerpt":{"rendered":"<p>Audi est\u00e1 haciendo rugir sus motores para adentrarse en la \u00e9lite del automovilismo con su&#8230;<\/p>\n","protected":false},"author":2,"featured_media":7084,"comment_status":"closed","ping_status":"closed","sticky":false,"template":"","format":"standard","meta":{"footnotes":""},"categories":[127,16],"tags":[185,213,211,3761,911,3757,3762,590,3759,3760,3758,1630],"class_list":["post-7081","post","type-post","status-publish","format-standard","has-post-thumbnail","hentry","category-deporte","category-noticias","tag-automovilismo","tag-innovacion","tag-tecnologia","tag-andreas-seidl","tag-audi","tag-debut","tag-equipos-de-f1","tag-formula-1","tag-gernot-dollner","tag-oliver-hoffmann","tag-sauber","tag-velocidad"],"yoast_head":"<!-- This site is optimized with the Yoast SEO plugin v27.5 - https:\/\/yoast.com\/product\/yoast-seo-wordpress\/ -->\n<title>Audi se prepara para su debut en la F\u00f3rmula 1 -<\/title>\n<meta name=\"description\" content=\"Audi ruge sus motores para adentrarse en la \u00e9lite del automovilismo con su ingreso a la F\u00f3rmula 1. Bajo la direcci\u00f3n de su CEO Gernot D\u00f6llne\" \/>\n<meta name=\"robots\" content=\"index, follow, max-snippet:-1, max-image-preview:large, max-video-preview:-1\" \/>\n<link rel=\"canonical\" href=\"https:\/\/autofans.com.ar\/index.php\/2024\/03\/15\/audi-se-prepara-para-su-debut-en-la-formula-1\/\" \/>\n<meta property=\"og:locale\" content=\"es_ES\" \/>\n<meta property=\"og:type\" content=\"article\" \/>\n<meta property=\"og:title\" content=\"Audi se prepara para su debut en la F\u00f3rmula 1 -\" \/>\n<meta property=\"og:description\" content=\"Audi ruge sus motores para adentrarse en la \u00e9lite del automovilismo con su ingreso a la F\u00f3rmula 1. Bajo la direcci\u00f3n de su CEO Gernot D\u00f6llne\" \/>\n<meta property=\"og:url\" content=\"https:\/\/autofans.com.ar\/index.php\/2024\/03\/15\/audi-se-prepara-para-su-debut-en-la-formula-1\/\" \/>\n<meta property=\"article:published_time\" content=\"2024-03-15T15:31:19+00:00\" \/>\n<meta property=\"og:image\" content=\"https:\/\/autofans.com.ar\/wp-content\/uploads\/2024\/03\/audi-2.jpg\" \/>\n\t<meta property=\"og:image:width\" content=\"640\" \/>\n\t<meta property=\"og:image:height\" content=\"427\" \/>\n\t<meta property=\"og:image:type\" content=\"image\/jpeg\" \/>\n<meta name=\"author\" content=\"Alejandro Gabriel Rosito\" \/>\n<meta name=\"twitter:card\" content=\"summary_large_image\" \/>\n<meta name=\"twitter:label1\" content=\"Escrito por\" \/>\n\t<meta name=\"twitter:data1\" content=\"Alejandro Gabriel Rosito\" \/>\n\t<meta name=\"twitter:label2\" content=\"Tiempo de lectura\" \/>\n\t<meta name=\"twitter:data2\" content=\"3 minutos\" \/>\n<script type=\"application\/ld+json\" class=\"yoast-schema-graph\">{\"@context\":\"https:\\\/\\\/schema.org\",\"@graph\":[{\"@type\":\"Article\",\"@id\":\"https:\\\/\\\/autofans.com.ar\\\/index.php\\\/2024\\\/03\\\/15\\\/audi-se-prepara-para-su-debut-en-la-formula-1\\\/#article\",\"isPartOf\":{\"@id\":\"https:\\\/\\\/autofans.com.ar\\\/index.php\\\/2024\\\/03\\\/15\\\/audi-se-prepara-para-su-debut-en-la-formula-1\\\/\"},\"author\":{\"name\":\"Alejandro Gabriel Rosito\",\"@id\":\"https:\\\/\\\/autofans.com.ar\\\/#\\\/schema\\\/person\\\/4a8dda0b6df83ac3d6723e921274c2aa\"},\"headline\":\"Audi se prepara para su debut en la F\u00f3rmula 1\",\"datePublished\":\"2024-03-15T15:31:19+00:00\",\"mainEntityOfPage\":{\"@id\":\"https:\\\/\\\/autofans.com.ar\\\/index.php\\\/2024\\\/03\\\/15\\\/audi-se-prepara-para-su-debut-en-la-formula-1\\\/\"},\"wordCount\":861,\"image\":{\"@id\":\"https:\\\/\\\/autofans.com.ar\\\/index.php\\\/2024\\\/03\\\/15\\\/audi-se-prepara-para-su-debut-en-la-formula-1\\\/#primaryimage\"},\"thumbnailUrl\":\"https:\\\/\\\/autofans.com.ar\\\/wp-content\\\/uploads\\\/2024\\\/03\\\/audi-2.jpg\",\"keywords\":[\"#automovilismo\",\"#innovaci\u00f3n\",\"#tecnolog\u00eda\",\"Andreas Seidl\",\"Audi\",\"debut\",\"equipos de F1\",\"F\u00f3rmula 1\",\"Gernot D\u00f6llner\",\"Oliver Hoffmann\",\"Sauber\",\"velocidad\"],\"articleSection\":[\"DEPORTE MOTOR\",\"NOTICIAS\"],\"inLanguage\":\"es\"},{\"@type\":\"WebPage\",\"@id\":\"https:\\\/\\\/autofans.com.ar\\\/index.php\\\/2024\\\/03\\\/15\\\/audi-se-prepara-para-su-debut-en-la-formula-1\\\/\",\"url\":\"https:\\\/\\\/autofans.com.ar\\\/index.php\\\/2024\\\/03\\\/15\\\/audi-se-prepara-para-su-debut-en-la-formula-1\\\/\",\"name\":\"Audi se prepara para su debut en la F\u00f3rmula 1 -\",\"isPartOf\":{\"@id\":\"https:\\\/\\\/autofans.com.ar\\\/#website\"},\"primaryImageOfPage\":{\"@id\":\"https:\\\/\\\/autofans.com.ar\\\/index.php\\\/2024\\\/03\\\/15\\\/audi-se-prepara-para-su-debut-en-la-formula-1\\\/#primaryimage\"},\"image\":{\"@id\":\"https:\\\/\\\/autofans.com.ar\\\/index.php\\\/2024\\\/03\\\/15\\\/audi-se-prepara-para-su-debut-en-la-formula-1\\\/#primaryimage\"},\"thumbnailUrl\":\"https:\\\/\\\/autofans.com.ar\\\/wp-content\\\/uploads\\\/2024\\\/03\\\/audi-2.jpg\",\"datePublished\":\"2024-03-15T15:31:19+00:00\",\"author\":{\"@id\":\"https:\\\/\\\/autofans.com.ar\\\/#\\\/schema\\\/person\\\/4a8dda0b6df83ac3d6723e921274c2aa\"},\"description\":\"Audi ruge sus motores para adentrarse en la \u00e9lite del automovilismo con su ingreso a la F\u00f3rmula 1. Bajo la direcci\u00f3n de su CEO Gernot D\u00f6llne\",\"breadcrumb\":{\"@id\":\"https:\\\/\\\/autofans.com.ar\\\/index.php\\\/2024\\\/03\\\/15\\\/audi-se-prepara-para-su-debut-en-la-formula-1\\\/#breadcrumb\"},\"inLanguage\":\"es\",\"potentialAction\":[{\"@type\":\"ReadAction\",\"target\":[\"https:\\\/\\\/autofans.com.ar\\\/index.php\\\/2024\\\/03\\\/15\\\/audi-se-prepara-para-su-debut-en-la-formula-1\\\/\"]}]},{\"@type\":\"ImageObject\",\"inLanguage\":\"es\",\"@id\":\"https:\\\/\\\/autofans.com.ar\\\/index.php\\\/2024\\\/03\\\/15\\\/audi-se-prepara-para-su-debut-en-la-formula-1\\\/#primaryimage\",\"url\":\"https:\\\/\\\/autofans.com.ar\\\/wp-content\\\/uploads\\\/2024\\\/03\\\/audi-2.jpg\",\"contentUrl\":\"https:\\\/\\\/autofans.com.ar\\\/wp-content\\\/uploads\\\/2024\\\/03\\\/audi-2.jpg\",\"width\":1000,\"height\":667,\"caption\":\"audi\"},{\"@type\":\"BreadcrumbList\",\"@id\":\"https:\\\/\\\/autofans.com.ar\\\/index.php\\\/2024\\\/03\\\/15\\\/audi-se-prepara-para-su-debut-en-la-formula-1\\\/#breadcrumb\",\"itemListElement\":[{\"@type\":\"ListItem\",\"position\":1,\"name\":\"Inicio\",\"item\":\"https:\\\/\\\/autofans.com.ar\\\/\"},{\"@type\":\"ListItem\",\"position\":2,\"name\":\"Audi se prepara para su debut en la F\u00f3rmula 1\"}]},{\"@type\":\"WebSite\",\"@id\":\"https:\\\/\\\/autofans.com.ar\\\/#website\",\"url\":\"https:\\\/\\\/autofans.com.ar\\\/\",\"name\":\"\",\"description\":\"El multimedio referente de la industria automotriz\",\"potentialAction\":[{\"@type\":\"SearchAction\",\"target\":{\"@type\":\"EntryPoint\",\"urlTemplate\":\"https:\\\/\\\/autofans.com.ar\\\/?s={search_term_string}\"},\"query-input\":{\"@type\":\"PropertyValueSpecification\",\"valueRequired\":true,\"valueName\":\"search_term_string\"}}],\"inLanguage\":\"es\"},{\"@type\":\"Person\",\"@id\":\"https:\\\/\\\/autofans.com.ar\\\/#\\\/schema\\\/person\\\/4a8dda0b6df83ac3d6723e921274c2aa\",\"name\":\"Alejandro Gabriel Rosito\",\"image\":{\"@type\":\"ImageObject\",\"inLanguage\":\"es\",\"@id\":\"https:\\\/\\\/secure.gravatar.com\\\/avatar\\\/16c5dda1489adfc62618084dcbb91cffd879c374b13fe5dd8e44ed6733852c88?s=96&d=mm&r=g\",\"url\":\"https:\\\/\\\/secure.gravatar.com\\\/avatar\\\/16c5dda1489adfc62618084dcbb91cffd879c374b13fe5dd8e44ed6733852c88?s=96&d=mm&r=g\",\"contentUrl\":\"https:\\\/\\\/secure.gravatar.com\\\/avatar\\\/16c5dda1489adfc62618084dcbb91cffd879c374b13fe5dd8e44ed6733852c88?s=96&d=mm&r=g\",\"caption\":\"Alejandro Gabriel Rosito\"},\"url\":\"https:\\\/\\\/autofans.com.ar\\\/index.php\\\/author\\\/gabrielr\\\/\"}]}<\/script>\n<!-- \/ Yoast SEO plugin. -->","yoast_head_json":{"title":"Audi se prepara para su debut en la F\u00f3rmula 1 -","description":"Audi ruge sus motores para adentrarse en la \u00e9lite del automovilismo con su ingreso a la F\u00f3rmula 1. Bajo la direcci\u00f3n de su CEO Gernot D\u00f6llne","robots":{"index":"index","follow":"follow","max-snippet":"max-snippet:-1","max-image-preview":"max-image-preview:large","max-video-preview":"max-video-preview:-1"},"canonical":"https:\/\/autofans.com.ar\/index.php\/2024\/03\/15\/audi-se-prepara-para-su-debut-en-la-formula-1\/","og_locale":"es_ES","og_type":"article","og_title":"Audi se prepara para su debut en la F\u00f3rmula 1 -","og_description":"Audi ruge sus motores para adentrarse en la \u00e9lite del automovilismo con su ingreso a la F\u00f3rmula 1. Bajo la direcci\u00f3n de su CEO Gernot D\u00f6llne","og_url":"https:\/\/autofans.com.ar\/index.php\/2024\/03\/15\/audi-se-prepara-para-su-debut-en-la-formula-1\/","article_published_time":"2024-03-15T15:31:19+00:00","og_image":[{"url":"https:\/\/autofans.com.ar\/wp-content\/uploads\/2024\/03\/audi-2.jpg","width":640,"height":427,"type":"image\/jpeg"}],"author":"Alejandro Gabriel Rosito","twitter_card":"summary_large_image","twitter_misc":{"Escrito por":"Alejandro Gabriel Rosito","Tiempo de lectura":"3 minutos"},"schema":{"@context":"https:\/\/schema.org","@graph":[{"@type":"Article","@id":"https:\/\/autofans.com.ar\/index.php\/2024\/03\/15\/audi-se-prepara-para-su-debut-en-la-formula-1\/#article","isPartOf":{"@id":"https:\/\/autofans.com.ar\/index.php\/2024\/03\/15\/audi-se-prepara-para-su-debut-en-la-formula-1\/"},"author":{"name":"Alejandro Gabriel Rosito","@id":"https:\/\/autofans.com.ar\/#\/schema\/person\/4a8dda0b6df83ac3d6723e921274c2aa"},"headline":"Audi se prepara para su debut en la F\u00f3rmula 1","datePublished":"2024-03-15T15:31:19+00:00","mainEntityOfPage":{"@id":"https:\/\/autofans.com.ar\/index.php\/2024\/03\/15\/audi-se-prepara-para-su-debut-en-la-formula-1\/"},"wordCount":861,"image":{"@id":"https:\/\/autofans.com.ar\/index.php\/2024\/03\/15\/audi-se-prepara-para-su-debut-en-la-formula-1\/#primaryimage"},"thumbnailUrl":"https:\/\/autofans.com.ar\/wp-content\/uploads\/2024\/03\/audi-2.jpg","keywords":["#automovilismo","#innovaci\u00f3n","#tecnolog\u00eda","Andreas Seidl","Audi","debut","equipos de F1","F\u00f3rmula 1","Gernot D\u00f6llner","Oliver Hoffmann","Sauber","velocidad"],"articleSection":["DEPORTE MOTOR","NOTICIAS"],"inLanguage":"es"},{"@type":"WebPage","@id":"https:\/\/autofans.com.ar\/index.php\/2024\/03\/15\/audi-se-prepara-para-su-debut-en-la-formula-1\/","url":"https:\/\/autofans.com.ar\/index.php\/2024\/03\/15\/audi-se-prepara-para-su-debut-en-la-formula-1\/","name":"Audi se prepara para su debut en la F\u00f3rmula 1 -","isPartOf":{"@id":"https:\/\/autofans.com.ar\/#website"},"primaryImageOfPage":{"@id":"https:\/\/autofans.com.ar\/index.php\/2024\/03\/15\/audi-se-prepara-para-su-debut-en-la-formula-1\/#primaryimage"},"image":{"@id":"https:\/\/autofans.com.ar\/index.php\/2024\/03\/15\/audi-se-prepara-para-su-debut-en-la-formula-1\/#primaryimage"},"thumbnailUrl":"https:\/\/autofans.com.ar\/wp-content\/uploads\/2024\/03\/audi-2.jpg","datePublished":"2024-03-15T15:31:19+00:00","author":{"@id":"https:\/\/autofans.com.ar\/#\/schema\/person\/4a8dda0b6df83ac3d6723e921274c2aa"},"description":"Audi ruge sus motores para adentrarse en la \u00e9lite del automovilismo con su ingreso a la F\u00f3rmula 1. Bajo la direcci\u00f3n de su CEO Gernot D\u00f6llne","breadcrumb":{"@id":"https:\/\/autofans.com.ar\/index.php\/2024\/03\/15\/audi-se-prepara-para-su-debut-en-la-formula-1\/#breadcrumb"},"inLanguage":"es","potentialAction":[{"@type":"ReadAction","target":["https:\/\/autofans.com.ar\/index.php\/2024\/03\/15\/audi-se-prepara-para-su-debut-en-la-formula-1\/"]}]},{"@type":"ImageObject","inLanguage":"es","@id":"https:\/\/autofans.com.ar\/index.php\/2024\/03\/15\/audi-se-prepara-para-su-debut-en-la-formula-1\/#primaryimage","url":"https:\/\/autofans.com.ar\/wp-content\/uploads\/2024\/03\/audi-2.jpg","contentUrl":"https:\/\/autofans.com.ar\/wp-content\/uploads\/2024\/03\/audi-2.jpg","width":1000,"height":667,"caption":"audi"},{"@type":"BreadcrumbList","@id":"https:\/\/autofans.com.ar\/index.php\/2024\/03\/15\/audi-se-prepara-para-su-debut-en-la-formula-1\/#breadcrumb","itemListElement":[{"@type":"ListItem","position":1,"name":"Inicio","item":"https:\/\/autofans.com.ar\/"},{"@type":"ListItem","position":2,"name":"Audi se prepara para su debut en la F\u00f3rmula 1"}]},{"@type":"WebSite","@id":"https:\/\/autofans.com.ar\/#website","url":"https:\/\/autofans.com.ar\/","name":"","description":"El multimedio referente de la industria automotriz","potentialAction":[{"@type":"SearchAction","target":{"@type":"EntryPoint","urlTemplate":"https:\/\/autofans.com.ar\/?s={search_term_string}"},"query-input":{"@type":"PropertyValueSpecification","valueRequired":true,"valueName":"search_term_string"}}],"inLanguage":"es"},{"@type":"Person","@id":"https:\/\/autofans.com.ar\/#\/schema\/person\/4a8dda0b6df83ac3d6723e921274c2aa","name":"Alejandro Gabriel Rosito","image":{"@type":"ImageObject","inLanguage":"es","@id":"https:\/\/secure.gravatar.com\/avatar\/16c5dda1489adfc62618084dcbb91cffd879c374b13fe5dd8e44ed6733852c88?s=96&d=mm&r=g","url":"https:\/\/secure.gravatar.com\/avatar\/16c5dda1489adfc62618084dcbb91cffd879c374b13fe5dd8e44ed6733852c88?s=96&d=mm&r=g","contentUrl":"https:\/\/secure.gravatar.com\/avatar\/16c5dda1489adfc62618084dcbb91cffd879c374b13fe5dd8e44ed6733852c88?s=96&d=mm&r=g","caption":"Alejandro Gabriel Rosito"},"url":"https:\/\/autofans.com.ar\/index.php\/author\/gabrielr\/"}]}},"featured_image_urls":{"full":["https:\/\/autofans.com.ar\/wp-content\/uploads\/2024\/03\/audi-2.jpg",1000,667,false],"thumbnail":["https:\/\/autofans.com.ar\/wp-content\/uploads\/2024\/03\/audi-2-150x150.jpg",150,150,true],"medium":["https:\/\/autofans.com.ar\/wp-content\/uploads\/2024\/03\/audi-2-300x200.jpg",300,200,true],"medium_large":["https:\/\/autofans.com.ar\/wp-content\/uploads\/2024\/03\/audi-2-768x512.jpg",640,427,true],"large":["https:\/\/autofans.com.ar\/wp-content\/uploads\/2024\/03\/audi-2.jpg",640,427,false],"1536x1536":["https:\/\/autofans.com.ar\/wp-content\/uploads\/2024\/03\/audi-2.jpg",1000,667,false],"2048x2048":["https:\/\/autofans.com.ar\/wp-content\/uploads\/2024\/03\/audi-2.jpg",1000,667,false],"covernews-featured":["https:\/\/autofans.com.ar\/wp-content\/uploads\/2024\/03\/audi-2.jpg",1000,667,false],"covernews-medium":["https:\/\/autofans.com.ar\/wp-content\/uploads\/2024\/03\/audi-2-540x340.jpg",540,340,true]},"author_info":{"display_name":"Alejandro Gabriel Rosito","author_link":"https:\/\/autofans.com.ar\/index.php\/author\/gabrielr\/"},"category_info":"<a href=\"https:\/\/autofans.com.ar\/index.php\/category\/noticias\/deporte\/\" rel=\"category tag\">DEPORTE MOTOR<\/a> <a href=\"https:\/\/autofans.com.ar\/index.php\/category\/noticias\/\" rel=\"category tag\">NOTICIAS<\/a>","tag_info":"NOTICIAS","comment_count":0,"_links":{"self":[{"href":"https:\/\/autofans.com.ar\/index.php\/wp-json\/wp\/v2\/posts\/7081","targetHints":{"allow":["GET"]}}],"collection":[{"href":"https:\/\/autofans.com.ar\/index.php\/wp-json\/wp\/v2\/posts"}],"about":[{"href":"https:\/\/autofans.com.ar\/index.php\/wp-json\/wp\/v2\/types\/post"}],"author":[{"embeddable":true,"href":"https:\/\/autofans.com.ar\/index.php\/wp-json\/wp\/v2\/users\/2"}],"replies":[{"embeddable":true,"href":"https:\/\/autofans.com.ar\/index.php\/wp-json\/wp\/v2\/comments?post=7081"}],"version-history":[{"count":2,"href":"https:\/\/autofans.com.ar\/index.php\/wp-json\/wp\/v2\/posts\/7081\/revisions"}],"predecessor-version":[{"id":7087,"href":"https:\/\/autofans.com.ar\/index.php\/wp-json\/wp\/v2\/posts\/7081\/revisions\/7087"}],"wp:featuredmedia":[{"embeddable":true,"href":"https:\/\/autofans.com.ar\/index.php\/wp-json\/wp\/v2\/media\/7084"}],"wp:attachment":[{"href":"https:\/\/autofans.com.ar\/index.php\/wp-json\/wp\/v2\/media?parent=7081"}],"wp:term":[{"taxonomy":"category","embeddable":true,"href":"https:\/\/autofans.com.ar\/index.php\/wp-json\/wp\/v2\/categories?post=7081"},{"taxonomy":"post_tag","embeddable":true,"href":"https:\/\/autofans.com.ar\/index.php\/wp-json\/wp\/v2\/tags?post=7081"}],"curies":[{"name":"wp","href":"https:\/\/api.w.org\/{rel}","templated":true}]}}