{"id":7088,"date":"2024-03-15T14:29:34","date_gmt":"2024-03-15T17:29:34","guid":{"rendered":"https:\/\/autofans.com.ar\/?p=7088"},"modified":"2024-03-15T14:29:34","modified_gmt":"2024-03-15T17:29:34","slug":"volkswagen-argentina-lanza-al-mercado-tasa-0","status":"publish","type":"post","link":"https:\/\/autofans.com.ar\/index.php\/2024\/03\/15\/volkswagen-argentina-lanza-al-mercado-tasa-0\/","title":{"rendered":"Volkswagen Argentina lanza al mercado Tasa 0%"},"content":{"rendered":"<p>Volkswagen Argentina dio un paso audaz en el mundo automotor al lanzar una financiaci\u00f3n sin precedentes: Tasa 0%. Esta exclusiva oferta se extiende a modelos selectos como Nivus, T-Cross, Saveiro, Amarok V6 y Taos, con plazos de 12 o 18 meses, dependiendo del veh\u00edculo.<\/p>\n<p>&nbsp;<\/p>\n<p>Con la colaboraci\u00f3n de Volkswagen Financial Services, la marca ofrece esta innovadora oportunidad en todo el pa\u00eds, a trav\u00e9s de sus concesionarios oficiales. Adem\u00e1s, en asociaci\u00f3n con Zurich, los compradores de estos 5 modelos disfrutar\u00e1n de 6 meses de seguro \u00abtodo riesgo\u00bb al precio del seguro \u00abterceros completo\u00bb.<\/p>\n<p>&nbsp;<\/p>\n<h2>Volkswagen Argentina &#8211; financiaci\u00f3n exclusiva, Tasa 0%<\/h2>\n<p>Esta estrategia de financiaci\u00f3n, presentada por la marca alemana, se destaca en el mercado por su flexibilidad. Por un lado, para los interesados en la Amarok V6, se ofrece una Tasa 0% a 18 cuotas, con un l\u00edmite de financiaci\u00f3n de 12.000.000 de pesos, o la opci\u00f3n de un sistema UVA, tambi\u00e9n a 18 cuotas, que permite financiar hasta el 50% del valor de la pick-up.<\/p>\n<p>&nbsp;<\/p>\n<div id='gallery-1' class='gallery galleryid-7088 gallery-columns-3 gallery-size-full'><figure class='gallery-item'>\n\t\t\t<div class='gallery-icon landscape'>\n\t\t\t\t<a href='https:\/\/autofans.com.ar\/index.php\/2024\/03\/15\/volkswagen-argentina-lanza-al-mercado-tasa-0\/foto-2-420\/'><img loading=\"lazy\" width=\"1000\" height=\"667\" src=\"https:\/\/autofans.com.ar\/wp-content\/uploads\/2024\/03\/foto-2-10.jpg\" class=\"attachment-full size-full\" alt=\"Volkswagen\" srcset=\"https:\/\/autofans.com.ar\/wp-content\/uploads\/2024\/03\/foto-2-10.jpg 1000w, https:\/\/autofans.com.ar\/wp-content\/uploads\/2024\/03\/foto-2-10-300x200.jpg 300w, https:\/\/autofans.com.ar\/wp-content\/uploads\/2024\/03\/foto-2-10-768x512.jpg 768w\" sizes=\"auto, (max-width: 1000px) 100vw, 1000px\" loading=\"lazy\" decoding=\"async\" \/><\/a>\n\t\t\t<\/div><\/figure><figure class='gallery-item'>\n\t\t\t<div class='gallery-icon landscape'>\n\t\t\t\t<a href='https:\/\/autofans.com.ar\/index.php\/2024\/03\/15\/volkswagen-argentina-lanza-al-mercado-tasa-0\/foto-3-344\/'><img loading=\"lazy\" width=\"1000\" height=\"667\" src=\"https:\/\/autofans.com.ar\/wp-content\/uploads\/2024\/03\/foto-3-10.jpg\" class=\"attachment-full size-full\" alt=\"Volkswagen\" srcset=\"https:\/\/autofans.com.ar\/wp-content\/uploads\/2024\/03\/foto-3-10.jpg 1000w, https:\/\/autofans.com.ar\/wp-content\/uploads\/2024\/03\/foto-3-10-300x200.jpg 300w, https:\/\/autofans.com.ar\/wp-content\/uploads\/2024\/03\/foto-3-10-768x512.jpg 768w\" sizes=\"auto, (max-width: 1000px) 100vw, 1000px\" loading=\"lazy\" decoding=\"async\" \/><\/a>\n\t\t\t<\/div><\/figure><figure class='gallery-item'>\n\t\t\t<div class='gallery-icon landscape'>\n\t\t\t\t<a href='https:\/\/autofans.com.ar\/index.php\/2024\/03\/15\/volkswagen-argentina-lanza-al-mercado-tasa-0\/foto-4-225\/'><img loading=\"lazy\" width=\"1000\" height=\"667\" src=\"https:\/\/autofans.com.ar\/wp-content\/uploads\/2024\/03\/foto-4-6.jpg\" class=\"attachment-full size-full\" alt=\"Volkswagen\" srcset=\"https:\/\/autofans.com.ar\/wp-content\/uploads\/2024\/03\/foto-4-6.jpg 1000w, https:\/\/autofans.com.ar\/wp-content\/uploads\/2024\/03\/foto-4-6-300x200.jpg 300w, https:\/\/autofans.com.ar\/wp-content\/uploads\/2024\/03\/foto-4-6-768x512.jpg 768w\" sizes=\"auto, (max-width: 1000px) 100vw, 1000px\" loading=\"lazy\" decoding=\"async\" \/><\/a>\n\t\t\t<\/div><\/figure><figure class='gallery-item'>\n\t\t\t<div class='gallery-icon landscape'>\n\t\t\t\t<a href='https:\/\/autofans.com.ar\/index.php\/2024\/03\/15\/volkswagen-argentina-lanza-al-mercado-tasa-0\/foto-5-134\/'><img loading=\"lazy\" width=\"1000\" height=\"667\" src=\"https:\/\/autofans.com.ar\/wp-content\/uploads\/2024\/03\/foto-5-3.jpg\" class=\"attachment-full size-full\" alt=\"Volkswagen\" srcset=\"https:\/\/autofans.com.ar\/wp-content\/uploads\/2024\/03\/foto-5-3.jpg 1000w, https:\/\/autofans.com.ar\/wp-content\/uploads\/2024\/03\/foto-5-3-300x200.jpg 300w, https:\/\/autofans.com.ar\/wp-content\/uploads\/2024\/03\/foto-5-3-768x512.jpg 768w\" sizes=\"auto, (max-width: 1000px) 100vw, 1000px\" loading=\"lazy\" decoding=\"async\" \/><\/a>\n\t\t\t<\/div><\/figure><figure class='gallery-item'>\n\t\t\t<div class='gallery-icon landscape'>\n\t\t\t\t<a href='https:\/\/autofans.com.ar\/index.php\/2024\/03\/15\/volkswagen-argentina-lanza-al-mercado-tasa-0\/foto-6-71\/'><img loading=\"lazy\" width=\"1000\" height=\"667\" src=\"https:\/\/autofans.com.ar\/wp-content\/uploads\/2024\/03\/foto-6-1.jpg\" class=\"attachment-full size-full\" alt=\"Volkswagen\" srcset=\"https:\/\/autofans.com.ar\/wp-content\/uploads\/2024\/03\/foto-6-1.jpg 1000w, https:\/\/autofans.com.ar\/wp-content\/uploads\/2024\/03\/foto-6-1-300x200.jpg 300w, https:\/\/autofans.com.ar\/wp-content\/uploads\/2024\/03\/foto-6-1-768x512.jpg 768w\" sizes=\"auto, (max-width: 1000px) 100vw, 1000px\" loading=\"lazy\" decoding=\"async\" \/><\/a>\n\t\t\t<\/div><\/figure><figure class='gallery-item'>\n\t\t\t<div class='gallery-icon landscape'>\n\t\t\t\t<a href='https:\/\/autofans.com.ar\/index.php\/2024\/03\/15\/volkswagen-argentina-lanza-al-mercado-tasa-0\/foto-7-36\/'><img loading=\"lazy\" width=\"1000\" height=\"667\" src=\"https:\/\/autofans.com.ar\/wp-content\/uploads\/2024\/03\/foto-7.jpg\" class=\"attachment-full size-full\" alt=\"foto-7\" srcset=\"https:\/\/autofans.com.ar\/wp-content\/uploads\/2024\/03\/foto-7.jpg 1000w, https:\/\/autofans.com.ar\/wp-content\/uploads\/2024\/03\/foto-7-300x200.jpg 300w, https:\/\/autofans.com.ar\/wp-content\/uploads\/2024\/03\/foto-7-768x512.jpg 768w\" sizes=\"auto, (max-width: 1000px) 100vw, 1000px\" loading=\"lazy\" decoding=\"async\" \/><\/a>\n\t\t\t<\/div><\/figure>\n\t\t<\/div>\n\n<p>&nbsp;<\/p>\n<p>En cuanto a los autom\u00f3viles, los modelos Nivus, T-Cross, Saveiro y Taos est\u00e1n disponibles con Tasa 0% a 12 meses, y un l\u00edmite de financiaci\u00f3n de 5.000.000 de pesos. Esta oportunidad es \u00fanica y atractiva para quienes buscan adquirir un veh\u00edculo nuevo con facilidades financieras.<\/p>\n<p>&nbsp;<\/p>\n<p>&nbsp;<\/p>\n<p><i>Para enterarte de m\u00e1s novedades, no dejes de leer\u00a0<\/i><a href=\"https:\/\/autofans.thebrandsoup.com\/\"><i>nuestras notas<\/i><\/a><i>, de ver<\/i><b><i>\u00a0<\/i><\/b><a href=\"https:\/\/www.youtube.com\/channel\/UCgAC8UGHZYbT6P7PpmVnP7g\"><b><i>AUTOFANS TV<\/i><\/b><\/a><b><i>\u00a0<\/i><\/b><i>en nuestro\u00a0canal de Youtube. Adem\u00e1s seguinos en\u00a0<\/i><a href=\"https:\/\/www.instagram.com\/autofanstv\/\"><i>INSTAGRAM<\/i><\/a><i> y <\/i><a href=\"https:\/\/www.facebook.com\/autofansmas\/\"><i>FACEBOOK<\/i><\/a><i> para no perderte nada sobre las novedades del segmento automotor de Argentina y el mundo.<\/i><\/p>\n","protected":false},"excerpt":{"rendered":"<p>Volkswagen Argentina dio un paso audaz en el mundo automotor al lanzar una financiaci\u00f3n sin&#8230;<\/p>\n","protected":false},"author":2,"featured_media":7094,"comment_status":"closed","ping_status":"closed","sticky":false,"template":"","format":"standard","meta":{"footnotes":""},"categories":[292,16],"tags":[1101,38,1548,3764,3766,3768,3765,3767,3763,382,2078,787],"class_list":["post-7088","post","type-post","status-publish","format-standard","has-post-thumbnail","hentry","category-empresas","category-noticias","tag-amarok-v6","tag-argentina","tag-financiacion","tag-nivus","tag-saveiro","tag-seguro-todo-riesgo","tag-t-cross","tag-taos","tag-tasa-0","tag-volkswagen","tag-volkswagen-financial-services","tag-zurich"],"yoast_head":"<!-- This site is optimized with the Yoast SEO plugin v27.5 - https:\/\/yoast.com\/product\/yoast-seo-wordpress\/ -->\n<title>Volkswagen Argentina lanza al mercado Tasa 0% -<\/title>\n<meta name=\"description\" content=\"Volkswagen dio un paso audaz en el mundo automotor al lanzar una financiaci\u00f3n sin precedentes: Tasa 0%. en modelos selectos de la marca...\" \/>\n<meta name=\"robots\" content=\"index, follow, max-snippet:-1, max-image-preview:large, max-video-preview:-1\" \/>\n<link rel=\"canonical\" href=\"https:\/\/autofans.com.ar\/index.php\/2024\/03\/15\/volkswagen-argentina-lanza-al-mercado-tasa-0\/\" \/>\n<meta property=\"og:locale\" content=\"es_ES\" \/>\n<meta property=\"og:type\" content=\"article\" \/>\n<meta property=\"og:title\" content=\"Volkswagen Argentina lanza al mercado Tasa 0% -\" \/>\n<meta property=\"og:description\" content=\"Volkswagen dio un paso audaz en el mundo automotor al lanzar una financiaci\u00f3n sin precedentes: Tasa 0%. en modelos selectos de la marca...\" \/>\n<meta property=\"og:url\" content=\"https:\/\/autofans.com.ar\/index.php\/2024\/03\/15\/volkswagen-argentina-lanza-al-mercado-tasa-0\/\" \/>\n<meta property=\"article:published_time\" content=\"2024-03-15T17:29:34+00:00\" \/>\n<meta property=\"og:image\" content=\"https:\/\/autofans.com.ar\/wp-content\/uploads\/2024\/03\/foto-1-9.jpg\" \/>\n\t<meta property=\"og:image:width\" content=\"640\" \/>\n\t<meta property=\"og:image:height\" content=\"427\" \/>\n\t<meta property=\"og:image:type\" content=\"image\/jpeg\" \/>\n<meta name=\"author\" content=\"Alejandro Gabriel Rosito\" \/>\n<meta name=\"twitter:card\" content=\"summary_large_image\" \/>\n<meta name=\"twitter:label1\" content=\"Escrito por\" \/>\n\t<meta name=\"twitter:data1\" content=\"Alejandro Gabriel Rosito\" \/>\n\t<meta name=\"twitter:label2\" content=\"Tiempo de lectura\" \/>\n\t<meta name=\"twitter:data2\" content=\"2 minutos\" \/>\n<script type=\"application\/ld+json\" class=\"yoast-schema-graph\">{\"@context\":\"https:\\\/\\\/schema.org\",\"@graph\":[{\"@type\":\"Article\",\"@id\":\"https:\\\/\\\/autofans.com.ar\\\/index.php\\\/2024\\\/03\\\/15\\\/volkswagen-argentina-lanza-al-mercado-tasa-0\\\/#article\",\"isPartOf\":{\"@id\":\"https:\\\/\\\/autofans.com.ar\\\/index.php\\\/2024\\\/03\\\/15\\\/volkswagen-argentina-lanza-al-mercado-tasa-0\\\/\"},\"author\":{\"name\":\"Alejandro Gabriel Rosito\",\"@id\":\"https:\\\/\\\/autofans.com.ar\\\/#\\\/schema\\\/person\\\/4a8dda0b6df83ac3d6723e921274c2aa\"},\"headline\":\"Volkswagen Argentina lanza al mercado Tasa 0%\",\"datePublished\":\"2024-03-15T17:29:34+00:00\",\"mainEntityOfPage\":{\"@id\":\"https:\\\/\\\/autofans.com.ar\\\/index.php\\\/2024\\\/03\\\/15\\\/volkswagen-argentina-lanza-al-mercado-tasa-0\\\/\"},\"wordCount\":274,\"image\":{\"@id\":\"https:\\\/\\\/autofans.com.ar\\\/index.php\\\/2024\\\/03\\\/15\\\/volkswagen-argentina-lanza-al-mercado-tasa-0\\\/#primaryimage\"},\"thumbnailUrl\":\"https:\\\/\\\/autofans.com.ar\\\/wp-content\\\/uploads\\\/2024\\\/03\\\/foto-1-9.jpg\",\"keywords\":[\"amarok v6\",\"Argentina\",\"financiaci\u00f3n\",\"Nivus\",\"Saveiro\",\"seguro todo riesgo\",\"T-Cross\",\"Taos\",\"Tasa 0%\",\"Volkswagen\",\"Volkswagen Financial Services\",\"Zurich\"],\"articleSection\":[\"EMPRESAS\",\"NOTICIAS\"],\"inLanguage\":\"es\"},{\"@type\":\"WebPage\",\"@id\":\"https:\\\/\\\/autofans.com.ar\\\/index.php\\\/2024\\\/03\\\/15\\\/volkswagen-argentina-lanza-al-mercado-tasa-0\\\/\",\"url\":\"https:\\\/\\\/autofans.com.ar\\\/index.php\\\/2024\\\/03\\\/15\\\/volkswagen-argentina-lanza-al-mercado-tasa-0\\\/\",\"name\":\"Volkswagen Argentina lanza al mercado Tasa 0% -\",\"isPartOf\":{\"@id\":\"https:\\\/\\\/autofans.com.ar\\\/#website\"},\"primaryImageOfPage\":{\"@id\":\"https:\\\/\\\/autofans.com.ar\\\/index.php\\\/2024\\\/03\\\/15\\\/volkswagen-argentina-lanza-al-mercado-tasa-0\\\/#primaryimage\"},\"image\":{\"@id\":\"https:\\\/\\\/autofans.com.ar\\\/index.php\\\/2024\\\/03\\\/15\\\/volkswagen-argentina-lanza-al-mercado-tasa-0\\\/#primaryimage\"},\"thumbnailUrl\":\"https:\\\/\\\/autofans.com.ar\\\/wp-content\\\/uploads\\\/2024\\\/03\\\/foto-1-9.jpg\",\"datePublished\":\"2024-03-15T17:29:34+00:00\",\"author\":{\"@id\":\"https:\\\/\\\/autofans.com.ar\\\/#\\\/schema\\\/person\\\/4a8dda0b6df83ac3d6723e921274c2aa\"},\"description\":\"Volkswagen dio un paso audaz en el mundo automotor al lanzar una financiaci\u00f3n sin precedentes: Tasa 0%. en modelos selectos de la marca...\",\"breadcrumb\":{\"@id\":\"https:\\\/\\\/autofans.com.ar\\\/index.php\\\/2024\\\/03\\\/15\\\/volkswagen-argentina-lanza-al-mercado-tasa-0\\\/#breadcrumb\"},\"inLanguage\":\"es\",\"potentialAction\":[{\"@type\":\"ReadAction\",\"target\":[\"https:\\\/\\\/autofans.com.ar\\\/index.php\\\/2024\\\/03\\\/15\\\/volkswagen-argentina-lanza-al-mercado-tasa-0\\\/\"]}]},{\"@type\":\"ImageObject\",\"inLanguage\":\"es\",\"@id\":\"https:\\\/\\\/autofans.com.ar\\\/index.php\\\/2024\\\/03\\\/15\\\/volkswagen-argentina-lanza-al-mercado-tasa-0\\\/#primaryimage\",\"url\":\"https:\\\/\\\/autofans.com.ar\\\/wp-content\\\/uploads\\\/2024\\\/03\\\/foto-1-9.jpg\",\"contentUrl\":\"https:\\\/\\\/autofans.com.ar\\\/wp-content\\\/uploads\\\/2024\\\/03\\\/foto-1-9.jpg\",\"width\":1000,\"height\":667,\"caption\":\"Volkswagen\"},{\"@type\":\"BreadcrumbList\",\"@id\":\"https:\\\/\\\/autofans.com.ar\\\/index.php\\\/2024\\\/03\\\/15\\\/volkswagen-argentina-lanza-al-mercado-tasa-0\\\/#breadcrumb\",\"itemListElement\":[{\"@type\":\"ListItem\",\"position\":1,\"name\":\"Inicio\",\"item\":\"https:\\\/\\\/autofans.com.ar\\\/\"},{\"@type\":\"ListItem\",\"position\":2,\"name\":\"Volkswagen Argentina lanza al mercado Tasa 0%\"}]},{\"@type\":\"WebSite\",\"@id\":\"https:\\\/\\\/autofans.com.ar\\\/#website\",\"url\":\"https:\\\/\\\/autofans.com.ar\\\/\",\"name\":\"\",\"description\":\"El multimedio referente de la industria automotriz\",\"potentialAction\":[{\"@type\":\"SearchAction\",\"target\":{\"@type\":\"EntryPoint\",\"urlTemplate\":\"https:\\\/\\\/autofans.com.ar\\\/?s={search_term_string}\"},\"query-input\":{\"@type\":\"PropertyValueSpecification\",\"valueRequired\":true,\"valueName\":\"search_term_string\"}}],\"inLanguage\":\"es\"},{\"@type\":\"Person\",\"@id\":\"https:\\\/\\\/autofans.com.ar\\\/#\\\/schema\\\/person\\\/4a8dda0b6df83ac3d6723e921274c2aa\",\"name\":\"Alejandro Gabriel Rosito\",\"image\":{\"@type\":\"ImageObject\",\"inLanguage\":\"es\",\"@id\":\"https:\\\/\\\/secure.gravatar.com\\\/avatar\\\/16c5dda1489adfc62618084dcbb91cffd879c374b13fe5dd8e44ed6733852c88?s=96&d=mm&r=g\",\"url\":\"https:\\\/\\\/secure.gravatar.com\\\/avatar\\\/16c5dda1489adfc62618084dcbb91cffd879c374b13fe5dd8e44ed6733852c88?s=96&d=mm&r=g\",\"contentUrl\":\"https:\\\/\\\/secure.gravatar.com\\\/avatar\\\/16c5dda1489adfc62618084dcbb91cffd879c374b13fe5dd8e44ed6733852c88?s=96&d=mm&r=g\",\"caption\":\"Alejandro Gabriel Rosito\"},\"url\":\"https:\\\/\\\/autofans.com.ar\\\/index.php\\\/author\\\/gabrielr\\\/\"}]}<\/script>\n<!-- \/ Yoast SEO plugin. -->","yoast_head_json":{"title":"Volkswagen Argentina lanza al mercado Tasa 0% -","description":"Volkswagen dio un paso audaz en el mundo automotor al lanzar una financiaci\u00f3n sin precedentes: Tasa 0%. en modelos selectos de la marca...","robots":{"index":"index","follow":"follow","max-snippet":"max-snippet:-1","max-image-preview":"max-image-preview:large","max-video-preview":"max-video-preview:-1"},"canonical":"https:\/\/autofans.com.ar\/index.php\/2024\/03\/15\/volkswagen-argentina-lanza-al-mercado-tasa-0\/","og_locale":"es_ES","og_type":"article","og_title":"Volkswagen Argentina lanza al mercado Tasa 0% -","og_description":"Volkswagen dio un paso audaz en el mundo automotor al lanzar una financiaci\u00f3n sin precedentes: Tasa 0%. en modelos selectos de la marca...","og_url":"https:\/\/autofans.com.ar\/index.php\/2024\/03\/15\/volkswagen-argentina-lanza-al-mercado-tasa-0\/","article_published_time":"2024-03-15T17:29:34+00:00","og_image":[{"url":"https:\/\/autofans.com.ar\/wp-content\/uploads\/2024\/03\/foto-1-9.jpg","width":640,"height":427,"type":"image\/jpeg"}],"author":"Alejandro Gabriel Rosito","twitter_card":"summary_large_image","twitter_misc":{"Escrito por":"Alejandro Gabriel Rosito","Tiempo de lectura":"2 minutos"},"schema":{"@context":"https:\/\/schema.org","@graph":[{"@type":"Article","@id":"https:\/\/autofans.com.ar\/index.php\/2024\/03\/15\/volkswagen-argentina-lanza-al-mercado-tasa-0\/#article","isPartOf":{"@id":"https:\/\/autofans.com.ar\/index.php\/2024\/03\/15\/volkswagen-argentina-lanza-al-mercado-tasa-0\/"},"author":{"name":"Alejandro Gabriel Rosito","@id":"https:\/\/autofans.com.ar\/#\/schema\/person\/4a8dda0b6df83ac3d6723e921274c2aa"},"headline":"Volkswagen Argentina lanza al mercado Tasa 0%","datePublished":"2024-03-15T17:29:34+00:00","mainEntityOfPage":{"@id":"https:\/\/autofans.com.ar\/index.php\/2024\/03\/15\/volkswagen-argentina-lanza-al-mercado-tasa-0\/"},"wordCount":274,"image":{"@id":"https:\/\/autofans.com.ar\/index.php\/2024\/03\/15\/volkswagen-argentina-lanza-al-mercado-tasa-0\/#primaryimage"},"thumbnailUrl":"https:\/\/autofans.com.ar\/wp-content\/uploads\/2024\/03\/foto-1-9.jpg","keywords":["amarok v6","Argentina","financiaci\u00f3n","Nivus","Saveiro","seguro todo riesgo","T-Cross","Taos","Tasa 0%","Volkswagen","Volkswagen Financial Services","Zurich"],"articleSection":["EMPRESAS","NOTICIAS"],"inLanguage":"es"},{"@type":"WebPage","@id":"https:\/\/autofans.com.ar\/index.php\/2024\/03\/15\/volkswagen-argentina-lanza-al-mercado-tasa-0\/","url":"https:\/\/autofans.com.ar\/index.php\/2024\/03\/15\/volkswagen-argentina-lanza-al-mercado-tasa-0\/","name":"Volkswagen Argentina lanza al mercado Tasa 0% -","isPartOf":{"@id":"https:\/\/autofans.com.ar\/#website"},"primaryImageOfPage":{"@id":"https:\/\/autofans.com.ar\/index.php\/2024\/03\/15\/volkswagen-argentina-lanza-al-mercado-tasa-0\/#primaryimage"},"image":{"@id":"https:\/\/autofans.com.ar\/index.php\/2024\/03\/15\/volkswagen-argentina-lanza-al-mercado-tasa-0\/#primaryimage"},"thumbnailUrl":"https:\/\/autofans.com.ar\/wp-content\/uploads\/2024\/03\/foto-1-9.jpg","datePublished":"2024-03-15T17:29:34+00:00","author":{"@id":"https:\/\/autofans.com.ar\/#\/schema\/person\/4a8dda0b6df83ac3d6723e921274c2aa"},"description":"Volkswagen dio un paso audaz en el mundo automotor al lanzar una financiaci\u00f3n sin precedentes: Tasa 0%. en modelos selectos de la marca...","breadcrumb":{"@id":"https:\/\/autofans.com.ar\/index.php\/2024\/03\/15\/volkswagen-argentina-lanza-al-mercado-tasa-0\/#breadcrumb"},"inLanguage":"es","potentialAction":[{"@type":"ReadAction","target":["https:\/\/autofans.com.ar\/index.php\/2024\/03\/15\/volkswagen-argentina-lanza-al-mercado-tasa-0\/"]}]},{"@type":"ImageObject","inLanguage":"es","@id":"https:\/\/autofans.com.ar\/index.php\/2024\/03\/15\/volkswagen-argentina-lanza-al-mercado-tasa-0\/#primaryimage","url":"https:\/\/autofans.com.ar\/wp-content\/uploads\/2024\/03\/foto-1-9.jpg","contentUrl":"https:\/\/autofans.com.ar\/wp-content\/uploads\/2024\/03\/foto-1-9.jpg","width":1000,"height":667,"caption":"Volkswagen"},{"@type":"BreadcrumbList","@id":"https:\/\/autofans.com.ar\/index.php\/2024\/03\/15\/volkswagen-argentina-lanza-al-mercado-tasa-0\/#breadcrumb","itemListElement":[{"@type":"ListItem","position":1,"name":"Inicio","item":"https:\/\/autofans.com.ar\/"},{"@type":"ListItem","position":2,"name":"Volkswagen Argentina lanza al mercado Tasa 0%"}]},{"@type":"WebSite","@id":"https:\/\/autofans.com.ar\/#website","url":"https:\/\/autofans.com.ar\/","name":"","description":"El multimedio referente de la industria automotriz","potentialAction":[{"@type":"SearchAction","target":{"@type":"EntryPoint","urlTemplate":"https:\/\/autofans.com.ar\/?s={search_term_string}"},"query-input":{"@type":"PropertyValueSpecification","valueRequired":true,"valueName":"search_term_string"}}],"inLanguage":"es"},{"@type":"Person","@id":"https:\/\/autofans.com.ar\/#\/schema\/person\/4a8dda0b6df83ac3d6723e921274c2aa","name":"Alejandro Gabriel Rosito","image":{"@type":"ImageObject","inLanguage":"es","@id":"https:\/\/secure.gravatar.com\/avatar\/16c5dda1489adfc62618084dcbb91cffd879c374b13fe5dd8e44ed6733852c88?s=96&d=mm&r=g","url":"https:\/\/secure.gravatar.com\/avatar\/16c5dda1489adfc62618084dcbb91cffd879c374b13fe5dd8e44ed6733852c88?s=96&d=mm&r=g","contentUrl":"https:\/\/secure.gravatar.com\/avatar\/16c5dda1489adfc62618084dcbb91cffd879c374b13fe5dd8e44ed6733852c88?s=96&d=mm&r=g","caption":"Alejandro Gabriel Rosito"},"url":"https:\/\/autofans.com.ar\/index.php\/author\/gabrielr\/"}]}},"featured_image_urls":{"full":["https:\/\/autofans.com.ar\/wp-content\/uploads\/2024\/03\/foto-1-9.jpg",1000,667,false],"thumbnail":["https:\/\/autofans.com.ar\/wp-content\/uploads\/2024\/03\/foto-1-9-150x150.jpg",150,150,true],"medium":["https:\/\/autofans.com.ar\/wp-content\/uploads\/2024\/03\/foto-1-9-300x200.jpg",300,200,true],"medium_large":["https:\/\/autofans.com.ar\/wp-content\/uploads\/2024\/03\/foto-1-9-768x512.jpg",640,427,true],"large":["https:\/\/autofans.com.ar\/wp-content\/uploads\/2024\/03\/foto-1-9.jpg",640,427,false],"1536x1536":["https:\/\/autofans.com.ar\/wp-content\/uploads\/2024\/03\/foto-1-9.jpg",1000,667,false],"2048x2048":["https:\/\/autofans.com.ar\/wp-content\/uploads\/2024\/03\/foto-1-9.jpg",1000,667,false],"covernews-featured":["https:\/\/autofans.com.ar\/wp-content\/uploads\/2024\/03\/foto-1-9.jpg",1000,667,false],"covernews-medium":["https:\/\/autofans.com.ar\/wp-content\/uploads\/2024\/03\/foto-1-9-540x340.jpg",540,340,true]},"author_info":{"display_name":"Alejandro Gabriel Rosito","author_link":"https:\/\/autofans.com.ar\/index.php\/author\/gabrielr\/"},"category_info":"<a href=\"https:\/\/autofans.com.ar\/index.php\/category\/noticias\/empresas\/\" rel=\"category tag\">EMPRESAS<\/a> <a href=\"https:\/\/autofans.com.ar\/index.php\/category\/noticias\/\" rel=\"category tag\">NOTICIAS<\/a>","tag_info":"NOTICIAS","comment_count":0,"_links":{"self":[{"href":"https:\/\/autofans.com.ar\/index.php\/wp-json\/wp\/v2\/posts\/7088","targetHints":{"allow":["GET"]}}],"collection":[{"href":"https:\/\/autofans.com.ar\/index.php\/wp-json\/wp\/v2\/posts"}],"about":[{"href":"https:\/\/autofans.com.ar\/index.php\/wp-json\/wp\/v2\/types\/post"}],"author":[{"embeddable":true,"href":"https:\/\/autofans.com.ar\/index.php\/wp-json\/wp\/v2\/users\/2"}],"replies":[{"embeddable":true,"href":"https:\/\/autofans.com.ar\/index.php\/wp-json\/wp\/v2\/comments?post=7088"}],"version-history":[{"count":2,"href":"https:\/\/autofans.com.ar\/index.php\/wp-json\/wp\/v2\/posts\/7088\/revisions"}],"predecessor-version":[{"id":7097,"href":"https:\/\/autofans.com.ar\/index.php\/wp-json\/wp\/v2\/posts\/7088\/revisions\/7097"}],"wp:featuredmedia":[{"embeddable":true,"href":"https:\/\/autofans.com.ar\/index.php\/wp-json\/wp\/v2\/media\/7094"}],"wp:attachment":[{"href":"https:\/\/autofans.com.ar\/index.php\/wp-json\/wp\/v2\/media?parent=7088"}],"wp:term":[{"taxonomy":"category","embeddable":true,"href":"https:\/\/autofans.com.ar\/index.php\/wp-json\/wp\/v2\/categories?post=7088"},{"taxonomy":"post_tag","embeddable":true,"href":"https:\/\/autofans.com.ar\/index.php\/wp-json\/wp\/v2\/tags?post=7088"}],"curies":[{"name":"wp","href":"https:\/\/api.w.org\/{rel}","templated":true}]}}