{"id":7168,"date":"2024-03-21T13:23:20","date_gmt":"2024-03-21T16:23:20","guid":{"rendered":"https:\/\/autofans.com.ar\/?p=7168"},"modified":"2024-03-21T13:23:20","modified_gmt":"2024-03-21T16:23:20","slug":"vw-weeks-la-campana-de-volkswagen-con-financiacion-a-tasa-0","status":"publish","type":"post","link":"https:\/\/autofans.com.ar\/index.php\/2024\/03\/21\/vw-weeks-la-campana-de-volkswagen-con-financiacion-a-tasa-0\/","title":{"rendered":"VW Weeks la campa\u00f1a de Volkswagen con financiaci\u00f3n a tasa 0%"},"content":{"rendered":"<p>Volkswagen Argentina presenta la esperada campa\u00f1a \u00abVW Weeks\u00bb, ofreciendo una financiaci\u00f3n a tasa 0% para una amplia gama de modelos. Incluye el Nivus, T-Cross, Taos, Saveiro y la potente Amarok V6. Esta iniciativa, desarrollada en colaboraci\u00f3n con Volkswagen Financial Services y la aseguradora Zurich, brinda a los compradores la oportunidad de adquirir un veh\u00edculo 0km con plazos flexibles de hasta 12 o 18 meses.<\/p>\n<p>&nbsp;<\/p>\n<h2>Campa\u00f1a nacional con seguro gratis y variedad de opciones<\/h2>\n<p>La campa\u00f1a, que se extiende por todo el pa\u00eds, se destaca por su accesibilidad y variedad, garantizando opciones para todos los gustos y necesidades. Los clientes interesados podr\u00e1n disfrutar de 6 meses de seguro \u00abtodo riesgo\u00bb al precio de la cobertura \u00abterceros completo\u00bb. Asegurando una protecci\u00f3n integral desde el momento de la compra.<\/p>\n<p>&nbsp;<\/p>\n<div id='gallery-1' class='gallery galleryid-7168 gallery-columns-3 gallery-size-full'><figure class='gallery-item'>\n\t\t\t<div class='gallery-icon landscape'>\n\t\t\t\t<a href='https:\/\/autofans.com.ar\/index.php\/2024\/03\/21\/vw-weeks-la-campana-de-volkswagen-con-financiacion-a-tasa-0\/vw-4\/'><img loading=\"lazy\" width=\"1000\" height=\"667\" src=\"https:\/\/autofans.com.ar\/wp-content\/uploads\/2024\/03\/vw-4.jpg\" class=\"attachment-full size-full\" alt=\"volkswagen\" aria-describedby=\"gallery-1-7171\" srcset=\"https:\/\/autofans.com.ar\/wp-content\/uploads\/2024\/03\/vw-4.jpg 1000w, https:\/\/autofans.com.ar\/wp-content\/uploads\/2024\/03\/vw-4-300x200.jpg 300w, https:\/\/autofans.com.ar\/wp-content\/uploads\/2024\/03\/vw-4-768x512.jpg 768w\" sizes=\"auto, (max-width: 1000px) 100vw, 1000px\" loading=\"lazy\" decoding=\"async\" \/><\/a>\n\t\t\t<\/div>\n\t\t\t\t<figcaption class='wp-caption-text gallery-caption' id='gallery-1-7171'>\n\t\t\t\tVolkswagen Taos\n\t\t\t\t<\/figcaption><\/figure><figure class='gallery-item'>\n\t\t\t<div class='gallery-icon landscape'>\n\t\t\t\t<a href='https:\/\/autofans.com.ar\/index.php\/2024\/03\/21\/vw-weeks-la-campana-de-volkswagen-con-financiacion-a-tasa-0\/vw-3\/'><img loading=\"lazy\" width=\"1000\" height=\"667\" src=\"https:\/\/autofans.com.ar\/wp-content\/uploads\/2024\/03\/vw-3.jpg\" class=\"attachment-full size-full\" alt=\"volkswagen\" aria-describedby=\"gallery-1-7172\" srcset=\"https:\/\/autofans.com.ar\/wp-content\/uploads\/2024\/03\/vw-3.jpg 1000w, https:\/\/autofans.com.ar\/wp-content\/uploads\/2024\/03\/vw-3-300x200.jpg 300w, https:\/\/autofans.com.ar\/wp-content\/uploads\/2024\/03\/vw-3-768x512.jpg 768w\" sizes=\"auto, (max-width: 1000px) 100vw, 1000px\" loading=\"lazy\" decoding=\"async\" \/><\/a>\n\t\t\t<\/div>\n\t\t\t\t<figcaption class='wp-caption-text gallery-caption' id='gallery-1-7172'>\n\t\t\t\tVolkswagen Nivus\n\t\t\t\t<\/figcaption><\/figure><figure class='gallery-item'>\n\t\t\t<div class='gallery-icon landscape'>\n\t\t\t\t<a href='https:\/\/autofans.com.ar\/index.php\/2024\/03\/21\/vw-weeks-la-campana-de-volkswagen-con-financiacion-a-tasa-0\/vw-2\/'><img loading=\"lazy\" width=\"1000\" height=\"667\" src=\"https:\/\/autofans.com.ar\/wp-content\/uploads\/2024\/03\/vw-2.jpg\" class=\"attachment-full size-full\" alt=\"volkswagen\" aria-describedby=\"gallery-1-7173\" srcset=\"https:\/\/autofans.com.ar\/wp-content\/uploads\/2024\/03\/vw-2.jpg 1000w, https:\/\/autofans.com.ar\/wp-content\/uploads\/2024\/03\/vw-2-300x200.jpg 300w, https:\/\/autofans.com.ar\/wp-content\/uploads\/2024\/03\/vw-2-768x512.jpg 768w\" sizes=\"auto, (max-width: 1000px) 100vw, 1000px\" loading=\"lazy\" decoding=\"async\" \/><\/a>\n\t\t\t<\/div>\n\t\t\t\t<figcaption class='wp-caption-text gallery-caption' id='gallery-1-7173'>\n\t\t\t\tVolkswagen Amarok\n\t\t\t\t<\/figcaption><\/figure>\n\t\t<\/div>\n\n<p>&nbsp;<\/p>\n<p>La comunicaci\u00f3n de esta propuesta innovadora se despliega a trav\u00e9s de m\u00faltiples canales. Desde el sitio web oficial y las redes sociales de la marca hasta los concesionarios autorizados. Adem\u00e1s, se promociona en medios tradicionales como la televisi\u00f3n y la radio, as\u00ed como en plataformas digitales.<\/p>\n<p>&nbsp;<\/p>\n<h2>volkswagen &#8211; financiaci\u00f3n a tasa 0% en Amarok V6 y m\u00e1s<\/h2>\n<p>Para aquellos interesados en la robusta Amarok V6, se ofrece una tasa del 0% a 18 cuotas, con un tope de financiaci\u00f3n de 12.000.000 de pesos. Alternativamente, existe la opci\u00f3n de financiamiento mediante el sistema UVA, que permite cubrir hasta el 50% del valor de la pick-up, adapt\u00e1ndose a diversas necesidades y presupuestos.<\/p>\n<p>&nbsp;<\/p>\n<div id='gallery-2' class='gallery galleryid-7168 gallery-columns-2 gallery-size-full'><figure class='gallery-item'>\n\t\t\t<div class='gallery-icon landscape'>\n\t\t\t\t<a href='https:\/\/autofans.com.ar\/index.php\/2024\/03\/21\/vw-weeks-la-campana-de-volkswagen-con-financiacion-a-tasa-0\/vw-6\/'><img loading=\"lazy\" width=\"1000\" height=\"667\" src=\"https:\/\/autofans.com.ar\/wp-content\/uploads\/2024\/03\/vw-6.jpg\" class=\"attachment-full size-full\" alt=\"volkswagen\" aria-describedby=\"gallery-2-7169\" srcset=\"https:\/\/autofans.com.ar\/wp-content\/uploads\/2024\/03\/vw-6.jpg 1000w, https:\/\/autofans.com.ar\/wp-content\/uploads\/2024\/03\/vw-6-300x200.jpg 300w, https:\/\/autofans.com.ar\/wp-content\/uploads\/2024\/03\/vw-6-768x512.jpg 768w\" sizes=\"auto, (max-width: 1000px) 100vw, 1000px\" loading=\"lazy\" decoding=\"async\" \/><\/a>\n\t\t\t<\/div>\n\t\t\t\t<figcaption class='wp-caption-text gallery-caption' id='gallery-2-7169'>\n\t\t\t\tVolkswagen Saveiro\n\t\t\t\t<\/figcaption><\/figure><figure class='gallery-item'>\n\t\t\t<div class='gallery-icon landscape'>\n\t\t\t\t<a href='https:\/\/autofans.com.ar\/index.php\/2024\/03\/21\/vw-weeks-la-campana-de-volkswagen-con-financiacion-a-tasa-0\/vw-5\/'><img loading=\"lazy\" width=\"1000\" height=\"667\" src=\"https:\/\/autofans.com.ar\/wp-content\/uploads\/2024\/03\/vw-5.jpg\" class=\"attachment-full size-full\" alt=\"volkswagen\" aria-describedby=\"gallery-2-7170\" srcset=\"https:\/\/autofans.com.ar\/wp-content\/uploads\/2024\/03\/vw-5.jpg 1000w, https:\/\/autofans.com.ar\/wp-content\/uploads\/2024\/03\/vw-5-300x200.jpg 300w, https:\/\/autofans.com.ar\/wp-content\/uploads\/2024\/03\/vw-5-768x512.jpg 768w\" sizes=\"auto, (max-width: 1000px) 100vw, 1000px\" loading=\"lazy\" decoding=\"async\" \/><\/a>\n\t\t\t<\/div>\n\t\t\t\t<figcaption class='wp-caption-text gallery-caption' id='gallery-2-7170'>\n\t\t\t\tVolkswagen T-cross\n\t\t\t\t<\/figcaption><\/figure>\n\t\t<\/div>\n\n<p>&nbsp;<\/p>\n<p>En cuanto a los modelos de autom\u00f3viles, tanto el Nivus, T-Cross, Saveiro y Taos est\u00e1n disponibles con una tasa del 0% a 12 meses, con un tope de financiaci\u00f3n de 5.000.000 de pesos.<\/p>\n<p>\u00a1No pierdas la oportunidad de aprovechar estas incre\u00edbles ofertas durante las \u00abVW Weeks\u00bb de <a href=\"https:\/\/www.volkswagen.com.ar\/es.html\" target=\"_blank\" rel=\"noopener\">Volkswagen Argentina<\/a>!<\/p>\n<p>&nbsp;<\/p>\n<p>&nbsp;<\/p>\n<p><i>Para enterarte de m\u00e1s novedades, no dejes de leer\u00a0<\/i><a href=\"https:\/\/autofans.thebrandsoup.com\/\"><i>nuestras notas<\/i><\/a><i>, de ver<\/i><b><i>\u00a0<\/i><\/b><a href=\"https:\/\/www.youtube.com\/channel\/UCgAC8UGHZYbT6P7PpmVnP7g\"><b><i>AUTOFANS TV<\/i><\/b><\/a><b><i>\u00a0<\/i><\/b><i>en nuestro\u00a0canal de Youtube. Adem\u00e1s seguinos en\u00a0<\/i><a href=\"https:\/\/www.instagram.com\/autofanstv\/\"><i>INSTAGRAM<\/i><\/a><i> y <\/i><a href=\"https:\/\/www.facebook.com\/autofansmas\/\"><i>FACEBOOK<\/i><\/a><i> para no perderte nada sobre las novedades del segmento automotor de Argentina y el mundo.<\/i><\/p>\n","protected":false},"excerpt":{"rendered":"<p>Volkswagen Argentina presenta la esperada campa\u00f1a \u00abVW Weeks\u00bb, ofreciendo una financiaci\u00f3n a tasa 0% para&#8230;<\/p>\n","protected":false},"author":2,"featured_media":7174,"comment_status":"closed","ping_status":"closed","sticky":false,"template":"","format":"standard","meta":{"footnotes":""},"categories":[292,16],"tags":[1101,838,1548,3764,3766,3804,3765,3767,3763,382,3803],"class_list":["post-7168","post","type-post","status-publish","format-standard","has-post-thumbnail","hentry","category-empresas","category-noticias","tag-amarok-v6","tag-concesionarios","tag-financiacion","tag-nivus","tag-saveiro","tag-seguro","tag-t-cross","tag-taos","tag-tasa-0","tag-volkswagen","tag-vw-weeks"],"yoast_head":"<!-- This site is optimized with the Yoast SEO plugin v27.5 - https:\/\/yoast.com\/product\/yoast-seo-wordpress\/ -->\n<title>VW Weeks la campa\u00f1a de Volkswagen con financiaci\u00f3n a tasa 0% -<\/title>\n<meta name=\"description\" content=\"Volkswagen Argentina presenta la esperada campa\u00f1a &quot;VW Weeks&quot;, ofreciendo una financiaci\u00f3n a tasa 0% para una amplia gama de modelos...\" \/>\n<meta name=\"robots\" content=\"index, follow, max-snippet:-1, max-image-preview:large, max-video-preview:-1\" \/>\n<link rel=\"canonical\" href=\"https:\/\/autofans.com.ar\/index.php\/2024\/03\/21\/vw-weeks-la-campana-de-volkswagen-con-financiacion-a-tasa-0\/\" \/>\n<meta property=\"og:locale\" content=\"es_ES\" \/>\n<meta property=\"og:type\" content=\"article\" \/>\n<meta property=\"og:title\" content=\"VW Weeks la campa\u00f1a de Volkswagen con financiaci\u00f3n a tasa 0% -\" \/>\n<meta property=\"og:description\" content=\"Volkswagen Argentina presenta la esperada campa\u00f1a &quot;VW Weeks&quot;, ofreciendo una financiaci\u00f3n a tasa 0% para una amplia gama de modelos...\" \/>\n<meta property=\"og:url\" content=\"https:\/\/autofans.com.ar\/index.php\/2024\/03\/21\/vw-weeks-la-campana-de-volkswagen-con-financiacion-a-tasa-0\/\" \/>\n<meta property=\"article:published_time\" content=\"2024-03-21T16:23:20+00:00\" \/>\n<meta property=\"og:image\" content=\"https:\/\/autofans.com.ar\/wp-content\/uploads\/2024\/03\/vw-1.jpg\" \/>\n\t<meta property=\"og:image:width\" content=\"640\" \/>\n\t<meta property=\"og:image:height\" content=\"427\" \/>\n\t<meta property=\"og:image:type\" content=\"image\/jpeg\" \/>\n<meta name=\"author\" content=\"Alejandro Gabriel Rosito\" \/>\n<meta name=\"twitter:card\" content=\"summary_large_image\" \/>\n<meta name=\"twitter:label1\" content=\"Escrito por\" \/>\n\t<meta name=\"twitter:data1\" content=\"Alejandro Gabriel Rosito\" \/>\n\t<meta name=\"twitter:label2\" content=\"Tiempo de lectura\" \/>\n\t<meta name=\"twitter:data2\" content=\"2 minutos\" \/>\n<script type=\"application\/ld+json\" class=\"yoast-schema-graph\">{\"@context\":\"https:\\\/\\\/schema.org\",\"@graph\":[{\"@type\":\"Article\",\"@id\":\"https:\\\/\\\/autofans.com.ar\\\/index.php\\\/2024\\\/03\\\/21\\\/vw-weeks-la-campana-de-volkswagen-con-financiacion-a-tasa-0\\\/#article\",\"isPartOf\":{\"@id\":\"https:\\\/\\\/autofans.com.ar\\\/index.php\\\/2024\\\/03\\\/21\\\/vw-weeks-la-campana-de-volkswagen-con-financiacion-a-tasa-0\\\/\"},\"author\":{\"name\":\"Alejandro Gabriel Rosito\",\"@id\":\"https:\\\/\\\/autofans.com.ar\\\/#\\\/schema\\\/person\\\/4a8dda0b6df83ac3d6723e921274c2aa\"},\"headline\":\"VW Weeks la campa\u00f1a de Volkswagen con financiaci\u00f3n a tasa 0%\",\"datePublished\":\"2024-03-21T16:23:20+00:00\",\"mainEntityOfPage\":{\"@id\":\"https:\\\/\\\/autofans.com.ar\\\/index.php\\\/2024\\\/03\\\/21\\\/vw-weeks-la-campana-de-volkswagen-con-financiacion-a-tasa-0\\\/\"},\"wordCount\":368,\"image\":{\"@id\":\"https:\\\/\\\/autofans.com.ar\\\/index.php\\\/2024\\\/03\\\/21\\\/vw-weeks-la-campana-de-volkswagen-con-financiacion-a-tasa-0\\\/#primaryimage\"},\"thumbnailUrl\":\"https:\\\/\\\/autofans.com.ar\\\/wp-content\\\/uploads\\\/2024\\\/03\\\/vw-1.jpg\",\"keywords\":[\"amarok v6\",\"concesionarios\",\"financiaci\u00f3n\",\"Nivus\",\"Saveiro\",\"seguro\",\"T-Cross\",\"Taos\",\"Tasa 0%\",\"Volkswagen\",\"VW Weeks\"],\"articleSection\":[\"EMPRESAS\",\"NOTICIAS\"],\"inLanguage\":\"es\"},{\"@type\":\"WebPage\",\"@id\":\"https:\\\/\\\/autofans.com.ar\\\/index.php\\\/2024\\\/03\\\/21\\\/vw-weeks-la-campana-de-volkswagen-con-financiacion-a-tasa-0\\\/\",\"url\":\"https:\\\/\\\/autofans.com.ar\\\/index.php\\\/2024\\\/03\\\/21\\\/vw-weeks-la-campana-de-volkswagen-con-financiacion-a-tasa-0\\\/\",\"name\":\"VW Weeks la campa\u00f1a de Volkswagen con financiaci\u00f3n a tasa 0% -\",\"isPartOf\":{\"@id\":\"https:\\\/\\\/autofans.com.ar\\\/#website\"},\"primaryImageOfPage\":{\"@id\":\"https:\\\/\\\/autofans.com.ar\\\/index.php\\\/2024\\\/03\\\/21\\\/vw-weeks-la-campana-de-volkswagen-con-financiacion-a-tasa-0\\\/#primaryimage\"},\"image\":{\"@id\":\"https:\\\/\\\/autofans.com.ar\\\/index.php\\\/2024\\\/03\\\/21\\\/vw-weeks-la-campana-de-volkswagen-con-financiacion-a-tasa-0\\\/#primaryimage\"},\"thumbnailUrl\":\"https:\\\/\\\/autofans.com.ar\\\/wp-content\\\/uploads\\\/2024\\\/03\\\/vw-1.jpg\",\"datePublished\":\"2024-03-21T16:23:20+00:00\",\"author\":{\"@id\":\"https:\\\/\\\/autofans.com.ar\\\/#\\\/schema\\\/person\\\/4a8dda0b6df83ac3d6723e921274c2aa\"},\"description\":\"Volkswagen Argentina presenta la esperada campa\u00f1a \\\"VW Weeks\\\", ofreciendo una financiaci\u00f3n a tasa 0% para una amplia gama de modelos...\",\"breadcrumb\":{\"@id\":\"https:\\\/\\\/autofans.com.ar\\\/index.php\\\/2024\\\/03\\\/21\\\/vw-weeks-la-campana-de-volkswagen-con-financiacion-a-tasa-0\\\/#breadcrumb\"},\"inLanguage\":\"es\",\"potentialAction\":[{\"@type\":\"ReadAction\",\"target\":[\"https:\\\/\\\/autofans.com.ar\\\/index.php\\\/2024\\\/03\\\/21\\\/vw-weeks-la-campana-de-volkswagen-con-financiacion-a-tasa-0\\\/\"]}]},{\"@type\":\"ImageObject\",\"inLanguage\":\"es\",\"@id\":\"https:\\\/\\\/autofans.com.ar\\\/index.php\\\/2024\\\/03\\\/21\\\/vw-weeks-la-campana-de-volkswagen-con-financiacion-a-tasa-0\\\/#primaryimage\",\"url\":\"https:\\\/\\\/autofans.com.ar\\\/wp-content\\\/uploads\\\/2024\\\/03\\\/vw-1.jpg\",\"contentUrl\":\"https:\\\/\\\/autofans.com.ar\\\/wp-content\\\/uploads\\\/2024\\\/03\\\/vw-1.jpg\",\"width\":1000,\"height\":667,\"caption\":\"volkswagen\"},{\"@type\":\"BreadcrumbList\",\"@id\":\"https:\\\/\\\/autofans.com.ar\\\/index.php\\\/2024\\\/03\\\/21\\\/vw-weeks-la-campana-de-volkswagen-con-financiacion-a-tasa-0\\\/#breadcrumb\",\"itemListElement\":[{\"@type\":\"ListItem\",\"position\":1,\"name\":\"Inicio\",\"item\":\"https:\\\/\\\/autofans.com.ar\\\/\"},{\"@type\":\"ListItem\",\"position\":2,\"name\":\"VW Weeks la campa\u00f1a de Volkswagen con financiaci\u00f3n a tasa 0%\"}]},{\"@type\":\"WebSite\",\"@id\":\"https:\\\/\\\/autofans.com.ar\\\/#website\",\"url\":\"https:\\\/\\\/autofans.com.ar\\\/\",\"name\":\"\",\"description\":\"El multimedio referente de la industria automotriz\",\"potentialAction\":[{\"@type\":\"SearchAction\",\"target\":{\"@type\":\"EntryPoint\",\"urlTemplate\":\"https:\\\/\\\/autofans.com.ar\\\/?s={search_term_string}\"},\"query-input\":{\"@type\":\"PropertyValueSpecification\",\"valueRequired\":true,\"valueName\":\"search_term_string\"}}],\"inLanguage\":\"es\"},{\"@type\":\"Person\",\"@id\":\"https:\\\/\\\/autofans.com.ar\\\/#\\\/schema\\\/person\\\/4a8dda0b6df83ac3d6723e921274c2aa\",\"name\":\"Alejandro Gabriel Rosito\",\"image\":{\"@type\":\"ImageObject\",\"inLanguage\":\"es\",\"@id\":\"https:\\\/\\\/secure.gravatar.com\\\/avatar\\\/16c5dda1489adfc62618084dcbb91cffd879c374b13fe5dd8e44ed6733852c88?s=96&d=mm&r=g\",\"url\":\"https:\\\/\\\/secure.gravatar.com\\\/avatar\\\/16c5dda1489adfc62618084dcbb91cffd879c374b13fe5dd8e44ed6733852c88?s=96&d=mm&r=g\",\"contentUrl\":\"https:\\\/\\\/secure.gravatar.com\\\/avatar\\\/16c5dda1489adfc62618084dcbb91cffd879c374b13fe5dd8e44ed6733852c88?s=96&d=mm&r=g\",\"caption\":\"Alejandro Gabriel Rosito\"},\"url\":\"https:\\\/\\\/autofans.com.ar\\\/index.php\\\/author\\\/gabrielr\\\/\"}]}<\/script>\n<!-- \/ Yoast SEO plugin. -->","yoast_head_json":{"title":"VW Weeks la campa\u00f1a de Volkswagen con financiaci\u00f3n a tasa 0% -","description":"Volkswagen Argentina presenta la esperada campa\u00f1a \"VW Weeks\", ofreciendo una financiaci\u00f3n a tasa 0% para una amplia gama de modelos...","robots":{"index":"index","follow":"follow","max-snippet":"max-snippet:-1","max-image-preview":"max-image-preview:large","max-video-preview":"max-video-preview:-1"},"canonical":"https:\/\/autofans.com.ar\/index.php\/2024\/03\/21\/vw-weeks-la-campana-de-volkswagen-con-financiacion-a-tasa-0\/","og_locale":"es_ES","og_type":"article","og_title":"VW Weeks la campa\u00f1a de Volkswagen con financiaci\u00f3n a tasa 0% -","og_description":"Volkswagen Argentina presenta la esperada campa\u00f1a \"VW Weeks\", ofreciendo una financiaci\u00f3n a tasa 0% para una amplia gama de modelos...","og_url":"https:\/\/autofans.com.ar\/index.php\/2024\/03\/21\/vw-weeks-la-campana-de-volkswagen-con-financiacion-a-tasa-0\/","article_published_time":"2024-03-21T16:23:20+00:00","og_image":[{"url":"https:\/\/autofans.com.ar\/wp-content\/uploads\/2024\/03\/vw-1.jpg","width":640,"height":427,"type":"image\/jpeg"}],"author":"Alejandro Gabriel Rosito","twitter_card":"summary_large_image","twitter_misc":{"Escrito por":"Alejandro Gabriel Rosito","Tiempo de lectura":"2 minutos"},"schema":{"@context":"https:\/\/schema.org","@graph":[{"@type":"Article","@id":"https:\/\/autofans.com.ar\/index.php\/2024\/03\/21\/vw-weeks-la-campana-de-volkswagen-con-financiacion-a-tasa-0\/#article","isPartOf":{"@id":"https:\/\/autofans.com.ar\/index.php\/2024\/03\/21\/vw-weeks-la-campana-de-volkswagen-con-financiacion-a-tasa-0\/"},"author":{"name":"Alejandro Gabriel Rosito","@id":"https:\/\/autofans.com.ar\/#\/schema\/person\/4a8dda0b6df83ac3d6723e921274c2aa"},"headline":"VW Weeks la campa\u00f1a de Volkswagen con financiaci\u00f3n a tasa 0%","datePublished":"2024-03-21T16:23:20+00:00","mainEntityOfPage":{"@id":"https:\/\/autofans.com.ar\/index.php\/2024\/03\/21\/vw-weeks-la-campana-de-volkswagen-con-financiacion-a-tasa-0\/"},"wordCount":368,"image":{"@id":"https:\/\/autofans.com.ar\/index.php\/2024\/03\/21\/vw-weeks-la-campana-de-volkswagen-con-financiacion-a-tasa-0\/#primaryimage"},"thumbnailUrl":"https:\/\/autofans.com.ar\/wp-content\/uploads\/2024\/03\/vw-1.jpg","keywords":["amarok v6","concesionarios","financiaci\u00f3n","Nivus","Saveiro","seguro","T-Cross","Taos","Tasa 0%","Volkswagen","VW Weeks"],"articleSection":["EMPRESAS","NOTICIAS"],"inLanguage":"es"},{"@type":"WebPage","@id":"https:\/\/autofans.com.ar\/index.php\/2024\/03\/21\/vw-weeks-la-campana-de-volkswagen-con-financiacion-a-tasa-0\/","url":"https:\/\/autofans.com.ar\/index.php\/2024\/03\/21\/vw-weeks-la-campana-de-volkswagen-con-financiacion-a-tasa-0\/","name":"VW Weeks la campa\u00f1a de Volkswagen con financiaci\u00f3n a tasa 0% -","isPartOf":{"@id":"https:\/\/autofans.com.ar\/#website"},"primaryImageOfPage":{"@id":"https:\/\/autofans.com.ar\/index.php\/2024\/03\/21\/vw-weeks-la-campana-de-volkswagen-con-financiacion-a-tasa-0\/#primaryimage"},"image":{"@id":"https:\/\/autofans.com.ar\/index.php\/2024\/03\/21\/vw-weeks-la-campana-de-volkswagen-con-financiacion-a-tasa-0\/#primaryimage"},"thumbnailUrl":"https:\/\/autofans.com.ar\/wp-content\/uploads\/2024\/03\/vw-1.jpg","datePublished":"2024-03-21T16:23:20+00:00","author":{"@id":"https:\/\/autofans.com.ar\/#\/schema\/person\/4a8dda0b6df83ac3d6723e921274c2aa"},"description":"Volkswagen Argentina presenta la esperada campa\u00f1a \"VW Weeks\", ofreciendo una financiaci\u00f3n a tasa 0% para una amplia gama de modelos...","breadcrumb":{"@id":"https:\/\/autofans.com.ar\/index.php\/2024\/03\/21\/vw-weeks-la-campana-de-volkswagen-con-financiacion-a-tasa-0\/#breadcrumb"},"inLanguage":"es","potentialAction":[{"@type":"ReadAction","target":["https:\/\/autofans.com.ar\/index.php\/2024\/03\/21\/vw-weeks-la-campana-de-volkswagen-con-financiacion-a-tasa-0\/"]}]},{"@type":"ImageObject","inLanguage":"es","@id":"https:\/\/autofans.com.ar\/index.php\/2024\/03\/21\/vw-weeks-la-campana-de-volkswagen-con-financiacion-a-tasa-0\/#primaryimage","url":"https:\/\/autofans.com.ar\/wp-content\/uploads\/2024\/03\/vw-1.jpg","contentUrl":"https:\/\/autofans.com.ar\/wp-content\/uploads\/2024\/03\/vw-1.jpg","width":1000,"height":667,"caption":"volkswagen"},{"@type":"BreadcrumbList","@id":"https:\/\/autofans.com.ar\/index.php\/2024\/03\/21\/vw-weeks-la-campana-de-volkswagen-con-financiacion-a-tasa-0\/#breadcrumb","itemListElement":[{"@type":"ListItem","position":1,"name":"Inicio","item":"https:\/\/autofans.com.ar\/"},{"@type":"ListItem","position":2,"name":"VW Weeks la campa\u00f1a de Volkswagen con financiaci\u00f3n a tasa 0%"}]},{"@type":"WebSite","@id":"https:\/\/autofans.com.ar\/#website","url":"https:\/\/autofans.com.ar\/","name":"","description":"El multimedio referente de la industria automotriz","potentialAction":[{"@type":"SearchAction","target":{"@type":"EntryPoint","urlTemplate":"https:\/\/autofans.com.ar\/?s={search_term_string}"},"query-input":{"@type":"PropertyValueSpecification","valueRequired":true,"valueName":"search_term_string"}}],"inLanguage":"es"},{"@type":"Person","@id":"https:\/\/autofans.com.ar\/#\/schema\/person\/4a8dda0b6df83ac3d6723e921274c2aa","name":"Alejandro Gabriel Rosito","image":{"@type":"ImageObject","inLanguage":"es","@id":"https:\/\/secure.gravatar.com\/avatar\/16c5dda1489adfc62618084dcbb91cffd879c374b13fe5dd8e44ed6733852c88?s=96&d=mm&r=g","url":"https:\/\/secure.gravatar.com\/avatar\/16c5dda1489adfc62618084dcbb91cffd879c374b13fe5dd8e44ed6733852c88?s=96&d=mm&r=g","contentUrl":"https:\/\/secure.gravatar.com\/avatar\/16c5dda1489adfc62618084dcbb91cffd879c374b13fe5dd8e44ed6733852c88?s=96&d=mm&r=g","caption":"Alejandro Gabriel Rosito"},"url":"https:\/\/autofans.com.ar\/index.php\/author\/gabrielr\/"}]}},"featured_image_urls":{"full":["https:\/\/autofans.com.ar\/wp-content\/uploads\/2024\/03\/vw-1.jpg",1000,667,false],"thumbnail":["https:\/\/autofans.com.ar\/wp-content\/uploads\/2024\/03\/vw-1-150x150.jpg",150,150,true],"medium":["https:\/\/autofans.com.ar\/wp-content\/uploads\/2024\/03\/vw-1-300x200.jpg",300,200,true],"medium_large":["https:\/\/autofans.com.ar\/wp-content\/uploads\/2024\/03\/vw-1-768x512.jpg",640,427,true],"large":["https:\/\/autofans.com.ar\/wp-content\/uploads\/2024\/03\/vw-1.jpg",640,427,false],"1536x1536":["https:\/\/autofans.com.ar\/wp-content\/uploads\/2024\/03\/vw-1.jpg",1000,667,false],"2048x2048":["https:\/\/autofans.com.ar\/wp-content\/uploads\/2024\/03\/vw-1.jpg",1000,667,false],"covernews-featured":["https:\/\/autofans.com.ar\/wp-content\/uploads\/2024\/03\/vw-1.jpg",1000,667,false],"covernews-medium":["https:\/\/autofans.com.ar\/wp-content\/uploads\/2024\/03\/vw-1-540x340.jpg",540,340,true]},"author_info":{"display_name":"Alejandro Gabriel Rosito","author_link":"https:\/\/autofans.com.ar\/index.php\/author\/gabrielr\/"},"category_info":"<a href=\"https:\/\/autofans.com.ar\/index.php\/category\/noticias\/empresas\/\" rel=\"category tag\">EMPRESAS<\/a> <a href=\"https:\/\/autofans.com.ar\/index.php\/category\/noticias\/\" rel=\"category tag\">NOTICIAS<\/a>","tag_info":"NOTICIAS","comment_count":0,"_links":{"self":[{"href":"https:\/\/autofans.com.ar\/index.php\/wp-json\/wp\/v2\/posts\/7168","targetHints":{"allow":["GET"]}}],"collection":[{"href":"https:\/\/autofans.com.ar\/index.php\/wp-json\/wp\/v2\/posts"}],"about":[{"href":"https:\/\/autofans.com.ar\/index.php\/wp-json\/wp\/v2\/types\/post"}],"author":[{"embeddable":true,"href":"https:\/\/autofans.com.ar\/index.php\/wp-json\/wp\/v2\/users\/2"}],"replies":[{"embeddable":true,"href":"https:\/\/autofans.com.ar\/index.php\/wp-json\/wp\/v2\/comments?post=7168"}],"version-history":[{"count":1,"href":"https:\/\/autofans.com.ar\/index.php\/wp-json\/wp\/v2\/posts\/7168\/revisions"}],"predecessor-version":[{"id":7175,"href":"https:\/\/autofans.com.ar\/index.php\/wp-json\/wp\/v2\/posts\/7168\/revisions\/7175"}],"wp:featuredmedia":[{"embeddable":true,"href":"https:\/\/autofans.com.ar\/index.php\/wp-json\/wp\/v2\/media\/7174"}],"wp:attachment":[{"href":"https:\/\/autofans.com.ar\/index.php\/wp-json\/wp\/v2\/media?parent=7168"}],"wp:term":[{"taxonomy":"category","embeddable":true,"href":"https:\/\/autofans.com.ar\/index.php\/wp-json\/wp\/v2\/categories?post=7168"},{"taxonomy":"post_tag","embeddable":true,"href":"https:\/\/autofans.com.ar\/index.php\/wp-json\/wp\/v2\/tags?post=7168"}],"curies":[{"name":"wp","href":"https:\/\/api.w.org\/{rel}","templated":true}]}}