{"id":7176,"date":"2024-03-21T18:53:23","date_gmt":"2024-03-21T21:53:23","guid":{"rendered":"https:\/\/autofans.com.ar\/?p=7176"},"modified":"2024-03-21T18:53:23","modified_gmt":"2024-03-21T21:53:23","slug":"mercedes-benz-camiones-y-buses-construira-una-nueva-planta-en-zarate","status":"publish","type":"post","link":"https:\/\/autofans.com.ar\/index.php\/2024\/03\/21\/mercedes-benz-camiones-y-buses-construira-una-nueva-planta-en-zarate\/","title":{"rendered":"Mercedes-Benz Camiones y Buses construir\u00e1 una nueva planta en Z\u00e1rate"},"content":{"rendered":"<p>Mercedes-Benz Camiones y Buses, empresa l\u00edder del sector perteneciente al grupo Daimler Truck Group AG, ha confirmado la construcci\u00f3n de una moderna planta de producci\u00f3n en Z\u00e1rate, Buenos Aires. Esta nueva instalaci\u00f3n, programada para iniciar operaciones en el primer trimestre de 2026, estar\u00e1 dedicada a la fabricaci\u00f3n de los reconocidos camiones Accelo y Atego, as\u00ed como de los chasis de buses OH y OF.<\/p>\n<p>&nbsp;<\/p>\n<h2>Mercedes-Benz Camiones y Buses &#8211; invertir en Argentina para un futuro s\u00f3lido<\/h2>\n<p>Con una inversi\u00f3n total de USD 110 millones, la subsidiaria argentina de Daimler Truck Group AG consolida su compromiso con el pa\u00eds. El predio de 20 hect\u00e1reas, ubicado en el kil\u00f3metro 90 de Z\u00e1rate, albergar\u00e1 esta nueva planta, sum\u00e1ndose al actual desarrollo del Centro Industrial de la empresa en la misma localidad.<\/p>\n<p>&nbsp;<\/p>\n<figure id=\"attachment_7177\" aria-describedby=\"caption-attachment-7177\" style=\"width: 1000px\" class=\"wp-caption aligncenter\"><img fetchpriority=\"high\" decoding=\"async\" class=\"wp-image-7177 size-full\" src=\"https:\/\/autofans.com.ar\/wp-content\/uploads\/2024\/03\/foto-3-15.jpg\" alt=\"Mercedes-Benz Camiones\" width=\"1000\" height=\"667\" srcset=\"https:\/\/autofans.com.ar\/wp-content\/uploads\/2024\/03\/foto-3-15.jpg 1000w, https:\/\/autofans.com.ar\/wp-content\/uploads\/2024\/03\/foto-3-15-300x200.jpg 300w, https:\/\/autofans.com.ar\/wp-content\/uploads\/2024\/03\/foto-3-15-768x512.jpg 768w\" sizes=\"(max-width: 1000px) 100vw, 1000px\" \/><figcaption id=\"caption-attachment-7177\" class=\"wp-caption-text\">De izquierda a derecha: Ra\u00fal Barcesat, CEO de Mercedes-Benz Camiones y Buses Argentina; Pablo Lavigne, Secretario de Comercio; Juan Pazo, Secretario de Industria y Desarrollo Productivo; Achim Puchert, Presidente de Mercedes-Benz de Brasil y CEO para Am\u00e9rica Latina; Gonzalo Rodi\u00f1o, Gerente de Relaciones Institucionales de Mercedes-Benz Camiones y Buses; y Miguel Schmukler, Asesor del Ministro de Econom\u00eda.<\/figcaption><\/figure>\n<p>&nbsp;<\/p>\n<p>Esta expansi\u00f3n representa un hito en la historia de Mercedes-Benz Camiones y Buses en Argentina, marcando el cierre de un ciclo de inversiones significativas desde su creaci\u00f3n en diciembre de 2021. La construcci\u00f3n de esta planta se enmarca en un proyecto m\u00e1s amplio destinado a consolidar una operaci\u00f3n independiente y eficiente en el pa\u00eds.<\/p>\n<p>El nuevo Centro Industrial contempla la relocalizaci\u00f3n de las l\u00edneas de producci\u00f3n de camiones y chasis de buses, as\u00ed como la planta de remanufactura de piezas denominada REMAN, actualmente ubicada en el Centro Industrial Juan Manuel Fangio de Virrey del Pino.<\/p>\n<p>&nbsp;<\/p>\n<blockquote>\n<p style=\"text-align: center;\">\u201cEsta nueva planta es el hito fundante del futuro de Mercedes-Benz Camiones y Buses en Argentina y, a la vez, una prueba concreta del compromiso que tenemos con el pa\u00eds. Coronamos un ciclo de inversiones para darle forma al futuro de nuestra compa\u00f1\u00eda operando de manera independiente, con mejores oportunidades en t\u00e9rminos de productividad y mayor flexibilidad para incorporar potenciales nuevos proyectos\u201d, explic\u00f3 Ra\u00fal Barcesat, CEO de Mercedes-Benz Camiones y Buses Argentina.<\/p>\n<\/blockquote>\n<p>&nbsp;<\/p>\n<h2>Compromiso ambiental y continuidad operativa<\/h2>\n<p>Adem\u00e1s, esta expansi\u00f3n incluye medidas ambientales rigurosas, alineadas con los est\u00e1ndares globales de Daimler Truck Group AG en materia de sostenibilidad. La nueva planta estar\u00e1 dise\u00f1ada para mitigar el impacto ambiental inherente a los procesos productivos, reflejando el compromiso de la empresa con el cuidado del entorno.<\/p>\n<p>A pesar de estos cambios, las oficinas administrativas, el Training Center y SelecTrucks de la compa\u00f1\u00eda continuar\u00e1n operando en sus ubicaciones actuales en Munro, Tortuguitas y Pilar, respectivamente, en la provincia de Buenos Aires.<\/p>\n<p>Con m\u00e1s de 70 a\u00f1os en el mercado argentino, Mercedes-Benz Camiones y Buses ha forjado una reputaci\u00f3n s\u00f3lida entregando veh\u00edculos de carga y transporte de calidad. En la actualidad, la empresa emplea directamente a m\u00e1s de 500 personas y de manera indirecta a otras 2000 a trav\u00e9s de su extensa red de concesionarios y puntos de venta en todo el pa\u00eds.<\/p>\n<p>&nbsp;<\/p>\n<p>&nbsp;<\/p>\n<p>&nbsp;<\/p>\n<p><i>Para enterarte de m\u00e1s novedades, no dejes de leer\u00a0<\/i><a href=\"https:\/\/autofans.thebrandsoup.com\/\"><i>nuestras notas<\/i><\/a><i>, de ver<\/i><b><i>\u00a0<\/i><\/b><a href=\"https:\/\/www.youtube.com\/channel\/UCgAC8UGHZYbT6P7PpmVnP7g\"><b><i>AUTOFANS TV<\/i><\/b><\/a><b><i>\u00a0<\/i><\/b><i>en nuestro\u00a0canal de Youtube. Adem\u00e1s seguinos en\u00a0<\/i><a href=\"https:\/\/www.instagram.com\/autofanstv\/\"><i>INSTAGRAM<\/i><\/a><i> y <\/i><a href=\"https:\/\/www.facebook.com\/autofansmas\/\"><i>FACEBOOK<\/i><\/a><i> para no perderte nada sobre las novedades del segmento automotor de Argentina y el mundo.<\/i><\/p>\n","protected":false},"excerpt":{"rendered":"<p>Mercedes-Benz Camiones y Buses, empresa l\u00edder del sector perteneciente al grupo Daimler Truck Group AG,&#8230;<\/p>\n","protected":false},"author":2,"featured_media":7179,"comment_status":"closed","ping_status":"closed","sticky":false,"template":"","format":"standard","meta":{"footnotes":""},"categories":[292,16],"tags":[38,3806,2378,3805,2627,740],"class_list":["post-7176","post","type-post","status-publish","format-standard","has-post-thumbnail","hentry","category-empresas","category-noticias","tag-argentina","tag-daimler-truck-group-ag","tag-mercedes-benz-camiones","tag-nueva-planta","tag-produccion-de-vehiculos","tag-zarate"],"yoast_head":"<!-- This site is optimized with the Yoast SEO plugin v27.5 - https:\/\/yoast.com\/product\/yoast-seo-wordpress\/ -->\n<title>Mercedes-Benz Camiones y Buses construir\u00e1 una nueva planta en Z\u00e1rate -<\/title>\n<meta name=\"description\" content=\"Mercedes-Benz Camiones y Buses, perteneciente al grupo Daimler Truck Group AG, ha confirmado la construcci\u00f3n de una moderna planta..\" \/>\n<meta name=\"robots\" content=\"index, follow, max-snippet:-1, max-image-preview:large, max-video-preview:-1\" \/>\n<link rel=\"canonical\" href=\"https:\/\/autofans.com.ar\/index.php\/2024\/03\/21\/mercedes-benz-camiones-y-buses-construira-una-nueva-planta-en-zarate\/\" \/>\n<meta property=\"og:locale\" content=\"es_ES\" \/>\n<meta property=\"og:type\" content=\"article\" \/>\n<meta property=\"og:title\" content=\"Mercedes-Benz Camiones y Buses construir\u00e1 una nueva planta en Z\u00e1rate -\" \/>\n<meta property=\"og:description\" content=\"Mercedes-Benz Camiones y Buses, perteneciente al grupo Daimler Truck Group AG, ha confirmado la construcci\u00f3n de una moderna planta..\" \/>\n<meta property=\"og:url\" content=\"https:\/\/autofans.com.ar\/index.php\/2024\/03\/21\/mercedes-benz-camiones-y-buses-construira-una-nueva-planta-en-zarate\/\" \/>\n<meta property=\"article:published_time\" content=\"2024-03-21T21:53:23+00:00\" \/>\n<meta property=\"og:image\" content=\"https:\/\/autofans.com.ar\/wp-content\/uploads\/2024\/03\/foto-1-14.jpg\" \/>\n\t<meta property=\"og:image:width\" content=\"640\" \/>\n\t<meta property=\"og:image:height\" content=\"427\" \/>\n\t<meta property=\"og:image:type\" content=\"image\/jpeg\" \/>\n<meta name=\"author\" content=\"Alejandro Gabriel Rosito\" \/>\n<meta name=\"twitter:card\" content=\"summary_large_image\" \/>\n<meta name=\"twitter:label1\" content=\"Escrito por\" \/>\n\t<meta name=\"twitter:data1\" content=\"Alejandro Gabriel Rosito\" \/>\n\t<meta name=\"twitter:label2\" content=\"Tiempo de lectura\" \/>\n\t<meta name=\"twitter:data2\" content=\"3 minutos\" \/>\n<script type=\"application\/ld+json\" class=\"yoast-schema-graph\">{\"@context\":\"https:\\\/\\\/schema.org\",\"@graph\":[{\"@type\":\"Article\",\"@id\":\"https:\\\/\\\/autofans.com.ar\\\/index.php\\\/2024\\\/03\\\/21\\\/mercedes-benz-camiones-y-buses-construira-una-nueva-planta-en-zarate\\\/#article\",\"isPartOf\":{\"@id\":\"https:\\\/\\\/autofans.com.ar\\\/index.php\\\/2024\\\/03\\\/21\\\/mercedes-benz-camiones-y-buses-construira-una-nueva-planta-en-zarate\\\/\"},\"author\":{\"name\":\"Alejandro Gabriel Rosito\",\"@id\":\"https:\\\/\\\/autofans.com.ar\\\/#\\\/schema\\\/person\\\/4a8dda0b6df83ac3d6723e921274c2aa\"},\"headline\":\"Mercedes-Benz Camiones y Buses construir\u00e1 una nueva planta en Z\u00e1rate\",\"datePublished\":\"2024-03-21T21:53:23+00:00\",\"mainEntityOfPage\":{\"@id\":\"https:\\\/\\\/autofans.com.ar\\\/index.php\\\/2024\\\/03\\\/21\\\/mercedes-benz-camiones-y-buses-construira-una-nueva-planta-en-zarate\\\/\"},\"wordCount\":604,\"image\":{\"@id\":\"https:\\\/\\\/autofans.com.ar\\\/index.php\\\/2024\\\/03\\\/21\\\/mercedes-benz-camiones-y-buses-construira-una-nueva-planta-en-zarate\\\/#primaryimage\"},\"thumbnailUrl\":\"https:\\\/\\\/autofans.com.ar\\\/wp-content\\\/uploads\\\/2024\\\/03\\\/foto-1-14.jpg\",\"keywords\":[\"Argentina\",\"Daimler Truck Group AG\",\"Mercedes-Benz Camiones\",\"nueva planta\",\"Producci\u00f3n de Veh\u00edculos\",\"Zarate\"],\"articleSection\":[\"EMPRESAS\",\"NOTICIAS\"],\"inLanguage\":\"es\"},{\"@type\":\"WebPage\",\"@id\":\"https:\\\/\\\/autofans.com.ar\\\/index.php\\\/2024\\\/03\\\/21\\\/mercedes-benz-camiones-y-buses-construira-una-nueva-planta-en-zarate\\\/\",\"url\":\"https:\\\/\\\/autofans.com.ar\\\/index.php\\\/2024\\\/03\\\/21\\\/mercedes-benz-camiones-y-buses-construira-una-nueva-planta-en-zarate\\\/\",\"name\":\"Mercedes-Benz Camiones y Buses construir\u00e1 una nueva planta en Z\u00e1rate -\",\"isPartOf\":{\"@id\":\"https:\\\/\\\/autofans.com.ar\\\/#website\"},\"primaryImageOfPage\":{\"@id\":\"https:\\\/\\\/autofans.com.ar\\\/index.php\\\/2024\\\/03\\\/21\\\/mercedes-benz-camiones-y-buses-construira-una-nueva-planta-en-zarate\\\/#primaryimage\"},\"image\":{\"@id\":\"https:\\\/\\\/autofans.com.ar\\\/index.php\\\/2024\\\/03\\\/21\\\/mercedes-benz-camiones-y-buses-construira-una-nueva-planta-en-zarate\\\/#primaryimage\"},\"thumbnailUrl\":\"https:\\\/\\\/autofans.com.ar\\\/wp-content\\\/uploads\\\/2024\\\/03\\\/foto-1-14.jpg\",\"datePublished\":\"2024-03-21T21:53:23+00:00\",\"author\":{\"@id\":\"https:\\\/\\\/autofans.com.ar\\\/#\\\/schema\\\/person\\\/4a8dda0b6df83ac3d6723e921274c2aa\"},\"description\":\"Mercedes-Benz Camiones y Buses, perteneciente al grupo Daimler Truck Group AG, ha confirmado la construcci\u00f3n de una moderna planta..\",\"breadcrumb\":{\"@id\":\"https:\\\/\\\/autofans.com.ar\\\/index.php\\\/2024\\\/03\\\/21\\\/mercedes-benz-camiones-y-buses-construira-una-nueva-planta-en-zarate\\\/#breadcrumb\"},\"inLanguage\":\"es\",\"potentialAction\":[{\"@type\":\"ReadAction\",\"target\":[\"https:\\\/\\\/autofans.com.ar\\\/index.php\\\/2024\\\/03\\\/21\\\/mercedes-benz-camiones-y-buses-construira-una-nueva-planta-en-zarate\\\/\"]}]},{\"@type\":\"ImageObject\",\"inLanguage\":\"es\",\"@id\":\"https:\\\/\\\/autofans.com.ar\\\/index.php\\\/2024\\\/03\\\/21\\\/mercedes-benz-camiones-y-buses-construira-una-nueva-planta-en-zarate\\\/#primaryimage\",\"url\":\"https:\\\/\\\/autofans.com.ar\\\/wp-content\\\/uploads\\\/2024\\\/03\\\/foto-1-14.jpg\",\"contentUrl\":\"https:\\\/\\\/autofans.com.ar\\\/wp-content\\\/uploads\\\/2024\\\/03\\\/foto-1-14.jpg\",\"width\":1000,\"height\":667,\"caption\":\"Mercedes-Benz Camiones\"},{\"@type\":\"BreadcrumbList\",\"@id\":\"https:\\\/\\\/autofans.com.ar\\\/index.php\\\/2024\\\/03\\\/21\\\/mercedes-benz-camiones-y-buses-construira-una-nueva-planta-en-zarate\\\/#breadcrumb\",\"itemListElement\":[{\"@type\":\"ListItem\",\"position\":1,\"name\":\"Inicio\",\"item\":\"https:\\\/\\\/autofans.com.ar\\\/\"},{\"@type\":\"ListItem\",\"position\":2,\"name\":\"Mercedes-Benz Camiones y Buses construir\u00e1 una nueva planta en Z\u00e1rate\"}]},{\"@type\":\"WebSite\",\"@id\":\"https:\\\/\\\/autofans.com.ar\\\/#website\",\"url\":\"https:\\\/\\\/autofans.com.ar\\\/\",\"name\":\"\",\"description\":\"El multimedio referente de la industria automotriz\",\"potentialAction\":[{\"@type\":\"SearchAction\",\"target\":{\"@type\":\"EntryPoint\",\"urlTemplate\":\"https:\\\/\\\/autofans.com.ar\\\/?s={search_term_string}\"},\"query-input\":{\"@type\":\"PropertyValueSpecification\",\"valueRequired\":true,\"valueName\":\"search_term_string\"}}],\"inLanguage\":\"es\"},{\"@type\":\"Person\",\"@id\":\"https:\\\/\\\/autofans.com.ar\\\/#\\\/schema\\\/person\\\/4a8dda0b6df83ac3d6723e921274c2aa\",\"name\":\"Alejandro Gabriel Rosito\",\"image\":{\"@type\":\"ImageObject\",\"inLanguage\":\"es\",\"@id\":\"https:\\\/\\\/secure.gravatar.com\\\/avatar\\\/16c5dda1489adfc62618084dcbb91cffd879c374b13fe5dd8e44ed6733852c88?s=96&d=mm&r=g\",\"url\":\"https:\\\/\\\/secure.gravatar.com\\\/avatar\\\/16c5dda1489adfc62618084dcbb91cffd879c374b13fe5dd8e44ed6733852c88?s=96&d=mm&r=g\",\"contentUrl\":\"https:\\\/\\\/secure.gravatar.com\\\/avatar\\\/16c5dda1489adfc62618084dcbb91cffd879c374b13fe5dd8e44ed6733852c88?s=96&d=mm&r=g\",\"caption\":\"Alejandro Gabriel Rosito\"},\"url\":\"https:\\\/\\\/autofans.com.ar\\\/index.php\\\/author\\\/gabrielr\\\/\"}]}<\/script>\n<!-- \/ Yoast SEO plugin. -->","yoast_head_json":{"title":"Mercedes-Benz Camiones y Buses construir\u00e1 una nueva planta en Z\u00e1rate -","description":"Mercedes-Benz Camiones y Buses, perteneciente al grupo Daimler Truck Group AG, ha confirmado la construcci\u00f3n de una moderna planta..","robots":{"index":"index","follow":"follow","max-snippet":"max-snippet:-1","max-image-preview":"max-image-preview:large","max-video-preview":"max-video-preview:-1"},"canonical":"https:\/\/autofans.com.ar\/index.php\/2024\/03\/21\/mercedes-benz-camiones-y-buses-construira-una-nueva-planta-en-zarate\/","og_locale":"es_ES","og_type":"article","og_title":"Mercedes-Benz Camiones y Buses construir\u00e1 una nueva planta en Z\u00e1rate -","og_description":"Mercedes-Benz Camiones y Buses, perteneciente al grupo Daimler Truck Group AG, ha confirmado la construcci\u00f3n de una moderna planta..","og_url":"https:\/\/autofans.com.ar\/index.php\/2024\/03\/21\/mercedes-benz-camiones-y-buses-construira-una-nueva-planta-en-zarate\/","article_published_time":"2024-03-21T21:53:23+00:00","og_image":[{"url":"https:\/\/autofans.com.ar\/wp-content\/uploads\/2024\/03\/foto-1-14.jpg","width":640,"height":427,"type":"image\/jpeg"}],"author":"Alejandro Gabriel Rosito","twitter_card":"summary_large_image","twitter_misc":{"Escrito por":"Alejandro Gabriel Rosito","Tiempo de lectura":"3 minutos"},"schema":{"@context":"https:\/\/schema.org","@graph":[{"@type":"Article","@id":"https:\/\/autofans.com.ar\/index.php\/2024\/03\/21\/mercedes-benz-camiones-y-buses-construira-una-nueva-planta-en-zarate\/#article","isPartOf":{"@id":"https:\/\/autofans.com.ar\/index.php\/2024\/03\/21\/mercedes-benz-camiones-y-buses-construira-una-nueva-planta-en-zarate\/"},"author":{"name":"Alejandro Gabriel Rosito","@id":"https:\/\/autofans.com.ar\/#\/schema\/person\/4a8dda0b6df83ac3d6723e921274c2aa"},"headline":"Mercedes-Benz Camiones y Buses construir\u00e1 una nueva planta en Z\u00e1rate","datePublished":"2024-03-21T21:53:23+00:00","mainEntityOfPage":{"@id":"https:\/\/autofans.com.ar\/index.php\/2024\/03\/21\/mercedes-benz-camiones-y-buses-construira-una-nueva-planta-en-zarate\/"},"wordCount":604,"image":{"@id":"https:\/\/autofans.com.ar\/index.php\/2024\/03\/21\/mercedes-benz-camiones-y-buses-construira-una-nueva-planta-en-zarate\/#primaryimage"},"thumbnailUrl":"https:\/\/autofans.com.ar\/wp-content\/uploads\/2024\/03\/foto-1-14.jpg","keywords":["Argentina","Daimler Truck Group AG","Mercedes-Benz Camiones","nueva planta","Producci\u00f3n de Veh\u00edculos","Zarate"],"articleSection":["EMPRESAS","NOTICIAS"],"inLanguage":"es"},{"@type":"WebPage","@id":"https:\/\/autofans.com.ar\/index.php\/2024\/03\/21\/mercedes-benz-camiones-y-buses-construira-una-nueva-planta-en-zarate\/","url":"https:\/\/autofans.com.ar\/index.php\/2024\/03\/21\/mercedes-benz-camiones-y-buses-construira-una-nueva-planta-en-zarate\/","name":"Mercedes-Benz Camiones y Buses construir\u00e1 una nueva planta en Z\u00e1rate -","isPartOf":{"@id":"https:\/\/autofans.com.ar\/#website"},"primaryImageOfPage":{"@id":"https:\/\/autofans.com.ar\/index.php\/2024\/03\/21\/mercedes-benz-camiones-y-buses-construira-una-nueva-planta-en-zarate\/#primaryimage"},"image":{"@id":"https:\/\/autofans.com.ar\/index.php\/2024\/03\/21\/mercedes-benz-camiones-y-buses-construira-una-nueva-planta-en-zarate\/#primaryimage"},"thumbnailUrl":"https:\/\/autofans.com.ar\/wp-content\/uploads\/2024\/03\/foto-1-14.jpg","datePublished":"2024-03-21T21:53:23+00:00","author":{"@id":"https:\/\/autofans.com.ar\/#\/schema\/person\/4a8dda0b6df83ac3d6723e921274c2aa"},"description":"Mercedes-Benz Camiones y Buses, perteneciente al grupo Daimler Truck Group AG, ha confirmado la construcci\u00f3n de una moderna planta..","breadcrumb":{"@id":"https:\/\/autofans.com.ar\/index.php\/2024\/03\/21\/mercedes-benz-camiones-y-buses-construira-una-nueva-planta-en-zarate\/#breadcrumb"},"inLanguage":"es","potentialAction":[{"@type":"ReadAction","target":["https:\/\/autofans.com.ar\/index.php\/2024\/03\/21\/mercedes-benz-camiones-y-buses-construira-una-nueva-planta-en-zarate\/"]}]},{"@type":"ImageObject","inLanguage":"es","@id":"https:\/\/autofans.com.ar\/index.php\/2024\/03\/21\/mercedes-benz-camiones-y-buses-construira-una-nueva-planta-en-zarate\/#primaryimage","url":"https:\/\/autofans.com.ar\/wp-content\/uploads\/2024\/03\/foto-1-14.jpg","contentUrl":"https:\/\/autofans.com.ar\/wp-content\/uploads\/2024\/03\/foto-1-14.jpg","width":1000,"height":667,"caption":"Mercedes-Benz Camiones"},{"@type":"BreadcrumbList","@id":"https:\/\/autofans.com.ar\/index.php\/2024\/03\/21\/mercedes-benz-camiones-y-buses-construira-una-nueva-planta-en-zarate\/#breadcrumb","itemListElement":[{"@type":"ListItem","position":1,"name":"Inicio","item":"https:\/\/autofans.com.ar\/"},{"@type":"ListItem","position":2,"name":"Mercedes-Benz Camiones y Buses construir\u00e1 una nueva planta en Z\u00e1rate"}]},{"@type":"WebSite","@id":"https:\/\/autofans.com.ar\/#website","url":"https:\/\/autofans.com.ar\/","name":"","description":"El multimedio referente de la industria automotriz","potentialAction":[{"@type":"SearchAction","target":{"@type":"EntryPoint","urlTemplate":"https:\/\/autofans.com.ar\/?s={search_term_string}"},"query-input":{"@type":"PropertyValueSpecification","valueRequired":true,"valueName":"search_term_string"}}],"inLanguage":"es"},{"@type":"Person","@id":"https:\/\/autofans.com.ar\/#\/schema\/person\/4a8dda0b6df83ac3d6723e921274c2aa","name":"Alejandro Gabriel Rosito","image":{"@type":"ImageObject","inLanguage":"es","@id":"https:\/\/secure.gravatar.com\/avatar\/16c5dda1489adfc62618084dcbb91cffd879c374b13fe5dd8e44ed6733852c88?s=96&d=mm&r=g","url":"https:\/\/secure.gravatar.com\/avatar\/16c5dda1489adfc62618084dcbb91cffd879c374b13fe5dd8e44ed6733852c88?s=96&d=mm&r=g","contentUrl":"https:\/\/secure.gravatar.com\/avatar\/16c5dda1489adfc62618084dcbb91cffd879c374b13fe5dd8e44ed6733852c88?s=96&d=mm&r=g","caption":"Alejandro Gabriel Rosito"},"url":"https:\/\/autofans.com.ar\/index.php\/author\/gabrielr\/"}]}},"featured_image_urls":{"full":["https:\/\/autofans.com.ar\/wp-content\/uploads\/2024\/03\/foto-1-14.jpg",1000,667,false],"thumbnail":["https:\/\/autofans.com.ar\/wp-content\/uploads\/2024\/03\/foto-1-14-150x150.jpg",150,150,true],"medium":["https:\/\/autofans.com.ar\/wp-content\/uploads\/2024\/03\/foto-1-14-300x200.jpg",300,200,true],"medium_large":["https:\/\/autofans.com.ar\/wp-content\/uploads\/2024\/03\/foto-1-14-768x512.jpg",640,427,true],"large":["https:\/\/autofans.com.ar\/wp-content\/uploads\/2024\/03\/foto-1-14.jpg",640,427,false],"1536x1536":["https:\/\/autofans.com.ar\/wp-content\/uploads\/2024\/03\/foto-1-14.jpg",1000,667,false],"2048x2048":["https:\/\/autofans.com.ar\/wp-content\/uploads\/2024\/03\/foto-1-14.jpg",1000,667,false],"covernews-featured":["https:\/\/autofans.com.ar\/wp-content\/uploads\/2024\/03\/foto-1-14.jpg",1000,667,false],"covernews-medium":["https:\/\/autofans.com.ar\/wp-content\/uploads\/2024\/03\/foto-1-14-540x340.jpg",540,340,true]},"author_info":{"display_name":"Alejandro Gabriel Rosito","author_link":"https:\/\/autofans.com.ar\/index.php\/author\/gabrielr\/"},"category_info":"<a href=\"https:\/\/autofans.com.ar\/index.php\/category\/noticias\/empresas\/\" rel=\"category tag\">EMPRESAS<\/a> <a href=\"https:\/\/autofans.com.ar\/index.php\/category\/noticias\/\" rel=\"category tag\">NOTICIAS<\/a>","tag_info":"NOTICIAS","comment_count":0,"_links":{"self":[{"href":"https:\/\/autofans.com.ar\/index.php\/wp-json\/wp\/v2\/posts\/7176","targetHints":{"allow":["GET"]}}],"collection":[{"href":"https:\/\/autofans.com.ar\/index.php\/wp-json\/wp\/v2\/posts"}],"about":[{"href":"https:\/\/autofans.com.ar\/index.php\/wp-json\/wp\/v2\/types\/post"}],"author":[{"embeddable":true,"href":"https:\/\/autofans.com.ar\/index.php\/wp-json\/wp\/v2\/users\/2"}],"replies":[{"embeddable":true,"href":"https:\/\/autofans.com.ar\/index.php\/wp-json\/wp\/v2\/comments?post=7176"}],"version-history":[{"count":1,"href":"https:\/\/autofans.com.ar\/index.php\/wp-json\/wp\/v2\/posts\/7176\/revisions"}],"predecessor-version":[{"id":7180,"href":"https:\/\/autofans.com.ar\/index.php\/wp-json\/wp\/v2\/posts\/7176\/revisions\/7180"}],"wp:featuredmedia":[{"embeddable":true,"href":"https:\/\/autofans.com.ar\/index.php\/wp-json\/wp\/v2\/media\/7179"}],"wp:attachment":[{"href":"https:\/\/autofans.com.ar\/index.php\/wp-json\/wp\/v2\/media?parent=7176"}],"wp:term":[{"taxonomy":"category","embeddable":true,"href":"https:\/\/autofans.com.ar\/index.php\/wp-json\/wp\/v2\/categories?post=7176"},{"taxonomy":"post_tag","embeddable":true,"href":"https:\/\/autofans.com.ar\/index.php\/wp-json\/wp\/v2\/tags?post=7176"}],"curies":[{"name":"wp","href":"https:\/\/api.w.org\/{rel}","templated":true}]}}