{"id":7200,"date":"2024-03-25T13:55:12","date_gmt":"2024-03-25T16:55:12","guid":{"rendered":"https:\/\/autofans.com.ar\/?p=7200"},"modified":"2024-03-25T14:46:10","modified_gmt":"2024-03-25T17:46:10","slug":"nuevo-showroom-de-bmw-en-puerto-madero","status":"publish","type":"post","link":"https:\/\/autofans.com.ar\/index.php\/2024\/03\/25\/nuevo-showroom-de-bmw-en-puerto-madero\/","title":{"rendered":"Nuevo Showroom de BMW en Puerto Madero"},"content":{"rendered":"<p>BMW Group Argentina ha comunicado la apertura del nuevo sal\u00f3n de ventas del concesionario AutoPremier. Situado en la esquina de Pierina Dealessi y Rosario Vera Pe\u00f1aloza, en el exclusivo barrio de Puerto Madero, Ciudad de Buenos Aires. Este showroom, dise\u00f1ado bajo el concepto Retail Next, marca el debut de la \u00faltima identidad de marca de BMW Group en el pa\u00eds. Enfocada en colocar al cliente en el centro de la experiencia de compra minorista.<\/p>\n<p>&nbsp;<\/p>\n<h2>BMW una experiencia premium redefinida<\/h2>\n<p>El concepto Retail Next no solo implica un cambio en la imagen de marca, sino que tambi\u00e9n redefine por completo el proceso de venta. Ofreciendo un recorrido Premium para los clientes. Con una distribuci\u00f3n flexible de espacios, los veh\u00edculos son desplazados para destacar \u00e1reas de atenci\u00f3n renovadas, que incluyen livings y mobiliario dise\u00f1ado para mejorar la experiencia del cliente. La presencia de herramientas digitales facilita nuevas formas de interacci\u00f3n con la marca.<\/p>\n<p>&nbsp;<\/p>\n<div id='gallery-1' class='gallery galleryid-7200 gallery-columns-3 gallery-size-full'><figure class='gallery-item'>\n\t\t\t<div class='gallery-icon landscape'>\n\t\t\t\t<a href='https:\/\/autofans.com.ar\/index.php\/2024\/03\/25\/nuevo-showroom-de-bmw-en-puerto-madero\/bmw-1-5\/'><img loading=\"lazy\" width=\"1000\" height=\"667\" src=\"https:\/\/autofans.com.ar\/wp-content\/uploads\/2024\/03\/bmw-1.jpg\" class=\"attachment-full size-full\" alt=\"BMW\" srcset=\"https:\/\/autofans.com.ar\/wp-content\/uploads\/2024\/03\/bmw-1.jpg 1000w, https:\/\/autofans.com.ar\/wp-content\/uploads\/2024\/03\/bmw-1-300x200.jpg 300w, https:\/\/autofans.com.ar\/wp-content\/uploads\/2024\/03\/bmw-1-768x512.jpg 768w\" sizes=\"auto, (max-width: 1000px) 100vw, 1000px\" loading=\"lazy\" decoding=\"async\" \/><\/a>\n\t\t\t<\/div><\/figure><figure class='gallery-item'>\n\t\t\t<div class='gallery-icon landscape'>\n\t\t\t\t<a href='https:\/\/autofans.com.ar\/index.php\/2024\/03\/25\/nuevo-showroom-de-bmw-en-puerto-madero\/bmw-2-6\/'><img loading=\"lazy\" width=\"1000\" height=\"667\" src=\"https:\/\/autofans.com.ar\/wp-content\/uploads\/2024\/03\/bmw-2.jpg\" class=\"attachment-full size-full\" alt=\"BMW\" srcset=\"https:\/\/autofans.com.ar\/wp-content\/uploads\/2024\/03\/bmw-2.jpg 1000w, https:\/\/autofans.com.ar\/wp-content\/uploads\/2024\/03\/bmw-2-300x200.jpg 300w, https:\/\/autofans.com.ar\/wp-content\/uploads\/2024\/03\/bmw-2-768x512.jpg 768w\" sizes=\"auto, (max-width: 1000px) 100vw, 1000px\" loading=\"lazy\" decoding=\"async\" \/><\/a>\n\t\t\t<\/div><\/figure><figure class='gallery-item'>\n\t\t\t<div class='gallery-icon landscape'>\n\t\t\t\t<a href='https:\/\/autofans.com.ar\/index.php\/2024\/03\/25\/nuevo-showroom-de-bmw-en-puerto-madero\/bmw-3-5\/'><img loading=\"lazy\" width=\"1000\" height=\"667\" src=\"https:\/\/autofans.com.ar\/wp-content\/uploads\/2024\/03\/bmw-3.jpg\" class=\"attachment-full size-full\" alt=\"BMW\" srcset=\"https:\/\/autofans.com.ar\/wp-content\/uploads\/2024\/03\/bmw-3.jpg 1000w, https:\/\/autofans.com.ar\/wp-content\/uploads\/2024\/03\/bmw-3-300x200.jpg 300w, https:\/\/autofans.com.ar\/wp-content\/uploads\/2024\/03\/bmw-3-768x512.jpg 768w\" sizes=\"auto, (max-width: 1000px) 100vw, 1000px\" loading=\"lazy\" decoding=\"async\" \/><\/a>\n\t\t\t<\/div><\/figure>\n\t\t<\/div>\n\n<p>&nbsp;<\/p>\n<p>Con una superficie total de 554m2, el showroom exhibe las \u00faltimas novedades de la marca BMW con una vista privilegiada de la Ciudad de Buenos Aires. Adem\u00e1s, ofrece 10 estacionamientos de cortes\u00eda con seguridad privada y diversos espacios dise\u00f1ados para diferentes prop\u00f3sitos, como zonas de bar, lounge, sala de entrega y exhibici\u00f3n de prendas y accesorios de la colecci\u00f3n BMW Lifestyle.<\/p>\n<p>&nbsp;<\/p>\n<blockquote>\n<p style=\"text-align: center;\">\u201cLa apertura de este sal\u00f3n representa un hito muy relevante para BMW Group Argentina y significa la ampliaci\u00f3n de nuestra red, con un imponente local de unos 550m2 y servicios exclusivos que estrenan un innovador concepto en la venta minorista. Sin dudas, Retail Next forma parte del pr\u00f3ximo paso de la marca y representa una inversi\u00f3n en el futuro, en conjunto con elementos como la conectividad y la electromovilidad, que tendr\u00e1n importantes novedades durante 2024\u201d, coment\u00f3 Ivana Dip, CEO &amp; Managing Director de BMW Group Argentina, durante el evento de inauguraci\u00f3n.<\/p>\n<\/blockquote>\n<p>&nbsp;<\/p>\n<h2>Consultas y citas en AutoPremier Puerto Madero<\/h2>\n<p>Para satisfacer las necesidades de privacidad de algunos clientes, el concesionario ofrece un acceso privado que permite el ingreso a un estacionamiento subterr\u00e1neo con comunicaci\u00f3n directa al sal\u00f3n. Esto permite que los clientes que lo deseen accedan a la sucursal con total reserva, mediante cita previa.<\/p>\n<p>&nbsp;<\/p>\n<p><img fetchpriority=\"high\" decoding=\"async\" class=\"aligncenter wp-image-7202 size-full\" src=\"https:\/\/autofans.com.ar\/wp-content\/uploads\/2024\/03\/bmw-4.jpg\" alt=\"BMW\" width=\"1000\" height=\"667\" srcset=\"https:\/\/autofans.com.ar\/wp-content\/uploads\/2024\/03\/bmw-4.jpg 1000w, https:\/\/autofans.com.ar\/wp-content\/uploads\/2024\/03\/bmw-4-300x200.jpg 300w, https:\/\/autofans.com.ar\/wp-content\/uploads\/2024\/03\/bmw-4-768x512.jpg 768w\" sizes=\"(max-width: 1000px) 100vw, 1000px\" \/><\/p>\n<p>&nbsp;<\/p>\n<p>La inauguraci\u00f3n cont\u00f3 con la presencia de destacadas figuras como Reiner Braun, Presidente y CEO de BMW Group Latinoam\u00e9rica, Alex Luhn, Director de Planeaci\u00f3n y Operaciones de BMW Group Latinoam\u00e9rica, y Leandro Larregina, Gerente de Ventas y Desarrollo de Red de BMW y MINI en Argentina. La nueva sucursal de AutoPremier en Puerto Madero se encuentra ubicada en Pierina Dealessi 1770. Con horario de atenci\u00f3n de lunes a viernes de 9 a 19 hs. y s\u00e1bados de 10 a 14 hs.<\/p>\n<p>&nbsp;<\/p>\n<blockquote>\n<p style=\"text-align: center;\">\u201cPara nosotros es un gran honor formar parte del estreno del concepto Retail Next en Argentina. La apertura de este showroom es una nueva muestra de nuestro compromiso con BMW Group Argentina y complementar\u00e1 los servicios de nuestra tradicional sucursal de Avenida Paseo Col\u00f3n, donde mantendremos los servicios de Postventa y nuestro showroom original. Con una distancia de apenas 10 cuadras ahora tenemos presencia tanto en una de las zonas m\u00e1s antiguas e hist\u00f3ricas de la Ciudad de Buenas Aires como en una de las manzanas m\u00e1s modernas de su barrio m\u00e1s reciente: Puerto Madero\u201d, afirmaron Dalmiro Iufe y Alexis Sabbag, CEO y CFO del concesionario AutoPremier, respectivamente.<\/p>\n<\/blockquote>\n<p>&nbsp;<\/p>\n<p>Para consultas y citas, se puede contactar al tel\u00e9fono 0800-345-1510, v\u00eda Whatsapp al 11-5874-5874 o mediante correo electr\u00f3nico a <a target=\"_new\" rel=\"noopener\">recepcionmadero@autopremier.com.ar<\/a>.<\/p>\n<p>&nbsp;<\/p>\n<p>&nbsp;<\/p>\n<p><i>Para enterarte de m\u00e1s novedades, no dejes de leer\u00a0<\/i><a href=\"https:\/\/autofans.thebrandsoup.com\/\"><i>nuestras notas<\/i><\/a><i>, de ver<\/i><b><i>\u00a0<\/i><\/b><a href=\"https:\/\/www.youtube.com\/channel\/UCgAC8UGHZYbT6P7PpmVnP7g\"><b><i>AUTOFANS TV<\/i><\/b><\/a><b><i>\u00a0<\/i><\/b><i>en nuestro\u00a0canal de Youtube. Adem\u00e1s seguinos en\u00a0<\/i><a href=\"https:\/\/www.instagram.com\/autofanstv\/\"><i>INSTAGRAM<\/i><\/a><i> y <\/i><a href=\"https:\/\/www.facebook.com\/autofansmas\/\"><i>FACEBOOK<\/i><\/a><i> para no perderte nada sobre las novedades del segmento automotor de Argentina y el mundo.<\/i><\/p>\n","protected":false},"excerpt":{"rendered":"<p>BMW Group Argentina ha comunicado la apertura del nuevo sal\u00f3n de ventas del concesionario AutoPremier&#8230;.<\/p>\n","protected":false},"author":2,"featured_media":7201,"comment_status":"closed","ping_status":"closed","sticky":false,"template":"","format":"standard","meta":{"footnotes":""},"categories":[461,1],"tags":[3819,2360,2544,2757,3421,3821,3820,388,3822],"class_list":["post-7200","post","type-post","status-publish","format-standard","has-post-thumbnail","hentry","category-empresas-lanzamientos","category-lanzamientos","tag-autopremier","tag-bmw-group-argentina","tag-experiencia-del-cliente","tag-inauguracion","tag-puerto-madero","tag-retail-next","tag-showroom","tag-vehiculos","tag-venta-de-autos"],"yoast_head":"<!-- This site is optimized with the Yoast SEO plugin v27.5 - https:\/\/yoast.com\/product\/yoast-seo-wordpress\/ -->\n<title>Nuevo Showroom de BMW en Puerto Madero -<\/title>\n<meta name=\"description\" content=\"BMW Group Argentina ha comunicado la apertura del nuevo sal\u00f3n de ventas del concesionario AutoPremier en el exclusivo barrio de Puerto Madero\" \/>\n<meta name=\"robots\" content=\"index, follow, max-snippet:-1, max-image-preview:large, max-video-preview:-1\" \/>\n<link rel=\"canonical\" href=\"https:\/\/autofans.com.ar\/index.php\/2024\/03\/25\/nuevo-showroom-de-bmw-en-puerto-madero\/\" \/>\n<meta property=\"og:locale\" content=\"es_ES\" \/>\n<meta property=\"og:type\" content=\"article\" \/>\n<meta property=\"og:title\" content=\"Nuevo Showroom de BMW en Puerto Madero -\" \/>\n<meta property=\"og:description\" content=\"BMW Group Argentina ha comunicado la apertura del nuevo sal\u00f3n de ventas del concesionario AutoPremier en el exclusivo barrio de Puerto Madero\" \/>\n<meta property=\"og:url\" content=\"https:\/\/autofans.com.ar\/index.php\/2024\/03\/25\/nuevo-showroom-de-bmw-en-puerto-madero\/\" \/>\n<meta property=\"article:published_time\" content=\"2024-03-25T16:55:12+00:00\" \/>\n<meta property=\"article:modified_time\" content=\"2024-03-25T17:46:10+00:00\" \/>\n<meta property=\"og:image\" content=\"https:\/\/autofans.com.ar\/wp-content\/uploads\/2024\/03\/bmw-5.jpg\" \/>\n\t<meta property=\"og:image:width\" content=\"640\" \/>\n\t<meta property=\"og:image:height\" content=\"427\" \/>\n\t<meta property=\"og:image:type\" content=\"image\/jpeg\" \/>\n<meta name=\"author\" content=\"Alejandro Gabriel Rosito\" \/>\n<meta name=\"twitter:card\" content=\"summary_large_image\" \/>\n<meta name=\"twitter:label1\" content=\"Escrito por\" \/>\n\t<meta name=\"twitter:data1\" content=\"Alejandro Gabriel Rosito\" \/>\n\t<meta name=\"twitter:label2\" content=\"Tiempo de lectura\" \/>\n\t<meta name=\"twitter:data2\" content=\"3 minutos\" \/>\n<script type=\"application\/ld+json\" class=\"yoast-schema-graph\">{\"@context\":\"https:\\\/\\\/schema.org\",\"@graph\":[{\"@type\":\"Article\",\"@id\":\"https:\\\/\\\/autofans.com.ar\\\/index.php\\\/2024\\\/03\\\/25\\\/nuevo-showroom-de-bmw-en-puerto-madero\\\/#article\",\"isPartOf\":{\"@id\":\"https:\\\/\\\/autofans.com.ar\\\/index.php\\\/2024\\\/03\\\/25\\\/nuevo-showroom-de-bmw-en-puerto-madero\\\/\"},\"author\":{\"name\":\"Alejandro Gabriel Rosito\",\"@id\":\"https:\\\/\\\/autofans.com.ar\\\/#\\\/schema\\\/person\\\/4a8dda0b6df83ac3d6723e921274c2aa\"},\"headline\":\"Nuevo Showroom de BMW en Puerto Madero\",\"datePublished\":\"2024-03-25T16:55:12+00:00\",\"dateModified\":\"2024-03-25T17:46:10+00:00\",\"mainEntityOfPage\":{\"@id\":\"https:\\\/\\\/autofans.com.ar\\\/index.php\\\/2024\\\/03\\\/25\\\/nuevo-showroom-de-bmw-en-puerto-madero\\\/\"},\"wordCount\":666,\"image\":{\"@id\":\"https:\\\/\\\/autofans.com.ar\\\/index.php\\\/2024\\\/03\\\/25\\\/nuevo-showroom-de-bmw-en-puerto-madero\\\/#primaryimage\"},\"thumbnailUrl\":\"https:\\\/\\\/autofans.com.ar\\\/wp-content\\\/uploads\\\/2024\\\/03\\\/bmw-5.jpg\",\"keywords\":[\"AutoPremier\",\"BMW Group Argentina\",\"Experiencia del Cliente\",\"inauguraci\u00f3n\",\"Puerto Madero\",\"Retail Next\",\"showroom\",\"veh\u00edculos\",\"venta de autos\"],\"articleSection\":[\"Empresas\",\"LANZAMIENTOS\"],\"inLanguage\":\"es\"},{\"@type\":\"WebPage\",\"@id\":\"https:\\\/\\\/autofans.com.ar\\\/index.php\\\/2024\\\/03\\\/25\\\/nuevo-showroom-de-bmw-en-puerto-madero\\\/\",\"url\":\"https:\\\/\\\/autofans.com.ar\\\/index.php\\\/2024\\\/03\\\/25\\\/nuevo-showroom-de-bmw-en-puerto-madero\\\/\",\"name\":\"Nuevo Showroom de BMW en Puerto Madero -\",\"isPartOf\":{\"@id\":\"https:\\\/\\\/autofans.com.ar\\\/#website\"},\"primaryImageOfPage\":{\"@id\":\"https:\\\/\\\/autofans.com.ar\\\/index.php\\\/2024\\\/03\\\/25\\\/nuevo-showroom-de-bmw-en-puerto-madero\\\/#primaryimage\"},\"image\":{\"@id\":\"https:\\\/\\\/autofans.com.ar\\\/index.php\\\/2024\\\/03\\\/25\\\/nuevo-showroom-de-bmw-en-puerto-madero\\\/#primaryimage\"},\"thumbnailUrl\":\"https:\\\/\\\/autofans.com.ar\\\/wp-content\\\/uploads\\\/2024\\\/03\\\/bmw-5.jpg\",\"datePublished\":\"2024-03-25T16:55:12+00:00\",\"dateModified\":\"2024-03-25T17:46:10+00:00\",\"author\":{\"@id\":\"https:\\\/\\\/autofans.com.ar\\\/#\\\/schema\\\/person\\\/4a8dda0b6df83ac3d6723e921274c2aa\"},\"description\":\"BMW Group Argentina ha comunicado la apertura del nuevo sal\u00f3n de ventas del concesionario AutoPremier en el exclusivo barrio de Puerto Madero\",\"breadcrumb\":{\"@id\":\"https:\\\/\\\/autofans.com.ar\\\/index.php\\\/2024\\\/03\\\/25\\\/nuevo-showroom-de-bmw-en-puerto-madero\\\/#breadcrumb\"},\"inLanguage\":\"es\",\"potentialAction\":[{\"@type\":\"ReadAction\",\"target\":[\"https:\\\/\\\/autofans.com.ar\\\/index.php\\\/2024\\\/03\\\/25\\\/nuevo-showroom-de-bmw-en-puerto-madero\\\/\"]}]},{\"@type\":\"ImageObject\",\"inLanguage\":\"es\",\"@id\":\"https:\\\/\\\/autofans.com.ar\\\/index.php\\\/2024\\\/03\\\/25\\\/nuevo-showroom-de-bmw-en-puerto-madero\\\/#primaryimage\",\"url\":\"https:\\\/\\\/autofans.com.ar\\\/wp-content\\\/uploads\\\/2024\\\/03\\\/bmw-5.jpg\",\"contentUrl\":\"https:\\\/\\\/autofans.com.ar\\\/wp-content\\\/uploads\\\/2024\\\/03\\\/bmw-5.jpg\",\"width\":1000,\"height\":667,\"caption\":\"BMW\"},{\"@type\":\"BreadcrumbList\",\"@id\":\"https:\\\/\\\/autofans.com.ar\\\/index.php\\\/2024\\\/03\\\/25\\\/nuevo-showroom-de-bmw-en-puerto-madero\\\/#breadcrumb\",\"itemListElement\":[{\"@type\":\"ListItem\",\"position\":1,\"name\":\"Inicio\",\"item\":\"https:\\\/\\\/autofans.com.ar\\\/\"},{\"@type\":\"ListItem\",\"position\":2,\"name\":\"Nuevo Showroom de BMW en Puerto Madero\"}]},{\"@type\":\"WebSite\",\"@id\":\"https:\\\/\\\/autofans.com.ar\\\/#website\",\"url\":\"https:\\\/\\\/autofans.com.ar\\\/\",\"name\":\"\",\"description\":\"El multimedio referente de la industria automotriz\",\"potentialAction\":[{\"@type\":\"SearchAction\",\"target\":{\"@type\":\"EntryPoint\",\"urlTemplate\":\"https:\\\/\\\/autofans.com.ar\\\/?s={search_term_string}\"},\"query-input\":{\"@type\":\"PropertyValueSpecification\",\"valueRequired\":true,\"valueName\":\"search_term_string\"}}],\"inLanguage\":\"es\"},{\"@type\":\"Person\",\"@id\":\"https:\\\/\\\/autofans.com.ar\\\/#\\\/schema\\\/person\\\/4a8dda0b6df83ac3d6723e921274c2aa\",\"name\":\"Alejandro Gabriel Rosito\",\"image\":{\"@type\":\"ImageObject\",\"inLanguage\":\"es\",\"@id\":\"https:\\\/\\\/secure.gravatar.com\\\/avatar\\\/16c5dda1489adfc62618084dcbb91cffd879c374b13fe5dd8e44ed6733852c88?s=96&d=mm&r=g\",\"url\":\"https:\\\/\\\/secure.gravatar.com\\\/avatar\\\/16c5dda1489adfc62618084dcbb91cffd879c374b13fe5dd8e44ed6733852c88?s=96&d=mm&r=g\",\"contentUrl\":\"https:\\\/\\\/secure.gravatar.com\\\/avatar\\\/16c5dda1489adfc62618084dcbb91cffd879c374b13fe5dd8e44ed6733852c88?s=96&d=mm&r=g\",\"caption\":\"Alejandro Gabriel Rosito\"},\"url\":\"https:\\\/\\\/autofans.com.ar\\\/index.php\\\/author\\\/gabrielr\\\/\"}]}<\/script>\n<!-- \/ Yoast SEO plugin. -->","yoast_head_json":{"title":"Nuevo Showroom de BMW en Puerto Madero -","description":"BMW Group Argentina ha comunicado la apertura del nuevo sal\u00f3n de ventas del concesionario AutoPremier en el exclusivo barrio de Puerto Madero","robots":{"index":"index","follow":"follow","max-snippet":"max-snippet:-1","max-image-preview":"max-image-preview:large","max-video-preview":"max-video-preview:-1"},"canonical":"https:\/\/autofans.com.ar\/index.php\/2024\/03\/25\/nuevo-showroom-de-bmw-en-puerto-madero\/","og_locale":"es_ES","og_type":"article","og_title":"Nuevo Showroom de BMW en Puerto Madero -","og_description":"BMW Group Argentina ha comunicado la apertura del nuevo sal\u00f3n de ventas del concesionario AutoPremier en el exclusivo barrio de Puerto Madero","og_url":"https:\/\/autofans.com.ar\/index.php\/2024\/03\/25\/nuevo-showroom-de-bmw-en-puerto-madero\/","article_published_time":"2024-03-25T16:55:12+00:00","article_modified_time":"2024-03-25T17:46:10+00:00","og_image":[{"url":"https:\/\/autofans.com.ar\/wp-content\/uploads\/2024\/03\/bmw-5.jpg","width":640,"height":427,"type":"image\/jpeg"}],"author":"Alejandro Gabriel Rosito","twitter_card":"summary_large_image","twitter_misc":{"Escrito por":"Alejandro Gabriel Rosito","Tiempo de lectura":"3 minutos"},"schema":{"@context":"https:\/\/schema.org","@graph":[{"@type":"Article","@id":"https:\/\/autofans.com.ar\/index.php\/2024\/03\/25\/nuevo-showroom-de-bmw-en-puerto-madero\/#article","isPartOf":{"@id":"https:\/\/autofans.com.ar\/index.php\/2024\/03\/25\/nuevo-showroom-de-bmw-en-puerto-madero\/"},"author":{"name":"Alejandro Gabriel Rosito","@id":"https:\/\/autofans.com.ar\/#\/schema\/person\/4a8dda0b6df83ac3d6723e921274c2aa"},"headline":"Nuevo Showroom de BMW en Puerto Madero","datePublished":"2024-03-25T16:55:12+00:00","dateModified":"2024-03-25T17:46:10+00:00","mainEntityOfPage":{"@id":"https:\/\/autofans.com.ar\/index.php\/2024\/03\/25\/nuevo-showroom-de-bmw-en-puerto-madero\/"},"wordCount":666,"image":{"@id":"https:\/\/autofans.com.ar\/index.php\/2024\/03\/25\/nuevo-showroom-de-bmw-en-puerto-madero\/#primaryimage"},"thumbnailUrl":"https:\/\/autofans.com.ar\/wp-content\/uploads\/2024\/03\/bmw-5.jpg","keywords":["AutoPremier","BMW Group Argentina","Experiencia del Cliente","inauguraci\u00f3n","Puerto Madero","Retail Next","showroom","veh\u00edculos","venta de autos"],"articleSection":["Empresas","LANZAMIENTOS"],"inLanguage":"es"},{"@type":"WebPage","@id":"https:\/\/autofans.com.ar\/index.php\/2024\/03\/25\/nuevo-showroom-de-bmw-en-puerto-madero\/","url":"https:\/\/autofans.com.ar\/index.php\/2024\/03\/25\/nuevo-showroom-de-bmw-en-puerto-madero\/","name":"Nuevo Showroom de BMW en Puerto Madero -","isPartOf":{"@id":"https:\/\/autofans.com.ar\/#website"},"primaryImageOfPage":{"@id":"https:\/\/autofans.com.ar\/index.php\/2024\/03\/25\/nuevo-showroom-de-bmw-en-puerto-madero\/#primaryimage"},"image":{"@id":"https:\/\/autofans.com.ar\/index.php\/2024\/03\/25\/nuevo-showroom-de-bmw-en-puerto-madero\/#primaryimage"},"thumbnailUrl":"https:\/\/autofans.com.ar\/wp-content\/uploads\/2024\/03\/bmw-5.jpg","datePublished":"2024-03-25T16:55:12+00:00","dateModified":"2024-03-25T17:46:10+00:00","author":{"@id":"https:\/\/autofans.com.ar\/#\/schema\/person\/4a8dda0b6df83ac3d6723e921274c2aa"},"description":"BMW Group Argentina ha comunicado la apertura del nuevo sal\u00f3n de ventas del concesionario AutoPremier en el exclusivo barrio de Puerto Madero","breadcrumb":{"@id":"https:\/\/autofans.com.ar\/index.php\/2024\/03\/25\/nuevo-showroom-de-bmw-en-puerto-madero\/#breadcrumb"},"inLanguage":"es","potentialAction":[{"@type":"ReadAction","target":["https:\/\/autofans.com.ar\/index.php\/2024\/03\/25\/nuevo-showroom-de-bmw-en-puerto-madero\/"]}]},{"@type":"ImageObject","inLanguage":"es","@id":"https:\/\/autofans.com.ar\/index.php\/2024\/03\/25\/nuevo-showroom-de-bmw-en-puerto-madero\/#primaryimage","url":"https:\/\/autofans.com.ar\/wp-content\/uploads\/2024\/03\/bmw-5.jpg","contentUrl":"https:\/\/autofans.com.ar\/wp-content\/uploads\/2024\/03\/bmw-5.jpg","width":1000,"height":667,"caption":"BMW"},{"@type":"BreadcrumbList","@id":"https:\/\/autofans.com.ar\/index.php\/2024\/03\/25\/nuevo-showroom-de-bmw-en-puerto-madero\/#breadcrumb","itemListElement":[{"@type":"ListItem","position":1,"name":"Inicio","item":"https:\/\/autofans.com.ar\/"},{"@type":"ListItem","position":2,"name":"Nuevo Showroom de BMW en Puerto Madero"}]},{"@type":"WebSite","@id":"https:\/\/autofans.com.ar\/#website","url":"https:\/\/autofans.com.ar\/","name":"","description":"El multimedio referente de la industria automotriz","potentialAction":[{"@type":"SearchAction","target":{"@type":"EntryPoint","urlTemplate":"https:\/\/autofans.com.ar\/?s={search_term_string}"},"query-input":{"@type":"PropertyValueSpecification","valueRequired":true,"valueName":"search_term_string"}}],"inLanguage":"es"},{"@type":"Person","@id":"https:\/\/autofans.com.ar\/#\/schema\/person\/4a8dda0b6df83ac3d6723e921274c2aa","name":"Alejandro Gabriel Rosito","image":{"@type":"ImageObject","inLanguage":"es","@id":"https:\/\/secure.gravatar.com\/avatar\/16c5dda1489adfc62618084dcbb91cffd879c374b13fe5dd8e44ed6733852c88?s=96&d=mm&r=g","url":"https:\/\/secure.gravatar.com\/avatar\/16c5dda1489adfc62618084dcbb91cffd879c374b13fe5dd8e44ed6733852c88?s=96&d=mm&r=g","contentUrl":"https:\/\/secure.gravatar.com\/avatar\/16c5dda1489adfc62618084dcbb91cffd879c374b13fe5dd8e44ed6733852c88?s=96&d=mm&r=g","caption":"Alejandro Gabriel Rosito"},"url":"https:\/\/autofans.com.ar\/index.php\/author\/gabrielr\/"}]}},"featured_image_urls":{"full":["https:\/\/autofans.com.ar\/wp-content\/uploads\/2024\/03\/bmw-5.jpg",1000,667,false],"thumbnail":["https:\/\/autofans.com.ar\/wp-content\/uploads\/2024\/03\/bmw-5-150x150.jpg",150,150,true],"medium":["https:\/\/autofans.com.ar\/wp-content\/uploads\/2024\/03\/bmw-5-300x200.jpg",300,200,true],"medium_large":["https:\/\/autofans.com.ar\/wp-content\/uploads\/2024\/03\/bmw-5-768x512.jpg",640,427,true],"large":["https:\/\/autofans.com.ar\/wp-content\/uploads\/2024\/03\/bmw-5.jpg",640,427,false],"1536x1536":["https:\/\/autofans.com.ar\/wp-content\/uploads\/2024\/03\/bmw-5.jpg",1000,667,false],"2048x2048":["https:\/\/autofans.com.ar\/wp-content\/uploads\/2024\/03\/bmw-5.jpg",1000,667,false],"covernews-featured":["https:\/\/autofans.com.ar\/wp-content\/uploads\/2024\/03\/bmw-5.jpg",1000,667,false],"covernews-medium":["https:\/\/autofans.com.ar\/wp-content\/uploads\/2024\/03\/bmw-5-540x340.jpg",540,340,true]},"author_info":{"display_name":"Alejandro Gabriel Rosito","author_link":"https:\/\/autofans.com.ar\/index.php\/author\/gabrielr\/"},"category_info":"<a href=\"https:\/\/autofans.com.ar\/index.php\/category\/lanzamientos\/empresas-lanzamientos\/\" rel=\"category tag\">Empresas<\/a> <a href=\"https:\/\/autofans.com.ar\/index.php\/category\/lanzamientos\/\" rel=\"category tag\">LANZAMIENTOS<\/a>","tag_info":"LANZAMIENTOS","comment_count":0,"_links":{"self":[{"href":"https:\/\/autofans.com.ar\/index.php\/wp-json\/wp\/v2\/posts\/7200","targetHints":{"allow":["GET"]}}],"collection":[{"href":"https:\/\/autofans.com.ar\/index.php\/wp-json\/wp\/v2\/posts"}],"about":[{"href":"https:\/\/autofans.com.ar\/index.php\/wp-json\/wp\/v2\/types\/post"}],"author":[{"embeddable":true,"href":"https:\/\/autofans.com.ar\/index.php\/wp-json\/wp\/v2\/users\/2"}],"replies":[{"embeddable":true,"href":"https:\/\/autofans.com.ar\/index.php\/wp-json\/wp\/v2\/comments?post=7200"}],"version-history":[{"count":3,"href":"https:\/\/autofans.com.ar\/index.php\/wp-json\/wp\/v2\/posts\/7200\/revisions"}],"predecessor-version":[{"id":7208,"href":"https:\/\/autofans.com.ar\/index.php\/wp-json\/wp\/v2\/posts\/7200\/revisions\/7208"}],"wp:featuredmedia":[{"embeddable":true,"href":"https:\/\/autofans.com.ar\/index.php\/wp-json\/wp\/v2\/media\/7201"}],"wp:attachment":[{"href":"https:\/\/autofans.com.ar\/index.php\/wp-json\/wp\/v2\/media?parent=7200"}],"wp:term":[{"taxonomy":"category","embeddable":true,"href":"https:\/\/autofans.com.ar\/index.php\/wp-json\/wp\/v2\/categories?post=7200"},{"taxonomy":"post_tag","embeddable":true,"href":"https:\/\/autofans.com.ar\/index.php\/wp-json\/wp\/v2\/tags?post=7200"}],"curies":[{"name":"wp","href":"https:\/\/api.w.org\/{rel}","templated":true}]}}