{"id":7209,"date":"2024-03-25T18:53:48","date_gmt":"2024-03-25T21:53:48","guid":{"rendered":"https:\/\/autofans.com.ar\/?p=7209"},"modified":"2024-03-25T18:53:48","modified_gmt":"2024-03-25T21:53:48","slug":"triunfos-de-ducati-dominio-absoluto-en-motogp-y-worldsuperbike","status":"publish","type":"post","link":"https:\/\/autofans.com.ar\/index.php\/2024\/03\/25\/triunfos-de-ducati-dominio-absoluto-en-motogp-y-worldsuperbike\/","title":{"rendered":"Triunfos de Ducati, dominio absoluto en MotoGP y WorldSuperbike"},"content":{"rendered":"<p>El equipo Aruba.it Racing-Ducati celebr\u00f3 un doblete en el Round Catal\u00e1n y el Gran Premio de Portugal. En el Mundial de MotoGP, la Ducati Desmosedici GP24 se destac\u00f3 con un impresionante 1-2, liderado por Jorge Mart\u00edn de Prima Pramac Racing y Enea Bastianini del Ducati Lenovo Team. Mientras tanto, en el WorldSuperbike, el modelo Ducati Panigale V4R logr\u00f3 otro 1-2 con \u00c1lvaro Bautista y Nicol\u00f2 Bulega.<\/p>\n<p>&nbsp;<\/p>\n<blockquote>\n<p style=\"text-align: center;\">Jorge Mart\u00edn (#89 Prima Pramac Racing) \u2013 GP Race P1<\/p>\n<p style=\"text-align: center;\">\u201cFue la carrera m\u00e1s madura de mi campa\u00f1a. En Portimao de 2022 casi lo pierdo todo a ra\u00edz de una ca\u00edda que me produjo m\u00faltiples fracturas \u00f3seas y hoy me encuentro como ganador del Gran Premio de Portugal y l\u00edder provisional del campeonato\u201d.<\/p>\n<\/blockquote>\n<p>&nbsp;<\/p>\n<h2>Mart\u00edn y Bastianini brillan en Portugal<\/h2>\n<p>En Portugal, Mart\u00edn mantuvo un liderazgo s\u00f3lido desde el principio hasta la bandera a cuadros, mientras Bastianini asegur\u00f3 un segundo puesto con un ritmo constante. A pesar de los \u00e9xitos, Francesco Bagnaia tuvo un d\u00eda dif\u00edcil al abandonar tras un contacto con Marc M\u00e1rquez.<\/p>\n<p>&nbsp;<\/p>\n<figure id=\"attachment_7215\" aria-describedby=\"caption-attachment-7215\" style=\"width: 1000px\" class=\"wp-caption aligncenter\"><img fetchpriority=\"high\" decoding=\"async\" class=\"wp-image-7215 size-full\" src=\"https:\/\/autofans.com.ar\/wp-content\/uploads\/2024\/03\/ducati-3.jpg\" alt=\"Ducati\" width=\"1000\" height=\"667\" srcset=\"https:\/\/autofans.com.ar\/wp-content\/uploads\/2024\/03\/ducati-3.jpg 1000w, https:\/\/autofans.com.ar\/wp-content\/uploads\/2024\/03\/ducati-3-300x200.jpg 300w, https:\/\/autofans.com.ar\/wp-content\/uploads\/2024\/03\/ducati-3-768x512.jpg 768w\" sizes=\"(max-width: 1000px) 100vw, 1000px\" \/><figcaption id=\"caption-attachment-7215\" class=\"wp-caption-text\">Nicol\u00f2 Bulega &#8211; \u00c1lvaro Bautista<\/figcaption><\/figure>\n<p>&nbsp;<\/p>\n<p>En el WorldSuperbike, Bautista destac\u00f3 con una brillante actuaci\u00f3n, asegurando el tercer puesto en la SuperPole Race y la victoria en la Race2 del Round de Catalunya. Bulega, por su parte, obtuvo un s\u00f3lido segundo lugar, coloc\u00e1ndose como l\u00edder provisional del campeonato.<\/p>\n<p>&nbsp;<\/p>\n<h2>Ducati \u00a0&#8211; resumen del desempe\u00f1o en el circuito de Portugal<\/h2>\n<p>Enea Bastianini del Ducati Lenovo Team obtuvo el segundo puesto despu\u00e9s de una intensa batalla en la pista, expresando su gratitud hacia su equipo y seguidores por permitirle alcanzar esta posici\u00f3n en un trazado que anteriormente no le hab\u00eda tra\u00eddo grandes satisfacciones.<\/p>\n<p>Marc M\u00e1rquez de Gresini Racing, aunque finaliz\u00f3 en el puesto 16, destac\u00f3 el proceso de recuperaci\u00f3n de velocidad y ritmo durante la carrera, tras un incidente con Francesco Bagnaia del Ducati Lenovo Team.<\/p>\n<p>&nbsp;<\/p>\n<div id='gallery-1' class='gallery galleryid-7209 gallery-columns-3 gallery-size-full'><figure class='gallery-item'>\n\t\t\t<div class='gallery-icon landscape'>\n\t\t\t\t<a href='https:\/\/autofans.com.ar\/index.php\/2024\/03\/25\/triunfos-de-ducati-dominio-absoluto-en-motogp-y-worldsuperbike\/ducati-1-4\/'><img loading=\"lazy\" width=\"1000\" height=\"667\" src=\"https:\/\/autofans.com.ar\/wp-content\/uploads\/2024\/03\/ducati-1.jpg\" class=\"attachment-full size-full\" alt=\"Ducati\" srcset=\"https:\/\/autofans.com.ar\/wp-content\/uploads\/2024\/03\/ducati-1.jpg 1000w, https:\/\/autofans.com.ar\/wp-content\/uploads\/2024\/03\/ducati-1-300x200.jpg 300w, https:\/\/autofans.com.ar\/wp-content\/uploads\/2024\/03\/ducati-1-768x512.jpg 768w\" sizes=\"auto, (max-width: 1000px) 100vw, 1000px\" loading=\"lazy\" decoding=\"async\" \/><\/a>\n\t\t\t<\/div><\/figure><figure class='gallery-item'>\n\t\t\t<div class='gallery-icon landscape'>\n\t\t\t\t<a href='https:\/\/autofans.com.ar\/index.php\/2024\/03\/25\/triunfos-de-ducati-dominio-absoluto-en-motogp-y-worldsuperbike\/ducati-2-4\/'><img loading=\"lazy\" width=\"1000\" height=\"667\" src=\"https:\/\/autofans.com.ar\/wp-content\/uploads\/2024\/03\/ducati-2.jpg\" class=\"attachment-full size-full\" alt=\"Ducati\" srcset=\"https:\/\/autofans.com.ar\/wp-content\/uploads\/2024\/03\/ducati-2.jpg 1000w, https:\/\/autofans.com.ar\/wp-content\/uploads\/2024\/03\/ducati-2-300x200.jpg 300w, https:\/\/autofans.com.ar\/wp-content\/uploads\/2024\/03\/ducati-2-768x512.jpg 768w\" sizes=\"auto, (max-width: 1000px) 100vw, 1000px\" loading=\"lazy\" decoding=\"async\" \/><\/a>\n\t\t\t<\/div><\/figure><figure class='gallery-item'>\n\t\t\t<div class='gallery-icon landscape'>\n\t\t\t\t<a href='https:\/\/autofans.com.ar\/index.php\/2024\/03\/25\/triunfos-de-ducati-dominio-absoluto-en-motogp-y-worldsuperbike\/ducati-4-3\/'><img loading=\"lazy\" width=\"1000\" height=\"667\" src=\"https:\/\/autofans.com.ar\/wp-content\/uploads\/2024\/03\/ducati-4.jpg\" class=\"attachment-full size-full\" alt=\"Ducati\" srcset=\"https:\/\/autofans.com.ar\/wp-content\/uploads\/2024\/03\/ducati-4.jpg 1000w, https:\/\/autofans.com.ar\/wp-content\/uploads\/2024\/03\/ducati-4-300x200.jpg 300w, https:\/\/autofans.com.ar\/wp-content\/uploads\/2024\/03\/ducati-4-768x512.jpg 768w\" sizes=\"auto, (max-width: 1000px) 100vw, 1000px\" loading=\"lazy\" decoding=\"async\" \/><\/a>\n\t\t\t<\/div><\/figure>\n\t\t<\/div>\n\n<p>&nbsp;<\/p>\n<p>Bagnaia, por su parte, no pudo completar la carrera, pero resalt\u00f3 la mejora en las sensaciones con la nueva moto y la necesidad de capitalizar la experiencia para futuros eventos.<\/p>\n<p>\u00c1lvaro Bautista del Aruba.it Racing-Ducati asegur\u00f3 un impresionante tercer puesto en la SuperPole Race y la victoria en la Race2, demostrando una notable recuperaci\u00f3n durante el fin de semana.<\/p>\n<p>Nicol\u00f2 Bulega, tambi\u00e9n del Aruba.it Racing-Ducati, obtuvo el cuarto puesto en la SuperPole Race y el segundo puesto en la Race2, destacando la efectividad de la estrategia adoptada en la segunda carrera.<\/p>\n<p>&nbsp;<\/p>\n<p>Pr\u00f3xima parada: el Gran Premio de las Am\u00e9ricas en el Circuit of The Americas (COTA) de Austin, Texas, donde los pilotos de Ducati buscar\u00e1n mantener su dominio en ambas competiciones.<\/p>\n<p>&nbsp;<\/p>\n<p>&nbsp;<\/p>\n<p><i>Para enterarte de m\u00e1s novedades, no dejes de leer\u00a0<\/i><a href=\"https:\/\/autofans.thebrandsoup.com\/\"><i>nuestras notas<\/i><\/a><i>, de ver<\/i><b><i>\u00a0<\/i><\/b><a href=\"https:\/\/www.youtube.com\/channel\/UCgAC8UGHZYbT6P7PpmVnP7g\"><b><i>AUTOFANS TV<\/i><\/b><\/a><b><i>\u00a0<\/i><\/b><i>en nuestro\u00a0canal de Youtube. Adem\u00e1s seguinos en\u00a0<\/i><a href=\"https:\/\/www.instagram.com\/autofanstv\/\"><i>INSTAGRAM<\/i><\/a><i> y <\/i><a href=\"https:\/\/www.facebook.com\/autofansmas\/\"><i>FACEBOOK<\/i><\/a><i> para no perderte nada sobre las novedades del segmento automotor de Argentina y el mundo.<\/i><\/p>\n","protected":false},"excerpt":{"rendered":"<p>El equipo Aruba.it Racing-Ducati celebr\u00f3 un doblete en el Round Catal\u00e1n y el Gran Premio&#8230;<\/p>\n","protected":false},"author":2,"featured_media":7213,"comment_status":"closed","ping_status":"closed","sticky":false,"template":"","format":"standard","meta":{"footnotes":""},"categories":[127,16,12],"tags":[225,219,348,343,3824,3823,2536,3825,1149],"class_list":["post-7209","post","type-post","status-publish","format-standard","has-post-thumbnail","hentry","category-deporte","category-noticias","category-test-drives","tag-alvaro-bautista","tag-ducati","tag-enea-bastianini","tag-francesco-bagnaia","tag-gran-premio-de-portugal","tag-gresini-racing","tag-jorge-martin","tag-marc-marquez","tag-nicolo-bulega"],"yoast_head":"<!-- This site is optimized with the Yoast SEO plugin v27.5 - https:\/\/yoast.com\/product\/yoast-seo-wordpress\/ -->\n<title>Triunfos de Ducati, dominio absoluto en MotoGP y WorldSuperbike -<\/title>\n<meta name=\"description\" content=\"El equipo Aruba.it Racing-Ducati celebr\u00f3 un doblete en el Round Catal\u00e1n y el Gran Premio de Portugal. En el Mundial de MotoGP...\" \/>\n<meta name=\"robots\" content=\"index, follow, max-snippet:-1, max-image-preview:large, max-video-preview:-1\" \/>\n<link rel=\"canonical\" href=\"https:\/\/autofans.com.ar\/index.php\/2024\/03\/25\/triunfos-de-ducati-dominio-absoluto-en-motogp-y-worldsuperbike\/\" \/>\n<meta property=\"og:locale\" content=\"es_ES\" \/>\n<meta property=\"og:type\" content=\"article\" \/>\n<meta property=\"og:title\" content=\"Triunfos de Ducati, dominio absoluto en MotoGP y WorldSuperbike -\" \/>\n<meta property=\"og:description\" content=\"El equipo Aruba.it Racing-Ducati celebr\u00f3 un doblete en el Round Catal\u00e1n y el Gran Premio de Portugal. En el Mundial de MotoGP...\" \/>\n<meta property=\"og:url\" content=\"https:\/\/autofans.com.ar\/index.php\/2024\/03\/25\/triunfos-de-ducati-dominio-absoluto-en-motogp-y-worldsuperbike\/\" \/>\n<meta property=\"article:published_time\" content=\"2024-03-25T21:53:48+00:00\" \/>\n<meta property=\"og:image\" content=\"https:\/\/autofans.com.ar\/wp-content\/uploads\/2024\/03\/ducati-5.jpg\" \/>\n\t<meta property=\"og:image:width\" content=\"640\" \/>\n\t<meta property=\"og:image:height\" content=\"427\" \/>\n\t<meta property=\"og:image:type\" content=\"image\/jpeg\" \/>\n<meta name=\"author\" content=\"Alejandro Gabriel Rosito\" \/>\n<meta name=\"twitter:card\" content=\"summary_large_image\" \/>\n<meta name=\"twitter:label1\" content=\"Escrito por\" \/>\n\t<meta name=\"twitter:data1\" content=\"Alejandro Gabriel Rosito\" \/>\n\t<meta name=\"twitter:label2\" content=\"Tiempo de lectura\" \/>\n\t<meta name=\"twitter:data2\" content=\"3 minutos\" \/>\n<script type=\"application\/ld+json\" class=\"yoast-schema-graph\">{\"@context\":\"https:\\\/\\\/schema.org\",\"@graph\":[{\"@type\":\"Article\",\"@id\":\"https:\\\/\\\/autofans.com.ar\\\/index.php\\\/2024\\\/03\\\/25\\\/triunfos-de-ducati-dominio-absoluto-en-motogp-y-worldsuperbike\\\/#article\",\"isPartOf\":{\"@id\":\"https:\\\/\\\/autofans.com.ar\\\/index.php\\\/2024\\\/03\\\/25\\\/triunfos-de-ducati-dominio-absoluto-en-motogp-y-worldsuperbike\\\/\"},\"author\":{\"name\":\"Alejandro Gabriel Rosito\",\"@id\":\"https:\\\/\\\/autofans.com.ar\\\/#\\\/schema\\\/person\\\/4a8dda0b6df83ac3d6723e921274c2aa\"},\"headline\":\"Triunfos de Ducati, dominio absoluto en MotoGP y WorldSuperbike\",\"datePublished\":\"2024-03-25T21:53:48+00:00\",\"mainEntityOfPage\":{\"@id\":\"https:\\\/\\\/autofans.com.ar\\\/index.php\\\/2024\\\/03\\\/25\\\/triunfos-de-ducati-dominio-absoluto-en-motogp-y-worldsuperbike\\\/\"},\"wordCount\":526,\"image\":{\"@id\":\"https:\\\/\\\/autofans.com.ar\\\/index.php\\\/2024\\\/03\\\/25\\\/triunfos-de-ducati-dominio-absoluto-en-motogp-y-worldsuperbike\\\/#primaryimage\"},\"thumbnailUrl\":\"https:\\\/\\\/autofans.com.ar\\\/wp-content\\\/uploads\\\/2024\\\/03\\\/ducati-5.jpg\",\"keywords\":[\"\u00c1lvaro Bautista\",\"Ducati\",\"Enea Bastianini\",\"Francesco Bagnaia\",\"Gran Premio de Portugal\",\"Gresini Racing\",\"Jorge Mart\u00edn\",\"Marc M\u00e1rquez\",\"Nicol\u00f3 Bulega\"],\"articleSection\":[\"DEPORTE MOTOR\",\"NOTICIAS\",\"TEST DRIVES\"],\"inLanguage\":\"es\"},{\"@type\":\"WebPage\",\"@id\":\"https:\\\/\\\/autofans.com.ar\\\/index.php\\\/2024\\\/03\\\/25\\\/triunfos-de-ducati-dominio-absoluto-en-motogp-y-worldsuperbike\\\/\",\"url\":\"https:\\\/\\\/autofans.com.ar\\\/index.php\\\/2024\\\/03\\\/25\\\/triunfos-de-ducati-dominio-absoluto-en-motogp-y-worldsuperbike\\\/\",\"name\":\"Triunfos de Ducati, dominio absoluto en MotoGP y WorldSuperbike -\",\"isPartOf\":{\"@id\":\"https:\\\/\\\/autofans.com.ar\\\/#website\"},\"primaryImageOfPage\":{\"@id\":\"https:\\\/\\\/autofans.com.ar\\\/index.php\\\/2024\\\/03\\\/25\\\/triunfos-de-ducati-dominio-absoluto-en-motogp-y-worldsuperbike\\\/#primaryimage\"},\"image\":{\"@id\":\"https:\\\/\\\/autofans.com.ar\\\/index.php\\\/2024\\\/03\\\/25\\\/triunfos-de-ducati-dominio-absoluto-en-motogp-y-worldsuperbike\\\/#primaryimage\"},\"thumbnailUrl\":\"https:\\\/\\\/autofans.com.ar\\\/wp-content\\\/uploads\\\/2024\\\/03\\\/ducati-5.jpg\",\"datePublished\":\"2024-03-25T21:53:48+00:00\",\"author\":{\"@id\":\"https:\\\/\\\/autofans.com.ar\\\/#\\\/schema\\\/person\\\/4a8dda0b6df83ac3d6723e921274c2aa\"},\"description\":\"El equipo Aruba.it Racing-Ducati celebr\u00f3 un doblete en el Round Catal\u00e1n y el Gran Premio de Portugal. En el Mundial de MotoGP...\",\"breadcrumb\":{\"@id\":\"https:\\\/\\\/autofans.com.ar\\\/index.php\\\/2024\\\/03\\\/25\\\/triunfos-de-ducati-dominio-absoluto-en-motogp-y-worldsuperbike\\\/#breadcrumb\"},\"inLanguage\":\"es\",\"potentialAction\":[{\"@type\":\"ReadAction\",\"target\":[\"https:\\\/\\\/autofans.com.ar\\\/index.php\\\/2024\\\/03\\\/25\\\/triunfos-de-ducati-dominio-absoluto-en-motogp-y-worldsuperbike\\\/\"]}]},{\"@type\":\"ImageObject\",\"inLanguage\":\"es\",\"@id\":\"https:\\\/\\\/autofans.com.ar\\\/index.php\\\/2024\\\/03\\\/25\\\/triunfos-de-ducati-dominio-absoluto-en-motogp-y-worldsuperbike\\\/#primaryimage\",\"url\":\"https:\\\/\\\/autofans.com.ar\\\/wp-content\\\/uploads\\\/2024\\\/03\\\/ducati-5.jpg\",\"contentUrl\":\"https:\\\/\\\/autofans.com.ar\\\/wp-content\\\/uploads\\\/2024\\\/03\\\/ducati-5.jpg\",\"width\":1000,\"height\":667,\"caption\":\"Ducati\"},{\"@type\":\"BreadcrumbList\",\"@id\":\"https:\\\/\\\/autofans.com.ar\\\/index.php\\\/2024\\\/03\\\/25\\\/triunfos-de-ducati-dominio-absoluto-en-motogp-y-worldsuperbike\\\/#breadcrumb\",\"itemListElement\":[{\"@type\":\"ListItem\",\"position\":1,\"name\":\"Inicio\",\"item\":\"https:\\\/\\\/autofans.com.ar\\\/\"},{\"@type\":\"ListItem\",\"position\":2,\"name\":\"Triunfos de Ducati, dominio absoluto en MotoGP y WorldSuperbike\"}]},{\"@type\":\"WebSite\",\"@id\":\"https:\\\/\\\/autofans.com.ar\\\/#website\",\"url\":\"https:\\\/\\\/autofans.com.ar\\\/\",\"name\":\"\",\"description\":\"El multimedio referente de la industria automotriz\",\"potentialAction\":[{\"@type\":\"SearchAction\",\"target\":{\"@type\":\"EntryPoint\",\"urlTemplate\":\"https:\\\/\\\/autofans.com.ar\\\/?s={search_term_string}\"},\"query-input\":{\"@type\":\"PropertyValueSpecification\",\"valueRequired\":true,\"valueName\":\"search_term_string\"}}],\"inLanguage\":\"es\"},{\"@type\":\"Person\",\"@id\":\"https:\\\/\\\/autofans.com.ar\\\/#\\\/schema\\\/person\\\/4a8dda0b6df83ac3d6723e921274c2aa\",\"name\":\"Alejandro Gabriel Rosito\",\"image\":{\"@type\":\"ImageObject\",\"inLanguage\":\"es\",\"@id\":\"https:\\\/\\\/secure.gravatar.com\\\/avatar\\\/16c5dda1489adfc62618084dcbb91cffd879c374b13fe5dd8e44ed6733852c88?s=96&d=mm&r=g\",\"url\":\"https:\\\/\\\/secure.gravatar.com\\\/avatar\\\/16c5dda1489adfc62618084dcbb91cffd879c374b13fe5dd8e44ed6733852c88?s=96&d=mm&r=g\",\"contentUrl\":\"https:\\\/\\\/secure.gravatar.com\\\/avatar\\\/16c5dda1489adfc62618084dcbb91cffd879c374b13fe5dd8e44ed6733852c88?s=96&d=mm&r=g\",\"caption\":\"Alejandro Gabriel Rosito\"},\"url\":\"https:\\\/\\\/autofans.com.ar\\\/index.php\\\/author\\\/gabrielr\\\/\"}]}<\/script>\n<!-- \/ Yoast SEO plugin. -->","yoast_head_json":{"title":"Triunfos de Ducati, dominio absoluto en MotoGP y WorldSuperbike -","description":"El equipo Aruba.it Racing-Ducati celebr\u00f3 un doblete en el Round Catal\u00e1n y el Gran Premio de Portugal. En el Mundial de MotoGP...","robots":{"index":"index","follow":"follow","max-snippet":"max-snippet:-1","max-image-preview":"max-image-preview:large","max-video-preview":"max-video-preview:-1"},"canonical":"https:\/\/autofans.com.ar\/index.php\/2024\/03\/25\/triunfos-de-ducati-dominio-absoluto-en-motogp-y-worldsuperbike\/","og_locale":"es_ES","og_type":"article","og_title":"Triunfos de Ducati, dominio absoluto en MotoGP y WorldSuperbike -","og_description":"El equipo Aruba.it Racing-Ducati celebr\u00f3 un doblete en el Round Catal\u00e1n y el Gran Premio de Portugal. En el Mundial de MotoGP...","og_url":"https:\/\/autofans.com.ar\/index.php\/2024\/03\/25\/triunfos-de-ducati-dominio-absoluto-en-motogp-y-worldsuperbike\/","article_published_time":"2024-03-25T21:53:48+00:00","og_image":[{"url":"https:\/\/autofans.com.ar\/wp-content\/uploads\/2024\/03\/ducati-5.jpg","width":640,"height":427,"type":"image\/jpeg"}],"author":"Alejandro Gabriel Rosito","twitter_card":"summary_large_image","twitter_misc":{"Escrito por":"Alejandro Gabriel Rosito","Tiempo de lectura":"3 minutos"},"schema":{"@context":"https:\/\/schema.org","@graph":[{"@type":"Article","@id":"https:\/\/autofans.com.ar\/index.php\/2024\/03\/25\/triunfos-de-ducati-dominio-absoluto-en-motogp-y-worldsuperbike\/#article","isPartOf":{"@id":"https:\/\/autofans.com.ar\/index.php\/2024\/03\/25\/triunfos-de-ducati-dominio-absoluto-en-motogp-y-worldsuperbike\/"},"author":{"name":"Alejandro Gabriel Rosito","@id":"https:\/\/autofans.com.ar\/#\/schema\/person\/4a8dda0b6df83ac3d6723e921274c2aa"},"headline":"Triunfos de Ducati, dominio absoluto en MotoGP y WorldSuperbike","datePublished":"2024-03-25T21:53:48+00:00","mainEntityOfPage":{"@id":"https:\/\/autofans.com.ar\/index.php\/2024\/03\/25\/triunfos-de-ducati-dominio-absoluto-en-motogp-y-worldsuperbike\/"},"wordCount":526,"image":{"@id":"https:\/\/autofans.com.ar\/index.php\/2024\/03\/25\/triunfos-de-ducati-dominio-absoluto-en-motogp-y-worldsuperbike\/#primaryimage"},"thumbnailUrl":"https:\/\/autofans.com.ar\/wp-content\/uploads\/2024\/03\/ducati-5.jpg","keywords":["\u00c1lvaro Bautista","Ducati","Enea Bastianini","Francesco Bagnaia","Gran Premio de Portugal","Gresini Racing","Jorge Mart\u00edn","Marc M\u00e1rquez","Nicol\u00f3 Bulega"],"articleSection":["DEPORTE MOTOR","NOTICIAS","TEST DRIVES"],"inLanguage":"es"},{"@type":"WebPage","@id":"https:\/\/autofans.com.ar\/index.php\/2024\/03\/25\/triunfos-de-ducati-dominio-absoluto-en-motogp-y-worldsuperbike\/","url":"https:\/\/autofans.com.ar\/index.php\/2024\/03\/25\/triunfos-de-ducati-dominio-absoluto-en-motogp-y-worldsuperbike\/","name":"Triunfos de Ducati, dominio absoluto en MotoGP y WorldSuperbike -","isPartOf":{"@id":"https:\/\/autofans.com.ar\/#website"},"primaryImageOfPage":{"@id":"https:\/\/autofans.com.ar\/index.php\/2024\/03\/25\/triunfos-de-ducati-dominio-absoluto-en-motogp-y-worldsuperbike\/#primaryimage"},"image":{"@id":"https:\/\/autofans.com.ar\/index.php\/2024\/03\/25\/triunfos-de-ducati-dominio-absoluto-en-motogp-y-worldsuperbike\/#primaryimage"},"thumbnailUrl":"https:\/\/autofans.com.ar\/wp-content\/uploads\/2024\/03\/ducati-5.jpg","datePublished":"2024-03-25T21:53:48+00:00","author":{"@id":"https:\/\/autofans.com.ar\/#\/schema\/person\/4a8dda0b6df83ac3d6723e921274c2aa"},"description":"El equipo Aruba.it Racing-Ducati celebr\u00f3 un doblete en el Round Catal\u00e1n y el Gran Premio de Portugal. En el Mundial de MotoGP...","breadcrumb":{"@id":"https:\/\/autofans.com.ar\/index.php\/2024\/03\/25\/triunfos-de-ducati-dominio-absoluto-en-motogp-y-worldsuperbike\/#breadcrumb"},"inLanguage":"es","potentialAction":[{"@type":"ReadAction","target":["https:\/\/autofans.com.ar\/index.php\/2024\/03\/25\/triunfos-de-ducati-dominio-absoluto-en-motogp-y-worldsuperbike\/"]}]},{"@type":"ImageObject","inLanguage":"es","@id":"https:\/\/autofans.com.ar\/index.php\/2024\/03\/25\/triunfos-de-ducati-dominio-absoluto-en-motogp-y-worldsuperbike\/#primaryimage","url":"https:\/\/autofans.com.ar\/wp-content\/uploads\/2024\/03\/ducati-5.jpg","contentUrl":"https:\/\/autofans.com.ar\/wp-content\/uploads\/2024\/03\/ducati-5.jpg","width":1000,"height":667,"caption":"Ducati"},{"@type":"BreadcrumbList","@id":"https:\/\/autofans.com.ar\/index.php\/2024\/03\/25\/triunfos-de-ducati-dominio-absoluto-en-motogp-y-worldsuperbike\/#breadcrumb","itemListElement":[{"@type":"ListItem","position":1,"name":"Inicio","item":"https:\/\/autofans.com.ar\/"},{"@type":"ListItem","position":2,"name":"Triunfos de Ducati, dominio absoluto en MotoGP y WorldSuperbike"}]},{"@type":"WebSite","@id":"https:\/\/autofans.com.ar\/#website","url":"https:\/\/autofans.com.ar\/","name":"","description":"El multimedio referente de la industria automotriz","potentialAction":[{"@type":"SearchAction","target":{"@type":"EntryPoint","urlTemplate":"https:\/\/autofans.com.ar\/?s={search_term_string}"},"query-input":{"@type":"PropertyValueSpecification","valueRequired":true,"valueName":"search_term_string"}}],"inLanguage":"es"},{"@type":"Person","@id":"https:\/\/autofans.com.ar\/#\/schema\/person\/4a8dda0b6df83ac3d6723e921274c2aa","name":"Alejandro Gabriel Rosito","image":{"@type":"ImageObject","inLanguage":"es","@id":"https:\/\/secure.gravatar.com\/avatar\/16c5dda1489adfc62618084dcbb91cffd879c374b13fe5dd8e44ed6733852c88?s=96&d=mm&r=g","url":"https:\/\/secure.gravatar.com\/avatar\/16c5dda1489adfc62618084dcbb91cffd879c374b13fe5dd8e44ed6733852c88?s=96&d=mm&r=g","contentUrl":"https:\/\/secure.gravatar.com\/avatar\/16c5dda1489adfc62618084dcbb91cffd879c374b13fe5dd8e44ed6733852c88?s=96&d=mm&r=g","caption":"Alejandro Gabriel Rosito"},"url":"https:\/\/autofans.com.ar\/index.php\/author\/gabrielr\/"}]}},"featured_image_urls":{"full":["https:\/\/autofans.com.ar\/wp-content\/uploads\/2024\/03\/ducati-5.jpg",1000,667,false],"thumbnail":["https:\/\/autofans.com.ar\/wp-content\/uploads\/2024\/03\/ducati-5-150x150.jpg",150,150,true],"medium":["https:\/\/autofans.com.ar\/wp-content\/uploads\/2024\/03\/ducati-5-300x200.jpg",300,200,true],"medium_large":["https:\/\/autofans.com.ar\/wp-content\/uploads\/2024\/03\/ducati-5-768x512.jpg",640,427,true],"large":["https:\/\/autofans.com.ar\/wp-content\/uploads\/2024\/03\/ducati-5.jpg",640,427,false],"1536x1536":["https:\/\/autofans.com.ar\/wp-content\/uploads\/2024\/03\/ducati-5.jpg",1000,667,false],"2048x2048":["https:\/\/autofans.com.ar\/wp-content\/uploads\/2024\/03\/ducati-5.jpg",1000,667,false],"covernews-featured":["https:\/\/autofans.com.ar\/wp-content\/uploads\/2024\/03\/ducati-5.jpg",1000,667,false],"covernews-medium":["https:\/\/autofans.com.ar\/wp-content\/uploads\/2024\/03\/ducati-5-540x340.jpg",540,340,true]},"author_info":{"display_name":"Alejandro Gabriel Rosito","author_link":"https:\/\/autofans.com.ar\/index.php\/author\/gabrielr\/"},"category_info":"<a href=\"https:\/\/autofans.com.ar\/index.php\/category\/noticias\/deporte\/\" rel=\"category tag\">DEPORTE MOTOR<\/a> <a href=\"https:\/\/autofans.com.ar\/index.php\/category\/noticias\/\" rel=\"category tag\">NOTICIAS<\/a> <a href=\"https:\/\/autofans.com.ar\/index.php\/category\/test-drives\/\" rel=\"category tag\">TEST DRIVES<\/a>","tag_info":"TEST DRIVES","comment_count":0,"_links":{"self":[{"href":"https:\/\/autofans.com.ar\/index.php\/wp-json\/wp\/v2\/posts\/7209","targetHints":{"allow":["GET"]}}],"collection":[{"href":"https:\/\/autofans.com.ar\/index.php\/wp-json\/wp\/v2\/posts"}],"about":[{"href":"https:\/\/autofans.com.ar\/index.php\/wp-json\/wp\/v2\/types\/post"}],"author":[{"embeddable":true,"href":"https:\/\/autofans.com.ar\/index.php\/wp-json\/wp\/v2\/users\/2"}],"replies":[{"embeddable":true,"href":"https:\/\/autofans.com.ar\/index.php\/wp-json\/wp\/v2\/comments?post=7209"}],"version-history":[{"count":4,"href":"https:\/\/autofans.com.ar\/index.php\/wp-json\/wp\/v2\/posts\/7209\/revisions"}],"predecessor-version":[{"id":7218,"href":"https:\/\/autofans.com.ar\/index.php\/wp-json\/wp\/v2\/posts\/7209\/revisions\/7218"}],"wp:featuredmedia":[{"embeddable":true,"href":"https:\/\/autofans.com.ar\/index.php\/wp-json\/wp\/v2\/media\/7213"}],"wp:attachment":[{"href":"https:\/\/autofans.com.ar\/index.php\/wp-json\/wp\/v2\/media?parent=7209"}],"wp:term":[{"taxonomy":"category","embeddable":true,"href":"https:\/\/autofans.com.ar\/index.php\/wp-json\/wp\/v2\/categories?post=7209"},{"taxonomy":"post_tag","embeddable":true,"href":"https:\/\/autofans.com.ar\/index.php\/wp-json\/wp\/v2\/tags?post=7209"}],"curies":[{"name":"wp","href":"https:\/\/api.w.org\/{rel}","templated":true}]}}