{"id":7302,"date":"2024-04-08T14:16:31","date_gmt":"2024-04-08T17:16:31","guid":{"rendered":"https:\/\/autofans.com.ar\/?p=7302"},"modified":"2024-04-08T14:20:16","modified_gmt":"2024-04-08T17:20:16","slug":"toyota-argentina-presenta-su-nuevo-equipo-directivo","status":"publish","type":"post","link":"https:\/\/autofans.com.ar\/index.php\/2024\/04\/08\/toyota-argentina-presenta-su-nuevo-equipo-directivo\/","title":{"rendered":"Toyota Argentina presenta su nuevo equipo directivo"},"content":{"rendered":"<p>Toyota Argentina anuncia importantes cambios en su equipo directivo. Ezequiel Vallejos Meana, con una trayectoria de m\u00e1s de dos d\u00e9cadas en la empresa, asumir\u00e1 la Direcci\u00f3n de Asuntos Corporativos en reemplazo de Diego Prado. Por otro lado, Fernanda P\u00e9rez Cometto se une a la compa\u00f1\u00eda como Gerente General de Comunicaciones Corporativas, aportando su experiencia en diversos sectores.<\/p>\n<p>&nbsp;<\/p>\n<blockquote>\n<p style=\"text-align: center;\">Gustavo Salinas, Presidente de Toyota Argentina dijo: \u201cDiego Prado cumpli\u00f3 un rol clave en el posicionamiento reputacional de la compa\u00f1\u00eda a lo largo de los \u00faltimos a\u00f1os y que nos llev\u00f3 a ser hoy una de las empresas m\u00e1s admiradas y reconocidas de la Argentina y la regi\u00f3n\u201d y agreg\u00f3 \u201cEzequiel Vallejos Meana y Fernanda P\u00e9rez Cometto tendr\u00e1n el enorme desaf\u00edo de consolidar y mantener ese posicionamiento y acompa\u00f1ar el proceso de transformaci\u00f3n de Toyota en una empresa de servicios de movilidad\u201d.<\/p>\n<\/blockquote>\n<p>&nbsp;<\/p>\n<h2>Toyota Argentina &#8211; nuevos liderazgo<\/h2>\n<p>Ezequiel Vallejos Meana, un veterano en Toyota Argentina, tomar\u00e1 las riendas de los Asuntos Corporativos a partir del pr\u00f3ximo mes de mayo. Su vasta experiencia en \u00e1reas como Relaciones Gubernamentales, Log\u00edstica y Comercio Exterior lo convierten en un activo fundamental para la empresa.<\/p>\n<p>&nbsp;<\/p>\n<div id='gallery-1' class='gallery galleryid-7302 gallery-columns-2 gallery-size-full'><figure class='gallery-item'>\n\t\t\t<div class='gallery-icon landscape'>\n\t\t\t\t<a href='https:\/\/autofans.com.ar\/index.php\/2024\/04\/08\/toyota-argentina-presenta-su-nuevo-equipo-directivo\/foto-3-356\/'><img loading=\"lazy\" width=\"1000\" height=\"667\" src=\"https:\/\/autofans.com.ar\/wp-content\/uploads\/2024\/04\/foto-3-3.jpg\" class=\"attachment-full size-full\" alt=\"Toyota\" aria-describedby=\"gallery-1-7303\" srcset=\"https:\/\/autofans.com.ar\/wp-content\/uploads\/2024\/04\/foto-3-3.jpg 1000w, https:\/\/autofans.com.ar\/wp-content\/uploads\/2024\/04\/foto-3-3-300x200.jpg 300w, https:\/\/autofans.com.ar\/wp-content\/uploads\/2024\/04\/foto-3-3-768x512.jpg 768w\" sizes=\"auto, (max-width: 1000px) 100vw, 1000px\" loading=\"lazy\" decoding=\"async\" \/><\/a>\n\t\t\t<\/div>\n\t\t\t\t<figcaption class='wp-caption-text gallery-caption' id='gallery-1-7303'>\n\t\t\t\tEzequiel Vallejos Meana\n\t\t\t\t<\/figcaption><\/figure><figure class='gallery-item'>\n\t\t\t<div class='gallery-icon landscape'>\n\t\t\t\t<a href='https:\/\/autofans.com.ar\/index.php\/2024\/04\/08\/toyota-argentina-presenta-su-nuevo-equipo-directivo\/foto-2-432\/'><img loading=\"lazy\" width=\"1000\" height=\"667\" src=\"https:\/\/autofans.com.ar\/wp-content\/uploads\/2024\/04\/foto-2-3.jpg\" class=\"attachment-full size-full\" alt=\"Toyota\" aria-describedby=\"gallery-1-7304\" srcset=\"https:\/\/autofans.com.ar\/wp-content\/uploads\/2024\/04\/foto-2-3.jpg 1000w, https:\/\/autofans.com.ar\/wp-content\/uploads\/2024\/04\/foto-2-3-300x200.jpg 300w, https:\/\/autofans.com.ar\/wp-content\/uploads\/2024\/04\/foto-2-3-768x512.jpg 768w\" sizes=\"auto, (max-width: 1000px) 100vw, 1000px\" loading=\"lazy\" decoding=\"async\" \/><\/a>\n\t\t\t<\/div>\n\t\t\t\t<figcaption class='wp-caption-text gallery-caption' id='gallery-1-7304'>\n\t\t\t\tFernanda P\u00e9rez Cometto\n\t\t\t\t<\/figcaption><\/figure>\n\t\t<\/div>\n\n<p>&nbsp;<\/p>\n<p>Por su parte, Fernanda P\u00e9rez Cometto se une al equipo el 8 de abril como Gerente General de Comunicaciones Corporativas. Con una s\u00f3lida trayectoria en comunicaciones, asuntos p\u00fablicos y gesti\u00f3n del talento en empresas multinacionales de diversos sectores, P\u00e9rez Cometto aportar\u00e1 una visi\u00f3n fresca y estrat\u00e9gica al \u00e1rea de comunicaciones de Toyota Argentina.<\/p>\n<p>Estos cambios reflejan el compromiso de Toyota Argentina con la excelencia y la innovaci\u00f3n en todas sus \u00e1reas. La llegada de nuevos l\u00edderes fortalece la capacidad de la empresa para enfrentar los desaf\u00edos del mercado actual y seguir brindando productos y servicios de calidad a sus clientes.<\/p>\n<p>&nbsp;<\/p>\n<p>&nbsp;<\/p>\n<p>&nbsp;<\/p>\n<p><i>Para enterarte de m\u00e1s novedades, no dejes de leer\u00a0<\/i><a href=\"https:\/\/autofans.thebrandsoup.com\/\"><i>nuestras notas<\/i><\/a><i>, de ver<\/i><b><i>\u00a0<\/i><\/b><a href=\"https:\/\/www.youtube.com\/channel\/UCgAC8UGHZYbT6P7PpmVnP7g\"><b><i>AUTOFANS TV<\/i><\/b><\/a><b><i>\u00a0<\/i><\/b><i>en nuestro\u00a0canal de Youtube. Adem\u00e1s seguinos en\u00a0<\/i><a href=\"https:\/\/www.instagram.com\/autofanstv\/\"><i>INSTAGRAM<\/i><\/a><i> y <\/i><a href=\"https:\/\/www.facebook.com\/autofansmas\/\"><i>FACEBOOK<\/i><\/a><i> para no perderte nada sobre las novedades del segmento automotor de Argentina y el mundo.<\/i><\/p>\n","protected":false},"excerpt":{"rendered":"<p>Toyota Argentina anuncia importantes cambios en su equipo directivo. Ezequiel Vallejos Meana, con una trayectoria&#8230;<\/p>\n","protected":false},"author":2,"featured_media":7305,"comment_status":"closed","ping_status":"closed","sticky":false,"template":"","format":"standard","meta":{"footnotes":""},"categories":[461,16],"tags":[3875,3877,3876,3560,277,51],"class_list":["post-7302","post","type-post","status-publish","format-standard","has-post-thumbnail","hentry","category-empresas-lanzamientos","category-noticias","tag-asuntos-corporativos","tag-cambio-estrategico","tag-comunicaciones","tag-nuevos-lideres","tag-toyota","tag-toyota-argentina"],"yoast_head":"<!-- This site is optimized with the Yoast SEO plugin v27.5 - https:\/\/yoast.com\/product\/yoast-seo-wordpress\/ -->\n<title>Toyota Argentina presenta su nuevo equipo directivo -<\/title>\n<meta name=\"description\" content=\"Toyota Argentina anuncia importantes cambios en su equipo directivo. Ezequiel Vallejos Meana y Fernanda P\u00e9rez Cometto asumen roles clave.\" \/>\n<meta name=\"robots\" content=\"index, follow, max-snippet:-1, max-image-preview:large, max-video-preview:-1\" \/>\n<link rel=\"canonical\" href=\"https:\/\/autofans.com.ar\/index.php\/2024\/04\/08\/toyota-argentina-presenta-su-nuevo-equipo-directivo\/\" \/>\n<meta property=\"og:locale\" content=\"es_ES\" \/>\n<meta property=\"og:type\" content=\"article\" \/>\n<meta property=\"og:title\" content=\"Toyota Argentina presenta su nuevo equipo directivo -\" \/>\n<meta property=\"og:description\" content=\"Toyota Argentina anuncia importantes cambios en su equipo directivo. Ezequiel Vallejos Meana y Fernanda P\u00e9rez Cometto asumen roles clave.\" \/>\n<meta property=\"og:url\" content=\"https:\/\/autofans.com.ar\/index.php\/2024\/04\/08\/toyota-argentina-presenta-su-nuevo-equipo-directivo\/\" \/>\n<meta property=\"article:published_time\" content=\"2024-04-08T17:16:31+00:00\" \/>\n<meta property=\"article:modified_time\" content=\"2024-04-08T17:20:16+00:00\" \/>\n<meta property=\"og:image\" content=\"https:\/\/autofans.com.ar\/wp-content\/uploads\/2024\/04\/foto-1-3.jpg\" \/>\n\t<meta property=\"og:image:width\" content=\"640\" \/>\n\t<meta property=\"og:image:height\" content=\"427\" \/>\n\t<meta property=\"og:image:type\" content=\"image\/jpeg\" \/>\n<meta name=\"author\" content=\"Alejandro Gabriel Rosito\" \/>\n<meta name=\"twitter:card\" content=\"summary_large_image\" \/>\n<meta name=\"twitter:label1\" content=\"Escrito por\" \/>\n\t<meta name=\"twitter:data1\" content=\"Alejandro Gabriel Rosito\" \/>\n\t<meta name=\"twitter:label2\" content=\"Tiempo de lectura\" \/>\n\t<meta name=\"twitter:data2\" content=\"2 minutos\" \/>\n<script type=\"application\/ld+json\" class=\"yoast-schema-graph\">{\"@context\":\"https:\\\/\\\/schema.org\",\"@graph\":[{\"@type\":\"Article\",\"@id\":\"https:\\\/\\\/autofans.com.ar\\\/index.php\\\/2024\\\/04\\\/08\\\/toyota-argentina-presenta-su-nuevo-equipo-directivo\\\/#article\",\"isPartOf\":{\"@id\":\"https:\\\/\\\/autofans.com.ar\\\/index.php\\\/2024\\\/04\\\/08\\\/toyota-argentina-presenta-su-nuevo-equipo-directivo\\\/\"},\"author\":{\"name\":\"Alejandro Gabriel Rosito\",\"@id\":\"https:\\\/\\\/autofans.com.ar\\\/#\\\/schema\\\/person\\\/4a8dda0b6df83ac3d6723e921274c2aa\"},\"headline\":\"Toyota Argentina presenta su nuevo equipo directivo\",\"datePublished\":\"2024-04-08T17:16:31+00:00\",\"dateModified\":\"2024-04-08T17:20:16+00:00\",\"mainEntityOfPage\":{\"@id\":\"https:\\\/\\\/autofans.com.ar\\\/index.php\\\/2024\\\/04\\\/08\\\/toyota-argentina-presenta-su-nuevo-equipo-directivo\\\/\"},\"wordCount\":374,\"image\":{\"@id\":\"https:\\\/\\\/autofans.com.ar\\\/index.php\\\/2024\\\/04\\\/08\\\/toyota-argentina-presenta-su-nuevo-equipo-directivo\\\/#primaryimage\"},\"thumbnailUrl\":\"https:\\\/\\\/autofans.com.ar\\\/wp-content\\\/uploads\\\/2024\\\/04\\\/foto-1-3.jpg\",\"keywords\":[\"Asuntos Corporativos\",\"Cambio Estrat\u00e9gico\",\"Comunicaciones\",\"Nuevos L\u00edderes\",\"Toyota\",\"Toyota Argentina\"],\"articleSection\":[\"Empresas\",\"NOTICIAS\"],\"inLanguage\":\"es\"},{\"@type\":\"WebPage\",\"@id\":\"https:\\\/\\\/autofans.com.ar\\\/index.php\\\/2024\\\/04\\\/08\\\/toyota-argentina-presenta-su-nuevo-equipo-directivo\\\/\",\"url\":\"https:\\\/\\\/autofans.com.ar\\\/index.php\\\/2024\\\/04\\\/08\\\/toyota-argentina-presenta-su-nuevo-equipo-directivo\\\/\",\"name\":\"Toyota Argentina presenta su nuevo equipo directivo -\",\"isPartOf\":{\"@id\":\"https:\\\/\\\/autofans.com.ar\\\/#website\"},\"primaryImageOfPage\":{\"@id\":\"https:\\\/\\\/autofans.com.ar\\\/index.php\\\/2024\\\/04\\\/08\\\/toyota-argentina-presenta-su-nuevo-equipo-directivo\\\/#primaryimage\"},\"image\":{\"@id\":\"https:\\\/\\\/autofans.com.ar\\\/index.php\\\/2024\\\/04\\\/08\\\/toyota-argentina-presenta-su-nuevo-equipo-directivo\\\/#primaryimage\"},\"thumbnailUrl\":\"https:\\\/\\\/autofans.com.ar\\\/wp-content\\\/uploads\\\/2024\\\/04\\\/foto-1-3.jpg\",\"datePublished\":\"2024-04-08T17:16:31+00:00\",\"dateModified\":\"2024-04-08T17:20:16+00:00\",\"author\":{\"@id\":\"https:\\\/\\\/autofans.com.ar\\\/#\\\/schema\\\/person\\\/4a8dda0b6df83ac3d6723e921274c2aa\"},\"description\":\"Toyota Argentina anuncia importantes cambios en su equipo directivo. Ezequiel Vallejos Meana y Fernanda P\u00e9rez Cometto asumen roles clave.\",\"breadcrumb\":{\"@id\":\"https:\\\/\\\/autofans.com.ar\\\/index.php\\\/2024\\\/04\\\/08\\\/toyota-argentina-presenta-su-nuevo-equipo-directivo\\\/#breadcrumb\"},\"inLanguage\":\"es\",\"potentialAction\":[{\"@type\":\"ReadAction\",\"target\":[\"https:\\\/\\\/autofans.com.ar\\\/index.php\\\/2024\\\/04\\\/08\\\/toyota-argentina-presenta-su-nuevo-equipo-directivo\\\/\"]}]},{\"@type\":\"ImageObject\",\"inLanguage\":\"es\",\"@id\":\"https:\\\/\\\/autofans.com.ar\\\/index.php\\\/2024\\\/04\\\/08\\\/toyota-argentina-presenta-su-nuevo-equipo-directivo\\\/#primaryimage\",\"url\":\"https:\\\/\\\/autofans.com.ar\\\/wp-content\\\/uploads\\\/2024\\\/04\\\/foto-1-3.jpg\",\"contentUrl\":\"https:\\\/\\\/autofans.com.ar\\\/wp-content\\\/uploads\\\/2024\\\/04\\\/foto-1-3.jpg\",\"width\":1000,\"height\":667,\"caption\":\"Toyota\"},{\"@type\":\"BreadcrumbList\",\"@id\":\"https:\\\/\\\/autofans.com.ar\\\/index.php\\\/2024\\\/04\\\/08\\\/toyota-argentina-presenta-su-nuevo-equipo-directivo\\\/#breadcrumb\",\"itemListElement\":[{\"@type\":\"ListItem\",\"position\":1,\"name\":\"Inicio\",\"item\":\"https:\\\/\\\/autofans.com.ar\\\/\"},{\"@type\":\"ListItem\",\"position\":2,\"name\":\"Toyota Argentina presenta su nuevo equipo directivo\"}]},{\"@type\":\"WebSite\",\"@id\":\"https:\\\/\\\/autofans.com.ar\\\/#website\",\"url\":\"https:\\\/\\\/autofans.com.ar\\\/\",\"name\":\"\",\"description\":\"El multimedio referente de la industria automotriz\",\"potentialAction\":[{\"@type\":\"SearchAction\",\"target\":{\"@type\":\"EntryPoint\",\"urlTemplate\":\"https:\\\/\\\/autofans.com.ar\\\/?s={search_term_string}\"},\"query-input\":{\"@type\":\"PropertyValueSpecification\",\"valueRequired\":true,\"valueName\":\"search_term_string\"}}],\"inLanguage\":\"es\"},{\"@type\":\"Person\",\"@id\":\"https:\\\/\\\/autofans.com.ar\\\/#\\\/schema\\\/person\\\/4a8dda0b6df83ac3d6723e921274c2aa\",\"name\":\"Alejandro Gabriel Rosito\",\"image\":{\"@type\":\"ImageObject\",\"inLanguage\":\"es\",\"@id\":\"https:\\\/\\\/secure.gravatar.com\\\/avatar\\\/16c5dda1489adfc62618084dcbb91cffd879c374b13fe5dd8e44ed6733852c88?s=96&d=mm&r=g\",\"url\":\"https:\\\/\\\/secure.gravatar.com\\\/avatar\\\/16c5dda1489adfc62618084dcbb91cffd879c374b13fe5dd8e44ed6733852c88?s=96&d=mm&r=g\",\"contentUrl\":\"https:\\\/\\\/secure.gravatar.com\\\/avatar\\\/16c5dda1489adfc62618084dcbb91cffd879c374b13fe5dd8e44ed6733852c88?s=96&d=mm&r=g\",\"caption\":\"Alejandro Gabriel Rosito\"},\"url\":\"https:\\\/\\\/autofans.com.ar\\\/index.php\\\/author\\\/gabrielr\\\/\"}]}<\/script>\n<!-- \/ Yoast SEO plugin. -->","yoast_head_json":{"title":"Toyota Argentina presenta su nuevo equipo directivo -","description":"Toyota Argentina anuncia importantes cambios en su equipo directivo. Ezequiel Vallejos Meana y Fernanda P\u00e9rez Cometto asumen roles clave.","robots":{"index":"index","follow":"follow","max-snippet":"max-snippet:-1","max-image-preview":"max-image-preview:large","max-video-preview":"max-video-preview:-1"},"canonical":"https:\/\/autofans.com.ar\/index.php\/2024\/04\/08\/toyota-argentina-presenta-su-nuevo-equipo-directivo\/","og_locale":"es_ES","og_type":"article","og_title":"Toyota Argentina presenta su nuevo equipo directivo -","og_description":"Toyota Argentina anuncia importantes cambios en su equipo directivo. Ezequiel Vallejos Meana y Fernanda P\u00e9rez Cometto asumen roles clave.","og_url":"https:\/\/autofans.com.ar\/index.php\/2024\/04\/08\/toyota-argentina-presenta-su-nuevo-equipo-directivo\/","article_published_time":"2024-04-08T17:16:31+00:00","article_modified_time":"2024-04-08T17:20:16+00:00","og_image":[{"url":"https:\/\/autofans.com.ar\/wp-content\/uploads\/2024\/04\/foto-1-3.jpg","width":640,"height":427,"type":"image\/jpeg"}],"author":"Alejandro Gabriel Rosito","twitter_card":"summary_large_image","twitter_misc":{"Escrito por":"Alejandro Gabriel Rosito","Tiempo de lectura":"2 minutos"},"schema":{"@context":"https:\/\/schema.org","@graph":[{"@type":"Article","@id":"https:\/\/autofans.com.ar\/index.php\/2024\/04\/08\/toyota-argentina-presenta-su-nuevo-equipo-directivo\/#article","isPartOf":{"@id":"https:\/\/autofans.com.ar\/index.php\/2024\/04\/08\/toyota-argentina-presenta-su-nuevo-equipo-directivo\/"},"author":{"name":"Alejandro Gabriel Rosito","@id":"https:\/\/autofans.com.ar\/#\/schema\/person\/4a8dda0b6df83ac3d6723e921274c2aa"},"headline":"Toyota Argentina presenta su nuevo equipo directivo","datePublished":"2024-04-08T17:16:31+00:00","dateModified":"2024-04-08T17:20:16+00:00","mainEntityOfPage":{"@id":"https:\/\/autofans.com.ar\/index.php\/2024\/04\/08\/toyota-argentina-presenta-su-nuevo-equipo-directivo\/"},"wordCount":374,"image":{"@id":"https:\/\/autofans.com.ar\/index.php\/2024\/04\/08\/toyota-argentina-presenta-su-nuevo-equipo-directivo\/#primaryimage"},"thumbnailUrl":"https:\/\/autofans.com.ar\/wp-content\/uploads\/2024\/04\/foto-1-3.jpg","keywords":["Asuntos Corporativos","Cambio Estrat\u00e9gico","Comunicaciones","Nuevos L\u00edderes","Toyota","Toyota Argentina"],"articleSection":["Empresas","NOTICIAS"],"inLanguage":"es"},{"@type":"WebPage","@id":"https:\/\/autofans.com.ar\/index.php\/2024\/04\/08\/toyota-argentina-presenta-su-nuevo-equipo-directivo\/","url":"https:\/\/autofans.com.ar\/index.php\/2024\/04\/08\/toyota-argentina-presenta-su-nuevo-equipo-directivo\/","name":"Toyota Argentina presenta su nuevo equipo directivo -","isPartOf":{"@id":"https:\/\/autofans.com.ar\/#website"},"primaryImageOfPage":{"@id":"https:\/\/autofans.com.ar\/index.php\/2024\/04\/08\/toyota-argentina-presenta-su-nuevo-equipo-directivo\/#primaryimage"},"image":{"@id":"https:\/\/autofans.com.ar\/index.php\/2024\/04\/08\/toyota-argentina-presenta-su-nuevo-equipo-directivo\/#primaryimage"},"thumbnailUrl":"https:\/\/autofans.com.ar\/wp-content\/uploads\/2024\/04\/foto-1-3.jpg","datePublished":"2024-04-08T17:16:31+00:00","dateModified":"2024-04-08T17:20:16+00:00","author":{"@id":"https:\/\/autofans.com.ar\/#\/schema\/person\/4a8dda0b6df83ac3d6723e921274c2aa"},"description":"Toyota Argentina anuncia importantes cambios en su equipo directivo. Ezequiel Vallejos Meana y Fernanda P\u00e9rez Cometto asumen roles clave.","breadcrumb":{"@id":"https:\/\/autofans.com.ar\/index.php\/2024\/04\/08\/toyota-argentina-presenta-su-nuevo-equipo-directivo\/#breadcrumb"},"inLanguage":"es","potentialAction":[{"@type":"ReadAction","target":["https:\/\/autofans.com.ar\/index.php\/2024\/04\/08\/toyota-argentina-presenta-su-nuevo-equipo-directivo\/"]}]},{"@type":"ImageObject","inLanguage":"es","@id":"https:\/\/autofans.com.ar\/index.php\/2024\/04\/08\/toyota-argentina-presenta-su-nuevo-equipo-directivo\/#primaryimage","url":"https:\/\/autofans.com.ar\/wp-content\/uploads\/2024\/04\/foto-1-3.jpg","contentUrl":"https:\/\/autofans.com.ar\/wp-content\/uploads\/2024\/04\/foto-1-3.jpg","width":1000,"height":667,"caption":"Toyota"},{"@type":"BreadcrumbList","@id":"https:\/\/autofans.com.ar\/index.php\/2024\/04\/08\/toyota-argentina-presenta-su-nuevo-equipo-directivo\/#breadcrumb","itemListElement":[{"@type":"ListItem","position":1,"name":"Inicio","item":"https:\/\/autofans.com.ar\/"},{"@type":"ListItem","position":2,"name":"Toyota Argentina presenta su nuevo equipo directivo"}]},{"@type":"WebSite","@id":"https:\/\/autofans.com.ar\/#website","url":"https:\/\/autofans.com.ar\/","name":"","description":"El multimedio referente de la industria automotriz","potentialAction":[{"@type":"SearchAction","target":{"@type":"EntryPoint","urlTemplate":"https:\/\/autofans.com.ar\/?s={search_term_string}"},"query-input":{"@type":"PropertyValueSpecification","valueRequired":true,"valueName":"search_term_string"}}],"inLanguage":"es"},{"@type":"Person","@id":"https:\/\/autofans.com.ar\/#\/schema\/person\/4a8dda0b6df83ac3d6723e921274c2aa","name":"Alejandro Gabriel Rosito","image":{"@type":"ImageObject","inLanguage":"es","@id":"https:\/\/secure.gravatar.com\/avatar\/16c5dda1489adfc62618084dcbb91cffd879c374b13fe5dd8e44ed6733852c88?s=96&d=mm&r=g","url":"https:\/\/secure.gravatar.com\/avatar\/16c5dda1489adfc62618084dcbb91cffd879c374b13fe5dd8e44ed6733852c88?s=96&d=mm&r=g","contentUrl":"https:\/\/secure.gravatar.com\/avatar\/16c5dda1489adfc62618084dcbb91cffd879c374b13fe5dd8e44ed6733852c88?s=96&d=mm&r=g","caption":"Alejandro Gabriel Rosito"},"url":"https:\/\/autofans.com.ar\/index.php\/author\/gabrielr\/"}]}},"featured_image_urls":{"full":["https:\/\/autofans.com.ar\/wp-content\/uploads\/2024\/04\/foto-1-3.jpg",1000,667,false],"thumbnail":["https:\/\/autofans.com.ar\/wp-content\/uploads\/2024\/04\/foto-1-3-150x150.jpg",150,150,true],"medium":["https:\/\/autofans.com.ar\/wp-content\/uploads\/2024\/04\/foto-1-3-300x200.jpg",300,200,true],"medium_large":["https:\/\/autofans.com.ar\/wp-content\/uploads\/2024\/04\/foto-1-3-768x512.jpg",640,427,true],"large":["https:\/\/autofans.com.ar\/wp-content\/uploads\/2024\/04\/foto-1-3.jpg",640,427,false],"1536x1536":["https:\/\/autofans.com.ar\/wp-content\/uploads\/2024\/04\/foto-1-3.jpg",1000,667,false],"2048x2048":["https:\/\/autofans.com.ar\/wp-content\/uploads\/2024\/04\/foto-1-3.jpg",1000,667,false],"covernews-featured":["https:\/\/autofans.com.ar\/wp-content\/uploads\/2024\/04\/foto-1-3.jpg",1000,667,false],"covernews-medium":["https:\/\/autofans.com.ar\/wp-content\/uploads\/2024\/04\/foto-1-3-540x340.jpg",540,340,true]},"author_info":{"display_name":"Alejandro Gabriel Rosito","author_link":"https:\/\/autofans.com.ar\/index.php\/author\/gabrielr\/"},"category_info":"<a href=\"https:\/\/autofans.com.ar\/index.php\/category\/lanzamientos\/empresas-lanzamientos\/\" rel=\"category tag\">Empresas<\/a> <a href=\"https:\/\/autofans.com.ar\/index.php\/category\/noticias\/\" rel=\"category tag\">NOTICIAS<\/a>","tag_info":"NOTICIAS","comment_count":0,"_links":{"self":[{"href":"https:\/\/autofans.com.ar\/index.php\/wp-json\/wp\/v2\/posts\/7302","targetHints":{"allow":["GET"]}}],"collection":[{"href":"https:\/\/autofans.com.ar\/index.php\/wp-json\/wp\/v2\/posts"}],"about":[{"href":"https:\/\/autofans.com.ar\/index.php\/wp-json\/wp\/v2\/types\/post"}],"author":[{"embeddable":true,"href":"https:\/\/autofans.com.ar\/index.php\/wp-json\/wp\/v2\/users\/2"}],"replies":[{"embeddable":true,"href":"https:\/\/autofans.com.ar\/index.php\/wp-json\/wp\/v2\/comments?post=7302"}],"version-history":[{"count":3,"href":"https:\/\/autofans.com.ar\/index.php\/wp-json\/wp\/v2\/posts\/7302\/revisions"}],"predecessor-version":[{"id":7308,"href":"https:\/\/autofans.com.ar\/index.php\/wp-json\/wp\/v2\/posts\/7302\/revisions\/7308"}],"wp:featuredmedia":[{"embeddable":true,"href":"https:\/\/autofans.com.ar\/index.php\/wp-json\/wp\/v2\/media\/7305"}],"wp:attachment":[{"href":"https:\/\/autofans.com.ar\/index.php\/wp-json\/wp\/v2\/media?parent=7302"}],"wp:term":[{"taxonomy":"category","embeddable":true,"href":"https:\/\/autofans.com.ar\/index.php\/wp-json\/wp\/v2\/categories?post=7302"},{"taxonomy":"post_tag","embeddable":true,"href":"https:\/\/autofans.com.ar\/index.php\/wp-json\/wp\/v2\/tags?post=7302"}],"curies":[{"name":"wp","href":"https:\/\/api.w.org\/{rel}","templated":true}]}}