{"id":7314,"date":"2024-04-08T20:36:35","date_gmt":"2024-04-08T23:36:35","guid":{"rendered":"https:\/\/autofans.com.ar\/?p=7314"},"modified":"2024-04-08T20:36:35","modified_gmt":"2024-04-08T23:36:35","slug":"bmw-gs-mas-de-40-anos-de-exito-en-el-pais","status":"publish","type":"post","link":"https:\/\/autofans.com.ar\/index.php\/2024\/04\/08\/bmw-gs-mas-de-40-anos-de-exito-en-el-pais\/","title":{"rendered":"BMW GS m\u00e1s de 40 a\u00f1os de \u00e9xito en el pa\u00eds"},"content":{"rendered":"<p>Desde su debut en 1980 con la R 80 G\/S, BMW Motorrad ha dejado una huella imborrable en el mundo de las motocicletas de doble prop\u00f3sito. Las siglas GS se han convertido en sin\u00f3nimo de aventura y versatilidad sobre dos ruedas, tanto en asfalto como fuera de \u00e9l. A lo largo de los a\u00f1os, esta legendaria familia de motocicletas ha redefinido constantemente los est\u00e1ndares de rendimiento y comodidad. Escribiendo historias de \u00e9xito en competencias off-road y en largos viajes de aventura.<\/p>\n<p>&nbsp;<\/p>\n<h2><strong>El legado de las GS &#8211; m\u00e1s que motocicletas, una pasi\u00f3n<\/strong><\/h2>\n<p>&nbsp;<\/p>\n<p><img fetchpriority=\"high\" decoding=\"async\" class=\"aligncenter wp-image-7319 size-full\" src=\"https:\/\/autofans.com.ar\/wp-content\/uploads\/2024\/04\/BMW-1.jpg\" alt=\"\" width=\"1000\" height=\"667\" srcset=\"https:\/\/autofans.com.ar\/wp-content\/uploads\/2024\/04\/BMW-1.jpg 1000w, https:\/\/autofans.com.ar\/wp-content\/uploads\/2024\/04\/BMW-1-300x200.jpg 300w, https:\/\/autofans.com.ar\/wp-content\/uploads\/2024\/04\/BMW-1-768x512.jpg 768w\" sizes=\"(max-width: 1000px) 100vw, 1000px\" \/><\/p>\n<p>&nbsp;<\/p>\n<p>Las motocicletas BMW GS han sido testigos y protagonistas de la evoluci\u00f3n del segmento de las motos de doble prop\u00f3sito. Desde la ic\u00f3nica R 80 G\/S hasta las m\u00e1s recientes R 1250 GS y la pr\u00f3xima llegada de la R 1300 GS a Argentina. Cada modelo ha marcado un hito en la historia del motociclismo. La combinaci\u00f3n \u00fanica de potencia, maniobrabilidad y confort ha conquistado a generaciones de aficionados, convirtiendo a las GS en un s\u00edmbolo de libertad sobre dos ruedas.<\/p>\n<p>&nbsp;<\/p>\n<h2>Una historia de innovaci\u00f3n constante<\/h2>\n<p>&nbsp;<\/p>\n<p><img decoding=\"async\" class=\"aligncenter wp-image-7317 size-full\" src=\"https:\/\/autofans.com.ar\/wp-content\/uploads\/2024\/04\/BMW-3.jpg\" alt=\"\" width=\"1000\" height=\"667\" srcset=\"https:\/\/autofans.com.ar\/wp-content\/uploads\/2024\/04\/BMW-3.jpg 1000w, https:\/\/autofans.com.ar\/wp-content\/uploads\/2024\/04\/BMW-3-300x200.jpg 300w, https:\/\/autofans.com.ar\/wp-content\/uploads\/2024\/04\/BMW-3-768x512.jpg 768w\" sizes=\"(max-width: 1000px) 100vw, 1000px\" \/><\/p>\n<p>&nbsp;<\/p>\n<p>Desde sus inicios en las competencias off-road hasta su adaptaci\u00f3n a las exigencias del turismo en carretera, las motocicletas BMW GS han demostrado una capacidad excepcional para enfrentar cualquier desaf\u00edo. Con caracter\u00edsticas t\u00e9cnicas innovadoras como el monolever y el Paralever. Cada modelo ha sido dise\u00f1ado para ofrecer un rendimiento \u00f3ptimo tanto en terrenos dif\u00edciles como en largas traves\u00edas por autopistas argentinas.<\/p>\n<p>&nbsp;<\/p>\n<h2>De la R 80 G\/S a la pr\u00f3xima BMW R 1300 GS<\/h2>\n<p>&nbsp;<\/p>\n<p><img decoding=\"async\" class=\"aligncenter wp-image-7318 size-full\" src=\"https:\/\/autofans.com.ar\/wp-content\/uploads\/2024\/04\/BMW-2.jpg\" alt=\"\" width=\"1000\" height=\"667\" srcset=\"https:\/\/autofans.com.ar\/wp-content\/uploads\/2024\/04\/BMW-2.jpg 1000w, https:\/\/autofans.com.ar\/wp-content\/uploads\/2024\/04\/BMW-2-300x200.jpg 300w, https:\/\/autofans.com.ar\/wp-content\/uploads\/2024\/04\/BMW-2-768x512.jpg 768w\" sizes=\"(max-width: 1000px) 100vw, 1000px\" \/><\/p>\n<p>&nbsp;<\/p>\n<p>Con el lanzamiento de la pr\u00f3xima BMW R 1300 GS en Argentina, la saga de las motocicletas BMW GS contin\u00faa su legado de innovaci\u00f3n y rendimiento excepcional. Con un motor b\u00f3xer de 1.300 cc y numerosas mejoras en chasis y suspensi\u00f3n, la R 1300 GS promete llevar la experiencia de conducci\u00f3n a un nuevo nivel. Es el resultado de m\u00e1s de cuatro d\u00e9cadas de experiencia y pasi\u00f3n por la aventura sobre dos ruedas. Una historia que sigue siendo escrita en cada kil\u00f3metro recorrido.<\/p>\n<p>&nbsp;<\/p>\n<p>&nbsp;<\/p>\n<p><i>Para enterarte de m\u00e1s novedades, no dejes de leer\u00a0<\/i><a href=\"https:\/\/autofans.thebrandsoup.com\/\"><i>nuestras notas<\/i><\/a><i>, de ver<\/i><b><i>\u00a0<\/i><\/b><a href=\"https:\/\/www.youtube.com\/channel\/UCgAC8UGHZYbT6P7PpmVnP7g\"><b><i>AUTOFANS TV<\/i><\/b><\/a><b><i>\u00a0<\/i><\/b><i>en nuestro\u00a0canal de Youtube. Adem\u00e1s seguinos en\u00a0<\/i><a href=\"https:\/\/www.instagram.com\/autofanstv\/\"><i>INSTAGRAM<\/i><\/a><i> y <\/i><a href=\"https:\/\/www.facebook.com\/autofansmas\/\"><i>FACEBOOK<\/i><\/a><i> para no perderte nada sobre las novedades del segmento automotor de Argentina y el mundo.<\/i><\/p>\n","protected":false},"excerpt":{"rendered":"<p>Desde su debut en 1980 con la R 80 G\/S, BMW Motorrad ha dejado una&#8230;<\/p>\n","protected":false},"author":2,"featured_media":7315,"comment_status":"closed","ping_status":"closed","sticky":false,"template":"","format":"standard","meta":{"footnotes":""},"categories":[9,16],"tags":[3881,3884,3883,3882],"class_list":["post-7314","post","type-post","status-publish","format-standard","has-post-thumbnail","hentry","category-motos-lanzamientos","category-noticias","tag-bmw-r-1300-gs","tag-motocicletas-bmw-en-argentina","tag-novedades-bmw-motorrad","tag-proxima-motocicleta-bmw"],"yoast_head":"<!-- This site is optimized with the Yoast SEO plugin v27.5 - https:\/\/yoast.com\/product\/yoast-seo-wordpress\/ -->\n<title>BMW GS m\u00e1s de 40 a\u00f1os de \u00e9xito en el pa\u00eds -<\/title>\n<meta name=\"description\" content=\"Desde su debut en 1980 con la R 80 G\/S, BMW Motorrad ha dejado una huella imborrable en el mundo de las motocicletas de doble prop\u00f3sito..\" \/>\n<meta name=\"robots\" content=\"index, follow, max-snippet:-1, max-image-preview:large, max-video-preview:-1\" \/>\n<link rel=\"canonical\" href=\"https:\/\/autofans.com.ar\/index.php\/2024\/04\/08\/bmw-gs-mas-de-40-anos-de-exito-en-el-pais\/\" \/>\n<meta property=\"og:locale\" content=\"es_ES\" \/>\n<meta property=\"og:type\" content=\"article\" \/>\n<meta property=\"og:title\" content=\"BMW GS m\u00e1s de 40 a\u00f1os de \u00e9xito en el pa\u00eds -\" \/>\n<meta property=\"og:description\" content=\"Desde su debut en 1980 con la R 80 G\/S, BMW Motorrad ha dejado una huella imborrable en el mundo de las motocicletas de doble prop\u00f3sito..\" \/>\n<meta property=\"og:url\" content=\"https:\/\/autofans.com.ar\/index.php\/2024\/04\/08\/bmw-gs-mas-de-40-anos-de-exito-en-el-pais\/\" \/>\n<meta property=\"article:published_time\" content=\"2024-04-08T23:36:35+00:00\" \/>\n<meta property=\"og:image\" content=\"https:\/\/autofans.com.ar\/wp-content\/uploads\/2024\/04\/BMW-5.jpg\" \/>\n\t<meta property=\"og:image:width\" content=\"640\" \/>\n\t<meta property=\"og:image:height\" content=\"427\" \/>\n\t<meta property=\"og:image:type\" content=\"image\/jpeg\" \/>\n<meta name=\"author\" content=\"Alejandro Gabriel Rosito\" \/>\n<meta name=\"twitter:card\" content=\"summary_large_image\" \/>\n<meta name=\"twitter:label1\" content=\"Escrito por\" \/>\n\t<meta name=\"twitter:data1\" content=\"Alejandro Gabriel Rosito\" \/>\n\t<meta name=\"twitter:label2\" content=\"Tiempo de lectura\" \/>\n\t<meta name=\"twitter:data2\" content=\"3 minutos\" \/>\n<script type=\"application\/ld+json\" class=\"yoast-schema-graph\">{\"@context\":\"https:\\\/\\\/schema.org\",\"@graph\":[{\"@type\":\"Article\",\"@id\":\"https:\\\/\\\/autofans.com.ar\\\/index.php\\\/2024\\\/04\\\/08\\\/bmw-gs-mas-de-40-anos-de-exito-en-el-pais\\\/#article\",\"isPartOf\":{\"@id\":\"https:\\\/\\\/autofans.com.ar\\\/index.php\\\/2024\\\/04\\\/08\\\/bmw-gs-mas-de-40-anos-de-exito-en-el-pais\\\/\"},\"author\":{\"name\":\"Alejandro Gabriel Rosito\",\"@id\":\"https:\\\/\\\/autofans.com.ar\\\/#\\\/schema\\\/person\\\/4a8dda0b6df83ac3d6723e921274c2aa\"},\"headline\":\"BMW GS m\u00e1s de 40 a\u00f1os de \u00e9xito en el pa\u00eds\",\"datePublished\":\"2024-04-08T23:36:35+00:00\",\"mainEntityOfPage\":{\"@id\":\"https:\\\/\\\/autofans.com.ar\\\/index.php\\\/2024\\\/04\\\/08\\\/bmw-gs-mas-de-40-anos-de-exito-en-el-pais\\\/\"},\"wordCount\":426,\"image\":{\"@id\":\"https:\\\/\\\/autofans.com.ar\\\/index.php\\\/2024\\\/04\\\/08\\\/bmw-gs-mas-de-40-anos-de-exito-en-el-pais\\\/#primaryimage\"},\"thumbnailUrl\":\"https:\\\/\\\/autofans.com.ar\\\/wp-content\\\/uploads\\\/2024\\\/04\\\/BMW-5.jpg\",\"keywords\":[\"BMW R 1300 GS\",\"motocicletas BMW en Argentina\",\"novedades BMW Motorrad\",\"pr\u00f3xima motocicleta BMW\"],\"articleSection\":[\"Motos\",\"NOTICIAS\"],\"inLanguage\":\"es\"},{\"@type\":\"WebPage\",\"@id\":\"https:\\\/\\\/autofans.com.ar\\\/index.php\\\/2024\\\/04\\\/08\\\/bmw-gs-mas-de-40-anos-de-exito-en-el-pais\\\/\",\"url\":\"https:\\\/\\\/autofans.com.ar\\\/index.php\\\/2024\\\/04\\\/08\\\/bmw-gs-mas-de-40-anos-de-exito-en-el-pais\\\/\",\"name\":\"BMW GS m\u00e1s de 40 a\u00f1os de \u00e9xito en el pa\u00eds -\",\"isPartOf\":{\"@id\":\"https:\\\/\\\/autofans.com.ar\\\/#website\"},\"primaryImageOfPage\":{\"@id\":\"https:\\\/\\\/autofans.com.ar\\\/index.php\\\/2024\\\/04\\\/08\\\/bmw-gs-mas-de-40-anos-de-exito-en-el-pais\\\/#primaryimage\"},\"image\":{\"@id\":\"https:\\\/\\\/autofans.com.ar\\\/index.php\\\/2024\\\/04\\\/08\\\/bmw-gs-mas-de-40-anos-de-exito-en-el-pais\\\/#primaryimage\"},\"thumbnailUrl\":\"https:\\\/\\\/autofans.com.ar\\\/wp-content\\\/uploads\\\/2024\\\/04\\\/BMW-5.jpg\",\"datePublished\":\"2024-04-08T23:36:35+00:00\",\"author\":{\"@id\":\"https:\\\/\\\/autofans.com.ar\\\/#\\\/schema\\\/person\\\/4a8dda0b6df83ac3d6723e921274c2aa\"},\"description\":\"Desde su debut en 1980 con la R 80 G\\\/S, BMW Motorrad ha dejado una huella imborrable en el mundo de las motocicletas de doble prop\u00f3sito..\",\"breadcrumb\":{\"@id\":\"https:\\\/\\\/autofans.com.ar\\\/index.php\\\/2024\\\/04\\\/08\\\/bmw-gs-mas-de-40-anos-de-exito-en-el-pais\\\/#breadcrumb\"},\"inLanguage\":\"es\",\"potentialAction\":[{\"@type\":\"ReadAction\",\"target\":[\"https:\\\/\\\/autofans.com.ar\\\/index.php\\\/2024\\\/04\\\/08\\\/bmw-gs-mas-de-40-anos-de-exito-en-el-pais\\\/\"]}]},{\"@type\":\"ImageObject\",\"inLanguage\":\"es\",\"@id\":\"https:\\\/\\\/autofans.com.ar\\\/index.php\\\/2024\\\/04\\\/08\\\/bmw-gs-mas-de-40-anos-de-exito-en-el-pais\\\/#primaryimage\",\"url\":\"https:\\\/\\\/autofans.com.ar\\\/wp-content\\\/uploads\\\/2024\\\/04\\\/BMW-5.jpg\",\"contentUrl\":\"https:\\\/\\\/autofans.com.ar\\\/wp-content\\\/uploads\\\/2024\\\/04\\\/BMW-5.jpg\",\"width\":1000,\"height\":667,\"caption\":\"BMW GS\"},{\"@type\":\"BreadcrumbList\",\"@id\":\"https:\\\/\\\/autofans.com.ar\\\/index.php\\\/2024\\\/04\\\/08\\\/bmw-gs-mas-de-40-anos-de-exito-en-el-pais\\\/#breadcrumb\",\"itemListElement\":[{\"@type\":\"ListItem\",\"position\":1,\"name\":\"Inicio\",\"item\":\"https:\\\/\\\/autofans.com.ar\\\/\"},{\"@type\":\"ListItem\",\"position\":2,\"name\":\"BMW GS m\u00e1s de 40 a\u00f1os de \u00e9xito en el pa\u00eds\"}]},{\"@type\":\"WebSite\",\"@id\":\"https:\\\/\\\/autofans.com.ar\\\/#website\",\"url\":\"https:\\\/\\\/autofans.com.ar\\\/\",\"name\":\"\",\"description\":\"El multimedio referente de la industria automotriz\",\"potentialAction\":[{\"@type\":\"SearchAction\",\"target\":{\"@type\":\"EntryPoint\",\"urlTemplate\":\"https:\\\/\\\/autofans.com.ar\\\/?s={search_term_string}\"},\"query-input\":{\"@type\":\"PropertyValueSpecification\",\"valueRequired\":true,\"valueName\":\"search_term_string\"}}],\"inLanguage\":\"es\"},{\"@type\":\"Person\",\"@id\":\"https:\\\/\\\/autofans.com.ar\\\/#\\\/schema\\\/person\\\/4a8dda0b6df83ac3d6723e921274c2aa\",\"name\":\"Alejandro Gabriel Rosito\",\"image\":{\"@type\":\"ImageObject\",\"inLanguage\":\"es\",\"@id\":\"https:\\\/\\\/secure.gravatar.com\\\/avatar\\\/16c5dda1489adfc62618084dcbb91cffd879c374b13fe5dd8e44ed6733852c88?s=96&d=mm&r=g\",\"url\":\"https:\\\/\\\/secure.gravatar.com\\\/avatar\\\/16c5dda1489adfc62618084dcbb91cffd879c374b13fe5dd8e44ed6733852c88?s=96&d=mm&r=g\",\"contentUrl\":\"https:\\\/\\\/secure.gravatar.com\\\/avatar\\\/16c5dda1489adfc62618084dcbb91cffd879c374b13fe5dd8e44ed6733852c88?s=96&d=mm&r=g\",\"caption\":\"Alejandro Gabriel Rosito\"},\"url\":\"https:\\\/\\\/autofans.com.ar\\\/index.php\\\/author\\\/gabrielr\\\/\"}]}<\/script>\n<!-- \/ Yoast SEO plugin. -->","yoast_head_json":{"title":"BMW GS m\u00e1s de 40 a\u00f1os de \u00e9xito en el pa\u00eds -","description":"Desde su debut en 1980 con la R 80 G\/S, BMW Motorrad ha dejado una huella imborrable en el mundo de las motocicletas de doble prop\u00f3sito..","robots":{"index":"index","follow":"follow","max-snippet":"max-snippet:-1","max-image-preview":"max-image-preview:large","max-video-preview":"max-video-preview:-1"},"canonical":"https:\/\/autofans.com.ar\/index.php\/2024\/04\/08\/bmw-gs-mas-de-40-anos-de-exito-en-el-pais\/","og_locale":"es_ES","og_type":"article","og_title":"BMW GS m\u00e1s de 40 a\u00f1os de \u00e9xito en el pa\u00eds -","og_description":"Desde su debut en 1980 con la R 80 G\/S, BMW Motorrad ha dejado una huella imborrable en el mundo de las motocicletas de doble prop\u00f3sito..","og_url":"https:\/\/autofans.com.ar\/index.php\/2024\/04\/08\/bmw-gs-mas-de-40-anos-de-exito-en-el-pais\/","article_published_time":"2024-04-08T23:36:35+00:00","og_image":[{"url":"https:\/\/autofans.com.ar\/wp-content\/uploads\/2024\/04\/BMW-5.jpg","width":640,"height":427,"type":"image\/jpeg"}],"author":"Alejandro Gabriel Rosito","twitter_card":"summary_large_image","twitter_misc":{"Escrito por":"Alejandro Gabriel Rosito","Tiempo de lectura":"3 minutos"},"schema":{"@context":"https:\/\/schema.org","@graph":[{"@type":"Article","@id":"https:\/\/autofans.com.ar\/index.php\/2024\/04\/08\/bmw-gs-mas-de-40-anos-de-exito-en-el-pais\/#article","isPartOf":{"@id":"https:\/\/autofans.com.ar\/index.php\/2024\/04\/08\/bmw-gs-mas-de-40-anos-de-exito-en-el-pais\/"},"author":{"name":"Alejandro Gabriel Rosito","@id":"https:\/\/autofans.com.ar\/#\/schema\/person\/4a8dda0b6df83ac3d6723e921274c2aa"},"headline":"BMW GS m\u00e1s de 40 a\u00f1os de \u00e9xito en el pa\u00eds","datePublished":"2024-04-08T23:36:35+00:00","mainEntityOfPage":{"@id":"https:\/\/autofans.com.ar\/index.php\/2024\/04\/08\/bmw-gs-mas-de-40-anos-de-exito-en-el-pais\/"},"wordCount":426,"image":{"@id":"https:\/\/autofans.com.ar\/index.php\/2024\/04\/08\/bmw-gs-mas-de-40-anos-de-exito-en-el-pais\/#primaryimage"},"thumbnailUrl":"https:\/\/autofans.com.ar\/wp-content\/uploads\/2024\/04\/BMW-5.jpg","keywords":["BMW R 1300 GS","motocicletas BMW en Argentina","novedades BMW Motorrad","pr\u00f3xima motocicleta BMW"],"articleSection":["Motos","NOTICIAS"],"inLanguage":"es"},{"@type":"WebPage","@id":"https:\/\/autofans.com.ar\/index.php\/2024\/04\/08\/bmw-gs-mas-de-40-anos-de-exito-en-el-pais\/","url":"https:\/\/autofans.com.ar\/index.php\/2024\/04\/08\/bmw-gs-mas-de-40-anos-de-exito-en-el-pais\/","name":"BMW GS m\u00e1s de 40 a\u00f1os de \u00e9xito en el pa\u00eds -","isPartOf":{"@id":"https:\/\/autofans.com.ar\/#website"},"primaryImageOfPage":{"@id":"https:\/\/autofans.com.ar\/index.php\/2024\/04\/08\/bmw-gs-mas-de-40-anos-de-exito-en-el-pais\/#primaryimage"},"image":{"@id":"https:\/\/autofans.com.ar\/index.php\/2024\/04\/08\/bmw-gs-mas-de-40-anos-de-exito-en-el-pais\/#primaryimage"},"thumbnailUrl":"https:\/\/autofans.com.ar\/wp-content\/uploads\/2024\/04\/BMW-5.jpg","datePublished":"2024-04-08T23:36:35+00:00","author":{"@id":"https:\/\/autofans.com.ar\/#\/schema\/person\/4a8dda0b6df83ac3d6723e921274c2aa"},"description":"Desde su debut en 1980 con la R 80 G\/S, BMW Motorrad ha dejado una huella imborrable en el mundo de las motocicletas de doble prop\u00f3sito..","breadcrumb":{"@id":"https:\/\/autofans.com.ar\/index.php\/2024\/04\/08\/bmw-gs-mas-de-40-anos-de-exito-en-el-pais\/#breadcrumb"},"inLanguage":"es","potentialAction":[{"@type":"ReadAction","target":["https:\/\/autofans.com.ar\/index.php\/2024\/04\/08\/bmw-gs-mas-de-40-anos-de-exito-en-el-pais\/"]}]},{"@type":"ImageObject","inLanguage":"es","@id":"https:\/\/autofans.com.ar\/index.php\/2024\/04\/08\/bmw-gs-mas-de-40-anos-de-exito-en-el-pais\/#primaryimage","url":"https:\/\/autofans.com.ar\/wp-content\/uploads\/2024\/04\/BMW-5.jpg","contentUrl":"https:\/\/autofans.com.ar\/wp-content\/uploads\/2024\/04\/BMW-5.jpg","width":1000,"height":667,"caption":"BMW GS"},{"@type":"BreadcrumbList","@id":"https:\/\/autofans.com.ar\/index.php\/2024\/04\/08\/bmw-gs-mas-de-40-anos-de-exito-en-el-pais\/#breadcrumb","itemListElement":[{"@type":"ListItem","position":1,"name":"Inicio","item":"https:\/\/autofans.com.ar\/"},{"@type":"ListItem","position":2,"name":"BMW GS m\u00e1s de 40 a\u00f1os de \u00e9xito en el pa\u00eds"}]},{"@type":"WebSite","@id":"https:\/\/autofans.com.ar\/#website","url":"https:\/\/autofans.com.ar\/","name":"","description":"El multimedio referente de la industria automotriz","potentialAction":[{"@type":"SearchAction","target":{"@type":"EntryPoint","urlTemplate":"https:\/\/autofans.com.ar\/?s={search_term_string}"},"query-input":{"@type":"PropertyValueSpecification","valueRequired":true,"valueName":"search_term_string"}}],"inLanguage":"es"},{"@type":"Person","@id":"https:\/\/autofans.com.ar\/#\/schema\/person\/4a8dda0b6df83ac3d6723e921274c2aa","name":"Alejandro Gabriel Rosito","image":{"@type":"ImageObject","inLanguage":"es","@id":"https:\/\/secure.gravatar.com\/avatar\/16c5dda1489adfc62618084dcbb91cffd879c374b13fe5dd8e44ed6733852c88?s=96&d=mm&r=g","url":"https:\/\/secure.gravatar.com\/avatar\/16c5dda1489adfc62618084dcbb91cffd879c374b13fe5dd8e44ed6733852c88?s=96&d=mm&r=g","contentUrl":"https:\/\/secure.gravatar.com\/avatar\/16c5dda1489adfc62618084dcbb91cffd879c374b13fe5dd8e44ed6733852c88?s=96&d=mm&r=g","caption":"Alejandro Gabriel Rosito"},"url":"https:\/\/autofans.com.ar\/index.php\/author\/gabrielr\/"}]}},"featured_image_urls":{"full":["https:\/\/autofans.com.ar\/wp-content\/uploads\/2024\/04\/BMW-5.jpg",1000,667,false],"thumbnail":["https:\/\/autofans.com.ar\/wp-content\/uploads\/2024\/04\/BMW-5-150x150.jpg",150,150,true],"medium":["https:\/\/autofans.com.ar\/wp-content\/uploads\/2024\/04\/BMW-5-300x200.jpg",300,200,true],"medium_large":["https:\/\/autofans.com.ar\/wp-content\/uploads\/2024\/04\/BMW-5-768x512.jpg",640,427,true],"large":["https:\/\/autofans.com.ar\/wp-content\/uploads\/2024\/04\/BMW-5.jpg",640,427,false],"1536x1536":["https:\/\/autofans.com.ar\/wp-content\/uploads\/2024\/04\/BMW-5.jpg",1000,667,false],"2048x2048":["https:\/\/autofans.com.ar\/wp-content\/uploads\/2024\/04\/BMW-5.jpg",1000,667,false],"covernews-featured":["https:\/\/autofans.com.ar\/wp-content\/uploads\/2024\/04\/BMW-5.jpg",1000,667,false],"covernews-medium":["https:\/\/autofans.com.ar\/wp-content\/uploads\/2024\/04\/BMW-5-540x340.jpg",540,340,true]},"author_info":{"display_name":"Alejandro Gabriel Rosito","author_link":"https:\/\/autofans.com.ar\/index.php\/author\/gabrielr\/"},"category_info":"<a href=\"https:\/\/autofans.com.ar\/index.php\/category\/lanzamientos\/motos-lanzamientos\/\" rel=\"category tag\">Motos<\/a> <a href=\"https:\/\/autofans.com.ar\/index.php\/category\/noticias\/\" rel=\"category tag\">NOTICIAS<\/a>","tag_info":"NOTICIAS","comment_count":0,"_links":{"self":[{"href":"https:\/\/autofans.com.ar\/index.php\/wp-json\/wp\/v2\/posts\/7314","targetHints":{"allow":["GET"]}}],"collection":[{"href":"https:\/\/autofans.com.ar\/index.php\/wp-json\/wp\/v2\/posts"}],"about":[{"href":"https:\/\/autofans.com.ar\/index.php\/wp-json\/wp\/v2\/types\/post"}],"author":[{"embeddable":true,"href":"https:\/\/autofans.com.ar\/index.php\/wp-json\/wp\/v2\/users\/2"}],"replies":[{"embeddable":true,"href":"https:\/\/autofans.com.ar\/index.php\/wp-json\/wp\/v2\/comments?post=7314"}],"version-history":[{"count":1,"href":"https:\/\/autofans.com.ar\/index.php\/wp-json\/wp\/v2\/posts\/7314\/revisions"}],"predecessor-version":[{"id":7320,"href":"https:\/\/autofans.com.ar\/index.php\/wp-json\/wp\/v2\/posts\/7314\/revisions\/7320"}],"wp:featuredmedia":[{"embeddable":true,"href":"https:\/\/autofans.com.ar\/index.php\/wp-json\/wp\/v2\/media\/7315"}],"wp:attachment":[{"href":"https:\/\/autofans.com.ar\/index.php\/wp-json\/wp\/v2\/media?parent=7314"}],"wp:term":[{"taxonomy":"category","embeddable":true,"href":"https:\/\/autofans.com.ar\/index.php\/wp-json\/wp\/v2\/categories?post=7314"},{"taxonomy":"post_tag","embeddable":true,"href":"https:\/\/autofans.com.ar\/index.php\/wp-json\/wp\/v2\/tags?post=7314"}],"curies":[{"name":"wp","href":"https:\/\/api.w.org\/{rel}","templated":true}]}}