{"id":7353,"date":"2024-04-12T19:18:01","date_gmt":"2024-04-12T22:18:01","guid":{"rendered":"https:\/\/autofans.com.ar\/?p=7353"},"modified":"2024-04-12T19:18:01","modified_gmt":"2024-04-12T22:18:01","slug":"75-anniversario-del-abarth-695","status":"publish","type":"post","link":"https:\/\/autofans.com.ar\/index.php\/2024\/04\/12\/75-anniversario-del-abarth-695\/","title":{"rendered":"75\u00b0 anniversario del Abarth 695"},"content":{"rendered":"<p>En la exposici\u00f3n especial del Heritage Hub, con motivo del 75 aniversario de Abarth, el protagonismo recae en el nuevo Abarth 695 75\u00b0 Anniversario, una edici\u00f3n limitada que captura la esencia de la marca. Equipado con un potente motor 1.4 T-Jet y combinando atractivo dise\u00f1o con avanzada tecnolog\u00eda, este veh\u00edculo destaca entre los modelos que han marcado la historia de la marca.<\/p>\n<p>&nbsp;<\/p>\n<h2>El equilibrio perfecto entre dise\u00f1o y rendimiento<\/h2>\n<p>El dise\u00f1o del Abarth 695 75\u00b0 Anniversario es una combinaci\u00f3n de elegancia y deportividad, con una librea negra que resalta el logo dorado de Abarth y un escorpi\u00f3n que brilla en el techo. Su interior, con asientos de carbono Sabelt y detalles en Alcantara, ofrece una experiencia \u00fanica.<\/p>\n<p>&nbsp;<\/p>\n<div id='gallery-1' class='gallery galleryid-7353 gallery-columns-2 gallery-size-full'><figure class='gallery-item'>\n\t\t\t<div class='gallery-icon landscape'>\n\t\t\t\t<a href='https:\/\/autofans.com.ar\/index.php\/2024\/04\/12\/75-anniversario-del-abarth-695\/abarth-1-2\/'><img loading=\"lazy\" width=\"1000\" height=\"667\" src=\"https:\/\/autofans.com.ar\/wp-content\/uploads\/2024\/04\/abarth-1.jpg\" class=\"attachment-full size-full\" alt=\"Abarth\" srcset=\"https:\/\/autofans.com.ar\/wp-content\/uploads\/2024\/04\/abarth-1.jpg 1000w, https:\/\/autofans.com.ar\/wp-content\/uploads\/2024\/04\/abarth-1-300x200.jpg 300w, https:\/\/autofans.com.ar\/wp-content\/uploads\/2024\/04\/abarth-1-768x512.jpg 768w\" sizes=\"auto, (max-width: 1000px) 100vw, 1000px\" loading=\"lazy\" decoding=\"async\" \/><\/a>\n\t\t\t<\/div><\/figure><figure class='gallery-item'>\n\t\t\t<div class='gallery-icon landscape'>\n\t\t\t\t<a href='https:\/\/autofans.com.ar\/index.php\/2024\/04\/12\/75-anniversario-del-abarth-695\/abarth-2-2\/'><img loading=\"lazy\" width=\"1000\" height=\"667\" src=\"https:\/\/autofans.com.ar\/wp-content\/uploads\/2024\/04\/abarth-2.jpg\" class=\"attachment-full size-full\" alt=\"Abarth\" srcset=\"https:\/\/autofans.com.ar\/wp-content\/uploads\/2024\/04\/abarth-2.jpg 1000w, https:\/\/autofans.com.ar\/wp-content\/uploads\/2024\/04\/abarth-2-300x200.jpg 300w, https:\/\/autofans.com.ar\/wp-content\/uploads\/2024\/04\/abarth-2-768x512.jpg 768w\" sizes=\"auto, (max-width: 1000px) 100vw, 1000px\" loading=\"lazy\" decoding=\"async\" \/><\/a>\n\t\t\t<\/div><\/figure>\n\t\t<\/div>\n\n<p>&nbsp;<\/p>\n<p>Equipado con el motor 1.4 T-Jet y un turbocompresor Garret GT 1446. El Abarth 695 ofrece una potencia de 180 CV y un par de 250 Nm. Con una aceleraci\u00f3n de 0 a 100 km\/h en 6,7 segundos y una velocidad m\u00e1xima de 225 km\/h, garantiza un rendimiento excepcional.<\/p>\n<p>&nbsp;<\/p>\n<h2>Explora la historia de Abarth en Tur\u00edn<\/h2>\n<p>La muestra en Tur\u00edn exhibe 38 modelos de Abarth, desde los primeros cl\u00e1sicos hasta los m\u00e1s recientes, permitiendo a los visitantes recorrer la rica historia de la marca. Desde el legendario Abarth 1000 hasta el innovador Abarth 695 75\u00b0 Anniversario, la exposici\u00f3n celebra los logros de la marca.<\/p>\n<p>&nbsp;<\/p>\n<div id='gallery-2' class='gallery galleryid-7353 gallery-columns-3 gallery-size-full'><figure class='gallery-item'>\n\t\t\t<div class='gallery-icon landscape'>\n\t\t\t\t<a href='https:\/\/autofans.com.ar\/index.php\/2024\/04\/12\/75-anniversario-del-abarth-695\/abarth-3-2\/'><img loading=\"lazy\" width=\"1000\" height=\"667\" src=\"https:\/\/autofans.com.ar\/wp-content\/uploads\/2024\/04\/abarth-3.jpg\" class=\"attachment-full size-full\" alt=\"Abarth\" aria-describedby=\"gallery-2-7357\" srcset=\"https:\/\/autofans.com.ar\/wp-content\/uploads\/2024\/04\/abarth-3.jpg 1000w, https:\/\/autofans.com.ar\/wp-content\/uploads\/2024\/04\/abarth-3-300x200.jpg 300w, https:\/\/autofans.com.ar\/wp-content\/uploads\/2024\/04\/abarth-3-768x512.jpg 768w\" sizes=\"auto, (max-width: 1000px) 100vw, 1000px\" loading=\"lazy\" decoding=\"async\" \/><\/a>\n\t\t\t<\/div>\n\t\t\t\t<figcaption class='wp-caption-text gallery-caption' id='gallery-2-7357'>\n\t\t\t\tHeritage pays tribute to the history of Abarth with two special projects\n\t\t\t\t<\/figcaption><\/figure><figure class='gallery-item'>\n\t\t\t<div class='gallery-icon landscape'>\n\t\t\t\t<a href='https:\/\/autofans.com.ar\/index.php\/2024\/04\/12\/75-anniversario-del-abarth-695\/abarth-5-2\/'><img loading=\"lazy\" width=\"1000\" height=\"667\" src=\"https:\/\/autofans.com.ar\/wp-content\/uploads\/2024\/04\/abarth-5.jpg\" class=\"attachment-full size-full\" alt=\"Abarth\" aria-describedby=\"gallery-2-7355\" srcset=\"https:\/\/autofans.com.ar\/wp-content\/uploads\/2024\/04\/abarth-5.jpg 1000w, https:\/\/autofans.com.ar\/wp-content\/uploads\/2024\/04\/abarth-5-300x200.jpg 300w, https:\/\/autofans.com.ar\/wp-content\/uploads\/2024\/04\/abarth-5-768x512.jpg 768w\" sizes=\"auto, (max-width: 1000px) 100vw, 1000px\" loading=\"lazy\" decoding=\"async\" \/><\/a>\n\t\t\t<\/div>\n\t\t\t\t<figcaption class='wp-caption-text gallery-caption' id='gallery-2-7355'>\n\t\t\t\tFiat Abarth 850 TC Nurburgring\n\t\t\t\t<\/figcaption><\/figure><figure class='gallery-item'>\n\t\t\t<div class='gallery-icon landscape'>\n\t\t\t\t<a href='https:\/\/autofans.com.ar\/index.php\/2024\/04\/12\/75-anniversario-del-abarth-695\/abarth-4-2\/'><img loading=\"lazy\" width=\"1000\" height=\"667\" src=\"https:\/\/autofans.com.ar\/wp-content\/uploads\/2024\/04\/abarth-4.jpg\" class=\"attachment-full size-full\" alt=\"Abarth\" aria-describedby=\"gallery-2-7356\" srcset=\"https:\/\/autofans.com.ar\/wp-content\/uploads\/2024\/04\/abarth-4.jpg 1000w, https:\/\/autofans.com.ar\/wp-content\/uploads\/2024\/04\/abarth-4-300x200.jpg 300w, https:\/\/autofans.com.ar\/wp-content\/uploads\/2024\/04\/abarth-4-768x512.jpg 768w\" sizes=\"auto, (max-width: 1000px) 100vw, 1000px\" loading=\"lazy\" decoding=\"async\" \/><\/a>\n\t\t\t<\/div>\n\t\t\t\t<figcaption class='wp-caption-text gallery-caption' id='gallery-2-7356'>\n\t\t\t\tAbarth Classiche 1300 O Trender\n\t\t\t\t<\/figcaption><\/figure>\n\t\t<\/div>\n\n<p>&nbsp;<\/p>\n<p>La exposici\u00f3n forma parte del proyecto Heritage de Stellantis, que busca preservar la importancia de los coches cl\u00e1sicos. Abierta al p\u00fablico durante tres meses, esta muestra ofrece una experiencia emocionante para los amantes de la automoci\u00f3n.<\/p>\n<p>Los visitantes del Heritage Hub pueden sumergirse en la nostalgia de la historia de marca y emocionarse por el futuro de la marca. Esta experiencia \u00fanica promete cautivar a todos los entusiastas de los autom\u00f3viles.<\/p>\n<p>&nbsp;<\/p>\n<p>&nbsp;<\/p>\n<p><i>Para enterarte de m\u00e1s novedades, no dejes de leer\u00a0<\/i><a href=\"https:\/\/autofans.thebrandsoup.com\/\"><i>nuestras notas<\/i><\/a><i>, de ver<\/i><b><i>\u00a0<\/i><\/b><a href=\"https:\/\/www.youtube.com\/channel\/UCgAC8UGHZYbT6P7PpmVnP7g\"><b><i>AUTOFANS TV<\/i><\/b><\/a><b><i>\u00a0<\/i><\/b><i>en nuestro\u00a0canal de Youtube. Adem\u00e1s seguinos en\u00a0<\/i><a href=\"https:\/\/www.instagram.com\/autofanstv\/\"><i>INSTAGRAM<\/i><\/a><i> y <\/i><a href=\"https:\/\/www.facebook.com\/autofansmas\/\"><i>FACEBOOK<\/i><\/a><i> para no perderte nada sobre las novedades del segmento automotor de Argentina y el mundo.<\/i><\/p>\n","protected":false},"excerpt":{"rendered":"<p>En la exposici\u00f3n especial del Heritage Hub, con motivo del 75 aniversario de Abarth, el&#8230;<\/p>\n","protected":false},"author":2,"featured_media":7354,"comment_status":"closed","ping_status":"closed","sticky":false,"template":"","format":"standard","meta":{"footnotes":""},"categories":[3,16],"tags":[1011,3899,3516,3900,3901,3903,37,3902],"class_list":["post-7353","post","type-post","status-publish","format-standard","has-post-thumbnail","hentry","category-autos","category-noticias","tag-abarth","tag-abarth-695","tag-coches-de-epoca","tag-exposicion-abarth","tag-heritage-hub","tag-motor-1-4-t-jet","tag-stellantis","tag-turin"],"yoast_head":"<!-- This site is optimized with the Yoast SEO plugin v27.5 - https:\/\/yoast.com\/product\/yoast-seo-wordpress\/ -->\n<title>75\u00b0 anniversario del Abarth 695 -<\/title>\n<meta name=\"description\" content=\"El Abarth 695 75\u00b0 Anniversario es la estrella principal en el Heritage Hub, una exposici\u00f3n especial que celebra los 75 a\u00f1os de Abarth...\" \/>\n<meta name=\"robots\" content=\"index, follow, max-snippet:-1, max-image-preview:large, max-video-preview:-1\" \/>\n<link rel=\"canonical\" href=\"https:\/\/autofans.com.ar\/index.php\/2024\/04\/12\/75-anniversario-del-abarth-695\/\" \/>\n<meta property=\"og:locale\" content=\"es_ES\" \/>\n<meta property=\"og:type\" content=\"article\" \/>\n<meta property=\"og:title\" content=\"75\u00b0 anniversario del Abarth 695 -\" \/>\n<meta property=\"og:description\" content=\"El Abarth 695 75\u00b0 Anniversario es la estrella principal en el Heritage Hub, una exposici\u00f3n especial que celebra los 75 a\u00f1os de Abarth...\" \/>\n<meta property=\"og:url\" content=\"https:\/\/autofans.com.ar\/index.php\/2024\/04\/12\/75-anniversario-del-abarth-695\/\" \/>\n<meta property=\"article:published_time\" content=\"2024-04-12T22:18:01+00:00\" \/>\n<meta property=\"og:image\" content=\"https:\/\/autofans.com.ar\/wp-content\/uploads\/2024\/04\/abarth-6.jpg\" \/>\n\t<meta property=\"og:image:width\" content=\"640\" \/>\n\t<meta property=\"og:image:height\" content=\"427\" \/>\n\t<meta property=\"og:image:type\" content=\"image\/jpeg\" \/>\n<meta name=\"author\" content=\"Alejandro Gabriel Rosito\" \/>\n<meta name=\"twitter:card\" content=\"summary_large_image\" \/>\n<meta name=\"twitter:label1\" content=\"Escrito por\" \/>\n\t<meta name=\"twitter:data1\" content=\"Alejandro Gabriel Rosito\" \/>\n\t<meta name=\"twitter:label2\" content=\"Tiempo de lectura\" \/>\n\t<meta name=\"twitter:data2\" content=\"2 minutos\" \/>\n<script type=\"application\/ld+json\" class=\"yoast-schema-graph\">{\"@context\":\"https:\\\/\\\/schema.org\",\"@graph\":[{\"@type\":\"Article\",\"@id\":\"https:\\\/\\\/autofans.com.ar\\\/index.php\\\/2024\\\/04\\\/12\\\/75-anniversario-del-abarth-695\\\/#article\",\"isPartOf\":{\"@id\":\"https:\\\/\\\/autofans.com.ar\\\/index.php\\\/2024\\\/04\\\/12\\\/75-anniversario-del-abarth-695\\\/\"},\"author\":{\"name\":\"Alejandro Gabriel Rosito\",\"@id\":\"https:\\\/\\\/autofans.com.ar\\\/#\\\/schema\\\/person\\\/4a8dda0b6df83ac3d6723e921274c2aa\"},\"headline\":\"75\u00b0 anniversario del Abarth 695\",\"datePublished\":\"2024-04-12T22:18:01+00:00\",\"mainEntityOfPage\":{\"@id\":\"https:\\\/\\\/autofans.com.ar\\\/index.php\\\/2024\\\/04\\\/12\\\/75-anniversario-del-abarth-695\\\/\"},\"wordCount\":359,\"image\":{\"@id\":\"https:\\\/\\\/autofans.com.ar\\\/index.php\\\/2024\\\/04\\\/12\\\/75-anniversario-del-abarth-695\\\/#primaryimage\"},\"thumbnailUrl\":\"https:\\\/\\\/autofans.com.ar\\\/wp-content\\\/uploads\\\/2024\\\/04\\\/abarth-6.jpg\",\"keywords\":[\"Abarth\",\"Abarth 695\",\"Coches de \u00c9poca\",\"Exposici\u00f3n Abarth\",\"Heritage Hub\",\"Motor 1.4 T-Jet\",\"Stellantis\",\"Tur\u00edn\"],\"articleSection\":[\"AUTOS y SUV\",\"NOTICIAS\"],\"inLanguage\":\"es\"},{\"@type\":\"WebPage\",\"@id\":\"https:\\\/\\\/autofans.com.ar\\\/index.php\\\/2024\\\/04\\\/12\\\/75-anniversario-del-abarth-695\\\/\",\"url\":\"https:\\\/\\\/autofans.com.ar\\\/index.php\\\/2024\\\/04\\\/12\\\/75-anniversario-del-abarth-695\\\/\",\"name\":\"75\u00b0 anniversario del Abarth 695 -\",\"isPartOf\":{\"@id\":\"https:\\\/\\\/autofans.com.ar\\\/#website\"},\"primaryImageOfPage\":{\"@id\":\"https:\\\/\\\/autofans.com.ar\\\/index.php\\\/2024\\\/04\\\/12\\\/75-anniversario-del-abarth-695\\\/#primaryimage\"},\"image\":{\"@id\":\"https:\\\/\\\/autofans.com.ar\\\/index.php\\\/2024\\\/04\\\/12\\\/75-anniversario-del-abarth-695\\\/#primaryimage\"},\"thumbnailUrl\":\"https:\\\/\\\/autofans.com.ar\\\/wp-content\\\/uploads\\\/2024\\\/04\\\/abarth-6.jpg\",\"datePublished\":\"2024-04-12T22:18:01+00:00\",\"author\":{\"@id\":\"https:\\\/\\\/autofans.com.ar\\\/#\\\/schema\\\/person\\\/4a8dda0b6df83ac3d6723e921274c2aa\"},\"description\":\"El Abarth 695 75\u00b0 Anniversario es la estrella principal en el Heritage Hub, una exposici\u00f3n especial que celebra los 75 a\u00f1os de Abarth...\",\"breadcrumb\":{\"@id\":\"https:\\\/\\\/autofans.com.ar\\\/index.php\\\/2024\\\/04\\\/12\\\/75-anniversario-del-abarth-695\\\/#breadcrumb\"},\"inLanguage\":\"es\",\"potentialAction\":[{\"@type\":\"ReadAction\",\"target\":[\"https:\\\/\\\/autofans.com.ar\\\/index.php\\\/2024\\\/04\\\/12\\\/75-anniversario-del-abarth-695\\\/\"]}]},{\"@type\":\"ImageObject\",\"inLanguage\":\"es\",\"@id\":\"https:\\\/\\\/autofans.com.ar\\\/index.php\\\/2024\\\/04\\\/12\\\/75-anniversario-del-abarth-695\\\/#primaryimage\",\"url\":\"https:\\\/\\\/autofans.com.ar\\\/wp-content\\\/uploads\\\/2024\\\/04\\\/abarth-6.jpg\",\"contentUrl\":\"https:\\\/\\\/autofans.com.ar\\\/wp-content\\\/uploads\\\/2024\\\/04\\\/abarth-6.jpg\",\"width\":1000,\"height\":667,\"caption\":\"Abarth\"},{\"@type\":\"BreadcrumbList\",\"@id\":\"https:\\\/\\\/autofans.com.ar\\\/index.php\\\/2024\\\/04\\\/12\\\/75-anniversario-del-abarth-695\\\/#breadcrumb\",\"itemListElement\":[{\"@type\":\"ListItem\",\"position\":1,\"name\":\"Inicio\",\"item\":\"https:\\\/\\\/autofans.com.ar\\\/\"},{\"@type\":\"ListItem\",\"position\":2,\"name\":\"75\u00b0 anniversario del Abarth 695\"}]},{\"@type\":\"WebSite\",\"@id\":\"https:\\\/\\\/autofans.com.ar\\\/#website\",\"url\":\"https:\\\/\\\/autofans.com.ar\\\/\",\"name\":\"\",\"description\":\"El multimedio referente de la industria automotriz\",\"potentialAction\":[{\"@type\":\"SearchAction\",\"target\":{\"@type\":\"EntryPoint\",\"urlTemplate\":\"https:\\\/\\\/autofans.com.ar\\\/?s={search_term_string}\"},\"query-input\":{\"@type\":\"PropertyValueSpecification\",\"valueRequired\":true,\"valueName\":\"search_term_string\"}}],\"inLanguage\":\"es\"},{\"@type\":\"Person\",\"@id\":\"https:\\\/\\\/autofans.com.ar\\\/#\\\/schema\\\/person\\\/4a8dda0b6df83ac3d6723e921274c2aa\",\"name\":\"Alejandro Gabriel Rosito\",\"image\":{\"@type\":\"ImageObject\",\"inLanguage\":\"es\",\"@id\":\"https:\\\/\\\/secure.gravatar.com\\\/avatar\\\/16c5dda1489adfc62618084dcbb91cffd879c374b13fe5dd8e44ed6733852c88?s=96&d=mm&r=g\",\"url\":\"https:\\\/\\\/secure.gravatar.com\\\/avatar\\\/16c5dda1489adfc62618084dcbb91cffd879c374b13fe5dd8e44ed6733852c88?s=96&d=mm&r=g\",\"contentUrl\":\"https:\\\/\\\/secure.gravatar.com\\\/avatar\\\/16c5dda1489adfc62618084dcbb91cffd879c374b13fe5dd8e44ed6733852c88?s=96&d=mm&r=g\",\"caption\":\"Alejandro Gabriel Rosito\"},\"url\":\"https:\\\/\\\/autofans.com.ar\\\/index.php\\\/author\\\/gabrielr\\\/\"}]}<\/script>\n<!-- \/ Yoast SEO plugin. -->","yoast_head_json":{"title":"75\u00b0 anniversario del Abarth 695 -","description":"El Abarth 695 75\u00b0 Anniversario es la estrella principal en el Heritage Hub, una exposici\u00f3n especial que celebra los 75 a\u00f1os de Abarth...","robots":{"index":"index","follow":"follow","max-snippet":"max-snippet:-1","max-image-preview":"max-image-preview:large","max-video-preview":"max-video-preview:-1"},"canonical":"https:\/\/autofans.com.ar\/index.php\/2024\/04\/12\/75-anniversario-del-abarth-695\/","og_locale":"es_ES","og_type":"article","og_title":"75\u00b0 anniversario del Abarth 695 -","og_description":"El Abarth 695 75\u00b0 Anniversario es la estrella principal en el Heritage Hub, una exposici\u00f3n especial que celebra los 75 a\u00f1os de Abarth...","og_url":"https:\/\/autofans.com.ar\/index.php\/2024\/04\/12\/75-anniversario-del-abarth-695\/","article_published_time":"2024-04-12T22:18:01+00:00","og_image":[{"url":"https:\/\/autofans.com.ar\/wp-content\/uploads\/2024\/04\/abarth-6.jpg","width":640,"height":427,"type":"image\/jpeg"}],"author":"Alejandro Gabriel Rosito","twitter_card":"summary_large_image","twitter_misc":{"Escrito por":"Alejandro Gabriel Rosito","Tiempo de lectura":"2 minutos"},"schema":{"@context":"https:\/\/schema.org","@graph":[{"@type":"Article","@id":"https:\/\/autofans.com.ar\/index.php\/2024\/04\/12\/75-anniversario-del-abarth-695\/#article","isPartOf":{"@id":"https:\/\/autofans.com.ar\/index.php\/2024\/04\/12\/75-anniversario-del-abarth-695\/"},"author":{"name":"Alejandro Gabriel Rosito","@id":"https:\/\/autofans.com.ar\/#\/schema\/person\/4a8dda0b6df83ac3d6723e921274c2aa"},"headline":"75\u00b0 anniversario del Abarth 695","datePublished":"2024-04-12T22:18:01+00:00","mainEntityOfPage":{"@id":"https:\/\/autofans.com.ar\/index.php\/2024\/04\/12\/75-anniversario-del-abarth-695\/"},"wordCount":359,"image":{"@id":"https:\/\/autofans.com.ar\/index.php\/2024\/04\/12\/75-anniversario-del-abarth-695\/#primaryimage"},"thumbnailUrl":"https:\/\/autofans.com.ar\/wp-content\/uploads\/2024\/04\/abarth-6.jpg","keywords":["Abarth","Abarth 695","Coches de \u00c9poca","Exposici\u00f3n Abarth","Heritage Hub","Motor 1.4 T-Jet","Stellantis","Tur\u00edn"],"articleSection":["AUTOS y SUV","NOTICIAS"],"inLanguage":"es"},{"@type":"WebPage","@id":"https:\/\/autofans.com.ar\/index.php\/2024\/04\/12\/75-anniversario-del-abarth-695\/","url":"https:\/\/autofans.com.ar\/index.php\/2024\/04\/12\/75-anniversario-del-abarth-695\/","name":"75\u00b0 anniversario del Abarth 695 -","isPartOf":{"@id":"https:\/\/autofans.com.ar\/#website"},"primaryImageOfPage":{"@id":"https:\/\/autofans.com.ar\/index.php\/2024\/04\/12\/75-anniversario-del-abarth-695\/#primaryimage"},"image":{"@id":"https:\/\/autofans.com.ar\/index.php\/2024\/04\/12\/75-anniversario-del-abarth-695\/#primaryimage"},"thumbnailUrl":"https:\/\/autofans.com.ar\/wp-content\/uploads\/2024\/04\/abarth-6.jpg","datePublished":"2024-04-12T22:18:01+00:00","author":{"@id":"https:\/\/autofans.com.ar\/#\/schema\/person\/4a8dda0b6df83ac3d6723e921274c2aa"},"description":"El Abarth 695 75\u00b0 Anniversario es la estrella principal en el Heritage Hub, una exposici\u00f3n especial que celebra los 75 a\u00f1os de Abarth...","breadcrumb":{"@id":"https:\/\/autofans.com.ar\/index.php\/2024\/04\/12\/75-anniversario-del-abarth-695\/#breadcrumb"},"inLanguage":"es","potentialAction":[{"@type":"ReadAction","target":["https:\/\/autofans.com.ar\/index.php\/2024\/04\/12\/75-anniversario-del-abarth-695\/"]}]},{"@type":"ImageObject","inLanguage":"es","@id":"https:\/\/autofans.com.ar\/index.php\/2024\/04\/12\/75-anniversario-del-abarth-695\/#primaryimage","url":"https:\/\/autofans.com.ar\/wp-content\/uploads\/2024\/04\/abarth-6.jpg","contentUrl":"https:\/\/autofans.com.ar\/wp-content\/uploads\/2024\/04\/abarth-6.jpg","width":1000,"height":667,"caption":"Abarth"},{"@type":"BreadcrumbList","@id":"https:\/\/autofans.com.ar\/index.php\/2024\/04\/12\/75-anniversario-del-abarth-695\/#breadcrumb","itemListElement":[{"@type":"ListItem","position":1,"name":"Inicio","item":"https:\/\/autofans.com.ar\/"},{"@type":"ListItem","position":2,"name":"75\u00b0 anniversario del Abarth 695"}]},{"@type":"WebSite","@id":"https:\/\/autofans.com.ar\/#website","url":"https:\/\/autofans.com.ar\/","name":"","description":"El multimedio referente de la industria automotriz","potentialAction":[{"@type":"SearchAction","target":{"@type":"EntryPoint","urlTemplate":"https:\/\/autofans.com.ar\/?s={search_term_string}"},"query-input":{"@type":"PropertyValueSpecification","valueRequired":true,"valueName":"search_term_string"}}],"inLanguage":"es"},{"@type":"Person","@id":"https:\/\/autofans.com.ar\/#\/schema\/person\/4a8dda0b6df83ac3d6723e921274c2aa","name":"Alejandro Gabriel Rosito","image":{"@type":"ImageObject","inLanguage":"es","@id":"https:\/\/secure.gravatar.com\/avatar\/16c5dda1489adfc62618084dcbb91cffd879c374b13fe5dd8e44ed6733852c88?s=96&d=mm&r=g","url":"https:\/\/secure.gravatar.com\/avatar\/16c5dda1489adfc62618084dcbb91cffd879c374b13fe5dd8e44ed6733852c88?s=96&d=mm&r=g","contentUrl":"https:\/\/secure.gravatar.com\/avatar\/16c5dda1489adfc62618084dcbb91cffd879c374b13fe5dd8e44ed6733852c88?s=96&d=mm&r=g","caption":"Alejandro Gabriel Rosito"},"url":"https:\/\/autofans.com.ar\/index.php\/author\/gabrielr\/"}]}},"featured_image_urls":{"full":["https:\/\/autofans.com.ar\/wp-content\/uploads\/2024\/04\/abarth-6.jpg",1000,667,false],"thumbnail":["https:\/\/autofans.com.ar\/wp-content\/uploads\/2024\/04\/abarth-6-150x150.jpg",150,150,true],"medium":["https:\/\/autofans.com.ar\/wp-content\/uploads\/2024\/04\/abarth-6-300x200.jpg",300,200,true],"medium_large":["https:\/\/autofans.com.ar\/wp-content\/uploads\/2024\/04\/abarth-6-768x512.jpg",640,427,true],"large":["https:\/\/autofans.com.ar\/wp-content\/uploads\/2024\/04\/abarth-6.jpg",640,427,false],"1536x1536":["https:\/\/autofans.com.ar\/wp-content\/uploads\/2024\/04\/abarth-6.jpg",1000,667,false],"2048x2048":["https:\/\/autofans.com.ar\/wp-content\/uploads\/2024\/04\/abarth-6.jpg",1000,667,false],"covernews-featured":["https:\/\/autofans.com.ar\/wp-content\/uploads\/2024\/04\/abarth-6.jpg",1000,667,false],"covernews-medium":["https:\/\/autofans.com.ar\/wp-content\/uploads\/2024\/04\/abarth-6-540x340.jpg",540,340,true]},"author_info":{"display_name":"Alejandro Gabriel Rosito","author_link":"https:\/\/autofans.com.ar\/index.php\/author\/gabrielr\/"},"category_info":"<a href=\"https:\/\/autofans.com.ar\/index.php\/category\/noticias\/autos\/\" rel=\"category tag\">AUTOS y SUV<\/a> <a href=\"https:\/\/autofans.com.ar\/index.php\/category\/noticias\/\" rel=\"category tag\">NOTICIAS<\/a>","tag_info":"NOTICIAS","comment_count":0,"_links":{"self":[{"href":"https:\/\/autofans.com.ar\/index.php\/wp-json\/wp\/v2\/posts\/7353","targetHints":{"allow":["GET"]}}],"collection":[{"href":"https:\/\/autofans.com.ar\/index.php\/wp-json\/wp\/v2\/posts"}],"about":[{"href":"https:\/\/autofans.com.ar\/index.php\/wp-json\/wp\/v2\/types\/post"}],"author":[{"embeddable":true,"href":"https:\/\/autofans.com.ar\/index.php\/wp-json\/wp\/v2\/users\/2"}],"replies":[{"embeddable":true,"href":"https:\/\/autofans.com.ar\/index.php\/wp-json\/wp\/v2\/comments?post=7353"}],"version-history":[{"count":1,"href":"https:\/\/autofans.com.ar\/index.php\/wp-json\/wp\/v2\/posts\/7353\/revisions"}],"predecessor-version":[{"id":7360,"href":"https:\/\/autofans.com.ar\/index.php\/wp-json\/wp\/v2\/posts\/7353\/revisions\/7360"}],"wp:featuredmedia":[{"embeddable":true,"href":"https:\/\/autofans.com.ar\/index.php\/wp-json\/wp\/v2\/media\/7354"}],"wp:attachment":[{"href":"https:\/\/autofans.com.ar\/index.php\/wp-json\/wp\/v2\/media?parent=7353"}],"wp:term":[{"taxonomy":"category","embeddable":true,"href":"https:\/\/autofans.com.ar\/index.php\/wp-json\/wp\/v2\/categories?post=7353"},{"taxonomy":"post_tag","embeddable":true,"href":"https:\/\/autofans.com.ar\/index.php\/wp-json\/wp\/v2\/tags?post=7353"}],"curies":[{"name":"wp","href":"https:\/\/api.w.org\/{rel}","templated":true}]}}