{"id":7381,"date":"2024-04-16T16:57:37","date_gmt":"2024-04-16T19:57:37","guid":{"rendered":"https:\/\/autofans.com.ar\/?p=7381"},"modified":"2024-04-16T16:57:37","modified_gmt":"2024-04-16T19:57:37","slug":"una-decada-de-nissan-en-resende","status":"publish","type":"post","link":"https:\/\/autofans.com.ar\/index.php\/2024\/04\/16\/una-decada-de-nissan-en-resende\/","title":{"rendered":"Una d\u00e9cada de Nissan en Resende"},"content":{"rendered":"<p>El Complejo Industrial de Nissan en Resende cumple una d\u00e9cada de operaciones. Desde su inauguraci\u00f3n en 2014, este complejo ha sido un ejemplo de excelencia en producci\u00f3n, compromiso con la sustentabilidad y promoci\u00f3n de la diversidad e inclusi\u00f3n.<\/p>\n<p>&nbsp;<\/p>\n<h2>Forjando el futuro con innovaci\u00f3n y compromiso<\/h2>\n<p>Inaugurado con una inversi\u00f3n de US$ 540 millones, el Complejo de Resende es uno de los m\u00e1s modernos del pa\u00eds. Con instalaciones que abarcan desde el estampado hasta la inspecci\u00f3n de calidad. Este a\u00f1o, como parte del plan estrat\u00e9gico global de Nissan, se anuncia una nueva inversi\u00f3n para la fabricaci\u00f3n de dos nuevos SUVs y un motor turbo. La primera gran transformaci\u00f3n del complejo.<\/p>\n<p>&nbsp;<\/p>\n<p><img fetchpriority=\"high\" decoding=\"async\" class=\"aligncenter wp-image-7382 size-full\" src=\"https:\/\/autofans.com.ar\/wp-content\/uploads\/2024\/04\/nissan-5.jpg\" alt=\"Nissan Resende\" width=\"1000\" height=\"667\" srcset=\"https:\/\/autofans.com.ar\/wp-content\/uploads\/2024\/04\/nissan-5.jpg 1000w, https:\/\/autofans.com.ar\/wp-content\/uploads\/2024\/04\/nissan-5-300x200.jpg 300w, https:\/\/autofans.com.ar\/wp-content\/uploads\/2024\/04\/nissan-5-768x512.jpg 768w\" sizes=\"(max-width: 1000px) 100vw, 1000px\" \/><\/p>\n<p>&nbsp;<\/p>\n<p>A lo largo de estos 10 a\u00f1os, el Complejo Industrial de Resende ha sido escenario de diversos hitos. Desde ser la primera f\u00e1brica en recibir el relevo de la Antorcha Ol\u00edmpica hasta realizar conciertos para los empleados, ha dejado una marca significativa en la comunidad. Destaca tambi\u00e9n su compromiso con la igualdad racial. Con acciones como la capacitaci\u00f3n de m\u00e1s de 2 mil empleados en alfabetizaci\u00f3n racial en 2022.<\/p>\n<p>&nbsp;<\/p>\n<blockquote>\n<p style=\"text-align: center;\">\u00abNuestro Complejo Industrial de Resende es muy joven, pero, aun as\u00ed, nos enorgullece porque ya es reconocido globalmente en Nissan por su excelencia y calidad de producci\u00f3n, siempre buscando fabricar veh\u00edculos que transformen positivamente la experiencia de nuestros clientes. Esto, claramente, en un ambiente que promueve el bienestar de los empleados y valora la diversidad y la inclusi\u00f3n. En s\u00edntesis, como nuestros equipos dicen, en Resende no se producen veh\u00edculos, se producen sue\u00f1os\u00bb, afirma Gonzalo Ibarz\u00e1bal, presidente de Nissan Brasil.<\/p>\n<\/blockquote>\n<p>&nbsp;<\/p>\n<h2>\u00a0Nissan Resende &#8211; compromiso con el medio ambiente<\/h2>\n<p>La f\u00e1brica de Resende no solo se destaca por su producci\u00f3n, sino tambi\u00e9n por su compromiso con el medio ambiente. Con pr\u00e1cticas como el uso de energ\u00eda e\u00f3lica, la reducci\u00f3n de residuos y la implementaci\u00f3n de tecnolog\u00edas sustentables, demuestra su compromiso con un futuro m\u00e1s verde.<\/p>\n<p>&nbsp;<\/p>\n<div id='gallery-1' class='gallery galleryid-7381 gallery-columns-3 gallery-size-full'><figure class='gallery-item'>\n\t\t\t<div class='gallery-icon landscape'>\n\t\t\t\t<a href='https:\/\/autofans.com.ar\/index.php\/2024\/04\/16\/una-decada-de-nissan-en-resende\/nissan-2-14\/'><img loading=\"lazy\" width=\"1000\" height=\"667\" src=\"https:\/\/autofans.com.ar\/wp-content\/uploads\/2024\/04\/nissan-2-1.jpg\" class=\"attachment-full size-full\" alt=\"Nissan Resende\" srcset=\"https:\/\/autofans.com.ar\/wp-content\/uploads\/2024\/04\/nissan-2-1.jpg 1000w, https:\/\/autofans.com.ar\/wp-content\/uploads\/2024\/04\/nissan-2-1-300x200.jpg 300w, https:\/\/autofans.com.ar\/wp-content\/uploads\/2024\/04\/nissan-2-1-768x512.jpg 768w\" sizes=\"auto, (max-width: 1000px) 100vw, 1000px\" loading=\"lazy\" decoding=\"async\" \/><\/a>\n\t\t\t<\/div><\/figure><figure class='gallery-item'>\n\t\t\t<div class='gallery-icon landscape'>\n\t\t\t\t<a href='https:\/\/autofans.com.ar\/index.php\/2024\/04\/16\/una-decada-de-nissan-en-resende\/nissan-1-15\/'><img loading=\"lazy\" width=\"1000\" height=\"667\" src=\"https:\/\/autofans.com.ar\/wp-content\/uploads\/2024\/04\/nissan-1-1.jpg\" class=\"attachment-full size-full\" alt=\"Nissan Resende\" srcset=\"https:\/\/autofans.com.ar\/wp-content\/uploads\/2024\/04\/nissan-1-1.jpg 1000w, https:\/\/autofans.com.ar\/wp-content\/uploads\/2024\/04\/nissan-1-1-300x200.jpg 300w, https:\/\/autofans.com.ar\/wp-content\/uploads\/2024\/04\/nissan-1-1-768x512.jpg 768w\" sizes=\"auto, (max-width: 1000px) 100vw, 1000px\" loading=\"lazy\" decoding=\"async\" \/><\/a>\n\t\t\t<\/div><\/figure><figure class='gallery-item'>\n\t\t\t<div class='gallery-icon landscape'>\n\t\t\t\t<a href='https:\/\/autofans.com.ar\/index.php\/2024\/04\/16\/una-decada-de-nissan-en-resende\/nissan-3-13\/'><img loading=\"lazy\" width=\"1000\" height=\"667\" src=\"https:\/\/autofans.com.ar\/wp-content\/uploads\/2024\/04\/nissan-3-1.jpg\" class=\"attachment-full size-full\" alt=\"Nissan Resende\" srcset=\"https:\/\/autofans.com.ar\/wp-content\/uploads\/2024\/04\/nissan-3-1.jpg 1000w, https:\/\/autofans.com.ar\/wp-content\/uploads\/2024\/04\/nissan-3-1-300x200.jpg 300w, https:\/\/autofans.com.ar\/wp-content\/uploads\/2024\/04\/nissan-3-1-768x512.jpg 768w\" sizes=\"auto, (max-width: 1000px) 100vw, 1000px\" loading=\"lazy\" decoding=\"async\" \/><\/a>\n\t\t\t<\/div><\/figure>\n\t\t<\/div>\n\n<p>&nbsp;<\/p>\n<p>Nissan en Resende se compromete a crear un ambiente laboral diverso e inclusivo. Con programas que fomentan la participaci\u00f3n de las mujeres, la capacitaci\u00f3n en LIBRAS para personas con discapacidad auditiva y acciones para promover la igualdad racial. La f\u00e1brica se esfuerza por ser un lugar donde todos se sientan valorados y respetados.<\/p>\n<p>Con una capacidad de producci\u00f3n de 200,000 veh\u00edculos y motores, el Complejo Industrial de Resende ha sido un pilar en la econom\u00eda local. Desde su inauguraci\u00f3n, ha producido m\u00e1s de 600,000 veh\u00edculos y motores, y ha exportado cerca de 91,000 veh\u00edculos.<\/p>\n<p>&nbsp;<\/p>\n<p>&nbsp;<\/p>\n<p><i>Para enterarte de m\u00e1s novedades, no dejes de leer\u00a0<\/i><a href=\"https:\/\/autofans.thebrandsoup.com\/\"><i>nuestras notas<\/i><\/a><i>, de ver<\/i><b><i>\u00a0<\/i><\/b><a href=\"https:\/\/www.youtube.com\/channel\/UCgAC8UGHZYbT6P7PpmVnP7g\"><b><i>AUTOFANS TV<\/i><\/b><\/a><b><i>\u00a0<\/i><\/b><i>en nuestro\u00a0canal de Youtube. Adem\u00e1s seguinos en\u00a0<\/i><a href=\"https:\/\/www.instagram.com\/autofanstv\/\"><i>INSTAGRAM<\/i><\/a><i> y <\/i><a href=\"https:\/\/www.facebook.com\/autofansmas\/\"><i>FACEBOOK<\/i><\/a><i> para no perderte nada sobre las novedades del segmento automotor de Argentina y el mundo.<\/i><\/p>\n","protected":false},"excerpt":{"rendered":"<p>El Complejo Industrial de Nissan en Resende cumple una d\u00e9cada de operaciones. Desde su inauguraci\u00f3n&#8230;<\/p>\n","protected":false},"author":2,"featured_media":7383,"comment_status":"closed","ping_status":"closed","sticky":false,"template":"","format":"standard","meta":{"footnotes":""},"categories":[292,16],"tags":[49,1639,3918,3088,1020,357,1619,513],"class_list":["post-7381","post","type-post","status-publish","format-standard","has-post-thumbnail","hentry","category-empresas","category-noticias","tag-automotriz","tag-brasil","tag-complejo-industrial-nissan","tag-diversidad-e-inclusion","tag-fabricacion-de-vehiculos","tag-medio-ambiente","tag-nissan-resende","tag-sustentabilidad"],"yoast_head":"<!-- This site is optimized with the Yoast SEO plugin v27.5 - https:\/\/yoast.com\/product\/yoast-seo-wordpress\/ -->\n<title>Una d\u00e9cada de Nissan en Resende -<\/title>\n<meta name=\"description\" content=\"El Complejo de Nissan Resende cumple una d\u00e9cada de operaciones. Desde su inauguraci\u00f3n en 2014, es ejemplo de excelencia en producci\u00f3n...\" \/>\n<meta name=\"robots\" content=\"index, follow, max-snippet:-1, max-image-preview:large, max-video-preview:-1\" \/>\n<link rel=\"canonical\" href=\"https:\/\/autofans.com.ar\/index.php\/2024\/04\/16\/una-decada-de-nissan-en-resende\/\" \/>\n<meta property=\"og:locale\" content=\"es_ES\" \/>\n<meta property=\"og:type\" content=\"article\" \/>\n<meta property=\"og:title\" content=\"Una d\u00e9cada de Nissan en Resende -\" \/>\n<meta property=\"og:description\" content=\"El Complejo de Nissan Resende cumple una d\u00e9cada de operaciones. Desde su inauguraci\u00f3n en 2014, es ejemplo de excelencia en producci\u00f3n...\" \/>\n<meta property=\"og:url\" content=\"https:\/\/autofans.com.ar\/index.php\/2024\/04\/16\/una-decada-de-nissan-en-resende\/\" \/>\n<meta property=\"article:published_time\" content=\"2024-04-16T19:57:37+00:00\" \/>\n<meta property=\"og:image\" content=\"https:\/\/autofans.com.ar\/wp-content\/uploads\/2024\/04\/nissan-4.jpg\" \/>\n\t<meta property=\"og:image:width\" content=\"640\" \/>\n\t<meta property=\"og:image:height\" content=\"427\" \/>\n\t<meta property=\"og:image:type\" content=\"image\/jpeg\" \/>\n<meta name=\"author\" content=\"Alejandro Gabriel Rosito\" \/>\n<meta name=\"twitter:card\" content=\"summary_large_image\" \/>\n<meta name=\"twitter:label1\" content=\"Escrito por\" \/>\n\t<meta name=\"twitter:data1\" content=\"Alejandro Gabriel Rosito\" \/>\n\t<meta name=\"twitter:label2\" content=\"Tiempo de lectura\" \/>\n\t<meta name=\"twitter:data2\" content=\"3 minutos\" \/>\n<script type=\"application\/ld+json\" class=\"yoast-schema-graph\">{\"@context\":\"https:\\\/\\\/schema.org\",\"@graph\":[{\"@type\":\"Article\",\"@id\":\"https:\\\/\\\/autofans.com.ar\\\/index.php\\\/2024\\\/04\\\/16\\\/una-decada-de-nissan-en-resende\\\/#article\",\"isPartOf\":{\"@id\":\"https:\\\/\\\/autofans.com.ar\\\/index.php\\\/2024\\\/04\\\/16\\\/una-decada-de-nissan-en-resende\\\/\"},\"author\":{\"name\":\"Alejandro Gabriel Rosito\",\"@id\":\"https:\\\/\\\/autofans.com.ar\\\/#\\\/schema\\\/person\\\/4a8dda0b6df83ac3d6723e921274c2aa\"},\"headline\":\"Una d\u00e9cada de Nissan en Resende\",\"datePublished\":\"2024-04-16T19:57:37+00:00\",\"mainEntityOfPage\":{\"@id\":\"https:\\\/\\\/autofans.com.ar\\\/index.php\\\/2024\\\/04\\\/16\\\/una-decada-de-nissan-en-resende\\\/\"},\"wordCount\":510,\"image\":{\"@id\":\"https:\\\/\\\/autofans.com.ar\\\/index.php\\\/2024\\\/04\\\/16\\\/una-decada-de-nissan-en-resende\\\/#primaryimage\"},\"thumbnailUrl\":\"https:\\\/\\\/autofans.com.ar\\\/wp-content\\\/uploads\\\/2024\\\/04\\\/nissan-4.jpg\",\"keywords\":[\"Automotriz\",\"Brasil\",\"Complejo Industrial Nissan\",\"Diversidad e inclusi\u00f3n\",\"fabricaci\u00f3n de veh\u00edculos\",\"medio ambiente\",\"Nissan Resende\",\"sustentabilidad\"],\"articleSection\":[\"EMPRESAS\",\"NOTICIAS\"],\"inLanguage\":\"es\"},{\"@type\":\"WebPage\",\"@id\":\"https:\\\/\\\/autofans.com.ar\\\/index.php\\\/2024\\\/04\\\/16\\\/una-decada-de-nissan-en-resende\\\/\",\"url\":\"https:\\\/\\\/autofans.com.ar\\\/index.php\\\/2024\\\/04\\\/16\\\/una-decada-de-nissan-en-resende\\\/\",\"name\":\"Una d\u00e9cada de Nissan en Resende -\",\"isPartOf\":{\"@id\":\"https:\\\/\\\/autofans.com.ar\\\/#website\"},\"primaryImageOfPage\":{\"@id\":\"https:\\\/\\\/autofans.com.ar\\\/index.php\\\/2024\\\/04\\\/16\\\/una-decada-de-nissan-en-resende\\\/#primaryimage\"},\"image\":{\"@id\":\"https:\\\/\\\/autofans.com.ar\\\/index.php\\\/2024\\\/04\\\/16\\\/una-decada-de-nissan-en-resende\\\/#primaryimage\"},\"thumbnailUrl\":\"https:\\\/\\\/autofans.com.ar\\\/wp-content\\\/uploads\\\/2024\\\/04\\\/nissan-4.jpg\",\"datePublished\":\"2024-04-16T19:57:37+00:00\",\"author\":{\"@id\":\"https:\\\/\\\/autofans.com.ar\\\/#\\\/schema\\\/person\\\/4a8dda0b6df83ac3d6723e921274c2aa\"},\"description\":\"El Complejo de Nissan Resende cumple una d\u00e9cada de operaciones. Desde su inauguraci\u00f3n en 2014, es ejemplo de excelencia en producci\u00f3n...\",\"breadcrumb\":{\"@id\":\"https:\\\/\\\/autofans.com.ar\\\/index.php\\\/2024\\\/04\\\/16\\\/una-decada-de-nissan-en-resende\\\/#breadcrumb\"},\"inLanguage\":\"es\",\"potentialAction\":[{\"@type\":\"ReadAction\",\"target\":[\"https:\\\/\\\/autofans.com.ar\\\/index.php\\\/2024\\\/04\\\/16\\\/una-decada-de-nissan-en-resende\\\/\"]}]},{\"@type\":\"ImageObject\",\"inLanguage\":\"es\",\"@id\":\"https:\\\/\\\/autofans.com.ar\\\/index.php\\\/2024\\\/04\\\/16\\\/una-decada-de-nissan-en-resende\\\/#primaryimage\",\"url\":\"https:\\\/\\\/autofans.com.ar\\\/wp-content\\\/uploads\\\/2024\\\/04\\\/nissan-4.jpg\",\"contentUrl\":\"https:\\\/\\\/autofans.com.ar\\\/wp-content\\\/uploads\\\/2024\\\/04\\\/nissan-4.jpg\",\"width\":1000,\"height\":667,\"caption\":\"Nissan Resende\"},{\"@type\":\"BreadcrumbList\",\"@id\":\"https:\\\/\\\/autofans.com.ar\\\/index.php\\\/2024\\\/04\\\/16\\\/una-decada-de-nissan-en-resende\\\/#breadcrumb\",\"itemListElement\":[{\"@type\":\"ListItem\",\"position\":1,\"name\":\"Inicio\",\"item\":\"https:\\\/\\\/autofans.com.ar\\\/\"},{\"@type\":\"ListItem\",\"position\":2,\"name\":\"Una d\u00e9cada de Nissan en Resende\"}]},{\"@type\":\"WebSite\",\"@id\":\"https:\\\/\\\/autofans.com.ar\\\/#website\",\"url\":\"https:\\\/\\\/autofans.com.ar\\\/\",\"name\":\"\",\"description\":\"El multimedio referente de la industria automotriz\",\"potentialAction\":[{\"@type\":\"SearchAction\",\"target\":{\"@type\":\"EntryPoint\",\"urlTemplate\":\"https:\\\/\\\/autofans.com.ar\\\/?s={search_term_string}\"},\"query-input\":{\"@type\":\"PropertyValueSpecification\",\"valueRequired\":true,\"valueName\":\"search_term_string\"}}],\"inLanguage\":\"es\"},{\"@type\":\"Person\",\"@id\":\"https:\\\/\\\/autofans.com.ar\\\/#\\\/schema\\\/person\\\/4a8dda0b6df83ac3d6723e921274c2aa\",\"name\":\"Alejandro Gabriel Rosito\",\"image\":{\"@type\":\"ImageObject\",\"inLanguage\":\"es\",\"@id\":\"https:\\\/\\\/secure.gravatar.com\\\/avatar\\\/16c5dda1489adfc62618084dcbb91cffd879c374b13fe5dd8e44ed6733852c88?s=96&d=mm&r=g\",\"url\":\"https:\\\/\\\/secure.gravatar.com\\\/avatar\\\/16c5dda1489adfc62618084dcbb91cffd879c374b13fe5dd8e44ed6733852c88?s=96&d=mm&r=g\",\"contentUrl\":\"https:\\\/\\\/secure.gravatar.com\\\/avatar\\\/16c5dda1489adfc62618084dcbb91cffd879c374b13fe5dd8e44ed6733852c88?s=96&d=mm&r=g\",\"caption\":\"Alejandro Gabriel Rosito\"},\"url\":\"https:\\\/\\\/autofans.com.ar\\\/index.php\\\/author\\\/gabrielr\\\/\"}]}<\/script>\n<!-- \/ Yoast SEO plugin. -->","yoast_head_json":{"title":"Una d\u00e9cada de Nissan en Resende -","description":"El Complejo de Nissan Resende cumple una d\u00e9cada de operaciones. Desde su inauguraci\u00f3n en 2014, es ejemplo de excelencia en producci\u00f3n...","robots":{"index":"index","follow":"follow","max-snippet":"max-snippet:-1","max-image-preview":"max-image-preview:large","max-video-preview":"max-video-preview:-1"},"canonical":"https:\/\/autofans.com.ar\/index.php\/2024\/04\/16\/una-decada-de-nissan-en-resende\/","og_locale":"es_ES","og_type":"article","og_title":"Una d\u00e9cada de Nissan en Resende -","og_description":"El Complejo de Nissan Resende cumple una d\u00e9cada de operaciones. Desde su inauguraci\u00f3n en 2014, es ejemplo de excelencia en producci\u00f3n...","og_url":"https:\/\/autofans.com.ar\/index.php\/2024\/04\/16\/una-decada-de-nissan-en-resende\/","article_published_time":"2024-04-16T19:57:37+00:00","og_image":[{"url":"https:\/\/autofans.com.ar\/wp-content\/uploads\/2024\/04\/nissan-4.jpg","width":640,"height":427,"type":"image\/jpeg"}],"author":"Alejandro Gabriel Rosito","twitter_card":"summary_large_image","twitter_misc":{"Escrito por":"Alejandro Gabriel Rosito","Tiempo de lectura":"3 minutos"},"schema":{"@context":"https:\/\/schema.org","@graph":[{"@type":"Article","@id":"https:\/\/autofans.com.ar\/index.php\/2024\/04\/16\/una-decada-de-nissan-en-resende\/#article","isPartOf":{"@id":"https:\/\/autofans.com.ar\/index.php\/2024\/04\/16\/una-decada-de-nissan-en-resende\/"},"author":{"name":"Alejandro Gabriel Rosito","@id":"https:\/\/autofans.com.ar\/#\/schema\/person\/4a8dda0b6df83ac3d6723e921274c2aa"},"headline":"Una d\u00e9cada de Nissan en Resende","datePublished":"2024-04-16T19:57:37+00:00","mainEntityOfPage":{"@id":"https:\/\/autofans.com.ar\/index.php\/2024\/04\/16\/una-decada-de-nissan-en-resende\/"},"wordCount":510,"image":{"@id":"https:\/\/autofans.com.ar\/index.php\/2024\/04\/16\/una-decada-de-nissan-en-resende\/#primaryimage"},"thumbnailUrl":"https:\/\/autofans.com.ar\/wp-content\/uploads\/2024\/04\/nissan-4.jpg","keywords":["Automotriz","Brasil","Complejo Industrial Nissan","Diversidad e inclusi\u00f3n","fabricaci\u00f3n de veh\u00edculos","medio ambiente","Nissan Resende","sustentabilidad"],"articleSection":["EMPRESAS","NOTICIAS"],"inLanguage":"es"},{"@type":"WebPage","@id":"https:\/\/autofans.com.ar\/index.php\/2024\/04\/16\/una-decada-de-nissan-en-resende\/","url":"https:\/\/autofans.com.ar\/index.php\/2024\/04\/16\/una-decada-de-nissan-en-resende\/","name":"Una d\u00e9cada de Nissan en Resende -","isPartOf":{"@id":"https:\/\/autofans.com.ar\/#website"},"primaryImageOfPage":{"@id":"https:\/\/autofans.com.ar\/index.php\/2024\/04\/16\/una-decada-de-nissan-en-resende\/#primaryimage"},"image":{"@id":"https:\/\/autofans.com.ar\/index.php\/2024\/04\/16\/una-decada-de-nissan-en-resende\/#primaryimage"},"thumbnailUrl":"https:\/\/autofans.com.ar\/wp-content\/uploads\/2024\/04\/nissan-4.jpg","datePublished":"2024-04-16T19:57:37+00:00","author":{"@id":"https:\/\/autofans.com.ar\/#\/schema\/person\/4a8dda0b6df83ac3d6723e921274c2aa"},"description":"El Complejo de Nissan Resende cumple una d\u00e9cada de operaciones. Desde su inauguraci\u00f3n en 2014, es ejemplo de excelencia en producci\u00f3n...","breadcrumb":{"@id":"https:\/\/autofans.com.ar\/index.php\/2024\/04\/16\/una-decada-de-nissan-en-resende\/#breadcrumb"},"inLanguage":"es","potentialAction":[{"@type":"ReadAction","target":["https:\/\/autofans.com.ar\/index.php\/2024\/04\/16\/una-decada-de-nissan-en-resende\/"]}]},{"@type":"ImageObject","inLanguage":"es","@id":"https:\/\/autofans.com.ar\/index.php\/2024\/04\/16\/una-decada-de-nissan-en-resende\/#primaryimage","url":"https:\/\/autofans.com.ar\/wp-content\/uploads\/2024\/04\/nissan-4.jpg","contentUrl":"https:\/\/autofans.com.ar\/wp-content\/uploads\/2024\/04\/nissan-4.jpg","width":1000,"height":667,"caption":"Nissan Resende"},{"@type":"BreadcrumbList","@id":"https:\/\/autofans.com.ar\/index.php\/2024\/04\/16\/una-decada-de-nissan-en-resende\/#breadcrumb","itemListElement":[{"@type":"ListItem","position":1,"name":"Inicio","item":"https:\/\/autofans.com.ar\/"},{"@type":"ListItem","position":2,"name":"Una d\u00e9cada de Nissan en Resende"}]},{"@type":"WebSite","@id":"https:\/\/autofans.com.ar\/#website","url":"https:\/\/autofans.com.ar\/","name":"","description":"El multimedio referente de la industria automotriz","potentialAction":[{"@type":"SearchAction","target":{"@type":"EntryPoint","urlTemplate":"https:\/\/autofans.com.ar\/?s={search_term_string}"},"query-input":{"@type":"PropertyValueSpecification","valueRequired":true,"valueName":"search_term_string"}}],"inLanguage":"es"},{"@type":"Person","@id":"https:\/\/autofans.com.ar\/#\/schema\/person\/4a8dda0b6df83ac3d6723e921274c2aa","name":"Alejandro Gabriel Rosito","image":{"@type":"ImageObject","inLanguage":"es","@id":"https:\/\/secure.gravatar.com\/avatar\/16c5dda1489adfc62618084dcbb91cffd879c374b13fe5dd8e44ed6733852c88?s=96&d=mm&r=g","url":"https:\/\/secure.gravatar.com\/avatar\/16c5dda1489adfc62618084dcbb91cffd879c374b13fe5dd8e44ed6733852c88?s=96&d=mm&r=g","contentUrl":"https:\/\/secure.gravatar.com\/avatar\/16c5dda1489adfc62618084dcbb91cffd879c374b13fe5dd8e44ed6733852c88?s=96&d=mm&r=g","caption":"Alejandro Gabriel Rosito"},"url":"https:\/\/autofans.com.ar\/index.php\/author\/gabrielr\/"}]}},"featured_image_urls":{"full":["https:\/\/autofans.com.ar\/wp-content\/uploads\/2024\/04\/nissan-4.jpg",1000,667,false],"thumbnail":["https:\/\/autofans.com.ar\/wp-content\/uploads\/2024\/04\/nissan-4-150x150.jpg",150,150,true],"medium":["https:\/\/autofans.com.ar\/wp-content\/uploads\/2024\/04\/nissan-4-300x200.jpg",300,200,true],"medium_large":["https:\/\/autofans.com.ar\/wp-content\/uploads\/2024\/04\/nissan-4-768x512.jpg",640,427,true],"large":["https:\/\/autofans.com.ar\/wp-content\/uploads\/2024\/04\/nissan-4.jpg",640,427,false],"1536x1536":["https:\/\/autofans.com.ar\/wp-content\/uploads\/2024\/04\/nissan-4.jpg",1000,667,false],"2048x2048":["https:\/\/autofans.com.ar\/wp-content\/uploads\/2024\/04\/nissan-4.jpg",1000,667,false],"covernews-featured":["https:\/\/autofans.com.ar\/wp-content\/uploads\/2024\/04\/nissan-4.jpg",1000,667,false],"covernews-medium":["https:\/\/autofans.com.ar\/wp-content\/uploads\/2024\/04\/nissan-4-540x340.jpg",540,340,true]},"author_info":{"display_name":"Alejandro Gabriel Rosito","author_link":"https:\/\/autofans.com.ar\/index.php\/author\/gabrielr\/"},"category_info":"<a href=\"https:\/\/autofans.com.ar\/index.php\/category\/noticias\/empresas\/\" rel=\"category tag\">EMPRESAS<\/a> <a href=\"https:\/\/autofans.com.ar\/index.php\/category\/noticias\/\" rel=\"category tag\">NOTICIAS<\/a>","tag_info":"NOTICIAS","comment_count":0,"_links":{"self":[{"href":"https:\/\/autofans.com.ar\/index.php\/wp-json\/wp\/v2\/posts\/7381","targetHints":{"allow":["GET"]}}],"collection":[{"href":"https:\/\/autofans.com.ar\/index.php\/wp-json\/wp\/v2\/posts"}],"about":[{"href":"https:\/\/autofans.com.ar\/index.php\/wp-json\/wp\/v2\/types\/post"}],"author":[{"embeddable":true,"href":"https:\/\/autofans.com.ar\/index.php\/wp-json\/wp\/v2\/users\/2"}],"replies":[{"embeddable":true,"href":"https:\/\/autofans.com.ar\/index.php\/wp-json\/wp\/v2\/comments?post=7381"}],"version-history":[{"count":2,"href":"https:\/\/autofans.com.ar\/index.php\/wp-json\/wp\/v2\/posts\/7381\/revisions"}],"predecessor-version":[{"id":7388,"href":"https:\/\/autofans.com.ar\/index.php\/wp-json\/wp\/v2\/posts\/7381\/revisions\/7388"}],"wp:featuredmedia":[{"embeddable":true,"href":"https:\/\/autofans.com.ar\/index.php\/wp-json\/wp\/v2\/media\/7383"}],"wp:attachment":[{"href":"https:\/\/autofans.com.ar\/index.php\/wp-json\/wp\/v2\/media?parent=7381"}],"wp:term":[{"taxonomy":"category","embeddable":true,"href":"https:\/\/autofans.com.ar\/index.php\/wp-json\/wp\/v2\/categories?post=7381"},{"taxonomy":"post_tag","embeddable":true,"href":"https:\/\/autofans.com.ar\/index.php\/wp-json\/wp\/v2\/tags?post=7381"}],"curies":[{"name":"wp","href":"https:\/\/api.w.org\/{rel}","templated":true}]}}