{"id":7415,"date":"2024-04-18T13:48:27","date_gmt":"2024-04-18T16:48:27","guid":{"rendered":"https:\/\/autofans.com.ar\/?p=7415"},"modified":"2024-04-18T13:48:27","modified_gmt":"2024-04-18T16:48:27","slug":"volkswagen-taos-presenta-su-nuevo-comercial","status":"publish","type":"post","link":"https:\/\/autofans.com.ar\/index.php\/2024\/04\/18\/volkswagen-taos-presenta-su-nuevo-comercial\/","title":{"rendered":"Volkswagen Taos presenta su nuevo comercial"},"content":{"rendered":"<p>Volkswagen Argentina anuncia el lanzamiento de un nuevo comercial protagonizado por el Volkswagen Taos MY24. En esta campa\u00f1a, una madre y sus hijos experimentan la sensaci\u00f3n de viajar como en la piel de la \u00abMujer Maravilla\u00bb gracias a las caracter\u00edsticas \u00fanicas de este SUV.<\/p>\n<p>&nbsp;<\/p>\n<h2>Volkswagen Taos MY24 &#8211; la evoluci\u00f3n contin\u00faa<\/h2>\n<p>El Taos MY24 se renueva con nuevas llantas de 19 pulgadas, otorg\u00e1ndole un aspecto m\u00e1s deportivo y robusto. Adem\u00e1s, todas las versiones ahora cuentan con \u00abActive Info Display\u00bb, permitiendo una personalizaci\u00f3n completa de la experiencia de conducci\u00f3n y conectividad para los pasajeros.<\/p>\n<p>&nbsp;<\/p>\n<p><img fetchpriority=\"high\" decoding=\"async\" class=\"aligncenter wp-image-7418 size-full\" src=\"https:\/\/autofans.com.ar\/wp-content\/uploads\/2024\/04\/taos-1.jpg\" alt=\"Volkswagen Taos\" width=\"1000\" height=\"667\" srcset=\"https:\/\/autofans.com.ar\/wp-content\/uploads\/2024\/04\/taos-1.jpg 1000w, https:\/\/autofans.com.ar\/wp-content\/uploads\/2024\/04\/taos-1-300x200.jpg 300w, https:\/\/autofans.com.ar\/wp-content\/uploads\/2024\/04\/taos-1-768x512.jpg 768w\" sizes=\"(max-width: 1000px) 100vw, 1000px\" \/><\/p>\n<p>&nbsp;<\/p>\n<p>El paquete \u00abTouch\u00bb se suma a todas las versiones, incluyendo un volante multifunci\u00f3n t\u00e1ctil y un nuevo climatizador de 2 zonas. Tambi\u00e9n se incorpora una entrada USB C adicional en las plazas traseras, aprovechando el amplio espacio interior del Taos.<\/p>\n<p>&nbsp;<\/p>\n<h2>Conoce el nuevo comercial del Taos<\/h2>\n<p>El Taos ofrece caracter\u00edsticas exclusivas para las versiones \u00abHighline\u00bb y \u00abHighline Bitono\u00bb, como el asistente de mantenimiento de carril, el estacionamiento aut\u00f3nomo y el techo panor\u00e1mico. Estas funciones brindan al conductor una experiencia de manejo sin igual.<\/p>\n<p>&nbsp;<\/p>\n<p><img decoding=\"async\" class=\"aligncenter wp-image-7417 size-full\" src=\"https:\/\/autofans.com.ar\/wp-content\/uploads\/2024\/04\/taos-2.jpg\" alt=\"Volkswagen Taos\" width=\"1000\" height=\"667\" srcset=\"https:\/\/autofans.com.ar\/wp-content\/uploads\/2024\/04\/taos-2.jpg 1000w, https:\/\/autofans.com.ar\/wp-content\/uploads\/2024\/04\/taos-2-300x200.jpg 300w, https:\/\/autofans.com.ar\/wp-content\/uploads\/2024\/04\/taos-2-768x512.jpg 768w\" sizes=\"(max-width: 1000px) 100vw, 1000px\" \/><\/p>\n<p>&nbsp;<\/p>\n<p>El nuevo comercial del Volkswagen Taos estar\u00e1 presente en todos los medios y canales de comunicaci\u00f3n de la marca, invitando a conocer m\u00e1s sobre este SUV con superpoderes.<\/p>\n<p>Lanzado en junio de 2021 y fabricado en la planta de General Pacheco, el Taos forma parte de la familia SUVW de Volkswagen, junto con otros modelos l\u00edderes en sus segmentos como el T-Cross, Nivus y Tiguan Allspace.<\/p>\n<p>&nbsp;<\/p>\n<p>&nbsp;<\/p>\n<p><i>Para enterarte de m\u00e1s novedades, no dejes de leer\u00a0<\/i><a href=\"https:\/\/autofans.thebrandsoup.com\/\"><i>nuestras notas<\/i><\/a><i>, de ver<\/i><b><i>\u00a0<\/i><\/b><a href=\"https:\/\/www.youtube.com\/channel\/UCgAC8UGHZYbT6P7PpmVnP7g\"><b><i>AUTOFANS TV<\/i><\/b><\/a><b><i>\u00a0<\/i><\/b><i>en nuestro\u00a0canal de Youtube. Adem\u00e1s seguinos en\u00a0<\/i><a href=\"https:\/\/www.instagram.com\/autofanstv\/\"><i>INSTAGRAM<\/i><\/a><i> y <\/i><a href=\"https:\/\/www.facebook.com\/autofansmas\/\"><i>FACEBOOK<\/i><\/a><i> para no perderte nada sobre las novedades del segmento automotor de Argentina y el mundo.<\/i><\/p>\n","protected":false},"excerpt":{"rendered":"<p>Volkswagen Argentina anuncia el lanzamiento de un nuevo comercial protagonizado por el Volkswagen Taos MY24&#8230;.<\/p>\n","protected":false},"author":2,"featured_media":7416,"comment_status":"closed","ping_status":"closed","sticky":false,"template":"","format":"standard","meta":{"footnotes":""},"categories":[3,16],"tags":[1536,3932,3931,3341,40,719,3930],"class_list":["post-7415","post","type-post","status-publish","format-standard","has-post-thumbnail","hentry","category-autos","category-noticias","tag-confort-a-bordo","tag-fabricacion-argentina","tag-familia-suvw","tag-seguridad-en-vehiculos","tag-suv","tag-tecnologia-automotriz","tag-volkswagen-taos"],"yoast_head":"<!-- This site is optimized with the Yoast SEO plugin v27.5 - https:\/\/yoast.com\/product\/yoast-seo-wordpress\/ -->\n<title>Volkswagen Taos presenta su nuevo comercial -<\/title>\n<meta name=\"description\" content=\"Descubr\u00ed las nuevas funcionalidades y tecnolog\u00eda de la Volkswagen Taos MY24 que lo convierten en el auto ideal para tu familia...\" \/>\n<meta name=\"robots\" content=\"index, follow, max-snippet:-1, max-image-preview:large, max-video-preview:-1\" \/>\n<link rel=\"canonical\" href=\"https:\/\/autofans.com.ar\/index.php\/2024\/04\/18\/volkswagen-taos-presenta-su-nuevo-comercial\/\" \/>\n<meta property=\"og:locale\" content=\"es_ES\" \/>\n<meta property=\"og:type\" content=\"article\" \/>\n<meta property=\"og:title\" content=\"Volkswagen Taos presenta su nuevo comercial -\" \/>\n<meta property=\"og:description\" content=\"Descubr\u00ed las nuevas funcionalidades y tecnolog\u00eda de la Volkswagen Taos MY24 que lo convierten en el auto ideal para tu familia...\" \/>\n<meta property=\"og:url\" content=\"https:\/\/autofans.com.ar\/index.php\/2024\/04\/18\/volkswagen-taos-presenta-su-nuevo-comercial\/\" \/>\n<meta property=\"article:published_time\" content=\"2024-04-18T16:48:27+00:00\" \/>\n<meta property=\"og:image\" content=\"https:\/\/autofans.com.ar\/wp-content\/uploads\/2024\/04\/taos-3.jpg\" \/>\n\t<meta property=\"og:image:width\" content=\"640\" \/>\n\t<meta property=\"og:image:height\" content=\"427\" \/>\n\t<meta property=\"og:image:type\" content=\"image\/jpeg\" \/>\n<meta name=\"author\" content=\"Alejandro Gabriel Rosito\" \/>\n<meta name=\"twitter:card\" content=\"summary_large_image\" \/>\n<meta name=\"twitter:label1\" content=\"Escrito por\" \/>\n\t<meta name=\"twitter:data1\" content=\"Alejandro Gabriel Rosito\" \/>\n\t<meta name=\"twitter:label2\" content=\"Tiempo de lectura\" \/>\n\t<meta name=\"twitter:data2\" content=\"2 minutos\" \/>\n<script type=\"application\/ld+json\" class=\"yoast-schema-graph\">{\"@context\":\"https:\\\/\\\/schema.org\",\"@graph\":[{\"@type\":\"Article\",\"@id\":\"https:\\\/\\\/autofans.com.ar\\\/index.php\\\/2024\\\/04\\\/18\\\/volkswagen-taos-presenta-su-nuevo-comercial\\\/#article\",\"isPartOf\":{\"@id\":\"https:\\\/\\\/autofans.com.ar\\\/index.php\\\/2024\\\/04\\\/18\\\/volkswagen-taos-presenta-su-nuevo-comercial\\\/\"},\"author\":{\"name\":\"Alejandro Gabriel Rosito\",\"@id\":\"https:\\\/\\\/autofans.com.ar\\\/#\\\/schema\\\/person\\\/4a8dda0b6df83ac3d6723e921274c2aa\"},\"headline\":\"Volkswagen Taos presenta su nuevo comercial\",\"datePublished\":\"2024-04-18T16:48:27+00:00\",\"mainEntityOfPage\":{\"@id\":\"https:\\\/\\\/autofans.com.ar\\\/index.php\\\/2024\\\/04\\\/18\\\/volkswagen-taos-presenta-su-nuevo-comercial\\\/\"},\"wordCount\":315,\"image\":{\"@id\":\"https:\\\/\\\/autofans.com.ar\\\/index.php\\\/2024\\\/04\\\/18\\\/volkswagen-taos-presenta-su-nuevo-comercial\\\/#primaryimage\"},\"thumbnailUrl\":\"https:\\\/\\\/autofans.com.ar\\\/wp-content\\\/uploads\\\/2024\\\/04\\\/taos-3.jpg\",\"keywords\":[\"Confort a bordo\",\"fabricaci\u00f3n argentina\",\"familia SUVW\",\"Seguridad en Veh\u00edculos\",\"SUV\",\"Tecnolog\u00eda automotriz\",\"Volkswagen Taos\"],\"articleSection\":[\"AUTOS y SUV\",\"NOTICIAS\"],\"inLanguage\":\"es\"},{\"@type\":\"WebPage\",\"@id\":\"https:\\\/\\\/autofans.com.ar\\\/index.php\\\/2024\\\/04\\\/18\\\/volkswagen-taos-presenta-su-nuevo-comercial\\\/\",\"url\":\"https:\\\/\\\/autofans.com.ar\\\/index.php\\\/2024\\\/04\\\/18\\\/volkswagen-taos-presenta-su-nuevo-comercial\\\/\",\"name\":\"Volkswagen Taos presenta su nuevo comercial -\",\"isPartOf\":{\"@id\":\"https:\\\/\\\/autofans.com.ar\\\/#website\"},\"primaryImageOfPage\":{\"@id\":\"https:\\\/\\\/autofans.com.ar\\\/index.php\\\/2024\\\/04\\\/18\\\/volkswagen-taos-presenta-su-nuevo-comercial\\\/#primaryimage\"},\"image\":{\"@id\":\"https:\\\/\\\/autofans.com.ar\\\/index.php\\\/2024\\\/04\\\/18\\\/volkswagen-taos-presenta-su-nuevo-comercial\\\/#primaryimage\"},\"thumbnailUrl\":\"https:\\\/\\\/autofans.com.ar\\\/wp-content\\\/uploads\\\/2024\\\/04\\\/taos-3.jpg\",\"datePublished\":\"2024-04-18T16:48:27+00:00\",\"author\":{\"@id\":\"https:\\\/\\\/autofans.com.ar\\\/#\\\/schema\\\/person\\\/4a8dda0b6df83ac3d6723e921274c2aa\"},\"description\":\"Descubr\u00ed las nuevas funcionalidades y tecnolog\u00eda de la Volkswagen Taos MY24 que lo convierten en el auto ideal para tu familia...\",\"breadcrumb\":{\"@id\":\"https:\\\/\\\/autofans.com.ar\\\/index.php\\\/2024\\\/04\\\/18\\\/volkswagen-taos-presenta-su-nuevo-comercial\\\/#breadcrumb\"},\"inLanguage\":\"es\",\"potentialAction\":[{\"@type\":\"ReadAction\",\"target\":[\"https:\\\/\\\/autofans.com.ar\\\/index.php\\\/2024\\\/04\\\/18\\\/volkswagen-taos-presenta-su-nuevo-comercial\\\/\"]}]},{\"@type\":\"ImageObject\",\"inLanguage\":\"es\",\"@id\":\"https:\\\/\\\/autofans.com.ar\\\/index.php\\\/2024\\\/04\\\/18\\\/volkswagen-taos-presenta-su-nuevo-comercial\\\/#primaryimage\",\"url\":\"https:\\\/\\\/autofans.com.ar\\\/wp-content\\\/uploads\\\/2024\\\/04\\\/taos-3.jpg\",\"contentUrl\":\"https:\\\/\\\/autofans.com.ar\\\/wp-content\\\/uploads\\\/2024\\\/04\\\/taos-3.jpg\",\"width\":1000,\"height\":667,\"caption\":\"Volkswagen Taos\"},{\"@type\":\"BreadcrumbList\",\"@id\":\"https:\\\/\\\/autofans.com.ar\\\/index.php\\\/2024\\\/04\\\/18\\\/volkswagen-taos-presenta-su-nuevo-comercial\\\/#breadcrumb\",\"itemListElement\":[{\"@type\":\"ListItem\",\"position\":1,\"name\":\"Inicio\",\"item\":\"https:\\\/\\\/autofans.com.ar\\\/\"},{\"@type\":\"ListItem\",\"position\":2,\"name\":\"Volkswagen Taos presenta su nuevo comercial\"}]},{\"@type\":\"WebSite\",\"@id\":\"https:\\\/\\\/autofans.com.ar\\\/#website\",\"url\":\"https:\\\/\\\/autofans.com.ar\\\/\",\"name\":\"\",\"description\":\"El multimedio referente de la industria automotriz\",\"potentialAction\":[{\"@type\":\"SearchAction\",\"target\":{\"@type\":\"EntryPoint\",\"urlTemplate\":\"https:\\\/\\\/autofans.com.ar\\\/?s={search_term_string}\"},\"query-input\":{\"@type\":\"PropertyValueSpecification\",\"valueRequired\":true,\"valueName\":\"search_term_string\"}}],\"inLanguage\":\"es\"},{\"@type\":\"Person\",\"@id\":\"https:\\\/\\\/autofans.com.ar\\\/#\\\/schema\\\/person\\\/4a8dda0b6df83ac3d6723e921274c2aa\",\"name\":\"Alejandro Gabriel Rosito\",\"image\":{\"@type\":\"ImageObject\",\"inLanguage\":\"es\",\"@id\":\"https:\\\/\\\/secure.gravatar.com\\\/avatar\\\/16c5dda1489adfc62618084dcbb91cffd879c374b13fe5dd8e44ed6733852c88?s=96&d=mm&r=g\",\"url\":\"https:\\\/\\\/secure.gravatar.com\\\/avatar\\\/16c5dda1489adfc62618084dcbb91cffd879c374b13fe5dd8e44ed6733852c88?s=96&d=mm&r=g\",\"contentUrl\":\"https:\\\/\\\/secure.gravatar.com\\\/avatar\\\/16c5dda1489adfc62618084dcbb91cffd879c374b13fe5dd8e44ed6733852c88?s=96&d=mm&r=g\",\"caption\":\"Alejandro Gabriel Rosito\"},\"url\":\"https:\\\/\\\/autofans.com.ar\\\/index.php\\\/author\\\/gabrielr\\\/\"}]}<\/script>\n<!-- \/ Yoast SEO plugin. -->","yoast_head_json":{"title":"Volkswagen Taos presenta su nuevo comercial -","description":"Descubr\u00ed las nuevas funcionalidades y tecnolog\u00eda de la Volkswagen Taos MY24 que lo convierten en el auto ideal para tu familia...","robots":{"index":"index","follow":"follow","max-snippet":"max-snippet:-1","max-image-preview":"max-image-preview:large","max-video-preview":"max-video-preview:-1"},"canonical":"https:\/\/autofans.com.ar\/index.php\/2024\/04\/18\/volkswagen-taos-presenta-su-nuevo-comercial\/","og_locale":"es_ES","og_type":"article","og_title":"Volkswagen Taos presenta su nuevo comercial -","og_description":"Descubr\u00ed las nuevas funcionalidades y tecnolog\u00eda de la Volkswagen Taos MY24 que lo convierten en el auto ideal para tu familia...","og_url":"https:\/\/autofans.com.ar\/index.php\/2024\/04\/18\/volkswagen-taos-presenta-su-nuevo-comercial\/","article_published_time":"2024-04-18T16:48:27+00:00","og_image":[{"url":"https:\/\/autofans.com.ar\/wp-content\/uploads\/2024\/04\/taos-3.jpg","width":640,"height":427,"type":"image\/jpeg"}],"author":"Alejandro Gabriel Rosito","twitter_card":"summary_large_image","twitter_misc":{"Escrito por":"Alejandro Gabriel Rosito","Tiempo de lectura":"2 minutos"},"schema":{"@context":"https:\/\/schema.org","@graph":[{"@type":"Article","@id":"https:\/\/autofans.com.ar\/index.php\/2024\/04\/18\/volkswagen-taos-presenta-su-nuevo-comercial\/#article","isPartOf":{"@id":"https:\/\/autofans.com.ar\/index.php\/2024\/04\/18\/volkswagen-taos-presenta-su-nuevo-comercial\/"},"author":{"name":"Alejandro Gabriel Rosito","@id":"https:\/\/autofans.com.ar\/#\/schema\/person\/4a8dda0b6df83ac3d6723e921274c2aa"},"headline":"Volkswagen Taos presenta su nuevo comercial","datePublished":"2024-04-18T16:48:27+00:00","mainEntityOfPage":{"@id":"https:\/\/autofans.com.ar\/index.php\/2024\/04\/18\/volkswagen-taos-presenta-su-nuevo-comercial\/"},"wordCount":315,"image":{"@id":"https:\/\/autofans.com.ar\/index.php\/2024\/04\/18\/volkswagen-taos-presenta-su-nuevo-comercial\/#primaryimage"},"thumbnailUrl":"https:\/\/autofans.com.ar\/wp-content\/uploads\/2024\/04\/taos-3.jpg","keywords":["Confort a bordo","fabricaci\u00f3n argentina","familia SUVW","Seguridad en Veh\u00edculos","SUV","Tecnolog\u00eda automotriz","Volkswagen Taos"],"articleSection":["AUTOS y SUV","NOTICIAS"],"inLanguage":"es"},{"@type":"WebPage","@id":"https:\/\/autofans.com.ar\/index.php\/2024\/04\/18\/volkswagen-taos-presenta-su-nuevo-comercial\/","url":"https:\/\/autofans.com.ar\/index.php\/2024\/04\/18\/volkswagen-taos-presenta-su-nuevo-comercial\/","name":"Volkswagen Taos presenta su nuevo comercial -","isPartOf":{"@id":"https:\/\/autofans.com.ar\/#website"},"primaryImageOfPage":{"@id":"https:\/\/autofans.com.ar\/index.php\/2024\/04\/18\/volkswagen-taos-presenta-su-nuevo-comercial\/#primaryimage"},"image":{"@id":"https:\/\/autofans.com.ar\/index.php\/2024\/04\/18\/volkswagen-taos-presenta-su-nuevo-comercial\/#primaryimage"},"thumbnailUrl":"https:\/\/autofans.com.ar\/wp-content\/uploads\/2024\/04\/taos-3.jpg","datePublished":"2024-04-18T16:48:27+00:00","author":{"@id":"https:\/\/autofans.com.ar\/#\/schema\/person\/4a8dda0b6df83ac3d6723e921274c2aa"},"description":"Descubr\u00ed las nuevas funcionalidades y tecnolog\u00eda de la Volkswagen Taos MY24 que lo convierten en el auto ideal para tu familia...","breadcrumb":{"@id":"https:\/\/autofans.com.ar\/index.php\/2024\/04\/18\/volkswagen-taos-presenta-su-nuevo-comercial\/#breadcrumb"},"inLanguage":"es","potentialAction":[{"@type":"ReadAction","target":["https:\/\/autofans.com.ar\/index.php\/2024\/04\/18\/volkswagen-taos-presenta-su-nuevo-comercial\/"]}]},{"@type":"ImageObject","inLanguage":"es","@id":"https:\/\/autofans.com.ar\/index.php\/2024\/04\/18\/volkswagen-taos-presenta-su-nuevo-comercial\/#primaryimage","url":"https:\/\/autofans.com.ar\/wp-content\/uploads\/2024\/04\/taos-3.jpg","contentUrl":"https:\/\/autofans.com.ar\/wp-content\/uploads\/2024\/04\/taos-3.jpg","width":1000,"height":667,"caption":"Volkswagen Taos"},{"@type":"BreadcrumbList","@id":"https:\/\/autofans.com.ar\/index.php\/2024\/04\/18\/volkswagen-taos-presenta-su-nuevo-comercial\/#breadcrumb","itemListElement":[{"@type":"ListItem","position":1,"name":"Inicio","item":"https:\/\/autofans.com.ar\/"},{"@type":"ListItem","position":2,"name":"Volkswagen Taos presenta su nuevo comercial"}]},{"@type":"WebSite","@id":"https:\/\/autofans.com.ar\/#website","url":"https:\/\/autofans.com.ar\/","name":"","description":"El multimedio referente de la industria automotriz","potentialAction":[{"@type":"SearchAction","target":{"@type":"EntryPoint","urlTemplate":"https:\/\/autofans.com.ar\/?s={search_term_string}"},"query-input":{"@type":"PropertyValueSpecification","valueRequired":true,"valueName":"search_term_string"}}],"inLanguage":"es"},{"@type":"Person","@id":"https:\/\/autofans.com.ar\/#\/schema\/person\/4a8dda0b6df83ac3d6723e921274c2aa","name":"Alejandro Gabriel Rosito","image":{"@type":"ImageObject","inLanguage":"es","@id":"https:\/\/secure.gravatar.com\/avatar\/16c5dda1489adfc62618084dcbb91cffd879c374b13fe5dd8e44ed6733852c88?s=96&d=mm&r=g","url":"https:\/\/secure.gravatar.com\/avatar\/16c5dda1489adfc62618084dcbb91cffd879c374b13fe5dd8e44ed6733852c88?s=96&d=mm&r=g","contentUrl":"https:\/\/secure.gravatar.com\/avatar\/16c5dda1489adfc62618084dcbb91cffd879c374b13fe5dd8e44ed6733852c88?s=96&d=mm&r=g","caption":"Alejandro Gabriel Rosito"},"url":"https:\/\/autofans.com.ar\/index.php\/author\/gabrielr\/"}]}},"featured_image_urls":{"full":["https:\/\/autofans.com.ar\/wp-content\/uploads\/2024\/04\/taos-3.jpg",1000,667,false],"thumbnail":["https:\/\/autofans.com.ar\/wp-content\/uploads\/2024\/04\/taos-3-150x150.jpg",150,150,true],"medium":["https:\/\/autofans.com.ar\/wp-content\/uploads\/2024\/04\/taos-3-300x200.jpg",300,200,true],"medium_large":["https:\/\/autofans.com.ar\/wp-content\/uploads\/2024\/04\/taos-3-768x512.jpg",640,427,true],"large":["https:\/\/autofans.com.ar\/wp-content\/uploads\/2024\/04\/taos-3.jpg",640,427,false],"1536x1536":["https:\/\/autofans.com.ar\/wp-content\/uploads\/2024\/04\/taos-3.jpg",1000,667,false],"2048x2048":["https:\/\/autofans.com.ar\/wp-content\/uploads\/2024\/04\/taos-3.jpg",1000,667,false],"covernews-featured":["https:\/\/autofans.com.ar\/wp-content\/uploads\/2024\/04\/taos-3.jpg",1000,667,false],"covernews-medium":["https:\/\/autofans.com.ar\/wp-content\/uploads\/2024\/04\/taos-3-540x340.jpg",540,340,true]},"author_info":{"display_name":"Alejandro Gabriel Rosito","author_link":"https:\/\/autofans.com.ar\/index.php\/author\/gabrielr\/"},"category_info":"<a href=\"https:\/\/autofans.com.ar\/index.php\/category\/noticias\/autos\/\" rel=\"category tag\">AUTOS y SUV<\/a> <a href=\"https:\/\/autofans.com.ar\/index.php\/category\/noticias\/\" rel=\"category tag\">NOTICIAS<\/a>","tag_info":"NOTICIAS","comment_count":0,"_links":{"self":[{"href":"https:\/\/autofans.com.ar\/index.php\/wp-json\/wp\/v2\/posts\/7415","targetHints":{"allow":["GET"]}}],"collection":[{"href":"https:\/\/autofans.com.ar\/index.php\/wp-json\/wp\/v2\/posts"}],"about":[{"href":"https:\/\/autofans.com.ar\/index.php\/wp-json\/wp\/v2\/types\/post"}],"author":[{"embeddable":true,"href":"https:\/\/autofans.com.ar\/index.php\/wp-json\/wp\/v2\/users\/2"}],"replies":[{"embeddable":true,"href":"https:\/\/autofans.com.ar\/index.php\/wp-json\/wp\/v2\/comments?post=7415"}],"version-history":[{"count":1,"href":"https:\/\/autofans.com.ar\/index.php\/wp-json\/wp\/v2\/posts\/7415\/revisions"}],"predecessor-version":[{"id":7419,"href":"https:\/\/autofans.com.ar\/index.php\/wp-json\/wp\/v2\/posts\/7415\/revisions\/7419"}],"wp:featuredmedia":[{"embeddable":true,"href":"https:\/\/autofans.com.ar\/index.php\/wp-json\/wp\/v2\/media\/7416"}],"wp:attachment":[{"href":"https:\/\/autofans.com.ar\/index.php\/wp-json\/wp\/v2\/media?parent=7415"}],"wp:term":[{"taxonomy":"category","embeddable":true,"href":"https:\/\/autofans.com.ar\/index.php\/wp-json\/wp\/v2\/categories?post=7415"},{"taxonomy":"post_tag","embeddable":true,"href":"https:\/\/autofans.com.ar\/index.php\/wp-json\/wp\/v2\/tags?post=7415"}],"curies":[{"name":"wp","href":"https:\/\/api.w.org\/{rel}","templated":true}]}}