{"id":7440,"date":"2024-04-22T17:41:59","date_gmt":"2024-04-22T20:41:59","guid":{"rendered":"https:\/\/autofans.com.ar\/?p=7440"},"modified":"2024-04-22T17:41:59","modified_gmt":"2024-04-22T20:41:59","slug":"volkswagen-camiones-y-buses-lanza-el-plan-mi-camion-vw","status":"publish","type":"post","link":"https:\/\/autofans.com.ar\/index.php\/2024\/04\/22\/volkswagen-camiones-y-buses-lanza-el-plan-mi-camion-vw\/","title":{"rendered":"Volkswagen Camiones y Buses lanza el \u00abPlan Mi Cami\u00f3n VW\u00bb"},"content":{"rendered":"<p>Volkswagen Camiones y Buses revoluciona el mercado con el lanzamiento del \u00abPlan Mi Cami\u00f3n VW\u00bb. Por primera vez, la marca ofrece un programa de ahorro 70\/30 con un plazo de hasta 50 cuotas ajustables seg\u00fan el precio del modelo. Esto significa una oportunidad \u00fanica para aquellos que sue\u00f1an con tener su propio cami\u00f3n Volkswagen.<\/p>\n<p>&nbsp;<\/p>\n<h2>Plan Mi Cami\u00f3n VW &#8211; una oportunidad \u00fanica para emprender<\/h2>\n<p>La novedad llega de la mano de Volkswagen Camiones y Buses, que presenta una nueva herramienta para la compra de sus veh\u00edculos. Con el \u00abPlan Mi Cami\u00f3n VW\u00bb, los interesados pueden suscribirse para adquirir un Volkswagen Delivery, uno de los camiones m\u00e1s vers\u00e1tiles del segmento, con un atractivo equipamiento que lo destaca entre sus competidores.<\/p>\n<p>&nbsp;<\/p>\n<div id='gallery-1' class='gallery galleryid-7440 gallery-columns-2 gallery-size-full'><figure class='gallery-item'>\n\t\t\t<div class='gallery-icon landscape'>\n\t\t\t\t<a href='https:\/\/autofans.com.ar\/index.php\/2024\/04\/22\/volkswagen-camiones-y-buses-lanza-el-plan-mi-camion-vw\/vw-1-3\/'><img loading=\"lazy\" width=\"1000\" height=\"667\" src=\"https:\/\/autofans.com.ar\/wp-content\/uploads\/2024\/04\/vw-1-1.jpg\" class=\"attachment-full size-full\" alt=\"Volkswagen\" srcset=\"https:\/\/autofans.com.ar\/wp-content\/uploads\/2024\/04\/vw-1-1.jpg 1000w, https:\/\/autofans.com.ar\/wp-content\/uploads\/2024\/04\/vw-1-1-300x200.jpg 300w, https:\/\/autofans.com.ar\/wp-content\/uploads\/2024\/04\/vw-1-1-768x512.jpg 768w\" sizes=\"auto, (max-width: 1000px) 100vw, 1000px\" loading=\"lazy\" decoding=\"async\" \/><\/a>\n\t\t\t<\/div><\/figure><figure class='gallery-item'>\n\t\t\t<div class='gallery-icon landscape'>\n\t\t\t\t<a href='https:\/\/autofans.com.ar\/index.php\/2024\/04\/22\/volkswagen-camiones-y-buses-lanza-el-plan-mi-camion-vw\/vw-3-3\/'><img loading=\"lazy\" width=\"1000\" height=\"667\" src=\"https:\/\/autofans.com.ar\/wp-content\/uploads\/2024\/04\/vw-3-1.jpg\" class=\"attachment-full size-full\" alt=\"Volkswagen\" srcset=\"https:\/\/autofans.com.ar\/wp-content\/uploads\/2024\/04\/vw-3-1.jpg 1000w, https:\/\/autofans.com.ar\/wp-content\/uploads\/2024\/04\/vw-3-1-300x200.jpg 300w, https:\/\/autofans.com.ar\/wp-content\/uploads\/2024\/04\/vw-3-1-768x512.jpg 768w\" sizes=\"auto, (max-width: 1000px) 100vw, 1000px\" loading=\"lazy\" decoding=\"async\" \/><\/a>\n\t\t\t<\/div><\/figure>\n\t\t<\/div>\n\n<p>&nbsp;<\/p>\n<p>&nbsp;<\/p>\n<p>El programa se basa en un plan de ahorro 70\/30 con un plazo de hasta 50 cuotas accesibles, ajustables seg\u00fan el precio del veh\u00edculo. Los suscriptores tienen la posibilidad de obtener la adjudicaci\u00f3n por sorteo o licitaci\u00f3n, lo que garantiza un proceso justo y transparente para todos.<\/p>\n<p>&nbsp;<\/p>\n<h2>Volkswagen beneficios reales para todos los suscriptores<\/h2>\n<p>\u00abPlan Mi Cami\u00f3n VW\u00bb no solo ofrece la oportunidad de tener un cami\u00f3n Volkswagen, sino tambi\u00e9n beneficios reales para todos los suscriptores. Adem\u00e1s de la posibilidad de adquirir un veh\u00edculo a trav\u00e9s de los procesos de sorteo o licitaci\u00f3n, este programa permite a los clientes ahorrar en cuotas partes del veh\u00edculo, lo que les brinda la oportunidad de planificar la renovaci\u00f3n de sus unidades de manera m\u00e1s conveniente.<\/p>\n<p>&nbsp;<\/p>\n<p><img fetchpriority=\"high\" decoding=\"async\" class=\"aligncenter wp-image-7443 size-full\" src=\"https:\/\/autofans.com.ar\/wp-content\/uploads\/2024\/04\/vw-2-1.jpg\" alt=\"Volkswagen\" width=\"1000\" height=\"667\" srcset=\"https:\/\/autofans.com.ar\/wp-content\/uploads\/2024\/04\/vw-2-1.jpg 1000w, https:\/\/autofans.com.ar\/wp-content\/uploads\/2024\/04\/vw-2-1-300x200.jpg 300w, https:\/\/autofans.com.ar\/wp-content\/uploads\/2024\/04\/vw-2-1-768x512.jpg 768w\" sizes=\"(max-width: 1000px) 100vw, 1000px\" \/><\/p>\n<p>&nbsp;<\/p>\n<p>Este nuevo programa se suma a la gama de productos de Autoahorro Volkswagen, que cuenta con m\u00e1s de 45 a\u00f1os de experiencia en el mercado de planes de ahorro. Con el respaldo de una marca reconocida y la calidad de sus productos, \u00abPlan Mi Cami\u00f3n VW\u00bb se presenta como una opci\u00f3n atractiva para aquellos que desean emprender en el rubro de transporte.<\/p>\n<p>&nbsp;<\/p>\n<p>&nbsp;<\/p>\n<p>&nbsp;<\/p>\n<p><i>Para enterarte de m\u00e1s novedades, no dejes de leer\u00a0<\/i><a href=\"https:\/\/autofans.thebrandsoup.com\/\"><i>nuestras notas<\/i><\/a><i>, de ver<\/i><b><i>\u00a0<\/i><\/b><a href=\"https:\/\/www.youtube.com\/channel\/UCgAC8UGHZYbT6P7PpmVnP7g\"><b><i>AUTOFANS TV<\/i><\/b><\/a><b><i>\u00a0<\/i><\/b><i>en nuestro\u00a0canal de Youtube. Adem\u00e1s seguinos en\u00a0<\/i><a href=\"https:\/\/www.instagram.com\/autofanstv\/\"><i>INSTAGRAM<\/i><\/a><i> y <\/i><a href=\"https:\/\/www.facebook.com\/autofansmas\/\"><i>FACEBOOK<\/i><\/a><i> para no perderte nada sobre las novedades del segmento automotor de Argentina y el mundo.<\/i><\/p>\n","protected":false},"excerpt":{"rendered":"<p>Volkswagen Camiones y Buses revoluciona el mercado con el lanzamiento del \u00abPlan Mi Cami\u00f3n VW\u00bb&#8230;.<\/p>\n","protected":false},"author":2,"featured_media":7441,"comment_status":"closed","ping_status":"closed","sticky":false,"template":"","format":"standard","meta":{"footnotes":""},"categories":[16,10],"tags":[3943,1551,3942,3313,2573,3944],"class_list":["post-7440","post","type-post","status-publish","format-standard","has-post-thumbnail","hentry","category-noticias","category-utilitarios-y-pesados-lanzamientos","tag-autoahorro-volkswagen","tag-camiones-volkswagen","tag-plan-mi-camion-vw","tag-planes-de-ahorro","tag-volkswagen-camiones","tag-volkswagen-delivery"],"yoast_head":"<!-- This site is optimized with the Yoast SEO plugin v27.5 - https:\/\/yoast.com\/product\/yoast-seo-wordpress\/ -->\n<title>Volkswagen Camiones y Buses lanza el &quot;Plan Mi Cami\u00f3n VW&quot; -<\/title>\n<meta name=\"description\" content=\"Volkswagen Camiones y Buses lanza al mercado &quot;Plan Mi Cami\u00f3n VW&quot;. Por primera vez, la marca ofrece un programa de ahorro 70\/30...\" \/>\n<meta name=\"robots\" content=\"index, follow, max-snippet:-1, max-image-preview:large, max-video-preview:-1\" \/>\n<link rel=\"canonical\" href=\"https:\/\/autofans.com.ar\/index.php\/2024\/04\/22\/volkswagen-camiones-y-buses-lanza-el-plan-mi-camion-vw\/\" \/>\n<meta property=\"og:locale\" content=\"es_ES\" \/>\n<meta property=\"og:type\" content=\"article\" \/>\n<meta property=\"og:title\" content=\"Volkswagen Camiones y Buses lanza el &quot;Plan Mi Cami\u00f3n VW&quot; -\" \/>\n<meta property=\"og:description\" content=\"Volkswagen Camiones y Buses lanza al mercado &quot;Plan Mi Cami\u00f3n VW&quot;. Por primera vez, la marca ofrece un programa de ahorro 70\/30...\" \/>\n<meta property=\"og:url\" content=\"https:\/\/autofans.com.ar\/index.php\/2024\/04\/22\/volkswagen-camiones-y-buses-lanza-el-plan-mi-camion-vw\/\" \/>\n<meta property=\"article:published_time\" content=\"2024-04-22T20:41:59+00:00\" \/>\n<meta property=\"og:image\" content=\"https:\/\/autofans.com.ar\/wp-content\/uploads\/2024\/04\/vw-4.jpg\" \/>\n\t<meta property=\"og:image:width\" content=\"640\" \/>\n\t<meta property=\"og:image:height\" content=\"427\" \/>\n\t<meta property=\"og:image:type\" content=\"image\/jpeg\" \/>\n<meta name=\"author\" content=\"Alejandro Gabriel Rosito\" \/>\n<meta name=\"twitter:card\" content=\"summary_large_image\" \/>\n<meta name=\"twitter:label1\" content=\"Escrito por\" \/>\n\t<meta name=\"twitter:data1\" content=\"Alejandro Gabriel Rosito\" \/>\n\t<meta name=\"twitter:label2\" content=\"Tiempo de lectura\" \/>\n\t<meta name=\"twitter:data2\" content=\"2 minutos\" \/>\n<script type=\"application\/ld+json\" class=\"yoast-schema-graph\">{\"@context\":\"https:\\\/\\\/schema.org\",\"@graph\":[{\"@type\":\"Article\",\"@id\":\"https:\\\/\\\/autofans.com.ar\\\/index.php\\\/2024\\\/04\\\/22\\\/volkswagen-camiones-y-buses-lanza-el-plan-mi-camion-vw\\\/#article\",\"isPartOf\":{\"@id\":\"https:\\\/\\\/autofans.com.ar\\\/index.php\\\/2024\\\/04\\\/22\\\/volkswagen-camiones-y-buses-lanza-el-plan-mi-camion-vw\\\/\"},\"author\":{\"name\":\"Alejandro Gabriel Rosito\",\"@id\":\"https:\\\/\\\/autofans.com.ar\\\/#\\\/schema\\\/person\\\/4a8dda0b6df83ac3d6723e921274c2aa\"},\"headline\":\"Volkswagen Camiones y Buses lanza el \u00abPlan Mi Cami\u00f3n VW\u00bb\",\"datePublished\":\"2024-04-22T20:41:59+00:00\",\"mainEntityOfPage\":{\"@id\":\"https:\\\/\\\/autofans.com.ar\\\/index.php\\\/2024\\\/04\\\/22\\\/volkswagen-camiones-y-buses-lanza-el-plan-mi-camion-vw\\\/\"},\"wordCount\":394,\"image\":{\"@id\":\"https:\\\/\\\/autofans.com.ar\\\/index.php\\\/2024\\\/04\\\/22\\\/volkswagen-camiones-y-buses-lanza-el-plan-mi-camion-vw\\\/#primaryimage\"},\"thumbnailUrl\":\"https:\\\/\\\/autofans.com.ar\\\/wp-content\\\/uploads\\\/2024\\\/04\\\/vw-4.jpg\",\"keywords\":[\"Autoahorro Volkswagen\",\"camiones Volkswagen\",\"Plan Mi Cami\u00f3n VW\",\"planes de ahorro\",\"Volkswagen Camiones\",\"Volkswagen Delivery\"],\"articleSection\":[\"NOTICIAS\",\"Pick Ups, Utilitarios y Pesados\"],\"inLanguage\":\"es\"},{\"@type\":\"WebPage\",\"@id\":\"https:\\\/\\\/autofans.com.ar\\\/index.php\\\/2024\\\/04\\\/22\\\/volkswagen-camiones-y-buses-lanza-el-plan-mi-camion-vw\\\/\",\"url\":\"https:\\\/\\\/autofans.com.ar\\\/index.php\\\/2024\\\/04\\\/22\\\/volkswagen-camiones-y-buses-lanza-el-plan-mi-camion-vw\\\/\",\"name\":\"Volkswagen Camiones y Buses lanza el \\\"Plan Mi Cami\u00f3n VW\\\" -\",\"isPartOf\":{\"@id\":\"https:\\\/\\\/autofans.com.ar\\\/#website\"},\"primaryImageOfPage\":{\"@id\":\"https:\\\/\\\/autofans.com.ar\\\/index.php\\\/2024\\\/04\\\/22\\\/volkswagen-camiones-y-buses-lanza-el-plan-mi-camion-vw\\\/#primaryimage\"},\"image\":{\"@id\":\"https:\\\/\\\/autofans.com.ar\\\/index.php\\\/2024\\\/04\\\/22\\\/volkswagen-camiones-y-buses-lanza-el-plan-mi-camion-vw\\\/#primaryimage\"},\"thumbnailUrl\":\"https:\\\/\\\/autofans.com.ar\\\/wp-content\\\/uploads\\\/2024\\\/04\\\/vw-4.jpg\",\"datePublished\":\"2024-04-22T20:41:59+00:00\",\"author\":{\"@id\":\"https:\\\/\\\/autofans.com.ar\\\/#\\\/schema\\\/person\\\/4a8dda0b6df83ac3d6723e921274c2aa\"},\"description\":\"Volkswagen Camiones y Buses lanza al mercado \\\"Plan Mi Cami\u00f3n VW\\\". Por primera vez, la marca ofrece un programa de ahorro 70\\\/30...\",\"breadcrumb\":{\"@id\":\"https:\\\/\\\/autofans.com.ar\\\/index.php\\\/2024\\\/04\\\/22\\\/volkswagen-camiones-y-buses-lanza-el-plan-mi-camion-vw\\\/#breadcrumb\"},\"inLanguage\":\"es\",\"potentialAction\":[{\"@type\":\"ReadAction\",\"target\":[\"https:\\\/\\\/autofans.com.ar\\\/index.php\\\/2024\\\/04\\\/22\\\/volkswagen-camiones-y-buses-lanza-el-plan-mi-camion-vw\\\/\"]}]},{\"@type\":\"ImageObject\",\"inLanguage\":\"es\",\"@id\":\"https:\\\/\\\/autofans.com.ar\\\/index.php\\\/2024\\\/04\\\/22\\\/volkswagen-camiones-y-buses-lanza-el-plan-mi-camion-vw\\\/#primaryimage\",\"url\":\"https:\\\/\\\/autofans.com.ar\\\/wp-content\\\/uploads\\\/2024\\\/04\\\/vw-4.jpg\",\"contentUrl\":\"https:\\\/\\\/autofans.com.ar\\\/wp-content\\\/uploads\\\/2024\\\/04\\\/vw-4.jpg\",\"width\":1000,\"height\":667,\"caption\":\"Volkswagen\"},{\"@type\":\"BreadcrumbList\",\"@id\":\"https:\\\/\\\/autofans.com.ar\\\/index.php\\\/2024\\\/04\\\/22\\\/volkswagen-camiones-y-buses-lanza-el-plan-mi-camion-vw\\\/#breadcrumb\",\"itemListElement\":[{\"@type\":\"ListItem\",\"position\":1,\"name\":\"Inicio\",\"item\":\"https:\\\/\\\/autofans.com.ar\\\/\"},{\"@type\":\"ListItem\",\"position\":2,\"name\":\"Volkswagen Camiones y Buses lanza el \u00abPlan Mi Cami\u00f3n VW\u00bb\"}]},{\"@type\":\"WebSite\",\"@id\":\"https:\\\/\\\/autofans.com.ar\\\/#website\",\"url\":\"https:\\\/\\\/autofans.com.ar\\\/\",\"name\":\"\",\"description\":\"El multimedio referente de la industria automotriz\",\"potentialAction\":[{\"@type\":\"SearchAction\",\"target\":{\"@type\":\"EntryPoint\",\"urlTemplate\":\"https:\\\/\\\/autofans.com.ar\\\/?s={search_term_string}\"},\"query-input\":{\"@type\":\"PropertyValueSpecification\",\"valueRequired\":true,\"valueName\":\"search_term_string\"}}],\"inLanguage\":\"es\"},{\"@type\":\"Person\",\"@id\":\"https:\\\/\\\/autofans.com.ar\\\/#\\\/schema\\\/person\\\/4a8dda0b6df83ac3d6723e921274c2aa\",\"name\":\"Alejandro Gabriel Rosito\",\"image\":{\"@type\":\"ImageObject\",\"inLanguage\":\"es\",\"@id\":\"https:\\\/\\\/secure.gravatar.com\\\/avatar\\\/16c5dda1489adfc62618084dcbb91cffd879c374b13fe5dd8e44ed6733852c88?s=96&d=mm&r=g\",\"url\":\"https:\\\/\\\/secure.gravatar.com\\\/avatar\\\/16c5dda1489adfc62618084dcbb91cffd879c374b13fe5dd8e44ed6733852c88?s=96&d=mm&r=g\",\"contentUrl\":\"https:\\\/\\\/secure.gravatar.com\\\/avatar\\\/16c5dda1489adfc62618084dcbb91cffd879c374b13fe5dd8e44ed6733852c88?s=96&d=mm&r=g\",\"caption\":\"Alejandro Gabriel Rosito\"},\"url\":\"https:\\\/\\\/autofans.com.ar\\\/index.php\\\/author\\\/gabrielr\\\/\"}]}<\/script>\n<!-- \/ Yoast SEO plugin. -->","yoast_head_json":{"title":"Volkswagen Camiones y Buses lanza el \"Plan Mi Cami\u00f3n VW\" -","description":"Volkswagen Camiones y Buses lanza al mercado \"Plan Mi Cami\u00f3n VW\". Por primera vez, la marca ofrece un programa de ahorro 70\/30...","robots":{"index":"index","follow":"follow","max-snippet":"max-snippet:-1","max-image-preview":"max-image-preview:large","max-video-preview":"max-video-preview:-1"},"canonical":"https:\/\/autofans.com.ar\/index.php\/2024\/04\/22\/volkswagen-camiones-y-buses-lanza-el-plan-mi-camion-vw\/","og_locale":"es_ES","og_type":"article","og_title":"Volkswagen Camiones y Buses lanza el \"Plan Mi Cami\u00f3n VW\" -","og_description":"Volkswagen Camiones y Buses lanza al mercado \"Plan Mi Cami\u00f3n VW\". Por primera vez, la marca ofrece un programa de ahorro 70\/30...","og_url":"https:\/\/autofans.com.ar\/index.php\/2024\/04\/22\/volkswagen-camiones-y-buses-lanza-el-plan-mi-camion-vw\/","article_published_time":"2024-04-22T20:41:59+00:00","og_image":[{"url":"https:\/\/autofans.com.ar\/wp-content\/uploads\/2024\/04\/vw-4.jpg","width":640,"height":427,"type":"image\/jpeg"}],"author":"Alejandro Gabriel Rosito","twitter_card":"summary_large_image","twitter_misc":{"Escrito por":"Alejandro Gabriel Rosito","Tiempo de lectura":"2 minutos"},"schema":{"@context":"https:\/\/schema.org","@graph":[{"@type":"Article","@id":"https:\/\/autofans.com.ar\/index.php\/2024\/04\/22\/volkswagen-camiones-y-buses-lanza-el-plan-mi-camion-vw\/#article","isPartOf":{"@id":"https:\/\/autofans.com.ar\/index.php\/2024\/04\/22\/volkswagen-camiones-y-buses-lanza-el-plan-mi-camion-vw\/"},"author":{"name":"Alejandro Gabriel Rosito","@id":"https:\/\/autofans.com.ar\/#\/schema\/person\/4a8dda0b6df83ac3d6723e921274c2aa"},"headline":"Volkswagen Camiones y Buses lanza el \u00abPlan Mi Cami\u00f3n VW\u00bb","datePublished":"2024-04-22T20:41:59+00:00","mainEntityOfPage":{"@id":"https:\/\/autofans.com.ar\/index.php\/2024\/04\/22\/volkswagen-camiones-y-buses-lanza-el-plan-mi-camion-vw\/"},"wordCount":394,"image":{"@id":"https:\/\/autofans.com.ar\/index.php\/2024\/04\/22\/volkswagen-camiones-y-buses-lanza-el-plan-mi-camion-vw\/#primaryimage"},"thumbnailUrl":"https:\/\/autofans.com.ar\/wp-content\/uploads\/2024\/04\/vw-4.jpg","keywords":["Autoahorro Volkswagen","camiones Volkswagen","Plan Mi Cami\u00f3n VW","planes de ahorro","Volkswagen Camiones","Volkswagen Delivery"],"articleSection":["NOTICIAS","Pick Ups, Utilitarios y Pesados"],"inLanguage":"es"},{"@type":"WebPage","@id":"https:\/\/autofans.com.ar\/index.php\/2024\/04\/22\/volkswagen-camiones-y-buses-lanza-el-plan-mi-camion-vw\/","url":"https:\/\/autofans.com.ar\/index.php\/2024\/04\/22\/volkswagen-camiones-y-buses-lanza-el-plan-mi-camion-vw\/","name":"Volkswagen Camiones y Buses lanza el \"Plan Mi Cami\u00f3n VW\" -","isPartOf":{"@id":"https:\/\/autofans.com.ar\/#website"},"primaryImageOfPage":{"@id":"https:\/\/autofans.com.ar\/index.php\/2024\/04\/22\/volkswagen-camiones-y-buses-lanza-el-plan-mi-camion-vw\/#primaryimage"},"image":{"@id":"https:\/\/autofans.com.ar\/index.php\/2024\/04\/22\/volkswagen-camiones-y-buses-lanza-el-plan-mi-camion-vw\/#primaryimage"},"thumbnailUrl":"https:\/\/autofans.com.ar\/wp-content\/uploads\/2024\/04\/vw-4.jpg","datePublished":"2024-04-22T20:41:59+00:00","author":{"@id":"https:\/\/autofans.com.ar\/#\/schema\/person\/4a8dda0b6df83ac3d6723e921274c2aa"},"description":"Volkswagen Camiones y Buses lanza al mercado \"Plan Mi Cami\u00f3n VW\". Por primera vez, la marca ofrece un programa de ahorro 70\/30...","breadcrumb":{"@id":"https:\/\/autofans.com.ar\/index.php\/2024\/04\/22\/volkswagen-camiones-y-buses-lanza-el-plan-mi-camion-vw\/#breadcrumb"},"inLanguage":"es","potentialAction":[{"@type":"ReadAction","target":["https:\/\/autofans.com.ar\/index.php\/2024\/04\/22\/volkswagen-camiones-y-buses-lanza-el-plan-mi-camion-vw\/"]}]},{"@type":"ImageObject","inLanguage":"es","@id":"https:\/\/autofans.com.ar\/index.php\/2024\/04\/22\/volkswagen-camiones-y-buses-lanza-el-plan-mi-camion-vw\/#primaryimage","url":"https:\/\/autofans.com.ar\/wp-content\/uploads\/2024\/04\/vw-4.jpg","contentUrl":"https:\/\/autofans.com.ar\/wp-content\/uploads\/2024\/04\/vw-4.jpg","width":1000,"height":667,"caption":"Volkswagen"},{"@type":"BreadcrumbList","@id":"https:\/\/autofans.com.ar\/index.php\/2024\/04\/22\/volkswagen-camiones-y-buses-lanza-el-plan-mi-camion-vw\/#breadcrumb","itemListElement":[{"@type":"ListItem","position":1,"name":"Inicio","item":"https:\/\/autofans.com.ar\/"},{"@type":"ListItem","position":2,"name":"Volkswagen Camiones y Buses lanza el \u00abPlan Mi Cami\u00f3n VW\u00bb"}]},{"@type":"WebSite","@id":"https:\/\/autofans.com.ar\/#website","url":"https:\/\/autofans.com.ar\/","name":"","description":"El multimedio referente de la industria automotriz","potentialAction":[{"@type":"SearchAction","target":{"@type":"EntryPoint","urlTemplate":"https:\/\/autofans.com.ar\/?s={search_term_string}"},"query-input":{"@type":"PropertyValueSpecification","valueRequired":true,"valueName":"search_term_string"}}],"inLanguage":"es"},{"@type":"Person","@id":"https:\/\/autofans.com.ar\/#\/schema\/person\/4a8dda0b6df83ac3d6723e921274c2aa","name":"Alejandro Gabriel Rosito","image":{"@type":"ImageObject","inLanguage":"es","@id":"https:\/\/secure.gravatar.com\/avatar\/16c5dda1489adfc62618084dcbb91cffd879c374b13fe5dd8e44ed6733852c88?s=96&d=mm&r=g","url":"https:\/\/secure.gravatar.com\/avatar\/16c5dda1489adfc62618084dcbb91cffd879c374b13fe5dd8e44ed6733852c88?s=96&d=mm&r=g","contentUrl":"https:\/\/secure.gravatar.com\/avatar\/16c5dda1489adfc62618084dcbb91cffd879c374b13fe5dd8e44ed6733852c88?s=96&d=mm&r=g","caption":"Alejandro Gabriel Rosito"},"url":"https:\/\/autofans.com.ar\/index.php\/author\/gabrielr\/"}]}},"featured_image_urls":{"full":["https:\/\/autofans.com.ar\/wp-content\/uploads\/2024\/04\/vw-4.jpg",1000,667,false],"thumbnail":["https:\/\/autofans.com.ar\/wp-content\/uploads\/2024\/04\/vw-4-150x150.jpg",150,150,true],"medium":["https:\/\/autofans.com.ar\/wp-content\/uploads\/2024\/04\/vw-4-300x200.jpg",300,200,true],"medium_large":["https:\/\/autofans.com.ar\/wp-content\/uploads\/2024\/04\/vw-4-768x512.jpg",640,427,true],"large":["https:\/\/autofans.com.ar\/wp-content\/uploads\/2024\/04\/vw-4.jpg",640,427,false],"1536x1536":["https:\/\/autofans.com.ar\/wp-content\/uploads\/2024\/04\/vw-4.jpg",1000,667,false],"2048x2048":["https:\/\/autofans.com.ar\/wp-content\/uploads\/2024\/04\/vw-4.jpg",1000,667,false],"covernews-featured":["https:\/\/autofans.com.ar\/wp-content\/uploads\/2024\/04\/vw-4.jpg",1000,667,false],"covernews-medium":["https:\/\/autofans.com.ar\/wp-content\/uploads\/2024\/04\/vw-4-540x340.jpg",540,340,true]},"author_info":{"display_name":"Alejandro Gabriel Rosito","author_link":"https:\/\/autofans.com.ar\/index.php\/author\/gabrielr\/"},"category_info":"<a href=\"https:\/\/autofans.com.ar\/index.php\/category\/noticias\/\" rel=\"category tag\">NOTICIAS<\/a> <a href=\"https:\/\/autofans.com.ar\/index.php\/category\/lanzamientos\/utilitarios-y-pesados-lanzamientos\/\" rel=\"category tag\">Pick Ups, Utilitarios y Pesados<\/a>","tag_info":"Pick Ups, Utilitarios y Pesados","comment_count":0,"_links":{"self":[{"href":"https:\/\/autofans.com.ar\/index.php\/wp-json\/wp\/v2\/posts\/7440","targetHints":{"allow":["GET"]}}],"collection":[{"href":"https:\/\/autofans.com.ar\/index.php\/wp-json\/wp\/v2\/posts"}],"about":[{"href":"https:\/\/autofans.com.ar\/index.php\/wp-json\/wp\/v2\/types\/post"}],"author":[{"embeddable":true,"href":"https:\/\/autofans.com.ar\/index.php\/wp-json\/wp\/v2\/users\/2"}],"replies":[{"embeddable":true,"href":"https:\/\/autofans.com.ar\/index.php\/wp-json\/wp\/v2\/comments?post=7440"}],"version-history":[{"count":2,"href":"https:\/\/autofans.com.ar\/index.php\/wp-json\/wp\/v2\/posts\/7440\/revisions"}],"predecessor-version":[{"id":7446,"href":"https:\/\/autofans.com.ar\/index.php\/wp-json\/wp\/v2\/posts\/7440\/revisions\/7446"}],"wp:featuredmedia":[{"embeddable":true,"href":"https:\/\/autofans.com.ar\/index.php\/wp-json\/wp\/v2\/media\/7441"}],"wp:attachment":[{"href":"https:\/\/autofans.com.ar\/index.php\/wp-json\/wp\/v2\/media?parent=7440"}],"wp:term":[{"taxonomy":"category","embeddable":true,"href":"https:\/\/autofans.com.ar\/index.php\/wp-json\/wp\/v2\/categories?post=7440"},{"taxonomy":"post_tag","embeddable":true,"href":"https:\/\/autofans.com.ar\/index.php\/wp-json\/wp\/v2\/tags?post=7440"}],"curies":[{"name":"wp","href":"https:\/\/api.w.org\/{rel}","templated":true}]}}