{"id":7447,"date":"2024-04-23T12:53:29","date_gmt":"2024-04-23T15:53:29","guid":{"rendered":"https:\/\/autofans.com.ar\/?p=7447"},"modified":"2024-04-23T12:53:29","modified_gmt":"2024-04-23T15:53:29","slug":"mercedes-benz-camiones-y-buses-celebra-el-dia-mundial-de-la-tierra","status":"publish","type":"post","link":"https:\/\/autofans.com.ar\/index.php\/2024\/04\/23\/mercedes-benz-camiones-y-buses-celebra-el-dia-mundial-de-la-tierra\/","title":{"rendered":"Mercedes-Benz Camiones y Buses celebra el d\u00eda mundial de la tierra"},"content":{"rendered":"<p>En el marco del D\u00eda Mundial de la Tierra, Mercedes-Benz Camiones y Buses destaca su compromiso con el medio ambiente a trav\u00e9s de su campa\u00f1a &#8216;Somos Parte del Cambio&#8217;. Con m\u00e1s de tres a\u00f1os en el pa\u00eds y una amplia red de clientes, la marca alemana ha plantado m\u00e1s de 11.000 \u00e1rboles nativos en colaboraci\u00f3n con la ONG Seamos Bosques.<\/p>\n<p>&nbsp;<\/p>\n<h2>Contribuyendo al medio ambiente con cada veh\u00edculo vendido<\/h2>\n<p>Desde su llegada al mercado argentino, Mercedes-Benz Camiones y Buses ha promovido activamente su iniciativa &#8216;Somos Parte del Cambio&#8217;. Por cada cami\u00f3n o bus vendido, la empresa planta un \u00e1rbol nativo en la ecorregi\u00f3n selv\u00e1tica subtropical andina del noroeste argentino. Esta acci\u00f3n ha llevado a la plantaci\u00f3n de m\u00e1s de 11.000 \u00e1rboles hasta la fecha, contribuyendo as\u00ed a la restauraci\u00f3n de \u00e1reas degradadas y a la promoci\u00f3n de la biodiversidad en la regi\u00f3n.<\/p>\n<p>&nbsp;<\/p>\n<p><img fetchpriority=\"high\" decoding=\"async\" class=\"aligncenter wp-image-7450 size-full\" src=\"https:\/\/autofans.com.ar\/wp-content\/uploads\/2024\/04\/foto-1-7.jpg\" alt=\"Mercedes-Benz Camiones y Buses\" width=\"1000\" height=\"667\" srcset=\"https:\/\/autofans.com.ar\/wp-content\/uploads\/2024\/04\/foto-1-7.jpg 1000w, https:\/\/autofans.com.ar\/wp-content\/uploads\/2024\/04\/foto-1-7-300x200.jpg 300w, https:\/\/autofans.com.ar\/wp-content\/uploads\/2024\/04\/foto-1-7-768x512.jpg 768w\" sizes=\"(max-width: 1000px) 100vw, 1000px\" \/><\/p>\n<p>&nbsp;<\/p>\n<p>La colaboraci\u00f3n entre Mercedes-Benz y Seamos Bosques no solo es una declaraci\u00f3n de intenciones, sino una acci\u00f3n concreta que demuestra c\u00f3mo las alianzas entre empresas y organizaciones pueden tener un impacto real en el medio ambiente. Seamos Bosques, una organizaci\u00f3n l\u00edder en la restauraci\u00f3n de \u00e1reas degradadas y la promoci\u00f3n de la biodiversidad, se ha unido a la marca alemana para marcar la diferencia.<\/p>\n<p>&nbsp;<\/p>\n<blockquote>\n<p style=\"text-align: center;\"><span class=\"Apple-converted-space\">\u00a0<\/span>\u0308En Mercedes-Benz Camiones y Buses creemos firmemente en la importancia de asumir la responsabilidad corporativa. A trav\u00e9s de nuestra campa\u00f1a &#8216;Somos Parte del Cambio&#8217;, no solo buscamos concientizar a nuestros clientes, sino tambi\u00e9n inspirar un cambio positivo en la sociedad. Estamos orgullosos de trabajar junto a organizaciones como Seamos Bosques para marcar una diferencia real en el mundo que nos rodea \u0308 expres\u00f3 Roberto Faist, Gerente de Marketing y Producto.<\/p>\n<\/blockquote>\n<p>&nbsp;<\/p>\n<h2>Mercedes-Benz Camiones y Buses &#8211; involucrando a toda la comunidad<\/h2>\n<p>Como parte de su estrategia integral, Mercedes-Benz busca involucrar a todos los actores de su cadena de valor en estas iniciativas. La red comercial colabora incentivando a los clientes a unirse al cambio, ampliando as\u00ed las oportunidades de contribuir al ecosistema y la biodiversidad de la regi\u00f3n. Cada cliente que adquiere un veh\u00edculo se compromete con el medio ambiente y tiene la posibilidad de seguir el crecimiento y la evoluci\u00f3n del \u00e1rbol que se planta en su nombre, a trav\u00e9s del sitio web de Mercedes-Benz Camiones y Buses.<\/p>\n<p>&nbsp;<\/p>\n<p><img decoding=\"async\" class=\"aligncenter wp-image-7448 size-full\" src=\"https:\/\/autofans.com.ar\/wp-content\/uploads\/2024\/04\/foto-3-7.jpg\" alt=\"Mercedes-Benz Camiones y Buses\" width=\"1000\" height=\"667\" srcset=\"https:\/\/autofans.com.ar\/wp-content\/uploads\/2024\/04\/foto-3-7.jpg 1000w, https:\/\/autofans.com.ar\/wp-content\/uploads\/2024\/04\/foto-3-7-300x200.jpg 300w, https:\/\/autofans.com.ar\/wp-content\/uploads\/2024\/04\/foto-3-7-768x512.jpg 768w\" sizes=\"(max-width: 1000px) 100vw, 1000px\" \/><\/p>\n<p>&nbsp;<\/p>\n<p>En un recordatorio de la importancia de trabajar en comunidad para proteger y preservar el entorno natural, cada \u00e1rbol plantado representa un acto de compromiso con el medio ambiente y un paso hacia un mundo m\u00e1s verde y pr\u00f3spero para las generaciones venideras.<\/p>\n<p>&nbsp;<\/p>\n<p>Para conocer m\u00e1s sobre Mercedes-Benz Camiones y Buses ingresar en: Instagram: <a href=\"https:\/\/www.instagram.com\/mercedesbenzcamionesybuses_arg\/\" target=\"_blank\" rel=\"noopener\">@MercedesBenzCamionesyBuses_Arg<\/a><\/p>\n<p>Facebook: <a href=\"https:\/\/www.facebook.com\/MercedesBenzCamionesyBusesArg\" target=\"_blank\" rel=\"noopener\">Mercedes-BenzCamionesyBusesArg<\/a> &#8211;\u00a0YouTube: <a href=\"https:\/\/www.youtube.com\/@mercedes-benzcamionesybusesarg\" target=\"_blank\" rel=\"noopener\">Mercedes-BenzCamionesyBusesArgentina<\/a><\/p>\n<p>&nbsp;<\/p>\n<p><i>Para enterarte de m\u00e1s novedades, no dejes de leer\u00a0<\/i><a href=\"https:\/\/autofans.thebrandsoup.com\/\"><i>nuestras notas<\/i><\/a><i>, de ver<\/i><b><i>\u00a0<\/i><\/b><a href=\"https:\/\/www.youtube.com\/channel\/UCgAC8UGHZYbT6P7PpmVnP7g\"><b><i>AUTOFANS TV<\/i><\/b><\/a><b><i>\u00a0<\/i><\/b><i>en nuestro\u00a0canal de Youtube. Adem\u00e1s seguinos en\u00a0<\/i><a href=\"https:\/\/www.instagram.com\/autofanstv\/\"><i>INSTAGRAM<\/i><\/a><i> y <\/i><a href=\"https:\/\/www.facebook.com\/autofansmas\/\"><i>FACEBOOK<\/i><\/a><i> para no perderte nada sobre las novedades del segmento automotor de Argentina y el mundo.<\/i><\/p>\n","protected":false},"excerpt":{"rendered":"<p>En el marco del D\u00eda Mundial de la Tierra, Mercedes-Benz Camiones y Buses destaca su&#8230;<\/p>\n","protected":false},"author":2,"featured_media":7449,"comment_status":"closed","ping_status":"closed","sticky":false,"template":"","format":"standard","meta":{"footnotes":""},"categories":[6,16],"tags":[38,3535,1300,657,958,357,364,2735],"class_list":["post-7447","post","type-post","status-publish","format-standard","has-post-thumbnail","hentry","category-bizstyle","category-noticias","tag-argentina","tag-biodiversidad","tag-buses","tag-camiones","tag-dia-mundial-de-la-tierra","tag-medio-ambiente","tag-mercedes-benz","tag-seamos-bosques"],"yoast_head":"<!-- This site is optimized with the Yoast SEO plugin v27.5 - https:\/\/yoast.com\/product\/yoast-seo-wordpress\/ -->\n<title>Mercedes-Benz Camiones y Buses celebra el d\u00eda mundial de la tierra -<\/title>\n<meta name=\"description\" content=\"D\u00eda Mundial de la Tierra, Mercedes-Benz Camiones y Buses destaca su compromiso con el medio ambiente con su campa\u00f1a &#039;Somos Parte del Cambio&#039;.\" \/>\n<meta name=\"robots\" content=\"index, follow, max-snippet:-1, max-image-preview:large, max-video-preview:-1\" \/>\n<link rel=\"canonical\" href=\"https:\/\/autofans.com.ar\/index.php\/2024\/04\/23\/mercedes-benz-camiones-y-buses-celebra-el-dia-mundial-de-la-tierra\/\" \/>\n<meta property=\"og:locale\" content=\"es_ES\" \/>\n<meta property=\"og:type\" content=\"article\" \/>\n<meta property=\"og:title\" content=\"Mercedes-Benz Camiones y Buses celebra el d\u00eda mundial de la tierra -\" \/>\n<meta property=\"og:description\" content=\"D\u00eda Mundial de la Tierra, Mercedes-Benz Camiones y Buses destaca su compromiso con el medio ambiente con su campa\u00f1a &#039;Somos Parte del Cambio&#039;.\" \/>\n<meta property=\"og:url\" content=\"https:\/\/autofans.com.ar\/index.php\/2024\/04\/23\/mercedes-benz-camiones-y-buses-celebra-el-dia-mundial-de-la-tierra\/\" \/>\n<meta property=\"article:published_time\" content=\"2024-04-23T15:53:29+00:00\" \/>\n<meta property=\"og:image\" content=\"https:\/\/autofans.com.ar\/wp-content\/uploads\/2024\/04\/foto-2-7.jpg\" \/>\n\t<meta property=\"og:image:width\" content=\"640\" \/>\n\t<meta property=\"og:image:height\" content=\"427\" \/>\n\t<meta property=\"og:image:type\" content=\"image\/jpeg\" \/>\n<meta name=\"author\" content=\"Alejandro Gabriel Rosito\" \/>\n<meta name=\"twitter:card\" content=\"summary_large_image\" \/>\n<meta name=\"twitter:label1\" content=\"Escrito por\" \/>\n\t<meta name=\"twitter:data1\" content=\"Alejandro Gabriel Rosito\" \/>\n\t<meta name=\"twitter:label2\" content=\"Tiempo de lectura\" \/>\n\t<meta name=\"twitter:data2\" content=\"3 minutos\" \/>\n<script type=\"application\/ld+json\" class=\"yoast-schema-graph\">{\"@context\":\"https:\\\/\\\/schema.org\",\"@graph\":[{\"@type\":\"Article\",\"@id\":\"https:\\\/\\\/autofans.com.ar\\\/index.php\\\/2024\\\/04\\\/23\\\/mercedes-benz-camiones-y-buses-celebra-el-dia-mundial-de-la-tierra\\\/#article\",\"isPartOf\":{\"@id\":\"https:\\\/\\\/autofans.com.ar\\\/index.php\\\/2024\\\/04\\\/23\\\/mercedes-benz-camiones-y-buses-celebra-el-dia-mundial-de-la-tierra\\\/\"},\"author\":{\"name\":\"Alejandro Gabriel Rosito\",\"@id\":\"https:\\\/\\\/autofans.com.ar\\\/#\\\/schema\\\/person\\\/4a8dda0b6df83ac3d6723e921274c2aa\"},\"headline\":\"Mercedes-Benz Camiones y Buses celebra el d\u00eda mundial de la tierra\",\"datePublished\":\"2024-04-23T15:53:29+00:00\",\"mainEntityOfPage\":{\"@id\":\"https:\\\/\\\/autofans.com.ar\\\/index.php\\\/2024\\\/04\\\/23\\\/mercedes-benz-camiones-y-buses-celebra-el-dia-mundial-de-la-tierra\\\/\"},\"wordCount\":531,\"image\":{\"@id\":\"https:\\\/\\\/autofans.com.ar\\\/index.php\\\/2024\\\/04\\\/23\\\/mercedes-benz-camiones-y-buses-celebra-el-dia-mundial-de-la-tierra\\\/#primaryimage\"},\"thumbnailUrl\":\"https:\\\/\\\/autofans.com.ar\\\/wp-content\\\/uploads\\\/2024\\\/04\\\/foto-2-7.jpg\",\"keywords\":[\"Argentina\",\"Biodiversidad\",\"buses\",\"camiones\",\"D\u00eda Mundial de la Tierra\",\"medio ambiente\",\"Mercedes-Benz\",\"Seamos Bosques\"],\"articleSection\":[\"BIZSTYLE\",\"NOTICIAS\"],\"inLanguage\":\"es\"},{\"@type\":\"WebPage\",\"@id\":\"https:\\\/\\\/autofans.com.ar\\\/index.php\\\/2024\\\/04\\\/23\\\/mercedes-benz-camiones-y-buses-celebra-el-dia-mundial-de-la-tierra\\\/\",\"url\":\"https:\\\/\\\/autofans.com.ar\\\/index.php\\\/2024\\\/04\\\/23\\\/mercedes-benz-camiones-y-buses-celebra-el-dia-mundial-de-la-tierra\\\/\",\"name\":\"Mercedes-Benz Camiones y Buses celebra el d\u00eda mundial de la tierra -\",\"isPartOf\":{\"@id\":\"https:\\\/\\\/autofans.com.ar\\\/#website\"},\"primaryImageOfPage\":{\"@id\":\"https:\\\/\\\/autofans.com.ar\\\/index.php\\\/2024\\\/04\\\/23\\\/mercedes-benz-camiones-y-buses-celebra-el-dia-mundial-de-la-tierra\\\/#primaryimage\"},\"image\":{\"@id\":\"https:\\\/\\\/autofans.com.ar\\\/index.php\\\/2024\\\/04\\\/23\\\/mercedes-benz-camiones-y-buses-celebra-el-dia-mundial-de-la-tierra\\\/#primaryimage\"},\"thumbnailUrl\":\"https:\\\/\\\/autofans.com.ar\\\/wp-content\\\/uploads\\\/2024\\\/04\\\/foto-2-7.jpg\",\"datePublished\":\"2024-04-23T15:53:29+00:00\",\"author\":{\"@id\":\"https:\\\/\\\/autofans.com.ar\\\/#\\\/schema\\\/person\\\/4a8dda0b6df83ac3d6723e921274c2aa\"},\"description\":\"D\u00eda Mundial de la Tierra, Mercedes-Benz Camiones y Buses destaca su compromiso con el medio ambiente con su campa\u00f1a 'Somos Parte del Cambio'.\",\"breadcrumb\":{\"@id\":\"https:\\\/\\\/autofans.com.ar\\\/index.php\\\/2024\\\/04\\\/23\\\/mercedes-benz-camiones-y-buses-celebra-el-dia-mundial-de-la-tierra\\\/#breadcrumb\"},\"inLanguage\":\"es\",\"potentialAction\":[{\"@type\":\"ReadAction\",\"target\":[\"https:\\\/\\\/autofans.com.ar\\\/index.php\\\/2024\\\/04\\\/23\\\/mercedes-benz-camiones-y-buses-celebra-el-dia-mundial-de-la-tierra\\\/\"]}]},{\"@type\":\"ImageObject\",\"inLanguage\":\"es\",\"@id\":\"https:\\\/\\\/autofans.com.ar\\\/index.php\\\/2024\\\/04\\\/23\\\/mercedes-benz-camiones-y-buses-celebra-el-dia-mundial-de-la-tierra\\\/#primaryimage\",\"url\":\"https:\\\/\\\/autofans.com.ar\\\/wp-content\\\/uploads\\\/2024\\\/04\\\/foto-2-7.jpg\",\"contentUrl\":\"https:\\\/\\\/autofans.com.ar\\\/wp-content\\\/uploads\\\/2024\\\/04\\\/foto-2-7.jpg\",\"width\":1000,\"height\":667,\"caption\":\"Mercedes-Benz Camiones y Buses\"},{\"@type\":\"BreadcrumbList\",\"@id\":\"https:\\\/\\\/autofans.com.ar\\\/index.php\\\/2024\\\/04\\\/23\\\/mercedes-benz-camiones-y-buses-celebra-el-dia-mundial-de-la-tierra\\\/#breadcrumb\",\"itemListElement\":[{\"@type\":\"ListItem\",\"position\":1,\"name\":\"Inicio\",\"item\":\"https:\\\/\\\/autofans.com.ar\\\/\"},{\"@type\":\"ListItem\",\"position\":2,\"name\":\"Mercedes-Benz Camiones y Buses celebra el d\u00eda mundial de la tierra\"}]},{\"@type\":\"WebSite\",\"@id\":\"https:\\\/\\\/autofans.com.ar\\\/#website\",\"url\":\"https:\\\/\\\/autofans.com.ar\\\/\",\"name\":\"\",\"description\":\"El multimedio referente de la industria automotriz\",\"potentialAction\":[{\"@type\":\"SearchAction\",\"target\":{\"@type\":\"EntryPoint\",\"urlTemplate\":\"https:\\\/\\\/autofans.com.ar\\\/?s={search_term_string}\"},\"query-input\":{\"@type\":\"PropertyValueSpecification\",\"valueRequired\":true,\"valueName\":\"search_term_string\"}}],\"inLanguage\":\"es\"},{\"@type\":\"Person\",\"@id\":\"https:\\\/\\\/autofans.com.ar\\\/#\\\/schema\\\/person\\\/4a8dda0b6df83ac3d6723e921274c2aa\",\"name\":\"Alejandro Gabriel Rosito\",\"image\":{\"@type\":\"ImageObject\",\"inLanguage\":\"es\",\"@id\":\"https:\\\/\\\/secure.gravatar.com\\\/avatar\\\/16c5dda1489adfc62618084dcbb91cffd879c374b13fe5dd8e44ed6733852c88?s=96&d=mm&r=g\",\"url\":\"https:\\\/\\\/secure.gravatar.com\\\/avatar\\\/16c5dda1489adfc62618084dcbb91cffd879c374b13fe5dd8e44ed6733852c88?s=96&d=mm&r=g\",\"contentUrl\":\"https:\\\/\\\/secure.gravatar.com\\\/avatar\\\/16c5dda1489adfc62618084dcbb91cffd879c374b13fe5dd8e44ed6733852c88?s=96&d=mm&r=g\",\"caption\":\"Alejandro Gabriel Rosito\"},\"url\":\"https:\\\/\\\/autofans.com.ar\\\/index.php\\\/author\\\/gabrielr\\\/\"}]}<\/script>\n<!-- \/ Yoast SEO plugin. -->","yoast_head_json":{"title":"Mercedes-Benz Camiones y Buses celebra el d\u00eda mundial de la tierra -","description":"D\u00eda Mundial de la Tierra, Mercedes-Benz Camiones y Buses destaca su compromiso con el medio ambiente con su campa\u00f1a 'Somos Parte del Cambio'.","robots":{"index":"index","follow":"follow","max-snippet":"max-snippet:-1","max-image-preview":"max-image-preview:large","max-video-preview":"max-video-preview:-1"},"canonical":"https:\/\/autofans.com.ar\/index.php\/2024\/04\/23\/mercedes-benz-camiones-y-buses-celebra-el-dia-mundial-de-la-tierra\/","og_locale":"es_ES","og_type":"article","og_title":"Mercedes-Benz Camiones y Buses celebra el d\u00eda mundial de la tierra -","og_description":"D\u00eda Mundial de la Tierra, Mercedes-Benz Camiones y Buses destaca su compromiso con el medio ambiente con su campa\u00f1a 'Somos Parte del Cambio'.","og_url":"https:\/\/autofans.com.ar\/index.php\/2024\/04\/23\/mercedes-benz-camiones-y-buses-celebra-el-dia-mundial-de-la-tierra\/","article_published_time":"2024-04-23T15:53:29+00:00","og_image":[{"url":"https:\/\/autofans.com.ar\/wp-content\/uploads\/2024\/04\/foto-2-7.jpg","width":640,"height":427,"type":"image\/jpeg"}],"author":"Alejandro Gabriel Rosito","twitter_card":"summary_large_image","twitter_misc":{"Escrito por":"Alejandro Gabriel Rosito","Tiempo de lectura":"3 minutos"},"schema":{"@context":"https:\/\/schema.org","@graph":[{"@type":"Article","@id":"https:\/\/autofans.com.ar\/index.php\/2024\/04\/23\/mercedes-benz-camiones-y-buses-celebra-el-dia-mundial-de-la-tierra\/#article","isPartOf":{"@id":"https:\/\/autofans.com.ar\/index.php\/2024\/04\/23\/mercedes-benz-camiones-y-buses-celebra-el-dia-mundial-de-la-tierra\/"},"author":{"name":"Alejandro Gabriel Rosito","@id":"https:\/\/autofans.com.ar\/#\/schema\/person\/4a8dda0b6df83ac3d6723e921274c2aa"},"headline":"Mercedes-Benz Camiones y Buses celebra el d\u00eda mundial de la tierra","datePublished":"2024-04-23T15:53:29+00:00","mainEntityOfPage":{"@id":"https:\/\/autofans.com.ar\/index.php\/2024\/04\/23\/mercedes-benz-camiones-y-buses-celebra-el-dia-mundial-de-la-tierra\/"},"wordCount":531,"image":{"@id":"https:\/\/autofans.com.ar\/index.php\/2024\/04\/23\/mercedes-benz-camiones-y-buses-celebra-el-dia-mundial-de-la-tierra\/#primaryimage"},"thumbnailUrl":"https:\/\/autofans.com.ar\/wp-content\/uploads\/2024\/04\/foto-2-7.jpg","keywords":["Argentina","Biodiversidad","buses","camiones","D\u00eda Mundial de la Tierra","medio ambiente","Mercedes-Benz","Seamos Bosques"],"articleSection":["BIZSTYLE","NOTICIAS"],"inLanguage":"es"},{"@type":"WebPage","@id":"https:\/\/autofans.com.ar\/index.php\/2024\/04\/23\/mercedes-benz-camiones-y-buses-celebra-el-dia-mundial-de-la-tierra\/","url":"https:\/\/autofans.com.ar\/index.php\/2024\/04\/23\/mercedes-benz-camiones-y-buses-celebra-el-dia-mundial-de-la-tierra\/","name":"Mercedes-Benz Camiones y Buses celebra el d\u00eda mundial de la tierra -","isPartOf":{"@id":"https:\/\/autofans.com.ar\/#website"},"primaryImageOfPage":{"@id":"https:\/\/autofans.com.ar\/index.php\/2024\/04\/23\/mercedes-benz-camiones-y-buses-celebra-el-dia-mundial-de-la-tierra\/#primaryimage"},"image":{"@id":"https:\/\/autofans.com.ar\/index.php\/2024\/04\/23\/mercedes-benz-camiones-y-buses-celebra-el-dia-mundial-de-la-tierra\/#primaryimage"},"thumbnailUrl":"https:\/\/autofans.com.ar\/wp-content\/uploads\/2024\/04\/foto-2-7.jpg","datePublished":"2024-04-23T15:53:29+00:00","author":{"@id":"https:\/\/autofans.com.ar\/#\/schema\/person\/4a8dda0b6df83ac3d6723e921274c2aa"},"description":"D\u00eda Mundial de la Tierra, Mercedes-Benz Camiones y Buses destaca su compromiso con el medio ambiente con su campa\u00f1a 'Somos Parte del Cambio'.","breadcrumb":{"@id":"https:\/\/autofans.com.ar\/index.php\/2024\/04\/23\/mercedes-benz-camiones-y-buses-celebra-el-dia-mundial-de-la-tierra\/#breadcrumb"},"inLanguage":"es","potentialAction":[{"@type":"ReadAction","target":["https:\/\/autofans.com.ar\/index.php\/2024\/04\/23\/mercedes-benz-camiones-y-buses-celebra-el-dia-mundial-de-la-tierra\/"]}]},{"@type":"ImageObject","inLanguage":"es","@id":"https:\/\/autofans.com.ar\/index.php\/2024\/04\/23\/mercedes-benz-camiones-y-buses-celebra-el-dia-mundial-de-la-tierra\/#primaryimage","url":"https:\/\/autofans.com.ar\/wp-content\/uploads\/2024\/04\/foto-2-7.jpg","contentUrl":"https:\/\/autofans.com.ar\/wp-content\/uploads\/2024\/04\/foto-2-7.jpg","width":1000,"height":667,"caption":"Mercedes-Benz Camiones y Buses"},{"@type":"BreadcrumbList","@id":"https:\/\/autofans.com.ar\/index.php\/2024\/04\/23\/mercedes-benz-camiones-y-buses-celebra-el-dia-mundial-de-la-tierra\/#breadcrumb","itemListElement":[{"@type":"ListItem","position":1,"name":"Inicio","item":"https:\/\/autofans.com.ar\/"},{"@type":"ListItem","position":2,"name":"Mercedes-Benz Camiones y Buses celebra el d\u00eda mundial de la tierra"}]},{"@type":"WebSite","@id":"https:\/\/autofans.com.ar\/#website","url":"https:\/\/autofans.com.ar\/","name":"","description":"El multimedio referente de la industria automotriz","potentialAction":[{"@type":"SearchAction","target":{"@type":"EntryPoint","urlTemplate":"https:\/\/autofans.com.ar\/?s={search_term_string}"},"query-input":{"@type":"PropertyValueSpecification","valueRequired":true,"valueName":"search_term_string"}}],"inLanguage":"es"},{"@type":"Person","@id":"https:\/\/autofans.com.ar\/#\/schema\/person\/4a8dda0b6df83ac3d6723e921274c2aa","name":"Alejandro Gabriel Rosito","image":{"@type":"ImageObject","inLanguage":"es","@id":"https:\/\/secure.gravatar.com\/avatar\/16c5dda1489adfc62618084dcbb91cffd879c374b13fe5dd8e44ed6733852c88?s=96&d=mm&r=g","url":"https:\/\/secure.gravatar.com\/avatar\/16c5dda1489adfc62618084dcbb91cffd879c374b13fe5dd8e44ed6733852c88?s=96&d=mm&r=g","contentUrl":"https:\/\/secure.gravatar.com\/avatar\/16c5dda1489adfc62618084dcbb91cffd879c374b13fe5dd8e44ed6733852c88?s=96&d=mm&r=g","caption":"Alejandro Gabriel Rosito"},"url":"https:\/\/autofans.com.ar\/index.php\/author\/gabrielr\/"}]}},"featured_image_urls":{"full":["https:\/\/autofans.com.ar\/wp-content\/uploads\/2024\/04\/foto-2-7.jpg",1000,667,false],"thumbnail":["https:\/\/autofans.com.ar\/wp-content\/uploads\/2024\/04\/foto-2-7-150x150.jpg",150,150,true],"medium":["https:\/\/autofans.com.ar\/wp-content\/uploads\/2024\/04\/foto-2-7-300x200.jpg",300,200,true],"medium_large":["https:\/\/autofans.com.ar\/wp-content\/uploads\/2024\/04\/foto-2-7-768x512.jpg",640,427,true],"large":["https:\/\/autofans.com.ar\/wp-content\/uploads\/2024\/04\/foto-2-7.jpg",640,427,false],"1536x1536":["https:\/\/autofans.com.ar\/wp-content\/uploads\/2024\/04\/foto-2-7.jpg",1000,667,false],"2048x2048":["https:\/\/autofans.com.ar\/wp-content\/uploads\/2024\/04\/foto-2-7.jpg",1000,667,false],"covernews-featured":["https:\/\/autofans.com.ar\/wp-content\/uploads\/2024\/04\/foto-2-7.jpg",1000,667,false],"covernews-medium":["https:\/\/autofans.com.ar\/wp-content\/uploads\/2024\/04\/foto-2-7-540x340.jpg",540,340,true]},"author_info":{"display_name":"Alejandro Gabriel Rosito","author_link":"https:\/\/autofans.com.ar\/index.php\/author\/gabrielr\/"},"category_info":"<a href=\"https:\/\/autofans.com.ar\/index.php\/category\/noticias\/bizstyle\/\" rel=\"category tag\">BIZSTYLE<\/a> <a href=\"https:\/\/autofans.com.ar\/index.php\/category\/noticias\/\" rel=\"category tag\">NOTICIAS<\/a>","tag_info":"NOTICIAS","comment_count":0,"_links":{"self":[{"href":"https:\/\/autofans.com.ar\/index.php\/wp-json\/wp\/v2\/posts\/7447","targetHints":{"allow":["GET"]}}],"collection":[{"href":"https:\/\/autofans.com.ar\/index.php\/wp-json\/wp\/v2\/posts"}],"about":[{"href":"https:\/\/autofans.com.ar\/index.php\/wp-json\/wp\/v2\/types\/post"}],"author":[{"embeddable":true,"href":"https:\/\/autofans.com.ar\/index.php\/wp-json\/wp\/v2\/users\/2"}],"replies":[{"embeddable":true,"href":"https:\/\/autofans.com.ar\/index.php\/wp-json\/wp\/v2\/comments?post=7447"}],"version-history":[{"count":3,"href":"https:\/\/autofans.com.ar\/index.php\/wp-json\/wp\/v2\/posts\/7447\/revisions"}],"predecessor-version":[{"id":7453,"href":"https:\/\/autofans.com.ar\/index.php\/wp-json\/wp\/v2\/posts\/7447\/revisions\/7453"}],"wp:featuredmedia":[{"embeddable":true,"href":"https:\/\/autofans.com.ar\/index.php\/wp-json\/wp\/v2\/media\/7449"}],"wp:attachment":[{"href":"https:\/\/autofans.com.ar\/index.php\/wp-json\/wp\/v2\/media?parent=7447"}],"wp:term":[{"taxonomy":"category","embeddable":true,"href":"https:\/\/autofans.com.ar\/index.php\/wp-json\/wp\/v2\/categories?post=7447"},{"taxonomy":"post_tag","embeddable":true,"href":"https:\/\/autofans.com.ar\/index.php\/wp-json\/wp\/v2\/tags?post=7447"}],"curies":[{"name":"wp","href":"https:\/\/api.w.org\/{rel}","templated":true}]}}