{"id":7461,"date":"2024-04-24T16:13:59","date_gmt":"2024-04-24T19:13:59","guid":{"rendered":"https:\/\/autofans.com.ar\/?p=7461"},"modified":"2024-04-24T16:13:59","modified_gmt":"2024-04-24T19:13:59","slug":"renault-megane-e-tech-100-electrico-llega-a-la-argentina","status":"publish","type":"post","link":"https:\/\/autofans.com.ar\/index.php\/2024\/04\/24\/renault-megane-e-tech-100-electrico-llega-a-la-argentina\/","title":{"rendered":"Renault Megane E-Tech 100% El\u00e9ctrico llega a la Argentina"},"content":{"rendered":"<p>En una gala deslumbrante en el Teatro Col\u00f3n donde fuimos testigos, Renault Argentina present\u00f3 su \u00faltimo lanzamiento: el Renault Megane E-Tech 100% el\u00e9ctrico, marcando as\u00ed el inicio de una nueva era en la movilidad nacional. Conoce todo sobre este veh\u00edculo pionero en dise\u00f1o, innovaci\u00f3n y tecnolog\u00eda.<\/p>\n<p>&nbsp;<\/p>\n<h2>La visi\u00f3n futurista de Renault llega a Argentina<\/h2>\n<p>Renault Argentina sorprende con el lanzamiento del Renault Megane E-Tech 100% el\u00e9ctrico, un veh\u00edculo que marca el inicio de una revoluci\u00f3n en la industria automotriz nacional. Presentado en el ic\u00f3nico Teatro Col\u00f3n, este modelo representa la visi\u00f3n futurista y transformadora del Grupo Renault. Con un dise\u00f1o innovador y avanzada tecnolog\u00eda, este auto redefine los est\u00e1ndares de movilidad en Argentina.<\/p>\n<p>&nbsp;<\/p>\n<div id='gallery-1' class='gallery galleryid-7461 gallery-columns-2 gallery-size-full'><figure class='gallery-item'>\n\t\t\t<div class='gallery-icon landscape'>\n\t\t\t\t<a href='https:\/\/autofans.com.ar\/index.php\/2024\/04\/24\/renault-megane-e-tech-100-electrico-llega-a-la-argentina\/megane-7\/'><img loading=\"lazy\" width=\"1000\" height=\"667\" src=\"https:\/\/autofans.com.ar\/wp-content\/uploads\/2024\/04\/megane-7.jpg\" class=\"attachment-full size-full\" alt=\"megane-7\" srcset=\"https:\/\/autofans.com.ar\/wp-content\/uploads\/2024\/04\/megane-7.jpg 1000w, https:\/\/autofans.com.ar\/wp-content\/uploads\/2024\/04\/megane-7-300x200.jpg 300w, https:\/\/autofans.com.ar\/wp-content\/uploads\/2024\/04\/megane-7-768x512.jpg 768w\" sizes=\"auto, (max-width: 1000px) 100vw, 1000px\" loading=\"lazy\" decoding=\"async\" \/><\/a>\n\t\t\t<\/div><\/figure><figure class='gallery-item'>\n\t\t\t<div class='gallery-icon landscape'>\n\t\t\t\t<a href='https:\/\/autofans.com.ar\/index.php\/2024\/04\/24\/renault-megane-e-tech-100-electrico-llega-a-la-argentina\/megane-6\/'><img loading=\"lazy\" width=\"1000\" height=\"667\" src=\"https:\/\/autofans.com.ar\/wp-content\/uploads\/2024\/04\/megane-6.jpg\" class=\"attachment-full size-full\" alt=\"Renault Megane E-Tech\" srcset=\"https:\/\/autofans.com.ar\/wp-content\/uploads\/2024\/04\/megane-6.jpg 1000w, https:\/\/autofans.com.ar\/wp-content\/uploads\/2024\/04\/megane-6-300x200.jpg 300w, https:\/\/autofans.com.ar\/wp-content\/uploads\/2024\/04\/megane-6-768x512.jpg 768w\" sizes=\"auto, (max-width: 1000px) 100vw, 1000px\" loading=\"lazy\" decoding=\"async\" \/><\/a>\n\t\t\t<\/div><\/figure>\n\t\t<\/div>\n\n<p>&nbsp;<\/p>\n<p>El precio de lanzamiento del Renault Megane E-Tech 100% el\u00e9ctrico es de $71.000.000 a partir de mayo, inaugurando as\u00ed una nueva etapa en la oferta de veh\u00edculos el\u00e9ctricos en el pa\u00eds. Adem\u00e1s, durante el evento se present\u00f3 la campa\u00f1a \u00abHistorias argentinas\u00bb, un emotivo recorrido por la trayectoria de Renault en Argentina.<\/p>\n<p>&nbsp;<\/p>\n<h2>El futuro de la movilidad<\/h2>\n<p><a href=\"https:\/\/autofans.com.ar\/wp-content\/uploads\/2024\/04\/MEGANE-E-TECH-Brochure25.03.pdf\" target=\"_blank\" rel=\"noopener\">Ficha T\u00e9cnica &#8211; MEGANE E-TECH 100% el\u00e9ctrico<\/a><\/p>\n<p>El Renault Megane E-Tech 100% el\u00e9ctrico se destaca por su plataforma CMF-EV, dise\u00f1ada exclusivamente para veh\u00edculos el\u00e9ctricos. Con un estilo aerodin\u00e1mico y deportivo, combina la elegancia francesa con la eficiencia y tecnolog\u00eda del futuro. Su dise\u00f1o exterior, con detalles bitono y faros LED, lo hacen irresistible a la vista.<\/p>\n<p>&nbsp;<\/p>\n<p><img fetchpriority=\"high\" decoding=\"async\" class=\"aligncenter wp-image-7465 size-full\" src=\"https:\/\/autofans.com.ar\/wp-content\/uploads\/2024\/04\/megane-3.jpg\" alt=\"Renault Megane E-Tech\" width=\"1000\" height=\"667\" srcset=\"https:\/\/autofans.com.ar\/wp-content\/uploads\/2024\/04\/megane-3.jpg 1000w, https:\/\/autofans.com.ar\/wp-content\/uploads\/2024\/04\/megane-3-300x200.jpg 300w, https:\/\/autofans.com.ar\/wp-content\/uploads\/2024\/04\/megane-3-768x512.jpg 768w\" sizes=\"(max-width: 1000px) 100vw, 1000px\" \/><\/p>\n<p>&nbsp;<\/p>\n<p>Equipado con un motor de 160 kW\/220 cv y 300 Nm de torque, el Renault Megane E-Tech 100% el\u00e9ctrico ofrece un rendimiento excepcional. Con una aceleraci\u00f3n de 0 a 100 km\/h en 7,4 segundos y una autonom\u00eda de 450 km, este veh\u00edculo redefine la experiencia de conducci\u00f3n el\u00e9ctrica en Argentina. Adem\u00e1s, su innovador sistema de gesti\u00f3n t\u00e9rmica garantiza un confort \u00f3ptimo en todo momento.<\/p>\n<p>&nbsp;<\/p>\n<h2>Confort y tecnolog\u00eda de vanguardia<\/h2>\n<p>El interior del Renault Megane E-Tech 100% el\u00e9ctrico es sin\u00f3nimo de lujo y comodidad. Con una amplia gama de caracter\u00edsticas, como asientos con calefacci\u00f3n, pantalla t\u00e1ctil de 9\u201d, y sistema de sonido premium, ofrece una experiencia de conducci\u00f3n \u00fanica. Su avanzado sistema de asistencia al conductor y sus 7 airbags garantizan la m\u00e1xima seguridad en cada viaje.<\/p>\n<p>&nbsp;<\/p>\n<p><img decoding=\"async\" class=\"aligncenter wp-image-7466 size-full\" src=\"https:\/\/autofans.com.ar\/wp-content\/uploads\/2024\/04\/megane-4.jpg\" alt=\"Renault Megane E-Tech\" width=\"1000\" height=\"667\" srcset=\"https:\/\/autofans.com.ar\/wp-content\/uploads\/2024\/04\/megane-4.jpg 1000w, https:\/\/autofans.com.ar\/wp-content\/uploads\/2024\/04\/megane-4-300x200.jpg 300w, https:\/\/autofans.com.ar\/wp-content\/uploads\/2024\/04\/megane-4-768x512.jpg 768w\" sizes=\"(max-width: 1000px) 100vw, 1000px\" \/><\/p>\n<p>&nbsp;<\/p>\n<p>Renault se compromete a brindar un servicio de excelencia a sus clientes E-Tech. Con una red de concesionarios capacitados y servicios postventa especializados, garantiza una experiencia sin igual. Adem\u00e1s, ofrece beneficios exclusivos, como primeros dos servicios sin cargo, veh\u00edculo sustituto y descuentos en tecnolog\u00eda a trav\u00e9s de My Renault.<\/p>\n<p>Con el lanzamiento del Renault Megane E-Tech 100% el\u00e9ctrico, Renault reafirma su liderazgo en la electrificaci\u00f3n de veh\u00edculos a nivel mundial. Desde su experiencia pionera hasta su compromiso con la innovaci\u00f3n, Renault contin\u00faa impulsando la movilidad el\u00e9ctrica en Argentina y en el mundo.<\/p>\n<p>&nbsp;<\/p>\n<p><center><iframe title=\"Renault Megane E-Tech 100% El\u00e9ctrico llega a la Argentina\" width=\"640\" height=\"360\" src=\"https:\/\/www.youtube.com\/embed\/aDWNb3oloGE?feature=oembed\" frameborder=\"0\" allow=\"accelerometer; autoplay; clipboard-write; encrypted-media; gyroscope; picture-in-picture; web-share\" referrerpolicy=\"strict-origin-when-cross-origin\" allowfullscreen><\/iframe><\/p>\n<p>&nbsp;<\/p>\n<p><\/center>&nbsp;<\/p>\n<p><i>Para enterarte de m\u00e1s novedades, no dejes de leer\u00a0<\/i><a href=\"https:\/\/autofans.thebrandsoup.com\/\"><i>nuestras notas<\/i><\/a><i>, de ver<\/i><b><i>\u00a0<\/i><\/b><a href=\"https:\/\/www.youtube.com\/channel\/UCgAC8UGHZYbT6P7PpmVnP7g\"><b><i>AUTOFANS TV<\/i><\/b><\/a><b><i>\u00a0<\/i><\/b><i>en nuestro\u00a0canal de Youtube. Adem\u00e1s seguinos en\u00a0<\/i><a href=\"https:\/\/www.instagram.com\/autofanstv\/\"><i>INSTAGRAM<\/i><\/a><i> y <\/i><a href=\"https:\/\/www.facebook.com\/autofansmas\/\"><i>FACEBOOK<\/i><\/a><i> para no perderte nada sobre las novedades del segmento automotor de Argentina y el mundo.<\/i><\/p>\n","protected":false},"excerpt":{"rendered":"<p>En una gala deslumbrante en el Teatro Col\u00f3n donde fuimos testigos, Renault Argentina present\u00f3 su&#8230;<\/p>\n","protected":false},"author":2,"featured_media":7467,"comment_status":"closed","ping_status":"closed","sticky":false,"template":"","format":"standard","meta":{"footnotes":""},"categories":[371,1],"tags":[2210,1460,565,2660,3949,719,32],"class_list":["post-7461","post","type-post","status-publish","format-standard","has-post-thumbnail","hentry","category-hibridos-electricos-y","category-lanzamientos","tag-innovacion-en-transporte","tag-movilidad-sustentable","tag-renault-argentina","tag-renault-megane-e-tech","tag-teatro-colon","tag-tecnologia-automotriz","tag-vehiculo-electrico"],"yoast_head":"<!-- This site is optimized with the Yoast SEO plugin v27.5 - https:\/\/yoast.com\/product\/yoast-seo-wordpress\/ -->\n<title>Renault Megane E-Tech 100% El\u00e9ctrico llega a la Argentina -<\/title>\n<meta name=\"description\" content=\"En una gala deslumbrante en el Teatro Col\u00f3n donde fuimos testigos, Renault present\u00f3 el lanzamiento del Renault Megane E-Tech 100% el\u00e9ctrico..\" \/>\n<meta name=\"robots\" content=\"index, follow, max-snippet:-1, max-image-preview:large, max-video-preview:-1\" \/>\n<link rel=\"canonical\" href=\"https:\/\/autofans.com.ar\/index.php\/2024\/04\/24\/renault-megane-e-tech-100-electrico-llega-a-la-argentina\/\" \/>\n<meta property=\"og:locale\" content=\"es_ES\" \/>\n<meta property=\"og:type\" content=\"article\" \/>\n<meta property=\"og:title\" content=\"Renault Megane E-Tech 100% El\u00e9ctrico llega a la Argentina -\" \/>\n<meta property=\"og:description\" content=\"En una gala deslumbrante en el Teatro Col\u00f3n donde fuimos testigos, Renault present\u00f3 el lanzamiento del Renault Megane E-Tech 100% el\u00e9ctrico..\" \/>\n<meta property=\"og:url\" content=\"https:\/\/autofans.com.ar\/index.php\/2024\/04\/24\/renault-megane-e-tech-100-electrico-llega-a-la-argentina\/\" \/>\n<meta property=\"article:published_time\" content=\"2024-04-24T19:13:59+00:00\" \/>\n<meta property=\"og:image\" content=\"https:\/\/autofans.com.ar\/wp-content\/uploads\/2024\/04\/megane-5.jpg\" \/>\n\t<meta property=\"og:image:width\" content=\"640\" \/>\n\t<meta property=\"og:image:height\" content=\"427\" \/>\n\t<meta property=\"og:image:type\" content=\"image\/jpeg\" \/>\n<meta name=\"author\" content=\"Alejandro Gabriel Rosito\" \/>\n<meta name=\"twitter:card\" content=\"summary_large_image\" \/>\n<meta name=\"twitter:label1\" content=\"Escrito por\" \/>\n\t<meta name=\"twitter:data1\" content=\"Alejandro Gabriel Rosito\" \/>\n\t<meta name=\"twitter:label2\" content=\"Tiempo de lectura\" \/>\n\t<meta name=\"twitter:data2\" content=\"3 minutos\" \/>\n<script type=\"application\/ld+json\" class=\"yoast-schema-graph\">{\"@context\":\"https:\\\/\\\/schema.org\",\"@graph\":[{\"@type\":\"Article\",\"@id\":\"https:\\\/\\\/autofans.com.ar\\\/index.php\\\/2024\\\/04\\\/24\\\/renault-megane-e-tech-100-electrico-llega-a-la-argentina\\\/#article\",\"isPartOf\":{\"@id\":\"https:\\\/\\\/autofans.com.ar\\\/index.php\\\/2024\\\/04\\\/24\\\/renault-megane-e-tech-100-electrico-llega-a-la-argentina\\\/\"},\"author\":{\"name\":\"Alejandro Gabriel Rosito\",\"@id\":\"https:\\\/\\\/autofans.com.ar\\\/#\\\/schema\\\/person\\\/4a8dda0b6df83ac3d6723e921274c2aa\"},\"headline\":\"Renault Megane E-Tech 100% El\u00e9ctrico llega a la Argentina\",\"datePublished\":\"2024-04-24T19:13:59+00:00\",\"mainEntityOfPage\":{\"@id\":\"https:\\\/\\\/autofans.com.ar\\\/index.php\\\/2024\\\/04\\\/24\\\/renault-megane-e-tech-100-electrico-llega-a-la-argentina\\\/\"},\"wordCount\":561,\"image\":{\"@id\":\"https:\\\/\\\/autofans.com.ar\\\/index.php\\\/2024\\\/04\\\/24\\\/renault-megane-e-tech-100-electrico-llega-a-la-argentina\\\/#primaryimage\"},\"thumbnailUrl\":\"https:\\\/\\\/autofans.com.ar\\\/wp-content\\\/uploads\\\/2024\\\/04\\\/megane-5.jpg\",\"keywords\":[\"innovaci\u00f3n en transporte\",\"movilidad sustentable\",\"Renault Argentina\",\"Renault Megane E-Tech\",\"teatro col\u00f3n\",\"Tecnolog\u00eda automotriz\",\"Vehiculo electrico\"],\"articleSection\":[\"H\u00edbridos, El\u00e9ctricos y +\",\"LANZAMIENTOS\"],\"inLanguage\":\"es\"},{\"@type\":\"WebPage\",\"@id\":\"https:\\\/\\\/autofans.com.ar\\\/index.php\\\/2024\\\/04\\\/24\\\/renault-megane-e-tech-100-electrico-llega-a-la-argentina\\\/\",\"url\":\"https:\\\/\\\/autofans.com.ar\\\/index.php\\\/2024\\\/04\\\/24\\\/renault-megane-e-tech-100-electrico-llega-a-la-argentina\\\/\",\"name\":\"Renault Megane E-Tech 100% El\u00e9ctrico llega a la Argentina -\",\"isPartOf\":{\"@id\":\"https:\\\/\\\/autofans.com.ar\\\/#website\"},\"primaryImageOfPage\":{\"@id\":\"https:\\\/\\\/autofans.com.ar\\\/index.php\\\/2024\\\/04\\\/24\\\/renault-megane-e-tech-100-electrico-llega-a-la-argentina\\\/#primaryimage\"},\"image\":{\"@id\":\"https:\\\/\\\/autofans.com.ar\\\/index.php\\\/2024\\\/04\\\/24\\\/renault-megane-e-tech-100-electrico-llega-a-la-argentina\\\/#primaryimage\"},\"thumbnailUrl\":\"https:\\\/\\\/autofans.com.ar\\\/wp-content\\\/uploads\\\/2024\\\/04\\\/megane-5.jpg\",\"datePublished\":\"2024-04-24T19:13:59+00:00\",\"author\":{\"@id\":\"https:\\\/\\\/autofans.com.ar\\\/#\\\/schema\\\/person\\\/4a8dda0b6df83ac3d6723e921274c2aa\"},\"description\":\"En una gala deslumbrante en el Teatro Col\u00f3n donde fuimos testigos, Renault present\u00f3 el lanzamiento del Renault Megane E-Tech 100% el\u00e9ctrico..\",\"breadcrumb\":{\"@id\":\"https:\\\/\\\/autofans.com.ar\\\/index.php\\\/2024\\\/04\\\/24\\\/renault-megane-e-tech-100-electrico-llega-a-la-argentina\\\/#breadcrumb\"},\"inLanguage\":\"es\",\"potentialAction\":[{\"@type\":\"ReadAction\",\"target\":[\"https:\\\/\\\/autofans.com.ar\\\/index.php\\\/2024\\\/04\\\/24\\\/renault-megane-e-tech-100-electrico-llega-a-la-argentina\\\/\"]}]},{\"@type\":\"ImageObject\",\"inLanguage\":\"es\",\"@id\":\"https:\\\/\\\/autofans.com.ar\\\/index.php\\\/2024\\\/04\\\/24\\\/renault-megane-e-tech-100-electrico-llega-a-la-argentina\\\/#primaryimage\",\"url\":\"https:\\\/\\\/autofans.com.ar\\\/wp-content\\\/uploads\\\/2024\\\/04\\\/megane-5.jpg\",\"contentUrl\":\"https:\\\/\\\/autofans.com.ar\\\/wp-content\\\/uploads\\\/2024\\\/04\\\/megane-5.jpg\",\"width\":1000,\"height\":667,\"caption\":\"Renault Megane E-Tech\"},{\"@type\":\"BreadcrumbList\",\"@id\":\"https:\\\/\\\/autofans.com.ar\\\/index.php\\\/2024\\\/04\\\/24\\\/renault-megane-e-tech-100-electrico-llega-a-la-argentina\\\/#breadcrumb\",\"itemListElement\":[{\"@type\":\"ListItem\",\"position\":1,\"name\":\"Inicio\",\"item\":\"https:\\\/\\\/autofans.com.ar\\\/\"},{\"@type\":\"ListItem\",\"position\":2,\"name\":\"Renault Megane E-Tech 100% El\u00e9ctrico llega a la Argentina\"}]},{\"@type\":\"WebSite\",\"@id\":\"https:\\\/\\\/autofans.com.ar\\\/#website\",\"url\":\"https:\\\/\\\/autofans.com.ar\\\/\",\"name\":\"\",\"description\":\"El multimedio referente de la industria automotriz\",\"potentialAction\":[{\"@type\":\"SearchAction\",\"target\":{\"@type\":\"EntryPoint\",\"urlTemplate\":\"https:\\\/\\\/autofans.com.ar\\\/?s={search_term_string}\"},\"query-input\":{\"@type\":\"PropertyValueSpecification\",\"valueRequired\":true,\"valueName\":\"search_term_string\"}}],\"inLanguage\":\"es\"},{\"@type\":\"Person\",\"@id\":\"https:\\\/\\\/autofans.com.ar\\\/#\\\/schema\\\/person\\\/4a8dda0b6df83ac3d6723e921274c2aa\",\"name\":\"Alejandro Gabriel Rosito\",\"image\":{\"@type\":\"ImageObject\",\"inLanguage\":\"es\",\"@id\":\"https:\\\/\\\/secure.gravatar.com\\\/avatar\\\/16c5dda1489adfc62618084dcbb91cffd879c374b13fe5dd8e44ed6733852c88?s=96&d=mm&r=g\",\"url\":\"https:\\\/\\\/secure.gravatar.com\\\/avatar\\\/16c5dda1489adfc62618084dcbb91cffd879c374b13fe5dd8e44ed6733852c88?s=96&d=mm&r=g\",\"contentUrl\":\"https:\\\/\\\/secure.gravatar.com\\\/avatar\\\/16c5dda1489adfc62618084dcbb91cffd879c374b13fe5dd8e44ed6733852c88?s=96&d=mm&r=g\",\"caption\":\"Alejandro Gabriel Rosito\"},\"url\":\"https:\\\/\\\/autofans.com.ar\\\/index.php\\\/author\\\/gabrielr\\\/\"}]}<\/script>\n<!-- \/ Yoast SEO plugin. -->","yoast_head_json":{"title":"Renault Megane E-Tech 100% El\u00e9ctrico llega a la Argentina -","description":"En una gala deslumbrante en el Teatro Col\u00f3n donde fuimos testigos, Renault present\u00f3 el lanzamiento del Renault Megane E-Tech 100% el\u00e9ctrico..","robots":{"index":"index","follow":"follow","max-snippet":"max-snippet:-1","max-image-preview":"max-image-preview:large","max-video-preview":"max-video-preview:-1"},"canonical":"https:\/\/autofans.com.ar\/index.php\/2024\/04\/24\/renault-megane-e-tech-100-electrico-llega-a-la-argentina\/","og_locale":"es_ES","og_type":"article","og_title":"Renault Megane E-Tech 100% El\u00e9ctrico llega a la Argentina -","og_description":"En una gala deslumbrante en el Teatro Col\u00f3n donde fuimos testigos, Renault present\u00f3 el lanzamiento del Renault Megane E-Tech 100% el\u00e9ctrico..","og_url":"https:\/\/autofans.com.ar\/index.php\/2024\/04\/24\/renault-megane-e-tech-100-electrico-llega-a-la-argentina\/","article_published_time":"2024-04-24T19:13:59+00:00","og_image":[{"url":"https:\/\/autofans.com.ar\/wp-content\/uploads\/2024\/04\/megane-5.jpg","width":640,"height":427,"type":"image\/jpeg"}],"author":"Alejandro Gabriel Rosito","twitter_card":"summary_large_image","twitter_misc":{"Escrito por":"Alejandro Gabriel Rosito","Tiempo de lectura":"3 minutos"},"schema":{"@context":"https:\/\/schema.org","@graph":[{"@type":"Article","@id":"https:\/\/autofans.com.ar\/index.php\/2024\/04\/24\/renault-megane-e-tech-100-electrico-llega-a-la-argentina\/#article","isPartOf":{"@id":"https:\/\/autofans.com.ar\/index.php\/2024\/04\/24\/renault-megane-e-tech-100-electrico-llega-a-la-argentina\/"},"author":{"name":"Alejandro Gabriel Rosito","@id":"https:\/\/autofans.com.ar\/#\/schema\/person\/4a8dda0b6df83ac3d6723e921274c2aa"},"headline":"Renault Megane E-Tech 100% El\u00e9ctrico llega a la Argentina","datePublished":"2024-04-24T19:13:59+00:00","mainEntityOfPage":{"@id":"https:\/\/autofans.com.ar\/index.php\/2024\/04\/24\/renault-megane-e-tech-100-electrico-llega-a-la-argentina\/"},"wordCount":561,"image":{"@id":"https:\/\/autofans.com.ar\/index.php\/2024\/04\/24\/renault-megane-e-tech-100-electrico-llega-a-la-argentina\/#primaryimage"},"thumbnailUrl":"https:\/\/autofans.com.ar\/wp-content\/uploads\/2024\/04\/megane-5.jpg","keywords":["innovaci\u00f3n en transporte","movilidad sustentable","Renault Argentina","Renault Megane E-Tech","teatro col\u00f3n","Tecnolog\u00eda automotriz","Vehiculo electrico"],"articleSection":["H\u00edbridos, El\u00e9ctricos y +","LANZAMIENTOS"],"inLanguage":"es"},{"@type":"WebPage","@id":"https:\/\/autofans.com.ar\/index.php\/2024\/04\/24\/renault-megane-e-tech-100-electrico-llega-a-la-argentina\/","url":"https:\/\/autofans.com.ar\/index.php\/2024\/04\/24\/renault-megane-e-tech-100-electrico-llega-a-la-argentina\/","name":"Renault Megane E-Tech 100% El\u00e9ctrico llega a la Argentina -","isPartOf":{"@id":"https:\/\/autofans.com.ar\/#website"},"primaryImageOfPage":{"@id":"https:\/\/autofans.com.ar\/index.php\/2024\/04\/24\/renault-megane-e-tech-100-electrico-llega-a-la-argentina\/#primaryimage"},"image":{"@id":"https:\/\/autofans.com.ar\/index.php\/2024\/04\/24\/renault-megane-e-tech-100-electrico-llega-a-la-argentina\/#primaryimage"},"thumbnailUrl":"https:\/\/autofans.com.ar\/wp-content\/uploads\/2024\/04\/megane-5.jpg","datePublished":"2024-04-24T19:13:59+00:00","author":{"@id":"https:\/\/autofans.com.ar\/#\/schema\/person\/4a8dda0b6df83ac3d6723e921274c2aa"},"description":"En una gala deslumbrante en el Teatro Col\u00f3n donde fuimos testigos, Renault present\u00f3 el lanzamiento del Renault Megane E-Tech 100% el\u00e9ctrico..","breadcrumb":{"@id":"https:\/\/autofans.com.ar\/index.php\/2024\/04\/24\/renault-megane-e-tech-100-electrico-llega-a-la-argentina\/#breadcrumb"},"inLanguage":"es","potentialAction":[{"@type":"ReadAction","target":["https:\/\/autofans.com.ar\/index.php\/2024\/04\/24\/renault-megane-e-tech-100-electrico-llega-a-la-argentina\/"]}]},{"@type":"ImageObject","inLanguage":"es","@id":"https:\/\/autofans.com.ar\/index.php\/2024\/04\/24\/renault-megane-e-tech-100-electrico-llega-a-la-argentina\/#primaryimage","url":"https:\/\/autofans.com.ar\/wp-content\/uploads\/2024\/04\/megane-5.jpg","contentUrl":"https:\/\/autofans.com.ar\/wp-content\/uploads\/2024\/04\/megane-5.jpg","width":1000,"height":667,"caption":"Renault Megane E-Tech"},{"@type":"BreadcrumbList","@id":"https:\/\/autofans.com.ar\/index.php\/2024\/04\/24\/renault-megane-e-tech-100-electrico-llega-a-la-argentina\/#breadcrumb","itemListElement":[{"@type":"ListItem","position":1,"name":"Inicio","item":"https:\/\/autofans.com.ar\/"},{"@type":"ListItem","position":2,"name":"Renault Megane E-Tech 100% El\u00e9ctrico llega a la Argentina"}]},{"@type":"WebSite","@id":"https:\/\/autofans.com.ar\/#website","url":"https:\/\/autofans.com.ar\/","name":"","description":"El multimedio referente de la industria automotriz","potentialAction":[{"@type":"SearchAction","target":{"@type":"EntryPoint","urlTemplate":"https:\/\/autofans.com.ar\/?s={search_term_string}"},"query-input":{"@type":"PropertyValueSpecification","valueRequired":true,"valueName":"search_term_string"}}],"inLanguage":"es"},{"@type":"Person","@id":"https:\/\/autofans.com.ar\/#\/schema\/person\/4a8dda0b6df83ac3d6723e921274c2aa","name":"Alejandro Gabriel Rosito","image":{"@type":"ImageObject","inLanguage":"es","@id":"https:\/\/secure.gravatar.com\/avatar\/16c5dda1489adfc62618084dcbb91cffd879c374b13fe5dd8e44ed6733852c88?s=96&d=mm&r=g","url":"https:\/\/secure.gravatar.com\/avatar\/16c5dda1489adfc62618084dcbb91cffd879c374b13fe5dd8e44ed6733852c88?s=96&d=mm&r=g","contentUrl":"https:\/\/secure.gravatar.com\/avatar\/16c5dda1489adfc62618084dcbb91cffd879c374b13fe5dd8e44ed6733852c88?s=96&d=mm&r=g","caption":"Alejandro Gabriel Rosito"},"url":"https:\/\/autofans.com.ar\/index.php\/author\/gabrielr\/"}]}},"featured_image_urls":{"full":["https:\/\/autofans.com.ar\/wp-content\/uploads\/2024\/04\/megane-5.jpg",1000,667,false],"thumbnail":["https:\/\/autofans.com.ar\/wp-content\/uploads\/2024\/04\/megane-5-150x150.jpg",150,150,true],"medium":["https:\/\/autofans.com.ar\/wp-content\/uploads\/2024\/04\/megane-5-300x200.jpg",300,200,true],"medium_large":["https:\/\/autofans.com.ar\/wp-content\/uploads\/2024\/04\/megane-5-768x512.jpg",640,427,true],"large":["https:\/\/autofans.com.ar\/wp-content\/uploads\/2024\/04\/megane-5.jpg",640,427,false],"1536x1536":["https:\/\/autofans.com.ar\/wp-content\/uploads\/2024\/04\/megane-5.jpg",1000,667,false],"2048x2048":["https:\/\/autofans.com.ar\/wp-content\/uploads\/2024\/04\/megane-5.jpg",1000,667,false],"covernews-featured":["https:\/\/autofans.com.ar\/wp-content\/uploads\/2024\/04\/megane-5.jpg",1000,667,false],"covernews-medium":["https:\/\/autofans.com.ar\/wp-content\/uploads\/2024\/04\/megane-5-540x340.jpg",540,340,true]},"author_info":{"display_name":"Alejandro Gabriel Rosito","author_link":"https:\/\/autofans.com.ar\/index.php\/author\/gabrielr\/"},"category_info":"<a href=\"https:\/\/autofans.com.ar\/index.php\/category\/lanzamientos\/hibridos-electricos-y\/\" rel=\"category tag\">H\u00edbridos, El\u00e9ctricos y +<\/a> <a href=\"https:\/\/autofans.com.ar\/index.php\/category\/lanzamientos\/\" rel=\"category tag\">LANZAMIENTOS<\/a>","tag_info":"LANZAMIENTOS","comment_count":0,"_links":{"self":[{"href":"https:\/\/autofans.com.ar\/index.php\/wp-json\/wp\/v2\/posts\/7461","targetHints":{"allow":["GET"]}}],"collection":[{"href":"https:\/\/autofans.com.ar\/index.php\/wp-json\/wp\/v2\/posts"}],"about":[{"href":"https:\/\/autofans.com.ar\/index.php\/wp-json\/wp\/v2\/types\/post"}],"author":[{"embeddable":true,"href":"https:\/\/autofans.com.ar\/index.php\/wp-json\/wp\/v2\/users\/2"}],"replies":[{"embeddable":true,"href":"https:\/\/autofans.com.ar\/index.php\/wp-json\/wp\/v2\/comments?post=7461"}],"version-history":[{"count":3,"href":"https:\/\/autofans.com.ar\/index.php\/wp-json\/wp\/v2\/posts\/7461\/revisions"}],"predecessor-version":[{"id":7472,"href":"https:\/\/autofans.com.ar\/index.php\/wp-json\/wp\/v2\/posts\/7461\/revisions\/7472"}],"wp:featuredmedia":[{"embeddable":true,"href":"https:\/\/autofans.com.ar\/index.php\/wp-json\/wp\/v2\/media\/7467"}],"wp:attachment":[{"href":"https:\/\/autofans.com.ar\/index.php\/wp-json\/wp\/v2\/media?parent=7461"}],"wp:term":[{"taxonomy":"category","embeddable":true,"href":"https:\/\/autofans.com.ar\/index.php\/wp-json\/wp\/v2\/categories?post=7461"},{"taxonomy":"post_tag","embeddable":true,"href":"https:\/\/autofans.com.ar\/index.php\/wp-json\/wp\/v2\/tags?post=7461"}],"curies":[{"name":"wp","href":"https:\/\/api.w.org\/{rel}","templated":true}]}}