{"id":7494,"date":"2024-04-26T13:01:56","date_gmt":"2024-04-26T16:01:56","guid":{"rendered":"https:\/\/autofans.com.ar\/?p=7494"},"modified":"2024-04-26T13:01:56","modified_gmt":"2024-04-26T16:01:56","slug":"ds-automobiles-revela-el-grand-gala-para-el-monaco-e-prix","status":"publish","type":"post","link":"https:\/\/autofans.com.ar\/index.php\/2024\/04\/26\/ds-automobiles-revela-el-grand-gala-para-el-monaco-e-prix\/","title":{"rendered":"DS Automobiles Revela el &#8216;Grand Gala&#8217; para el M\u00f3naco E-Prix"},"content":{"rendered":"<p>DS Automobiles, en colaboraci\u00f3n con Penske Autosport, revela una decoraci\u00f3n especial para el M\u00f3naco E-Prix, programado para el pr\u00f3ximo 27 de abril. El DS E-TENSE FE23, conocido como &#8216;Grand Gala&#8217;, deslumbrar\u00e1 con una combinaci\u00f3n de colores inspirada en la elegancia de los trajes de noche que adornan los eventos de gala del Principado.<\/p>\n<p>&nbsp;<\/p>\n<h2>DS Automobiles &#8211; estilo y elegancia sobre ruedas<\/h2>\n<p>El DS E-TENSE FE23 &#8216;Grand Gala&#8217; exhibir\u00e1 un dise\u00f1o que fusiona estilo y prestaciones, con logotipos dorados sobre un fondo negro, rindiendo homenaje a la sofisticaci\u00f3n de las veladas monegascas. Este monoplaza, desarrollado por DS Performance, demostr\u00f3 su competitividad en el reciente fin de semana en Misano, Italia, y se espera que brille nuevamente en las calles de M\u00f3naco.<\/p>\n<p>&nbsp;<\/p>\n<p><img fetchpriority=\"high\" decoding=\"async\" class=\"aligncenter wp-image-7495 size-full\" src=\"https:\/\/autofans.com.ar\/wp-content\/uploads\/2024\/04\/foto-3-11.jpg\" alt=\"DS Automobiles\" width=\"1000\" height=\"667\" srcset=\"https:\/\/autofans.com.ar\/wp-content\/uploads\/2024\/04\/foto-3-11.jpg 1000w, https:\/\/autofans.com.ar\/wp-content\/uploads\/2024\/04\/foto-3-11-300x200.jpg 300w, https:\/\/autofans.com.ar\/wp-content\/uploads\/2024\/04\/foto-3-11-768x512.jpg 768w\" sizes=\"(max-width: 1000px) 100vw, 1000px\" \/><\/p>\n<p>&nbsp;<\/p>\n<p>El bicampe\u00f3n de F\u00f3rmula E, Jean-Eric Vergne, y su compa\u00f1ero Stoffel Vandoorne, campe\u00f3n en 2022, ser\u00e1n los encargados de conducir el DS E-TENSE FE23 &#8216;Grand Gala&#8217;. Ambos lucir\u00e1n trajes y cascos a juego con los impresionantes colores del monoplaza.<\/p>\n<p>&nbsp;<\/p>\n<blockquote>\n<p style=\"text-align: center;\">Eugenio Franzetti, director de DS Performance:<\/p>\n<p style=\"text-align: center;\">\u201cPara esta carrera tan especial y \u00fanica, hemos creado un DS E-TENSE FE23 igualmente especial y \u00fanico. Inspirado en las noches de gala que se celebran por todo M\u00f3naco, nuestro monoplaza tambi\u00e9n se ha puesto el smoking y la corbata negra para la \u00abGrand Gala\u00bb que es la carrera de M\u00f3naco. No s\u00f3lo hemos creado una asombrosa decoraci\u00f3n, sino tambi\u00e9n unos trajes y cascos incre\u00edbles para los pilotos, inspirados en el tema de la \u00abGrand Gala\u00bb. Este es tambi\u00e9n el caso del DS 7 E-TENSE 4&#215;4 360 que llevar\u00e1 a Jean-Eric y Stoffel por las calles de M\u00f3naco, con la misma decoraci\u00f3n que sus monoplazas de carreras. Automobilist tambi\u00e9n ha realizado un impresionante p\u00f3ster para coleccionistas, disponible en su sitio web. Ahora s\u00ed que podemos esperar una carrera especial con algunas bonitas innovaciones de DS Performance y su socio PENSKE AUTOSPORT\u201d.<\/p>\n<\/blockquote>\n<p>&nbsp;<\/p>\n<h2>Exclusividad en el principado<\/h2>\n<p>Durante todo el fin de semana, los pilotos se desplazar\u00e1n por el Principado a bordo de un DS 7 E-TENSE 4&#215;4 360, siguiendo la misma paleta de colores del &#8216;Grand Gala&#8217;. Adem\u00e1s, se pondr\u00e1 a disposici\u00f3n del p\u00fablico un p\u00f3ster &#8216;Automobilist&#8217; para conmemorar esta decoraci\u00f3n \u00fanica.<\/p>\n<p>&nbsp;<\/p>\n<p><img decoding=\"async\" class=\"aligncenter wp-image-7496 size-full\" src=\"https:\/\/autofans.com.ar\/wp-content\/uploads\/2024\/04\/foto-2-11.jpg\" alt=\"DS Automobiles\" width=\"1000\" height=\"667\" srcset=\"https:\/\/autofans.com.ar\/wp-content\/uploads\/2024\/04\/foto-2-11.jpg 1000w, https:\/\/autofans.com.ar\/wp-content\/uploads\/2024\/04\/foto-2-11-300x200.jpg 300w, https:\/\/autofans.com.ar\/wp-content\/uploads\/2024\/04\/foto-2-11-768x512.jpg 768w\" sizes=\"(max-width: 1000px) 100vw, 1000px\" \/><\/p>\n<p>&nbsp;<\/p>\n<p>El M\u00f3naco E-Prix, que dar\u00e1 inicio el s\u00e1bado 27 de abril a las 15h CET, promete ser un evento emocionante. Desde que DS Automobiles se uni\u00f3 a la F\u00f3rmula E, ha participado en 112 carreras, obteniendo 4 t\u00edtulos de campe\u00f3n, 16 victorias, 48 podios y 23 poles.<\/p>\n<p>&nbsp;<\/p>\n<p>&nbsp;<\/p>\n<p>&nbsp;<\/p>\n<p><i>Para enterarte de m\u00e1s novedades, no dejes de leer\u00a0<\/i><a href=\"https:\/\/autofans.thebrandsoup.com\/\"><i>nuestras notas<\/i><\/a><i>, de ver<\/i><b><i>\u00a0<\/i><\/b><a href=\"https:\/\/www.youtube.com\/channel\/UCgAC8UGHZYbT6P7PpmVnP7g\"><b><i>AUTOFANS TV<\/i><\/b><\/a><b><i>\u00a0<\/i><\/b><i>en nuestro\u00a0canal de Youtube. Adem\u00e1s seguinos en\u00a0<\/i><a href=\"https:\/\/www.instagram.com\/autofanstv\/\"><i>INSTAGRAM<\/i><\/a><i> y <\/i><a href=\"https:\/\/www.facebook.com\/autofansmas\/\"><i>FACEBOOK<\/i><\/a><i> para no perderte nada sobre las novedades del segmento automotor de Argentina y el mundo.<\/i><\/p>\n","protected":false},"excerpt":{"rendered":"<p>DS Automobiles, en colaboraci\u00f3n con Penske Autosport, revela una decoraci\u00f3n especial para el M\u00f3naco E-Prix,&#8230;<\/p>\n","protected":false},"author":2,"featured_media":7497,"comment_status":"closed","ping_status":"closed","sticky":false,"template":"","format":"standard","meta":{"footnotes":""},"categories":[127,16],"tags":[185,3829,3970,545,2694,267,3968,880,1156,3969,1157,3971,881],"class_list":["post-7494","post","type-post","status-publish","format-standard","has-post-thumbnail","hentry","category-deporte","category-noticias","tag-automovilismo","tag-competitividad","tag-decoracion-especial","tag-ds-automobiles","tag-ds-e-tense-fe23","tag-formula-e","tag-grand-gala","tag-jean-eric-vergne","tag-monaco-e-prix","tag-monoplaza","tag-penske-autosport","tag-principado-de-monaco","tag-stoffel-vandoorne"],"yoast_head":"<!-- This site is optimized with the Yoast SEO plugin v27.5 - https:\/\/yoast.com\/product\/yoast-seo-wordpress\/ -->\n<title>DS Automobiles Revela el &#039;Grand Gala&#039; para el M\u00f3naco E-Prix -<\/title>\n<meta name=\"description\" content=\"DS Automobiles, en colaboraci\u00f3n con Penske Autosport, revela una decoraci\u00f3n especial para el M\u00f3naco E-Prix. El DS E-TENSE FE23...\" \/>\n<meta name=\"robots\" content=\"index, follow, max-snippet:-1, max-image-preview:large, max-video-preview:-1\" \/>\n<link rel=\"canonical\" href=\"https:\/\/autofans.com.ar\/index.php\/2024\/04\/26\/ds-automobiles-revela-el-grand-gala-para-el-monaco-e-prix\/\" \/>\n<meta property=\"og:locale\" content=\"es_ES\" \/>\n<meta property=\"og:type\" content=\"article\" \/>\n<meta property=\"og:title\" content=\"DS Automobiles Revela el &#039;Grand Gala&#039; para el M\u00f3naco E-Prix -\" \/>\n<meta property=\"og:description\" content=\"DS Automobiles, en colaboraci\u00f3n con Penske Autosport, revela una decoraci\u00f3n especial para el M\u00f3naco E-Prix. El DS E-TENSE FE23...\" \/>\n<meta property=\"og:url\" content=\"https:\/\/autofans.com.ar\/index.php\/2024\/04\/26\/ds-automobiles-revela-el-grand-gala-para-el-monaco-e-prix\/\" \/>\n<meta property=\"article:published_time\" content=\"2024-04-26T16:01:56+00:00\" \/>\n<meta property=\"og:image\" content=\"https:\/\/autofans.com.ar\/wp-content\/uploads\/2024\/04\/foto-1-11.jpg\" \/>\n\t<meta property=\"og:image:width\" content=\"640\" \/>\n\t<meta property=\"og:image:height\" content=\"427\" \/>\n\t<meta property=\"og:image:type\" content=\"image\/jpeg\" \/>\n<meta name=\"author\" content=\"Alejandro Gabriel Rosito\" \/>\n<meta name=\"twitter:card\" content=\"summary_large_image\" \/>\n<meta name=\"twitter:label1\" content=\"Escrito por\" \/>\n\t<meta name=\"twitter:data1\" content=\"Alejandro Gabriel Rosito\" \/>\n\t<meta name=\"twitter:label2\" content=\"Tiempo de lectura\" \/>\n\t<meta name=\"twitter:data2\" content=\"2 minutos\" \/>\n<script type=\"application\/ld+json\" class=\"yoast-schema-graph\">{\"@context\":\"https:\\\/\\\/schema.org\",\"@graph\":[{\"@type\":\"Article\",\"@id\":\"https:\\\/\\\/autofans.com.ar\\\/index.php\\\/2024\\\/04\\\/26\\\/ds-automobiles-revela-el-grand-gala-para-el-monaco-e-prix\\\/#article\",\"isPartOf\":{\"@id\":\"https:\\\/\\\/autofans.com.ar\\\/index.php\\\/2024\\\/04\\\/26\\\/ds-automobiles-revela-el-grand-gala-para-el-monaco-e-prix\\\/\"},\"author\":{\"name\":\"Alejandro Gabriel Rosito\",\"@id\":\"https:\\\/\\\/autofans.com.ar\\\/#\\\/schema\\\/person\\\/4a8dda0b6df83ac3d6723e921274c2aa\"},\"headline\":\"DS Automobiles Revela el &#8216;Grand Gala&#8217; para el M\u00f3naco E-Prix\",\"datePublished\":\"2024-04-26T16:01:56+00:00\",\"mainEntityOfPage\":{\"@id\":\"https:\\\/\\\/autofans.com.ar\\\/index.php\\\/2024\\\/04\\\/26\\\/ds-automobiles-revela-el-grand-gala-para-el-monaco-e-prix\\\/\"},\"wordCount\":492,\"image\":{\"@id\":\"https:\\\/\\\/autofans.com.ar\\\/index.php\\\/2024\\\/04\\\/26\\\/ds-automobiles-revela-el-grand-gala-para-el-monaco-e-prix\\\/#primaryimage\"},\"thumbnailUrl\":\"https:\\\/\\\/autofans.com.ar\\\/wp-content\\\/uploads\\\/2024\\\/04\\\/foto-1-11.jpg\",\"keywords\":[\"#automovilismo\",\"competitividad\",\"decoraci\u00f3n especial\",\"DS Automobiles\",\"DS E-TENSE FE23\",\"F\u00f3rmula E\",\"Grand Gala\",\"Jean-Eric Vergne\",\"Monaco E-Prix\",\"monoplaza\",\"Penske Autosport\",\"Principado de M\u00f3naco\",\"Stoffel Vandoorne\"],\"articleSection\":[\"DEPORTE MOTOR\",\"NOTICIAS\"],\"inLanguage\":\"es\"},{\"@type\":\"WebPage\",\"@id\":\"https:\\\/\\\/autofans.com.ar\\\/index.php\\\/2024\\\/04\\\/26\\\/ds-automobiles-revela-el-grand-gala-para-el-monaco-e-prix\\\/\",\"url\":\"https:\\\/\\\/autofans.com.ar\\\/index.php\\\/2024\\\/04\\\/26\\\/ds-automobiles-revela-el-grand-gala-para-el-monaco-e-prix\\\/\",\"name\":\"DS Automobiles Revela el 'Grand Gala' para el M\u00f3naco E-Prix -\",\"isPartOf\":{\"@id\":\"https:\\\/\\\/autofans.com.ar\\\/#website\"},\"primaryImageOfPage\":{\"@id\":\"https:\\\/\\\/autofans.com.ar\\\/index.php\\\/2024\\\/04\\\/26\\\/ds-automobiles-revela-el-grand-gala-para-el-monaco-e-prix\\\/#primaryimage\"},\"image\":{\"@id\":\"https:\\\/\\\/autofans.com.ar\\\/index.php\\\/2024\\\/04\\\/26\\\/ds-automobiles-revela-el-grand-gala-para-el-monaco-e-prix\\\/#primaryimage\"},\"thumbnailUrl\":\"https:\\\/\\\/autofans.com.ar\\\/wp-content\\\/uploads\\\/2024\\\/04\\\/foto-1-11.jpg\",\"datePublished\":\"2024-04-26T16:01:56+00:00\",\"author\":{\"@id\":\"https:\\\/\\\/autofans.com.ar\\\/#\\\/schema\\\/person\\\/4a8dda0b6df83ac3d6723e921274c2aa\"},\"description\":\"DS Automobiles, en colaboraci\u00f3n con Penske Autosport, revela una decoraci\u00f3n especial para el M\u00f3naco E-Prix. El DS E-TENSE FE23...\",\"breadcrumb\":{\"@id\":\"https:\\\/\\\/autofans.com.ar\\\/index.php\\\/2024\\\/04\\\/26\\\/ds-automobiles-revela-el-grand-gala-para-el-monaco-e-prix\\\/#breadcrumb\"},\"inLanguage\":\"es\",\"potentialAction\":[{\"@type\":\"ReadAction\",\"target\":[\"https:\\\/\\\/autofans.com.ar\\\/index.php\\\/2024\\\/04\\\/26\\\/ds-automobiles-revela-el-grand-gala-para-el-monaco-e-prix\\\/\"]}]},{\"@type\":\"ImageObject\",\"inLanguage\":\"es\",\"@id\":\"https:\\\/\\\/autofans.com.ar\\\/index.php\\\/2024\\\/04\\\/26\\\/ds-automobiles-revela-el-grand-gala-para-el-monaco-e-prix\\\/#primaryimage\",\"url\":\"https:\\\/\\\/autofans.com.ar\\\/wp-content\\\/uploads\\\/2024\\\/04\\\/foto-1-11.jpg\",\"contentUrl\":\"https:\\\/\\\/autofans.com.ar\\\/wp-content\\\/uploads\\\/2024\\\/04\\\/foto-1-11.jpg\",\"width\":1000,\"height\":667,\"caption\":\"DS Automobiles\"},{\"@type\":\"BreadcrumbList\",\"@id\":\"https:\\\/\\\/autofans.com.ar\\\/index.php\\\/2024\\\/04\\\/26\\\/ds-automobiles-revela-el-grand-gala-para-el-monaco-e-prix\\\/#breadcrumb\",\"itemListElement\":[{\"@type\":\"ListItem\",\"position\":1,\"name\":\"Inicio\",\"item\":\"https:\\\/\\\/autofans.com.ar\\\/\"},{\"@type\":\"ListItem\",\"position\":2,\"name\":\"DS Automobiles Revela el &#8216;Grand Gala&#8217; para el M\u00f3naco E-Prix\"}]},{\"@type\":\"WebSite\",\"@id\":\"https:\\\/\\\/autofans.com.ar\\\/#website\",\"url\":\"https:\\\/\\\/autofans.com.ar\\\/\",\"name\":\"\",\"description\":\"El multimedio referente de la industria automotriz\",\"potentialAction\":[{\"@type\":\"SearchAction\",\"target\":{\"@type\":\"EntryPoint\",\"urlTemplate\":\"https:\\\/\\\/autofans.com.ar\\\/?s={search_term_string}\"},\"query-input\":{\"@type\":\"PropertyValueSpecification\",\"valueRequired\":true,\"valueName\":\"search_term_string\"}}],\"inLanguage\":\"es\"},{\"@type\":\"Person\",\"@id\":\"https:\\\/\\\/autofans.com.ar\\\/#\\\/schema\\\/person\\\/4a8dda0b6df83ac3d6723e921274c2aa\",\"name\":\"Alejandro Gabriel Rosito\",\"image\":{\"@type\":\"ImageObject\",\"inLanguage\":\"es\",\"@id\":\"https:\\\/\\\/secure.gravatar.com\\\/avatar\\\/16c5dda1489adfc62618084dcbb91cffd879c374b13fe5dd8e44ed6733852c88?s=96&d=mm&r=g\",\"url\":\"https:\\\/\\\/secure.gravatar.com\\\/avatar\\\/16c5dda1489adfc62618084dcbb91cffd879c374b13fe5dd8e44ed6733852c88?s=96&d=mm&r=g\",\"contentUrl\":\"https:\\\/\\\/secure.gravatar.com\\\/avatar\\\/16c5dda1489adfc62618084dcbb91cffd879c374b13fe5dd8e44ed6733852c88?s=96&d=mm&r=g\",\"caption\":\"Alejandro Gabriel Rosito\"},\"url\":\"https:\\\/\\\/autofans.com.ar\\\/index.php\\\/author\\\/gabrielr\\\/\"}]}<\/script>\n<!-- \/ Yoast SEO plugin. -->","yoast_head_json":{"title":"DS Automobiles Revela el 'Grand Gala' para el M\u00f3naco E-Prix -","description":"DS Automobiles, en colaboraci\u00f3n con Penske Autosport, revela una decoraci\u00f3n especial para el M\u00f3naco E-Prix. El DS E-TENSE FE23...","robots":{"index":"index","follow":"follow","max-snippet":"max-snippet:-1","max-image-preview":"max-image-preview:large","max-video-preview":"max-video-preview:-1"},"canonical":"https:\/\/autofans.com.ar\/index.php\/2024\/04\/26\/ds-automobiles-revela-el-grand-gala-para-el-monaco-e-prix\/","og_locale":"es_ES","og_type":"article","og_title":"DS Automobiles Revela el 'Grand Gala' para el M\u00f3naco E-Prix -","og_description":"DS Automobiles, en colaboraci\u00f3n con Penske Autosport, revela una decoraci\u00f3n especial para el M\u00f3naco E-Prix. El DS E-TENSE FE23...","og_url":"https:\/\/autofans.com.ar\/index.php\/2024\/04\/26\/ds-automobiles-revela-el-grand-gala-para-el-monaco-e-prix\/","article_published_time":"2024-04-26T16:01:56+00:00","og_image":[{"url":"https:\/\/autofans.com.ar\/wp-content\/uploads\/2024\/04\/foto-1-11.jpg","width":640,"height":427,"type":"image\/jpeg"}],"author":"Alejandro Gabriel Rosito","twitter_card":"summary_large_image","twitter_misc":{"Escrito por":"Alejandro Gabriel Rosito","Tiempo de lectura":"2 minutos"},"schema":{"@context":"https:\/\/schema.org","@graph":[{"@type":"Article","@id":"https:\/\/autofans.com.ar\/index.php\/2024\/04\/26\/ds-automobiles-revela-el-grand-gala-para-el-monaco-e-prix\/#article","isPartOf":{"@id":"https:\/\/autofans.com.ar\/index.php\/2024\/04\/26\/ds-automobiles-revela-el-grand-gala-para-el-monaco-e-prix\/"},"author":{"name":"Alejandro Gabriel Rosito","@id":"https:\/\/autofans.com.ar\/#\/schema\/person\/4a8dda0b6df83ac3d6723e921274c2aa"},"headline":"DS Automobiles Revela el &#8216;Grand Gala&#8217; para el M\u00f3naco E-Prix","datePublished":"2024-04-26T16:01:56+00:00","mainEntityOfPage":{"@id":"https:\/\/autofans.com.ar\/index.php\/2024\/04\/26\/ds-automobiles-revela-el-grand-gala-para-el-monaco-e-prix\/"},"wordCount":492,"image":{"@id":"https:\/\/autofans.com.ar\/index.php\/2024\/04\/26\/ds-automobiles-revela-el-grand-gala-para-el-monaco-e-prix\/#primaryimage"},"thumbnailUrl":"https:\/\/autofans.com.ar\/wp-content\/uploads\/2024\/04\/foto-1-11.jpg","keywords":["#automovilismo","competitividad","decoraci\u00f3n especial","DS Automobiles","DS E-TENSE FE23","F\u00f3rmula E","Grand Gala","Jean-Eric Vergne","Monaco E-Prix","monoplaza","Penske Autosport","Principado de M\u00f3naco","Stoffel Vandoorne"],"articleSection":["DEPORTE MOTOR","NOTICIAS"],"inLanguage":"es"},{"@type":"WebPage","@id":"https:\/\/autofans.com.ar\/index.php\/2024\/04\/26\/ds-automobiles-revela-el-grand-gala-para-el-monaco-e-prix\/","url":"https:\/\/autofans.com.ar\/index.php\/2024\/04\/26\/ds-automobiles-revela-el-grand-gala-para-el-monaco-e-prix\/","name":"DS Automobiles Revela el 'Grand Gala' para el M\u00f3naco E-Prix -","isPartOf":{"@id":"https:\/\/autofans.com.ar\/#website"},"primaryImageOfPage":{"@id":"https:\/\/autofans.com.ar\/index.php\/2024\/04\/26\/ds-automobiles-revela-el-grand-gala-para-el-monaco-e-prix\/#primaryimage"},"image":{"@id":"https:\/\/autofans.com.ar\/index.php\/2024\/04\/26\/ds-automobiles-revela-el-grand-gala-para-el-monaco-e-prix\/#primaryimage"},"thumbnailUrl":"https:\/\/autofans.com.ar\/wp-content\/uploads\/2024\/04\/foto-1-11.jpg","datePublished":"2024-04-26T16:01:56+00:00","author":{"@id":"https:\/\/autofans.com.ar\/#\/schema\/person\/4a8dda0b6df83ac3d6723e921274c2aa"},"description":"DS Automobiles, en colaboraci\u00f3n con Penske Autosport, revela una decoraci\u00f3n especial para el M\u00f3naco E-Prix. El DS E-TENSE FE23...","breadcrumb":{"@id":"https:\/\/autofans.com.ar\/index.php\/2024\/04\/26\/ds-automobiles-revela-el-grand-gala-para-el-monaco-e-prix\/#breadcrumb"},"inLanguage":"es","potentialAction":[{"@type":"ReadAction","target":["https:\/\/autofans.com.ar\/index.php\/2024\/04\/26\/ds-automobiles-revela-el-grand-gala-para-el-monaco-e-prix\/"]}]},{"@type":"ImageObject","inLanguage":"es","@id":"https:\/\/autofans.com.ar\/index.php\/2024\/04\/26\/ds-automobiles-revela-el-grand-gala-para-el-monaco-e-prix\/#primaryimage","url":"https:\/\/autofans.com.ar\/wp-content\/uploads\/2024\/04\/foto-1-11.jpg","contentUrl":"https:\/\/autofans.com.ar\/wp-content\/uploads\/2024\/04\/foto-1-11.jpg","width":1000,"height":667,"caption":"DS Automobiles"},{"@type":"BreadcrumbList","@id":"https:\/\/autofans.com.ar\/index.php\/2024\/04\/26\/ds-automobiles-revela-el-grand-gala-para-el-monaco-e-prix\/#breadcrumb","itemListElement":[{"@type":"ListItem","position":1,"name":"Inicio","item":"https:\/\/autofans.com.ar\/"},{"@type":"ListItem","position":2,"name":"DS Automobiles Revela el &#8216;Grand Gala&#8217; para el M\u00f3naco E-Prix"}]},{"@type":"WebSite","@id":"https:\/\/autofans.com.ar\/#website","url":"https:\/\/autofans.com.ar\/","name":"","description":"El multimedio referente de la industria automotriz","potentialAction":[{"@type":"SearchAction","target":{"@type":"EntryPoint","urlTemplate":"https:\/\/autofans.com.ar\/?s={search_term_string}"},"query-input":{"@type":"PropertyValueSpecification","valueRequired":true,"valueName":"search_term_string"}}],"inLanguage":"es"},{"@type":"Person","@id":"https:\/\/autofans.com.ar\/#\/schema\/person\/4a8dda0b6df83ac3d6723e921274c2aa","name":"Alejandro Gabriel Rosito","image":{"@type":"ImageObject","inLanguage":"es","@id":"https:\/\/secure.gravatar.com\/avatar\/16c5dda1489adfc62618084dcbb91cffd879c374b13fe5dd8e44ed6733852c88?s=96&d=mm&r=g","url":"https:\/\/secure.gravatar.com\/avatar\/16c5dda1489adfc62618084dcbb91cffd879c374b13fe5dd8e44ed6733852c88?s=96&d=mm&r=g","contentUrl":"https:\/\/secure.gravatar.com\/avatar\/16c5dda1489adfc62618084dcbb91cffd879c374b13fe5dd8e44ed6733852c88?s=96&d=mm&r=g","caption":"Alejandro Gabriel Rosito"},"url":"https:\/\/autofans.com.ar\/index.php\/author\/gabrielr\/"}]}},"featured_image_urls":{"full":["https:\/\/autofans.com.ar\/wp-content\/uploads\/2024\/04\/foto-1-11.jpg",1000,667,false],"thumbnail":["https:\/\/autofans.com.ar\/wp-content\/uploads\/2024\/04\/foto-1-11-150x150.jpg",150,150,true],"medium":["https:\/\/autofans.com.ar\/wp-content\/uploads\/2024\/04\/foto-1-11-300x200.jpg",300,200,true],"medium_large":["https:\/\/autofans.com.ar\/wp-content\/uploads\/2024\/04\/foto-1-11-768x512.jpg",640,427,true],"large":["https:\/\/autofans.com.ar\/wp-content\/uploads\/2024\/04\/foto-1-11.jpg",640,427,false],"1536x1536":["https:\/\/autofans.com.ar\/wp-content\/uploads\/2024\/04\/foto-1-11.jpg",1000,667,false],"2048x2048":["https:\/\/autofans.com.ar\/wp-content\/uploads\/2024\/04\/foto-1-11.jpg",1000,667,false],"covernews-featured":["https:\/\/autofans.com.ar\/wp-content\/uploads\/2024\/04\/foto-1-11.jpg",1000,667,false],"covernews-medium":["https:\/\/autofans.com.ar\/wp-content\/uploads\/2024\/04\/foto-1-11-540x340.jpg",540,340,true]},"author_info":{"display_name":"Alejandro Gabriel Rosito","author_link":"https:\/\/autofans.com.ar\/index.php\/author\/gabrielr\/"},"category_info":"<a href=\"https:\/\/autofans.com.ar\/index.php\/category\/noticias\/deporte\/\" rel=\"category tag\">DEPORTE MOTOR<\/a> <a href=\"https:\/\/autofans.com.ar\/index.php\/category\/noticias\/\" rel=\"category tag\">NOTICIAS<\/a>","tag_info":"NOTICIAS","comment_count":0,"_links":{"self":[{"href":"https:\/\/autofans.com.ar\/index.php\/wp-json\/wp\/v2\/posts\/7494","targetHints":{"allow":["GET"]}}],"collection":[{"href":"https:\/\/autofans.com.ar\/index.php\/wp-json\/wp\/v2\/posts"}],"about":[{"href":"https:\/\/autofans.com.ar\/index.php\/wp-json\/wp\/v2\/types\/post"}],"author":[{"embeddable":true,"href":"https:\/\/autofans.com.ar\/index.php\/wp-json\/wp\/v2\/users\/2"}],"replies":[{"embeddable":true,"href":"https:\/\/autofans.com.ar\/index.php\/wp-json\/wp\/v2\/comments?post=7494"}],"version-history":[{"count":1,"href":"https:\/\/autofans.com.ar\/index.php\/wp-json\/wp\/v2\/posts\/7494\/revisions"}],"predecessor-version":[{"id":7498,"href":"https:\/\/autofans.com.ar\/index.php\/wp-json\/wp\/v2\/posts\/7494\/revisions\/7498"}],"wp:featuredmedia":[{"embeddable":true,"href":"https:\/\/autofans.com.ar\/index.php\/wp-json\/wp\/v2\/media\/7497"}],"wp:attachment":[{"href":"https:\/\/autofans.com.ar\/index.php\/wp-json\/wp\/v2\/media?parent=7494"}],"wp:term":[{"taxonomy":"category","embeddable":true,"href":"https:\/\/autofans.com.ar\/index.php\/wp-json\/wp\/v2\/categories?post=7494"},{"taxonomy":"post_tag","embeddable":true,"href":"https:\/\/autofans.com.ar\/index.php\/wp-json\/wp\/v2\/tags?post=7494"}],"curies":[{"name":"wp","href":"https:\/\/api.w.org\/{rel}","templated":true}]}}