{"id":7499,"date":"2024-04-26T19:31:05","date_gmt":"2024-04-26T22:31:05","guid":{"rendered":"https:\/\/autofans.com.ar\/?p=7499"},"modified":"2024-04-26T19:31:05","modified_gmt":"2024-04-26T22:31:05","slug":"renault-lleva-su-revolucion-electrica-a-las-calles-argentinas-con-el-e-tech-tour","status":"publish","type":"post","link":"https:\/\/autofans.com.ar\/index.php\/2024\/04\/26\/renault-lleva-su-revolucion-electrica-a-las-calles-argentinas-con-el-e-tech-tour\/","title":{"rendered":"Renault lleva su revoluci\u00f3n el\u00e9ctrica a las calles argentinas con el E-Tech Tour"},"content":{"rendered":"<p>Renault Argentina est\u00e1 en marcha con el E-Tech Tour, una iniciativa que pone al alcance de clientes y empresas la oportunidad de sumarse a la revoluci\u00f3n el\u00e9ctrica que impulsa la marca en el pa\u00eds. Este tour, que arranca el 27 de abril y se extiende hasta el 16 de junio, recorrer\u00e1 Buenos Aires, Mar del Plata, Mendoza y C\u00f3rdoba en cuatro fines de semana cargados de novedades.<\/p>\n<p>&nbsp;<\/p>\n<h2>E-Tech Tour &#8211; la revoluci\u00f3n el\u00e9ctrica sobre ruedas<\/h2>\n<p>El E-Tech Tour es m\u00e1s que un evento: es una experiencia \u00fanica para descubrir y probar los veh\u00edculos el\u00e9ctricos de Renault. Desde el reci\u00e9n lanzado Megane E-Tech 100% el\u00e9ctrico hasta el Kwid E-Tech 100% el\u00e9ctrico, pasando por la Kangoo E-Tech 100% el\u00e9ctrica que pronto llegar\u00e1 al mercado argentino, podr\u00e1s conocer de cerca toda la gama en un ambiente distendido y amigable.<\/p>\n<p>&nbsp;<\/p>\n<div id='gallery-1' class='gallery galleryid-7499 gallery-columns-2 gallery-size-full'><figure class='gallery-item'>\n\t\t\t<div class='gallery-icon landscape'>\n\t\t\t\t<a href='https:\/\/autofans.com.ar\/index.php\/2024\/04\/26\/renault-lleva-su-revolucion-electrica-a-las-calles-argentinas-con-el-e-tech-tour\/foto-3-365\/'><img loading=\"lazy\" width=\"1000\" height=\"667\" src=\"https:\/\/autofans.com.ar\/wp-content\/uploads\/2024\/04\/foto-3-12.jpg\" class=\"attachment-full size-full\" alt=\"E-Tech Tour\" srcset=\"https:\/\/autofans.com.ar\/wp-content\/uploads\/2024\/04\/foto-3-12.jpg 1000w, https:\/\/autofans.com.ar\/wp-content\/uploads\/2024\/04\/foto-3-12-300x200.jpg 300w, https:\/\/autofans.com.ar\/wp-content\/uploads\/2024\/04\/foto-3-12-768x512.jpg 768w\" sizes=\"auto, (max-width: 1000px) 100vw, 1000px\" loading=\"lazy\" decoding=\"async\" \/><\/a>\n\t\t\t<\/div><\/figure><figure class='gallery-item'>\n\t\t\t<div class='gallery-icon landscape'>\n\t\t\t\t<a href='https:\/\/autofans.com.ar\/index.php\/2024\/04\/26\/renault-lleva-su-revolucion-electrica-a-las-calles-argentinas-con-el-e-tech-tour\/foto-5-142\/'><img loading=\"lazy\" width=\"1000\" height=\"667\" src=\"https:\/\/autofans.com.ar\/wp-content\/uploads\/2024\/04\/foto-5-5.jpg\" class=\"attachment-full size-full\" alt=\"E-Tech Tour\" srcset=\"https:\/\/autofans.com.ar\/wp-content\/uploads\/2024\/04\/foto-5-5.jpg 1000w, https:\/\/autofans.com.ar\/wp-content\/uploads\/2024\/04\/foto-5-5-300x200.jpg 300w, https:\/\/autofans.com.ar\/wp-content\/uploads\/2024\/04\/foto-5-5-768x512.jpg 768w\" sizes=\"auto, (max-width: 1000px) 100vw, 1000px\" loading=\"lazy\" decoding=\"async\" \/><\/a>\n\t\t\t<\/div><\/figure>\n\t\t<\/div>\n\n<p>&nbsp;<\/p>\n<p>En cada parada del tour, los asistentes tendr\u00e1n la oportunidad de realizar test drives de los modelos Megane y Kwid, sumergi\u00e9ndose en la experiencia de conducir un veh\u00edculo el\u00e9ctrico y siendo testigos directos de la innovaci\u00f3n que propone Renault.<\/p>\n<p>\u00bfQuieres ser parte de esta revoluci\u00f3n? No te pierdas la oportunidad de agendar tu turno para los test drives en el siguiente enlace: <a href=\"https:\/\/www.renault.com.ar\/renault-e-tech-tour.html\" target=\"_blank\" rel=\"noopener\">https:\/\/www.renault.com.ar\/renault-e-tech-tour.html<\/a><\/p>\n<p>&nbsp;<\/p>\n<blockquote>\n<p style=\"text-align: center;\">\u201cLa tecnolog\u00eda E-Tech 100% el\u00e9ctrica es una de las respuestas de Renault a los nuevos retos de la movilidad y es por ello que queremos llevar esta movilidad el\u00e9ctrica a los principales rincones del pa\u00eds\u201d, afirm\u00f3 Valentina Solari, Directora Comercial de Renault Argentina. \u00a0\u201cEs fundamental para nosotros que nuestros clientes y potenciales clientes puedan subirse a nuestros autos 100% el\u00e9ctricos y vivir en primera persona el enorme placer de conducci\u00f3n que tienen, es una experiencia que no se puede describir con palabras\u201d, agreg\u00f3 la directiva al referirse a esta acci\u00f3n que va a tener un importante despliegue en lugares ic\u00f3nicos de la Argentina.<\/p>\n<\/blockquote>\n<p>&nbsp;<\/p>\n<h2>Megane E-Tech 100% el\u00e9ctrico: el embajador de la revoluci\u00f3n<\/h2>\n<p>El lanzamiento del Megane E-Tech 100% el\u00e9ctrico marca un hito en la historia de Renault en Argentina. Este modelo, que ya es un \u00e9xito en Europa, llega al pa\u00eds como representante de la visi\u00f3n futurista y transformadora que impulsa el Grupo Renault.<\/p>\n<p>&nbsp;<\/p>\n<div id='gallery-2' class='gallery galleryid-7499 gallery-columns-2 gallery-size-full'><figure class='gallery-item'>\n\t\t\t<div class='gallery-icon landscape'>\n\t\t\t\t<a href='https:\/\/autofans.com.ar\/index.php\/2024\/04\/26\/renault-lleva-su-revolucion-electrica-a-las-calles-argentinas-con-el-e-tech-tour\/foto-4-239\/'><img loading=\"lazy\" width=\"1000\" height=\"667\" src=\"https:\/\/autofans.com.ar\/wp-content\/uploads\/2024\/04\/foto-4-7.jpg\" class=\"attachment-full size-full\" alt=\"E-Tech Tour\" srcset=\"https:\/\/autofans.com.ar\/wp-content\/uploads\/2024\/04\/foto-4-7.jpg 1000w, https:\/\/autofans.com.ar\/wp-content\/uploads\/2024\/04\/foto-4-7-300x200.jpg 300w, https:\/\/autofans.com.ar\/wp-content\/uploads\/2024\/04\/foto-4-7-768x512.jpg 768w\" sizes=\"auto, (max-width: 1000px) 100vw, 1000px\" loading=\"lazy\" decoding=\"async\" \/><\/a>\n\t\t\t<\/div><\/figure><figure class='gallery-item'>\n\t\t\t<div class='gallery-icon landscape'>\n\t\t\t\t<a href='https:\/\/autofans.com.ar\/index.php\/2024\/04\/26\/renault-lleva-su-revolucion-electrica-a-las-calles-argentinas-con-el-e-tech-tour\/foto-2-441\/'><img loading=\"lazy\" width=\"1000\" height=\"667\" src=\"https:\/\/autofans.com.ar\/wp-content\/uploads\/2024\/04\/foto-2-12.jpg\" class=\"attachment-full size-full\" alt=\"E-Tech Tour\" srcset=\"https:\/\/autofans.com.ar\/wp-content\/uploads\/2024\/04\/foto-2-12.jpg 1000w, https:\/\/autofans.com.ar\/wp-content\/uploads\/2024\/04\/foto-2-12-300x200.jpg 300w, https:\/\/autofans.com.ar\/wp-content\/uploads\/2024\/04\/foto-2-12-768x512.jpg 768w\" sizes=\"auto, (max-width: 1000px) 100vw, 1000px\" loading=\"lazy\" decoding=\"async\" \/><\/a>\n\t\t\t<\/div><\/figure>\n\t\t<\/div>\n\n<p>&nbsp;<\/p>\n<p>Renault es l\u00edder en innovaci\u00f3n el\u00e9ctrica a nivel global, con m\u00e1s de 12 a\u00f1os de experiencia en el desarrollo y comercializaci\u00f3n de veh\u00edculos el\u00e9ctricos. En Am\u00e9rica Latina, la marca ha vendido m\u00e1s de 6.000 veh\u00edculos el\u00e9ctricos desde 2013, consolid\u00e1ndose como pionera en la regi\u00f3n.<\/p>\n<p>&nbsp;<\/p>\n<p>&nbsp;<\/p>\n<p><i>Para enterarte de m\u00e1s novedades, no dejes de leer\u00a0<\/i><a href=\"https:\/\/autofans.thebrandsoup.com\/\"><i>nuestras notas<\/i><\/a><i>, de ver<\/i><b><i>\u00a0<\/i><\/b><a href=\"https:\/\/www.youtube.com\/channel\/UCgAC8UGHZYbT6P7PpmVnP7g\"><b><i>AUTOFANS TV<\/i><\/b><\/a><b><i>\u00a0<\/i><\/b><i>en nuestro\u00a0canal de Youtube. Adem\u00e1s seguinos en\u00a0<\/i><a href=\"https:\/\/www.instagram.com\/autofanstv\/\"><i>INSTAGRAM<\/i><\/a><i> y <\/i><a href=\"https:\/\/www.facebook.com\/autofansmas\/\"><i>FACEBOOK<\/i><\/a><i> para no perderte nada sobre las novedades del segmento automotor de Argentina y el mundo.<\/i><\/p>\n","protected":false},"excerpt":{"rendered":"<p>Renault Argentina est\u00e1 en marcha con el E-Tech Tour, una iniciativa que pone al alcance&#8230;<\/p>\n","protected":false},"author":2,"featured_media":7504,"comment_status":"closed","ping_status":"closed","sticky":false,"template":"","format":"standard","meta":{"footnotes":""},"categories":[341,16],"tags":[213,38,3972,3200,3201,3202,379,323,3973,3538,359],"class_list":["post-7499","post","type-post","status-publish","format-standard","has-post-thumbnail","hentry","category-hibridos-y-electricos","category-noticias","tag-innovacion","tag-argentina","tag-e-tech-tour","tag-kangoo","tag-kwid","tag-megane","tag-movilidad-electrica","tag-renault","tag-revolucion-electrica","tag-test-drives","tag-vehiculos-electricos"],"yoast_head":"<!-- This site is optimized with the Yoast SEO plugin v27.5 - https:\/\/yoast.com\/product\/yoast-seo-wordpress\/ -->\n<title>Renault lleva su revoluci\u00f3n el\u00e9ctrica a las calles argentinas con el E-Tech Tour -<\/title>\n<meta name=\"description\" content=\"Renault Argentina est\u00e1 en marcha con el E-Tech Tour, una iniciativa que pone al alcance la oportunidad de sumarse a la revoluci\u00f3n el\u00e9ctrica..\" \/>\n<meta name=\"robots\" content=\"index, follow, max-snippet:-1, max-image-preview:large, max-video-preview:-1\" \/>\n<link rel=\"canonical\" href=\"https:\/\/autofans.com.ar\/index.php\/2024\/04\/26\/renault-lleva-su-revolucion-electrica-a-las-calles-argentinas-con-el-e-tech-tour\/\" \/>\n<meta property=\"og:locale\" content=\"es_ES\" \/>\n<meta property=\"og:type\" content=\"article\" \/>\n<meta property=\"og:title\" content=\"Renault lleva su revoluci\u00f3n el\u00e9ctrica a las calles argentinas con el E-Tech Tour -\" \/>\n<meta property=\"og:description\" content=\"Renault Argentina est\u00e1 en marcha con el E-Tech Tour, una iniciativa que pone al alcance la oportunidad de sumarse a la revoluci\u00f3n el\u00e9ctrica..\" \/>\n<meta property=\"og:url\" content=\"https:\/\/autofans.com.ar\/index.php\/2024\/04\/26\/renault-lleva-su-revolucion-electrica-a-las-calles-argentinas-con-el-e-tech-tour\/\" \/>\n<meta property=\"article:published_time\" content=\"2024-04-26T22:31:05+00:00\" \/>\n<meta property=\"og:image\" content=\"https:\/\/autofans.com.ar\/wp-content\/uploads\/2024\/04\/foto-1-12.jpg\" \/>\n\t<meta property=\"og:image:width\" content=\"640\" \/>\n\t<meta property=\"og:image:height\" content=\"427\" \/>\n\t<meta property=\"og:image:type\" content=\"image\/jpeg\" \/>\n<meta name=\"author\" content=\"Alejandro Gabriel Rosito\" \/>\n<meta name=\"twitter:card\" content=\"summary_large_image\" \/>\n<meta name=\"twitter:label1\" content=\"Escrito por\" \/>\n\t<meta name=\"twitter:data1\" content=\"Alejandro Gabriel Rosito\" \/>\n\t<meta name=\"twitter:label2\" content=\"Tiempo de lectura\" \/>\n\t<meta name=\"twitter:data2\" content=\"2 minutos\" \/>\n<script type=\"application\/ld+json\" class=\"yoast-schema-graph\">{\"@context\":\"https:\\\/\\\/schema.org\",\"@graph\":[{\"@type\":\"Article\",\"@id\":\"https:\\\/\\\/autofans.com.ar\\\/index.php\\\/2024\\\/04\\\/26\\\/renault-lleva-su-revolucion-electrica-a-las-calles-argentinas-con-el-e-tech-tour\\\/#article\",\"isPartOf\":{\"@id\":\"https:\\\/\\\/autofans.com.ar\\\/index.php\\\/2024\\\/04\\\/26\\\/renault-lleva-su-revolucion-electrica-a-las-calles-argentinas-con-el-e-tech-tour\\\/\"},\"author\":{\"name\":\"Alejandro Gabriel Rosito\",\"@id\":\"https:\\\/\\\/autofans.com.ar\\\/#\\\/schema\\\/person\\\/4a8dda0b6df83ac3d6723e921274c2aa\"},\"headline\":\"Renault lleva su revoluci\u00f3n el\u00e9ctrica a las calles argentinas con el E-Tech Tour\",\"datePublished\":\"2024-04-26T22:31:05+00:00\",\"mainEntityOfPage\":{\"@id\":\"https:\\\/\\\/autofans.com.ar\\\/index.php\\\/2024\\\/04\\\/26\\\/renault-lleva-su-revolucion-electrica-a-las-calles-argentinas-con-el-e-tech-tour\\\/\"},\"wordCount\":515,\"image\":{\"@id\":\"https:\\\/\\\/autofans.com.ar\\\/index.php\\\/2024\\\/04\\\/26\\\/renault-lleva-su-revolucion-electrica-a-las-calles-argentinas-con-el-e-tech-tour\\\/#primaryimage\"},\"thumbnailUrl\":\"https:\\\/\\\/autofans.com.ar\\\/wp-content\\\/uploads\\\/2024\\\/04\\\/foto-1-12.jpg\",\"keywords\":[\"#innovaci\u00f3n\",\"Argentina\",\"E-Tech Tour\",\"Kangoo\",\"Kwid\",\"Megane\",\"movilidad el\u00e9ctrica\",\"Renault\",\"revoluci\u00f3n el\u00e9ctrica\",\"Test Drives\",\"veh\u00edculos el\u00e9ctricos\"],\"articleSection\":[\"HIBRIDOS, ELECTRICOS y otros\",\"NOTICIAS\"],\"inLanguage\":\"es\"},{\"@type\":\"WebPage\",\"@id\":\"https:\\\/\\\/autofans.com.ar\\\/index.php\\\/2024\\\/04\\\/26\\\/renault-lleva-su-revolucion-electrica-a-las-calles-argentinas-con-el-e-tech-tour\\\/\",\"url\":\"https:\\\/\\\/autofans.com.ar\\\/index.php\\\/2024\\\/04\\\/26\\\/renault-lleva-su-revolucion-electrica-a-las-calles-argentinas-con-el-e-tech-tour\\\/\",\"name\":\"Renault lleva su revoluci\u00f3n el\u00e9ctrica a las calles argentinas con el E-Tech Tour -\",\"isPartOf\":{\"@id\":\"https:\\\/\\\/autofans.com.ar\\\/#website\"},\"primaryImageOfPage\":{\"@id\":\"https:\\\/\\\/autofans.com.ar\\\/index.php\\\/2024\\\/04\\\/26\\\/renault-lleva-su-revolucion-electrica-a-las-calles-argentinas-con-el-e-tech-tour\\\/#primaryimage\"},\"image\":{\"@id\":\"https:\\\/\\\/autofans.com.ar\\\/index.php\\\/2024\\\/04\\\/26\\\/renault-lleva-su-revolucion-electrica-a-las-calles-argentinas-con-el-e-tech-tour\\\/#primaryimage\"},\"thumbnailUrl\":\"https:\\\/\\\/autofans.com.ar\\\/wp-content\\\/uploads\\\/2024\\\/04\\\/foto-1-12.jpg\",\"datePublished\":\"2024-04-26T22:31:05+00:00\",\"author\":{\"@id\":\"https:\\\/\\\/autofans.com.ar\\\/#\\\/schema\\\/person\\\/4a8dda0b6df83ac3d6723e921274c2aa\"},\"description\":\"Renault Argentina est\u00e1 en marcha con el E-Tech Tour, una iniciativa que pone al alcance la oportunidad de sumarse a la revoluci\u00f3n el\u00e9ctrica..\",\"breadcrumb\":{\"@id\":\"https:\\\/\\\/autofans.com.ar\\\/index.php\\\/2024\\\/04\\\/26\\\/renault-lleva-su-revolucion-electrica-a-las-calles-argentinas-con-el-e-tech-tour\\\/#breadcrumb\"},\"inLanguage\":\"es\",\"potentialAction\":[{\"@type\":\"ReadAction\",\"target\":[\"https:\\\/\\\/autofans.com.ar\\\/index.php\\\/2024\\\/04\\\/26\\\/renault-lleva-su-revolucion-electrica-a-las-calles-argentinas-con-el-e-tech-tour\\\/\"]}]},{\"@type\":\"ImageObject\",\"inLanguage\":\"es\",\"@id\":\"https:\\\/\\\/autofans.com.ar\\\/index.php\\\/2024\\\/04\\\/26\\\/renault-lleva-su-revolucion-electrica-a-las-calles-argentinas-con-el-e-tech-tour\\\/#primaryimage\",\"url\":\"https:\\\/\\\/autofans.com.ar\\\/wp-content\\\/uploads\\\/2024\\\/04\\\/foto-1-12.jpg\",\"contentUrl\":\"https:\\\/\\\/autofans.com.ar\\\/wp-content\\\/uploads\\\/2024\\\/04\\\/foto-1-12.jpg\",\"width\":1000,\"height\":667,\"caption\":\"E-Tech Tour\"},{\"@type\":\"BreadcrumbList\",\"@id\":\"https:\\\/\\\/autofans.com.ar\\\/index.php\\\/2024\\\/04\\\/26\\\/renault-lleva-su-revolucion-electrica-a-las-calles-argentinas-con-el-e-tech-tour\\\/#breadcrumb\",\"itemListElement\":[{\"@type\":\"ListItem\",\"position\":1,\"name\":\"Inicio\",\"item\":\"https:\\\/\\\/autofans.com.ar\\\/\"},{\"@type\":\"ListItem\",\"position\":2,\"name\":\"Renault lleva su revoluci\u00f3n el\u00e9ctrica a las calles argentinas con el E-Tech Tour\"}]},{\"@type\":\"WebSite\",\"@id\":\"https:\\\/\\\/autofans.com.ar\\\/#website\",\"url\":\"https:\\\/\\\/autofans.com.ar\\\/\",\"name\":\"\",\"description\":\"El multimedio referente de la industria automotriz\",\"potentialAction\":[{\"@type\":\"SearchAction\",\"target\":{\"@type\":\"EntryPoint\",\"urlTemplate\":\"https:\\\/\\\/autofans.com.ar\\\/?s={search_term_string}\"},\"query-input\":{\"@type\":\"PropertyValueSpecification\",\"valueRequired\":true,\"valueName\":\"search_term_string\"}}],\"inLanguage\":\"es\"},{\"@type\":\"Person\",\"@id\":\"https:\\\/\\\/autofans.com.ar\\\/#\\\/schema\\\/person\\\/4a8dda0b6df83ac3d6723e921274c2aa\",\"name\":\"Alejandro Gabriel Rosito\",\"image\":{\"@type\":\"ImageObject\",\"inLanguage\":\"es\",\"@id\":\"https:\\\/\\\/secure.gravatar.com\\\/avatar\\\/16c5dda1489adfc62618084dcbb91cffd879c374b13fe5dd8e44ed6733852c88?s=96&d=mm&r=g\",\"url\":\"https:\\\/\\\/secure.gravatar.com\\\/avatar\\\/16c5dda1489adfc62618084dcbb91cffd879c374b13fe5dd8e44ed6733852c88?s=96&d=mm&r=g\",\"contentUrl\":\"https:\\\/\\\/secure.gravatar.com\\\/avatar\\\/16c5dda1489adfc62618084dcbb91cffd879c374b13fe5dd8e44ed6733852c88?s=96&d=mm&r=g\",\"caption\":\"Alejandro Gabriel Rosito\"},\"url\":\"https:\\\/\\\/autofans.com.ar\\\/index.php\\\/author\\\/gabrielr\\\/\"}]}<\/script>\n<!-- \/ Yoast SEO plugin. -->","yoast_head_json":{"title":"Renault lleva su revoluci\u00f3n el\u00e9ctrica a las calles argentinas con el E-Tech Tour -","description":"Renault Argentina est\u00e1 en marcha con el E-Tech Tour, una iniciativa que pone al alcance la oportunidad de sumarse a la revoluci\u00f3n el\u00e9ctrica..","robots":{"index":"index","follow":"follow","max-snippet":"max-snippet:-1","max-image-preview":"max-image-preview:large","max-video-preview":"max-video-preview:-1"},"canonical":"https:\/\/autofans.com.ar\/index.php\/2024\/04\/26\/renault-lleva-su-revolucion-electrica-a-las-calles-argentinas-con-el-e-tech-tour\/","og_locale":"es_ES","og_type":"article","og_title":"Renault lleva su revoluci\u00f3n el\u00e9ctrica a las calles argentinas con el E-Tech Tour -","og_description":"Renault Argentina est\u00e1 en marcha con el E-Tech Tour, una iniciativa que pone al alcance la oportunidad de sumarse a la revoluci\u00f3n el\u00e9ctrica..","og_url":"https:\/\/autofans.com.ar\/index.php\/2024\/04\/26\/renault-lleva-su-revolucion-electrica-a-las-calles-argentinas-con-el-e-tech-tour\/","article_published_time":"2024-04-26T22:31:05+00:00","og_image":[{"url":"https:\/\/autofans.com.ar\/wp-content\/uploads\/2024\/04\/foto-1-12.jpg","width":640,"height":427,"type":"image\/jpeg"}],"author":"Alejandro Gabriel Rosito","twitter_card":"summary_large_image","twitter_misc":{"Escrito por":"Alejandro Gabriel Rosito","Tiempo de lectura":"2 minutos"},"schema":{"@context":"https:\/\/schema.org","@graph":[{"@type":"Article","@id":"https:\/\/autofans.com.ar\/index.php\/2024\/04\/26\/renault-lleva-su-revolucion-electrica-a-las-calles-argentinas-con-el-e-tech-tour\/#article","isPartOf":{"@id":"https:\/\/autofans.com.ar\/index.php\/2024\/04\/26\/renault-lleva-su-revolucion-electrica-a-las-calles-argentinas-con-el-e-tech-tour\/"},"author":{"name":"Alejandro Gabriel Rosito","@id":"https:\/\/autofans.com.ar\/#\/schema\/person\/4a8dda0b6df83ac3d6723e921274c2aa"},"headline":"Renault lleva su revoluci\u00f3n el\u00e9ctrica a las calles argentinas con el E-Tech Tour","datePublished":"2024-04-26T22:31:05+00:00","mainEntityOfPage":{"@id":"https:\/\/autofans.com.ar\/index.php\/2024\/04\/26\/renault-lleva-su-revolucion-electrica-a-las-calles-argentinas-con-el-e-tech-tour\/"},"wordCount":515,"image":{"@id":"https:\/\/autofans.com.ar\/index.php\/2024\/04\/26\/renault-lleva-su-revolucion-electrica-a-las-calles-argentinas-con-el-e-tech-tour\/#primaryimage"},"thumbnailUrl":"https:\/\/autofans.com.ar\/wp-content\/uploads\/2024\/04\/foto-1-12.jpg","keywords":["#innovaci\u00f3n","Argentina","E-Tech Tour","Kangoo","Kwid","Megane","movilidad el\u00e9ctrica","Renault","revoluci\u00f3n el\u00e9ctrica","Test Drives","veh\u00edculos el\u00e9ctricos"],"articleSection":["HIBRIDOS, ELECTRICOS y otros","NOTICIAS"],"inLanguage":"es"},{"@type":"WebPage","@id":"https:\/\/autofans.com.ar\/index.php\/2024\/04\/26\/renault-lleva-su-revolucion-electrica-a-las-calles-argentinas-con-el-e-tech-tour\/","url":"https:\/\/autofans.com.ar\/index.php\/2024\/04\/26\/renault-lleva-su-revolucion-electrica-a-las-calles-argentinas-con-el-e-tech-tour\/","name":"Renault lleva su revoluci\u00f3n el\u00e9ctrica a las calles argentinas con el E-Tech Tour -","isPartOf":{"@id":"https:\/\/autofans.com.ar\/#website"},"primaryImageOfPage":{"@id":"https:\/\/autofans.com.ar\/index.php\/2024\/04\/26\/renault-lleva-su-revolucion-electrica-a-las-calles-argentinas-con-el-e-tech-tour\/#primaryimage"},"image":{"@id":"https:\/\/autofans.com.ar\/index.php\/2024\/04\/26\/renault-lleva-su-revolucion-electrica-a-las-calles-argentinas-con-el-e-tech-tour\/#primaryimage"},"thumbnailUrl":"https:\/\/autofans.com.ar\/wp-content\/uploads\/2024\/04\/foto-1-12.jpg","datePublished":"2024-04-26T22:31:05+00:00","author":{"@id":"https:\/\/autofans.com.ar\/#\/schema\/person\/4a8dda0b6df83ac3d6723e921274c2aa"},"description":"Renault Argentina est\u00e1 en marcha con el E-Tech Tour, una iniciativa que pone al alcance la oportunidad de sumarse a la revoluci\u00f3n el\u00e9ctrica..","breadcrumb":{"@id":"https:\/\/autofans.com.ar\/index.php\/2024\/04\/26\/renault-lleva-su-revolucion-electrica-a-las-calles-argentinas-con-el-e-tech-tour\/#breadcrumb"},"inLanguage":"es","potentialAction":[{"@type":"ReadAction","target":["https:\/\/autofans.com.ar\/index.php\/2024\/04\/26\/renault-lleva-su-revolucion-electrica-a-las-calles-argentinas-con-el-e-tech-tour\/"]}]},{"@type":"ImageObject","inLanguage":"es","@id":"https:\/\/autofans.com.ar\/index.php\/2024\/04\/26\/renault-lleva-su-revolucion-electrica-a-las-calles-argentinas-con-el-e-tech-tour\/#primaryimage","url":"https:\/\/autofans.com.ar\/wp-content\/uploads\/2024\/04\/foto-1-12.jpg","contentUrl":"https:\/\/autofans.com.ar\/wp-content\/uploads\/2024\/04\/foto-1-12.jpg","width":1000,"height":667,"caption":"E-Tech Tour"},{"@type":"BreadcrumbList","@id":"https:\/\/autofans.com.ar\/index.php\/2024\/04\/26\/renault-lleva-su-revolucion-electrica-a-las-calles-argentinas-con-el-e-tech-tour\/#breadcrumb","itemListElement":[{"@type":"ListItem","position":1,"name":"Inicio","item":"https:\/\/autofans.com.ar\/"},{"@type":"ListItem","position":2,"name":"Renault lleva su revoluci\u00f3n el\u00e9ctrica a las calles argentinas con el E-Tech Tour"}]},{"@type":"WebSite","@id":"https:\/\/autofans.com.ar\/#website","url":"https:\/\/autofans.com.ar\/","name":"","description":"El multimedio referente de la industria automotriz","potentialAction":[{"@type":"SearchAction","target":{"@type":"EntryPoint","urlTemplate":"https:\/\/autofans.com.ar\/?s={search_term_string}"},"query-input":{"@type":"PropertyValueSpecification","valueRequired":true,"valueName":"search_term_string"}}],"inLanguage":"es"},{"@type":"Person","@id":"https:\/\/autofans.com.ar\/#\/schema\/person\/4a8dda0b6df83ac3d6723e921274c2aa","name":"Alejandro Gabriel Rosito","image":{"@type":"ImageObject","inLanguage":"es","@id":"https:\/\/secure.gravatar.com\/avatar\/16c5dda1489adfc62618084dcbb91cffd879c374b13fe5dd8e44ed6733852c88?s=96&d=mm&r=g","url":"https:\/\/secure.gravatar.com\/avatar\/16c5dda1489adfc62618084dcbb91cffd879c374b13fe5dd8e44ed6733852c88?s=96&d=mm&r=g","contentUrl":"https:\/\/secure.gravatar.com\/avatar\/16c5dda1489adfc62618084dcbb91cffd879c374b13fe5dd8e44ed6733852c88?s=96&d=mm&r=g","caption":"Alejandro Gabriel Rosito"},"url":"https:\/\/autofans.com.ar\/index.php\/author\/gabrielr\/"}]}},"featured_image_urls":{"full":["https:\/\/autofans.com.ar\/wp-content\/uploads\/2024\/04\/foto-1-12.jpg",1000,667,false],"thumbnail":["https:\/\/autofans.com.ar\/wp-content\/uploads\/2024\/04\/foto-1-12-150x150.jpg",150,150,true],"medium":["https:\/\/autofans.com.ar\/wp-content\/uploads\/2024\/04\/foto-1-12-300x200.jpg",300,200,true],"medium_large":["https:\/\/autofans.com.ar\/wp-content\/uploads\/2024\/04\/foto-1-12-768x512.jpg",640,427,true],"large":["https:\/\/autofans.com.ar\/wp-content\/uploads\/2024\/04\/foto-1-12.jpg",640,427,false],"1536x1536":["https:\/\/autofans.com.ar\/wp-content\/uploads\/2024\/04\/foto-1-12.jpg",1000,667,false],"2048x2048":["https:\/\/autofans.com.ar\/wp-content\/uploads\/2024\/04\/foto-1-12.jpg",1000,667,false],"covernews-featured":["https:\/\/autofans.com.ar\/wp-content\/uploads\/2024\/04\/foto-1-12.jpg",1000,667,false],"covernews-medium":["https:\/\/autofans.com.ar\/wp-content\/uploads\/2024\/04\/foto-1-12-540x340.jpg",540,340,true]},"author_info":{"display_name":"Alejandro Gabriel Rosito","author_link":"https:\/\/autofans.com.ar\/index.php\/author\/gabrielr\/"},"category_info":"<a href=\"https:\/\/autofans.com.ar\/index.php\/category\/noticias\/hibridos-y-electricos\/\" rel=\"category tag\">HIBRIDOS, ELECTRICOS y otros<\/a> <a href=\"https:\/\/autofans.com.ar\/index.php\/category\/noticias\/\" rel=\"category tag\">NOTICIAS<\/a>","tag_info":"NOTICIAS","comment_count":0,"_links":{"self":[{"href":"https:\/\/autofans.com.ar\/index.php\/wp-json\/wp\/v2\/posts\/7499","targetHints":{"allow":["GET"]}}],"collection":[{"href":"https:\/\/autofans.com.ar\/index.php\/wp-json\/wp\/v2\/posts"}],"about":[{"href":"https:\/\/autofans.com.ar\/index.php\/wp-json\/wp\/v2\/types\/post"}],"author":[{"embeddable":true,"href":"https:\/\/autofans.com.ar\/index.php\/wp-json\/wp\/v2\/users\/2"}],"replies":[{"embeddable":true,"href":"https:\/\/autofans.com.ar\/index.php\/wp-json\/wp\/v2\/comments?post=7499"}],"version-history":[{"count":2,"href":"https:\/\/autofans.com.ar\/index.php\/wp-json\/wp\/v2\/posts\/7499\/revisions"}],"predecessor-version":[{"id":7506,"href":"https:\/\/autofans.com.ar\/index.php\/wp-json\/wp\/v2\/posts\/7499\/revisions\/7506"}],"wp:featuredmedia":[{"embeddable":true,"href":"https:\/\/autofans.com.ar\/index.php\/wp-json\/wp\/v2\/media\/7504"}],"wp:attachment":[{"href":"https:\/\/autofans.com.ar\/index.php\/wp-json\/wp\/v2\/media?parent=7499"}],"wp:term":[{"taxonomy":"category","embeddable":true,"href":"https:\/\/autofans.com.ar\/index.php\/wp-json\/wp\/v2\/categories?post=7499"},{"taxonomy":"post_tag","embeddable":true,"href":"https:\/\/autofans.com.ar\/index.php\/wp-json\/wp\/v2\/tags?post=7499"}],"curies":[{"name":"wp","href":"https:\/\/api.w.org\/{rel}","templated":true}]}}