{"id":750,"date":"2023-03-13T11:35:58","date_gmt":"2023-03-13T14:35:58","guid":{"rendered":"https:\/\/autofans.com.ar\/?p=750"},"modified":"2023-03-13T14:34:10","modified_gmt":"2023-03-13T17:34:10","slug":"un-encuentro-a-tamano-real-con-fangio","status":"publish","type":"post","link":"https:\/\/autofans.com.ar\/index.php\/2023\/03\/13\/un-encuentro-a-tamano-real-con-fangio\/","title":{"rendered":"Un encuentro a tama\u00f1o real con Fangio"},"content":{"rendered":"<p>Encontr\u00e1 al campe\u00f3n del mundo en el Museo de Mercedes-Benz en Alemania.<\/p>\n<p>Si sos fan\u00e1tico del automovilismo, tienes una raz\u00f3n m\u00e1s para visitar el <a href=\"https:\/\/www.mercedes-benz.com\/en\/art-and-culture\/museum\/\" target=\"_blank\" rel=\"noopener\">Museo de Mercedes-Benz en Alemania<\/a>. Una escultura de bronce de tres toneladas. Muestra a un Juan Manuel Fangio en tama\u00f1o real junto a su legendario Mercedes-Benz W 196 R \u00abFlecha de Plata\u00bb. Una atracci\u00f3n \u00fanica que no puedes dejar pasar.<\/p>\n<p>&nbsp;<\/p>\n<p>&nbsp;<\/p>\n<p><img fetchpriority=\"high\" decoding=\"async\" class=\"aligncenter wp-image-754 size-full\" src=\"https:\/\/autofans.com.ar\/wp-content\/uploads\/2023\/03\/fangio-4.jpg\" alt=\"fangio\" width=\"1000\" height=\"667\" srcset=\"https:\/\/autofans.com.ar\/wp-content\/uploads\/2023\/03\/fangio-4.jpg 1000w, https:\/\/autofans.com.ar\/wp-content\/uploads\/2023\/03\/fangio-4-300x200.jpg 300w, https:\/\/autofans.com.ar\/wp-content\/uploads\/2023\/03\/fangio-4-768x512.jpg 768w\" sizes=\"(max-width: 1000px) 100vw, 1000px\" \/><\/p>\n<p>Desde la inauguraci\u00f3n del museo en 2006, la escultura se ha convertido en un lugar popular para tomar fotograf\u00edas. Sent\u00ed la emoci\u00f3n de estar cerca del famoso pentacampe\u00f3n del F\u00f3rmula Uno. Fangio, quien gan\u00f3 cinco t\u00edtulos de Campe\u00f3n del Mundo corriendo con cuatro escuder\u00edas. Dej\u00f3 su impronta en la historia de la marca al convertirse en Campe\u00f3n del Mundo de F\u00f3rmula Uno en 1954 y 1955 con el Mercedes-Benz W 196 R.<\/p>\n<p>&nbsp;<\/p>\n<p>&nbsp;<\/p>\n<p>&nbsp;<\/p>\n<div id='gallery-1' class='gallery galleryid-750 gallery-columns-2 gallery-size-large'><figure class='gallery-item'>\n\t\t\t<div class='gallery-icon landscape'>\n\t\t\t\t<a href='https:\/\/autofans.com.ar\/index.php\/2023\/03\/13\/un-encuentro-a-tamano-real-con-fangio\/fangio-2\/'><img loading=\"lazy\" width=\"640\" height=\"427\" src=\"https:\/\/autofans.com.ar\/wp-content\/uploads\/2023\/03\/fangio-2.jpg\" class=\"attachment-large size-large\" alt=\"fangio\" srcset=\"https:\/\/autofans.com.ar\/wp-content\/uploads\/2023\/03\/fangio-2.jpg 1000w, https:\/\/autofans.com.ar\/wp-content\/uploads\/2023\/03\/fangio-2-300x200.jpg 300w, https:\/\/autofans.com.ar\/wp-content\/uploads\/2023\/03\/fangio-2-768x512.jpg 768w\" sizes=\"auto, (max-width: 640px) 100vw, 640px\" loading=\"lazy\" decoding=\"async\" \/><\/a>\n\t\t\t<\/div><\/figure><figure class='gallery-item'>\n\t\t\t<div class='gallery-icon landscape'>\n\t\t\t\t<a href='https:\/\/autofans.com.ar\/index.php\/2023\/03\/13\/un-encuentro-a-tamano-real-con-fangio\/fangio-3\/'><img loading=\"lazy\" width=\"640\" height=\"427\" src=\"https:\/\/autofans.com.ar\/wp-content\/uploads\/2023\/03\/fangio-3.jpg\" class=\"attachment-large size-large\" alt=\"fangio\" srcset=\"https:\/\/autofans.com.ar\/wp-content\/uploads\/2023\/03\/fangio-3.jpg 1000w, https:\/\/autofans.com.ar\/wp-content\/uploads\/2023\/03\/fangio-3-300x200.jpg 300w, https:\/\/autofans.com.ar\/wp-content\/uploads\/2023\/03\/fangio-3-768x512.jpg 768w\" sizes=\"auto, (max-width: 640px) 100vw, 640px\" loading=\"lazy\" decoding=\"async\" \/><\/a>\n\t\t\t<\/div><\/figure>\n\t\t<\/div>\n\n<p>La figura, creada por el artista catal\u00e1n Joaquim Ros Sabat\u00e9, muestra a Fangio con su mano derecha sobre el volante y el casco bajo el brazo izquierdo. Un pie se apoya sobre el veh\u00edculo y su mirada se dirige directamente a los ojos del espectador. Parece como si Fangio estuviera dispuesto a subirse y arrancar en cualquier momento.<\/p>\n<p>La escultura es una oportunidad \u00fanica para sentir la emoci\u00f3n de estar cerca de uno de los m\u00e1s grandes pilotos de la historia del automovilismo. Los visitantes aprovechan la oportunidad para sentarse en el cockpit y tomar el volante que brilla por las miles de manos que lo han agarrado.<\/p>\n<p>No pierdas la oportunidad de experimentar la historia del automovilismo. Y tambi\u00e9n ver de cerca a uno de los m\u00e1s grandes campeones del mundo en el Museo de Mercedes-Benz en Alemania.<\/p>\n<p>&nbsp;<\/p>\n<p><i>Para enterarte de m\u00e1s novedades, no dejes de leer\u00a0<\/i><a href=\"https:\/\/autofans.thebrandsoup.com\/\"><i>nuestras notas<\/i><\/a><i>, de ver<\/i><b><i>\u00a0<\/i><\/b><a href=\"https:\/\/www.youtube.com\/channel\/UCgAC8UGHZYbT6P7PpmVnP7g\"><b><i>AUTOFANS TV<\/i><\/b><\/a><b><i>\u00a0<\/i><\/b><i>en nuestro\u00a0canal de Youtube. Adem\u00e1s seguinos en\u00a0<\/i><a href=\"https:\/\/www.instagram.com\/autofanstv\/\"><i>INSTAGRAM<\/i><\/a><i> y <\/i><a href=\"https:\/\/www.facebook.com\/autofansmas\/\"><i>FACEBOOK<\/i><\/a><i> para no perderte nada sobre las novedades del segmento automotor de Argentina y el mundo.<\/i><\/p>\n","protected":false},"excerpt":{"rendered":"<p>Encontr\u00e1 al campe\u00f3n del mundo en el Museo de Mercedes-Benz en Alemania. Si sos fan\u00e1tico&#8230;<\/p>\n","protected":false},"author":2,"featured_media":751,"comment_status":"closed","ping_status":"closed","sticky":false,"template":"","format":"standard","meta":{"footnotes":""},"categories":[6,16],"tags":[185,143,321,322,320,319],"class_list":["post-750","post","type-post","status-publish","format-standard","has-post-thumbnail","hentry","category-bizstyle","category-noticias","tag-automovilismo","tag-competicion","tag-escultura","tag-formula-uno","tag-juan-manuel-fangio","tag-museo-de-mercedes-benz"],"yoast_head":"<!-- This site is optimized with the Yoast SEO plugin v27.5 - https:\/\/yoast.com\/product\/yoast-seo-wordpress\/ -->\n<title>Un encuentro a tama\u00f1o real con Fangio -<\/title>\n<meta name=\"description\" content=\"Encontr\u00e1 al campe\u00f3n del mundo en el Museo de Mercedes-Benz en Alemania. Si sos fan\u00e1tico del automovilismo, tienes una raz\u00f3n para ir...\" \/>\n<meta name=\"robots\" content=\"index, follow, max-snippet:-1, max-image-preview:large, max-video-preview:-1\" \/>\n<link rel=\"canonical\" href=\"https:\/\/autofans.com.ar\/index.php\/2023\/03\/13\/un-encuentro-a-tamano-real-con-fangio\/\" \/>\n<meta property=\"og:locale\" content=\"es_ES\" \/>\n<meta property=\"og:type\" content=\"article\" \/>\n<meta property=\"og:title\" content=\"Un encuentro a tama\u00f1o real con Fangio -\" \/>\n<meta property=\"og:description\" content=\"Encontr\u00e1 al campe\u00f3n del mundo en el Museo de Mercedes-Benz en Alemania. Si sos fan\u00e1tico del automovilismo, tienes una raz\u00f3n para ir...\" \/>\n<meta property=\"og:url\" content=\"https:\/\/autofans.com.ar\/index.php\/2023\/03\/13\/un-encuentro-a-tamano-real-con-fangio\/\" \/>\n<meta property=\"article:published_time\" content=\"2023-03-13T14:35:58+00:00\" \/>\n<meta property=\"article:modified_time\" content=\"2023-03-13T17:34:10+00:00\" \/>\n<meta property=\"og:image\" content=\"https:\/\/autofans.com.ar\/wp-content\/uploads\/2023\/03\/fangio-1.jpg\" \/>\n\t<meta property=\"og:image:width\" content=\"1000\" \/>\n\t<meta property=\"og:image:height\" content=\"667\" \/>\n\t<meta property=\"og:image:type\" content=\"image\/jpeg\" \/>\n<meta name=\"author\" content=\"Alejandro Gabriel Rosito\" \/>\n<meta name=\"twitter:card\" content=\"summary_large_image\" \/>\n<meta name=\"twitter:label1\" content=\"Escrito por\" \/>\n\t<meta name=\"twitter:data1\" content=\"Alejandro Gabriel Rosito\" \/>\n\t<meta name=\"twitter:label2\" content=\"Tiempo de lectura\" \/>\n\t<meta name=\"twitter:data2\" content=\"2 minutos\" \/>\n<script type=\"application\/ld+json\" class=\"yoast-schema-graph\">{\"@context\":\"https:\\\/\\\/schema.org\",\"@graph\":[{\"@type\":\"Article\",\"@id\":\"https:\\\/\\\/autofans.com.ar\\\/index.php\\\/2023\\\/03\\\/13\\\/un-encuentro-a-tamano-real-con-fangio\\\/#article\",\"isPartOf\":{\"@id\":\"https:\\\/\\\/autofans.com.ar\\\/index.php\\\/2023\\\/03\\\/13\\\/un-encuentro-a-tamano-real-con-fangio\\\/\"},\"author\":{\"name\":\"Alejandro Gabriel Rosito\",\"@id\":\"https:\\\/\\\/autofans.com.ar\\\/#\\\/schema\\\/person\\\/4a8dda0b6df83ac3d6723e921274c2aa\"},\"headline\":\"Un encuentro a tama\u00f1o real con Fangio\",\"datePublished\":\"2023-03-13T14:35:58+00:00\",\"dateModified\":\"2023-03-13T17:34:10+00:00\",\"mainEntityOfPage\":{\"@id\":\"https:\\\/\\\/autofans.com.ar\\\/index.php\\\/2023\\\/03\\\/13\\\/un-encuentro-a-tamano-real-con-fangio\\\/\"},\"wordCount\":354,\"image\":{\"@id\":\"https:\\\/\\\/autofans.com.ar\\\/index.php\\\/2023\\\/03\\\/13\\\/un-encuentro-a-tamano-real-con-fangio\\\/#primaryimage\"},\"thumbnailUrl\":\"https:\\\/\\\/autofans.com.ar\\\/wp-content\\\/uploads\\\/2023\\\/03\\\/fangio-1.jpg\",\"keywords\":[\"#automovilismo\",\"Competici\u00f3n\",\"escultura\",\"F\u00f3rmula Uno\",\"Juan Manuel Fangio\",\"Museo de Mercedes-Benz\"],\"articleSection\":[\"BIZSTYLE\",\"NOTICIAS\"],\"inLanguage\":\"es\"},{\"@type\":\"WebPage\",\"@id\":\"https:\\\/\\\/autofans.com.ar\\\/index.php\\\/2023\\\/03\\\/13\\\/un-encuentro-a-tamano-real-con-fangio\\\/\",\"url\":\"https:\\\/\\\/autofans.com.ar\\\/index.php\\\/2023\\\/03\\\/13\\\/un-encuentro-a-tamano-real-con-fangio\\\/\",\"name\":\"Un encuentro a tama\u00f1o real con Fangio -\",\"isPartOf\":{\"@id\":\"https:\\\/\\\/autofans.com.ar\\\/#website\"},\"primaryImageOfPage\":{\"@id\":\"https:\\\/\\\/autofans.com.ar\\\/index.php\\\/2023\\\/03\\\/13\\\/un-encuentro-a-tamano-real-con-fangio\\\/#primaryimage\"},\"image\":{\"@id\":\"https:\\\/\\\/autofans.com.ar\\\/index.php\\\/2023\\\/03\\\/13\\\/un-encuentro-a-tamano-real-con-fangio\\\/#primaryimage\"},\"thumbnailUrl\":\"https:\\\/\\\/autofans.com.ar\\\/wp-content\\\/uploads\\\/2023\\\/03\\\/fangio-1.jpg\",\"datePublished\":\"2023-03-13T14:35:58+00:00\",\"dateModified\":\"2023-03-13T17:34:10+00:00\",\"author\":{\"@id\":\"https:\\\/\\\/autofans.com.ar\\\/#\\\/schema\\\/person\\\/4a8dda0b6df83ac3d6723e921274c2aa\"},\"description\":\"Encontr\u00e1 al campe\u00f3n del mundo en el Museo de Mercedes-Benz en Alemania. Si sos fan\u00e1tico del automovilismo, tienes una raz\u00f3n para ir...\",\"breadcrumb\":{\"@id\":\"https:\\\/\\\/autofans.com.ar\\\/index.php\\\/2023\\\/03\\\/13\\\/un-encuentro-a-tamano-real-con-fangio\\\/#breadcrumb\"},\"inLanguage\":\"es\",\"potentialAction\":[{\"@type\":\"ReadAction\",\"target\":[\"https:\\\/\\\/autofans.com.ar\\\/index.php\\\/2023\\\/03\\\/13\\\/un-encuentro-a-tamano-real-con-fangio\\\/\"]}]},{\"@type\":\"ImageObject\",\"inLanguage\":\"es\",\"@id\":\"https:\\\/\\\/autofans.com.ar\\\/index.php\\\/2023\\\/03\\\/13\\\/un-encuentro-a-tamano-real-con-fangio\\\/#primaryimage\",\"url\":\"https:\\\/\\\/autofans.com.ar\\\/wp-content\\\/uploads\\\/2023\\\/03\\\/fangio-1.jpg\",\"contentUrl\":\"https:\\\/\\\/autofans.com.ar\\\/wp-content\\\/uploads\\\/2023\\\/03\\\/fangio-1.jpg\",\"width\":1000,\"height\":667,\"caption\":\"fangio\"},{\"@type\":\"BreadcrumbList\",\"@id\":\"https:\\\/\\\/autofans.com.ar\\\/index.php\\\/2023\\\/03\\\/13\\\/un-encuentro-a-tamano-real-con-fangio\\\/#breadcrumb\",\"itemListElement\":[{\"@type\":\"ListItem\",\"position\":1,\"name\":\"Inicio\",\"item\":\"https:\\\/\\\/autofans.com.ar\\\/\"},{\"@type\":\"ListItem\",\"position\":2,\"name\":\"Un encuentro a tama\u00f1o real con Fangio\"}]},{\"@type\":\"WebSite\",\"@id\":\"https:\\\/\\\/autofans.com.ar\\\/#website\",\"url\":\"https:\\\/\\\/autofans.com.ar\\\/\",\"name\":\"\",\"description\":\"El multimedio referente de la industria automotriz\",\"potentialAction\":[{\"@type\":\"SearchAction\",\"target\":{\"@type\":\"EntryPoint\",\"urlTemplate\":\"https:\\\/\\\/autofans.com.ar\\\/?s={search_term_string}\"},\"query-input\":{\"@type\":\"PropertyValueSpecification\",\"valueRequired\":true,\"valueName\":\"search_term_string\"}}],\"inLanguage\":\"es\"},{\"@type\":\"Person\",\"@id\":\"https:\\\/\\\/autofans.com.ar\\\/#\\\/schema\\\/person\\\/4a8dda0b6df83ac3d6723e921274c2aa\",\"name\":\"Alejandro Gabriel Rosito\",\"image\":{\"@type\":\"ImageObject\",\"inLanguage\":\"es\",\"@id\":\"https:\\\/\\\/secure.gravatar.com\\\/avatar\\\/16c5dda1489adfc62618084dcbb91cffd879c374b13fe5dd8e44ed6733852c88?s=96&d=mm&r=g\",\"url\":\"https:\\\/\\\/secure.gravatar.com\\\/avatar\\\/16c5dda1489adfc62618084dcbb91cffd879c374b13fe5dd8e44ed6733852c88?s=96&d=mm&r=g\",\"contentUrl\":\"https:\\\/\\\/secure.gravatar.com\\\/avatar\\\/16c5dda1489adfc62618084dcbb91cffd879c374b13fe5dd8e44ed6733852c88?s=96&d=mm&r=g\",\"caption\":\"Alejandro Gabriel Rosito\"},\"url\":\"https:\\\/\\\/autofans.com.ar\\\/index.php\\\/author\\\/gabrielr\\\/\"}]}<\/script>\n<!-- \/ Yoast SEO plugin. -->","yoast_head_json":{"title":"Un encuentro a tama\u00f1o real con Fangio -","description":"Encontr\u00e1 al campe\u00f3n del mundo en el Museo de Mercedes-Benz en Alemania. Si sos fan\u00e1tico del automovilismo, tienes una raz\u00f3n para ir...","robots":{"index":"index","follow":"follow","max-snippet":"max-snippet:-1","max-image-preview":"max-image-preview:large","max-video-preview":"max-video-preview:-1"},"canonical":"https:\/\/autofans.com.ar\/index.php\/2023\/03\/13\/un-encuentro-a-tamano-real-con-fangio\/","og_locale":"es_ES","og_type":"article","og_title":"Un encuentro a tama\u00f1o real con Fangio -","og_description":"Encontr\u00e1 al campe\u00f3n del mundo en el Museo de Mercedes-Benz en Alemania. Si sos fan\u00e1tico del automovilismo, tienes una raz\u00f3n para ir...","og_url":"https:\/\/autofans.com.ar\/index.php\/2023\/03\/13\/un-encuentro-a-tamano-real-con-fangio\/","article_published_time":"2023-03-13T14:35:58+00:00","article_modified_time":"2023-03-13T17:34:10+00:00","og_image":[{"width":1000,"height":667,"url":"https:\/\/autofans.com.ar\/wp-content\/uploads\/2023\/03\/fangio-1.jpg","type":"image\/jpeg"}],"author":"Alejandro Gabriel Rosito","twitter_card":"summary_large_image","twitter_misc":{"Escrito por":"Alejandro Gabriel Rosito","Tiempo de lectura":"2 minutos"},"schema":{"@context":"https:\/\/schema.org","@graph":[{"@type":"Article","@id":"https:\/\/autofans.com.ar\/index.php\/2023\/03\/13\/un-encuentro-a-tamano-real-con-fangio\/#article","isPartOf":{"@id":"https:\/\/autofans.com.ar\/index.php\/2023\/03\/13\/un-encuentro-a-tamano-real-con-fangio\/"},"author":{"name":"Alejandro Gabriel Rosito","@id":"https:\/\/autofans.com.ar\/#\/schema\/person\/4a8dda0b6df83ac3d6723e921274c2aa"},"headline":"Un encuentro a tama\u00f1o real con Fangio","datePublished":"2023-03-13T14:35:58+00:00","dateModified":"2023-03-13T17:34:10+00:00","mainEntityOfPage":{"@id":"https:\/\/autofans.com.ar\/index.php\/2023\/03\/13\/un-encuentro-a-tamano-real-con-fangio\/"},"wordCount":354,"image":{"@id":"https:\/\/autofans.com.ar\/index.php\/2023\/03\/13\/un-encuentro-a-tamano-real-con-fangio\/#primaryimage"},"thumbnailUrl":"https:\/\/autofans.com.ar\/wp-content\/uploads\/2023\/03\/fangio-1.jpg","keywords":["#automovilismo","Competici\u00f3n","escultura","F\u00f3rmula Uno","Juan Manuel Fangio","Museo de Mercedes-Benz"],"articleSection":["BIZSTYLE","NOTICIAS"],"inLanguage":"es"},{"@type":"WebPage","@id":"https:\/\/autofans.com.ar\/index.php\/2023\/03\/13\/un-encuentro-a-tamano-real-con-fangio\/","url":"https:\/\/autofans.com.ar\/index.php\/2023\/03\/13\/un-encuentro-a-tamano-real-con-fangio\/","name":"Un encuentro a tama\u00f1o real con Fangio -","isPartOf":{"@id":"https:\/\/autofans.com.ar\/#website"},"primaryImageOfPage":{"@id":"https:\/\/autofans.com.ar\/index.php\/2023\/03\/13\/un-encuentro-a-tamano-real-con-fangio\/#primaryimage"},"image":{"@id":"https:\/\/autofans.com.ar\/index.php\/2023\/03\/13\/un-encuentro-a-tamano-real-con-fangio\/#primaryimage"},"thumbnailUrl":"https:\/\/autofans.com.ar\/wp-content\/uploads\/2023\/03\/fangio-1.jpg","datePublished":"2023-03-13T14:35:58+00:00","dateModified":"2023-03-13T17:34:10+00:00","author":{"@id":"https:\/\/autofans.com.ar\/#\/schema\/person\/4a8dda0b6df83ac3d6723e921274c2aa"},"description":"Encontr\u00e1 al campe\u00f3n del mundo en el Museo de Mercedes-Benz en Alemania. Si sos fan\u00e1tico del automovilismo, tienes una raz\u00f3n para ir...","breadcrumb":{"@id":"https:\/\/autofans.com.ar\/index.php\/2023\/03\/13\/un-encuentro-a-tamano-real-con-fangio\/#breadcrumb"},"inLanguage":"es","potentialAction":[{"@type":"ReadAction","target":["https:\/\/autofans.com.ar\/index.php\/2023\/03\/13\/un-encuentro-a-tamano-real-con-fangio\/"]}]},{"@type":"ImageObject","inLanguage":"es","@id":"https:\/\/autofans.com.ar\/index.php\/2023\/03\/13\/un-encuentro-a-tamano-real-con-fangio\/#primaryimage","url":"https:\/\/autofans.com.ar\/wp-content\/uploads\/2023\/03\/fangio-1.jpg","contentUrl":"https:\/\/autofans.com.ar\/wp-content\/uploads\/2023\/03\/fangio-1.jpg","width":1000,"height":667,"caption":"fangio"},{"@type":"BreadcrumbList","@id":"https:\/\/autofans.com.ar\/index.php\/2023\/03\/13\/un-encuentro-a-tamano-real-con-fangio\/#breadcrumb","itemListElement":[{"@type":"ListItem","position":1,"name":"Inicio","item":"https:\/\/autofans.com.ar\/"},{"@type":"ListItem","position":2,"name":"Un encuentro a tama\u00f1o real con Fangio"}]},{"@type":"WebSite","@id":"https:\/\/autofans.com.ar\/#website","url":"https:\/\/autofans.com.ar\/","name":"","description":"El multimedio referente de la industria automotriz","potentialAction":[{"@type":"SearchAction","target":{"@type":"EntryPoint","urlTemplate":"https:\/\/autofans.com.ar\/?s={search_term_string}"},"query-input":{"@type":"PropertyValueSpecification","valueRequired":true,"valueName":"search_term_string"}}],"inLanguage":"es"},{"@type":"Person","@id":"https:\/\/autofans.com.ar\/#\/schema\/person\/4a8dda0b6df83ac3d6723e921274c2aa","name":"Alejandro Gabriel Rosito","image":{"@type":"ImageObject","inLanguage":"es","@id":"https:\/\/secure.gravatar.com\/avatar\/16c5dda1489adfc62618084dcbb91cffd879c374b13fe5dd8e44ed6733852c88?s=96&d=mm&r=g","url":"https:\/\/secure.gravatar.com\/avatar\/16c5dda1489adfc62618084dcbb91cffd879c374b13fe5dd8e44ed6733852c88?s=96&d=mm&r=g","contentUrl":"https:\/\/secure.gravatar.com\/avatar\/16c5dda1489adfc62618084dcbb91cffd879c374b13fe5dd8e44ed6733852c88?s=96&d=mm&r=g","caption":"Alejandro Gabriel Rosito"},"url":"https:\/\/autofans.com.ar\/index.php\/author\/gabrielr\/"}]}},"featured_image_urls":{"full":["https:\/\/autofans.com.ar\/wp-content\/uploads\/2023\/03\/fangio-1.jpg",1000,667,false],"thumbnail":["https:\/\/autofans.com.ar\/wp-content\/uploads\/2023\/03\/fangio-1-150x150.jpg",150,150,true],"medium":["https:\/\/autofans.com.ar\/wp-content\/uploads\/2023\/03\/fangio-1-300x200.jpg",300,200,true],"medium_large":["https:\/\/autofans.com.ar\/wp-content\/uploads\/2023\/03\/fangio-1-768x512.jpg",640,427,true],"large":["https:\/\/autofans.com.ar\/wp-content\/uploads\/2023\/03\/fangio-1.jpg",640,427,false],"1536x1536":["https:\/\/autofans.com.ar\/wp-content\/uploads\/2023\/03\/fangio-1.jpg",1000,667,false],"2048x2048":["https:\/\/autofans.com.ar\/wp-content\/uploads\/2023\/03\/fangio-1.jpg",1000,667,false],"covernews-featured":["https:\/\/autofans.com.ar\/wp-content\/uploads\/2023\/03\/fangio-1.jpg",1000,667,false],"covernews-medium":["https:\/\/autofans.com.ar\/wp-content\/uploads\/2023\/03\/fangio-1-540x340.jpg",540,340,true]},"author_info":{"display_name":"Alejandro Gabriel Rosito","author_link":"https:\/\/autofans.com.ar\/index.php\/author\/gabrielr\/"},"category_info":"<a href=\"https:\/\/autofans.com.ar\/index.php\/category\/noticias\/bizstyle\/\" rel=\"category tag\">BIZSTYLE<\/a> <a href=\"https:\/\/autofans.com.ar\/index.php\/category\/noticias\/\" rel=\"category tag\">NOTICIAS<\/a>","tag_info":"NOTICIAS","comment_count":0,"_links":{"self":[{"href":"https:\/\/autofans.com.ar\/index.php\/wp-json\/wp\/v2\/posts\/750","targetHints":{"allow":["GET"]}}],"collection":[{"href":"https:\/\/autofans.com.ar\/index.php\/wp-json\/wp\/v2\/posts"}],"about":[{"href":"https:\/\/autofans.com.ar\/index.php\/wp-json\/wp\/v2\/types\/post"}],"author":[{"embeddable":true,"href":"https:\/\/autofans.com.ar\/index.php\/wp-json\/wp\/v2\/users\/2"}],"replies":[{"embeddable":true,"href":"https:\/\/autofans.com.ar\/index.php\/wp-json\/wp\/v2\/comments?post=750"}],"version-history":[{"count":5,"href":"https:\/\/autofans.com.ar\/index.php\/wp-json\/wp\/v2\/posts\/750\/revisions"}],"predecessor-version":[{"id":759,"href":"https:\/\/autofans.com.ar\/index.php\/wp-json\/wp\/v2\/posts\/750\/revisions\/759"}],"wp:featuredmedia":[{"embeddable":true,"href":"https:\/\/autofans.com.ar\/index.php\/wp-json\/wp\/v2\/media\/751"}],"wp:attachment":[{"href":"https:\/\/autofans.com.ar\/index.php\/wp-json\/wp\/v2\/media?parent=750"}],"wp:term":[{"taxonomy":"category","embeddable":true,"href":"https:\/\/autofans.com.ar\/index.php\/wp-json\/wp\/v2\/categories?post=750"},{"taxonomy":"post_tag","embeddable":true,"href":"https:\/\/autofans.com.ar\/index.php\/wp-json\/wp\/v2\/tags?post=750"}],"curies":[{"name":"wp","href":"https:\/\/api.w.org\/{rel}","templated":true}]}}