{"id":7524,"date":"2024-04-29T20:10:18","date_gmt":"2024-04-29T23:10:18","guid":{"rendered":"https:\/\/autofans.com.ar\/?p=7524"},"modified":"2024-04-29T20:10:18","modified_gmt":"2024-04-29T23:10:18","slug":"desafio-ruta-40-el-camino-argentino-hacia-el-rally-dakar","status":"publish","type":"post","link":"https:\/\/autofans.com.ar\/index.php\/2024\/04\/29\/desafio-ruta-40-el-camino-argentino-hacia-el-rally-dakar\/","title":{"rendered":"Desaf\u00edo Ruta 40, el camino argentino hacia el Rally Dakar"},"content":{"rendered":"<p>La 12\u00b0 edici\u00f3n del Desaf\u00edo Ruta 40 se llevar\u00e1 a cabo del 1 al 7 de junio, abarcando las provincias de C\u00f3rdoba, San Juan y La Rioja. Este evento, adem\u00e1s de prometer emociones espectaculares, ser\u00e1 la cuarta ronda del Campeonato Mundial de Rally Raid 2024 (W2RC).<\/p>\n<p>&nbsp;<\/p>\n<h2>Desaf\u00edo Ruta 40 &#8211; puerta de entrada al Rally Dakar<\/h2>\n<p>El Desaf\u00edo Ruta 40 ha ganado su lugar como una de las citas m\u00e1s atractivas para pilotos y equipos destacados en la disciplina. Pero no solo eso, tambi\u00e9n atrae a j\u00f3venes talentos ansiosos de desafiar fronteras internacionales, ya que forma parte del programa Road to Dakar.<\/p>\n<p>&nbsp;<\/p>\n<p><img fetchpriority=\"high\" decoding=\"async\" class=\"aligncenter wp-image-7526 size-full\" src=\"https:\/\/autofans.com.ar\/wp-content\/uploads\/2024\/04\/foto-2-15.jpg\" alt=\"Ruta 40\" width=\"1000\" height=\"667\" srcset=\"https:\/\/autofans.com.ar\/wp-content\/uploads\/2024\/04\/foto-2-15.jpg 1000w, https:\/\/autofans.com.ar\/wp-content\/uploads\/2024\/04\/foto-2-15-300x200.jpg 300w, https:\/\/autofans.com.ar\/wp-content\/uploads\/2024\/04\/foto-2-15-768x512.jpg 768w\" sizes=\"(max-width: 1000px) 100vw, 1000px\" \/><\/p>\n<p>&nbsp;<\/p>\n<p>Por segundo a\u00f1o consecutivo, el Desaf\u00edo Ruta 40 se convierte en un trampol\u00edn hacia el Rally Dakar 2025. En esta ocasi\u00f3n, la competencia sudamericana otorgar\u00e1 una plaza al mejor clasificado en la categor\u00eda SSV, siempre y cuando cumpla ciertos requisitos de elegibilidad. Esto incluye no haber participado previamente en el Dakar en ninguna categor\u00eda, no haber sido parte de la lista Elite\/Prioritaria de FIA y ASO, no haber ganado el Road to Dakar Challenge en el pasado y no formar parte de un equipo oficial. Adem\u00e1s, el DR40 ofrecer\u00e1 valiosos puntos en la categor\u00eda de motos.<\/p>\n<p>&nbsp;<\/p>\n<p>En 2023, Santiago Rostan, piloto de motos proveniente de Neuqu\u00e9n, fue uno de los beneficiarios de este premio, cumpliendo as\u00ed su sue\u00f1o de competir en Arabia Saudita en enero pasado, tras su victoria en Ruta 40.<\/p>\n<p>El Desaf\u00edo Ruta 40 2024 ser\u00e1 otro hito en la ya estrecha relaci\u00f3n entre Argentina y el Rally Dakar. Para m\u00e1s informaci\u00f3n sobre el proceso de inscripci\u00f3n y el Road to Dakar Challenge, puedes visitar: <a href=\"https:\/\/desafioruta40.ar\/inscripciones\/\" target=\"_blank\" rel=\"noopener\">Desafio 40<\/a><\/p>\n<p>&nbsp;<\/p>\n<p>&nbsp;<\/p>\n<p><i>Para enterarte de m\u00e1s novedades, no dejes de leer\u00a0<\/i><a href=\"https:\/\/autofans.thebrandsoup.com\/\"><i>nuestras notas<\/i><\/a><i>, de ver<\/i><b><i>\u00a0<\/i><\/b><a href=\"https:\/\/www.youtube.com\/channel\/UCgAC8UGHZYbT6P7PpmVnP7g\"><b><i>AUTOFANS TV<\/i><\/b><\/a><b><i>\u00a0<\/i><\/b><i>en nuestro\u00a0canal de Youtube. Adem\u00e1s seguinos en\u00a0<\/i><a href=\"https:\/\/www.instagram.com\/autofanstv\/\"><i>INSTAGRAM<\/i><\/a><i> y <\/i><a href=\"https:\/\/www.facebook.com\/autofansmas\/\"><i>FACEBOOK<\/i><\/a><i> para no perderte nada sobre las novedades del segmento automotor de Argentina y el mundo.<\/i><\/p>\n","protected":false},"excerpt":{"rendered":"<p>La 12\u00b0 edici\u00f3n del Desaf\u00edo Ruta 40 se llevar\u00e1 a cabo del 1 al 7&#8230;<\/p>\n","protected":false},"author":2,"featured_media":7525,"comment_status":"closed","ping_status":"closed","sticky":false,"template":"","format":"standard","meta":{"footnotes":""},"categories":[127,16],"tags":[38,1140,3980,1139,60,3978,3410,2502,3979],"class_list":["post-7524","post","type-post","status-publish","format-standard","has-post-thumbnail","hentry","category-deporte","category-noticias","tag-argentina","tag-campeonato-mundial-de-rally-raid","tag-competiciones-automovilisticas","tag-desafio-ruta-40","tag-motos","tag-pilotos-argentinos","tag-rally-dakar","tag-road-to-dakar","tag-ssv"],"yoast_head":"<!-- This site is optimized with the Yoast SEO plugin v27.5 - https:\/\/yoast.com\/product\/yoast-seo-wordpress\/ -->\n<title>Desaf\u00edo Ruta 40, el camino argentino hacia el Rally Dakar -<\/title>\n<meta name=\"description\" content=\"El Desaf\u00edo Ruta 40 se llevar\u00e1 a cabo del 1 al 7 de junio, abarcando las provincias de C\u00f3rdoba San Juan y La Rioja. La cuarta ronda del (W2RC)\" \/>\n<meta name=\"robots\" content=\"index, follow, max-snippet:-1, max-image-preview:large, max-video-preview:-1\" \/>\n<link rel=\"canonical\" href=\"https:\/\/autofans.com.ar\/index.php\/2024\/04\/29\/desafio-ruta-40-el-camino-argentino-hacia-el-rally-dakar\/\" \/>\n<meta property=\"og:locale\" content=\"es_ES\" \/>\n<meta property=\"og:type\" content=\"article\" \/>\n<meta property=\"og:title\" content=\"Desaf\u00edo Ruta 40, el camino argentino hacia el Rally Dakar -\" \/>\n<meta property=\"og:description\" content=\"El Desaf\u00edo Ruta 40 se llevar\u00e1 a cabo del 1 al 7 de junio, abarcando las provincias de C\u00f3rdoba San Juan y La Rioja. La cuarta ronda del (W2RC)\" \/>\n<meta property=\"og:url\" content=\"https:\/\/autofans.com.ar\/index.php\/2024\/04\/29\/desafio-ruta-40-el-camino-argentino-hacia-el-rally-dakar\/\" \/>\n<meta property=\"article:published_time\" content=\"2024-04-29T23:10:18+00:00\" \/>\n<meta property=\"og:image\" content=\"https:\/\/autofans.com.ar\/wp-content\/uploads\/2024\/04\/foto-3-15.jpg\" \/>\n\t<meta property=\"og:image:width\" content=\"640\" \/>\n\t<meta property=\"og:image:height\" content=\"427\" \/>\n\t<meta property=\"og:image:type\" content=\"image\/jpeg\" \/>\n<meta name=\"author\" content=\"Alejandro Gabriel Rosito\" \/>\n<meta name=\"twitter:card\" content=\"summary_large_image\" \/>\n<meta name=\"twitter:label1\" content=\"Escrito por\" \/>\n\t<meta name=\"twitter:data1\" content=\"Alejandro Gabriel Rosito\" \/>\n\t<meta name=\"twitter:label2\" content=\"Tiempo de lectura\" \/>\n\t<meta name=\"twitter:data2\" content=\"2 minutos\" \/>\n<script type=\"application\/ld+json\" class=\"yoast-schema-graph\">{\"@context\":\"https:\\\/\\\/schema.org\",\"@graph\":[{\"@type\":\"Article\",\"@id\":\"https:\\\/\\\/autofans.com.ar\\\/index.php\\\/2024\\\/04\\\/29\\\/desafio-ruta-40-el-camino-argentino-hacia-el-rally-dakar\\\/#article\",\"isPartOf\":{\"@id\":\"https:\\\/\\\/autofans.com.ar\\\/index.php\\\/2024\\\/04\\\/29\\\/desafio-ruta-40-el-camino-argentino-hacia-el-rally-dakar\\\/\"},\"author\":{\"name\":\"Alejandro Gabriel Rosito\",\"@id\":\"https:\\\/\\\/autofans.com.ar\\\/#\\\/schema\\\/person\\\/4a8dda0b6df83ac3d6723e921274c2aa\"},\"headline\":\"Desaf\u00edo Ruta 40, el camino argentino hacia el Rally Dakar\",\"datePublished\":\"2024-04-29T23:10:18+00:00\",\"mainEntityOfPage\":{\"@id\":\"https:\\\/\\\/autofans.com.ar\\\/index.php\\\/2024\\\/04\\\/29\\\/desafio-ruta-40-el-camino-argentino-hacia-el-rally-dakar\\\/\"},\"wordCount\":342,\"image\":{\"@id\":\"https:\\\/\\\/autofans.com.ar\\\/index.php\\\/2024\\\/04\\\/29\\\/desafio-ruta-40-el-camino-argentino-hacia-el-rally-dakar\\\/#primaryimage\"},\"thumbnailUrl\":\"https:\\\/\\\/autofans.com.ar\\\/wp-content\\\/uploads\\\/2024\\\/04\\\/foto-3-15.jpg\",\"keywords\":[\"Argentina\",\"Campeonato Mundial de Rally-Raid\",\"competiciones automovil\u00edsticas\",\"Desaf\u00edo Ruta 40\",\"Motos\",\"pilotos argentinos\",\"Rally Dakar\",\"Road to Dakar\",\"SSV\"],\"articleSection\":[\"DEPORTE MOTOR\",\"NOTICIAS\"],\"inLanguage\":\"es\"},{\"@type\":\"WebPage\",\"@id\":\"https:\\\/\\\/autofans.com.ar\\\/index.php\\\/2024\\\/04\\\/29\\\/desafio-ruta-40-el-camino-argentino-hacia-el-rally-dakar\\\/\",\"url\":\"https:\\\/\\\/autofans.com.ar\\\/index.php\\\/2024\\\/04\\\/29\\\/desafio-ruta-40-el-camino-argentino-hacia-el-rally-dakar\\\/\",\"name\":\"Desaf\u00edo Ruta 40, el camino argentino hacia el Rally Dakar -\",\"isPartOf\":{\"@id\":\"https:\\\/\\\/autofans.com.ar\\\/#website\"},\"primaryImageOfPage\":{\"@id\":\"https:\\\/\\\/autofans.com.ar\\\/index.php\\\/2024\\\/04\\\/29\\\/desafio-ruta-40-el-camino-argentino-hacia-el-rally-dakar\\\/#primaryimage\"},\"image\":{\"@id\":\"https:\\\/\\\/autofans.com.ar\\\/index.php\\\/2024\\\/04\\\/29\\\/desafio-ruta-40-el-camino-argentino-hacia-el-rally-dakar\\\/#primaryimage\"},\"thumbnailUrl\":\"https:\\\/\\\/autofans.com.ar\\\/wp-content\\\/uploads\\\/2024\\\/04\\\/foto-3-15.jpg\",\"datePublished\":\"2024-04-29T23:10:18+00:00\",\"author\":{\"@id\":\"https:\\\/\\\/autofans.com.ar\\\/#\\\/schema\\\/person\\\/4a8dda0b6df83ac3d6723e921274c2aa\"},\"description\":\"El Desaf\u00edo Ruta 40 se llevar\u00e1 a cabo del 1 al 7 de junio, abarcando las provincias de C\u00f3rdoba San Juan y La Rioja. La cuarta ronda del (W2RC)\",\"breadcrumb\":{\"@id\":\"https:\\\/\\\/autofans.com.ar\\\/index.php\\\/2024\\\/04\\\/29\\\/desafio-ruta-40-el-camino-argentino-hacia-el-rally-dakar\\\/#breadcrumb\"},\"inLanguage\":\"es\",\"potentialAction\":[{\"@type\":\"ReadAction\",\"target\":[\"https:\\\/\\\/autofans.com.ar\\\/index.php\\\/2024\\\/04\\\/29\\\/desafio-ruta-40-el-camino-argentino-hacia-el-rally-dakar\\\/\"]}]},{\"@type\":\"ImageObject\",\"inLanguage\":\"es\",\"@id\":\"https:\\\/\\\/autofans.com.ar\\\/index.php\\\/2024\\\/04\\\/29\\\/desafio-ruta-40-el-camino-argentino-hacia-el-rally-dakar\\\/#primaryimage\",\"url\":\"https:\\\/\\\/autofans.com.ar\\\/wp-content\\\/uploads\\\/2024\\\/04\\\/foto-3-15.jpg\",\"contentUrl\":\"https:\\\/\\\/autofans.com.ar\\\/wp-content\\\/uploads\\\/2024\\\/04\\\/foto-3-15.jpg\",\"width\":1000,\"height\":667,\"caption\":\"Ruta 40\"},{\"@type\":\"BreadcrumbList\",\"@id\":\"https:\\\/\\\/autofans.com.ar\\\/index.php\\\/2024\\\/04\\\/29\\\/desafio-ruta-40-el-camino-argentino-hacia-el-rally-dakar\\\/#breadcrumb\",\"itemListElement\":[{\"@type\":\"ListItem\",\"position\":1,\"name\":\"Inicio\",\"item\":\"https:\\\/\\\/autofans.com.ar\\\/\"},{\"@type\":\"ListItem\",\"position\":2,\"name\":\"Desaf\u00edo Ruta 40, el camino argentino hacia el Rally Dakar\"}]},{\"@type\":\"WebSite\",\"@id\":\"https:\\\/\\\/autofans.com.ar\\\/#website\",\"url\":\"https:\\\/\\\/autofans.com.ar\\\/\",\"name\":\"\",\"description\":\"El multimedio referente de la industria automotriz\",\"potentialAction\":[{\"@type\":\"SearchAction\",\"target\":{\"@type\":\"EntryPoint\",\"urlTemplate\":\"https:\\\/\\\/autofans.com.ar\\\/?s={search_term_string}\"},\"query-input\":{\"@type\":\"PropertyValueSpecification\",\"valueRequired\":true,\"valueName\":\"search_term_string\"}}],\"inLanguage\":\"es\"},{\"@type\":\"Person\",\"@id\":\"https:\\\/\\\/autofans.com.ar\\\/#\\\/schema\\\/person\\\/4a8dda0b6df83ac3d6723e921274c2aa\",\"name\":\"Alejandro Gabriel Rosito\",\"image\":{\"@type\":\"ImageObject\",\"inLanguage\":\"es\",\"@id\":\"https:\\\/\\\/secure.gravatar.com\\\/avatar\\\/16c5dda1489adfc62618084dcbb91cffd879c374b13fe5dd8e44ed6733852c88?s=96&d=mm&r=g\",\"url\":\"https:\\\/\\\/secure.gravatar.com\\\/avatar\\\/16c5dda1489adfc62618084dcbb91cffd879c374b13fe5dd8e44ed6733852c88?s=96&d=mm&r=g\",\"contentUrl\":\"https:\\\/\\\/secure.gravatar.com\\\/avatar\\\/16c5dda1489adfc62618084dcbb91cffd879c374b13fe5dd8e44ed6733852c88?s=96&d=mm&r=g\",\"caption\":\"Alejandro Gabriel Rosito\"},\"url\":\"https:\\\/\\\/autofans.com.ar\\\/index.php\\\/author\\\/gabrielr\\\/\"}]}<\/script>\n<!-- \/ Yoast SEO plugin. -->","yoast_head_json":{"title":"Desaf\u00edo Ruta 40, el camino argentino hacia el Rally Dakar -","description":"El Desaf\u00edo Ruta 40 se llevar\u00e1 a cabo del 1 al 7 de junio, abarcando las provincias de C\u00f3rdoba San Juan y La Rioja. La cuarta ronda del (W2RC)","robots":{"index":"index","follow":"follow","max-snippet":"max-snippet:-1","max-image-preview":"max-image-preview:large","max-video-preview":"max-video-preview:-1"},"canonical":"https:\/\/autofans.com.ar\/index.php\/2024\/04\/29\/desafio-ruta-40-el-camino-argentino-hacia-el-rally-dakar\/","og_locale":"es_ES","og_type":"article","og_title":"Desaf\u00edo Ruta 40, el camino argentino hacia el Rally Dakar -","og_description":"El Desaf\u00edo Ruta 40 se llevar\u00e1 a cabo del 1 al 7 de junio, abarcando las provincias de C\u00f3rdoba San Juan y La Rioja. La cuarta ronda del (W2RC)","og_url":"https:\/\/autofans.com.ar\/index.php\/2024\/04\/29\/desafio-ruta-40-el-camino-argentino-hacia-el-rally-dakar\/","article_published_time":"2024-04-29T23:10:18+00:00","og_image":[{"url":"https:\/\/autofans.com.ar\/wp-content\/uploads\/2024\/04\/foto-3-15.jpg","width":640,"height":427,"type":"image\/jpeg"}],"author":"Alejandro Gabriel Rosito","twitter_card":"summary_large_image","twitter_misc":{"Escrito por":"Alejandro Gabriel Rosito","Tiempo de lectura":"2 minutos"},"schema":{"@context":"https:\/\/schema.org","@graph":[{"@type":"Article","@id":"https:\/\/autofans.com.ar\/index.php\/2024\/04\/29\/desafio-ruta-40-el-camino-argentino-hacia-el-rally-dakar\/#article","isPartOf":{"@id":"https:\/\/autofans.com.ar\/index.php\/2024\/04\/29\/desafio-ruta-40-el-camino-argentino-hacia-el-rally-dakar\/"},"author":{"name":"Alejandro Gabriel Rosito","@id":"https:\/\/autofans.com.ar\/#\/schema\/person\/4a8dda0b6df83ac3d6723e921274c2aa"},"headline":"Desaf\u00edo Ruta 40, el camino argentino hacia el Rally Dakar","datePublished":"2024-04-29T23:10:18+00:00","mainEntityOfPage":{"@id":"https:\/\/autofans.com.ar\/index.php\/2024\/04\/29\/desafio-ruta-40-el-camino-argentino-hacia-el-rally-dakar\/"},"wordCount":342,"image":{"@id":"https:\/\/autofans.com.ar\/index.php\/2024\/04\/29\/desafio-ruta-40-el-camino-argentino-hacia-el-rally-dakar\/#primaryimage"},"thumbnailUrl":"https:\/\/autofans.com.ar\/wp-content\/uploads\/2024\/04\/foto-3-15.jpg","keywords":["Argentina","Campeonato Mundial de Rally-Raid","competiciones automovil\u00edsticas","Desaf\u00edo Ruta 40","Motos","pilotos argentinos","Rally Dakar","Road to Dakar","SSV"],"articleSection":["DEPORTE MOTOR","NOTICIAS"],"inLanguage":"es"},{"@type":"WebPage","@id":"https:\/\/autofans.com.ar\/index.php\/2024\/04\/29\/desafio-ruta-40-el-camino-argentino-hacia-el-rally-dakar\/","url":"https:\/\/autofans.com.ar\/index.php\/2024\/04\/29\/desafio-ruta-40-el-camino-argentino-hacia-el-rally-dakar\/","name":"Desaf\u00edo Ruta 40, el camino argentino hacia el Rally Dakar -","isPartOf":{"@id":"https:\/\/autofans.com.ar\/#website"},"primaryImageOfPage":{"@id":"https:\/\/autofans.com.ar\/index.php\/2024\/04\/29\/desafio-ruta-40-el-camino-argentino-hacia-el-rally-dakar\/#primaryimage"},"image":{"@id":"https:\/\/autofans.com.ar\/index.php\/2024\/04\/29\/desafio-ruta-40-el-camino-argentino-hacia-el-rally-dakar\/#primaryimage"},"thumbnailUrl":"https:\/\/autofans.com.ar\/wp-content\/uploads\/2024\/04\/foto-3-15.jpg","datePublished":"2024-04-29T23:10:18+00:00","author":{"@id":"https:\/\/autofans.com.ar\/#\/schema\/person\/4a8dda0b6df83ac3d6723e921274c2aa"},"description":"El Desaf\u00edo Ruta 40 se llevar\u00e1 a cabo del 1 al 7 de junio, abarcando las provincias de C\u00f3rdoba San Juan y La Rioja. La cuarta ronda del (W2RC)","breadcrumb":{"@id":"https:\/\/autofans.com.ar\/index.php\/2024\/04\/29\/desafio-ruta-40-el-camino-argentino-hacia-el-rally-dakar\/#breadcrumb"},"inLanguage":"es","potentialAction":[{"@type":"ReadAction","target":["https:\/\/autofans.com.ar\/index.php\/2024\/04\/29\/desafio-ruta-40-el-camino-argentino-hacia-el-rally-dakar\/"]}]},{"@type":"ImageObject","inLanguage":"es","@id":"https:\/\/autofans.com.ar\/index.php\/2024\/04\/29\/desafio-ruta-40-el-camino-argentino-hacia-el-rally-dakar\/#primaryimage","url":"https:\/\/autofans.com.ar\/wp-content\/uploads\/2024\/04\/foto-3-15.jpg","contentUrl":"https:\/\/autofans.com.ar\/wp-content\/uploads\/2024\/04\/foto-3-15.jpg","width":1000,"height":667,"caption":"Ruta 40"},{"@type":"BreadcrumbList","@id":"https:\/\/autofans.com.ar\/index.php\/2024\/04\/29\/desafio-ruta-40-el-camino-argentino-hacia-el-rally-dakar\/#breadcrumb","itemListElement":[{"@type":"ListItem","position":1,"name":"Inicio","item":"https:\/\/autofans.com.ar\/"},{"@type":"ListItem","position":2,"name":"Desaf\u00edo Ruta 40, el camino argentino hacia el Rally Dakar"}]},{"@type":"WebSite","@id":"https:\/\/autofans.com.ar\/#website","url":"https:\/\/autofans.com.ar\/","name":"","description":"El multimedio referente de la industria automotriz","potentialAction":[{"@type":"SearchAction","target":{"@type":"EntryPoint","urlTemplate":"https:\/\/autofans.com.ar\/?s={search_term_string}"},"query-input":{"@type":"PropertyValueSpecification","valueRequired":true,"valueName":"search_term_string"}}],"inLanguage":"es"},{"@type":"Person","@id":"https:\/\/autofans.com.ar\/#\/schema\/person\/4a8dda0b6df83ac3d6723e921274c2aa","name":"Alejandro Gabriel Rosito","image":{"@type":"ImageObject","inLanguage":"es","@id":"https:\/\/secure.gravatar.com\/avatar\/16c5dda1489adfc62618084dcbb91cffd879c374b13fe5dd8e44ed6733852c88?s=96&d=mm&r=g","url":"https:\/\/secure.gravatar.com\/avatar\/16c5dda1489adfc62618084dcbb91cffd879c374b13fe5dd8e44ed6733852c88?s=96&d=mm&r=g","contentUrl":"https:\/\/secure.gravatar.com\/avatar\/16c5dda1489adfc62618084dcbb91cffd879c374b13fe5dd8e44ed6733852c88?s=96&d=mm&r=g","caption":"Alejandro Gabriel Rosito"},"url":"https:\/\/autofans.com.ar\/index.php\/author\/gabrielr\/"}]}},"featured_image_urls":{"full":["https:\/\/autofans.com.ar\/wp-content\/uploads\/2024\/04\/foto-3-15.jpg",1000,667,false],"thumbnail":["https:\/\/autofans.com.ar\/wp-content\/uploads\/2024\/04\/foto-3-15-150x150.jpg",150,150,true],"medium":["https:\/\/autofans.com.ar\/wp-content\/uploads\/2024\/04\/foto-3-15-300x200.jpg",300,200,true],"medium_large":["https:\/\/autofans.com.ar\/wp-content\/uploads\/2024\/04\/foto-3-15-768x512.jpg",640,427,true],"large":["https:\/\/autofans.com.ar\/wp-content\/uploads\/2024\/04\/foto-3-15.jpg",640,427,false],"1536x1536":["https:\/\/autofans.com.ar\/wp-content\/uploads\/2024\/04\/foto-3-15.jpg",1000,667,false],"2048x2048":["https:\/\/autofans.com.ar\/wp-content\/uploads\/2024\/04\/foto-3-15.jpg",1000,667,false],"covernews-featured":["https:\/\/autofans.com.ar\/wp-content\/uploads\/2024\/04\/foto-3-15.jpg",1000,667,false],"covernews-medium":["https:\/\/autofans.com.ar\/wp-content\/uploads\/2024\/04\/foto-3-15-540x340.jpg",540,340,true]},"author_info":{"display_name":"Alejandro Gabriel Rosito","author_link":"https:\/\/autofans.com.ar\/index.php\/author\/gabrielr\/"},"category_info":"<a href=\"https:\/\/autofans.com.ar\/index.php\/category\/noticias\/deporte\/\" rel=\"category tag\">DEPORTE MOTOR<\/a> <a href=\"https:\/\/autofans.com.ar\/index.php\/category\/noticias\/\" rel=\"category tag\">NOTICIAS<\/a>","tag_info":"NOTICIAS","comment_count":0,"_links":{"self":[{"href":"https:\/\/autofans.com.ar\/index.php\/wp-json\/wp\/v2\/posts\/7524","targetHints":{"allow":["GET"]}}],"collection":[{"href":"https:\/\/autofans.com.ar\/index.php\/wp-json\/wp\/v2\/posts"}],"about":[{"href":"https:\/\/autofans.com.ar\/index.php\/wp-json\/wp\/v2\/types\/post"}],"author":[{"embeddable":true,"href":"https:\/\/autofans.com.ar\/index.php\/wp-json\/wp\/v2\/users\/2"}],"replies":[{"embeddable":true,"href":"https:\/\/autofans.com.ar\/index.php\/wp-json\/wp\/v2\/comments?post=7524"}],"version-history":[{"count":1,"href":"https:\/\/autofans.com.ar\/index.php\/wp-json\/wp\/v2\/posts\/7524\/revisions"}],"predecessor-version":[{"id":7528,"href":"https:\/\/autofans.com.ar\/index.php\/wp-json\/wp\/v2\/posts\/7524\/revisions\/7528"}],"wp:featuredmedia":[{"embeddable":true,"href":"https:\/\/autofans.com.ar\/index.php\/wp-json\/wp\/v2\/media\/7525"}],"wp:attachment":[{"href":"https:\/\/autofans.com.ar\/index.php\/wp-json\/wp\/v2\/media?parent=7524"}],"wp:term":[{"taxonomy":"category","embeddable":true,"href":"https:\/\/autofans.com.ar\/index.php\/wp-json\/wp\/v2\/categories?post=7524"},{"taxonomy":"post_tag","embeddable":true,"href":"https:\/\/autofans.com.ar\/index.php\/wp-json\/wp\/v2\/tags?post=7524"}],"curies":[{"name":"wp","href":"https:\/\/api.w.org\/{rel}","templated":true}]}}