{"id":7529,"date":"2024-04-30T13:42:30","date_gmt":"2024-04-30T16:42:30","guid":{"rendered":"https:\/\/autofans.com.ar\/?p=7529"},"modified":"2024-04-30T13:42:30","modified_gmt":"2024-04-30T16:42:30","slug":"ducati-arrasa-en-el-viernes-de-motogp-en-jerez","status":"publish","type":"post","link":"https:\/\/autofans.com.ar\/index.php\/2024\/04\/30\/ducati-arrasa-en-el-viernes-de-motogp-en-jerez\/","title":{"rendered":"Ducati arrasa en el viernes de MotoGP en Jerez"},"content":{"rendered":"<p>El viernes en Jerez fue dominado por Ducati y su modelo Desmosedici GP, con Francesco Bagnaia al frente. El dos veces Campe\u00f3n del Mundo de MotoGP estableci\u00f3 un nuevo r\u00e9cord para el circuito, superando su propia marca de 2022. Junto a su compa\u00f1ero de equipo, Enea Bastianini, Ducati demostr\u00f3 su competitividad con siete motos dentro del Top10, asegurando su lugar en la Q2 clasificatoria del s\u00e1bado.<\/p>\n<p>&nbsp;<\/p>\n<figure id=\"attachment_7533\" aria-describedby=\"caption-attachment-7533\" style=\"width: 1000px\" class=\"wp-caption aligncenter\"><img fetchpriority=\"high\" decoding=\"async\" class=\"wp-image-7533 size-full\" src=\"https:\/\/autofans.com.ar\/wp-content\/uploads\/2024\/04\/bagnaia-2.jpg\" alt=\"Ducati\" width=\"1000\" height=\"667\" srcset=\"https:\/\/autofans.com.ar\/wp-content\/uploads\/2024\/04\/bagnaia-2.jpg 1000w, https:\/\/autofans.com.ar\/wp-content\/uploads\/2024\/04\/bagnaia-2-300x200.jpg 300w, https:\/\/autofans.com.ar\/wp-content\/uploads\/2024\/04\/bagnaia-2-768x512.jpg 768w\" sizes=\"(max-width: 1000px) 100vw, 1000px\" \/><figcaption id=\"caption-attachment-7533\" class=\"wp-caption-text\">Francesco Bagnaia<\/figcaption><\/figure>\n<p>&nbsp;<\/p>\n<blockquote>\n<p style=\"text-align: center;\">Francesco Bagnaia (#1 Ducati Lenovo Team) \u2013 01:36,025 &gt; P1<\/p>\n<p style=\"text-align: center;\">\u201cNos concentramos sobre todo aquello que no hab\u00eda funcionado en las \u00faltimas carreras y llevamos adelante un importante an\u00e1lisis de los datos recabados. Programamos este viernes como si fuera una jornada de tests y el m\u00e9todo result\u00f3. Recuperamos las sensaciones para luchar por la punta, de manera m\u00e1s r\u00e1pida y contundente \u201d.<\/p>\n<\/blockquote>\n<p>&nbsp;<\/p>\n<p>El Gran Premio de Espa\u00f1a en el Circuito de Jerez-\u00c1ngel Nieto recibi\u00f3 a los pilotos de MotoGP para el cuarto cap\u00edtulo de la temporada 2024. Ducati ha tenido un historial exitoso en esta pista, con 10 podios y cuatro victorias. En los \u00faltimos a\u00f1os, el equipo Ducati Lenovo Team ha sido protagonista, con Francesco Bagnaia ganando en 2022 y 2023.<\/p>\n<p>&nbsp;<\/p>\n<figure id=\"attachment_7532\" aria-describedby=\"caption-attachment-7532\" style=\"width: 1000px\" class=\"wp-caption aligncenter\"><img decoding=\"async\" class=\"wp-image-7532 size-full\" src=\"https:\/\/autofans.com.ar\/wp-content\/uploads\/2024\/04\/marquez.jpg\" alt=\"Ducati\" width=\"1000\" height=\"667\" srcset=\"https:\/\/autofans.com.ar\/wp-content\/uploads\/2024\/04\/marquez.jpg 1000w, https:\/\/autofans.com.ar\/wp-content\/uploads\/2024\/04\/marquez-300x200.jpg 300w, https:\/\/autofans.com.ar\/wp-content\/uploads\/2024\/04\/marquez-768x512.jpg 768w\" sizes=\"(max-width: 1000px) 100vw, 1000px\" \/><figcaption id=\"caption-attachment-7532\" class=\"wp-caption-text\">Marc M\u00e1rquez<\/figcaption><\/figure>\n<p>&nbsp;<\/p>\n<blockquote>\n<p style=\"text-align: center;\">Marc M\u00e1rquez (#93 Gresini Racing) \u2013 01:36,168 &gt; P3<\/p>\n<p style=\"text-align: center;\">\u201cEl equipo trabaj\u00f3 en base a lo recabado en el \u00faltimo GP de Espa\u00f1a y los resultados aparecieron r\u00e1pido. Igualmente, vamos sesi\u00f3n por sesi\u00f3n y ahora toca pensar en la Q2\u201d.<\/p>\n<\/blockquote>\n<p>&nbsp;<\/p>\n<p>Bagnaia lider\u00f3 las sesiones libres del viernes con un tiempo r\u00e9cord de 1:36,025, superando su propio registro anterior. Marc M\u00e1rquez, Marco Bezzecchi y Jorge Mart\u00edn tambi\u00e9n destacaron con sus Desmosedici GP. Todos los pilotos de Ducati mencionados aseguraron su lugar en la Q2, excepto Franco Morbidelli, quien deber\u00e1 pasar por la Q1.<\/p>\n<p>&nbsp;<\/p>\n<p>&nbsp;<\/p>\n<blockquote>\n<figure id=\"attachment_7531\" aria-describedby=\"caption-attachment-7531\" style=\"width: 1000px\" class=\"wp-caption aligncenter\"><img decoding=\"async\" class=\"wp-image-7531 size-full\" src=\"https:\/\/autofans.com.ar\/wp-content\/uploads\/2024\/04\/bezzecchi.jpg\" alt=\"Ducati\" width=\"1000\" height=\"667\" srcset=\"https:\/\/autofans.com.ar\/wp-content\/uploads\/2024\/04\/bezzecchi.jpg 1000w, https:\/\/autofans.com.ar\/wp-content\/uploads\/2024\/04\/bezzecchi-300x200.jpg 300w, https:\/\/autofans.com.ar\/wp-content\/uploads\/2024\/04\/bezzecchi-768x512.jpg 768w\" sizes=\"(max-width: 1000px) 100vw, 1000px\" \/><figcaption id=\"caption-attachment-7531\" class=\"wp-caption-text\">Marco Bezzecchi<\/figcaption><\/figure>\n<p style=\"text-align: center;\">(#72 Pertamina Enduro VR46 Racing Team) \u2013 01:36,364 &gt; P4<\/p>\n<p style=\"text-align: center;\">\u201cEstoy satisfecho, porque fuimos progresando poco a poco. La pista no tiene mucho \u2018grip\u2019 y es evidente que as\u00ed la moto se comporta naturalmente mejor\u201d.<\/p>\n<\/blockquote>\n<p>&nbsp;<\/p>\n<figure id=\"attachment_7530\" aria-describedby=\"caption-attachment-7530\" style=\"width: 1000px\" class=\"wp-caption aligncenter\"><img loading=\"lazy\" decoding=\"async\" class=\"wp-image-7530 size-full\" src=\"https:\/\/autofans.com.ar\/wp-content\/uploads\/2024\/04\/bastianini.jpg\" alt=\"Ducati\" width=\"1000\" height=\"667\" srcset=\"https:\/\/autofans.com.ar\/wp-content\/uploads\/2024\/04\/bastianini.jpg 1000w, https:\/\/autofans.com.ar\/wp-content\/uploads\/2024\/04\/bastianini-300x200.jpg 300w, https:\/\/autofans.com.ar\/wp-content\/uploads\/2024\/04\/bastianini-768x512.jpg 768w\" sizes=\"(max-width: 1000px) 100vw, 1000px\" \/><figcaption id=\"caption-attachment-7530\" class=\"wp-caption-text\">Enea Bastianini<\/figcaption><\/figure>\n<p>&nbsp;<\/p>\n<blockquote>\n<p style=\"text-align: center;\">Enea Bastianini (#23 Ducati Lenovo Team) \u2013 01:36,480 &gt; P8<\/p>\n<p style=\"text-align: center;\">\u201cNo llegamos al resultado que esper\u00e1bamos porque todav\u00eda me cuesta transitar el tercer sector del circuito. Gir\u00e9 mucho con un compuesto intermedio, que me permiti\u00f3 recabar buenos datos, pero la mejor opci\u00f3n ser\u00e1 seguro el caucho m\u00e1s blando.\u201d.<\/p>\n<p style=\"text-align: center;\">\n<\/blockquote>\n<p>La acci\u00f3n contin\u00faa el s\u00e1bado con la FP2 y la clasificaci\u00f3n, seguidas por la Sprint Race del GP de Espa\u00f1a. Sigue todas las novedades de Ducati Argentina en su cuenta oficial de Instagram <a href=\"https:\/\/www.instagram.com\/ducatiargentina\/\" target=\"_blank\" rel=\"noopener\">@ducatiargentina<\/a>.<\/p>\n<p>&nbsp;<\/p>\n<p>&nbsp;<\/p>\n<p><i>Para enterarte de m\u00e1s novedades, no dejes de leer\u00a0<\/i><a href=\"https:\/\/autofans.thebrandsoup.com\/\"><i>nuestras notas<\/i><\/a><i>, de ver<\/i><b><i>\u00a0<\/i><\/b><a href=\"https:\/\/www.youtube.com\/channel\/UCgAC8UGHZYbT6P7PpmVnP7g\"><b><i>AUTOFANS TV<\/i><\/b><\/a><b><i>\u00a0<\/i><\/b><i>en nuestro\u00a0canal de Youtube. Adem\u00e1s seguinos en\u00a0<\/i><a href=\"https:\/\/www.instagram.com\/autofanstv\/\"><i>INSTAGRAM<\/i><\/a><i> y <\/i><a href=\"https:\/\/www.facebook.com\/autofansmas\/\"><i>FACEBOOK<\/i><\/a><i> para no perderte nada sobre las novedades del segmento automotor de Argentina y el mundo.<\/i><\/p>\n","protected":false},"excerpt":{"rendered":"<p>El viernes en Jerez fue dominado por Ducati y su modelo Desmosedici GP, con Francesco&#8230;<\/p>\n","protected":false},"author":2,"featured_media":7534,"comment_status":"closed","ping_status":"closed","sticky":false,"template":"","format":"standard","meta":{"footnotes":""},"categories":[127,16],"tags":[3984,631,3012,219,3982,3983,343,3981,532,342,1851,1255],"class_list":["post-7529","post","type-post","status-publish","format-standard","has-post-thumbnail","hentry","category-deporte","category-noticias","tag-circuito-de-velocidad","tag-clasificacion","tag-desmosedici-gp","tag-ducati","tag-espana","tag-fp2","tag-francesco-bagnaia","tag-jerez","tag-motociclismo","tag-motogp","tag-record","tag-sprint-race"],"yoast_head":"<!-- This site is optimized with the Yoast SEO plugin v27.5 - https:\/\/yoast.com\/product\/yoast-seo-wordpress\/ -->\n<title>Ducati arrasa en el viernes de MotoGP en Jerez -<\/title>\n<meta name=\"description\" content=\"El viernes en Jerez fue dominado por Ducati y su modelo Desmosedici GP, con Francesco Bagnaia al frente. El dos veces Campe\u00f3n del Mundo...\" \/>\n<meta name=\"robots\" content=\"index, follow, max-snippet:-1, max-image-preview:large, max-video-preview:-1\" \/>\n<link rel=\"canonical\" href=\"https:\/\/autofans.com.ar\/index.php\/2024\/04\/30\/ducati-arrasa-en-el-viernes-de-motogp-en-jerez\/\" \/>\n<meta property=\"og:locale\" content=\"es_ES\" \/>\n<meta property=\"og:type\" content=\"article\" \/>\n<meta property=\"og:title\" content=\"Ducati arrasa en el viernes de MotoGP en Jerez -\" \/>\n<meta property=\"og:description\" content=\"El viernes en Jerez fue dominado por Ducati y su modelo Desmosedici GP, con Francesco Bagnaia al frente. El dos veces Campe\u00f3n del Mundo...\" \/>\n<meta property=\"og:url\" content=\"https:\/\/autofans.com.ar\/index.php\/2024\/04\/30\/ducati-arrasa-en-el-viernes-de-motogp-en-jerez\/\" \/>\n<meta property=\"article:published_time\" content=\"2024-04-30T16:42:30+00:00\" \/>\n<meta property=\"og:image\" content=\"https:\/\/autofans.com.ar\/wp-content\/uploads\/2024\/04\/bagnaia.jpg\" \/>\n\t<meta property=\"og:image:width\" content=\"640\" \/>\n\t<meta property=\"og:image:height\" content=\"427\" \/>\n\t<meta property=\"og:image:type\" content=\"image\/jpeg\" \/>\n<meta name=\"author\" content=\"Alejandro Gabriel Rosito\" \/>\n<meta name=\"twitter:card\" content=\"summary_large_image\" \/>\n<meta name=\"twitter:label1\" content=\"Escrito por\" \/>\n\t<meta name=\"twitter:data1\" content=\"Alejandro Gabriel Rosito\" \/>\n\t<meta name=\"twitter:label2\" content=\"Tiempo de lectura\" \/>\n\t<meta name=\"twitter:data2\" content=\"3 minutos\" \/>\n<script type=\"application\/ld+json\" class=\"yoast-schema-graph\">{\"@context\":\"https:\\\/\\\/schema.org\",\"@graph\":[{\"@type\":\"Article\",\"@id\":\"https:\\\/\\\/autofans.com.ar\\\/index.php\\\/2024\\\/04\\\/30\\\/ducati-arrasa-en-el-viernes-de-motogp-en-jerez\\\/#article\",\"isPartOf\":{\"@id\":\"https:\\\/\\\/autofans.com.ar\\\/index.php\\\/2024\\\/04\\\/30\\\/ducati-arrasa-en-el-viernes-de-motogp-en-jerez\\\/\"},\"author\":{\"name\":\"Alejandro Gabriel Rosito\",\"@id\":\"https:\\\/\\\/autofans.com.ar\\\/#\\\/schema\\\/person\\\/4a8dda0b6df83ac3d6723e921274c2aa\"},\"headline\":\"Ducati arrasa en el viernes de MotoGP en Jerez\",\"datePublished\":\"2024-04-30T16:42:30+00:00\",\"mainEntityOfPage\":{\"@id\":\"https:\\\/\\\/autofans.com.ar\\\/index.php\\\/2024\\\/04\\\/30\\\/ducati-arrasa-en-el-viernes-de-motogp-en-jerez\\\/\"},\"wordCount\":510,\"image\":{\"@id\":\"https:\\\/\\\/autofans.com.ar\\\/index.php\\\/2024\\\/04\\\/30\\\/ducati-arrasa-en-el-viernes-de-motogp-en-jerez\\\/#primaryimage\"},\"thumbnailUrl\":\"https:\\\/\\\/autofans.com.ar\\\/wp-content\\\/uploads\\\/2024\\\/04\\\/bagnaia.jpg\",\"keywords\":[\"circuito de velocidad\",\"clasificaci\u00f3n\",\"Desmosedici GP\",\"Ducati\",\"Espa\u00f1a\",\"FP2\",\"Francesco Bagnaia\",\"Jerez\",\"Motociclismo\",\"MotoGP\",\"r\u00e9cord\",\"Sprint Race\"],\"articleSection\":[\"DEPORTE MOTOR\",\"NOTICIAS\"],\"inLanguage\":\"es\"},{\"@type\":\"WebPage\",\"@id\":\"https:\\\/\\\/autofans.com.ar\\\/index.php\\\/2024\\\/04\\\/30\\\/ducati-arrasa-en-el-viernes-de-motogp-en-jerez\\\/\",\"url\":\"https:\\\/\\\/autofans.com.ar\\\/index.php\\\/2024\\\/04\\\/30\\\/ducati-arrasa-en-el-viernes-de-motogp-en-jerez\\\/\",\"name\":\"Ducati arrasa en el viernes de MotoGP en Jerez -\",\"isPartOf\":{\"@id\":\"https:\\\/\\\/autofans.com.ar\\\/#website\"},\"primaryImageOfPage\":{\"@id\":\"https:\\\/\\\/autofans.com.ar\\\/index.php\\\/2024\\\/04\\\/30\\\/ducati-arrasa-en-el-viernes-de-motogp-en-jerez\\\/#primaryimage\"},\"image\":{\"@id\":\"https:\\\/\\\/autofans.com.ar\\\/index.php\\\/2024\\\/04\\\/30\\\/ducati-arrasa-en-el-viernes-de-motogp-en-jerez\\\/#primaryimage\"},\"thumbnailUrl\":\"https:\\\/\\\/autofans.com.ar\\\/wp-content\\\/uploads\\\/2024\\\/04\\\/bagnaia.jpg\",\"datePublished\":\"2024-04-30T16:42:30+00:00\",\"author\":{\"@id\":\"https:\\\/\\\/autofans.com.ar\\\/#\\\/schema\\\/person\\\/4a8dda0b6df83ac3d6723e921274c2aa\"},\"description\":\"El viernes en Jerez fue dominado por Ducati y su modelo Desmosedici GP, con Francesco Bagnaia al frente. El dos veces Campe\u00f3n del Mundo...\",\"breadcrumb\":{\"@id\":\"https:\\\/\\\/autofans.com.ar\\\/index.php\\\/2024\\\/04\\\/30\\\/ducati-arrasa-en-el-viernes-de-motogp-en-jerez\\\/#breadcrumb\"},\"inLanguage\":\"es\",\"potentialAction\":[{\"@type\":\"ReadAction\",\"target\":[\"https:\\\/\\\/autofans.com.ar\\\/index.php\\\/2024\\\/04\\\/30\\\/ducati-arrasa-en-el-viernes-de-motogp-en-jerez\\\/\"]}]},{\"@type\":\"ImageObject\",\"inLanguage\":\"es\",\"@id\":\"https:\\\/\\\/autofans.com.ar\\\/index.php\\\/2024\\\/04\\\/30\\\/ducati-arrasa-en-el-viernes-de-motogp-en-jerez\\\/#primaryimage\",\"url\":\"https:\\\/\\\/autofans.com.ar\\\/wp-content\\\/uploads\\\/2024\\\/04\\\/bagnaia.jpg\",\"contentUrl\":\"https:\\\/\\\/autofans.com.ar\\\/wp-content\\\/uploads\\\/2024\\\/04\\\/bagnaia.jpg\",\"width\":1000,\"height\":667},{\"@type\":\"BreadcrumbList\",\"@id\":\"https:\\\/\\\/autofans.com.ar\\\/index.php\\\/2024\\\/04\\\/30\\\/ducati-arrasa-en-el-viernes-de-motogp-en-jerez\\\/#breadcrumb\",\"itemListElement\":[{\"@type\":\"ListItem\",\"position\":1,\"name\":\"Inicio\",\"item\":\"https:\\\/\\\/autofans.com.ar\\\/\"},{\"@type\":\"ListItem\",\"position\":2,\"name\":\"Ducati arrasa en el viernes de MotoGP en Jerez\"}]},{\"@type\":\"WebSite\",\"@id\":\"https:\\\/\\\/autofans.com.ar\\\/#website\",\"url\":\"https:\\\/\\\/autofans.com.ar\\\/\",\"name\":\"\",\"description\":\"El multimedio referente de la industria automotriz\",\"potentialAction\":[{\"@type\":\"SearchAction\",\"target\":{\"@type\":\"EntryPoint\",\"urlTemplate\":\"https:\\\/\\\/autofans.com.ar\\\/?s={search_term_string}\"},\"query-input\":{\"@type\":\"PropertyValueSpecification\",\"valueRequired\":true,\"valueName\":\"search_term_string\"}}],\"inLanguage\":\"es\"},{\"@type\":\"Person\",\"@id\":\"https:\\\/\\\/autofans.com.ar\\\/#\\\/schema\\\/person\\\/4a8dda0b6df83ac3d6723e921274c2aa\",\"name\":\"Alejandro Gabriel Rosito\",\"image\":{\"@type\":\"ImageObject\",\"inLanguage\":\"es\",\"@id\":\"https:\\\/\\\/secure.gravatar.com\\\/avatar\\\/16c5dda1489adfc62618084dcbb91cffd879c374b13fe5dd8e44ed6733852c88?s=96&d=mm&r=g\",\"url\":\"https:\\\/\\\/secure.gravatar.com\\\/avatar\\\/16c5dda1489adfc62618084dcbb91cffd879c374b13fe5dd8e44ed6733852c88?s=96&d=mm&r=g\",\"contentUrl\":\"https:\\\/\\\/secure.gravatar.com\\\/avatar\\\/16c5dda1489adfc62618084dcbb91cffd879c374b13fe5dd8e44ed6733852c88?s=96&d=mm&r=g\",\"caption\":\"Alejandro Gabriel Rosito\"},\"url\":\"https:\\\/\\\/autofans.com.ar\\\/index.php\\\/author\\\/gabrielr\\\/\"}]}<\/script>\n<!-- \/ Yoast SEO plugin. -->","yoast_head_json":{"title":"Ducati arrasa en el viernes de MotoGP en Jerez -","description":"El viernes en Jerez fue dominado por Ducati y su modelo Desmosedici GP, con Francesco Bagnaia al frente. El dos veces Campe\u00f3n del Mundo...","robots":{"index":"index","follow":"follow","max-snippet":"max-snippet:-1","max-image-preview":"max-image-preview:large","max-video-preview":"max-video-preview:-1"},"canonical":"https:\/\/autofans.com.ar\/index.php\/2024\/04\/30\/ducati-arrasa-en-el-viernes-de-motogp-en-jerez\/","og_locale":"es_ES","og_type":"article","og_title":"Ducati arrasa en el viernes de MotoGP en Jerez -","og_description":"El viernes en Jerez fue dominado por Ducati y su modelo Desmosedici GP, con Francesco Bagnaia al frente. El dos veces Campe\u00f3n del Mundo...","og_url":"https:\/\/autofans.com.ar\/index.php\/2024\/04\/30\/ducati-arrasa-en-el-viernes-de-motogp-en-jerez\/","article_published_time":"2024-04-30T16:42:30+00:00","og_image":[{"url":"https:\/\/autofans.com.ar\/wp-content\/uploads\/2024\/04\/bagnaia.jpg","width":640,"height":427,"type":"image\/jpeg"}],"author":"Alejandro Gabriel Rosito","twitter_card":"summary_large_image","twitter_misc":{"Escrito por":"Alejandro Gabriel Rosito","Tiempo de lectura":"3 minutos"},"schema":{"@context":"https:\/\/schema.org","@graph":[{"@type":"Article","@id":"https:\/\/autofans.com.ar\/index.php\/2024\/04\/30\/ducati-arrasa-en-el-viernes-de-motogp-en-jerez\/#article","isPartOf":{"@id":"https:\/\/autofans.com.ar\/index.php\/2024\/04\/30\/ducati-arrasa-en-el-viernes-de-motogp-en-jerez\/"},"author":{"name":"Alejandro Gabriel Rosito","@id":"https:\/\/autofans.com.ar\/#\/schema\/person\/4a8dda0b6df83ac3d6723e921274c2aa"},"headline":"Ducati arrasa en el viernes de MotoGP en Jerez","datePublished":"2024-04-30T16:42:30+00:00","mainEntityOfPage":{"@id":"https:\/\/autofans.com.ar\/index.php\/2024\/04\/30\/ducati-arrasa-en-el-viernes-de-motogp-en-jerez\/"},"wordCount":510,"image":{"@id":"https:\/\/autofans.com.ar\/index.php\/2024\/04\/30\/ducati-arrasa-en-el-viernes-de-motogp-en-jerez\/#primaryimage"},"thumbnailUrl":"https:\/\/autofans.com.ar\/wp-content\/uploads\/2024\/04\/bagnaia.jpg","keywords":["circuito de velocidad","clasificaci\u00f3n","Desmosedici GP","Ducati","Espa\u00f1a","FP2","Francesco Bagnaia","Jerez","Motociclismo","MotoGP","r\u00e9cord","Sprint Race"],"articleSection":["DEPORTE MOTOR","NOTICIAS"],"inLanguage":"es"},{"@type":"WebPage","@id":"https:\/\/autofans.com.ar\/index.php\/2024\/04\/30\/ducati-arrasa-en-el-viernes-de-motogp-en-jerez\/","url":"https:\/\/autofans.com.ar\/index.php\/2024\/04\/30\/ducati-arrasa-en-el-viernes-de-motogp-en-jerez\/","name":"Ducati arrasa en el viernes de MotoGP en Jerez -","isPartOf":{"@id":"https:\/\/autofans.com.ar\/#website"},"primaryImageOfPage":{"@id":"https:\/\/autofans.com.ar\/index.php\/2024\/04\/30\/ducati-arrasa-en-el-viernes-de-motogp-en-jerez\/#primaryimage"},"image":{"@id":"https:\/\/autofans.com.ar\/index.php\/2024\/04\/30\/ducati-arrasa-en-el-viernes-de-motogp-en-jerez\/#primaryimage"},"thumbnailUrl":"https:\/\/autofans.com.ar\/wp-content\/uploads\/2024\/04\/bagnaia.jpg","datePublished":"2024-04-30T16:42:30+00:00","author":{"@id":"https:\/\/autofans.com.ar\/#\/schema\/person\/4a8dda0b6df83ac3d6723e921274c2aa"},"description":"El viernes en Jerez fue dominado por Ducati y su modelo Desmosedici GP, con Francesco Bagnaia al frente. El dos veces Campe\u00f3n del Mundo...","breadcrumb":{"@id":"https:\/\/autofans.com.ar\/index.php\/2024\/04\/30\/ducati-arrasa-en-el-viernes-de-motogp-en-jerez\/#breadcrumb"},"inLanguage":"es","potentialAction":[{"@type":"ReadAction","target":["https:\/\/autofans.com.ar\/index.php\/2024\/04\/30\/ducati-arrasa-en-el-viernes-de-motogp-en-jerez\/"]}]},{"@type":"ImageObject","inLanguage":"es","@id":"https:\/\/autofans.com.ar\/index.php\/2024\/04\/30\/ducati-arrasa-en-el-viernes-de-motogp-en-jerez\/#primaryimage","url":"https:\/\/autofans.com.ar\/wp-content\/uploads\/2024\/04\/bagnaia.jpg","contentUrl":"https:\/\/autofans.com.ar\/wp-content\/uploads\/2024\/04\/bagnaia.jpg","width":1000,"height":667},{"@type":"BreadcrumbList","@id":"https:\/\/autofans.com.ar\/index.php\/2024\/04\/30\/ducati-arrasa-en-el-viernes-de-motogp-en-jerez\/#breadcrumb","itemListElement":[{"@type":"ListItem","position":1,"name":"Inicio","item":"https:\/\/autofans.com.ar\/"},{"@type":"ListItem","position":2,"name":"Ducati arrasa en el viernes de MotoGP en Jerez"}]},{"@type":"WebSite","@id":"https:\/\/autofans.com.ar\/#website","url":"https:\/\/autofans.com.ar\/","name":"","description":"El multimedio referente de la industria automotriz","potentialAction":[{"@type":"SearchAction","target":{"@type":"EntryPoint","urlTemplate":"https:\/\/autofans.com.ar\/?s={search_term_string}"},"query-input":{"@type":"PropertyValueSpecification","valueRequired":true,"valueName":"search_term_string"}}],"inLanguage":"es"},{"@type":"Person","@id":"https:\/\/autofans.com.ar\/#\/schema\/person\/4a8dda0b6df83ac3d6723e921274c2aa","name":"Alejandro Gabriel Rosito","image":{"@type":"ImageObject","inLanguage":"es","@id":"https:\/\/secure.gravatar.com\/avatar\/16c5dda1489adfc62618084dcbb91cffd879c374b13fe5dd8e44ed6733852c88?s=96&d=mm&r=g","url":"https:\/\/secure.gravatar.com\/avatar\/16c5dda1489adfc62618084dcbb91cffd879c374b13fe5dd8e44ed6733852c88?s=96&d=mm&r=g","contentUrl":"https:\/\/secure.gravatar.com\/avatar\/16c5dda1489adfc62618084dcbb91cffd879c374b13fe5dd8e44ed6733852c88?s=96&d=mm&r=g","caption":"Alejandro Gabriel Rosito"},"url":"https:\/\/autofans.com.ar\/index.php\/author\/gabrielr\/"}]}},"featured_image_urls":{"full":["https:\/\/autofans.com.ar\/wp-content\/uploads\/2024\/04\/bagnaia.jpg",1000,667,false],"thumbnail":["https:\/\/autofans.com.ar\/wp-content\/uploads\/2024\/04\/bagnaia-150x150.jpg",150,150,true],"medium":["https:\/\/autofans.com.ar\/wp-content\/uploads\/2024\/04\/bagnaia-300x200.jpg",300,200,true],"medium_large":["https:\/\/autofans.com.ar\/wp-content\/uploads\/2024\/04\/bagnaia-768x512.jpg",640,427,true],"large":["https:\/\/autofans.com.ar\/wp-content\/uploads\/2024\/04\/bagnaia.jpg",640,427,false],"1536x1536":["https:\/\/autofans.com.ar\/wp-content\/uploads\/2024\/04\/bagnaia.jpg",1000,667,false],"2048x2048":["https:\/\/autofans.com.ar\/wp-content\/uploads\/2024\/04\/bagnaia.jpg",1000,667,false],"covernews-featured":["https:\/\/autofans.com.ar\/wp-content\/uploads\/2024\/04\/bagnaia.jpg",1000,667,false],"covernews-medium":["https:\/\/autofans.com.ar\/wp-content\/uploads\/2024\/04\/bagnaia-540x340.jpg",540,340,true]},"author_info":{"display_name":"Alejandro Gabriel Rosito","author_link":"https:\/\/autofans.com.ar\/index.php\/author\/gabrielr\/"},"category_info":"<a href=\"https:\/\/autofans.com.ar\/index.php\/category\/noticias\/deporte\/\" rel=\"category tag\">DEPORTE MOTOR<\/a> <a href=\"https:\/\/autofans.com.ar\/index.php\/category\/noticias\/\" rel=\"category tag\">NOTICIAS<\/a>","tag_info":"NOTICIAS","comment_count":0,"_links":{"self":[{"href":"https:\/\/autofans.com.ar\/index.php\/wp-json\/wp\/v2\/posts\/7529","targetHints":{"allow":["GET"]}}],"collection":[{"href":"https:\/\/autofans.com.ar\/index.php\/wp-json\/wp\/v2\/posts"}],"about":[{"href":"https:\/\/autofans.com.ar\/index.php\/wp-json\/wp\/v2\/types\/post"}],"author":[{"embeddable":true,"href":"https:\/\/autofans.com.ar\/index.php\/wp-json\/wp\/v2\/users\/2"}],"replies":[{"embeddable":true,"href":"https:\/\/autofans.com.ar\/index.php\/wp-json\/wp\/v2\/comments?post=7529"}],"version-history":[{"count":2,"href":"https:\/\/autofans.com.ar\/index.php\/wp-json\/wp\/v2\/posts\/7529\/revisions"}],"predecessor-version":[{"id":7536,"href":"https:\/\/autofans.com.ar\/index.php\/wp-json\/wp\/v2\/posts\/7529\/revisions\/7536"}],"wp:featuredmedia":[{"embeddable":true,"href":"https:\/\/autofans.com.ar\/index.php\/wp-json\/wp\/v2\/media\/7534"}],"wp:attachment":[{"href":"https:\/\/autofans.com.ar\/index.php\/wp-json\/wp\/v2\/media?parent=7529"}],"wp:term":[{"taxonomy":"category","embeddable":true,"href":"https:\/\/autofans.com.ar\/index.php\/wp-json\/wp\/v2\/categories?post=7529"},{"taxonomy":"post_tag","embeddable":true,"href":"https:\/\/autofans.com.ar\/index.php\/wp-json\/wp\/v2\/tags?post=7529"}],"curies":[{"name":"wp","href":"https:\/\/api.w.org\/{rel}","templated":true}]}}