{"id":7557,"date":"2024-05-03T13:16:01","date_gmt":"2024-05-03T16:16:01","guid":{"rendered":"https:\/\/autofans.com.ar\/?p=7557"},"modified":"2024-05-03T13:19:01","modified_gmt":"2024-05-03T16:19:01","slug":"segun-cafam-aumento-un-2713-el-patentamiento-de-motos-en-abril-2024","status":"publish","type":"post","link":"https:\/\/autofans.com.ar\/index.php\/2024\/05\/03\/segun-cafam-aumento-un-2713-el-patentamiento-de-motos-en-abril-2024\/","title":{"rendered":"Aument\u00f3 un 27,13% el patentamiento de motos en abril 2024"},"content":{"rendered":"<p>Seg\u00fan el \u00faltimo relevamiento de la C\u00e1mara de Fabricantes de Motoveh\u00edculos (CAFAM), el patentamiento de motos en abril de 2024 aument\u00f3 un 27,13% con respecto al mes anterior, alcanzando un total de 37.166 unidades patentadas. Sin embargo, en comparaci\u00f3n con el mismo mes del a\u00f1o pasado, se observa una disminuci\u00f3n del 8,35%.<\/p>\n<p>&nbsp;<\/p>\n<h2>Argentina y su influencia en Latinoam\u00e9rica<\/h2>\n<p>En lo que va del a\u00f1o, se han patentado 131.679 motoveh\u00edculos en Argentina, lo que representa una baja interanual del 22,1%. Las provincias que lideran en patentamientos son Buenos Aires, Santa Fe y C\u00f3rdoba, seguidas de Chaco y Tucum\u00e1n.<\/p>\n<p>&nbsp;<\/p>\n<p><img fetchpriority=\"high\" decoding=\"async\" class=\"aligncenter wp-image-7558 size-full\" src=\"https:\/\/autofans.com.ar\/wp-content\/uploads\/2024\/05\/motos-3.jpg\" alt=\"CAFAM\" width=\"1000\" height=\"667\" srcset=\"https:\/\/autofans.com.ar\/wp-content\/uploads\/2024\/05\/motos-3.jpg 1000w, https:\/\/autofans.com.ar\/wp-content\/uploads\/2024\/05\/motos-3-300x200.jpg 300w, https:\/\/autofans.com.ar\/wp-content\/uploads\/2024\/05\/motos-3-768x512.jpg 768w\" sizes=\"(max-width: 1000px) 100vw, 1000px\" \/><\/p>\n<p>&nbsp;<\/p>\n<p>Este crecimiento del mercado de motos refleja una tendencia consolidada tanto en Argentina como en Latinoam\u00e9rica y el mundo, donde cada vez m\u00e1s personas eligen este medio de transporte tanto en zonas urbanas como rurales.<\/p>\n<p>&nbsp;<\/p>\n<blockquote>\n<p style=\"text-align: center;\">\u201cEstamos muy contentos de anunciar la creaci\u00f3n de la Alianza MOTOLATAM, que re\u00fane a las asociaciones representativas del sector de la motocicleta de Am\u00e9rica Latina, de la cual CAFAM ser\u00e1 miembro por parte de Argentina. Entendemos la importancia de unir esfuerzos y colaborar de manera estrecha para promover el desarrollo sostenible, la formalizaci\u00f3n, la seguridad vial y la innovaci\u00f3n, entre otros, en el sector de la motocicleta en Am\u00e9rica Latina.\u201d, dijo Lino Stefanuto, Presidente de CAFAM.<span class=\"Apple-converted-space\">\u00a0<\/span><\/p>\n<\/blockquote>\n<p>&nbsp;<\/p>\n<h2>Alianza con Motolatam<\/h2>\n<p>Adem\u00e1s, se anunci\u00f3 la creaci\u00f3n de la Alianza Motolatam, que busca fortalecer la representaci\u00f3n del sector a nivel regional y promover pol\u00edticas para su desarrollo integral. Los pa\u00edses que formar\u00e1n parte de esta alianza son Argentina, Colombia, M\u00e9xico, Per\u00fa, Chile, Venezuela y Ecuador, y su firma oficial tendr\u00e1 lugar el 2 de mayo durante la Feria de las 2 Ruedas Colombia en Medell\u00edn.<\/p>\n<p>&nbsp;<\/p>\n<p><img decoding=\"async\" class=\"aligncenter wp-image-7560 size-full\" src=\"https:\/\/autofans.com.ar\/wp-content\/uploads\/2024\/05\/motos-1.jpg\" alt=\"CAFAM\" width=\"1000\" height=\"667\" srcset=\"https:\/\/autofans.com.ar\/wp-content\/uploads\/2024\/05\/motos-1.jpg 1000w, https:\/\/autofans.com.ar\/wp-content\/uploads\/2024\/05\/motos-1-300x200.jpg 300w, https:\/\/autofans.com.ar\/wp-content\/uploads\/2024\/05\/motos-1-768x512.jpg 768w\" sizes=\"(max-width: 1000px) 100vw, 1000px\" \/><\/p>\n<p>&nbsp;<\/p>\n<p>Seg\u00fan el informe mensual de CAFAM, las motos de baja cilindrada, especialmente las de 110 cc, contin\u00faan siendo las m\u00e1s vendidas, seguidas de cerca por las de 150 cc. En cuanto a las categor\u00edas, las CUB lideran el ranking de ventas, seguidas por las STREET.<\/p>\n<p>&nbsp;<\/p>\n<p>&nbsp;<\/p>\n<p><i>Para enterarte de m\u00e1s novedades, no dejes de leer\u00a0<\/i><a href=\"https:\/\/autofans.thebrandsoup.com\/\"><i>nuestras notas<\/i><\/a><i>, de ver<\/i><b><i>\u00a0<\/i><\/b><a href=\"https:\/\/www.youtube.com\/channel\/UCgAC8UGHZYbT6P7PpmVnP7g\"><b><i>AUTOFANS TV<\/i><\/b><\/a><b><i>\u00a0<\/i><\/b><i>en nuestro\u00a0canal de Youtube. Adem\u00e1s seguinos en\u00a0<\/i><a href=\"https:\/\/www.instagram.com\/autofanstv\/\"><i>INSTAGRAM<\/i><\/a><i> y <\/i><a href=\"https:\/\/www.facebook.com\/autofansmas\/\"><i>FACEBOOK<\/i><\/a><i> para no perderte nada sobre las novedades del segmento automotor de Argentina y el mundo.<\/i><\/p>\n","protected":false},"excerpt":{"rendered":"<p>Seg\u00fan el \u00faltimo relevamiento de la C\u00e1mara de Fabricantes de Motoveh\u00edculos (CAFAM), el patentamiento de&#8230;<\/p>\n","protected":false},"author":2,"featured_media":7559,"comment_status":"closed","ping_status":"closed","sticky":false,"template":"","format":"standard","meta":{"footnotes":""},"categories":[4,16],"tags":[4000,3996,104,3999,3997,3998,3995],"class_list":["post-7557","post","type-post","status-publish","format-standard","has-post-thumbnail","hentry","category-motos","category-noticias","tag-alianza-motolatam","tag-aumento-patentamiento","tag-cafam","tag-feria-de-las-2-ruedas-colombia","tag-mercado-motovehiculos","tag-motolatam","tag-patentamiento-motos"],"yoast_head":"<!-- This site is optimized with the Yoast SEO plugin v27.5 - https:\/\/yoast.com\/product\/yoast-seo-wordpress\/ -->\n<title>Aument\u00f3 un 27,13% el patentamiento de motos en abril 2024 -<\/title>\n<meta name=\"description\" content=\"Seg\u00fan el \u00faltimo relevamiento de la (CAFAM), el patentamiento de motos en abril de 2024 aument\u00f3 un 27,13% con respecto al mes anterior...\" \/>\n<meta name=\"robots\" content=\"index, follow, max-snippet:-1, max-image-preview:large, max-video-preview:-1\" \/>\n<link rel=\"canonical\" href=\"https:\/\/autofans.com.ar\/index.php\/2024\/05\/03\/segun-cafam-aumento-un-2713-el-patentamiento-de-motos-en-abril-2024\/\" \/>\n<meta property=\"og:locale\" content=\"es_ES\" \/>\n<meta property=\"og:type\" content=\"article\" \/>\n<meta property=\"og:title\" content=\"Aument\u00f3 un 27,13% el patentamiento de motos en abril 2024 -\" \/>\n<meta property=\"og:description\" content=\"Seg\u00fan el \u00faltimo relevamiento de la (CAFAM), el patentamiento de motos en abril de 2024 aument\u00f3 un 27,13% con respecto al mes anterior...\" \/>\n<meta property=\"og:url\" content=\"https:\/\/autofans.com.ar\/index.php\/2024\/05\/03\/segun-cafam-aumento-un-2713-el-patentamiento-de-motos-en-abril-2024\/\" \/>\n<meta property=\"article:published_time\" content=\"2024-05-03T16:16:01+00:00\" \/>\n<meta property=\"article:modified_time\" content=\"2024-05-03T16:19:01+00:00\" \/>\n<meta property=\"og:image\" content=\"https:\/\/autofans.com.ar\/wp-content\/uploads\/2024\/05\/motos-2.jpg\" \/>\n\t<meta property=\"og:image:width\" content=\"640\" \/>\n\t<meta property=\"og:image:height\" content=\"427\" \/>\n\t<meta property=\"og:image:type\" content=\"image\/jpeg\" \/>\n<meta name=\"author\" content=\"Alejandro Gabriel Rosito\" \/>\n<meta name=\"twitter:card\" content=\"summary_large_image\" \/>\n<meta name=\"twitter:label1\" content=\"Escrito por\" \/>\n\t<meta name=\"twitter:data1\" content=\"Alejandro Gabriel Rosito\" \/>\n\t<meta name=\"twitter:label2\" content=\"Tiempo de lectura\" \/>\n\t<meta name=\"twitter:data2\" content=\"2 minutos\" \/>\n<script type=\"application\/ld+json\" class=\"yoast-schema-graph\">{\"@context\":\"https:\\\/\\\/schema.org\",\"@graph\":[{\"@type\":\"Article\",\"@id\":\"https:\\\/\\\/autofans.com.ar\\\/index.php\\\/2024\\\/05\\\/03\\\/segun-cafam-aumento-un-2713-el-patentamiento-de-motos-en-abril-2024\\\/#article\",\"isPartOf\":{\"@id\":\"https:\\\/\\\/autofans.com.ar\\\/index.php\\\/2024\\\/05\\\/03\\\/segun-cafam-aumento-un-2713-el-patentamiento-de-motos-en-abril-2024\\\/\"},\"author\":{\"name\":\"Alejandro Gabriel Rosito\",\"@id\":\"https:\\\/\\\/autofans.com.ar\\\/#\\\/schema\\\/person\\\/4a8dda0b6df83ac3d6723e921274c2aa\"},\"headline\":\"Aument\u00f3 un 27,13% el patentamiento de motos en abril 2024\",\"datePublished\":\"2024-05-03T16:16:01+00:00\",\"dateModified\":\"2024-05-03T16:19:01+00:00\",\"mainEntityOfPage\":{\"@id\":\"https:\\\/\\\/autofans.com.ar\\\/index.php\\\/2024\\\/05\\\/03\\\/segun-cafam-aumento-un-2713-el-patentamiento-de-motos-en-abril-2024\\\/\"},\"wordCount\":400,\"image\":{\"@id\":\"https:\\\/\\\/autofans.com.ar\\\/index.php\\\/2024\\\/05\\\/03\\\/segun-cafam-aumento-un-2713-el-patentamiento-de-motos-en-abril-2024\\\/#primaryimage\"},\"thumbnailUrl\":\"https:\\\/\\\/autofans.com.ar\\\/wp-content\\\/uploads\\\/2024\\\/05\\\/motos-2.jpg\",\"keywords\":[\"Alianza Motolatam\",\"aumento patentamiento\",\"CAFAM\",\"Feria de las 2 Ruedas Colombia\",\"mercado motoveh\u00edculos\",\"MOTOLATAM\",\"patentamiento motos\"],\"articleSection\":[\"MOTOS\",\"NOTICIAS\"],\"inLanguage\":\"es\"},{\"@type\":\"WebPage\",\"@id\":\"https:\\\/\\\/autofans.com.ar\\\/index.php\\\/2024\\\/05\\\/03\\\/segun-cafam-aumento-un-2713-el-patentamiento-de-motos-en-abril-2024\\\/\",\"url\":\"https:\\\/\\\/autofans.com.ar\\\/index.php\\\/2024\\\/05\\\/03\\\/segun-cafam-aumento-un-2713-el-patentamiento-de-motos-en-abril-2024\\\/\",\"name\":\"Aument\u00f3 un 27,13% el patentamiento de motos en abril 2024 -\",\"isPartOf\":{\"@id\":\"https:\\\/\\\/autofans.com.ar\\\/#website\"},\"primaryImageOfPage\":{\"@id\":\"https:\\\/\\\/autofans.com.ar\\\/index.php\\\/2024\\\/05\\\/03\\\/segun-cafam-aumento-un-2713-el-patentamiento-de-motos-en-abril-2024\\\/#primaryimage\"},\"image\":{\"@id\":\"https:\\\/\\\/autofans.com.ar\\\/index.php\\\/2024\\\/05\\\/03\\\/segun-cafam-aumento-un-2713-el-patentamiento-de-motos-en-abril-2024\\\/#primaryimage\"},\"thumbnailUrl\":\"https:\\\/\\\/autofans.com.ar\\\/wp-content\\\/uploads\\\/2024\\\/05\\\/motos-2.jpg\",\"datePublished\":\"2024-05-03T16:16:01+00:00\",\"dateModified\":\"2024-05-03T16:19:01+00:00\",\"author\":{\"@id\":\"https:\\\/\\\/autofans.com.ar\\\/#\\\/schema\\\/person\\\/4a8dda0b6df83ac3d6723e921274c2aa\"},\"description\":\"Seg\u00fan el \u00faltimo relevamiento de la (CAFAM), el patentamiento de motos en abril de 2024 aument\u00f3 un 27,13% con respecto al mes anterior...\",\"breadcrumb\":{\"@id\":\"https:\\\/\\\/autofans.com.ar\\\/index.php\\\/2024\\\/05\\\/03\\\/segun-cafam-aumento-un-2713-el-patentamiento-de-motos-en-abril-2024\\\/#breadcrumb\"},\"inLanguage\":\"es\",\"potentialAction\":[{\"@type\":\"ReadAction\",\"target\":[\"https:\\\/\\\/autofans.com.ar\\\/index.php\\\/2024\\\/05\\\/03\\\/segun-cafam-aumento-un-2713-el-patentamiento-de-motos-en-abril-2024\\\/\"]}]},{\"@type\":\"ImageObject\",\"inLanguage\":\"es\",\"@id\":\"https:\\\/\\\/autofans.com.ar\\\/index.php\\\/2024\\\/05\\\/03\\\/segun-cafam-aumento-un-2713-el-patentamiento-de-motos-en-abril-2024\\\/#primaryimage\",\"url\":\"https:\\\/\\\/autofans.com.ar\\\/wp-content\\\/uploads\\\/2024\\\/05\\\/motos-2.jpg\",\"contentUrl\":\"https:\\\/\\\/autofans.com.ar\\\/wp-content\\\/uploads\\\/2024\\\/05\\\/motos-2.jpg\",\"width\":1000,\"height\":667,\"caption\":\"CAFAM\"},{\"@type\":\"BreadcrumbList\",\"@id\":\"https:\\\/\\\/autofans.com.ar\\\/index.php\\\/2024\\\/05\\\/03\\\/segun-cafam-aumento-un-2713-el-patentamiento-de-motos-en-abril-2024\\\/#breadcrumb\",\"itemListElement\":[{\"@type\":\"ListItem\",\"position\":1,\"name\":\"Inicio\",\"item\":\"https:\\\/\\\/autofans.com.ar\\\/\"},{\"@type\":\"ListItem\",\"position\":2,\"name\":\"Aument\u00f3 un 27,13% el patentamiento de motos en abril 2024\"}]},{\"@type\":\"WebSite\",\"@id\":\"https:\\\/\\\/autofans.com.ar\\\/#website\",\"url\":\"https:\\\/\\\/autofans.com.ar\\\/\",\"name\":\"\",\"description\":\"El multimedio referente de la industria automotriz\",\"potentialAction\":[{\"@type\":\"SearchAction\",\"target\":{\"@type\":\"EntryPoint\",\"urlTemplate\":\"https:\\\/\\\/autofans.com.ar\\\/?s={search_term_string}\"},\"query-input\":{\"@type\":\"PropertyValueSpecification\",\"valueRequired\":true,\"valueName\":\"search_term_string\"}}],\"inLanguage\":\"es\"},{\"@type\":\"Person\",\"@id\":\"https:\\\/\\\/autofans.com.ar\\\/#\\\/schema\\\/person\\\/4a8dda0b6df83ac3d6723e921274c2aa\",\"name\":\"Alejandro Gabriel Rosito\",\"image\":{\"@type\":\"ImageObject\",\"inLanguage\":\"es\",\"@id\":\"https:\\\/\\\/secure.gravatar.com\\\/avatar\\\/16c5dda1489adfc62618084dcbb91cffd879c374b13fe5dd8e44ed6733852c88?s=96&d=mm&r=g\",\"url\":\"https:\\\/\\\/secure.gravatar.com\\\/avatar\\\/16c5dda1489adfc62618084dcbb91cffd879c374b13fe5dd8e44ed6733852c88?s=96&d=mm&r=g\",\"contentUrl\":\"https:\\\/\\\/secure.gravatar.com\\\/avatar\\\/16c5dda1489adfc62618084dcbb91cffd879c374b13fe5dd8e44ed6733852c88?s=96&d=mm&r=g\",\"caption\":\"Alejandro Gabriel Rosito\"},\"url\":\"https:\\\/\\\/autofans.com.ar\\\/index.php\\\/author\\\/gabrielr\\\/\"}]}<\/script>\n<!-- \/ Yoast SEO plugin. -->","yoast_head_json":{"title":"Aument\u00f3 un 27,13% el patentamiento de motos en abril 2024 -","description":"Seg\u00fan el \u00faltimo relevamiento de la (CAFAM), el patentamiento de motos en abril de 2024 aument\u00f3 un 27,13% con respecto al mes anterior...","robots":{"index":"index","follow":"follow","max-snippet":"max-snippet:-1","max-image-preview":"max-image-preview:large","max-video-preview":"max-video-preview:-1"},"canonical":"https:\/\/autofans.com.ar\/index.php\/2024\/05\/03\/segun-cafam-aumento-un-2713-el-patentamiento-de-motos-en-abril-2024\/","og_locale":"es_ES","og_type":"article","og_title":"Aument\u00f3 un 27,13% el patentamiento de motos en abril 2024 -","og_description":"Seg\u00fan el \u00faltimo relevamiento de la (CAFAM), el patentamiento de motos en abril de 2024 aument\u00f3 un 27,13% con respecto al mes anterior...","og_url":"https:\/\/autofans.com.ar\/index.php\/2024\/05\/03\/segun-cafam-aumento-un-2713-el-patentamiento-de-motos-en-abril-2024\/","article_published_time":"2024-05-03T16:16:01+00:00","article_modified_time":"2024-05-03T16:19:01+00:00","og_image":[{"url":"https:\/\/autofans.com.ar\/wp-content\/uploads\/2024\/05\/motos-2.jpg","width":640,"height":427,"type":"image\/jpeg"}],"author":"Alejandro Gabriel Rosito","twitter_card":"summary_large_image","twitter_misc":{"Escrito por":"Alejandro Gabriel Rosito","Tiempo de lectura":"2 minutos"},"schema":{"@context":"https:\/\/schema.org","@graph":[{"@type":"Article","@id":"https:\/\/autofans.com.ar\/index.php\/2024\/05\/03\/segun-cafam-aumento-un-2713-el-patentamiento-de-motos-en-abril-2024\/#article","isPartOf":{"@id":"https:\/\/autofans.com.ar\/index.php\/2024\/05\/03\/segun-cafam-aumento-un-2713-el-patentamiento-de-motos-en-abril-2024\/"},"author":{"name":"Alejandro Gabriel Rosito","@id":"https:\/\/autofans.com.ar\/#\/schema\/person\/4a8dda0b6df83ac3d6723e921274c2aa"},"headline":"Aument\u00f3 un 27,13% el patentamiento de motos en abril 2024","datePublished":"2024-05-03T16:16:01+00:00","dateModified":"2024-05-03T16:19:01+00:00","mainEntityOfPage":{"@id":"https:\/\/autofans.com.ar\/index.php\/2024\/05\/03\/segun-cafam-aumento-un-2713-el-patentamiento-de-motos-en-abril-2024\/"},"wordCount":400,"image":{"@id":"https:\/\/autofans.com.ar\/index.php\/2024\/05\/03\/segun-cafam-aumento-un-2713-el-patentamiento-de-motos-en-abril-2024\/#primaryimage"},"thumbnailUrl":"https:\/\/autofans.com.ar\/wp-content\/uploads\/2024\/05\/motos-2.jpg","keywords":["Alianza Motolatam","aumento patentamiento","CAFAM","Feria de las 2 Ruedas Colombia","mercado motoveh\u00edculos","MOTOLATAM","patentamiento motos"],"articleSection":["MOTOS","NOTICIAS"],"inLanguage":"es"},{"@type":"WebPage","@id":"https:\/\/autofans.com.ar\/index.php\/2024\/05\/03\/segun-cafam-aumento-un-2713-el-patentamiento-de-motos-en-abril-2024\/","url":"https:\/\/autofans.com.ar\/index.php\/2024\/05\/03\/segun-cafam-aumento-un-2713-el-patentamiento-de-motos-en-abril-2024\/","name":"Aument\u00f3 un 27,13% el patentamiento de motos en abril 2024 -","isPartOf":{"@id":"https:\/\/autofans.com.ar\/#website"},"primaryImageOfPage":{"@id":"https:\/\/autofans.com.ar\/index.php\/2024\/05\/03\/segun-cafam-aumento-un-2713-el-patentamiento-de-motos-en-abril-2024\/#primaryimage"},"image":{"@id":"https:\/\/autofans.com.ar\/index.php\/2024\/05\/03\/segun-cafam-aumento-un-2713-el-patentamiento-de-motos-en-abril-2024\/#primaryimage"},"thumbnailUrl":"https:\/\/autofans.com.ar\/wp-content\/uploads\/2024\/05\/motos-2.jpg","datePublished":"2024-05-03T16:16:01+00:00","dateModified":"2024-05-03T16:19:01+00:00","author":{"@id":"https:\/\/autofans.com.ar\/#\/schema\/person\/4a8dda0b6df83ac3d6723e921274c2aa"},"description":"Seg\u00fan el \u00faltimo relevamiento de la (CAFAM), el patentamiento de motos en abril de 2024 aument\u00f3 un 27,13% con respecto al mes anterior...","breadcrumb":{"@id":"https:\/\/autofans.com.ar\/index.php\/2024\/05\/03\/segun-cafam-aumento-un-2713-el-patentamiento-de-motos-en-abril-2024\/#breadcrumb"},"inLanguage":"es","potentialAction":[{"@type":"ReadAction","target":["https:\/\/autofans.com.ar\/index.php\/2024\/05\/03\/segun-cafam-aumento-un-2713-el-patentamiento-de-motos-en-abril-2024\/"]}]},{"@type":"ImageObject","inLanguage":"es","@id":"https:\/\/autofans.com.ar\/index.php\/2024\/05\/03\/segun-cafam-aumento-un-2713-el-patentamiento-de-motos-en-abril-2024\/#primaryimage","url":"https:\/\/autofans.com.ar\/wp-content\/uploads\/2024\/05\/motos-2.jpg","contentUrl":"https:\/\/autofans.com.ar\/wp-content\/uploads\/2024\/05\/motos-2.jpg","width":1000,"height":667,"caption":"CAFAM"},{"@type":"BreadcrumbList","@id":"https:\/\/autofans.com.ar\/index.php\/2024\/05\/03\/segun-cafam-aumento-un-2713-el-patentamiento-de-motos-en-abril-2024\/#breadcrumb","itemListElement":[{"@type":"ListItem","position":1,"name":"Inicio","item":"https:\/\/autofans.com.ar\/"},{"@type":"ListItem","position":2,"name":"Aument\u00f3 un 27,13% el patentamiento de motos en abril 2024"}]},{"@type":"WebSite","@id":"https:\/\/autofans.com.ar\/#website","url":"https:\/\/autofans.com.ar\/","name":"","description":"El multimedio referente de la industria automotriz","potentialAction":[{"@type":"SearchAction","target":{"@type":"EntryPoint","urlTemplate":"https:\/\/autofans.com.ar\/?s={search_term_string}"},"query-input":{"@type":"PropertyValueSpecification","valueRequired":true,"valueName":"search_term_string"}}],"inLanguage":"es"},{"@type":"Person","@id":"https:\/\/autofans.com.ar\/#\/schema\/person\/4a8dda0b6df83ac3d6723e921274c2aa","name":"Alejandro Gabriel Rosito","image":{"@type":"ImageObject","inLanguage":"es","@id":"https:\/\/secure.gravatar.com\/avatar\/16c5dda1489adfc62618084dcbb91cffd879c374b13fe5dd8e44ed6733852c88?s=96&d=mm&r=g","url":"https:\/\/secure.gravatar.com\/avatar\/16c5dda1489adfc62618084dcbb91cffd879c374b13fe5dd8e44ed6733852c88?s=96&d=mm&r=g","contentUrl":"https:\/\/secure.gravatar.com\/avatar\/16c5dda1489adfc62618084dcbb91cffd879c374b13fe5dd8e44ed6733852c88?s=96&d=mm&r=g","caption":"Alejandro Gabriel Rosito"},"url":"https:\/\/autofans.com.ar\/index.php\/author\/gabrielr\/"}]}},"featured_image_urls":{"full":["https:\/\/autofans.com.ar\/wp-content\/uploads\/2024\/05\/motos-2.jpg",1000,667,false],"thumbnail":["https:\/\/autofans.com.ar\/wp-content\/uploads\/2024\/05\/motos-2-150x150.jpg",150,150,true],"medium":["https:\/\/autofans.com.ar\/wp-content\/uploads\/2024\/05\/motos-2-300x200.jpg",300,200,true],"medium_large":["https:\/\/autofans.com.ar\/wp-content\/uploads\/2024\/05\/motos-2-768x512.jpg",640,427,true],"large":["https:\/\/autofans.com.ar\/wp-content\/uploads\/2024\/05\/motos-2.jpg",640,427,false],"1536x1536":["https:\/\/autofans.com.ar\/wp-content\/uploads\/2024\/05\/motos-2.jpg",1000,667,false],"2048x2048":["https:\/\/autofans.com.ar\/wp-content\/uploads\/2024\/05\/motos-2.jpg",1000,667,false],"covernews-featured":["https:\/\/autofans.com.ar\/wp-content\/uploads\/2024\/05\/motos-2.jpg",1000,667,false],"covernews-medium":["https:\/\/autofans.com.ar\/wp-content\/uploads\/2024\/05\/motos-2-540x340.jpg",540,340,true]},"author_info":{"display_name":"Alejandro Gabriel Rosito","author_link":"https:\/\/autofans.com.ar\/index.php\/author\/gabrielr\/"},"category_info":"<a href=\"https:\/\/autofans.com.ar\/index.php\/category\/noticias\/motos\/\" rel=\"category tag\">MOTOS<\/a> <a href=\"https:\/\/autofans.com.ar\/index.php\/category\/noticias\/\" rel=\"category tag\">NOTICIAS<\/a>","tag_info":"NOTICIAS","comment_count":0,"_links":{"self":[{"href":"https:\/\/autofans.com.ar\/index.php\/wp-json\/wp\/v2\/posts\/7557","targetHints":{"allow":["GET"]}}],"collection":[{"href":"https:\/\/autofans.com.ar\/index.php\/wp-json\/wp\/v2\/posts"}],"about":[{"href":"https:\/\/autofans.com.ar\/index.php\/wp-json\/wp\/v2\/types\/post"}],"author":[{"embeddable":true,"href":"https:\/\/autofans.com.ar\/index.php\/wp-json\/wp\/v2\/users\/2"}],"replies":[{"embeddable":true,"href":"https:\/\/autofans.com.ar\/index.php\/wp-json\/wp\/v2\/comments?post=7557"}],"version-history":[{"count":3,"href":"https:\/\/autofans.com.ar\/index.php\/wp-json\/wp\/v2\/posts\/7557\/revisions"}],"predecessor-version":[{"id":7563,"href":"https:\/\/autofans.com.ar\/index.php\/wp-json\/wp\/v2\/posts\/7557\/revisions\/7563"}],"wp:featuredmedia":[{"embeddable":true,"href":"https:\/\/autofans.com.ar\/index.php\/wp-json\/wp\/v2\/media\/7559"}],"wp:attachment":[{"href":"https:\/\/autofans.com.ar\/index.php\/wp-json\/wp\/v2\/media?parent=7557"}],"wp:term":[{"taxonomy":"category","embeddable":true,"href":"https:\/\/autofans.com.ar\/index.php\/wp-json\/wp\/v2\/categories?post=7557"},{"taxonomy":"post_tag","embeddable":true,"href":"https:\/\/autofans.com.ar\/index.php\/wp-json\/wp\/v2\/tags?post=7557"}],"curies":[{"name":"wp","href":"https:\/\/api.w.org\/{rel}","templated":true}]}}