{"id":7592,"date":"2024-05-07T20:04:51","date_gmt":"2024-05-07T23:04:51","guid":{"rendered":"https:\/\/autofans.com.ar\/?p=7592"},"modified":"2024-05-07T20:04:51","modified_gmt":"2024-05-07T23:04:51","slug":"mini-presenta-el-nuevo-aceman","status":"publish","type":"post","link":"https:\/\/autofans.com.ar\/index.php\/2024\/05\/07\/mini-presenta-el-nuevo-aceman\/","title":{"rendered":"MINI presenta el nuevo Aceman"},"content":{"rendered":"<p>MINI lanzo al mercado el nuevo Aceman, un modelo que redefine el concepto de veh\u00edculo crossover en el segmento premium. Con un dise\u00f1o progresivo y una conducci\u00f3n totalmente el\u00e9ctrica, el Aceman ofrece un amplio espacio interior en un veh\u00edculo compacto, marcando el inicio de una nueva era para la ic\u00f3nica marca.<\/p>\n<p>&nbsp;<\/p>\n<h2>El primer crossover premium en su segmento<\/h2>\n<p>MINI ha anunciado el lanzamiento del nuevo Aceman, el primer modelo crossover en el segmento de autom\u00f3viles peque\u00f1os premium. Con un dise\u00f1o innovador que combina dimensiones compactas con un amplio espacio interior, el Aceman ofrece una experiencia de conducci\u00f3n \u00fanica en su clase.<\/p>\n<p>&nbsp;<\/p>\n<div id='gallery-1' class='gallery galleryid-7592 gallery-columns-2 gallery-size-full'><figure class='gallery-item'>\n\t\t\t<div class='gallery-icon landscape'>\n\t\t\t\t<a href='https:\/\/autofans.com.ar\/index.php\/2024\/05\/07\/mini-presenta-el-nuevo-aceman\/mini-4-2\/'><img loading=\"lazy\" width=\"1000\" height=\"667\" src=\"https:\/\/autofans.com.ar\/wp-content\/uploads\/2024\/05\/mini-4.jpg\" class=\"attachment-full size-full\" alt=\"MINI Aceman\" srcset=\"https:\/\/autofans.com.ar\/wp-content\/uploads\/2024\/05\/mini-4.jpg 1000w, https:\/\/autofans.com.ar\/wp-content\/uploads\/2024\/05\/mini-4-300x200.jpg 300w, https:\/\/autofans.com.ar\/wp-content\/uploads\/2024\/05\/mini-4-768x512.jpg 768w\" sizes=\"auto, (max-width: 1000px) 100vw, 1000px\" loading=\"lazy\" decoding=\"async\" \/><\/a>\n\t\t\t<\/div><\/figure><figure class='gallery-item'>\n\t\t\t<div class='gallery-icon landscape'>\n\t\t\t\t<a href='https:\/\/autofans.com.ar\/index.php\/2024\/05\/07\/mini-presenta-el-nuevo-aceman\/mini-2-2\/'><img loading=\"lazy\" width=\"1000\" height=\"667\" src=\"https:\/\/autofans.com.ar\/wp-content\/uploads\/2024\/05\/mini-2.jpg\" class=\"attachment-full size-full\" alt=\"MINI Aceman\" srcset=\"https:\/\/autofans.com.ar\/wp-content\/uploads\/2024\/05\/mini-2.jpg 1000w, https:\/\/autofans.com.ar\/wp-content\/uploads\/2024\/05\/mini-2-300x200.jpg 300w, https:\/\/autofans.com.ar\/wp-content\/uploads\/2024\/05\/mini-2-768x512.jpg 768w\" sizes=\"auto, (max-width: 1000px) 100vw, 1000px\" loading=\"lazy\" decoding=\"async\" \/><\/a>\n\t\t\t<\/div><\/figure>\n\t\t<\/div>\n\n<p>&nbsp;<\/p>\n<p>El dise\u00f1o exterior del Aceman destaca por su expresiva presencia y su postura atl\u00e9tica, con contornos robustos y un frontal aerodin\u00e1mico que refleja la identidad distintiva de MINI. Con una longitud de poco m\u00e1s de cuatro metros, el Aceman ofrece cinco c\u00f3modos asientos y un vers\u00e1til compartimento de equipaje con un volumen de carga de hasta 1,005 litros.<\/p>\n<p>En cuanto a su interior, el Aceman presenta un dise\u00f1o purista y una amplia variedad de materiales de alta calidad. Con una pantalla OLED de alta resoluci\u00f3n y el innovador Sistema Operativo MINI 9, el Aceman ofrece una experiencia de conducci\u00f3n contempor\u00e1nea y totalmente conectada.<\/p>\n<p>&nbsp;<\/p>\n<h2>MINI Aceman el futuro de la movilidad<\/h2>\n<p>En t\u00e9rminos de rendimiento, el Aceman est\u00e1 disponible \u00fanicamente con propulsi\u00f3n totalmente el\u00e9ctrica, ofreciendo una movilidad libre de emisiones a nivel local. Con dos variantes de motor, el Aceman E y el Aceman SE, el modelo ofrece una autonom\u00eda de hasta 406 kil\u00f3metros seg\u00fan el ciclo de prueba WLTP.<\/p>\n<p>Adem\u00e1s, el Aceman cuenta con una serie de avanzados sistemas de asistencia a la conducci\u00f3n, incluyendo el Driving Assistant Plus y el Asistente de Remolque, que garantizan una experiencia de conducci\u00f3n segura y c\u00f3moda en todo momento.<\/p>\n<p>&nbsp;<\/p>\n<p><img fetchpriority=\"high\" decoding=\"async\" class=\"aligncenter wp-image-7596 size-full\" src=\"https:\/\/autofans.com.ar\/wp-content\/uploads\/2024\/05\/mini-3.jpg\" alt=\"MINI Aceman\" width=\"1000\" height=\"667\" srcset=\"https:\/\/autofans.com.ar\/wp-content\/uploads\/2024\/05\/mini-3.jpg 1000w, https:\/\/autofans.com.ar\/wp-content\/uploads\/2024\/05\/mini-3-300x200.jpg 300w, https:\/\/autofans.com.ar\/wp-content\/uploads\/2024\/05\/mini-3-768x512.jpg 768w\" sizes=\"(max-width: 1000px) 100vw, 1000px\" \/><\/p>\n<p>&nbsp;<\/p>\n<p>En cuanto a la carga, el Aceman se puede cargar tanto con corriente alterna como con corriente directa, con opciones de carga r\u00e1pida que permiten cargar la bater\u00eda del 10% al 80% en menos de 30 minutos.<\/p>\n<p>Con su dise\u00f1o innovador, su tecnolog\u00eda de vanguardia y su conducci\u00f3n \u00e1gil, el nuevo Aceman marca el inicio de una nueva era para MINI, consolidando su posici\u00f3n como l\u00edder en el segmento de autom\u00f3viles peque\u00f1os premium.<\/p>\n<p>&nbsp;<\/p>\n<p>&nbsp;<\/p>\n<p>&nbsp;<\/p>\n<p><i>Para enterarte de m\u00e1s novedades, no dejes de leer\u00a0<\/i><a href=\"https:\/\/autofans.thebrandsoup.com\/\"><i>nuestras notas<\/i><\/a><i>, de ver<\/i><b><i>\u00a0<\/i><\/b><a href=\"https:\/\/www.youtube.com\/channel\/UCgAC8UGHZYbT6P7PpmVnP7g\"><b><i>AUTOFANS TV<\/i><\/b><\/a><b><i>\u00a0<\/i><\/b><i>en nuestro\u00a0canal de Youtube. Adem\u00e1s seguinos en\u00a0<\/i><a href=\"https:\/\/www.instagram.com\/autofanstv\/\"><i>INSTAGRAM<\/i><\/a><i> y <\/i><a href=\"https:\/\/www.facebook.com\/autofansmas\/\"><i>FACEBOOK<\/i><\/a><i> para no perderte nada sobre las novedades del segmento automotor de Argentina y el mundo.<\/i><\/p>\n","protected":false},"excerpt":{"rendered":"<p>MINI lanzo al mercado el nuevo Aceman, un modelo que redefine el concepto de veh\u00edculo&#8230;<\/p>\n","protected":false},"author":2,"featured_media":7598,"comment_status":"closed","ping_status":"closed","sticky":false,"template":"","format":"standard","meta":{"footnotes":""},"categories":[3,1],"tags":[1878,4015,2641,4013,4012,718,1066,4014,4011,4016,865],"class_list":["post-7592","post","type-post","status-publish","format-standard","has-post-thumbnail","hentry","category-autos","category-lanzamientos","tag-asistencia-a-la-conduccion","tag-autonomia-wltp","tag-carga-rapida","tag-conduccion-agil","tag-crossover-premium","tag-diseno-innovador","tag-electrico","tag-espacio-interior-amplio","tag-mini-aceman","tag-movilidad-libre-de-emisiones","tag-tecnologia-de-vanguardia"],"yoast_head":"<!-- This site is optimized with the Yoast SEO plugin v27.5 - https:\/\/yoast.com\/product\/yoast-seo-wordpress\/ -->\n<title>MINI presenta el nuevo Aceman -<\/title>\n<meta name=\"description\" content=\"MINI lanzo al mercado el nuevo Aceman, un modelo que redefine el concepto de veh\u00edculo crossover en el segmento premium....\" \/>\n<meta name=\"robots\" content=\"index, follow, max-snippet:-1, max-image-preview:large, max-video-preview:-1\" \/>\n<link rel=\"canonical\" href=\"https:\/\/autofans.com.ar\/index.php\/2024\/05\/07\/mini-presenta-el-nuevo-aceman\/\" \/>\n<meta property=\"og:locale\" content=\"es_ES\" \/>\n<meta property=\"og:type\" content=\"article\" \/>\n<meta property=\"og:title\" content=\"MINI presenta el nuevo Aceman -\" \/>\n<meta property=\"og:description\" content=\"MINI lanzo al mercado el nuevo Aceman, un modelo que redefine el concepto de veh\u00edculo crossover en el segmento premium....\" \/>\n<meta property=\"og:url\" content=\"https:\/\/autofans.com.ar\/index.php\/2024\/05\/07\/mini-presenta-el-nuevo-aceman\/\" \/>\n<meta property=\"article:published_time\" content=\"2024-05-07T23:04:51+00:00\" \/>\n<meta property=\"og:image\" content=\"https:\/\/autofans.com.ar\/wp-content\/uploads\/2024\/05\/mini-1.jpg\" \/>\n\t<meta property=\"og:image:width\" content=\"640\" \/>\n\t<meta property=\"og:image:height\" content=\"427\" \/>\n\t<meta property=\"og:image:type\" content=\"image\/jpeg\" \/>\n<meta name=\"author\" content=\"Alejandro Gabriel Rosito\" \/>\n<meta name=\"twitter:card\" content=\"summary_large_image\" \/>\n<meta name=\"twitter:label1\" content=\"Escrito por\" \/>\n\t<meta name=\"twitter:data1\" content=\"Alejandro Gabriel Rosito\" \/>\n\t<meta name=\"twitter:label2\" content=\"Tiempo de lectura\" \/>\n\t<meta name=\"twitter:data2\" content=\"3 minutos\" \/>\n<script type=\"application\/ld+json\" class=\"yoast-schema-graph\">{\"@context\":\"https:\\\/\\\/schema.org\",\"@graph\":[{\"@type\":\"Article\",\"@id\":\"https:\\\/\\\/autofans.com.ar\\\/index.php\\\/2024\\\/05\\\/07\\\/mini-presenta-el-nuevo-aceman\\\/#article\",\"isPartOf\":{\"@id\":\"https:\\\/\\\/autofans.com.ar\\\/index.php\\\/2024\\\/05\\\/07\\\/mini-presenta-el-nuevo-aceman\\\/\"},\"author\":{\"name\":\"Alejandro Gabriel Rosito\",\"@id\":\"https:\\\/\\\/autofans.com.ar\\\/#\\\/schema\\\/person\\\/4a8dda0b6df83ac3d6723e921274c2aa\"},\"headline\":\"MINI presenta el nuevo Aceman\",\"datePublished\":\"2024-05-07T23:04:51+00:00\",\"mainEntityOfPage\":{\"@id\":\"https:\\\/\\\/autofans.com.ar\\\/index.php\\\/2024\\\/05\\\/07\\\/mini-presenta-el-nuevo-aceman\\\/\"},\"wordCount\":465,\"image\":{\"@id\":\"https:\\\/\\\/autofans.com.ar\\\/index.php\\\/2024\\\/05\\\/07\\\/mini-presenta-el-nuevo-aceman\\\/#primaryimage\"},\"thumbnailUrl\":\"https:\\\/\\\/autofans.com.ar\\\/wp-content\\\/uploads\\\/2024\\\/05\\\/mini-1.jpg\",\"keywords\":[\"asistencia a la conducci\u00f3n\",\"autonom\u00eda WLTP\",\"Carga r\u00e1pida\",\"conducci\u00f3n \u00e1gil\",\"crossover premium\",\"Dise\u00f1o innovador\",\"electrico\",\"espacio interior amplio\",\"MINI Aceman\",\"movilidad libre de emisiones\",\"tecnolog\u00eda de vanguardia\"],\"articleSection\":[\"AUTOS y SUV\",\"LANZAMIENTOS\"],\"inLanguage\":\"es\"},{\"@type\":\"WebPage\",\"@id\":\"https:\\\/\\\/autofans.com.ar\\\/index.php\\\/2024\\\/05\\\/07\\\/mini-presenta-el-nuevo-aceman\\\/\",\"url\":\"https:\\\/\\\/autofans.com.ar\\\/index.php\\\/2024\\\/05\\\/07\\\/mini-presenta-el-nuevo-aceman\\\/\",\"name\":\"MINI presenta el nuevo Aceman -\",\"isPartOf\":{\"@id\":\"https:\\\/\\\/autofans.com.ar\\\/#website\"},\"primaryImageOfPage\":{\"@id\":\"https:\\\/\\\/autofans.com.ar\\\/index.php\\\/2024\\\/05\\\/07\\\/mini-presenta-el-nuevo-aceman\\\/#primaryimage\"},\"image\":{\"@id\":\"https:\\\/\\\/autofans.com.ar\\\/index.php\\\/2024\\\/05\\\/07\\\/mini-presenta-el-nuevo-aceman\\\/#primaryimage\"},\"thumbnailUrl\":\"https:\\\/\\\/autofans.com.ar\\\/wp-content\\\/uploads\\\/2024\\\/05\\\/mini-1.jpg\",\"datePublished\":\"2024-05-07T23:04:51+00:00\",\"author\":{\"@id\":\"https:\\\/\\\/autofans.com.ar\\\/#\\\/schema\\\/person\\\/4a8dda0b6df83ac3d6723e921274c2aa\"},\"description\":\"MINI lanzo al mercado el nuevo Aceman, un modelo que redefine el concepto de veh\u00edculo crossover en el segmento premium....\",\"breadcrumb\":{\"@id\":\"https:\\\/\\\/autofans.com.ar\\\/index.php\\\/2024\\\/05\\\/07\\\/mini-presenta-el-nuevo-aceman\\\/#breadcrumb\"},\"inLanguage\":\"es\",\"potentialAction\":[{\"@type\":\"ReadAction\",\"target\":[\"https:\\\/\\\/autofans.com.ar\\\/index.php\\\/2024\\\/05\\\/07\\\/mini-presenta-el-nuevo-aceman\\\/\"]}]},{\"@type\":\"ImageObject\",\"inLanguage\":\"es\",\"@id\":\"https:\\\/\\\/autofans.com.ar\\\/index.php\\\/2024\\\/05\\\/07\\\/mini-presenta-el-nuevo-aceman\\\/#primaryimage\",\"url\":\"https:\\\/\\\/autofans.com.ar\\\/wp-content\\\/uploads\\\/2024\\\/05\\\/mini-1.jpg\",\"contentUrl\":\"https:\\\/\\\/autofans.com.ar\\\/wp-content\\\/uploads\\\/2024\\\/05\\\/mini-1.jpg\",\"width\":1000,\"height\":667,\"caption\":\"MINI Aceman\"},{\"@type\":\"BreadcrumbList\",\"@id\":\"https:\\\/\\\/autofans.com.ar\\\/index.php\\\/2024\\\/05\\\/07\\\/mini-presenta-el-nuevo-aceman\\\/#breadcrumb\",\"itemListElement\":[{\"@type\":\"ListItem\",\"position\":1,\"name\":\"Inicio\",\"item\":\"https:\\\/\\\/autofans.com.ar\\\/\"},{\"@type\":\"ListItem\",\"position\":2,\"name\":\"MINI presenta el nuevo Aceman\"}]},{\"@type\":\"WebSite\",\"@id\":\"https:\\\/\\\/autofans.com.ar\\\/#website\",\"url\":\"https:\\\/\\\/autofans.com.ar\\\/\",\"name\":\"\",\"description\":\"El multimedio referente de la industria automotriz\",\"potentialAction\":[{\"@type\":\"SearchAction\",\"target\":{\"@type\":\"EntryPoint\",\"urlTemplate\":\"https:\\\/\\\/autofans.com.ar\\\/?s={search_term_string}\"},\"query-input\":{\"@type\":\"PropertyValueSpecification\",\"valueRequired\":true,\"valueName\":\"search_term_string\"}}],\"inLanguage\":\"es\"},{\"@type\":\"Person\",\"@id\":\"https:\\\/\\\/autofans.com.ar\\\/#\\\/schema\\\/person\\\/4a8dda0b6df83ac3d6723e921274c2aa\",\"name\":\"Alejandro Gabriel Rosito\",\"image\":{\"@type\":\"ImageObject\",\"inLanguage\":\"es\",\"@id\":\"https:\\\/\\\/secure.gravatar.com\\\/avatar\\\/16c5dda1489adfc62618084dcbb91cffd879c374b13fe5dd8e44ed6733852c88?s=96&d=mm&r=g\",\"url\":\"https:\\\/\\\/secure.gravatar.com\\\/avatar\\\/16c5dda1489adfc62618084dcbb91cffd879c374b13fe5dd8e44ed6733852c88?s=96&d=mm&r=g\",\"contentUrl\":\"https:\\\/\\\/secure.gravatar.com\\\/avatar\\\/16c5dda1489adfc62618084dcbb91cffd879c374b13fe5dd8e44ed6733852c88?s=96&d=mm&r=g\",\"caption\":\"Alejandro Gabriel Rosito\"},\"url\":\"https:\\\/\\\/autofans.com.ar\\\/index.php\\\/author\\\/gabrielr\\\/\"}]}<\/script>\n<!-- \/ Yoast SEO plugin. -->","yoast_head_json":{"title":"MINI presenta el nuevo Aceman -","description":"MINI lanzo al mercado el nuevo Aceman, un modelo que redefine el concepto de veh\u00edculo crossover en el segmento premium....","robots":{"index":"index","follow":"follow","max-snippet":"max-snippet:-1","max-image-preview":"max-image-preview:large","max-video-preview":"max-video-preview:-1"},"canonical":"https:\/\/autofans.com.ar\/index.php\/2024\/05\/07\/mini-presenta-el-nuevo-aceman\/","og_locale":"es_ES","og_type":"article","og_title":"MINI presenta el nuevo Aceman -","og_description":"MINI lanzo al mercado el nuevo Aceman, un modelo que redefine el concepto de veh\u00edculo crossover en el segmento premium....","og_url":"https:\/\/autofans.com.ar\/index.php\/2024\/05\/07\/mini-presenta-el-nuevo-aceman\/","article_published_time":"2024-05-07T23:04:51+00:00","og_image":[{"url":"https:\/\/autofans.com.ar\/wp-content\/uploads\/2024\/05\/mini-1.jpg","width":640,"height":427,"type":"image\/jpeg"}],"author":"Alejandro Gabriel Rosito","twitter_card":"summary_large_image","twitter_misc":{"Escrito por":"Alejandro Gabriel Rosito","Tiempo de lectura":"3 minutos"},"schema":{"@context":"https:\/\/schema.org","@graph":[{"@type":"Article","@id":"https:\/\/autofans.com.ar\/index.php\/2024\/05\/07\/mini-presenta-el-nuevo-aceman\/#article","isPartOf":{"@id":"https:\/\/autofans.com.ar\/index.php\/2024\/05\/07\/mini-presenta-el-nuevo-aceman\/"},"author":{"name":"Alejandro Gabriel Rosito","@id":"https:\/\/autofans.com.ar\/#\/schema\/person\/4a8dda0b6df83ac3d6723e921274c2aa"},"headline":"MINI presenta el nuevo Aceman","datePublished":"2024-05-07T23:04:51+00:00","mainEntityOfPage":{"@id":"https:\/\/autofans.com.ar\/index.php\/2024\/05\/07\/mini-presenta-el-nuevo-aceman\/"},"wordCount":465,"image":{"@id":"https:\/\/autofans.com.ar\/index.php\/2024\/05\/07\/mini-presenta-el-nuevo-aceman\/#primaryimage"},"thumbnailUrl":"https:\/\/autofans.com.ar\/wp-content\/uploads\/2024\/05\/mini-1.jpg","keywords":["asistencia a la conducci\u00f3n","autonom\u00eda WLTP","Carga r\u00e1pida","conducci\u00f3n \u00e1gil","crossover premium","Dise\u00f1o innovador","electrico","espacio interior amplio","MINI Aceman","movilidad libre de emisiones","tecnolog\u00eda de vanguardia"],"articleSection":["AUTOS y SUV","LANZAMIENTOS"],"inLanguage":"es"},{"@type":"WebPage","@id":"https:\/\/autofans.com.ar\/index.php\/2024\/05\/07\/mini-presenta-el-nuevo-aceman\/","url":"https:\/\/autofans.com.ar\/index.php\/2024\/05\/07\/mini-presenta-el-nuevo-aceman\/","name":"MINI presenta el nuevo Aceman -","isPartOf":{"@id":"https:\/\/autofans.com.ar\/#website"},"primaryImageOfPage":{"@id":"https:\/\/autofans.com.ar\/index.php\/2024\/05\/07\/mini-presenta-el-nuevo-aceman\/#primaryimage"},"image":{"@id":"https:\/\/autofans.com.ar\/index.php\/2024\/05\/07\/mini-presenta-el-nuevo-aceman\/#primaryimage"},"thumbnailUrl":"https:\/\/autofans.com.ar\/wp-content\/uploads\/2024\/05\/mini-1.jpg","datePublished":"2024-05-07T23:04:51+00:00","author":{"@id":"https:\/\/autofans.com.ar\/#\/schema\/person\/4a8dda0b6df83ac3d6723e921274c2aa"},"description":"MINI lanzo al mercado el nuevo Aceman, un modelo que redefine el concepto de veh\u00edculo crossover en el segmento premium....","breadcrumb":{"@id":"https:\/\/autofans.com.ar\/index.php\/2024\/05\/07\/mini-presenta-el-nuevo-aceman\/#breadcrumb"},"inLanguage":"es","potentialAction":[{"@type":"ReadAction","target":["https:\/\/autofans.com.ar\/index.php\/2024\/05\/07\/mini-presenta-el-nuevo-aceman\/"]}]},{"@type":"ImageObject","inLanguage":"es","@id":"https:\/\/autofans.com.ar\/index.php\/2024\/05\/07\/mini-presenta-el-nuevo-aceman\/#primaryimage","url":"https:\/\/autofans.com.ar\/wp-content\/uploads\/2024\/05\/mini-1.jpg","contentUrl":"https:\/\/autofans.com.ar\/wp-content\/uploads\/2024\/05\/mini-1.jpg","width":1000,"height":667,"caption":"MINI Aceman"},{"@type":"BreadcrumbList","@id":"https:\/\/autofans.com.ar\/index.php\/2024\/05\/07\/mini-presenta-el-nuevo-aceman\/#breadcrumb","itemListElement":[{"@type":"ListItem","position":1,"name":"Inicio","item":"https:\/\/autofans.com.ar\/"},{"@type":"ListItem","position":2,"name":"MINI presenta el nuevo Aceman"}]},{"@type":"WebSite","@id":"https:\/\/autofans.com.ar\/#website","url":"https:\/\/autofans.com.ar\/","name":"","description":"El multimedio referente de la industria automotriz","potentialAction":[{"@type":"SearchAction","target":{"@type":"EntryPoint","urlTemplate":"https:\/\/autofans.com.ar\/?s={search_term_string}"},"query-input":{"@type":"PropertyValueSpecification","valueRequired":true,"valueName":"search_term_string"}}],"inLanguage":"es"},{"@type":"Person","@id":"https:\/\/autofans.com.ar\/#\/schema\/person\/4a8dda0b6df83ac3d6723e921274c2aa","name":"Alejandro Gabriel Rosito","image":{"@type":"ImageObject","inLanguage":"es","@id":"https:\/\/secure.gravatar.com\/avatar\/16c5dda1489adfc62618084dcbb91cffd879c374b13fe5dd8e44ed6733852c88?s=96&d=mm&r=g","url":"https:\/\/secure.gravatar.com\/avatar\/16c5dda1489adfc62618084dcbb91cffd879c374b13fe5dd8e44ed6733852c88?s=96&d=mm&r=g","contentUrl":"https:\/\/secure.gravatar.com\/avatar\/16c5dda1489adfc62618084dcbb91cffd879c374b13fe5dd8e44ed6733852c88?s=96&d=mm&r=g","caption":"Alejandro Gabriel Rosito"},"url":"https:\/\/autofans.com.ar\/index.php\/author\/gabrielr\/"}]}},"featured_image_urls":{"full":["https:\/\/autofans.com.ar\/wp-content\/uploads\/2024\/05\/mini-1.jpg",1000,667,false],"thumbnail":["https:\/\/autofans.com.ar\/wp-content\/uploads\/2024\/05\/mini-1-150x150.jpg",150,150,true],"medium":["https:\/\/autofans.com.ar\/wp-content\/uploads\/2024\/05\/mini-1-300x200.jpg",300,200,true],"medium_large":["https:\/\/autofans.com.ar\/wp-content\/uploads\/2024\/05\/mini-1-768x512.jpg",640,427,true],"large":["https:\/\/autofans.com.ar\/wp-content\/uploads\/2024\/05\/mini-1.jpg",640,427,false],"1536x1536":["https:\/\/autofans.com.ar\/wp-content\/uploads\/2024\/05\/mini-1.jpg",1000,667,false],"2048x2048":["https:\/\/autofans.com.ar\/wp-content\/uploads\/2024\/05\/mini-1.jpg",1000,667,false],"covernews-featured":["https:\/\/autofans.com.ar\/wp-content\/uploads\/2024\/05\/mini-1.jpg",1000,667,false],"covernews-medium":["https:\/\/autofans.com.ar\/wp-content\/uploads\/2024\/05\/mini-1-540x340.jpg",540,340,true]},"author_info":{"display_name":"Alejandro Gabriel Rosito","author_link":"https:\/\/autofans.com.ar\/index.php\/author\/gabrielr\/"},"category_info":"<a href=\"https:\/\/autofans.com.ar\/index.php\/category\/noticias\/autos\/\" rel=\"category tag\">AUTOS y SUV<\/a> <a href=\"https:\/\/autofans.com.ar\/index.php\/category\/lanzamientos\/\" rel=\"category tag\">LANZAMIENTOS<\/a>","tag_info":"LANZAMIENTOS","comment_count":0,"_links":{"self":[{"href":"https:\/\/autofans.com.ar\/index.php\/wp-json\/wp\/v2\/posts\/7592","targetHints":{"allow":["GET"]}}],"collection":[{"href":"https:\/\/autofans.com.ar\/index.php\/wp-json\/wp\/v2\/posts"}],"about":[{"href":"https:\/\/autofans.com.ar\/index.php\/wp-json\/wp\/v2\/types\/post"}],"author":[{"embeddable":true,"href":"https:\/\/autofans.com.ar\/index.php\/wp-json\/wp\/v2\/users\/2"}],"replies":[{"embeddable":true,"href":"https:\/\/autofans.com.ar\/index.php\/wp-json\/wp\/v2\/comments?post=7592"}],"version-history":[{"count":2,"href":"https:\/\/autofans.com.ar\/index.php\/wp-json\/wp\/v2\/posts\/7592\/revisions"}],"predecessor-version":[{"id":7599,"href":"https:\/\/autofans.com.ar\/index.php\/wp-json\/wp\/v2\/posts\/7592\/revisions\/7599"}],"wp:featuredmedia":[{"embeddable":true,"href":"https:\/\/autofans.com.ar\/index.php\/wp-json\/wp\/v2\/media\/7598"}],"wp:attachment":[{"href":"https:\/\/autofans.com.ar\/index.php\/wp-json\/wp\/v2\/media?parent=7592"}],"wp:term":[{"taxonomy":"category","embeddable":true,"href":"https:\/\/autofans.com.ar\/index.php\/wp-json\/wp\/v2\/categories?post=7592"},{"taxonomy":"post_tag","embeddable":true,"href":"https:\/\/autofans.com.ar\/index.php\/wp-json\/wp\/v2\/tags?post=7592"}],"curies":[{"name":"wp","href":"https:\/\/api.w.org\/{rel}","templated":true}]}}