{"id":7600,"date":"2024-05-08T13:19:57","date_gmt":"2024-05-08T16:19:57","guid":{"rendered":"https:\/\/autofans.com.ar\/?p=7600"},"modified":"2024-05-08T18:26:58","modified_gmt":"2024-05-08T21:26:58","slug":"cafam-en-la-feria-2-ruedas-colombia","status":"publish","type":"post","link":"https:\/\/autofans.com.ar\/index.php\/2024\/05\/08\/cafam-en-la-feria-2-ruedas-colombia\/","title":{"rendered":"CAFAM en la Feria 2 Ruedas Colombia"},"content":{"rendered":"<p>La presencia de la C\u00e1mara de Fabricantes de Motoveh\u00edculos (CAFAM) en la XVI Feria Internacional de la Moto en Colombia fue m\u00e1s que una participaci\u00f3n com\u00fan. Adem\u00e1s de marcar su presencia en el evento, los representantes argentinos sellaron un acuerdo crucial para el sector: la creaci\u00f3n de la Alianza Motolatam, una iniciativa que busca fortalecer el rol de las asociaciones del sector de la motocicleta en Am\u00e9rica Latina.<\/p>\n<p>&nbsp;<\/p>\n<h2>Uni\u00f3n por el desarrollo integral del sector<\/h2>\n<p>Durante el evento, que tuvo lugar del 2 al 5 de mayo en Medell\u00edn, se concret\u00f3 la firma de la Alianza Motolatam por parte de las asociaciones m\u00e1s relevantes del rubro en la regi\u00f3n. Este pacto no solo pretende dar voz a los actores del sector a nivel regional, sino tambi\u00e9n impulsar pol\u00edticas y acciones que fomenten su desarrollo integral.<\/p>\n<p>&nbsp;<\/p>\n<p><img fetchpriority=\"high\" decoding=\"async\" class=\"aligncenter wp-image-7604 size-full\" src=\"https:\/\/autofans.com.ar\/wp-content\/uploads\/2024\/05\/cafam-3.jpg\" alt=\"CAFAM\" width=\"1000\" height=\"667\" srcset=\"https:\/\/autofans.com.ar\/wp-content\/uploads\/2024\/05\/cafam-3.jpg 1000w, https:\/\/autofans.com.ar\/wp-content\/uploads\/2024\/05\/cafam-3-300x200.jpg 300w, https:\/\/autofans.com.ar\/wp-content\/uploads\/2024\/05\/cafam-3-768x512.jpg 768w\" sizes=\"(max-width: 1000px) 100vw, 1000px\" \/><\/p>\n<p>&nbsp;<\/p>\n<p>CAFAM, como representante argentino en la alianza, se suma a otras asociaciones destacadas como ANDI de Colombia, AMFIM de M\u00e9xico, AAP de Per\u00fa, ANIM de Chile, AIFEM de Venezuela y AEADE de Ecuador. Este hito consolida la cooperaci\u00f3n entre los pa\u00edses latinoamericanos en el \u00e1mbito de la industria motovehicular.<\/p>\n<p>&nbsp;<\/p>\n<blockquote>\n<p style=\"text-align: center;\">\u00abNos comprometimos a trabajar de manera activa y coordinada en la implementaci\u00f3n de acciones concretas en nuestros respectivos pa\u00edses, promoviendo la participaci\u00f3n y el di\u00e1logo constructivo entre todas las partes interesadas.\u00bb, dijo Dario Rodriguez, Tesorero de CAFAM.<\/p>\n<\/blockquote>\n<p>&nbsp;<\/p>\n<h2>CAFAM &#8211; seguridad vial en el centro de debate<\/h2>\n<p>&nbsp;<\/p>\n<p><img decoding=\"async\" class=\"aligncenter wp-image-7603 size-full\" src=\"https:\/\/autofans.com.ar\/wp-content\/uploads\/2024\/05\/cafam-1.jpg\" alt=\"CAFAM\" width=\"1000\" height=\"667\" srcset=\"https:\/\/autofans.com.ar\/wp-content\/uploads\/2024\/05\/cafam-1.jpg 1000w, https:\/\/autofans.com.ar\/wp-content\/uploads\/2024\/05\/cafam-1-300x200.jpg 300w, https:\/\/autofans.com.ar\/wp-content\/uploads\/2024\/05\/cafam-1-768x512.jpg 768w\" sizes=\"(max-width: 1000px) 100vw, 1000px\" \/><\/p>\n<p>&nbsp;<\/p>\n<p>En paralelo a la firma del acuerdo, CAFAM particip\u00f3 activamente en un panel sobre Seguridad Vial en la Feria 2 Ruedas Colombia. Bajo el t\u00edtulo \u00abRetos y desaf\u00edos: Seguridad vial de los motociclistas en Colombia y Latinoam\u00e9rica\u00bb, Mar\u00eda Amelia Ruiz, Coordinadora de CAFAM, present\u00f3 las principales acciones llevadas a cabo por la c\u00e1mara en Argentina en este \u00e1mbito.<\/p>\n<p>&nbsp;<\/p>\n<p>&nbsp;<\/p>\n<p><i>Para enterarte de m\u00e1s novedades, no dejes de leer\u00a0<\/i><a href=\"https:\/\/autofans.thebrandsoup.com\/\"><i>nuestras notas<\/i><\/a><i>, de ver<\/i><b><i>\u00a0<\/i><\/b><a href=\"https:\/\/www.youtube.com\/channel\/UCgAC8UGHZYbT6P7PpmVnP7g\"><b><i>AUTOFANS TV<\/i><\/b><\/a><b><i>\u00a0<\/i><\/b><i>en nuestro\u00a0canal de Youtube. Adem\u00e1s seguinos en\u00a0<\/i><a href=\"https:\/\/www.instagram.com\/autofanstv\/\"><i>INSTAGRAM<\/i><\/a><i> y <\/i><a href=\"https:\/\/www.facebook.com\/autofansmas\/\"><i>FACEBOOK<\/i><\/a><i> para no perderte nada sobre las novedades del segmento automotor de Argentina y el mundo.<\/i><\/p>\n","protected":false},"excerpt":{"rendered":"<p>La presencia de la C\u00e1mara de Fabricantes de Motoveh\u00edculos (CAFAM) en la XVI Feria Internacional&#8230;<\/p>\n","protected":false},"author":2,"featured_media":7602,"comment_status":"closed","ping_status":"closed","sticky":false,"template":"","format":"standard","meta":{"footnotes":""},"categories":[292,16],"tags":[],"class_list":["post-7600","post","type-post","status-publish","format-standard","has-post-thumbnail","hentry","category-empresas","category-noticias"],"yoast_head":"<!-- This site is optimized with the Yoast SEO plugin v27.5 - https:\/\/yoast.com\/product\/yoast-seo-wordpress\/ -->\n<title>CAFAM en la Feria 2 Ruedas Colombia -<\/title>\n<meta name=\"description\" content=\"Representantes de la C\u00e1mara de Fabricantes de Motoveh\u00edculos, viajaron a Medell\u00edn para la XVI Feria Internacional de la Moto en Colombia...\" \/>\n<meta name=\"robots\" content=\"index, follow, max-snippet:-1, max-image-preview:large, max-video-preview:-1\" \/>\n<link rel=\"canonical\" href=\"https:\/\/autofans.com.ar\/index.php\/2024\/05\/08\/cafam-en-la-feria-2-ruedas-colombia\/\" \/>\n<meta property=\"og:locale\" content=\"es_ES\" \/>\n<meta property=\"og:type\" content=\"article\" \/>\n<meta property=\"og:title\" content=\"CAFAM en la Feria 2 Ruedas Colombia -\" \/>\n<meta property=\"og:description\" content=\"Representantes de la C\u00e1mara de Fabricantes de Motoveh\u00edculos, viajaron a Medell\u00edn para la XVI Feria Internacional de la Moto en Colombia...\" \/>\n<meta property=\"og:url\" content=\"https:\/\/autofans.com.ar\/index.php\/2024\/05\/08\/cafam-en-la-feria-2-ruedas-colombia\/\" \/>\n<meta property=\"article:published_time\" content=\"2024-05-08T16:19:57+00:00\" \/>\n<meta property=\"article:modified_time\" content=\"2024-05-08T21:26:58+00:00\" \/>\n<meta property=\"og:image\" content=\"https:\/\/autofans.com.ar\/wp-content\/uploads\/2024\/05\/cafam-2.jpg\" \/>\n\t<meta property=\"og:image:width\" content=\"640\" \/>\n\t<meta property=\"og:image:height\" content=\"427\" \/>\n\t<meta property=\"og:image:type\" content=\"image\/jpeg\" \/>\n<meta name=\"author\" content=\"Alejandro Gabriel Rosito\" \/>\n<meta name=\"twitter:card\" content=\"summary_large_image\" \/>\n<meta name=\"twitter:label1\" content=\"Escrito por\" \/>\n\t<meta name=\"twitter:data1\" content=\"Alejandro Gabriel Rosito\" \/>\n\t<meta name=\"twitter:label2\" content=\"Tiempo de lectura\" \/>\n\t<meta name=\"twitter:data2\" content=\"2 minutos\" \/>\n<script type=\"application\/ld+json\" class=\"yoast-schema-graph\">{\"@context\":\"https:\\\/\\\/schema.org\",\"@graph\":[{\"@type\":\"Article\",\"@id\":\"https:\\\/\\\/autofans.com.ar\\\/index.php\\\/2024\\\/05\\\/08\\\/cafam-en-la-feria-2-ruedas-colombia\\\/#article\",\"isPartOf\":{\"@id\":\"https:\\\/\\\/autofans.com.ar\\\/index.php\\\/2024\\\/05\\\/08\\\/cafam-en-la-feria-2-ruedas-colombia\\\/\"},\"author\":{\"name\":\"Alejandro Gabriel Rosito\",\"@id\":\"https:\\\/\\\/autofans.com.ar\\\/#\\\/schema\\\/person\\\/4a8dda0b6df83ac3d6723e921274c2aa\"},\"headline\":\"CAFAM en la Feria 2 Ruedas Colombia\",\"datePublished\":\"2024-05-08T16:19:57+00:00\",\"dateModified\":\"2024-05-08T21:26:58+00:00\",\"mainEntityOfPage\":{\"@id\":\"https:\\\/\\\/autofans.com.ar\\\/index.php\\\/2024\\\/05\\\/08\\\/cafam-en-la-feria-2-ruedas-colombia\\\/\"},\"wordCount\":369,\"image\":{\"@id\":\"https:\\\/\\\/autofans.com.ar\\\/index.php\\\/2024\\\/05\\\/08\\\/cafam-en-la-feria-2-ruedas-colombia\\\/#primaryimage\"},\"thumbnailUrl\":\"https:\\\/\\\/autofans.com.ar\\\/wp-content\\\/uploads\\\/2024\\\/05\\\/cafam-2.jpg\",\"articleSection\":[\"EMPRESAS\",\"NOTICIAS\"],\"inLanguage\":\"es\"},{\"@type\":\"WebPage\",\"@id\":\"https:\\\/\\\/autofans.com.ar\\\/index.php\\\/2024\\\/05\\\/08\\\/cafam-en-la-feria-2-ruedas-colombia\\\/\",\"url\":\"https:\\\/\\\/autofans.com.ar\\\/index.php\\\/2024\\\/05\\\/08\\\/cafam-en-la-feria-2-ruedas-colombia\\\/\",\"name\":\"CAFAM en la Feria 2 Ruedas Colombia -\",\"isPartOf\":{\"@id\":\"https:\\\/\\\/autofans.com.ar\\\/#website\"},\"primaryImageOfPage\":{\"@id\":\"https:\\\/\\\/autofans.com.ar\\\/index.php\\\/2024\\\/05\\\/08\\\/cafam-en-la-feria-2-ruedas-colombia\\\/#primaryimage\"},\"image\":{\"@id\":\"https:\\\/\\\/autofans.com.ar\\\/index.php\\\/2024\\\/05\\\/08\\\/cafam-en-la-feria-2-ruedas-colombia\\\/#primaryimage\"},\"thumbnailUrl\":\"https:\\\/\\\/autofans.com.ar\\\/wp-content\\\/uploads\\\/2024\\\/05\\\/cafam-2.jpg\",\"datePublished\":\"2024-05-08T16:19:57+00:00\",\"dateModified\":\"2024-05-08T21:26:58+00:00\",\"author\":{\"@id\":\"https:\\\/\\\/autofans.com.ar\\\/#\\\/schema\\\/person\\\/4a8dda0b6df83ac3d6723e921274c2aa\"},\"description\":\"Representantes de la C\u00e1mara de Fabricantes de Motoveh\u00edculos, viajaron a Medell\u00edn para la XVI Feria Internacional de la Moto en Colombia...\",\"breadcrumb\":{\"@id\":\"https:\\\/\\\/autofans.com.ar\\\/index.php\\\/2024\\\/05\\\/08\\\/cafam-en-la-feria-2-ruedas-colombia\\\/#breadcrumb\"},\"inLanguage\":\"es\",\"potentialAction\":[{\"@type\":\"ReadAction\",\"target\":[\"https:\\\/\\\/autofans.com.ar\\\/index.php\\\/2024\\\/05\\\/08\\\/cafam-en-la-feria-2-ruedas-colombia\\\/\"]}]},{\"@type\":\"ImageObject\",\"inLanguage\":\"es\",\"@id\":\"https:\\\/\\\/autofans.com.ar\\\/index.php\\\/2024\\\/05\\\/08\\\/cafam-en-la-feria-2-ruedas-colombia\\\/#primaryimage\",\"url\":\"https:\\\/\\\/autofans.com.ar\\\/wp-content\\\/uploads\\\/2024\\\/05\\\/cafam-2.jpg\",\"contentUrl\":\"https:\\\/\\\/autofans.com.ar\\\/wp-content\\\/uploads\\\/2024\\\/05\\\/cafam-2.jpg\",\"width\":1000,\"height\":667},{\"@type\":\"BreadcrumbList\",\"@id\":\"https:\\\/\\\/autofans.com.ar\\\/index.php\\\/2024\\\/05\\\/08\\\/cafam-en-la-feria-2-ruedas-colombia\\\/#breadcrumb\",\"itemListElement\":[{\"@type\":\"ListItem\",\"position\":1,\"name\":\"Inicio\",\"item\":\"https:\\\/\\\/autofans.com.ar\\\/\"},{\"@type\":\"ListItem\",\"position\":2,\"name\":\"CAFAM en la Feria 2 Ruedas Colombia\"}]},{\"@type\":\"WebSite\",\"@id\":\"https:\\\/\\\/autofans.com.ar\\\/#website\",\"url\":\"https:\\\/\\\/autofans.com.ar\\\/\",\"name\":\"\",\"description\":\"El multimedio referente de la industria automotriz\",\"potentialAction\":[{\"@type\":\"SearchAction\",\"target\":{\"@type\":\"EntryPoint\",\"urlTemplate\":\"https:\\\/\\\/autofans.com.ar\\\/?s={search_term_string}\"},\"query-input\":{\"@type\":\"PropertyValueSpecification\",\"valueRequired\":true,\"valueName\":\"search_term_string\"}}],\"inLanguage\":\"es\"},{\"@type\":\"Person\",\"@id\":\"https:\\\/\\\/autofans.com.ar\\\/#\\\/schema\\\/person\\\/4a8dda0b6df83ac3d6723e921274c2aa\",\"name\":\"Alejandro Gabriel Rosito\",\"image\":{\"@type\":\"ImageObject\",\"inLanguage\":\"es\",\"@id\":\"https:\\\/\\\/secure.gravatar.com\\\/avatar\\\/16c5dda1489adfc62618084dcbb91cffd879c374b13fe5dd8e44ed6733852c88?s=96&d=mm&r=g\",\"url\":\"https:\\\/\\\/secure.gravatar.com\\\/avatar\\\/16c5dda1489adfc62618084dcbb91cffd879c374b13fe5dd8e44ed6733852c88?s=96&d=mm&r=g\",\"contentUrl\":\"https:\\\/\\\/secure.gravatar.com\\\/avatar\\\/16c5dda1489adfc62618084dcbb91cffd879c374b13fe5dd8e44ed6733852c88?s=96&d=mm&r=g\",\"caption\":\"Alejandro Gabriel Rosito\"},\"url\":\"https:\\\/\\\/autofans.com.ar\\\/index.php\\\/author\\\/gabrielr\\\/\"}]}<\/script>\n<!-- \/ Yoast SEO plugin. -->","yoast_head_json":{"title":"CAFAM en la Feria 2 Ruedas Colombia -","description":"Representantes de la C\u00e1mara de Fabricantes de Motoveh\u00edculos, viajaron a Medell\u00edn para la XVI Feria Internacional de la Moto en Colombia...","robots":{"index":"index","follow":"follow","max-snippet":"max-snippet:-1","max-image-preview":"max-image-preview:large","max-video-preview":"max-video-preview:-1"},"canonical":"https:\/\/autofans.com.ar\/index.php\/2024\/05\/08\/cafam-en-la-feria-2-ruedas-colombia\/","og_locale":"es_ES","og_type":"article","og_title":"CAFAM en la Feria 2 Ruedas Colombia -","og_description":"Representantes de la C\u00e1mara de Fabricantes de Motoveh\u00edculos, viajaron a Medell\u00edn para la XVI Feria Internacional de la Moto en Colombia...","og_url":"https:\/\/autofans.com.ar\/index.php\/2024\/05\/08\/cafam-en-la-feria-2-ruedas-colombia\/","article_published_time":"2024-05-08T16:19:57+00:00","article_modified_time":"2024-05-08T21:26:58+00:00","og_image":[{"url":"https:\/\/autofans.com.ar\/wp-content\/uploads\/2024\/05\/cafam-2.jpg","width":640,"height":427,"type":"image\/jpeg"}],"author":"Alejandro Gabriel Rosito","twitter_card":"summary_large_image","twitter_misc":{"Escrito por":"Alejandro Gabriel Rosito","Tiempo de lectura":"2 minutos"},"schema":{"@context":"https:\/\/schema.org","@graph":[{"@type":"Article","@id":"https:\/\/autofans.com.ar\/index.php\/2024\/05\/08\/cafam-en-la-feria-2-ruedas-colombia\/#article","isPartOf":{"@id":"https:\/\/autofans.com.ar\/index.php\/2024\/05\/08\/cafam-en-la-feria-2-ruedas-colombia\/"},"author":{"name":"Alejandro Gabriel Rosito","@id":"https:\/\/autofans.com.ar\/#\/schema\/person\/4a8dda0b6df83ac3d6723e921274c2aa"},"headline":"CAFAM en la Feria 2 Ruedas Colombia","datePublished":"2024-05-08T16:19:57+00:00","dateModified":"2024-05-08T21:26:58+00:00","mainEntityOfPage":{"@id":"https:\/\/autofans.com.ar\/index.php\/2024\/05\/08\/cafam-en-la-feria-2-ruedas-colombia\/"},"wordCount":369,"image":{"@id":"https:\/\/autofans.com.ar\/index.php\/2024\/05\/08\/cafam-en-la-feria-2-ruedas-colombia\/#primaryimage"},"thumbnailUrl":"https:\/\/autofans.com.ar\/wp-content\/uploads\/2024\/05\/cafam-2.jpg","articleSection":["EMPRESAS","NOTICIAS"],"inLanguage":"es"},{"@type":"WebPage","@id":"https:\/\/autofans.com.ar\/index.php\/2024\/05\/08\/cafam-en-la-feria-2-ruedas-colombia\/","url":"https:\/\/autofans.com.ar\/index.php\/2024\/05\/08\/cafam-en-la-feria-2-ruedas-colombia\/","name":"CAFAM en la Feria 2 Ruedas Colombia -","isPartOf":{"@id":"https:\/\/autofans.com.ar\/#website"},"primaryImageOfPage":{"@id":"https:\/\/autofans.com.ar\/index.php\/2024\/05\/08\/cafam-en-la-feria-2-ruedas-colombia\/#primaryimage"},"image":{"@id":"https:\/\/autofans.com.ar\/index.php\/2024\/05\/08\/cafam-en-la-feria-2-ruedas-colombia\/#primaryimage"},"thumbnailUrl":"https:\/\/autofans.com.ar\/wp-content\/uploads\/2024\/05\/cafam-2.jpg","datePublished":"2024-05-08T16:19:57+00:00","dateModified":"2024-05-08T21:26:58+00:00","author":{"@id":"https:\/\/autofans.com.ar\/#\/schema\/person\/4a8dda0b6df83ac3d6723e921274c2aa"},"description":"Representantes de la C\u00e1mara de Fabricantes de Motoveh\u00edculos, viajaron a Medell\u00edn para la XVI Feria Internacional de la Moto en Colombia...","breadcrumb":{"@id":"https:\/\/autofans.com.ar\/index.php\/2024\/05\/08\/cafam-en-la-feria-2-ruedas-colombia\/#breadcrumb"},"inLanguage":"es","potentialAction":[{"@type":"ReadAction","target":["https:\/\/autofans.com.ar\/index.php\/2024\/05\/08\/cafam-en-la-feria-2-ruedas-colombia\/"]}]},{"@type":"ImageObject","inLanguage":"es","@id":"https:\/\/autofans.com.ar\/index.php\/2024\/05\/08\/cafam-en-la-feria-2-ruedas-colombia\/#primaryimage","url":"https:\/\/autofans.com.ar\/wp-content\/uploads\/2024\/05\/cafam-2.jpg","contentUrl":"https:\/\/autofans.com.ar\/wp-content\/uploads\/2024\/05\/cafam-2.jpg","width":1000,"height":667},{"@type":"BreadcrumbList","@id":"https:\/\/autofans.com.ar\/index.php\/2024\/05\/08\/cafam-en-la-feria-2-ruedas-colombia\/#breadcrumb","itemListElement":[{"@type":"ListItem","position":1,"name":"Inicio","item":"https:\/\/autofans.com.ar\/"},{"@type":"ListItem","position":2,"name":"CAFAM en la Feria 2 Ruedas Colombia"}]},{"@type":"WebSite","@id":"https:\/\/autofans.com.ar\/#website","url":"https:\/\/autofans.com.ar\/","name":"","description":"El multimedio referente de la industria automotriz","potentialAction":[{"@type":"SearchAction","target":{"@type":"EntryPoint","urlTemplate":"https:\/\/autofans.com.ar\/?s={search_term_string}"},"query-input":{"@type":"PropertyValueSpecification","valueRequired":true,"valueName":"search_term_string"}}],"inLanguage":"es"},{"@type":"Person","@id":"https:\/\/autofans.com.ar\/#\/schema\/person\/4a8dda0b6df83ac3d6723e921274c2aa","name":"Alejandro Gabriel Rosito","image":{"@type":"ImageObject","inLanguage":"es","@id":"https:\/\/secure.gravatar.com\/avatar\/16c5dda1489adfc62618084dcbb91cffd879c374b13fe5dd8e44ed6733852c88?s=96&d=mm&r=g","url":"https:\/\/secure.gravatar.com\/avatar\/16c5dda1489adfc62618084dcbb91cffd879c374b13fe5dd8e44ed6733852c88?s=96&d=mm&r=g","contentUrl":"https:\/\/secure.gravatar.com\/avatar\/16c5dda1489adfc62618084dcbb91cffd879c374b13fe5dd8e44ed6733852c88?s=96&d=mm&r=g","caption":"Alejandro Gabriel Rosito"},"url":"https:\/\/autofans.com.ar\/index.php\/author\/gabrielr\/"}]}},"featured_image_urls":{"full":["https:\/\/autofans.com.ar\/wp-content\/uploads\/2024\/05\/cafam-2.jpg",1000,667,false],"thumbnail":["https:\/\/autofans.com.ar\/wp-content\/uploads\/2024\/05\/cafam-2-150x150.jpg",150,150,true],"medium":["https:\/\/autofans.com.ar\/wp-content\/uploads\/2024\/05\/cafam-2-300x200.jpg",300,200,true],"medium_large":["https:\/\/autofans.com.ar\/wp-content\/uploads\/2024\/05\/cafam-2-768x512.jpg",640,427,true],"large":["https:\/\/autofans.com.ar\/wp-content\/uploads\/2024\/05\/cafam-2.jpg",640,427,false],"1536x1536":["https:\/\/autofans.com.ar\/wp-content\/uploads\/2024\/05\/cafam-2.jpg",1000,667,false],"2048x2048":["https:\/\/autofans.com.ar\/wp-content\/uploads\/2024\/05\/cafam-2.jpg",1000,667,false],"covernews-featured":["https:\/\/autofans.com.ar\/wp-content\/uploads\/2024\/05\/cafam-2.jpg",1000,667,false],"covernews-medium":["https:\/\/autofans.com.ar\/wp-content\/uploads\/2024\/05\/cafam-2-540x340.jpg",540,340,true]},"author_info":{"display_name":"Alejandro Gabriel Rosito","author_link":"https:\/\/autofans.com.ar\/index.php\/author\/gabrielr\/"},"category_info":"<a href=\"https:\/\/autofans.com.ar\/index.php\/category\/noticias\/empresas\/\" rel=\"category tag\">EMPRESAS<\/a> <a href=\"https:\/\/autofans.com.ar\/index.php\/category\/noticias\/\" rel=\"category tag\">NOTICIAS<\/a>","tag_info":"NOTICIAS","comment_count":0,"_links":{"self":[{"href":"https:\/\/autofans.com.ar\/index.php\/wp-json\/wp\/v2\/posts\/7600","targetHints":{"allow":["GET"]}}],"collection":[{"href":"https:\/\/autofans.com.ar\/index.php\/wp-json\/wp\/v2\/posts"}],"about":[{"href":"https:\/\/autofans.com.ar\/index.php\/wp-json\/wp\/v2\/types\/post"}],"author":[{"embeddable":true,"href":"https:\/\/autofans.com.ar\/index.php\/wp-json\/wp\/v2\/users\/2"}],"replies":[{"embeddable":true,"href":"https:\/\/autofans.com.ar\/index.php\/wp-json\/wp\/v2\/comments?post=7600"}],"version-history":[{"count":2,"href":"https:\/\/autofans.com.ar\/index.php\/wp-json\/wp\/v2\/posts\/7600\/revisions"}],"predecessor-version":[{"id":7605,"href":"https:\/\/autofans.com.ar\/index.php\/wp-json\/wp\/v2\/posts\/7600\/revisions\/7605"}],"wp:featuredmedia":[{"embeddable":true,"href":"https:\/\/autofans.com.ar\/index.php\/wp-json\/wp\/v2\/media\/7602"}],"wp:attachment":[{"href":"https:\/\/autofans.com.ar\/index.php\/wp-json\/wp\/v2\/media?parent=7600"}],"wp:term":[{"taxonomy":"category","embeddable":true,"href":"https:\/\/autofans.com.ar\/index.php\/wp-json\/wp\/v2\/categories?post=7600"},{"taxonomy":"post_tag","embeddable":true,"href":"https:\/\/autofans.com.ar\/index.php\/wp-json\/wp\/v2\/tags?post=7600"}],"curies":[{"name":"wp","href":"https:\/\/api.w.org\/{rel}","templated":true}]}}