{"id":7618,"date":"2024-05-09T21:11:07","date_gmt":"2024-05-10T00:11:07","guid":{"rendered":"https:\/\/autofans.com.ar\/?p=7618"},"modified":"2024-05-09T21:11:07","modified_gmt":"2024-05-10T00:11:07","slug":"presentacion-de-la-nueva-comision-directiva-del-aca","status":"publish","type":"post","link":"https:\/\/autofans.com.ar\/index.php\/2024\/05\/09\/presentacion-de-la-nueva-comision-directiva-del-aca\/","title":{"rendered":"Presentaci\u00f3n de la nueva comisi\u00f3n directiva del ACA"},"content":{"rendered":"<p>En cumplimiento de las normativas electorales del Autom\u00f3vil Club Argentino (ACA), se llev\u00f3 a cabo la Reuni\u00f3n Extraordinaria de la Asamblea de Delegados para la elecci\u00f3n de nuevas autoridades, tal como establece el Estatuto Social y Reglamento Electoral. En este evento, se dio paso a la asunci\u00f3n de las nuevas figuras que dirigir\u00e1n la instituci\u00f3n en el ciclo 2024-2028.<\/p>\n<p>&nbsp;<\/p>\n<h2>As\u00ed queda conformada la mesa directiva del ACA<\/h2>\n<p>La nueva comisi\u00f3n directiva, avalada por el consenso un\u00e1nime de las Agrupaciones inscriptas en el Registro Electoral, fue proclamada por la Junta Electoral. Destacando la continuidad hist\u00f3rica, el Lic. C\u00e9sar Carman se alza como Presidente, sucediendo a su padre y abuelo, quienes tambi\u00e9n ocuparon ese cargo en per\u00edodos anteriores.<\/p>\n<p>&nbsp;<\/p>\n<figure id=\"attachment_7620\" aria-describedby=\"caption-attachment-7620\" style=\"width: 1000px\" class=\"wp-caption aligncenter\"><img fetchpriority=\"high\" decoding=\"async\" class=\"wp-image-7620 size-full\" src=\"https:\/\/autofans.com.ar\/wp-content\/uploads\/2024\/05\/aca-2.jpg\" alt=\"aca\" width=\"1000\" height=\"667\" srcset=\"https:\/\/autofans.com.ar\/wp-content\/uploads\/2024\/05\/aca-2.jpg 1000w, https:\/\/autofans.com.ar\/wp-content\/uploads\/2024\/05\/aca-2-300x200.jpg 300w, https:\/\/autofans.com.ar\/wp-content\/uploads\/2024\/05\/aca-2-768x512.jpg 768w\" sizes=\"(max-width: 1000px) 100vw, 1000px\" \/><figcaption id=\"caption-attachment-7620\" class=\"wp-caption-text\">Lic. C\u00e9sar Carman<\/figcaption><\/figure>\n<p>&nbsp;<\/p>\n<p>La Mesa Directiva queda conformada de la siguiente manera: Lic. C\u00e9sar Carman como Presidente (2024 \u2013 2028), Dr. Carlos Gonz\u00e1lez Cambaceres como Vicepresidente 1\u00b0 (2024 \u2013 2026), Sr. Jorge E. Revello como Vicepresidente 2\u00b0 (2024 \u2013 2028), Sr. Jorge D \u0301Odorico como Secretario, Ctdor. Joaqu\u00edn Pena como Tesorero, Dr. V\u00edctor Potente como Prosecretario y Sr. Juan Jos\u00e9 Samuel Wilson Barragan como Protesorero.<\/p>\n<p>La pr\u00f3xima edici\u00f3n de la Revista Autoclub incluir\u00e1 la lista completa de las autoridades de los distintos cuerpos estatutarios.<\/p>\n<p>&nbsp;<\/p>\n<p>&nbsp;<\/p>\n<p><i>Para enterarte de m\u00e1s novedades, no dejes de leer\u00a0<\/i><a href=\"https:\/\/autofans.thebrandsoup.com\/\"><i>nuestras notas<\/i><\/a><i>, de ver<\/i><b><i>\u00a0<\/i><\/b><a href=\"https:\/\/www.youtube.com\/channel\/UCgAC8UGHZYbT6P7PpmVnP7g\"><b><i>AUTOFANS TV<\/i><\/b><\/a><b><i>\u00a0<\/i><\/b><i>en nuestro\u00a0canal de Youtube. Adem\u00e1s seguinos en\u00a0<\/i><a href=\"https:\/\/www.instagram.com\/autofanstv\/\"><i>INSTAGRAM<\/i><\/a><i> y <\/i><a href=\"https:\/\/www.facebook.com\/autofansmas\/\"><i>FACEBOOK<\/i><\/a><i> para no perderte nada sobre las novedades del segmento automotor de Argentina y el mundo.<\/i><\/p>\n","protected":false},"excerpt":{"rendered":"<p>En cumplimiento de las normativas electorales del Autom\u00f3vil Club Argentino (ACA), se llev\u00f3 a cabo&#8230;<\/p>\n","protected":false},"author":2,"featured_media":7621,"comment_status":"closed","ping_status":"closed","sticky":false,"template":"","format":"standard","meta":{"footnotes":""},"categories":[292,1,16],"tags":[2103,4022,4024,4025,4023],"class_list":["post-7618","post","type-post","status-publish","format-standard","has-post-thumbnail","hentry","category-empresas","category-lanzamientos","category-noticias","tag-automovil-club-argentino","tag-comision-directiva","tag-elecciones-2024","tag-lic-cesar-carman","tag-renovacion-de-autoridades"],"yoast_head":"<!-- This site is optimized with the Yoast SEO plugin v27.5 - https:\/\/yoast.com\/product\/yoast-seo-wordpress\/ -->\n<title>Presentaci\u00f3n de la nueva comisi\u00f3n directiva del ACA -<\/title>\n<meta name=\"description\" content=\"Renovaci\u00f3n de autoridades en el Autom\u00f3vil Club Argentino (ACA): Presentaci\u00f3n de la nueva comisi\u00f3n directiva.\" \/>\n<meta name=\"robots\" content=\"index, follow, max-snippet:-1, max-image-preview:large, max-video-preview:-1\" \/>\n<link rel=\"canonical\" href=\"https:\/\/autofans.com.ar\/index.php\/2024\/05\/09\/presentacion-de-la-nueva-comision-directiva-del-aca\/\" \/>\n<meta property=\"og:locale\" content=\"es_ES\" \/>\n<meta property=\"og:type\" content=\"article\" \/>\n<meta property=\"og:title\" content=\"Presentaci\u00f3n de la nueva comisi\u00f3n directiva del ACA -\" \/>\n<meta property=\"og:description\" content=\"Renovaci\u00f3n de autoridades en el Autom\u00f3vil Club Argentino (ACA): Presentaci\u00f3n de la nueva comisi\u00f3n directiva.\" \/>\n<meta property=\"og:url\" content=\"https:\/\/autofans.com.ar\/index.php\/2024\/05\/09\/presentacion-de-la-nueva-comision-directiva-del-aca\/\" \/>\n<meta property=\"article:published_time\" content=\"2024-05-10T00:11:07+00:00\" \/>\n<meta property=\"og:image\" content=\"https:\/\/autofans.com.ar\/wp-content\/uploads\/2024\/05\/aca-1.jpg\" \/>\n\t<meta property=\"og:image:width\" content=\"640\" \/>\n\t<meta property=\"og:image:height\" content=\"427\" \/>\n\t<meta property=\"og:image:type\" content=\"image\/jpeg\" \/>\n<meta name=\"author\" content=\"Alejandro Gabriel Rosito\" \/>\n<meta name=\"twitter:card\" content=\"summary_large_image\" \/>\n<meta name=\"twitter:label1\" content=\"Escrito por\" \/>\n\t<meta name=\"twitter:data1\" content=\"Alejandro Gabriel Rosito\" \/>\n\t<meta name=\"twitter:label2\" content=\"Tiempo de lectura\" \/>\n\t<meta name=\"twitter:data2\" content=\"2 minutos\" \/>\n<script type=\"application\/ld+json\" class=\"yoast-schema-graph\">{\"@context\":\"https:\\\/\\\/schema.org\",\"@graph\":[{\"@type\":\"Article\",\"@id\":\"https:\\\/\\\/autofans.com.ar\\\/index.php\\\/2024\\\/05\\\/09\\\/presentacion-de-la-nueva-comision-directiva-del-aca\\\/#article\",\"isPartOf\":{\"@id\":\"https:\\\/\\\/autofans.com.ar\\\/index.php\\\/2024\\\/05\\\/09\\\/presentacion-de-la-nueva-comision-directiva-del-aca\\\/\"},\"author\":{\"name\":\"Alejandro Gabriel Rosito\",\"@id\":\"https:\\\/\\\/autofans.com.ar\\\/#\\\/schema\\\/person\\\/4a8dda0b6df83ac3d6723e921274c2aa\"},\"headline\":\"Presentaci\u00f3n de la nueva comisi\u00f3n directiva del ACA\",\"datePublished\":\"2024-05-10T00:11:07+00:00\",\"mainEntityOfPage\":{\"@id\":\"https:\\\/\\\/autofans.com.ar\\\/index.php\\\/2024\\\/05\\\/09\\\/presentacion-de-la-nueva-comision-directiva-del-aca\\\/\"},\"wordCount\":273,\"image\":{\"@id\":\"https:\\\/\\\/autofans.com.ar\\\/index.php\\\/2024\\\/05\\\/09\\\/presentacion-de-la-nueva-comision-directiva-del-aca\\\/#primaryimage\"},\"thumbnailUrl\":\"https:\\\/\\\/autofans.com.ar\\\/wp-content\\\/uploads\\\/2024\\\/05\\\/aca-1.jpg\",\"keywords\":[\"Automovil Club Argentino\",\"Comisi\u00f3n Directiva\",\"Elecciones 2024\",\"Lic. C\u00e9sar Carman\",\"Renovaci\u00f3n de autoridades\"],\"articleSection\":[\"EMPRESAS\",\"LANZAMIENTOS\",\"NOTICIAS\"],\"inLanguage\":\"es\"},{\"@type\":\"WebPage\",\"@id\":\"https:\\\/\\\/autofans.com.ar\\\/index.php\\\/2024\\\/05\\\/09\\\/presentacion-de-la-nueva-comision-directiva-del-aca\\\/\",\"url\":\"https:\\\/\\\/autofans.com.ar\\\/index.php\\\/2024\\\/05\\\/09\\\/presentacion-de-la-nueva-comision-directiva-del-aca\\\/\",\"name\":\"Presentaci\u00f3n de la nueva comisi\u00f3n directiva del ACA -\",\"isPartOf\":{\"@id\":\"https:\\\/\\\/autofans.com.ar\\\/#website\"},\"primaryImageOfPage\":{\"@id\":\"https:\\\/\\\/autofans.com.ar\\\/index.php\\\/2024\\\/05\\\/09\\\/presentacion-de-la-nueva-comision-directiva-del-aca\\\/#primaryimage\"},\"image\":{\"@id\":\"https:\\\/\\\/autofans.com.ar\\\/index.php\\\/2024\\\/05\\\/09\\\/presentacion-de-la-nueva-comision-directiva-del-aca\\\/#primaryimage\"},\"thumbnailUrl\":\"https:\\\/\\\/autofans.com.ar\\\/wp-content\\\/uploads\\\/2024\\\/05\\\/aca-1.jpg\",\"datePublished\":\"2024-05-10T00:11:07+00:00\",\"author\":{\"@id\":\"https:\\\/\\\/autofans.com.ar\\\/#\\\/schema\\\/person\\\/4a8dda0b6df83ac3d6723e921274c2aa\"},\"description\":\"Renovaci\u00f3n de autoridades en el Autom\u00f3vil Club Argentino (ACA): Presentaci\u00f3n de la nueva comisi\u00f3n directiva.\",\"breadcrumb\":{\"@id\":\"https:\\\/\\\/autofans.com.ar\\\/index.php\\\/2024\\\/05\\\/09\\\/presentacion-de-la-nueva-comision-directiva-del-aca\\\/#breadcrumb\"},\"inLanguage\":\"es\",\"potentialAction\":[{\"@type\":\"ReadAction\",\"target\":[\"https:\\\/\\\/autofans.com.ar\\\/index.php\\\/2024\\\/05\\\/09\\\/presentacion-de-la-nueva-comision-directiva-del-aca\\\/\"]}]},{\"@type\":\"ImageObject\",\"inLanguage\":\"es\",\"@id\":\"https:\\\/\\\/autofans.com.ar\\\/index.php\\\/2024\\\/05\\\/09\\\/presentacion-de-la-nueva-comision-directiva-del-aca\\\/#primaryimage\",\"url\":\"https:\\\/\\\/autofans.com.ar\\\/wp-content\\\/uploads\\\/2024\\\/05\\\/aca-1.jpg\",\"contentUrl\":\"https:\\\/\\\/autofans.com.ar\\\/wp-content\\\/uploads\\\/2024\\\/05\\\/aca-1.jpg\",\"width\":1000,\"height\":667,\"caption\":\"aca\"},{\"@type\":\"BreadcrumbList\",\"@id\":\"https:\\\/\\\/autofans.com.ar\\\/index.php\\\/2024\\\/05\\\/09\\\/presentacion-de-la-nueva-comision-directiva-del-aca\\\/#breadcrumb\",\"itemListElement\":[{\"@type\":\"ListItem\",\"position\":1,\"name\":\"Inicio\",\"item\":\"https:\\\/\\\/autofans.com.ar\\\/\"},{\"@type\":\"ListItem\",\"position\":2,\"name\":\"Presentaci\u00f3n de la nueva comisi\u00f3n directiva del ACA\"}]},{\"@type\":\"WebSite\",\"@id\":\"https:\\\/\\\/autofans.com.ar\\\/#website\",\"url\":\"https:\\\/\\\/autofans.com.ar\\\/\",\"name\":\"\",\"description\":\"El multimedio referente de la industria automotriz\",\"potentialAction\":[{\"@type\":\"SearchAction\",\"target\":{\"@type\":\"EntryPoint\",\"urlTemplate\":\"https:\\\/\\\/autofans.com.ar\\\/?s={search_term_string}\"},\"query-input\":{\"@type\":\"PropertyValueSpecification\",\"valueRequired\":true,\"valueName\":\"search_term_string\"}}],\"inLanguage\":\"es\"},{\"@type\":\"Person\",\"@id\":\"https:\\\/\\\/autofans.com.ar\\\/#\\\/schema\\\/person\\\/4a8dda0b6df83ac3d6723e921274c2aa\",\"name\":\"Alejandro Gabriel Rosito\",\"image\":{\"@type\":\"ImageObject\",\"inLanguage\":\"es\",\"@id\":\"https:\\\/\\\/secure.gravatar.com\\\/avatar\\\/16c5dda1489adfc62618084dcbb91cffd879c374b13fe5dd8e44ed6733852c88?s=96&d=mm&r=g\",\"url\":\"https:\\\/\\\/secure.gravatar.com\\\/avatar\\\/16c5dda1489adfc62618084dcbb91cffd879c374b13fe5dd8e44ed6733852c88?s=96&d=mm&r=g\",\"contentUrl\":\"https:\\\/\\\/secure.gravatar.com\\\/avatar\\\/16c5dda1489adfc62618084dcbb91cffd879c374b13fe5dd8e44ed6733852c88?s=96&d=mm&r=g\",\"caption\":\"Alejandro Gabriel Rosito\"},\"url\":\"https:\\\/\\\/autofans.com.ar\\\/index.php\\\/author\\\/gabrielr\\\/\"}]}<\/script>\n<!-- \/ Yoast SEO plugin. -->","yoast_head_json":{"title":"Presentaci\u00f3n de la nueva comisi\u00f3n directiva del ACA -","description":"Renovaci\u00f3n de autoridades en el Autom\u00f3vil Club Argentino (ACA): Presentaci\u00f3n de la nueva comisi\u00f3n directiva.","robots":{"index":"index","follow":"follow","max-snippet":"max-snippet:-1","max-image-preview":"max-image-preview:large","max-video-preview":"max-video-preview:-1"},"canonical":"https:\/\/autofans.com.ar\/index.php\/2024\/05\/09\/presentacion-de-la-nueva-comision-directiva-del-aca\/","og_locale":"es_ES","og_type":"article","og_title":"Presentaci\u00f3n de la nueva comisi\u00f3n directiva del ACA -","og_description":"Renovaci\u00f3n de autoridades en el Autom\u00f3vil Club Argentino (ACA): Presentaci\u00f3n de la nueva comisi\u00f3n directiva.","og_url":"https:\/\/autofans.com.ar\/index.php\/2024\/05\/09\/presentacion-de-la-nueva-comision-directiva-del-aca\/","article_published_time":"2024-05-10T00:11:07+00:00","og_image":[{"url":"https:\/\/autofans.com.ar\/wp-content\/uploads\/2024\/05\/aca-1.jpg","width":640,"height":427,"type":"image\/jpeg"}],"author":"Alejandro Gabriel Rosito","twitter_card":"summary_large_image","twitter_misc":{"Escrito por":"Alejandro Gabriel Rosito","Tiempo de lectura":"2 minutos"},"schema":{"@context":"https:\/\/schema.org","@graph":[{"@type":"Article","@id":"https:\/\/autofans.com.ar\/index.php\/2024\/05\/09\/presentacion-de-la-nueva-comision-directiva-del-aca\/#article","isPartOf":{"@id":"https:\/\/autofans.com.ar\/index.php\/2024\/05\/09\/presentacion-de-la-nueva-comision-directiva-del-aca\/"},"author":{"name":"Alejandro Gabriel Rosito","@id":"https:\/\/autofans.com.ar\/#\/schema\/person\/4a8dda0b6df83ac3d6723e921274c2aa"},"headline":"Presentaci\u00f3n de la nueva comisi\u00f3n directiva del ACA","datePublished":"2024-05-10T00:11:07+00:00","mainEntityOfPage":{"@id":"https:\/\/autofans.com.ar\/index.php\/2024\/05\/09\/presentacion-de-la-nueva-comision-directiva-del-aca\/"},"wordCount":273,"image":{"@id":"https:\/\/autofans.com.ar\/index.php\/2024\/05\/09\/presentacion-de-la-nueva-comision-directiva-del-aca\/#primaryimage"},"thumbnailUrl":"https:\/\/autofans.com.ar\/wp-content\/uploads\/2024\/05\/aca-1.jpg","keywords":["Automovil Club Argentino","Comisi\u00f3n Directiva","Elecciones 2024","Lic. C\u00e9sar Carman","Renovaci\u00f3n de autoridades"],"articleSection":["EMPRESAS","LANZAMIENTOS","NOTICIAS"],"inLanguage":"es"},{"@type":"WebPage","@id":"https:\/\/autofans.com.ar\/index.php\/2024\/05\/09\/presentacion-de-la-nueva-comision-directiva-del-aca\/","url":"https:\/\/autofans.com.ar\/index.php\/2024\/05\/09\/presentacion-de-la-nueva-comision-directiva-del-aca\/","name":"Presentaci\u00f3n de la nueva comisi\u00f3n directiva del ACA -","isPartOf":{"@id":"https:\/\/autofans.com.ar\/#website"},"primaryImageOfPage":{"@id":"https:\/\/autofans.com.ar\/index.php\/2024\/05\/09\/presentacion-de-la-nueva-comision-directiva-del-aca\/#primaryimage"},"image":{"@id":"https:\/\/autofans.com.ar\/index.php\/2024\/05\/09\/presentacion-de-la-nueva-comision-directiva-del-aca\/#primaryimage"},"thumbnailUrl":"https:\/\/autofans.com.ar\/wp-content\/uploads\/2024\/05\/aca-1.jpg","datePublished":"2024-05-10T00:11:07+00:00","author":{"@id":"https:\/\/autofans.com.ar\/#\/schema\/person\/4a8dda0b6df83ac3d6723e921274c2aa"},"description":"Renovaci\u00f3n de autoridades en el Autom\u00f3vil Club Argentino (ACA): Presentaci\u00f3n de la nueva comisi\u00f3n directiva.","breadcrumb":{"@id":"https:\/\/autofans.com.ar\/index.php\/2024\/05\/09\/presentacion-de-la-nueva-comision-directiva-del-aca\/#breadcrumb"},"inLanguage":"es","potentialAction":[{"@type":"ReadAction","target":["https:\/\/autofans.com.ar\/index.php\/2024\/05\/09\/presentacion-de-la-nueva-comision-directiva-del-aca\/"]}]},{"@type":"ImageObject","inLanguage":"es","@id":"https:\/\/autofans.com.ar\/index.php\/2024\/05\/09\/presentacion-de-la-nueva-comision-directiva-del-aca\/#primaryimage","url":"https:\/\/autofans.com.ar\/wp-content\/uploads\/2024\/05\/aca-1.jpg","contentUrl":"https:\/\/autofans.com.ar\/wp-content\/uploads\/2024\/05\/aca-1.jpg","width":1000,"height":667,"caption":"aca"},{"@type":"BreadcrumbList","@id":"https:\/\/autofans.com.ar\/index.php\/2024\/05\/09\/presentacion-de-la-nueva-comision-directiva-del-aca\/#breadcrumb","itemListElement":[{"@type":"ListItem","position":1,"name":"Inicio","item":"https:\/\/autofans.com.ar\/"},{"@type":"ListItem","position":2,"name":"Presentaci\u00f3n de la nueva comisi\u00f3n directiva del ACA"}]},{"@type":"WebSite","@id":"https:\/\/autofans.com.ar\/#website","url":"https:\/\/autofans.com.ar\/","name":"","description":"El multimedio referente de la industria automotriz","potentialAction":[{"@type":"SearchAction","target":{"@type":"EntryPoint","urlTemplate":"https:\/\/autofans.com.ar\/?s={search_term_string}"},"query-input":{"@type":"PropertyValueSpecification","valueRequired":true,"valueName":"search_term_string"}}],"inLanguage":"es"},{"@type":"Person","@id":"https:\/\/autofans.com.ar\/#\/schema\/person\/4a8dda0b6df83ac3d6723e921274c2aa","name":"Alejandro Gabriel Rosito","image":{"@type":"ImageObject","inLanguage":"es","@id":"https:\/\/secure.gravatar.com\/avatar\/16c5dda1489adfc62618084dcbb91cffd879c374b13fe5dd8e44ed6733852c88?s=96&d=mm&r=g","url":"https:\/\/secure.gravatar.com\/avatar\/16c5dda1489adfc62618084dcbb91cffd879c374b13fe5dd8e44ed6733852c88?s=96&d=mm&r=g","contentUrl":"https:\/\/secure.gravatar.com\/avatar\/16c5dda1489adfc62618084dcbb91cffd879c374b13fe5dd8e44ed6733852c88?s=96&d=mm&r=g","caption":"Alejandro Gabriel Rosito"},"url":"https:\/\/autofans.com.ar\/index.php\/author\/gabrielr\/"}]}},"featured_image_urls":{"full":["https:\/\/autofans.com.ar\/wp-content\/uploads\/2024\/05\/aca-1.jpg",1000,667,false],"thumbnail":["https:\/\/autofans.com.ar\/wp-content\/uploads\/2024\/05\/aca-1-150x150.jpg",150,150,true],"medium":["https:\/\/autofans.com.ar\/wp-content\/uploads\/2024\/05\/aca-1-300x200.jpg",300,200,true],"medium_large":["https:\/\/autofans.com.ar\/wp-content\/uploads\/2024\/05\/aca-1-768x512.jpg",640,427,true],"large":["https:\/\/autofans.com.ar\/wp-content\/uploads\/2024\/05\/aca-1.jpg",640,427,false],"1536x1536":["https:\/\/autofans.com.ar\/wp-content\/uploads\/2024\/05\/aca-1.jpg",1000,667,false],"2048x2048":["https:\/\/autofans.com.ar\/wp-content\/uploads\/2024\/05\/aca-1.jpg",1000,667,false],"covernews-featured":["https:\/\/autofans.com.ar\/wp-content\/uploads\/2024\/05\/aca-1.jpg",1000,667,false],"covernews-medium":["https:\/\/autofans.com.ar\/wp-content\/uploads\/2024\/05\/aca-1-540x340.jpg",540,340,true]},"author_info":{"display_name":"Alejandro Gabriel Rosito","author_link":"https:\/\/autofans.com.ar\/index.php\/author\/gabrielr\/"},"category_info":"<a href=\"https:\/\/autofans.com.ar\/index.php\/category\/noticias\/empresas\/\" rel=\"category tag\">EMPRESAS<\/a> <a href=\"https:\/\/autofans.com.ar\/index.php\/category\/lanzamientos\/\" rel=\"category tag\">LANZAMIENTOS<\/a> <a href=\"https:\/\/autofans.com.ar\/index.php\/category\/noticias\/\" rel=\"category tag\">NOTICIAS<\/a>","tag_info":"NOTICIAS","comment_count":0,"_links":{"self":[{"href":"https:\/\/autofans.com.ar\/index.php\/wp-json\/wp\/v2\/posts\/7618","targetHints":{"allow":["GET"]}}],"collection":[{"href":"https:\/\/autofans.com.ar\/index.php\/wp-json\/wp\/v2\/posts"}],"about":[{"href":"https:\/\/autofans.com.ar\/index.php\/wp-json\/wp\/v2\/types\/post"}],"author":[{"embeddable":true,"href":"https:\/\/autofans.com.ar\/index.php\/wp-json\/wp\/v2\/users\/2"}],"replies":[{"embeddable":true,"href":"https:\/\/autofans.com.ar\/index.php\/wp-json\/wp\/v2\/comments?post=7618"}],"version-history":[{"count":2,"href":"https:\/\/autofans.com.ar\/index.php\/wp-json\/wp\/v2\/posts\/7618\/revisions"}],"predecessor-version":[{"id":7623,"href":"https:\/\/autofans.com.ar\/index.php\/wp-json\/wp\/v2\/posts\/7618\/revisions\/7623"}],"wp:featuredmedia":[{"embeddable":true,"href":"https:\/\/autofans.com.ar\/index.php\/wp-json\/wp\/v2\/media\/7621"}],"wp:attachment":[{"href":"https:\/\/autofans.com.ar\/index.php\/wp-json\/wp\/v2\/media?parent=7618"}],"wp:term":[{"taxonomy":"category","embeddable":true,"href":"https:\/\/autofans.com.ar\/index.php\/wp-json\/wp\/v2\/categories?post=7618"},{"taxonomy":"post_tag","embeddable":true,"href":"https:\/\/autofans.com.ar\/index.php\/wp-json\/wp\/v2\/tags?post=7618"}],"curies":[{"name":"wp","href":"https:\/\/api.w.org\/{rel}","templated":true}]}}