{"id":765,"date":"2023-03-14T15:09:29","date_gmt":"2023-03-14T18:09:29","guid":{"rendered":"https:\/\/autofans.com.ar\/?p=765"},"modified":"2023-03-14T15:09:29","modified_gmt":"2023-03-14T18:09:29","slug":"renault-argentina-celebra-su-68-aniversario","status":"publish","type":"post","link":"https:\/\/autofans.com.ar\/index.php\/2023\/03\/14\/renault-argentina-celebra-su-68-aniversario\/","title":{"rendered":"Renault Argentina celebra su 68\u00b0 aniversario"},"content":{"rendered":"<p><a href=\"https:\/\/www.renault.com.ar\" target=\"_blank\" rel=\"noopener\">Renault Argentina<\/a> celebra el 68\u00b0 aniversario de su f\u00e1brica Santa Isabel, ubicada en la provincia de C\u00f3rdoba. Se ha convertido en un \u00edcono de la industria automotriz local y en un modelo de producci\u00f3n no solo en Argentina sino en toda la regi\u00f3n. Desde su asociaci\u00f3n con Industrias Kaiser Argentina en 1959, la f\u00e1brica ha producido m\u00e1s de 3,2 millones de veh\u00edculos de 34 modelos diferentes.<\/p>\n<p>&nbsp;<\/p>\n<div id='gallery-1' class='gallery galleryid-765 gallery-columns-3 gallery-size-medium'><figure class='gallery-item'>\n\t\t\t<div class='gallery-icon landscape'>\n\t\t\t\t<a href='https:\/\/autofans.com.ar\/index.php\/2023\/03\/14\/renault-argentina-celebra-su-68-aniversario\/santa-isabel\/'><img loading=\"lazy\" width=\"300\" height=\"200\" src=\"https:\/\/autofans.com.ar\/wp-content\/uploads\/2023\/03\/Santa-Isabel-300x200.webp\" class=\"attachment-medium size-medium\" alt=\"Renault\" srcset=\"https:\/\/autofans.com.ar\/wp-content\/uploads\/2023\/03\/Santa-Isabel-300x200.webp 300w, https:\/\/autofans.com.ar\/wp-content\/uploads\/2023\/03\/Santa-Isabel-768x512.webp 768w, https:\/\/autofans.com.ar\/wp-content\/uploads\/2023\/03\/Santa-Isabel-jpg.webp 1000w\" sizes=\"auto, (max-width: 300px) 100vw, 300px\" loading=\"lazy\" decoding=\"async\" \/><\/a>\n\t\t\t<\/div><\/figure><figure class='gallery-item'>\n\t\t\t<div class='gallery-icon landscape'>\n\t\t\t\t<a href='https:\/\/autofans.com.ar\/index.php\/2023\/03\/14\/renault-argentina-celebra-su-68-aniversario\/renault-4\/'><img loading=\"lazy\" width=\"300\" height=\"200\" src=\"https:\/\/autofans.com.ar\/wp-content\/uploads\/2023\/03\/renault-4-300x200.webp\" class=\"attachment-medium size-medium\" alt=\"renault\" srcset=\"https:\/\/autofans.com.ar\/wp-content\/uploads\/2023\/03\/renault-4-300x200.webp 300w, https:\/\/autofans.com.ar\/wp-content\/uploads\/2023\/03\/renault-4-768x512.webp 768w, https:\/\/autofans.com.ar\/wp-content\/uploads\/2023\/03\/renault-4-jpg.webp 1000w\" sizes=\"auto, (max-width: 300px) 100vw, 300px\" loading=\"lazy\" decoding=\"async\" \/><\/a>\n\t\t\t<\/div><\/figure><figure class='gallery-item'>\n\t\t\t<div class='gallery-icon landscape'>\n\t\t\t\t<a href='https:\/\/autofans.com.ar\/index.php\/2023\/03\/14\/renault-argentina-celebra-su-68-aniversario\/renault-12\/'><img loading=\"lazy\" width=\"300\" height=\"200\" src=\"https:\/\/autofans.com.ar\/wp-content\/uploads\/2023\/03\/renault-12-300x200.webp\" class=\"attachment-medium size-medium\" alt=\"renault\" srcset=\"https:\/\/autofans.com.ar\/wp-content\/uploads\/2023\/03\/renault-12-300x200.webp 300w, https:\/\/autofans.com.ar\/wp-content\/uploads\/2023\/03\/renault-12-768x512.webp 768w, https:\/\/autofans.com.ar\/wp-content\/uploads\/2023\/03\/renault-12-jpg.webp 1000w\" sizes=\"auto, (max-width: 300px) 100vw, 300px\" loading=\"lazy\" decoding=\"async\" \/><\/a>\n\t\t\t<\/div><\/figure><figure class='gallery-item'>\n\t\t\t<div class='gallery-icon landscape'>\n\t\t\t\t<a href='https:\/\/autofans.com.ar\/index.php\/2023\/03\/14\/renault-argentina-celebra-su-68-aniversario\/fuego\/'><img loading=\"lazy\" width=\"300\" height=\"200\" src=\"https:\/\/autofans.com.ar\/wp-content\/uploads\/2023\/03\/fuego-300x200.webp\" class=\"attachment-medium size-medium\" alt=\"renault\" srcset=\"https:\/\/autofans.com.ar\/wp-content\/uploads\/2023\/03\/fuego-300x200.webp 300w, https:\/\/autofans.com.ar\/wp-content\/uploads\/2023\/03\/fuego-768x512.webp 768w, https:\/\/autofans.com.ar\/wp-content\/uploads\/2023\/03\/fuego-jpg.webp 1000w\" sizes=\"auto, (max-width: 300px) 100vw, 300px\" loading=\"lazy\" decoding=\"async\" \/><\/a>\n\t\t\t<\/div><\/figure><figure class='gallery-item'>\n\t\t\t<div class='gallery-icon landscape'>\n\t\t\t\t<a href='https:\/\/autofans.com.ar\/index.php\/2023\/03\/14\/renault-argentina-celebra-su-68-aniversario\/kangoo\/'><img loading=\"lazy\" width=\"300\" height=\"200\" src=\"https:\/\/autofans.com.ar\/wp-content\/uploads\/2023\/03\/kangoo-300x200.webp\" class=\"attachment-medium size-medium\" alt=\"renault\" srcset=\"https:\/\/autofans.com.ar\/wp-content\/uploads\/2023\/03\/kangoo-300x200.webp 300w, https:\/\/autofans.com.ar\/wp-content\/uploads\/2023\/03\/kangoo-768x512.webp 768w, https:\/\/autofans.com.ar\/wp-content\/uploads\/2023\/03\/kangoo-jpg.webp 1000w\" sizes=\"auto, (max-width: 300px) 100vw, 300px\" loading=\"lazy\" decoding=\"async\" \/><\/a>\n\t\t\t<\/div><\/figure><figure class='gallery-item'>\n\t\t\t<div class='gallery-icon landscape'>\n\t\t\t\t<a href='https:\/\/autofans.com.ar\/index.php\/2023\/03\/14\/renault-argentina-celebra-su-68-aniversario\/clio\/'><img loading=\"lazy\" width=\"300\" height=\"200\" src=\"https:\/\/autofans.com.ar\/wp-content\/uploads\/2023\/03\/clio-300x200.webp\" class=\"attachment-medium size-medium\" alt=\"renault\" srcset=\"https:\/\/autofans.com.ar\/wp-content\/uploads\/2023\/03\/clio-300x200.webp 300w, https:\/\/autofans.com.ar\/wp-content\/uploads\/2023\/03\/clio-768x512.webp 768w, https:\/\/autofans.com.ar\/wp-content\/uploads\/2023\/03\/clio-jpg.webp 1000w\" sizes=\"auto, (max-width: 300px) 100vw, 300px\" loading=\"lazy\" decoding=\"async\" \/><\/a>\n\t\t\t<\/div><\/figure>\n\t\t<\/div>\n\n<p>Muchos de los modelos se han convertido en \u00edconos nacionales como el Renault 4, Renault 12, Renault Clio, Renault Kangoo y la Fuego. En la actualidad, se producen alrededor de 438 veh\u00edculos por d\u00eda de seis modelos de la marca: Renault Sandero, Renault Stepway, Renault Logan, Renault Kangoo en sus versiones pasajero y furg\u00f3n y Renault Alaskan.<\/p>\n<blockquote>\n<p style=\"text-align: center;\">Para el presidente y CEO de Renault Argentina, Pablo Sibilla, \u00abHoy celebramos con mucho orgullo un nuevo aniversario de nuestra querida F\u00e1brica Santa Isabel, un verdadero \u00edcono de la industria automotriz local que se ha convertido en un modelo de producci\u00f3n no solo en nuestro pa\u00eds, sino tambi\u00e9n en toda la regi\u00f3n. Reflejo del trabajo de nuestra planta, en 2022 aport\u00f3 al mercado local la mayor cantidad de veh\u00edculos de producci\u00f3n nacional, convirtiendo a Renault Argentina en la marca N\u00b01 en ventas de veh\u00edculos nacionales\u00bb.<\/p>\n<\/blockquote>\n<p>Gracias a la incorporaci\u00f3n de \u00faltima tecnolog\u00eda, la f\u00e1brica se ha equiparado con las mejores plantas de la Alianza Renault-Nissan-Mitsubishi de todo el mundo. En cuanto a los \u00faltimos a\u00f1os, se han incorporado m\u00e1s de 120 robots, carros guiados de manera automatizada. Como tambi\u00e9n tablets en los puestos de trabajo de los operadores, formaciones con realidad virtual e impresoras 3D. En la actualidad.<\/p>\n<p>&nbsp;<\/p>\n<p><img fetchpriority=\"high\" decoding=\"async\" class=\"aligncenter wp-image-766 size-full\" src=\"https:\/\/autofans.com.ar\/wp-content\/uploads\/2023\/03\/Santa-Isabel-1-jpg.webp\" alt=\"Renault 68\u00ba\" width=\"1000\" height=\"667\" srcset=\"https:\/\/autofans.com.ar\/wp-content\/uploads\/2023\/03\/Santa-Isabel-1-jpg.webp 1000w, https:\/\/autofans.com.ar\/wp-content\/uploads\/2023\/03\/Santa-Isabel-1-300x200.webp 300w, https:\/\/autofans.com.ar\/wp-content\/uploads\/2023\/03\/Santa-Isabel-1-768x512.webp 768w\" sizes=\"(max-width: 1000px) 100vw, 1000px\" \/><\/p>\n<p>El aniversario de la f\u00e1brica Santa Isabel es una muestra m\u00e1s del compromiso de Renault con Argentina y su importancia en la producci\u00f3n de veh\u00edculos en la regi\u00f3n. Con modelos emblem\u00e1ticos y una amplia gama de veh\u00edculos de producci\u00f3n nacional.<\/p>\n<p>&nbsp;<\/p>\n<p><i>Para enterarte de m\u00e1s novedades, no dejes de leer\u00a0<\/i><a href=\"https:\/\/autofans.thebrandsoup.com\/\"><i>nuestras notas<\/i><\/a><i>, de ver<\/i><b><i>\u00a0<\/i><\/b><a href=\"https:\/\/www.youtube.com\/channel\/UCgAC8UGHZYbT6P7PpmVnP7g\"><b><i>AUTOFANS TV<\/i><\/b><\/a><b><i>\u00a0<\/i><\/b><i>en nuestro\u00a0canal de Youtube. Adem\u00e1s seguinos en\u00a0<\/i><a href=\"https:\/\/www.instagram.com\/autofanstv\/\"><i>INSTAGRAM<\/i><\/a><i> y <\/i><a href=\"https:\/\/www.facebook.com\/autofansmas\/\"><i>FACEBOOK<\/i><\/a><i> para no perderte nada sobre las novedades del segmento automotor de Argentina y el mundo.<\/i><\/p>\n","protected":false},"excerpt":{"rendered":"<p>Renault Argentina celebra el 68\u00b0 aniversario de su f\u00e1brica Santa Isabel, ubicada en la provincia&#8230;<\/p>\n","protected":false},"author":2,"featured_media":769,"comment_status":"closed","ping_status":"closed","sticky":false,"template":"","format":"standard","meta":{"footnotes":""},"categories":[292,16],"tags":[213,211,327,38,331,65,340,326,329,328,323,333,332,339,324,334,335,338,336,337,330,325],"class_list":["post-765","post","type-post","status-publish","format-standard","has-post-thumbnail","hentry","category-empresas","category-noticias","tag-innovacion","tag-tecnologia","tag-68aniversario","tag-argentina","tag-automatizacion","tag-cordoba","tag-fabricacion","tag-fabricasantaisabel","tag-industriaautomotriz","tag-produccionnacional","tag-renault","tag-renault12","tag-renault4","tag-renaultalaskan","tag-renaultargentina","tag-renaultclio","tag-renaultkangoo","tag-renaultlogan","tag-renaultsandero","tag-renaultstepway","tag-robots","tag-santaisabel"],"yoast_head":"<!-- This site is optimized with the Yoast SEO plugin v27.5 - https:\/\/yoast.com\/product\/yoast-seo-wordpress\/ -->\n<title>Renault Argentina celebra su 68\u00b0 aniversario -<\/title>\n<meta name=\"description\" content=\"Renault Argentina celebra el 68\u00b0 aniversario de su f\u00e1brica Santa Isabel, ubicada en la provincia de C\u00f3rdoba...\" \/>\n<meta name=\"robots\" content=\"index, follow, max-snippet:-1, max-image-preview:large, max-video-preview:-1\" \/>\n<link rel=\"canonical\" href=\"https:\/\/autofans.com.ar\/index.php\/2023\/03\/14\/renault-argentina-celebra-su-68-aniversario\/\" \/>\n<meta property=\"og:locale\" content=\"es_ES\" \/>\n<meta property=\"og:type\" content=\"article\" \/>\n<meta property=\"og:title\" content=\"Renault Argentina celebra su 68\u00b0 aniversario -\" \/>\n<meta property=\"og:description\" content=\"Renault Argentina celebra el 68\u00b0 aniversario de su f\u00e1brica Santa Isabel, ubicada en la provincia de C\u00f3rdoba...\" \/>\n<meta property=\"og:url\" content=\"https:\/\/autofans.com.ar\/index.php\/2023\/03\/14\/renault-argentina-celebra-su-68-aniversario\/\" \/>\n<meta property=\"article:published_time\" content=\"2023-03-14T18:09:29+00:00\" \/>\n<meta property=\"og:image\" content=\"https:\/\/autofans.com.ar\/wp-content\/uploads\/2023\/03\/electrico-jpg.webp\" \/>\n\t<meta property=\"og:image:width\" content=\"1000\" \/>\n\t<meta property=\"og:image:height\" content=\"667\" \/>\n\t<meta property=\"og:image:type\" content=\"image\/jpeg\" \/>\n<meta name=\"author\" content=\"Alejandro Gabriel Rosito\" \/>\n<meta name=\"twitter:card\" content=\"summary_large_image\" \/>\n<meta name=\"twitter:label1\" content=\"Escrito por\" \/>\n\t<meta name=\"twitter:data1\" content=\"Alejandro Gabriel Rosito\" \/>\n\t<meta name=\"twitter:label2\" content=\"Tiempo de lectura\" \/>\n\t<meta name=\"twitter:data2\" content=\"2 minutos\" \/>\n<script type=\"application\/ld+json\" class=\"yoast-schema-graph\">{\"@context\":\"https:\\\/\\\/schema.org\",\"@graph\":[{\"@type\":\"Article\",\"@id\":\"https:\\\/\\\/autofans.com.ar\\\/index.php\\\/2023\\\/03\\\/14\\\/renault-argentina-celebra-su-68-aniversario\\\/#article\",\"isPartOf\":{\"@id\":\"https:\\\/\\\/autofans.com.ar\\\/index.php\\\/2023\\\/03\\\/14\\\/renault-argentina-celebra-su-68-aniversario\\\/\"},\"author\":{\"name\":\"Alejandro Gabriel Rosito\",\"@id\":\"https:\\\/\\\/autofans.com.ar\\\/#\\\/schema\\\/person\\\/4a8dda0b6df83ac3d6723e921274c2aa\"},\"headline\":\"Renault Argentina celebra su 68\u00b0 aniversario\",\"datePublished\":\"2023-03-14T18:09:29+00:00\",\"mainEntityOfPage\":{\"@id\":\"https:\\\/\\\/autofans.com.ar\\\/index.php\\\/2023\\\/03\\\/14\\\/renault-argentina-celebra-su-68-aniversario\\\/\"},\"wordCount\":390,\"image\":{\"@id\":\"https:\\\/\\\/autofans.com.ar\\\/index.php\\\/2023\\\/03\\\/14\\\/renault-argentina-celebra-su-68-aniversario\\\/#primaryimage\"},\"thumbnailUrl\":\"https:\\\/\\\/autofans.com.ar\\\/wp-content\\\/uploads\\\/2023\\\/03\\\/electrico-jpg.webp\",\"keywords\":[\"#innovaci\u00f3n\",\"#tecnolog\u00eda\",\"68aniversario\",\"Argentina\",\"Automatizaci\u00f3n\",\"Cordoba\",\"Fabricaci\u00f3n\",\"F\u00e1bricaSantaIsabel\",\"IndustriaAutomotriz\",\"producci\u00f3nnacional\",\"Renault\",\"Renault12\",\"Renault4\",\"RenaultAlaskan\",\"RenaultArgentina\",\"RenaultClio\",\"RenaultKangoo\",\"RenaultLogan\",\"RenaultSandero\",\"RenaultStepway\",\"Robots\",\"SantaIsabel\"],\"articleSection\":[\"EMPRESAS\",\"NOTICIAS\"],\"inLanguage\":\"es\"},{\"@type\":\"WebPage\",\"@id\":\"https:\\\/\\\/autofans.com.ar\\\/index.php\\\/2023\\\/03\\\/14\\\/renault-argentina-celebra-su-68-aniversario\\\/\",\"url\":\"https:\\\/\\\/autofans.com.ar\\\/index.php\\\/2023\\\/03\\\/14\\\/renault-argentina-celebra-su-68-aniversario\\\/\",\"name\":\"Renault Argentina celebra su 68\u00b0 aniversario -\",\"isPartOf\":{\"@id\":\"https:\\\/\\\/autofans.com.ar\\\/#website\"},\"primaryImageOfPage\":{\"@id\":\"https:\\\/\\\/autofans.com.ar\\\/index.php\\\/2023\\\/03\\\/14\\\/renault-argentina-celebra-su-68-aniversario\\\/#primaryimage\"},\"image\":{\"@id\":\"https:\\\/\\\/autofans.com.ar\\\/index.php\\\/2023\\\/03\\\/14\\\/renault-argentina-celebra-su-68-aniversario\\\/#primaryimage\"},\"thumbnailUrl\":\"https:\\\/\\\/autofans.com.ar\\\/wp-content\\\/uploads\\\/2023\\\/03\\\/electrico-jpg.webp\",\"datePublished\":\"2023-03-14T18:09:29+00:00\",\"author\":{\"@id\":\"https:\\\/\\\/autofans.com.ar\\\/#\\\/schema\\\/person\\\/4a8dda0b6df83ac3d6723e921274c2aa\"},\"description\":\"Renault Argentina celebra el 68\u00b0 aniversario de su f\u00e1brica Santa Isabel, ubicada en la provincia de C\u00f3rdoba...\",\"breadcrumb\":{\"@id\":\"https:\\\/\\\/autofans.com.ar\\\/index.php\\\/2023\\\/03\\\/14\\\/renault-argentina-celebra-su-68-aniversario\\\/#breadcrumb\"},\"inLanguage\":\"es\",\"potentialAction\":[{\"@type\":\"ReadAction\",\"target\":[\"https:\\\/\\\/autofans.com.ar\\\/index.php\\\/2023\\\/03\\\/14\\\/renault-argentina-celebra-su-68-aniversario\\\/\"]}]},{\"@type\":\"ImageObject\",\"inLanguage\":\"es\",\"@id\":\"https:\\\/\\\/autofans.com.ar\\\/index.php\\\/2023\\\/03\\\/14\\\/renault-argentina-celebra-su-68-aniversario\\\/#primaryimage\",\"url\":\"https:\\\/\\\/autofans.com.ar\\\/wp-content\\\/uploads\\\/2023\\\/03\\\/electrico-jpg.webp\",\"contentUrl\":\"https:\\\/\\\/autofans.com.ar\\\/wp-content\\\/uploads\\\/2023\\\/03\\\/electrico-jpg.webp\",\"width\":1000,\"height\":667,\"caption\":\"Renault 68\u00ba\"},{\"@type\":\"BreadcrumbList\",\"@id\":\"https:\\\/\\\/autofans.com.ar\\\/index.php\\\/2023\\\/03\\\/14\\\/renault-argentina-celebra-su-68-aniversario\\\/#breadcrumb\",\"itemListElement\":[{\"@type\":\"ListItem\",\"position\":1,\"name\":\"Inicio\",\"item\":\"https:\\\/\\\/autofans.com.ar\\\/\"},{\"@type\":\"ListItem\",\"position\":2,\"name\":\"Renault Argentina celebra su 68\u00b0 aniversario\"}]},{\"@type\":\"WebSite\",\"@id\":\"https:\\\/\\\/autofans.com.ar\\\/#website\",\"url\":\"https:\\\/\\\/autofans.com.ar\\\/\",\"name\":\"\",\"description\":\"El multimedio referente de la industria automotriz\",\"potentialAction\":[{\"@type\":\"SearchAction\",\"target\":{\"@type\":\"EntryPoint\",\"urlTemplate\":\"https:\\\/\\\/autofans.com.ar\\\/?s={search_term_string}\"},\"query-input\":{\"@type\":\"PropertyValueSpecification\",\"valueRequired\":true,\"valueName\":\"search_term_string\"}}],\"inLanguage\":\"es\"},{\"@type\":\"Person\",\"@id\":\"https:\\\/\\\/autofans.com.ar\\\/#\\\/schema\\\/person\\\/4a8dda0b6df83ac3d6723e921274c2aa\",\"name\":\"Alejandro Gabriel Rosito\",\"image\":{\"@type\":\"ImageObject\",\"inLanguage\":\"es\",\"@id\":\"https:\\\/\\\/secure.gravatar.com\\\/avatar\\\/16c5dda1489adfc62618084dcbb91cffd879c374b13fe5dd8e44ed6733852c88?s=96&d=mm&r=g\",\"url\":\"https:\\\/\\\/secure.gravatar.com\\\/avatar\\\/16c5dda1489adfc62618084dcbb91cffd879c374b13fe5dd8e44ed6733852c88?s=96&d=mm&r=g\",\"contentUrl\":\"https:\\\/\\\/secure.gravatar.com\\\/avatar\\\/16c5dda1489adfc62618084dcbb91cffd879c374b13fe5dd8e44ed6733852c88?s=96&d=mm&r=g\",\"caption\":\"Alejandro Gabriel Rosito\"},\"url\":\"https:\\\/\\\/autofans.com.ar\\\/index.php\\\/author\\\/gabrielr\\\/\"}]}<\/script>\n<!-- \/ Yoast SEO plugin. -->","yoast_head_json":{"title":"Renault Argentina celebra su 68\u00b0 aniversario -","description":"Renault Argentina celebra el 68\u00b0 aniversario de su f\u00e1brica Santa Isabel, ubicada en la provincia de C\u00f3rdoba...","robots":{"index":"index","follow":"follow","max-snippet":"max-snippet:-1","max-image-preview":"max-image-preview:large","max-video-preview":"max-video-preview:-1"},"canonical":"https:\/\/autofans.com.ar\/index.php\/2023\/03\/14\/renault-argentina-celebra-su-68-aniversario\/","og_locale":"es_ES","og_type":"article","og_title":"Renault Argentina celebra su 68\u00b0 aniversario -","og_description":"Renault Argentina celebra el 68\u00b0 aniversario de su f\u00e1brica Santa Isabel, ubicada en la provincia de C\u00f3rdoba...","og_url":"https:\/\/autofans.com.ar\/index.php\/2023\/03\/14\/renault-argentina-celebra-su-68-aniversario\/","article_published_time":"2023-03-14T18:09:29+00:00","og_image":[{"width":1000,"height":667,"url":"https:\/\/autofans.com.ar\/wp-content\/uploads\/2023\/03\/electrico-jpg.webp","type":"image\/jpeg"}],"author":"Alejandro Gabriel Rosito","twitter_card":"summary_large_image","twitter_misc":{"Escrito por":"Alejandro Gabriel Rosito","Tiempo de lectura":"2 minutos"},"schema":{"@context":"https:\/\/schema.org","@graph":[{"@type":"Article","@id":"https:\/\/autofans.com.ar\/index.php\/2023\/03\/14\/renault-argentina-celebra-su-68-aniversario\/#article","isPartOf":{"@id":"https:\/\/autofans.com.ar\/index.php\/2023\/03\/14\/renault-argentina-celebra-su-68-aniversario\/"},"author":{"name":"Alejandro Gabriel Rosito","@id":"https:\/\/autofans.com.ar\/#\/schema\/person\/4a8dda0b6df83ac3d6723e921274c2aa"},"headline":"Renault Argentina celebra su 68\u00b0 aniversario","datePublished":"2023-03-14T18:09:29+00:00","mainEntityOfPage":{"@id":"https:\/\/autofans.com.ar\/index.php\/2023\/03\/14\/renault-argentina-celebra-su-68-aniversario\/"},"wordCount":390,"image":{"@id":"https:\/\/autofans.com.ar\/index.php\/2023\/03\/14\/renault-argentina-celebra-su-68-aniversario\/#primaryimage"},"thumbnailUrl":"https:\/\/autofans.com.ar\/wp-content\/uploads\/2023\/03\/electrico-jpg.webp","keywords":["#innovaci\u00f3n","#tecnolog\u00eda","68aniversario","Argentina","Automatizaci\u00f3n","Cordoba","Fabricaci\u00f3n","F\u00e1bricaSantaIsabel","IndustriaAutomotriz","producci\u00f3nnacional","Renault","Renault12","Renault4","RenaultAlaskan","RenaultArgentina","RenaultClio","RenaultKangoo","RenaultLogan","RenaultSandero","RenaultStepway","Robots","SantaIsabel"],"articleSection":["EMPRESAS","NOTICIAS"],"inLanguage":"es"},{"@type":"WebPage","@id":"https:\/\/autofans.com.ar\/index.php\/2023\/03\/14\/renault-argentina-celebra-su-68-aniversario\/","url":"https:\/\/autofans.com.ar\/index.php\/2023\/03\/14\/renault-argentina-celebra-su-68-aniversario\/","name":"Renault Argentina celebra su 68\u00b0 aniversario -","isPartOf":{"@id":"https:\/\/autofans.com.ar\/#website"},"primaryImageOfPage":{"@id":"https:\/\/autofans.com.ar\/index.php\/2023\/03\/14\/renault-argentina-celebra-su-68-aniversario\/#primaryimage"},"image":{"@id":"https:\/\/autofans.com.ar\/index.php\/2023\/03\/14\/renault-argentina-celebra-su-68-aniversario\/#primaryimage"},"thumbnailUrl":"https:\/\/autofans.com.ar\/wp-content\/uploads\/2023\/03\/electrico-jpg.webp","datePublished":"2023-03-14T18:09:29+00:00","author":{"@id":"https:\/\/autofans.com.ar\/#\/schema\/person\/4a8dda0b6df83ac3d6723e921274c2aa"},"description":"Renault Argentina celebra el 68\u00b0 aniversario de su f\u00e1brica Santa Isabel, ubicada en la provincia de C\u00f3rdoba...","breadcrumb":{"@id":"https:\/\/autofans.com.ar\/index.php\/2023\/03\/14\/renault-argentina-celebra-su-68-aniversario\/#breadcrumb"},"inLanguage":"es","potentialAction":[{"@type":"ReadAction","target":["https:\/\/autofans.com.ar\/index.php\/2023\/03\/14\/renault-argentina-celebra-su-68-aniversario\/"]}]},{"@type":"ImageObject","inLanguage":"es","@id":"https:\/\/autofans.com.ar\/index.php\/2023\/03\/14\/renault-argentina-celebra-su-68-aniversario\/#primaryimage","url":"https:\/\/autofans.com.ar\/wp-content\/uploads\/2023\/03\/electrico-jpg.webp","contentUrl":"https:\/\/autofans.com.ar\/wp-content\/uploads\/2023\/03\/electrico-jpg.webp","width":1000,"height":667,"caption":"Renault 68\u00ba"},{"@type":"BreadcrumbList","@id":"https:\/\/autofans.com.ar\/index.php\/2023\/03\/14\/renault-argentina-celebra-su-68-aniversario\/#breadcrumb","itemListElement":[{"@type":"ListItem","position":1,"name":"Inicio","item":"https:\/\/autofans.com.ar\/"},{"@type":"ListItem","position":2,"name":"Renault Argentina celebra su 68\u00b0 aniversario"}]},{"@type":"WebSite","@id":"https:\/\/autofans.com.ar\/#website","url":"https:\/\/autofans.com.ar\/","name":"","description":"El multimedio referente de la industria automotriz","potentialAction":[{"@type":"SearchAction","target":{"@type":"EntryPoint","urlTemplate":"https:\/\/autofans.com.ar\/?s={search_term_string}"},"query-input":{"@type":"PropertyValueSpecification","valueRequired":true,"valueName":"search_term_string"}}],"inLanguage":"es"},{"@type":"Person","@id":"https:\/\/autofans.com.ar\/#\/schema\/person\/4a8dda0b6df83ac3d6723e921274c2aa","name":"Alejandro Gabriel Rosito","image":{"@type":"ImageObject","inLanguage":"es","@id":"https:\/\/secure.gravatar.com\/avatar\/16c5dda1489adfc62618084dcbb91cffd879c374b13fe5dd8e44ed6733852c88?s=96&d=mm&r=g","url":"https:\/\/secure.gravatar.com\/avatar\/16c5dda1489adfc62618084dcbb91cffd879c374b13fe5dd8e44ed6733852c88?s=96&d=mm&r=g","contentUrl":"https:\/\/secure.gravatar.com\/avatar\/16c5dda1489adfc62618084dcbb91cffd879c374b13fe5dd8e44ed6733852c88?s=96&d=mm&r=g","caption":"Alejandro Gabriel Rosito"},"url":"https:\/\/autofans.com.ar\/index.php\/author\/gabrielr\/"}]}},"featured_image_urls":{"full":["https:\/\/autofans.com.ar\/wp-content\/uploads\/2023\/03\/electrico-jpg.webp",1000,667,false],"thumbnail":["https:\/\/autofans.com.ar\/wp-content\/uploads\/2023\/03\/electrico-150x150.webp",150,150,true],"medium":["https:\/\/autofans.com.ar\/wp-content\/uploads\/2023\/03\/electrico-300x200.webp",300,200,true],"medium_large":["https:\/\/autofans.com.ar\/wp-content\/uploads\/2023\/03\/electrico-768x512.webp",640,427,true],"large":["https:\/\/autofans.com.ar\/wp-content\/uploads\/2023\/03\/electrico-jpg.webp",640,427,false],"1536x1536":["https:\/\/autofans.com.ar\/wp-content\/uploads\/2023\/03\/electrico-jpg.webp",1000,667,false],"2048x2048":["https:\/\/autofans.com.ar\/wp-content\/uploads\/2023\/03\/electrico-jpg.webp",1000,667,false],"covernews-featured":["https:\/\/autofans.com.ar\/wp-content\/uploads\/2023\/03\/electrico-jpg.webp",1000,667,false],"covernews-medium":["https:\/\/autofans.com.ar\/wp-content\/uploads\/2023\/03\/electrico-540x340.webp",540,340,true]},"author_info":{"display_name":"Alejandro Gabriel Rosito","author_link":"https:\/\/autofans.com.ar\/index.php\/author\/gabrielr\/"},"category_info":"<a href=\"https:\/\/autofans.com.ar\/index.php\/category\/noticias\/empresas\/\" rel=\"category tag\">EMPRESAS<\/a> <a href=\"https:\/\/autofans.com.ar\/index.php\/category\/noticias\/\" rel=\"category tag\">NOTICIAS<\/a>","tag_info":"NOTICIAS","comment_count":0,"_links":{"self":[{"href":"https:\/\/autofans.com.ar\/index.php\/wp-json\/wp\/v2\/posts\/765","targetHints":{"allow":["GET"]}}],"collection":[{"href":"https:\/\/autofans.com.ar\/index.php\/wp-json\/wp\/v2\/posts"}],"about":[{"href":"https:\/\/autofans.com.ar\/index.php\/wp-json\/wp\/v2\/types\/post"}],"author":[{"embeddable":true,"href":"https:\/\/autofans.com.ar\/index.php\/wp-json\/wp\/v2\/users\/2"}],"replies":[{"embeddable":true,"href":"https:\/\/autofans.com.ar\/index.php\/wp-json\/wp\/v2\/comments?post=765"}],"version-history":[{"count":14,"href":"https:\/\/autofans.com.ar\/index.php\/wp-json\/wp\/v2\/posts\/765\/revisions"}],"predecessor-version":[{"id":792,"href":"https:\/\/autofans.com.ar\/index.php\/wp-json\/wp\/v2\/posts\/765\/revisions\/792"}],"wp:featuredmedia":[{"embeddable":true,"href":"https:\/\/autofans.com.ar\/index.php\/wp-json\/wp\/v2\/media\/769"}],"wp:attachment":[{"href":"https:\/\/autofans.com.ar\/index.php\/wp-json\/wp\/v2\/media?parent=765"}],"wp:term":[{"taxonomy":"category","embeddable":true,"href":"https:\/\/autofans.com.ar\/index.php\/wp-json\/wp\/v2\/categories?post=765"},{"taxonomy":"post_tag","embeddable":true,"href":"https:\/\/autofans.com.ar\/index.php\/wp-json\/wp\/v2\/tags?post=765"}],"curies":[{"name":"wp","href":"https:\/\/api.w.org\/{rel}","templated":true}]}}