{"id":7679,"date":"2024-05-14T15:18:07","date_gmt":"2024-05-14T18:18:07","guid":{"rendered":"https:\/\/autofans.com.ar\/?p=7679"},"modified":"2024-05-14T15:18:07","modified_gmt":"2024-05-14T18:18:07","slug":"ducati-arrasa-en-el-gran-premio-de-francia","status":"publish","type":"post","link":"https:\/\/autofans.com.ar\/index.php\/2024\/05\/14\/ducati-arrasa-en-el-gran-premio-de-francia\/","title":{"rendered":"Ducati arrasa en el Gran Premio de Francia"},"content":{"rendered":"<p>Los l\u00edderes provisionales en la tabla de posiciones impusieron sus condiciones en la primera jornada para el Gran Premio de Francia. Jorge Mart\u00edn (Pramac Racing) fue el m\u00e1s r\u00e1pido con nuevo r\u00e9cord y muy cerca qued\u00f3 como escolta \u2018Pecco\u2019 Bagnaia (Ducati Lenovo Team).<\/p>\n<p>Cinco unidades Desmosedici GP ya aseguraron su pase para la Q2 clasificatoria. En tanto que Enea Bastianini (Lenovo Team) y los hermanos Alex y Marc M\u00e1rquez (Gresini Racing) deber\u00e1n pasar por el corte de la Q1 para tener chances de ir en b\u00fasqueda de la Pole Position.<\/p>\n<h3><\/h3>\n<p>&nbsp;<\/p>\n<figure id=\"attachment_7681\" aria-describedby=\"caption-attachment-7681\" style=\"width: 1000px\" class=\"wp-caption aligncenter\"><img fetchpriority=\"high\" decoding=\"async\" class=\"wp-image-7681 size-full\" src=\"https:\/\/autofans.com.ar\/wp-content\/uploads\/2024\/05\/martin.jpg\" alt=\"Ducati\" width=\"1000\" height=\"667\" srcset=\"https:\/\/autofans.com.ar\/wp-content\/uploads\/2024\/05\/martin.jpg 1000w, https:\/\/autofans.com.ar\/wp-content\/uploads\/2024\/05\/martin-300x200.jpg 300w, https:\/\/autofans.com.ar\/wp-content\/uploads\/2024\/05\/martin-768x512.jpg 768w\" sizes=\"(max-width: 1000px) 100vw, 1000px\" \/><figcaption id=\"caption-attachment-7681\" class=\"wp-caption-text\">Jorge Mart\u00edn<\/figcaption><\/figure>\n<p>&nbsp;<\/p>\n<blockquote>\n<p style=\"text-align: center;\">Jorge Mart\u00edn (#89 Prima Pramac Racing) \u2013 01:30,388 &gt; P1<\/p>\n<p style=\"text-align: center;\">\u201cNo recuerdo un viernes en que fu\u00e9ramos los m\u00e1s r\u00e1pidos tanto a la ma\u00f1ana como a la tarde. En la \u00faltima sesi\u00f3n est\u00e1bamos complicados y con tendencia a perder el rumbo, pero tomamos datos de los \u2018set-ups\u2019 de Bagnaia y M\u00e1rquez y la moto dio un gran salto\u201d.<\/p>\n<\/blockquote>\n<p>&nbsp;<\/p>\n<h2>Ducati lidera en el FrenchGP<\/h2>\n<p>La quinta cita de la temporada 2024 de MotoGP se est\u00e1 desarrollando en Francia, sobre el hist\u00f3rico circuito de Le Mans, situado en la regi\u00f3n de la Sarthe.<\/p>\n<p>Ducati ha prevalecido en las \u00faltimas cuatro ediciones del Gran Premio de Francia. En 2020 con Danilo Petrucci, en 2021 con Jack Miller, en 2022 con Enea Bastianini y en 2023 con Marco Bezzecchi. Precisamente, dos de los pilotos que hoy representan a Ducati, que lideran provisionalmente la tabla de posiciones del campeonato, y que nunca se impusieron en el trazado de 4.185 metros de extensi\u00f3n, fueron quienes se quedaron con los mejores tiempos de la jornada del viernes, ambos superando el r\u00e9cord vigente desde 2022.<\/p>\n<p>El m\u00e1s r\u00e1pido en las pruebas de esta jornada, tanto a la ma\u00f1ana como a la tarde, fue Jorge Mart\u00edn, quien a bordo de la Desmosedici GP del Pramac Racing Team estableci\u00f3 en el \u00faltimo turno un registro de 1:30,388 que es nuevo r\u00e9cord absoluto para Le Mans.<\/p>\n<p>Muy cerca de \u00e9l, a apenas 145 mil\u00e9simas, qued\u00f3 el dos veces Campe\u00f3n del Mundo Francesco Bagnaia (con la unidad del Ducati Lenovo Team). \u2018Pecco\u2019, que tambi\u00e9n escolta al espa\u00f1ol en la provisional del torneo, realiz\u00f3 un trabajo met\u00f3dico en su m\u00e1quina, poniendo todo a punto para las carreras y reci\u00e9n sobre el final fue por su \u2018time attack\u2019.<\/p>\n<p>&nbsp;<\/p>\n<p>&nbsp;<\/p>\n<figure id=\"attachment_7682\" aria-describedby=\"caption-attachment-7682\" style=\"width: 1000px\" class=\"wp-caption aligncenter\"><img decoding=\"async\" class=\"wp-image-7682 size-full\" src=\"https:\/\/autofans.com.ar\/wp-content\/uploads\/2024\/05\/bagnaia.jpg\" alt=\"Ducati\" width=\"1000\" height=\"667\" srcset=\"https:\/\/autofans.com.ar\/wp-content\/uploads\/2024\/05\/bagnaia.jpg 1000w, https:\/\/autofans.com.ar\/wp-content\/uploads\/2024\/05\/bagnaia-300x200.jpg 300w, https:\/\/autofans.com.ar\/wp-content\/uploads\/2024\/05\/bagnaia-768x512.jpg 768w\" sizes=\"(max-width: 1000px) 100vw, 1000px\" \/><figcaption id=\"caption-attachment-7682\" class=\"wp-caption-text\">Francesco Bagnaia<\/figcaption><\/figure>\n<p>&nbsp;<\/p>\n<blockquote>\n<p style=\"text-align: center;\">Francesco Bagnaia (#1 Ducati Lenovo Team) \u2013 01:30,533 &gt; P2<\/p>\n<p style=\"text-align: center;\">\u201cEs el segundo fin de semana consecutivo en que trabajamos bien desde el principio y r\u00e1pidamente. En Jerez encontramos una f\u00f3rmula que me permite llegar con m\u00e1s efectividad a algunas soluciones y con eso estamos ganando tiempo en el primer d\u00eda de actividad. Encontramos la moto por la ma\u00f1ana y a la tarde nos dedicamos a pulir algunos detalles\u201d.<\/p>\n<\/blockquote>\n<p>&nbsp;<\/p>\n<h2>Mart\u00edn y Bagnaia brillan en la clasificaci\u00f3n del #FrenchGP<\/h2>\n<p>Tanto Mart\u00edn como Bagnaia se aseguraron el pase directo a la Q2 clasificatoria del s\u00e1bado. Mientras que otros usuarios que tambi\u00e9n lo hicieron fueron: Fabio Di Giannantonio, quinto con la moto del Pertamina Enduro VR46 Racing Team; Franco Morbidelli, octavo con la segunda unidad del Prima Pramac Racing; y Marco Bezzecchi, d\u00e9cimo con otra de las Desmosedici GP23 del Pertamina Enduro VR46 Racing Team.<\/p>\n<p>&nbsp;<\/p>\n<figure id=\"attachment_7683\" aria-describedby=\"caption-attachment-7683\" style=\"width: 1000px\" class=\"wp-caption aligncenter\"><img decoding=\"async\" class=\"wp-image-7683 size-full\" src=\"https:\/\/autofans.com.ar\/wp-content\/uploads\/2024\/05\/digiannantonio.jpg\" alt=\"Ducati\" width=\"1000\" height=\"667\" srcset=\"https:\/\/autofans.com.ar\/wp-content\/uploads\/2024\/05\/digiannantonio.jpg 1000w, https:\/\/autofans.com.ar\/wp-content\/uploads\/2024\/05\/digiannantonio-300x200.jpg 300w, https:\/\/autofans.com.ar\/wp-content\/uploads\/2024\/05\/digiannantonio-768x512.jpg 768w\" sizes=\"(max-width: 1000px) 100vw, 1000px\" \/><figcaption id=\"caption-attachment-7683\" class=\"wp-caption-text\">Fabio Di Giannantonio<\/figcaption><\/figure>\n<p>&nbsp;<\/p>\n<p>Enea Bastianini (Ducati Lenovo Team), que hab\u00eda sido cuarto en el turno matutino, sufri\u00f3 una ca\u00edda en los instantes finales de la sesi\u00f3n definitoria, cuando intentaba mejorar sus registros, y qued\u00f3 und\u00e9cimo a tan solo 10 mil\u00e9simas del corte. Tambi\u00e9n deber\u00e1n pasar por la Q1 en horas de la ma\u00f1ana del s\u00e1bado, los hermanos M\u00e1rquez (ambos con sendas motos del Gresini Racing), ya que Marc sufri\u00f3 una ca\u00edda (y su segunda moto no estaba configurada de la misma manera que la que se da\u00f1\u00f3) y Alex vio interrumpida su mejor vuelta, al final de la tanda, a ra\u00edz de una bandera amarilla. La actividad del s\u00e1bado se iniciar\u00e1 a las 05:10 AM de Argentina con la FP2 para que los pilotos pongan definitivamente a punto sus motos para la clasificaci\u00f3n que se iniciar\u00e1 a 05:50 AM. M\u00e1s tarde. A partir de las 10:00 AM se llevar\u00e1 a cabo la Sprint Race correspondiente al GP de Francia, a desarrollarse sobre 13 vueltas.<\/p>\n<p>&nbsp;<\/p>\n<p>&nbsp;<\/p>\n<figure id=\"attachment_7680\" aria-describedby=\"caption-attachment-7680\" style=\"width: 1000px\" class=\"wp-caption aligncenter\"><img loading=\"lazy\" decoding=\"async\" class=\"wp-image-7680 size-full\" src=\"https:\/\/autofans.com.ar\/wp-content\/uploads\/2024\/05\/bastianini.jpg\" alt=\"Ducati\" width=\"1000\" height=\"667\" srcset=\"https:\/\/autofans.com.ar\/wp-content\/uploads\/2024\/05\/bastianini.jpg 1000w, https:\/\/autofans.com.ar\/wp-content\/uploads\/2024\/05\/bastianini-300x200.jpg 300w, https:\/\/autofans.com.ar\/wp-content\/uploads\/2024\/05\/bastianini-768x512.jpg 768w\" sizes=\"(max-width: 1000px) 100vw, 1000px\" \/><figcaption id=\"caption-attachment-7680\" class=\"wp-caption-text\">Enea Bastianini<\/figcaption><\/figure>\n<p>&nbsp;<\/p>\n<blockquote>\n<p style=\"text-align: center;\">Enea Bastianini (#23 Ducati Lenovo Team) \u2013 01:30,798 &gt; P11<\/p>\n<p style=\"text-align: center;\">\u201cEs una l\u00e1stima no haber quedado entre los diez primeros. En la vuelta para el \u2018time-attack\u2019 decid\u00ed poner un neum\u00e1tico delantero \u2018soft\u2019 porque con el compuesto intermedio no funcionaba como esper\u00e1bamos. Pero la ca\u00edda complic\u00f3 los planes. Igual tenemos un buen ritmo y debemos tratar de superar la Q1 dando el m\u00e1ximo de todo el conjunto\u201d.<\/p>\n<\/blockquote>\n<p>&nbsp;<\/p>\n<p>Para m\u00e1s informaci\u00f3n sobre la actividad de Ducati Argentina, puedes seguir su cuenta oficial de Instagram <a href=\"https:\/\/www.instagram.com\/ducatiargentina\/\" target=\"_blank\" rel=\"noopener\">@ducatiargentina<\/a>.<\/p>\n<p>&nbsp;<\/p>\n<p>&nbsp;<\/p>\n<p><i>Para enterarte de m\u00e1s novedades, no dejes de leer\u00a0<\/i><a href=\"https:\/\/autofans.thebrandsoup.com\/\"><i>nuestras notas<\/i><\/a><i>, de ver<\/i><b><i>\u00a0<\/i><\/b><a href=\"https:\/\/www.youtube.com\/channel\/UCgAC8UGHZYbT6P7PpmVnP7g\"><b><i>AUTOFANS TV<\/i><\/b><\/a><b><i>\u00a0<\/i><\/b><i>en nuestro\u00a0canal de Youtube. Adem\u00e1s seguinos en\u00a0<\/i><a href=\"https:\/\/www.instagram.com\/autofanstv\/\"><i>INSTAGRAM<\/i><\/a><i> y <\/i><a href=\"https:\/\/www.facebook.com\/autofansmas\/\"><i>FACEBOOK<\/i><\/a><i> para no perderte nada sobre las novedades del segmento automotor de Argentina y el mundo.<\/i><\/p>\n","protected":false},"excerpt":{"rendered":"<p>Los l\u00edderes provisionales en la tabla de posiciones impusieron sus condiciones en la primera jornada&#8230;<\/p>\n","protected":false},"author":2,"featured_media":7684,"comment_status":"closed","ping_status":"closed","sticky":false,"template":"","format":"standard","meta":{"footnotes":""},"categories":[127,16],"tags":[2982,4051,4050,4047,219,4049,348,343,4046,3823,2536,786,3825,342,4052,4048],"class_list":["post-7679","post","type-post","status-publish","format-standard","has-post-thumbnail","hentry","category-deporte","category-noticias","tag-alex-marquez","tag-carreras-de-moto","tag-clasificacion-motogp","tag-desmosedici","tag-ducati","tag-ducati-lenovo-team","tag-enea-bastianini","tag-francesco-bagnaia","tag-frenchgp","tag-gresini-racing","tag-jorge-martin","tag-le-mans","tag-marc-marquez","tag-motogp","tag-motogp-argentina","tag-pramac-racing"],"yoast_head":"<!-- This site is optimized with the Yoast SEO plugin v27.5 - https:\/\/yoast.com\/product\/yoast-seo-wordpress\/ -->\n<title>Ducati arrasa en el Gran Premio de Francia -<\/title>\n<meta name=\"description\" content=\"Los l\u00edderes provisionales en la tabla de posiciones impusieron sus condiciones en la primera jornada para el Gran Premio de Francia...\" \/>\n<meta name=\"robots\" content=\"index, follow, max-snippet:-1, max-image-preview:large, max-video-preview:-1\" \/>\n<link rel=\"canonical\" href=\"https:\/\/autofans.com.ar\/index.php\/2024\/05\/14\/ducati-arrasa-en-el-gran-premio-de-francia\/\" \/>\n<meta property=\"og:locale\" content=\"es_ES\" \/>\n<meta property=\"og:type\" content=\"article\" \/>\n<meta property=\"og:title\" content=\"Ducati arrasa en el Gran Premio de Francia -\" \/>\n<meta property=\"og:description\" content=\"Los l\u00edderes provisionales en la tabla de posiciones impusieron sus condiciones en la primera jornada para el Gran Premio de Francia...\" \/>\n<meta property=\"og:url\" content=\"https:\/\/autofans.com.ar\/index.php\/2024\/05\/14\/ducati-arrasa-en-el-gran-premio-de-francia\/\" \/>\n<meta property=\"article:published_time\" content=\"2024-05-14T18:18:07+00:00\" \/>\n<meta property=\"og:image\" content=\"https:\/\/autofans.com.ar\/wp-content\/uploads\/2024\/05\/ducati-1.jpg\" \/>\n\t<meta property=\"og:image:width\" content=\"640\" \/>\n\t<meta property=\"og:image:height\" content=\"427\" \/>\n\t<meta property=\"og:image:type\" content=\"image\/jpeg\" \/>\n<meta name=\"author\" content=\"Alejandro Gabriel Rosito\" \/>\n<meta name=\"twitter:card\" content=\"summary_large_image\" \/>\n<meta name=\"twitter:label1\" content=\"Escrito por\" \/>\n\t<meta name=\"twitter:data1\" content=\"Alejandro Gabriel Rosito\" \/>\n\t<meta name=\"twitter:label2\" content=\"Tiempo de lectura\" \/>\n\t<meta name=\"twitter:data2\" content=\"4 minutos\" \/>\n<script type=\"application\/ld+json\" class=\"yoast-schema-graph\">{\"@context\":\"https:\\\/\\\/schema.org\",\"@graph\":[{\"@type\":\"Article\",\"@id\":\"https:\\\/\\\/autofans.com.ar\\\/index.php\\\/2024\\\/05\\\/14\\\/ducati-arrasa-en-el-gran-premio-de-francia\\\/#article\",\"isPartOf\":{\"@id\":\"https:\\\/\\\/autofans.com.ar\\\/index.php\\\/2024\\\/05\\\/14\\\/ducati-arrasa-en-el-gran-premio-de-francia\\\/\"},\"author\":{\"name\":\"Alejandro Gabriel Rosito\",\"@id\":\"https:\\\/\\\/autofans.com.ar\\\/#\\\/schema\\\/person\\\/4a8dda0b6df83ac3d6723e921274c2aa\"},\"headline\":\"Ducati arrasa en el Gran Premio de Francia\",\"datePublished\":\"2024-05-14T18:18:07+00:00\",\"mainEntityOfPage\":{\"@id\":\"https:\\\/\\\/autofans.com.ar\\\/index.php\\\/2024\\\/05\\\/14\\\/ducati-arrasa-en-el-gran-premio-de-francia\\\/\"},\"wordCount\":906,\"image\":{\"@id\":\"https:\\\/\\\/autofans.com.ar\\\/index.php\\\/2024\\\/05\\\/14\\\/ducati-arrasa-en-el-gran-premio-de-francia\\\/#primaryimage\"},\"thumbnailUrl\":\"https:\\\/\\\/autofans.com.ar\\\/wp-content\\\/uploads\\\/2024\\\/05\\\/ducati-1.jpg\",\"keywords\":[\"Alex M\u00e1rquez\",\"Carreras de Moto\",\"Clasificaci\u00f3n MotoGP\",\"Desmosedici\",\"Ducati\",\"Ducati Lenovo Team\",\"Enea Bastianini\",\"Francesco Bagnaia\",\"FrenchGP\",\"Gresini Racing\",\"Jorge Mart\u00edn\",\"Le Mans\",\"Marc M\u00e1rquez\",\"MotoGP\",\"MotoGP Argentina.\",\"Pramac Racing\"],\"articleSection\":[\"DEPORTE MOTOR\",\"NOTICIAS\"],\"inLanguage\":\"es\"},{\"@type\":\"WebPage\",\"@id\":\"https:\\\/\\\/autofans.com.ar\\\/index.php\\\/2024\\\/05\\\/14\\\/ducati-arrasa-en-el-gran-premio-de-francia\\\/\",\"url\":\"https:\\\/\\\/autofans.com.ar\\\/index.php\\\/2024\\\/05\\\/14\\\/ducati-arrasa-en-el-gran-premio-de-francia\\\/\",\"name\":\"Ducati arrasa en el Gran Premio de Francia -\",\"isPartOf\":{\"@id\":\"https:\\\/\\\/autofans.com.ar\\\/#website\"},\"primaryImageOfPage\":{\"@id\":\"https:\\\/\\\/autofans.com.ar\\\/index.php\\\/2024\\\/05\\\/14\\\/ducati-arrasa-en-el-gran-premio-de-francia\\\/#primaryimage\"},\"image\":{\"@id\":\"https:\\\/\\\/autofans.com.ar\\\/index.php\\\/2024\\\/05\\\/14\\\/ducati-arrasa-en-el-gran-premio-de-francia\\\/#primaryimage\"},\"thumbnailUrl\":\"https:\\\/\\\/autofans.com.ar\\\/wp-content\\\/uploads\\\/2024\\\/05\\\/ducati-1.jpg\",\"datePublished\":\"2024-05-14T18:18:07+00:00\",\"author\":{\"@id\":\"https:\\\/\\\/autofans.com.ar\\\/#\\\/schema\\\/person\\\/4a8dda0b6df83ac3d6723e921274c2aa\"},\"description\":\"Los l\u00edderes provisionales en la tabla de posiciones impusieron sus condiciones en la primera jornada para el Gran Premio de Francia...\",\"breadcrumb\":{\"@id\":\"https:\\\/\\\/autofans.com.ar\\\/index.php\\\/2024\\\/05\\\/14\\\/ducati-arrasa-en-el-gran-premio-de-francia\\\/#breadcrumb\"},\"inLanguage\":\"es\",\"potentialAction\":[{\"@type\":\"ReadAction\",\"target\":[\"https:\\\/\\\/autofans.com.ar\\\/index.php\\\/2024\\\/05\\\/14\\\/ducati-arrasa-en-el-gran-premio-de-francia\\\/\"]}]},{\"@type\":\"ImageObject\",\"inLanguage\":\"es\",\"@id\":\"https:\\\/\\\/autofans.com.ar\\\/index.php\\\/2024\\\/05\\\/14\\\/ducati-arrasa-en-el-gran-premio-de-francia\\\/#primaryimage\",\"url\":\"https:\\\/\\\/autofans.com.ar\\\/wp-content\\\/uploads\\\/2024\\\/05\\\/ducati-1.jpg\",\"contentUrl\":\"https:\\\/\\\/autofans.com.ar\\\/wp-content\\\/uploads\\\/2024\\\/05\\\/ducati-1.jpg\",\"width\":1000,\"height\":667},{\"@type\":\"BreadcrumbList\",\"@id\":\"https:\\\/\\\/autofans.com.ar\\\/index.php\\\/2024\\\/05\\\/14\\\/ducati-arrasa-en-el-gran-premio-de-francia\\\/#breadcrumb\",\"itemListElement\":[{\"@type\":\"ListItem\",\"position\":1,\"name\":\"Inicio\",\"item\":\"https:\\\/\\\/autofans.com.ar\\\/\"},{\"@type\":\"ListItem\",\"position\":2,\"name\":\"Ducati arrasa en el Gran Premio de Francia\"}]},{\"@type\":\"WebSite\",\"@id\":\"https:\\\/\\\/autofans.com.ar\\\/#website\",\"url\":\"https:\\\/\\\/autofans.com.ar\\\/\",\"name\":\"\",\"description\":\"El multimedio referente de la industria automotriz\",\"potentialAction\":[{\"@type\":\"SearchAction\",\"target\":{\"@type\":\"EntryPoint\",\"urlTemplate\":\"https:\\\/\\\/autofans.com.ar\\\/?s={search_term_string}\"},\"query-input\":{\"@type\":\"PropertyValueSpecification\",\"valueRequired\":true,\"valueName\":\"search_term_string\"}}],\"inLanguage\":\"es\"},{\"@type\":\"Person\",\"@id\":\"https:\\\/\\\/autofans.com.ar\\\/#\\\/schema\\\/person\\\/4a8dda0b6df83ac3d6723e921274c2aa\",\"name\":\"Alejandro Gabriel Rosito\",\"image\":{\"@type\":\"ImageObject\",\"inLanguage\":\"es\",\"@id\":\"https:\\\/\\\/secure.gravatar.com\\\/avatar\\\/16c5dda1489adfc62618084dcbb91cffd879c374b13fe5dd8e44ed6733852c88?s=96&d=mm&r=g\",\"url\":\"https:\\\/\\\/secure.gravatar.com\\\/avatar\\\/16c5dda1489adfc62618084dcbb91cffd879c374b13fe5dd8e44ed6733852c88?s=96&d=mm&r=g\",\"contentUrl\":\"https:\\\/\\\/secure.gravatar.com\\\/avatar\\\/16c5dda1489adfc62618084dcbb91cffd879c374b13fe5dd8e44ed6733852c88?s=96&d=mm&r=g\",\"caption\":\"Alejandro Gabriel Rosito\"},\"url\":\"https:\\\/\\\/autofans.com.ar\\\/index.php\\\/author\\\/gabrielr\\\/\"}]}<\/script>\n<!-- \/ Yoast SEO plugin. -->","yoast_head_json":{"title":"Ducati arrasa en el Gran Premio de Francia -","description":"Los l\u00edderes provisionales en la tabla de posiciones impusieron sus condiciones en la primera jornada para el Gran Premio de Francia...","robots":{"index":"index","follow":"follow","max-snippet":"max-snippet:-1","max-image-preview":"max-image-preview:large","max-video-preview":"max-video-preview:-1"},"canonical":"https:\/\/autofans.com.ar\/index.php\/2024\/05\/14\/ducati-arrasa-en-el-gran-premio-de-francia\/","og_locale":"es_ES","og_type":"article","og_title":"Ducati arrasa en el Gran Premio de Francia -","og_description":"Los l\u00edderes provisionales en la tabla de posiciones impusieron sus condiciones en la primera jornada para el Gran Premio de Francia...","og_url":"https:\/\/autofans.com.ar\/index.php\/2024\/05\/14\/ducati-arrasa-en-el-gran-premio-de-francia\/","article_published_time":"2024-05-14T18:18:07+00:00","og_image":[{"url":"https:\/\/autofans.com.ar\/wp-content\/uploads\/2024\/05\/ducati-1.jpg","width":640,"height":427,"type":"image\/jpeg"}],"author":"Alejandro Gabriel Rosito","twitter_card":"summary_large_image","twitter_misc":{"Escrito por":"Alejandro Gabriel Rosito","Tiempo de lectura":"4 minutos"},"schema":{"@context":"https:\/\/schema.org","@graph":[{"@type":"Article","@id":"https:\/\/autofans.com.ar\/index.php\/2024\/05\/14\/ducati-arrasa-en-el-gran-premio-de-francia\/#article","isPartOf":{"@id":"https:\/\/autofans.com.ar\/index.php\/2024\/05\/14\/ducati-arrasa-en-el-gran-premio-de-francia\/"},"author":{"name":"Alejandro Gabriel Rosito","@id":"https:\/\/autofans.com.ar\/#\/schema\/person\/4a8dda0b6df83ac3d6723e921274c2aa"},"headline":"Ducati arrasa en el Gran Premio de Francia","datePublished":"2024-05-14T18:18:07+00:00","mainEntityOfPage":{"@id":"https:\/\/autofans.com.ar\/index.php\/2024\/05\/14\/ducati-arrasa-en-el-gran-premio-de-francia\/"},"wordCount":906,"image":{"@id":"https:\/\/autofans.com.ar\/index.php\/2024\/05\/14\/ducati-arrasa-en-el-gran-premio-de-francia\/#primaryimage"},"thumbnailUrl":"https:\/\/autofans.com.ar\/wp-content\/uploads\/2024\/05\/ducati-1.jpg","keywords":["Alex M\u00e1rquez","Carreras de Moto","Clasificaci\u00f3n MotoGP","Desmosedici","Ducati","Ducati Lenovo Team","Enea Bastianini","Francesco Bagnaia","FrenchGP","Gresini Racing","Jorge Mart\u00edn","Le Mans","Marc M\u00e1rquez","MotoGP","MotoGP Argentina.","Pramac Racing"],"articleSection":["DEPORTE MOTOR","NOTICIAS"],"inLanguage":"es"},{"@type":"WebPage","@id":"https:\/\/autofans.com.ar\/index.php\/2024\/05\/14\/ducati-arrasa-en-el-gran-premio-de-francia\/","url":"https:\/\/autofans.com.ar\/index.php\/2024\/05\/14\/ducati-arrasa-en-el-gran-premio-de-francia\/","name":"Ducati arrasa en el Gran Premio de Francia -","isPartOf":{"@id":"https:\/\/autofans.com.ar\/#website"},"primaryImageOfPage":{"@id":"https:\/\/autofans.com.ar\/index.php\/2024\/05\/14\/ducati-arrasa-en-el-gran-premio-de-francia\/#primaryimage"},"image":{"@id":"https:\/\/autofans.com.ar\/index.php\/2024\/05\/14\/ducati-arrasa-en-el-gran-premio-de-francia\/#primaryimage"},"thumbnailUrl":"https:\/\/autofans.com.ar\/wp-content\/uploads\/2024\/05\/ducati-1.jpg","datePublished":"2024-05-14T18:18:07+00:00","author":{"@id":"https:\/\/autofans.com.ar\/#\/schema\/person\/4a8dda0b6df83ac3d6723e921274c2aa"},"description":"Los l\u00edderes provisionales en la tabla de posiciones impusieron sus condiciones en la primera jornada para el Gran Premio de Francia...","breadcrumb":{"@id":"https:\/\/autofans.com.ar\/index.php\/2024\/05\/14\/ducati-arrasa-en-el-gran-premio-de-francia\/#breadcrumb"},"inLanguage":"es","potentialAction":[{"@type":"ReadAction","target":["https:\/\/autofans.com.ar\/index.php\/2024\/05\/14\/ducati-arrasa-en-el-gran-premio-de-francia\/"]}]},{"@type":"ImageObject","inLanguage":"es","@id":"https:\/\/autofans.com.ar\/index.php\/2024\/05\/14\/ducati-arrasa-en-el-gran-premio-de-francia\/#primaryimage","url":"https:\/\/autofans.com.ar\/wp-content\/uploads\/2024\/05\/ducati-1.jpg","contentUrl":"https:\/\/autofans.com.ar\/wp-content\/uploads\/2024\/05\/ducati-1.jpg","width":1000,"height":667},{"@type":"BreadcrumbList","@id":"https:\/\/autofans.com.ar\/index.php\/2024\/05\/14\/ducati-arrasa-en-el-gran-premio-de-francia\/#breadcrumb","itemListElement":[{"@type":"ListItem","position":1,"name":"Inicio","item":"https:\/\/autofans.com.ar\/"},{"@type":"ListItem","position":2,"name":"Ducati arrasa en el Gran Premio de Francia"}]},{"@type":"WebSite","@id":"https:\/\/autofans.com.ar\/#website","url":"https:\/\/autofans.com.ar\/","name":"","description":"El multimedio referente de la industria automotriz","potentialAction":[{"@type":"SearchAction","target":{"@type":"EntryPoint","urlTemplate":"https:\/\/autofans.com.ar\/?s={search_term_string}"},"query-input":{"@type":"PropertyValueSpecification","valueRequired":true,"valueName":"search_term_string"}}],"inLanguage":"es"},{"@type":"Person","@id":"https:\/\/autofans.com.ar\/#\/schema\/person\/4a8dda0b6df83ac3d6723e921274c2aa","name":"Alejandro Gabriel Rosito","image":{"@type":"ImageObject","inLanguage":"es","@id":"https:\/\/secure.gravatar.com\/avatar\/16c5dda1489adfc62618084dcbb91cffd879c374b13fe5dd8e44ed6733852c88?s=96&d=mm&r=g","url":"https:\/\/secure.gravatar.com\/avatar\/16c5dda1489adfc62618084dcbb91cffd879c374b13fe5dd8e44ed6733852c88?s=96&d=mm&r=g","contentUrl":"https:\/\/secure.gravatar.com\/avatar\/16c5dda1489adfc62618084dcbb91cffd879c374b13fe5dd8e44ed6733852c88?s=96&d=mm&r=g","caption":"Alejandro Gabriel Rosito"},"url":"https:\/\/autofans.com.ar\/index.php\/author\/gabrielr\/"}]}},"featured_image_urls":{"full":["https:\/\/autofans.com.ar\/wp-content\/uploads\/2024\/05\/ducati-1.jpg",1000,667,false],"thumbnail":["https:\/\/autofans.com.ar\/wp-content\/uploads\/2024\/05\/ducati-1-150x150.jpg",150,150,true],"medium":["https:\/\/autofans.com.ar\/wp-content\/uploads\/2024\/05\/ducati-1-300x200.jpg",300,200,true],"medium_large":["https:\/\/autofans.com.ar\/wp-content\/uploads\/2024\/05\/ducati-1-768x512.jpg",640,427,true],"large":["https:\/\/autofans.com.ar\/wp-content\/uploads\/2024\/05\/ducati-1.jpg",640,427,false],"1536x1536":["https:\/\/autofans.com.ar\/wp-content\/uploads\/2024\/05\/ducati-1.jpg",1000,667,false],"2048x2048":["https:\/\/autofans.com.ar\/wp-content\/uploads\/2024\/05\/ducati-1.jpg",1000,667,false],"covernews-featured":["https:\/\/autofans.com.ar\/wp-content\/uploads\/2024\/05\/ducati-1.jpg",1000,667,false],"covernews-medium":["https:\/\/autofans.com.ar\/wp-content\/uploads\/2024\/05\/ducati-1-540x340.jpg",540,340,true]},"author_info":{"display_name":"Alejandro Gabriel Rosito","author_link":"https:\/\/autofans.com.ar\/index.php\/author\/gabrielr\/"},"category_info":"<a href=\"https:\/\/autofans.com.ar\/index.php\/category\/noticias\/deporte\/\" rel=\"category tag\">DEPORTE MOTOR<\/a> <a href=\"https:\/\/autofans.com.ar\/index.php\/category\/noticias\/\" rel=\"category tag\">NOTICIAS<\/a>","tag_info":"NOTICIAS","comment_count":0,"_links":{"self":[{"href":"https:\/\/autofans.com.ar\/index.php\/wp-json\/wp\/v2\/posts\/7679","targetHints":{"allow":["GET"]}}],"collection":[{"href":"https:\/\/autofans.com.ar\/index.php\/wp-json\/wp\/v2\/posts"}],"about":[{"href":"https:\/\/autofans.com.ar\/index.php\/wp-json\/wp\/v2\/types\/post"}],"author":[{"embeddable":true,"href":"https:\/\/autofans.com.ar\/index.php\/wp-json\/wp\/v2\/users\/2"}],"replies":[{"embeddable":true,"href":"https:\/\/autofans.com.ar\/index.php\/wp-json\/wp\/v2\/comments?post=7679"}],"version-history":[{"count":1,"href":"https:\/\/autofans.com.ar\/index.php\/wp-json\/wp\/v2\/posts\/7679\/revisions"}],"predecessor-version":[{"id":7685,"href":"https:\/\/autofans.com.ar\/index.php\/wp-json\/wp\/v2\/posts\/7679\/revisions\/7685"}],"wp:featuredmedia":[{"embeddable":true,"href":"https:\/\/autofans.com.ar\/index.php\/wp-json\/wp\/v2\/media\/7684"}],"wp:attachment":[{"href":"https:\/\/autofans.com.ar\/index.php\/wp-json\/wp\/v2\/media?parent=7679"}],"wp:term":[{"taxonomy":"category","embeddable":true,"href":"https:\/\/autofans.com.ar\/index.php\/wp-json\/wp\/v2\/categories?post=7679"},{"taxonomy":"post_tag","embeddable":true,"href":"https:\/\/autofans.com.ar\/index.php\/wp-json\/wp\/v2\/tags?post=7679"}],"curies":[{"name":"wp","href":"https:\/\/api.w.org\/{rel}","templated":true}]}}