{"id":7686,"date":"2024-05-14T18:13:18","date_gmt":"2024-05-14T21:13:18","guid":{"rendered":"https:\/\/autofans.com.ar\/?p=7686"},"modified":"2024-05-14T18:13:18","modified_gmt":"2024-05-14T21:13:18","slug":"volkswagen-group-argentina-impulsa-la-produccion-nacional-de-camiones-y-buses-en-cordoba","status":"publish","type":"post","link":"https:\/\/autofans.com.ar\/index.php\/2024\/05\/14\/volkswagen-group-argentina-impulsa-la-produccion-nacional-de-camiones-y-buses-en-cordoba\/","title":{"rendered":"Volkswagen Group Argentina impulsa la producci\u00f3n nacional de Camiones y Buses en C\u00f3rdoba"},"content":{"rendered":"<p>Volkswagen Group Argentina marca un momento hist\u00f3rico en la industria automotriz nacional al comenzar la producci\u00f3n en serie de camiones y buses en su Centro Industrial en C\u00f3rdoba. Este hito representa el compromiso de la compa\u00f1\u00eda con el mercado argentino y su constante b\u00fasqueda de excelencia en la fabricaci\u00f3n de veh\u00edculos comerciales.<\/p>\n<p>&nbsp;<\/p>\n<blockquote>\n<p style=\"text-align: center;\">Marcellus Puig, destac\u00f3: \u00abEste hito es el resultado del gran profesionalismo y excelente trabajo en equipo de nuestros colaboradores en Argentina, con el s\u00f3lido respaldo y la interacci\u00f3n permanente del equipo en VW en Brasil. Nos enorgullece ver c\u00f3mo logramos nuestro proyecto de producci\u00f3n nacional de Camiones y Buses en el Centro Industrial C\u00f3rdoba. Esta colaboraci\u00f3n entre Argentina y Brasil demuestra nuestro enfo<\/p>\n<\/blockquote>\n<p>&nbsp;<\/p>\n<h2>Producci\u00f3n en serie de Camiones y Buses<\/h2>\n<p>Volkswagen Group Argentina, en colaboraci\u00f3n con representantes del gobierno y la industria, celebra el inicio de la producci\u00f3n en serie de cinco versiones de los modelos Delivery, Constellation y Volksbus. Este logro no solo consolida la presencia de Volkswagen en Argentina, sino que tambi\u00e9n refleja el esfuerzo conjunto de todos los involucrados en este proyecto.<\/p>\n<p>&nbsp;<\/p>\n<div id='gallery-1' class='gallery galleryid-7686 gallery-columns-3 gallery-size-full'><figure class='gallery-item'>\n\t\t\t<div class='gallery-icon landscape'>\n\t\t\t\t<a href='https:\/\/autofans.com.ar\/index.php\/2024\/05\/14\/volkswagen-group-argentina-impulsa-la-produccion-nacional-de-camiones-y-buses-en-cordoba\/vw-3-4\/'><img loading=\"lazy\" width=\"1000\" height=\"667\" src=\"https:\/\/autofans.com.ar\/wp-content\/uploads\/2024\/05\/vw-3.jpg\" class=\"attachment-full size-full\" alt=\"Volkswagen Group\" srcset=\"https:\/\/autofans.com.ar\/wp-content\/uploads\/2024\/05\/vw-3.jpg 1000w, https:\/\/autofans.com.ar\/wp-content\/uploads\/2024\/05\/vw-3-300x200.jpg 300w, https:\/\/autofans.com.ar\/wp-content\/uploads\/2024\/05\/vw-3-768x512.jpg 768w\" sizes=\"auto, (max-width: 1000px) 100vw, 1000px\" loading=\"lazy\" decoding=\"async\" \/><\/a>\n\t\t\t<\/div><\/figure><figure class='gallery-item'>\n\t\t\t<div class='gallery-icon landscape'>\n\t\t\t\t<a href='https:\/\/autofans.com.ar\/index.php\/2024\/05\/14\/volkswagen-group-argentina-impulsa-la-produccion-nacional-de-camiones-y-buses-en-cordoba\/vw-1-4\/'><img loading=\"lazy\" width=\"1000\" height=\"667\" src=\"https:\/\/autofans.com.ar\/wp-content\/uploads\/2024\/05\/vw-1.jpg\" class=\"attachment-full size-full\" alt=\"Volkswagen Group\" srcset=\"https:\/\/autofans.com.ar\/wp-content\/uploads\/2024\/05\/vw-1.jpg 1000w, https:\/\/autofans.com.ar\/wp-content\/uploads\/2024\/05\/vw-1-300x200.jpg 300w, https:\/\/autofans.com.ar\/wp-content\/uploads\/2024\/05\/vw-1-768x512.jpg 768w\" sizes=\"auto, (max-width: 1000px) 100vw, 1000px\" loading=\"lazy\" decoding=\"async\" \/><\/a>\n\t\t\t<\/div><\/figure><figure class='gallery-item'>\n\t\t\t<div class='gallery-icon landscape'>\n\t\t\t\t<a href='https:\/\/autofans.com.ar\/index.php\/2024\/05\/14\/volkswagen-group-argentina-impulsa-la-produccion-nacional-de-camiones-y-buses-en-cordoba\/vw-5-2\/'><img loading=\"lazy\" width=\"1000\" height=\"667\" src=\"https:\/\/autofans.com.ar\/wp-content\/uploads\/2024\/05\/vw-5.jpg\" class=\"attachment-full size-full\" alt=\"vw-5\" srcset=\"https:\/\/autofans.com.ar\/wp-content\/uploads\/2024\/05\/vw-5.jpg 1000w, https:\/\/autofans.com.ar\/wp-content\/uploads\/2024\/05\/vw-5-300x200.jpg 300w, https:\/\/autofans.com.ar\/wp-content\/uploads\/2024\/05\/vw-5-768x512.jpg 768w\" sizes=\"auto, (max-width: 1000px) 100vw, 1000px\" loading=\"lazy\" decoding=\"async\" \/><\/a>\n\t\t\t<\/div><\/figure>\n\t\t<\/div>\n\n<p>&nbsp;<\/p>\n<blockquote>\n<p style=\"text-align: center;\">\u201cHoy damos otro paso importante para ampliar la presencia global de nuestra marca: queremos replicar en Argentina la f\u00f3rmula de \u00e9xito que nos convirti\u00f3 en l\u00edderes brasile\u00f1os en ventas de camiones. En los \u00faltimos a\u00f1os hemos lanzado productos a la medida del transportista argentino y contamos con una red de distribuidores profesionales y comprometidos. Necesit\u00e1bamos establecer producci\u00f3n local y la nueva alianza con el Grupo Volkswagen Argentina nos permitir\u00e1 acelerar hacia el primer lugar en el mercado, con beneficios para las operaciones en ambos pa\u00edses\u201d, afirma Roberto Cortes, presidente y CEO de Volkswagen Camiones y Buses.<\/p>\n<\/blockquote>\n<p>&nbsp;<\/p>\n<h2>Volkswagen Group &#8211; pr\u00f3ximos pasos y metas futuras<\/h2>\n<p>Con una l\u00ednea de ensamblaje dedicada y objetivos claros, Volkswagen Argentina proyecta alcanzar un volumen de 800 unidades este a\u00f1o, marcando un paso significativo en el segmento de veh\u00edculos pesados. Pero la ambici\u00f3n no se detiene ah\u00ed: se planea producir 1.300 unidades anuales en 2025. La meta final de llegar a 2.700 unidades anuales a partir de 2026. Estas proyecciones reflejan la confianza de Volkswagen en su crecimiento continuo y su compromiso con la excelencia en la industria automotriz argentina.<\/p>\n<p>&nbsp;<\/p>\n<p><center><iframe title=\"Volkswagen Group Argentina impulsa la producci\u00f3n nacional de Camiones y Buses en C\u00f3rdoba\" width=\"640\" height=\"360\" src=\"https:\/\/www.youtube.com\/embed\/LI9_6SmF6D0?feature=oembed\" frameborder=\"0\" allow=\"accelerometer; autoplay; clipboard-write; encrypted-media; gyroscope; picture-in-picture; web-share\" referrerpolicy=\"strict-origin-when-cross-origin\" allowfullscreen><\/iframe><\/p>\n<p>&nbsp;<\/p>\n<p><\/center>&nbsp;<\/p>\n<p>&nbsp;<\/p>\n<p><i>Para enterarte de m\u00e1s novedades, no dejes de leer\u00a0<\/i><a href=\"https:\/\/autofans.thebrandsoup.com\/\"><i>nuestras notas<\/i><\/a><i>, de ver<\/i><b><i>\u00a0<\/i><\/b><a href=\"https:\/\/www.youtube.com\/channel\/UCgAC8UGHZYbT6P7PpmVnP7g\"><b><i>AUTOFANS TV<\/i><\/b><\/a><b><i>\u00a0<\/i><\/b><i>en nuestro\u00a0canal de Youtube. Adem\u00e1s seguinos en\u00a0<\/i><a href=\"https:\/\/www.instagram.com\/autofanstv\/\"><i>INSTAGRAM<\/i><\/a><i> y <\/i><a href=\"https:\/\/www.facebook.com\/autofansmas\/\"><i>FACEBOOK<\/i><\/a><i> para no perderte nada sobre las novedades del segmento automotor de Argentina y el mundo.<\/i><\/p>\n","protected":false},"excerpt":{"rendered":"<p>Volkswagen Group Argentina marca un momento hist\u00f3rico en la industria automotriz nacional al comenzar la&#8230;<\/p>\n","protected":false},"author":2,"featured_media":7687,"comment_status":"closed","ping_status":"closed","sticky":false,"template":"","format":"standard","meta":{"footnotes":""},"categories":[292,16],"tags":[38,65,86,898,444,4053,4054,1065],"class_list":["post-7686","post","type-post","status-publish","format-standard","has-post-thumbnail","hentry","category-empresas","category-noticias","tag-argentina","tag-cordoba","tag-industria-automotriz","tag-produccion-nacional","tag-vehiculos-comerciales","tag-volkswagen-group-argentina","tag-vw-buses","tag-vw-camiones"],"yoast_head":"<!-- This site is optimized with the Yoast SEO plugin v27.5 - https:\/\/yoast.com\/product\/yoast-seo-wordpress\/ -->\n<title>Volkswagen Group Argentina impulsa la producci\u00f3n nacional de Camiones y Buses en C\u00f3rdoba -<\/title>\n<meta name=\"description\" content=\"Volkswagen Group Argentina comienza la producci\u00f3n en serie de camiones y buses en su Centro Industrial en C\u00f3rdoba...\" \/>\n<meta name=\"robots\" content=\"index, follow, max-snippet:-1, max-image-preview:large, max-video-preview:-1\" \/>\n<link rel=\"canonical\" href=\"https:\/\/autofans.com.ar\/index.php\/2024\/05\/14\/volkswagen-group-argentina-impulsa-la-produccion-nacional-de-camiones-y-buses-en-cordoba\/\" \/>\n<meta property=\"og:locale\" content=\"es_ES\" \/>\n<meta property=\"og:type\" content=\"article\" \/>\n<meta property=\"og:title\" content=\"Volkswagen Group Argentina impulsa la producci\u00f3n nacional de Camiones y Buses en C\u00f3rdoba -\" \/>\n<meta property=\"og:description\" content=\"Volkswagen Group Argentina comienza la producci\u00f3n en serie de camiones y buses en su Centro Industrial en C\u00f3rdoba...\" \/>\n<meta property=\"og:url\" content=\"https:\/\/autofans.com.ar\/index.php\/2024\/05\/14\/volkswagen-group-argentina-impulsa-la-produccion-nacional-de-camiones-y-buses-en-cordoba\/\" \/>\n<meta property=\"article:published_time\" content=\"2024-05-14T21:13:18+00:00\" \/>\n<meta property=\"og:image\" content=\"https:\/\/autofans.com.ar\/wp-content\/uploads\/2024\/05\/vw-4.jpg\" \/>\n\t<meta property=\"og:image:width\" content=\"640\" \/>\n\t<meta property=\"og:image:height\" content=\"427\" \/>\n\t<meta property=\"og:image:type\" content=\"image\/jpeg\" \/>\n<meta name=\"author\" content=\"Alejandro Gabriel Rosito\" \/>\n<meta name=\"twitter:card\" content=\"summary_large_image\" \/>\n<meta name=\"twitter:label1\" content=\"Escrito por\" \/>\n\t<meta name=\"twitter:data1\" content=\"Alejandro Gabriel Rosito\" \/>\n\t<meta name=\"twitter:label2\" content=\"Tiempo de lectura\" \/>\n\t<meta name=\"twitter:data2\" content=\"2 minutos\" \/>\n<script type=\"application\/ld+json\" class=\"yoast-schema-graph\">{\"@context\":\"https:\\\/\\\/schema.org\",\"@graph\":[{\"@type\":\"Article\",\"@id\":\"https:\\\/\\\/autofans.com.ar\\\/index.php\\\/2024\\\/05\\\/14\\\/volkswagen-group-argentina-impulsa-la-produccion-nacional-de-camiones-y-buses-en-cordoba\\\/#article\",\"isPartOf\":{\"@id\":\"https:\\\/\\\/autofans.com.ar\\\/index.php\\\/2024\\\/05\\\/14\\\/volkswagen-group-argentina-impulsa-la-produccion-nacional-de-camiones-y-buses-en-cordoba\\\/\"},\"author\":{\"name\":\"Alejandro Gabriel Rosito\",\"@id\":\"https:\\\/\\\/autofans.com.ar\\\/#\\\/schema\\\/person\\\/4a8dda0b6df83ac3d6723e921274c2aa\"},\"headline\":\"Volkswagen Group Argentina impulsa la producci\u00f3n nacional de Camiones y Buses en C\u00f3rdoba\",\"datePublished\":\"2024-05-14T21:13:18+00:00\",\"mainEntityOfPage\":{\"@id\":\"https:\\\/\\\/autofans.com.ar\\\/index.php\\\/2024\\\/05\\\/14\\\/volkswagen-group-argentina-impulsa-la-produccion-nacional-de-camiones-y-buses-en-cordoba\\\/\"},\"wordCount\":464,\"image\":{\"@id\":\"https:\\\/\\\/autofans.com.ar\\\/index.php\\\/2024\\\/05\\\/14\\\/volkswagen-group-argentina-impulsa-la-produccion-nacional-de-camiones-y-buses-en-cordoba\\\/#primaryimage\"},\"thumbnailUrl\":\"https:\\\/\\\/autofans.com.ar\\\/wp-content\\\/uploads\\\/2024\\\/05\\\/vw-4.jpg\",\"keywords\":[\"Argentina\",\"Cordoba\",\"Industria Automotriz\",\"producci\u00f3n nacional\",\"Veh\u00edculos Comerciales\",\"Volkswagen Group Argentina\",\"VW Buses\",\"vw camiones\"],\"articleSection\":[\"EMPRESAS\",\"NOTICIAS\"],\"inLanguage\":\"es\"},{\"@type\":\"WebPage\",\"@id\":\"https:\\\/\\\/autofans.com.ar\\\/index.php\\\/2024\\\/05\\\/14\\\/volkswagen-group-argentina-impulsa-la-produccion-nacional-de-camiones-y-buses-en-cordoba\\\/\",\"url\":\"https:\\\/\\\/autofans.com.ar\\\/index.php\\\/2024\\\/05\\\/14\\\/volkswagen-group-argentina-impulsa-la-produccion-nacional-de-camiones-y-buses-en-cordoba\\\/\",\"name\":\"Volkswagen Group Argentina impulsa la producci\u00f3n nacional de Camiones y Buses en C\u00f3rdoba -\",\"isPartOf\":{\"@id\":\"https:\\\/\\\/autofans.com.ar\\\/#website\"},\"primaryImageOfPage\":{\"@id\":\"https:\\\/\\\/autofans.com.ar\\\/index.php\\\/2024\\\/05\\\/14\\\/volkswagen-group-argentina-impulsa-la-produccion-nacional-de-camiones-y-buses-en-cordoba\\\/#primaryimage\"},\"image\":{\"@id\":\"https:\\\/\\\/autofans.com.ar\\\/index.php\\\/2024\\\/05\\\/14\\\/volkswagen-group-argentina-impulsa-la-produccion-nacional-de-camiones-y-buses-en-cordoba\\\/#primaryimage\"},\"thumbnailUrl\":\"https:\\\/\\\/autofans.com.ar\\\/wp-content\\\/uploads\\\/2024\\\/05\\\/vw-4.jpg\",\"datePublished\":\"2024-05-14T21:13:18+00:00\",\"author\":{\"@id\":\"https:\\\/\\\/autofans.com.ar\\\/#\\\/schema\\\/person\\\/4a8dda0b6df83ac3d6723e921274c2aa\"},\"description\":\"Volkswagen Group Argentina comienza la producci\u00f3n en serie de camiones y buses en su Centro Industrial en C\u00f3rdoba...\",\"breadcrumb\":{\"@id\":\"https:\\\/\\\/autofans.com.ar\\\/index.php\\\/2024\\\/05\\\/14\\\/volkswagen-group-argentina-impulsa-la-produccion-nacional-de-camiones-y-buses-en-cordoba\\\/#breadcrumb\"},\"inLanguage\":\"es\",\"potentialAction\":[{\"@type\":\"ReadAction\",\"target\":[\"https:\\\/\\\/autofans.com.ar\\\/index.php\\\/2024\\\/05\\\/14\\\/volkswagen-group-argentina-impulsa-la-produccion-nacional-de-camiones-y-buses-en-cordoba\\\/\"]}]},{\"@type\":\"ImageObject\",\"inLanguage\":\"es\",\"@id\":\"https:\\\/\\\/autofans.com.ar\\\/index.php\\\/2024\\\/05\\\/14\\\/volkswagen-group-argentina-impulsa-la-produccion-nacional-de-camiones-y-buses-en-cordoba\\\/#primaryimage\",\"url\":\"https:\\\/\\\/autofans.com.ar\\\/wp-content\\\/uploads\\\/2024\\\/05\\\/vw-4.jpg\",\"contentUrl\":\"https:\\\/\\\/autofans.com.ar\\\/wp-content\\\/uploads\\\/2024\\\/05\\\/vw-4.jpg\",\"width\":1000,\"height\":667,\"caption\":\"Volkswagen Group\"},{\"@type\":\"BreadcrumbList\",\"@id\":\"https:\\\/\\\/autofans.com.ar\\\/index.php\\\/2024\\\/05\\\/14\\\/volkswagen-group-argentina-impulsa-la-produccion-nacional-de-camiones-y-buses-en-cordoba\\\/#breadcrumb\",\"itemListElement\":[{\"@type\":\"ListItem\",\"position\":1,\"name\":\"Inicio\",\"item\":\"https:\\\/\\\/autofans.com.ar\\\/\"},{\"@type\":\"ListItem\",\"position\":2,\"name\":\"Volkswagen Group Argentina impulsa la producci\u00f3n nacional de Camiones y Buses en C\u00f3rdoba\"}]},{\"@type\":\"WebSite\",\"@id\":\"https:\\\/\\\/autofans.com.ar\\\/#website\",\"url\":\"https:\\\/\\\/autofans.com.ar\\\/\",\"name\":\"\",\"description\":\"El multimedio referente de la industria automotriz\",\"potentialAction\":[{\"@type\":\"SearchAction\",\"target\":{\"@type\":\"EntryPoint\",\"urlTemplate\":\"https:\\\/\\\/autofans.com.ar\\\/?s={search_term_string}\"},\"query-input\":{\"@type\":\"PropertyValueSpecification\",\"valueRequired\":true,\"valueName\":\"search_term_string\"}}],\"inLanguage\":\"es\"},{\"@type\":\"Person\",\"@id\":\"https:\\\/\\\/autofans.com.ar\\\/#\\\/schema\\\/person\\\/4a8dda0b6df83ac3d6723e921274c2aa\",\"name\":\"Alejandro Gabriel Rosito\",\"image\":{\"@type\":\"ImageObject\",\"inLanguage\":\"es\",\"@id\":\"https:\\\/\\\/secure.gravatar.com\\\/avatar\\\/16c5dda1489adfc62618084dcbb91cffd879c374b13fe5dd8e44ed6733852c88?s=96&d=mm&r=g\",\"url\":\"https:\\\/\\\/secure.gravatar.com\\\/avatar\\\/16c5dda1489adfc62618084dcbb91cffd879c374b13fe5dd8e44ed6733852c88?s=96&d=mm&r=g\",\"contentUrl\":\"https:\\\/\\\/secure.gravatar.com\\\/avatar\\\/16c5dda1489adfc62618084dcbb91cffd879c374b13fe5dd8e44ed6733852c88?s=96&d=mm&r=g\",\"caption\":\"Alejandro Gabriel Rosito\"},\"url\":\"https:\\\/\\\/autofans.com.ar\\\/index.php\\\/author\\\/gabrielr\\\/\"}]}<\/script>\n<!-- \/ Yoast SEO plugin. -->","yoast_head_json":{"title":"Volkswagen Group Argentina impulsa la producci\u00f3n nacional de Camiones y Buses en C\u00f3rdoba -","description":"Volkswagen Group Argentina comienza la producci\u00f3n en serie de camiones y buses en su Centro Industrial en C\u00f3rdoba...","robots":{"index":"index","follow":"follow","max-snippet":"max-snippet:-1","max-image-preview":"max-image-preview:large","max-video-preview":"max-video-preview:-1"},"canonical":"https:\/\/autofans.com.ar\/index.php\/2024\/05\/14\/volkswagen-group-argentina-impulsa-la-produccion-nacional-de-camiones-y-buses-en-cordoba\/","og_locale":"es_ES","og_type":"article","og_title":"Volkswagen Group Argentina impulsa la producci\u00f3n nacional de Camiones y Buses en C\u00f3rdoba -","og_description":"Volkswagen Group Argentina comienza la producci\u00f3n en serie de camiones y buses en su Centro Industrial en C\u00f3rdoba...","og_url":"https:\/\/autofans.com.ar\/index.php\/2024\/05\/14\/volkswagen-group-argentina-impulsa-la-produccion-nacional-de-camiones-y-buses-en-cordoba\/","article_published_time":"2024-05-14T21:13:18+00:00","og_image":[{"url":"https:\/\/autofans.com.ar\/wp-content\/uploads\/2024\/05\/vw-4.jpg","width":640,"height":427,"type":"image\/jpeg"}],"author":"Alejandro Gabriel Rosito","twitter_card":"summary_large_image","twitter_misc":{"Escrito por":"Alejandro Gabriel Rosito","Tiempo de lectura":"2 minutos"},"schema":{"@context":"https:\/\/schema.org","@graph":[{"@type":"Article","@id":"https:\/\/autofans.com.ar\/index.php\/2024\/05\/14\/volkswagen-group-argentina-impulsa-la-produccion-nacional-de-camiones-y-buses-en-cordoba\/#article","isPartOf":{"@id":"https:\/\/autofans.com.ar\/index.php\/2024\/05\/14\/volkswagen-group-argentina-impulsa-la-produccion-nacional-de-camiones-y-buses-en-cordoba\/"},"author":{"name":"Alejandro Gabriel Rosito","@id":"https:\/\/autofans.com.ar\/#\/schema\/person\/4a8dda0b6df83ac3d6723e921274c2aa"},"headline":"Volkswagen Group Argentina impulsa la producci\u00f3n nacional de Camiones y Buses en C\u00f3rdoba","datePublished":"2024-05-14T21:13:18+00:00","mainEntityOfPage":{"@id":"https:\/\/autofans.com.ar\/index.php\/2024\/05\/14\/volkswagen-group-argentina-impulsa-la-produccion-nacional-de-camiones-y-buses-en-cordoba\/"},"wordCount":464,"image":{"@id":"https:\/\/autofans.com.ar\/index.php\/2024\/05\/14\/volkswagen-group-argentina-impulsa-la-produccion-nacional-de-camiones-y-buses-en-cordoba\/#primaryimage"},"thumbnailUrl":"https:\/\/autofans.com.ar\/wp-content\/uploads\/2024\/05\/vw-4.jpg","keywords":["Argentina","Cordoba","Industria Automotriz","producci\u00f3n nacional","Veh\u00edculos Comerciales","Volkswagen Group Argentina","VW Buses","vw camiones"],"articleSection":["EMPRESAS","NOTICIAS"],"inLanguage":"es"},{"@type":"WebPage","@id":"https:\/\/autofans.com.ar\/index.php\/2024\/05\/14\/volkswagen-group-argentina-impulsa-la-produccion-nacional-de-camiones-y-buses-en-cordoba\/","url":"https:\/\/autofans.com.ar\/index.php\/2024\/05\/14\/volkswagen-group-argentina-impulsa-la-produccion-nacional-de-camiones-y-buses-en-cordoba\/","name":"Volkswagen Group Argentina impulsa la producci\u00f3n nacional de Camiones y Buses en C\u00f3rdoba -","isPartOf":{"@id":"https:\/\/autofans.com.ar\/#website"},"primaryImageOfPage":{"@id":"https:\/\/autofans.com.ar\/index.php\/2024\/05\/14\/volkswagen-group-argentina-impulsa-la-produccion-nacional-de-camiones-y-buses-en-cordoba\/#primaryimage"},"image":{"@id":"https:\/\/autofans.com.ar\/index.php\/2024\/05\/14\/volkswagen-group-argentina-impulsa-la-produccion-nacional-de-camiones-y-buses-en-cordoba\/#primaryimage"},"thumbnailUrl":"https:\/\/autofans.com.ar\/wp-content\/uploads\/2024\/05\/vw-4.jpg","datePublished":"2024-05-14T21:13:18+00:00","author":{"@id":"https:\/\/autofans.com.ar\/#\/schema\/person\/4a8dda0b6df83ac3d6723e921274c2aa"},"description":"Volkswagen Group Argentina comienza la producci\u00f3n en serie de camiones y buses en su Centro Industrial en C\u00f3rdoba...","breadcrumb":{"@id":"https:\/\/autofans.com.ar\/index.php\/2024\/05\/14\/volkswagen-group-argentina-impulsa-la-produccion-nacional-de-camiones-y-buses-en-cordoba\/#breadcrumb"},"inLanguage":"es","potentialAction":[{"@type":"ReadAction","target":["https:\/\/autofans.com.ar\/index.php\/2024\/05\/14\/volkswagen-group-argentina-impulsa-la-produccion-nacional-de-camiones-y-buses-en-cordoba\/"]}]},{"@type":"ImageObject","inLanguage":"es","@id":"https:\/\/autofans.com.ar\/index.php\/2024\/05\/14\/volkswagen-group-argentina-impulsa-la-produccion-nacional-de-camiones-y-buses-en-cordoba\/#primaryimage","url":"https:\/\/autofans.com.ar\/wp-content\/uploads\/2024\/05\/vw-4.jpg","contentUrl":"https:\/\/autofans.com.ar\/wp-content\/uploads\/2024\/05\/vw-4.jpg","width":1000,"height":667,"caption":"Volkswagen Group"},{"@type":"BreadcrumbList","@id":"https:\/\/autofans.com.ar\/index.php\/2024\/05\/14\/volkswagen-group-argentina-impulsa-la-produccion-nacional-de-camiones-y-buses-en-cordoba\/#breadcrumb","itemListElement":[{"@type":"ListItem","position":1,"name":"Inicio","item":"https:\/\/autofans.com.ar\/"},{"@type":"ListItem","position":2,"name":"Volkswagen Group Argentina impulsa la producci\u00f3n nacional de Camiones y Buses en C\u00f3rdoba"}]},{"@type":"WebSite","@id":"https:\/\/autofans.com.ar\/#website","url":"https:\/\/autofans.com.ar\/","name":"","description":"El multimedio referente de la industria automotriz","potentialAction":[{"@type":"SearchAction","target":{"@type":"EntryPoint","urlTemplate":"https:\/\/autofans.com.ar\/?s={search_term_string}"},"query-input":{"@type":"PropertyValueSpecification","valueRequired":true,"valueName":"search_term_string"}}],"inLanguage":"es"},{"@type":"Person","@id":"https:\/\/autofans.com.ar\/#\/schema\/person\/4a8dda0b6df83ac3d6723e921274c2aa","name":"Alejandro Gabriel Rosito","image":{"@type":"ImageObject","inLanguage":"es","@id":"https:\/\/secure.gravatar.com\/avatar\/16c5dda1489adfc62618084dcbb91cffd879c374b13fe5dd8e44ed6733852c88?s=96&d=mm&r=g","url":"https:\/\/secure.gravatar.com\/avatar\/16c5dda1489adfc62618084dcbb91cffd879c374b13fe5dd8e44ed6733852c88?s=96&d=mm&r=g","contentUrl":"https:\/\/secure.gravatar.com\/avatar\/16c5dda1489adfc62618084dcbb91cffd879c374b13fe5dd8e44ed6733852c88?s=96&d=mm&r=g","caption":"Alejandro Gabriel Rosito"},"url":"https:\/\/autofans.com.ar\/index.php\/author\/gabrielr\/"}]}},"featured_image_urls":{"full":["https:\/\/autofans.com.ar\/wp-content\/uploads\/2024\/05\/vw-4.jpg",1000,667,false],"thumbnail":["https:\/\/autofans.com.ar\/wp-content\/uploads\/2024\/05\/vw-4-150x150.jpg",150,150,true],"medium":["https:\/\/autofans.com.ar\/wp-content\/uploads\/2024\/05\/vw-4-300x200.jpg",300,200,true],"medium_large":["https:\/\/autofans.com.ar\/wp-content\/uploads\/2024\/05\/vw-4-768x512.jpg",640,427,true],"large":["https:\/\/autofans.com.ar\/wp-content\/uploads\/2024\/05\/vw-4.jpg",640,427,false],"1536x1536":["https:\/\/autofans.com.ar\/wp-content\/uploads\/2024\/05\/vw-4.jpg",1000,667,false],"2048x2048":["https:\/\/autofans.com.ar\/wp-content\/uploads\/2024\/05\/vw-4.jpg",1000,667,false],"covernews-featured":["https:\/\/autofans.com.ar\/wp-content\/uploads\/2024\/05\/vw-4.jpg",1000,667,false],"covernews-medium":["https:\/\/autofans.com.ar\/wp-content\/uploads\/2024\/05\/vw-4-540x340.jpg",540,340,true]},"author_info":{"display_name":"Alejandro Gabriel Rosito","author_link":"https:\/\/autofans.com.ar\/index.php\/author\/gabrielr\/"},"category_info":"<a href=\"https:\/\/autofans.com.ar\/index.php\/category\/noticias\/empresas\/\" rel=\"category tag\">EMPRESAS<\/a> <a href=\"https:\/\/autofans.com.ar\/index.php\/category\/noticias\/\" rel=\"category tag\">NOTICIAS<\/a>","tag_info":"NOTICIAS","comment_count":0,"_links":{"self":[{"href":"https:\/\/autofans.com.ar\/index.php\/wp-json\/wp\/v2\/posts\/7686","targetHints":{"allow":["GET"]}}],"collection":[{"href":"https:\/\/autofans.com.ar\/index.php\/wp-json\/wp\/v2\/posts"}],"about":[{"href":"https:\/\/autofans.com.ar\/index.php\/wp-json\/wp\/v2\/types\/post"}],"author":[{"embeddable":true,"href":"https:\/\/autofans.com.ar\/index.php\/wp-json\/wp\/v2\/users\/2"}],"replies":[{"embeddable":true,"href":"https:\/\/autofans.com.ar\/index.php\/wp-json\/wp\/v2\/comments?post=7686"}],"version-history":[{"count":3,"href":"https:\/\/autofans.com.ar\/index.php\/wp-json\/wp\/v2\/posts\/7686\/revisions"}],"predecessor-version":[{"id":7693,"href":"https:\/\/autofans.com.ar\/index.php\/wp-json\/wp\/v2\/posts\/7686\/revisions\/7693"}],"wp:featuredmedia":[{"embeddable":true,"href":"https:\/\/autofans.com.ar\/index.php\/wp-json\/wp\/v2\/media\/7687"}],"wp:attachment":[{"href":"https:\/\/autofans.com.ar\/index.php\/wp-json\/wp\/v2\/media?parent=7686"}],"wp:term":[{"taxonomy":"category","embeddable":true,"href":"https:\/\/autofans.com.ar\/index.php\/wp-json\/wp\/v2\/categories?post=7686"},{"taxonomy":"post_tag","embeddable":true,"href":"https:\/\/autofans.com.ar\/index.php\/wp-json\/wp\/v2\/tags?post=7686"}],"curies":[{"name":"wp","href":"https:\/\/api.w.org\/{rel}","templated":true}]}}