{"id":7694,"date":"2024-05-15T10:09:58","date_gmt":"2024-05-15T13:09:58","guid":{"rendered":"https:\/\/autofans.com.ar\/?p=7694"},"modified":"2024-05-15T10:09:58","modified_gmt":"2024-05-15T13:09:58","slug":"nuevo-director-del-centro-industrial-juan-manuel-fangio","status":"publish","type":"post","link":"https:\/\/autofans.com.ar\/index.php\/2024\/05\/15\/nuevo-director-del-centro-industrial-juan-manuel-fangio\/","title":{"rendered":"Nuevo director del centro industrial Juan Manuel Fangio"},"content":{"rendered":"<p>La Casa Matriz design\u00f3 a Roberto L\u00f3pez Garc\u00eda como director del Centro Industrial Juan Manuel Fangio de Mercedes-Benz Argentina, ubicado en la provincia de Buenos Aires. Este a\u00f1o la empresa celebra 73 a\u00f1os de producci\u00f3n continua en el pa\u00eds, dando empleo a m\u00e1s de 1800 personas. L\u00f3pez Garc\u00eda, con m\u00e1s de 25 a\u00f1os de experiencia en el Grupo, asumi\u00f3 su nuevo cargo el 1 de marzo de 2024, sucediendo a Peter Gierse, quien fue destinado a una posici\u00f3n en la filial de China.<\/p>\n<p>&nbsp;<\/p>\n<blockquote>\n<p style=\"text-align: center;\">Luego de su llegada, Roberto afirm\u00f3: \u201cPara m\u00ed es un orgullo trabajar en Mercedes-Benz. Es un sue\u00f1o que tuve desde ni\u00f1o y que pude alcanzar hace m\u00e1s de 25 a\u00f1os\u201d.<span class=\"Apple-converted-space\">\u00a0<\/span><\/p>\n<p style=\"text-align: center;\">Y agreg\u00f3: \u201cEn cada posici\u00f3n que ocup\u00e9, reafirm\u00e9 esta satisfacci\u00f3n no s\u00f3lo por el nivel de los productos que fabricamos sino tambi\u00e9n por la calidad humana de quienes integran este prestigioso grupo. Es un honor para m\u00ed volver a estar a cargo del Centro Industrial de Mercedes-Benz Argentina en donde hacemos un producto con el mismo nivel de calidad que el resto de las plantas del mundo. Del equipo que lidero admiro la forma de trabajo, la gran creatividad y el modo de estar siempre enfocados en encontrar soluciones a los inconvenientes que se puedan presentar\u201d.<\/p>\n<\/blockquote>\n<p>&nbsp;<\/p>\n<h2>Trayectoria consolidada<\/h2>\n<p>&nbsp;<\/p>\n<figure id=\"attachment_7695\" aria-describedby=\"caption-attachment-7695\" style=\"width: 1000px\" class=\"wp-caption aligncenter\"><img fetchpriority=\"high\" decoding=\"async\" class=\"wp-image-7695 size-full\" src=\"https:\/\/autofans.com.ar\/wp-content\/uploads\/2024\/05\/mercedes-3-1.jpg\" alt=\"Juan Manuel Fangio\" width=\"1000\" height=\"667\" srcset=\"https:\/\/autofans.com.ar\/wp-content\/uploads\/2024\/05\/mercedes-3-1.jpg 1000w, https:\/\/autofans.com.ar\/wp-content\/uploads\/2024\/05\/mercedes-3-1-300x200.jpg 300w, https:\/\/autofans.com.ar\/wp-content\/uploads\/2024\/05\/mercedes-3-1-768x512.jpg 768w\" sizes=\"(max-width: 1000px) 100vw, 1000px\" \/><figcaption id=\"caption-attachment-7695\" class=\"wp-caption-text\">Roberto L\u00f3pez Garc\u00eda<\/figcaption><\/figure>\n<p>&nbsp;<\/p>\n<p>Roberto inici\u00f3 su carrera en 1998 en Mercedes-Benz Espa\u00f1a en Vitoria, en el \u00e1rea de Compras. Con el tiempo, ocup\u00f3 roles clave, incluyendo asistente de presidencia y gesti\u00f3n de Recursos Humanos. Trabaj\u00f3 en la Planta de D\u00fcsseldorf y fue responsable de la Planta de Montaje. Tuvo un primer paso en Argentina como responsable de la F\u00e1brica local, luego contribuy\u00f3 en la producci\u00f3n de la Sprinter en Alemania y estuvo a cargo de la gesti\u00f3n de Recursos Humanos. A principios de 2024, regres\u00f3 a Buenos Aires para liderar el Centro Industrial Juan Manuel Fangio.<\/p>\n<p>&nbsp;<\/p>\n<blockquote>\n<p style=\"text-align: center;\">Para finalizar dijo: \u201cEstamos frente al gran desaf\u00edo de ser cada vez m\u00e1s competitivos. Optimizando los costos y con la mira puesta en espec\u00edficos targets por cumplir. Conf\u00edo en cada miembro de los que integran Mercedes-Benz Argentina me acompa\u00f1en en esta nueva etapa\u201d.<span class=\"Apple-converted-space\">\u00a0<\/span><\/p>\n<\/blockquote>\n<p>&nbsp;<\/p>\n<h2>Planta Juan Manuel Fangio y \u00e9xito de la Sprinter<\/h2>\n<p>&nbsp;<\/p>\n<p><img decoding=\"async\" class=\"aligncenter wp-image-7696 size-full\" src=\"https:\/\/autofans.com.ar\/wp-content\/uploads\/2024\/05\/mercedes-2-1.jpg\" alt=\"Juan Manuel Fangio\" width=\"1000\" height=\"667\" srcset=\"https:\/\/autofans.com.ar\/wp-content\/uploads\/2024\/05\/mercedes-2-1.jpg 1000w, https:\/\/autofans.com.ar\/wp-content\/uploads\/2024\/05\/mercedes-2-1-300x200.jpg 300w, https:\/\/autofans.com.ar\/wp-content\/uploads\/2024\/05\/mercedes-2-1-768x512.jpg 768w\" sizes=\"(max-width: 1000px) 100vw, 1000px\" \/><\/p>\n<p>&nbsp;<\/p>\n<p>Desde esta planta se produce la tercera generaci\u00f3n de la Sprinter, el utilitario que cumple 28 a\u00f1os de fabricaci\u00f3n nacional este a\u00f1o. La Sprinter \u00abhecha en Argentina\u00bb es l\u00edder en ventas en su segmento hace m\u00e1s de diez a\u00f1os, gracias a su seguridad, calidad y versatilidad. El 70% de su producci\u00f3n se exporta a pa\u00edses de la regi\u00f3n, con m\u00e1s de 400.000 unidades fabricadas, demostrando el compromiso de Mercedes-Benz con la industria nacional.<\/p>\n<p>&nbsp;<\/p>\n<p>&nbsp;<\/p>\n<p><i>Para enterarte de m\u00e1s novedades, no dejes de leer\u00a0<\/i><a href=\"https:\/\/autofans.thebrandsoup.com\/\"><i>nuestras notas<\/i><\/a><i>, de ver<\/i><b><i>\u00a0<\/i><\/b><a href=\"https:\/\/www.youtube.com\/channel\/UCgAC8UGHZYbT6P7PpmVnP7g\"><b><i>AUTOFANS TV<\/i><\/b><\/a><b><i>\u00a0<\/i><\/b><i>en nuestro\u00a0canal de Youtube. Adem\u00e1s seguinos en\u00a0<\/i><a href=\"https:\/\/www.instagram.com\/autofanstv\/\"><i>INSTAGRAM<\/i><\/a><i> y <\/i><a href=\"https:\/\/www.facebook.com\/autofansmas\/\"><i>FACEBOOK<\/i><\/a><i> para no perderte nada sobre las novedades del segmento automotor de Argentina y el mundo.<\/i><\/p>\n<p>&nbsp;<\/p>\n","protected":false},"excerpt":{"rendered":"<p>La Casa Matriz design\u00f3 a Roberto L\u00f3pez Garc\u00eda como director del Centro Industrial Juan Manuel&#8230;<\/p>\n","protected":false},"author":2,"featured_media":7697,"comment_status":"closed","ping_status":"closed","sticky":false,"template":"","format":"standard","meta":{"footnotes":""},"categories":[292,16],"tags":[3346,1198,2526,17,4055,4056],"class_list":["post-7694","post","type-post","status-publish","format-standard","has-post-thumbnail","hentry","category-empresas","category-noticias","tag-centro-industrial-juan-manuel-fangio","tag-fabricacion-nacional","tag-industria-automotriz-argentina","tag-mercedes-benz-argentina","tag-roberto-lopez-garcia","tag-sprinter"],"yoast_head":"<!-- This site is optimized with the Yoast SEO plugin v27.5 - https:\/\/yoast.com\/product\/yoast-seo-wordpress\/ -->\n<title>Nuevo director del centro industrial Juan Manuel Fangio -<\/title>\n<meta name=\"description\" content=\"La Casa Matriz design\u00f3 a Roberto L\u00f3pez Garc\u00eda como director del Centro Industrial Juan Manuel Fangio de Mercedes-Benz Argentina.\" \/>\n<meta name=\"robots\" content=\"index, follow, max-snippet:-1, max-image-preview:large, max-video-preview:-1\" \/>\n<link rel=\"canonical\" href=\"https:\/\/autofans.com.ar\/index.php\/2024\/05\/15\/nuevo-director-del-centro-industrial-juan-manuel-fangio\/\" \/>\n<meta property=\"og:locale\" content=\"es_ES\" \/>\n<meta property=\"og:type\" content=\"article\" \/>\n<meta property=\"og:title\" content=\"Nuevo director del centro industrial Juan Manuel Fangio -\" \/>\n<meta property=\"og:description\" content=\"La Casa Matriz design\u00f3 a Roberto L\u00f3pez Garc\u00eda como director del Centro Industrial Juan Manuel Fangio de Mercedes-Benz Argentina.\" \/>\n<meta property=\"og:url\" content=\"https:\/\/autofans.com.ar\/index.php\/2024\/05\/15\/nuevo-director-del-centro-industrial-juan-manuel-fangio\/\" \/>\n<meta property=\"article:published_time\" content=\"2024-05-15T13:09:58+00:00\" \/>\n<meta property=\"og:image\" content=\"https:\/\/autofans.com.ar\/wp-content\/uploads\/2024\/05\/mercedes-1-1.jpg\" \/>\n\t<meta property=\"og:image:width\" content=\"640\" \/>\n\t<meta property=\"og:image:height\" content=\"427\" \/>\n\t<meta property=\"og:image:type\" content=\"image\/jpeg\" \/>\n<meta name=\"author\" content=\"Alejandro Gabriel Rosito\" \/>\n<meta name=\"twitter:card\" content=\"summary_large_image\" \/>\n<meta name=\"twitter:label1\" content=\"Escrito por\" \/>\n\t<meta name=\"twitter:data1\" content=\"Alejandro Gabriel Rosito\" \/>\n\t<meta name=\"twitter:label2\" content=\"Tiempo de lectura\" \/>\n\t<meta name=\"twitter:data2\" content=\"3 minutos\" \/>\n<script type=\"application\/ld+json\" class=\"yoast-schema-graph\">{\"@context\":\"https:\\\/\\\/schema.org\",\"@graph\":[{\"@type\":\"Article\",\"@id\":\"https:\\\/\\\/autofans.com.ar\\\/index.php\\\/2024\\\/05\\\/15\\\/nuevo-director-del-centro-industrial-juan-manuel-fangio\\\/#article\",\"isPartOf\":{\"@id\":\"https:\\\/\\\/autofans.com.ar\\\/index.php\\\/2024\\\/05\\\/15\\\/nuevo-director-del-centro-industrial-juan-manuel-fangio\\\/\"},\"author\":{\"name\":\"Alejandro Gabriel Rosito\",\"@id\":\"https:\\\/\\\/autofans.com.ar\\\/#\\\/schema\\\/person\\\/4a8dda0b6df83ac3d6723e921274c2aa\"},\"headline\":\"Nuevo director del centro industrial Juan Manuel Fangio\",\"datePublished\":\"2024-05-15T13:09:58+00:00\",\"mainEntityOfPage\":{\"@id\":\"https:\\\/\\\/autofans.com.ar\\\/index.php\\\/2024\\\/05\\\/15\\\/nuevo-director-del-centro-industrial-juan-manuel-fangio\\\/\"},\"wordCount\":534,\"image\":{\"@id\":\"https:\\\/\\\/autofans.com.ar\\\/index.php\\\/2024\\\/05\\\/15\\\/nuevo-director-del-centro-industrial-juan-manuel-fangio\\\/#primaryimage\"},\"thumbnailUrl\":\"https:\\\/\\\/autofans.com.ar\\\/wp-content\\\/uploads\\\/2024\\\/05\\\/mercedes-1-1.jpg\",\"keywords\":[\"Centro Industrial Juan Manuel Fangio\",\"Fabricacion nacional\",\"industria automotriz argentina\",\"Mercedes Benz Argentina\",\"Roberto L\u00f3pez Garc\u00eda\",\"Sprinter\"],\"articleSection\":[\"EMPRESAS\",\"NOTICIAS\"],\"inLanguage\":\"es\"},{\"@type\":\"WebPage\",\"@id\":\"https:\\\/\\\/autofans.com.ar\\\/index.php\\\/2024\\\/05\\\/15\\\/nuevo-director-del-centro-industrial-juan-manuel-fangio\\\/\",\"url\":\"https:\\\/\\\/autofans.com.ar\\\/index.php\\\/2024\\\/05\\\/15\\\/nuevo-director-del-centro-industrial-juan-manuel-fangio\\\/\",\"name\":\"Nuevo director del centro industrial Juan Manuel Fangio -\",\"isPartOf\":{\"@id\":\"https:\\\/\\\/autofans.com.ar\\\/#website\"},\"primaryImageOfPage\":{\"@id\":\"https:\\\/\\\/autofans.com.ar\\\/index.php\\\/2024\\\/05\\\/15\\\/nuevo-director-del-centro-industrial-juan-manuel-fangio\\\/#primaryimage\"},\"image\":{\"@id\":\"https:\\\/\\\/autofans.com.ar\\\/index.php\\\/2024\\\/05\\\/15\\\/nuevo-director-del-centro-industrial-juan-manuel-fangio\\\/#primaryimage\"},\"thumbnailUrl\":\"https:\\\/\\\/autofans.com.ar\\\/wp-content\\\/uploads\\\/2024\\\/05\\\/mercedes-1-1.jpg\",\"datePublished\":\"2024-05-15T13:09:58+00:00\",\"author\":{\"@id\":\"https:\\\/\\\/autofans.com.ar\\\/#\\\/schema\\\/person\\\/4a8dda0b6df83ac3d6723e921274c2aa\"},\"description\":\"La Casa Matriz design\u00f3 a Roberto L\u00f3pez Garc\u00eda como director del Centro Industrial Juan Manuel Fangio de Mercedes-Benz Argentina.\",\"breadcrumb\":{\"@id\":\"https:\\\/\\\/autofans.com.ar\\\/index.php\\\/2024\\\/05\\\/15\\\/nuevo-director-del-centro-industrial-juan-manuel-fangio\\\/#breadcrumb\"},\"inLanguage\":\"es\",\"potentialAction\":[{\"@type\":\"ReadAction\",\"target\":[\"https:\\\/\\\/autofans.com.ar\\\/index.php\\\/2024\\\/05\\\/15\\\/nuevo-director-del-centro-industrial-juan-manuel-fangio\\\/\"]}]},{\"@type\":\"ImageObject\",\"inLanguage\":\"es\",\"@id\":\"https:\\\/\\\/autofans.com.ar\\\/index.php\\\/2024\\\/05\\\/15\\\/nuevo-director-del-centro-industrial-juan-manuel-fangio\\\/#primaryimage\",\"url\":\"https:\\\/\\\/autofans.com.ar\\\/wp-content\\\/uploads\\\/2024\\\/05\\\/mercedes-1-1.jpg\",\"contentUrl\":\"https:\\\/\\\/autofans.com.ar\\\/wp-content\\\/uploads\\\/2024\\\/05\\\/mercedes-1-1.jpg\",\"width\":1000,\"height\":667,\"caption\":\"Juan Manuel Fangio\"},{\"@type\":\"BreadcrumbList\",\"@id\":\"https:\\\/\\\/autofans.com.ar\\\/index.php\\\/2024\\\/05\\\/15\\\/nuevo-director-del-centro-industrial-juan-manuel-fangio\\\/#breadcrumb\",\"itemListElement\":[{\"@type\":\"ListItem\",\"position\":1,\"name\":\"Inicio\",\"item\":\"https:\\\/\\\/autofans.com.ar\\\/\"},{\"@type\":\"ListItem\",\"position\":2,\"name\":\"Nuevo director del centro industrial Juan Manuel Fangio\"}]},{\"@type\":\"WebSite\",\"@id\":\"https:\\\/\\\/autofans.com.ar\\\/#website\",\"url\":\"https:\\\/\\\/autofans.com.ar\\\/\",\"name\":\"\",\"description\":\"El multimedio referente de la industria automotriz\",\"potentialAction\":[{\"@type\":\"SearchAction\",\"target\":{\"@type\":\"EntryPoint\",\"urlTemplate\":\"https:\\\/\\\/autofans.com.ar\\\/?s={search_term_string}\"},\"query-input\":{\"@type\":\"PropertyValueSpecification\",\"valueRequired\":true,\"valueName\":\"search_term_string\"}}],\"inLanguage\":\"es\"},{\"@type\":\"Person\",\"@id\":\"https:\\\/\\\/autofans.com.ar\\\/#\\\/schema\\\/person\\\/4a8dda0b6df83ac3d6723e921274c2aa\",\"name\":\"Alejandro Gabriel Rosito\",\"image\":{\"@type\":\"ImageObject\",\"inLanguage\":\"es\",\"@id\":\"https:\\\/\\\/secure.gravatar.com\\\/avatar\\\/16c5dda1489adfc62618084dcbb91cffd879c374b13fe5dd8e44ed6733852c88?s=96&d=mm&r=g\",\"url\":\"https:\\\/\\\/secure.gravatar.com\\\/avatar\\\/16c5dda1489adfc62618084dcbb91cffd879c374b13fe5dd8e44ed6733852c88?s=96&d=mm&r=g\",\"contentUrl\":\"https:\\\/\\\/secure.gravatar.com\\\/avatar\\\/16c5dda1489adfc62618084dcbb91cffd879c374b13fe5dd8e44ed6733852c88?s=96&d=mm&r=g\",\"caption\":\"Alejandro Gabriel Rosito\"},\"url\":\"https:\\\/\\\/autofans.com.ar\\\/index.php\\\/author\\\/gabrielr\\\/\"}]}<\/script>\n<!-- \/ Yoast SEO plugin. -->","yoast_head_json":{"title":"Nuevo director del centro industrial Juan Manuel Fangio -","description":"La Casa Matriz design\u00f3 a Roberto L\u00f3pez Garc\u00eda como director del Centro Industrial Juan Manuel Fangio de Mercedes-Benz Argentina.","robots":{"index":"index","follow":"follow","max-snippet":"max-snippet:-1","max-image-preview":"max-image-preview:large","max-video-preview":"max-video-preview:-1"},"canonical":"https:\/\/autofans.com.ar\/index.php\/2024\/05\/15\/nuevo-director-del-centro-industrial-juan-manuel-fangio\/","og_locale":"es_ES","og_type":"article","og_title":"Nuevo director del centro industrial Juan Manuel Fangio -","og_description":"La Casa Matriz design\u00f3 a Roberto L\u00f3pez Garc\u00eda como director del Centro Industrial Juan Manuel Fangio de Mercedes-Benz Argentina.","og_url":"https:\/\/autofans.com.ar\/index.php\/2024\/05\/15\/nuevo-director-del-centro-industrial-juan-manuel-fangio\/","article_published_time":"2024-05-15T13:09:58+00:00","og_image":[{"url":"https:\/\/autofans.com.ar\/wp-content\/uploads\/2024\/05\/mercedes-1-1.jpg","width":640,"height":427,"type":"image\/jpeg"}],"author":"Alejandro Gabriel Rosito","twitter_card":"summary_large_image","twitter_misc":{"Escrito por":"Alejandro Gabriel Rosito","Tiempo de lectura":"3 minutos"},"schema":{"@context":"https:\/\/schema.org","@graph":[{"@type":"Article","@id":"https:\/\/autofans.com.ar\/index.php\/2024\/05\/15\/nuevo-director-del-centro-industrial-juan-manuel-fangio\/#article","isPartOf":{"@id":"https:\/\/autofans.com.ar\/index.php\/2024\/05\/15\/nuevo-director-del-centro-industrial-juan-manuel-fangio\/"},"author":{"name":"Alejandro Gabriel Rosito","@id":"https:\/\/autofans.com.ar\/#\/schema\/person\/4a8dda0b6df83ac3d6723e921274c2aa"},"headline":"Nuevo director del centro industrial Juan Manuel Fangio","datePublished":"2024-05-15T13:09:58+00:00","mainEntityOfPage":{"@id":"https:\/\/autofans.com.ar\/index.php\/2024\/05\/15\/nuevo-director-del-centro-industrial-juan-manuel-fangio\/"},"wordCount":534,"image":{"@id":"https:\/\/autofans.com.ar\/index.php\/2024\/05\/15\/nuevo-director-del-centro-industrial-juan-manuel-fangio\/#primaryimage"},"thumbnailUrl":"https:\/\/autofans.com.ar\/wp-content\/uploads\/2024\/05\/mercedes-1-1.jpg","keywords":["Centro Industrial Juan Manuel Fangio","Fabricacion nacional","industria automotriz argentina","Mercedes Benz Argentina","Roberto L\u00f3pez Garc\u00eda","Sprinter"],"articleSection":["EMPRESAS","NOTICIAS"],"inLanguage":"es"},{"@type":"WebPage","@id":"https:\/\/autofans.com.ar\/index.php\/2024\/05\/15\/nuevo-director-del-centro-industrial-juan-manuel-fangio\/","url":"https:\/\/autofans.com.ar\/index.php\/2024\/05\/15\/nuevo-director-del-centro-industrial-juan-manuel-fangio\/","name":"Nuevo director del centro industrial Juan Manuel Fangio -","isPartOf":{"@id":"https:\/\/autofans.com.ar\/#website"},"primaryImageOfPage":{"@id":"https:\/\/autofans.com.ar\/index.php\/2024\/05\/15\/nuevo-director-del-centro-industrial-juan-manuel-fangio\/#primaryimage"},"image":{"@id":"https:\/\/autofans.com.ar\/index.php\/2024\/05\/15\/nuevo-director-del-centro-industrial-juan-manuel-fangio\/#primaryimage"},"thumbnailUrl":"https:\/\/autofans.com.ar\/wp-content\/uploads\/2024\/05\/mercedes-1-1.jpg","datePublished":"2024-05-15T13:09:58+00:00","author":{"@id":"https:\/\/autofans.com.ar\/#\/schema\/person\/4a8dda0b6df83ac3d6723e921274c2aa"},"description":"La Casa Matriz design\u00f3 a Roberto L\u00f3pez Garc\u00eda como director del Centro Industrial Juan Manuel Fangio de Mercedes-Benz Argentina.","breadcrumb":{"@id":"https:\/\/autofans.com.ar\/index.php\/2024\/05\/15\/nuevo-director-del-centro-industrial-juan-manuel-fangio\/#breadcrumb"},"inLanguage":"es","potentialAction":[{"@type":"ReadAction","target":["https:\/\/autofans.com.ar\/index.php\/2024\/05\/15\/nuevo-director-del-centro-industrial-juan-manuel-fangio\/"]}]},{"@type":"ImageObject","inLanguage":"es","@id":"https:\/\/autofans.com.ar\/index.php\/2024\/05\/15\/nuevo-director-del-centro-industrial-juan-manuel-fangio\/#primaryimage","url":"https:\/\/autofans.com.ar\/wp-content\/uploads\/2024\/05\/mercedes-1-1.jpg","contentUrl":"https:\/\/autofans.com.ar\/wp-content\/uploads\/2024\/05\/mercedes-1-1.jpg","width":1000,"height":667,"caption":"Juan Manuel Fangio"},{"@type":"BreadcrumbList","@id":"https:\/\/autofans.com.ar\/index.php\/2024\/05\/15\/nuevo-director-del-centro-industrial-juan-manuel-fangio\/#breadcrumb","itemListElement":[{"@type":"ListItem","position":1,"name":"Inicio","item":"https:\/\/autofans.com.ar\/"},{"@type":"ListItem","position":2,"name":"Nuevo director del centro industrial Juan Manuel Fangio"}]},{"@type":"WebSite","@id":"https:\/\/autofans.com.ar\/#website","url":"https:\/\/autofans.com.ar\/","name":"","description":"El multimedio referente de la industria automotriz","potentialAction":[{"@type":"SearchAction","target":{"@type":"EntryPoint","urlTemplate":"https:\/\/autofans.com.ar\/?s={search_term_string}"},"query-input":{"@type":"PropertyValueSpecification","valueRequired":true,"valueName":"search_term_string"}}],"inLanguage":"es"},{"@type":"Person","@id":"https:\/\/autofans.com.ar\/#\/schema\/person\/4a8dda0b6df83ac3d6723e921274c2aa","name":"Alejandro Gabriel Rosito","image":{"@type":"ImageObject","inLanguage":"es","@id":"https:\/\/secure.gravatar.com\/avatar\/16c5dda1489adfc62618084dcbb91cffd879c374b13fe5dd8e44ed6733852c88?s=96&d=mm&r=g","url":"https:\/\/secure.gravatar.com\/avatar\/16c5dda1489adfc62618084dcbb91cffd879c374b13fe5dd8e44ed6733852c88?s=96&d=mm&r=g","contentUrl":"https:\/\/secure.gravatar.com\/avatar\/16c5dda1489adfc62618084dcbb91cffd879c374b13fe5dd8e44ed6733852c88?s=96&d=mm&r=g","caption":"Alejandro Gabriel Rosito"},"url":"https:\/\/autofans.com.ar\/index.php\/author\/gabrielr\/"}]}},"featured_image_urls":{"full":["https:\/\/autofans.com.ar\/wp-content\/uploads\/2024\/05\/mercedes-1-1.jpg",1000,667,false],"thumbnail":["https:\/\/autofans.com.ar\/wp-content\/uploads\/2024\/05\/mercedes-1-1-150x150.jpg",150,150,true],"medium":["https:\/\/autofans.com.ar\/wp-content\/uploads\/2024\/05\/mercedes-1-1-300x200.jpg",300,200,true],"medium_large":["https:\/\/autofans.com.ar\/wp-content\/uploads\/2024\/05\/mercedes-1-1-768x512.jpg",640,427,true],"large":["https:\/\/autofans.com.ar\/wp-content\/uploads\/2024\/05\/mercedes-1-1.jpg",640,427,false],"1536x1536":["https:\/\/autofans.com.ar\/wp-content\/uploads\/2024\/05\/mercedes-1-1.jpg",1000,667,false],"2048x2048":["https:\/\/autofans.com.ar\/wp-content\/uploads\/2024\/05\/mercedes-1-1.jpg",1000,667,false],"covernews-featured":["https:\/\/autofans.com.ar\/wp-content\/uploads\/2024\/05\/mercedes-1-1.jpg",1000,667,false],"covernews-medium":["https:\/\/autofans.com.ar\/wp-content\/uploads\/2024\/05\/mercedes-1-1-540x340.jpg",540,340,true]},"author_info":{"display_name":"Alejandro Gabriel Rosito","author_link":"https:\/\/autofans.com.ar\/index.php\/author\/gabrielr\/"},"category_info":"<a href=\"https:\/\/autofans.com.ar\/index.php\/category\/noticias\/empresas\/\" rel=\"category tag\">EMPRESAS<\/a> <a href=\"https:\/\/autofans.com.ar\/index.php\/category\/noticias\/\" rel=\"category tag\">NOTICIAS<\/a>","tag_info":"NOTICIAS","comment_count":0,"_links":{"self":[{"href":"https:\/\/autofans.com.ar\/index.php\/wp-json\/wp\/v2\/posts\/7694","targetHints":{"allow":["GET"]}}],"collection":[{"href":"https:\/\/autofans.com.ar\/index.php\/wp-json\/wp\/v2\/posts"}],"about":[{"href":"https:\/\/autofans.com.ar\/index.php\/wp-json\/wp\/v2\/types\/post"}],"author":[{"embeddable":true,"href":"https:\/\/autofans.com.ar\/index.php\/wp-json\/wp\/v2\/users\/2"}],"replies":[{"embeddable":true,"href":"https:\/\/autofans.com.ar\/index.php\/wp-json\/wp\/v2\/comments?post=7694"}],"version-history":[{"count":1,"href":"https:\/\/autofans.com.ar\/index.php\/wp-json\/wp\/v2\/posts\/7694\/revisions"}],"predecessor-version":[{"id":7698,"href":"https:\/\/autofans.com.ar\/index.php\/wp-json\/wp\/v2\/posts\/7694\/revisions\/7698"}],"wp:featuredmedia":[{"embeddable":true,"href":"https:\/\/autofans.com.ar\/index.php\/wp-json\/wp\/v2\/media\/7697"}],"wp:attachment":[{"href":"https:\/\/autofans.com.ar\/index.php\/wp-json\/wp\/v2\/media?parent=7694"}],"wp:term":[{"taxonomy":"category","embeddable":true,"href":"https:\/\/autofans.com.ar\/index.php\/wp-json\/wp\/v2\/categories?post=7694"},{"taxonomy":"post_tag","embeddable":true,"href":"https:\/\/autofans.com.ar\/index.php\/wp-json\/wp\/v2\/tags?post=7694"}],"curies":[{"name":"wp","href":"https:\/\/api.w.org\/{rel}","templated":true}]}}