{"id":7719,"date":"2024-05-16T18:06:01","date_gmt":"2024-05-16T21:06:01","guid":{"rendered":"https:\/\/autofans.com.ar\/?p=7719"},"modified":"2024-05-16T18:06:01","modified_gmt":"2024-05-16T21:06:01","slug":"desafio-ruta-40-ypf-infinia-2024-el-epicentro-del-rally-iberoamericano","status":"publish","type":"post","link":"https:\/\/autofans.com.ar\/index.php\/2024\/05\/16\/desafio-ruta-40-ypf-infinia-2024-el-epicentro-del-rally-iberoamericano\/","title":{"rendered":"Desaf\u00edo Ruta 40 YPF INFINIA 2024, el epicentro del Rally Iberoamericano"},"content":{"rendered":"<p>Del 1 al 7 de junio, C\u00f3rdoba, San Juan y La Rioja ser\u00e1n testigos de una batalla sin precedentes en el mundo del rally. El Desaf\u00edo Ruta 40 YPF INFINIA no solo marcar\u00e1 la cuarta ronda del Campeonato Mundial de Rally Raid (W2RC), sino que tambi\u00e9n ser\u00e1 el campo de juego para la disputa del t\u00edtulo del Campeonato Iberoamericano de Rally Cross Country.<\/p>\n<p>&nbsp;<\/p>\n<h2>Ruta 40 YPF &#8211; una batalla extra por el t\u00edtulo Iberoamericano<\/h2>\n<p>&nbsp;<\/p>\n<p><img fetchpriority=\"high\" decoding=\"async\" class=\"aligncenter wp-image-7721 size-full\" src=\"https:\/\/autofans.com.ar\/wp-content\/uploads\/2024\/05\/ruta40-2.jpg\" alt=\"Ruta 40 YPF\" width=\"1000\" height=\"667\" srcset=\"https:\/\/autofans.com.ar\/wp-content\/uploads\/2024\/05\/ruta40-2.jpg 1000w, https:\/\/autofans.com.ar\/wp-content\/uploads\/2024\/05\/ruta40-2-300x200.jpg 300w, https:\/\/autofans.com.ar\/wp-content\/uploads\/2024\/05\/ruta40-2-768x512.jpg 768w\" sizes=\"(max-width: 1000px) 100vw, 1000px\" \/><\/p>\n<p>&nbsp;<\/p>\n<p>Destinado a los pilotos iberoamericanos de la FIM, este t\u00edtulo a\u00f1ade un condimento extra a una competencia ya de por s\u00ed intensa. Todos los participantes del Desaf\u00edo Ruta 40 estar\u00e1n autom\u00e1ticamente inscritos en este desaf\u00edo adicional. Con la presencia de los mejores riders del mundo y los fabricantes m\u00e1s destacados del mundo de las dos ruedas, la competencia promete ser electrizante.<\/p>\n<p>&nbsp;<\/p>\n<h2>Superando l\u00edmites en el mundo del Rally<\/h2>\n<p>El Desaf\u00edo Ruta 40 se ha consolidado como uno de los eventos m\u00e1s destacados de la temporada. Este nuevo t\u00edtulo entre los pilotos FIM solo refuerza su posici\u00f3n como uno de los cert\u00e1menes m\u00e1s sobresalientes en su disciplina. La competencia ya ha dejado una huella imborrable en la historia del rally raid y esta edici\u00f3n apunta a superar todas las expectativas previas.<\/p>\n<p>&nbsp;<\/p>\n<p><img decoding=\"async\" class=\"aligncenter wp-image-7720 size-full\" src=\"https:\/\/autofans.com.ar\/wp-content\/uploads\/2024\/05\/ruta40-3.jpg\" alt=\"Ruta 40 YPF\" width=\"1000\" height=\"667\" srcset=\"https:\/\/autofans.com.ar\/wp-content\/uploads\/2024\/05\/ruta40-3.jpg 1000w, https:\/\/autofans.com.ar\/wp-content\/uploads\/2024\/05\/ruta40-3-300x200.jpg 300w, https:\/\/autofans.com.ar\/wp-content\/uploads\/2024\/05\/ruta40-3-768x512.jpg 768w\" sizes=\"(max-width: 1000px) 100vw, 1000px\" \/><\/p>\n<p>&nbsp;<\/p>\n<p>Con un recorrido desafiante, paisajes imponentes y la participaci\u00f3n de m\u00e1s de 100 pilotos, el <a href=\"https:\/\/autofans.com.ar\/index.php\/2024\/04\/29\/desafio-ruta-40-el-camino-argentino-hacia-el-rally-dakar\/\" target=\"_blank\" rel=\"noopener\">Desaf\u00edo Ruta 40<\/a> YPF INFINIA 2024 se prepara para brindar una semana llena de emoci\u00f3n, acci\u00f3n y momentos extraordinarios que quedar\u00e1n grabados en la memoria de todos los aficionados al deporte motor.<\/p>\n<p>&nbsp;<\/p>\n<p>\u00a1Prep\u00e1rate para vivir una experiencia inolvidable en las tierras argentinas!<\/p>\n<p>&nbsp;<\/p>\n<p>&nbsp;<\/p>\n<p>&nbsp;<\/p>\n<p><i>Para enterarte de m\u00e1s novedades, no dejes de leer\u00a0<\/i><a href=\"https:\/\/autofans.thebrandsoup.com\/\"><i>nuestras notas<\/i><\/a><i>, de ver<\/i><b><i>\u00a0<\/i><\/b><a href=\"https:\/\/www.youtube.com\/channel\/UCgAC8UGHZYbT6P7PpmVnP7g\"><b><i>AUTOFANS TV<\/i><\/b><\/a><b><i>\u00a0<\/i><\/b><i>en nuestro\u00a0canal de Youtube. Adem\u00e1s seguinos en\u00a0<\/i><a href=\"https:\/\/www.instagram.com\/autofanstv\/\"><i>INSTAGRAM<\/i><\/a><i> y <\/i><a href=\"https:\/\/www.facebook.com\/autofansmas\/\"><i>FACEBOOK<\/i><\/a><i> para no perderte nada sobre las novedades del segmento automotor de Argentina y el mundo.<\/i><\/p>\n","protected":false},"excerpt":{"rendered":"<p>Del 1 al 7 de junio, C\u00f3rdoba, San Juan y La Rioja ser\u00e1n testigos de&#8230;<\/p>\n","protected":false},"author":2,"featured_media":7722,"comment_status":"closed","ping_status":"closed","sticky":false,"template":"","format":"standard","meta":{"footnotes":""},"categories":[127,16],"tags":[38,3097,4069,4074,4071,138,4073,1139,4072,2999,4075,4070,4068,2140,1957],"class_list":["post-7719","post","type-post","status-publish","format-standard","has-post-thumbnail","hentry","category-deporte","category-noticias","tag-argentina","tag-aventura-en-moto","tag-campeonato-iberoamericano","tag-competencia-off-road","tag-competicion-de-motos","tag-deporte-motor","tag-deportes-extremos","tag-desafio-ruta-40","tag-desafio-ruta-40-2024","tag-eventos-deportivos","tag-paisajes-argentinos","tag-pilotos-fim","tag-rally-cross-country","tag-rally-raid","tag-ypf-infinia"],"yoast_head":"<!-- This site is optimized with the Yoast SEO plugin v27.5 - https:\/\/yoast.com\/product\/yoast-seo-wordpress\/ -->\n<title>Desaf\u00edo Ruta 40 YPF INFINIA 2024, el epicentro del Rally Iberoamericano -<\/title>\n<meta name=\"description\" content=\"Del 1 al 7 de junio, C\u00f3rdoba, San Juan y La Rioja ser\u00e1n testigos de una batalla sin precedentes en el mundo del rally. El Desaf\u00edo Ruta 40 YPF\" \/>\n<meta name=\"robots\" content=\"index, follow, max-snippet:-1, max-image-preview:large, max-video-preview:-1\" \/>\n<link rel=\"canonical\" href=\"https:\/\/autofans.com.ar\/index.php\/2024\/05\/16\/desafio-ruta-40-ypf-infinia-2024-el-epicentro-del-rally-iberoamericano\/\" \/>\n<meta property=\"og:locale\" content=\"es_ES\" \/>\n<meta property=\"og:type\" content=\"article\" \/>\n<meta property=\"og:title\" content=\"Desaf\u00edo Ruta 40 YPF INFINIA 2024, el epicentro del Rally Iberoamericano -\" \/>\n<meta property=\"og:description\" content=\"Del 1 al 7 de junio, C\u00f3rdoba, San Juan y La Rioja ser\u00e1n testigos de una batalla sin precedentes en el mundo del rally. El Desaf\u00edo Ruta 40 YPF\" \/>\n<meta property=\"og:url\" content=\"https:\/\/autofans.com.ar\/index.php\/2024\/05\/16\/desafio-ruta-40-ypf-infinia-2024-el-epicentro-del-rally-iberoamericano\/\" \/>\n<meta property=\"article:published_time\" content=\"2024-05-16T21:06:01+00:00\" \/>\n<meta property=\"og:image\" content=\"https:\/\/autofans.com.ar\/wp-content\/uploads\/2024\/05\/ruta40-1.jpg\" \/>\n\t<meta property=\"og:image:width\" content=\"640\" \/>\n\t<meta property=\"og:image:height\" content=\"427\" \/>\n\t<meta property=\"og:image:type\" content=\"image\/jpeg\" \/>\n<meta name=\"author\" content=\"Alejandro Gabriel Rosito\" \/>\n<meta name=\"twitter:card\" content=\"summary_large_image\" \/>\n<meta name=\"twitter:label1\" content=\"Escrito por\" \/>\n\t<meta name=\"twitter:data1\" content=\"Alejandro Gabriel Rosito\" \/>\n\t<meta name=\"twitter:label2\" content=\"Tiempo de lectura\" \/>\n\t<meta name=\"twitter:data2\" content=\"2 minutos\" \/>\n<script type=\"application\/ld+json\" class=\"yoast-schema-graph\">{\"@context\":\"https:\\\/\\\/schema.org\",\"@graph\":[{\"@type\":\"Article\",\"@id\":\"https:\\\/\\\/autofans.com.ar\\\/index.php\\\/2024\\\/05\\\/16\\\/desafio-ruta-40-ypf-infinia-2024-el-epicentro-del-rally-iberoamericano\\\/#article\",\"isPartOf\":{\"@id\":\"https:\\\/\\\/autofans.com.ar\\\/index.php\\\/2024\\\/05\\\/16\\\/desafio-ruta-40-ypf-infinia-2024-el-epicentro-del-rally-iberoamericano\\\/\"},\"author\":{\"name\":\"Alejandro Gabriel Rosito\",\"@id\":\"https:\\\/\\\/autofans.com.ar\\\/#\\\/schema\\\/person\\\/4a8dda0b6df83ac3d6723e921274c2aa\"},\"headline\":\"Desaf\u00edo Ruta 40 YPF INFINIA 2024, el epicentro del Rally Iberoamericano\",\"datePublished\":\"2024-05-16T21:06:01+00:00\",\"mainEntityOfPage\":{\"@id\":\"https:\\\/\\\/autofans.com.ar\\\/index.php\\\/2024\\\/05\\\/16\\\/desafio-ruta-40-ypf-infinia-2024-el-epicentro-del-rally-iberoamericano\\\/\"},\"wordCount\":344,\"image\":{\"@id\":\"https:\\\/\\\/autofans.com.ar\\\/index.php\\\/2024\\\/05\\\/16\\\/desafio-ruta-40-ypf-infinia-2024-el-epicentro-del-rally-iberoamericano\\\/#primaryimage\"},\"thumbnailUrl\":\"https:\\\/\\\/autofans.com.ar\\\/wp-content\\\/uploads\\\/2024\\\/05\\\/ruta40-1.jpg\",\"keywords\":[\"Argentina\",\"Aventura en Moto\",\"Campeonato Iberoamericano\",\"Competencia off-road\",\"Competici\u00f3n de motos\",\"Deporte motor\",\"Deportes extremos\",\"Desaf\u00edo Ruta 40\",\"Desaf\u00edo Ruta 40 2024\",\"Eventos Deportivos\",\"Paisajes argentinos\",\"Pilotos FIM\",\"Rally Cross Country\",\"Rally Raid\",\"YPF INFINIA\"],\"articleSection\":[\"DEPORTE MOTOR\",\"NOTICIAS\"],\"inLanguage\":\"es\"},{\"@type\":\"WebPage\",\"@id\":\"https:\\\/\\\/autofans.com.ar\\\/index.php\\\/2024\\\/05\\\/16\\\/desafio-ruta-40-ypf-infinia-2024-el-epicentro-del-rally-iberoamericano\\\/\",\"url\":\"https:\\\/\\\/autofans.com.ar\\\/index.php\\\/2024\\\/05\\\/16\\\/desafio-ruta-40-ypf-infinia-2024-el-epicentro-del-rally-iberoamericano\\\/\",\"name\":\"Desaf\u00edo Ruta 40 YPF INFINIA 2024, el epicentro del Rally Iberoamericano -\",\"isPartOf\":{\"@id\":\"https:\\\/\\\/autofans.com.ar\\\/#website\"},\"primaryImageOfPage\":{\"@id\":\"https:\\\/\\\/autofans.com.ar\\\/index.php\\\/2024\\\/05\\\/16\\\/desafio-ruta-40-ypf-infinia-2024-el-epicentro-del-rally-iberoamericano\\\/#primaryimage\"},\"image\":{\"@id\":\"https:\\\/\\\/autofans.com.ar\\\/index.php\\\/2024\\\/05\\\/16\\\/desafio-ruta-40-ypf-infinia-2024-el-epicentro-del-rally-iberoamericano\\\/#primaryimage\"},\"thumbnailUrl\":\"https:\\\/\\\/autofans.com.ar\\\/wp-content\\\/uploads\\\/2024\\\/05\\\/ruta40-1.jpg\",\"datePublished\":\"2024-05-16T21:06:01+00:00\",\"author\":{\"@id\":\"https:\\\/\\\/autofans.com.ar\\\/#\\\/schema\\\/person\\\/4a8dda0b6df83ac3d6723e921274c2aa\"},\"description\":\"Del 1 al 7 de junio, C\u00f3rdoba, San Juan y La Rioja ser\u00e1n testigos de una batalla sin precedentes en el mundo del rally. El Desaf\u00edo Ruta 40 YPF\",\"breadcrumb\":{\"@id\":\"https:\\\/\\\/autofans.com.ar\\\/index.php\\\/2024\\\/05\\\/16\\\/desafio-ruta-40-ypf-infinia-2024-el-epicentro-del-rally-iberoamericano\\\/#breadcrumb\"},\"inLanguage\":\"es\",\"potentialAction\":[{\"@type\":\"ReadAction\",\"target\":[\"https:\\\/\\\/autofans.com.ar\\\/index.php\\\/2024\\\/05\\\/16\\\/desafio-ruta-40-ypf-infinia-2024-el-epicentro-del-rally-iberoamericano\\\/\"]}]},{\"@type\":\"ImageObject\",\"inLanguage\":\"es\",\"@id\":\"https:\\\/\\\/autofans.com.ar\\\/index.php\\\/2024\\\/05\\\/16\\\/desafio-ruta-40-ypf-infinia-2024-el-epicentro-del-rally-iberoamericano\\\/#primaryimage\",\"url\":\"https:\\\/\\\/autofans.com.ar\\\/wp-content\\\/uploads\\\/2024\\\/05\\\/ruta40-1.jpg\",\"contentUrl\":\"https:\\\/\\\/autofans.com.ar\\\/wp-content\\\/uploads\\\/2024\\\/05\\\/ruta40-1.jpg\",\"width\":1000,\"height\":667,\"caption\":\"Ruta 40 YPF\"},{\"@type\":\"BreadcrumbList\",\"@id\":\"https:\\\/\\\/autofans.com.ar\\\/index.php\\\/2024\\\/05\\\/16\\\/desafio-ruta-40-ypf-infinia-2024-el-epicentro-del-rally-iberoamericano\\\/#breadcrumb\",\"itemListElement\":[{\"@type\":\"ListItem\",\"position\":1,\"name\":\"Inicio\",\"item\":\"https:\\\/\\\/autofans.com.ar\\\/\"},{\"@type\":\"ListItem\",\"position\":2,\"name\":\"Desaf\u00edo Ruta 40 YPF INFINIA 2024, el epicentro del Rally Iberoamericano\"}]},{\"@type\":\"WebSite\",\"@id\":\"https:\\\/\\\/autofans.com.ar\\\/#website\",\"url\":\"https:\\\/\\\/autofans.com.ar\\\/\",\"name\":\"\",\"description\":\"El multimedio referente de la industria automotriz\",\"potentialAction\":[{\"@type\":\"SearchAction\",\"target\":{\"@type\":\"EntryPoint\",\"urlTemplate\":\"https:\\\/\\\/autofans.com.ar\\\/?s={search_term_string}\"},\"query-input\":{\"@type\":\"PropertyValueSpecification\",\"valueRequired\":true,\"valueName\":\"search_term_string\"}}],\"inLanguage\":\"es\"},{\"@type\":\"Person\",\"@id\":\"https:\\\/\\\/autofans.com.ar\\\/#\\\/schema\\\/person\\\/4a8dda0b6df83ac3d6723e921274c2aa\",\"name\":\"Alejandro Gabriel Rosito\",\"image\":{\"@type\":\"ImageObject\",\"inLanguage\":\"es\",\"@id\":\"https:\\\/\\\/secure.gravatar.com\\\/avatar\\\/16c5dda1489adfc62618084dcbb91cffd879c374b13fe5dd8e44ed6733852c88?s=96&d=mm&r=g\",\"url\":\"https:\\\/\\\/secure.gravatar.com\\\/avatar\\\/16c5dda1489adfc62618084dcbb91cffd879c374b13fe5dd8e44ed6733852c88?s=96&d=mm&r=g\",\"contentUrl\":\"https:\\\/\\\/secure.gravatar.com\\\/avatar\\\/16c5dda1489adfc62618084dcbb91cffd879c374b13fe5dd8e44ed6733852c88?s=96&d=mm&r=g\",\"caption\":\"Alejandro Gabriel Rosito\"},\"url\":\"https:\\\/\\\/autofans.com.ar\\\/index.php\\\/author\\\/gabrielr\\\/\"}]}<\/script>\n<!-- \/ Yoast SEO plugin. -->","yoast_head_json":{"title":"Desaf\u00edo Ruta 40 YPF INFINIA 2024, el epicentro del Rally Iberoamericano -","description":"Del 1 al 7 de junio, C\u00f3rdoba, San Juan y La Rioja ser\u00e1n testigos de una batalla sin precedentes en el mundo del rally. El Desaf\u00edo Ruta 40 YPF","robots":{"index":"index","follow":"follow","max-snippet":"max-snippet:-1","max-image-preview":"max-image-preview:large","max-video-preview":"max-video-preview:-1"},"canonical":"https:\/\/autofans.com.ar\/index.php\/2024\/05\/16\/desafio-ruta-40-ypf-infinia-2024-el-epicentro-del-rally-iberoamericano\/","og_locale":"es_ES","og_type":"article","og_title":"Desaf\u00edo Ruta 40 YPF INFINIA 2024, el epicentro del Rally Iberoamericano -","og_description":"Del 1 al 7 de junio, C\u00f3rdoba, San Juan y La Rioja ser\u00e1n testigos de una batalla sin precedentes en el mundo del rally. El Desaf\u00edo Ruta 40 YPF","og_url":"https:\/\/autofans.com.ar\/index.php\/2024\/05\/16\/desafio-ruta-40-ypf-infinia-2024-el-epicentro-del-rally-iberoamericano\/","article_published_time":"2024-05-16T21:06:01+00:00","og_image":[{"url":"https:\/\/autofans.com.ar\/wp-content\/uploads\/2024\/05\/ruta40-1.jpg","width":640,"height":427,"type":"image\/jpeg"}],"author":"Alejandro Gabriel Rosito","twitter_card":"summary_large_image","twitter_misc":{"Escrito por":"Alejandro Gabriel Rosito","Tiempo de lectura":"2 minutos"},"schema":{"@context":"https:\/\/schema.org","@graph":[{"@type":"Article","@id":"https:\/\/autofans.com.ar\/index.php\/2024\/05\/16\/desafio-ruta-40-ypf-infinia-2024-el-epicentro-del-rally-iberoamericano\/#article","isPartOf":{"@id":"https:\/\/autofans.com.ar\/index.php\/2024\/05\/16\/desafio-ruta-40-ypf-infinia-2024-el-epicentro-del-rally-iberoamericano\/"},"author":{"name":"Alejandro Gabriel Rosito","@id":"https:\/\/autofans.com.ar\/#\/schema\/person\/4a8dda0b6df83ac3d6723e921274c2aa"},"headline":"Desaf\u00edo Ruta 40 YPF INFINIA 2024, el epicentro del Rally Iberoamericano","datePublished":"2024-05-16T21:06:01+00:00","mainEntityOfPage":{"@id":"https:\/\/autofans.com.ar\/index.php\/2024\/05\/16\/desafio-ruta-40-ypf-infinia-2024-el-epicentro-del-rally-iberoamericano\/"},"wordCount":344,"image":{"@id":"https:\/\/autofans.com.ar\/index.php\/2024\/05\/16\/desafio-ruta-40-ypf-infinia-2024-el-epicentro-del-rally-iberoamericano\/#primaryimage"},"thumbnailUrl":"https:\/\/autofans.com.ar\/wp-content\/uploads\/2024\/05\/ruta40-1.jpg","keywords":["Argentina","Aventura en Moto","Campeonato Iberoamericano","Competencia off-road","Competici\u00f3n de motos","Deporte motor","Deportes extremos","Desaf\u00edo Ruta 40","Desaf\u00edo Ruta 40 2024","Eventos Deportivos","Paisajes argentinos","Pilotos FIM","Rally Cross Country","Rally Raid","YPF INFINIA"],"articleSection":["DEPORTE MOTOR","NOTICIAS"],"inLanguage":"es"},{"@type":"WebPage","@id":"https:\/\/autofans.com.ar\/index.php\/2024\/05\/16\/desafio-ruta-40-ypf-infinia-2024-el-epicentro-del-rally-iberoamericano\/","url":"https:\/\/autofans.com.ar\/index.php\/2024\/05\/16\/desafio-ruta-40-ypf-infinia-2024-el-epicentro-del-rally-iberoamericano\/","name":"Desaf\u00edo Ruta 40 YPF INFINIA 2024, el epicentro del Rally Iberoamericano -","isPartOf":{"@id":"https:\/\/autofans.com.ar\/#website"},"primaryImageOfPage":{"@id":"https:\/\/autofans.com.ar\/index.php\/2024\/05\/16\/desafio-ruta-40-ypf-infinia-2024-el-epicentro-del-rally-iberoamericano\/#primaryimage"},"image":{"@id":"https:\/\/autofans.com.ar\/index.php\/2024\/05\/16\/desafio-ruta-40-ypf-infinia-2024-el-epicentro-del-rally-iberoamericano\/#primaryimage"},"thumbnailUrl":"https:\/\/autofans.com.ar\/wp-content\/uploads\/2024\/05\/ruta40-1.jpg","datePublished":"2024-05-16T21:06:01+00:00","author":{"@id":"https:\/\/autofans.com.ar\/#\/schema\/person\/4a8dda0b6df83ac3d6723e921274c2aa"},"description":"Del 1 al 7 de junio, C\u00f3rdoba, San Juan y La Rioja ser\u00e1n testigos de una batalla sin precedentes en el mundo del rally. El Desaf\u00edo Ruta 40 YPF","breadcrumb":{"@id":"https:\/\/autofans.com.ar\/index.php\/2024\/05\/16\/desafio-ruta-40-ypf-infinia-2024-el-epicentro-del-rally-iberoamericano\/#breadcrumb"},"inLanguage":"es","potentialAction":[{"@type":"ReadAction","target":["https:\/\/autofans.com.ar\/index.php\/2024\/05\/16\/desafio-ruta-40-ypf-infinia-2024-el-epicentro-del-rally-iberoamericano\/"]}]},{"@type":"ImageObject","inLanguage":"es","@id":"https:\/\/autofans.com.ar\/index.php\/2024\/05\/16\/desafio-ruta-40-ypf-infinia-2024-el-epicentro-del-rally-iberoamericano\/#primaryimage","url":"https:\/\/autofans.com.ar\/wp-content\/uploads\/2024\/05\/ruta40-1.jpg","contentUrl":"https:\/\/autofans.com.ar\/wp-content\/uploads\/2024\/05\/ruta40-1.jpg","width":1000,"height":667,"caption":"Ruta 40 YPF"},{"@type":"BreadcrumbList","@id":"https:\/\/autofans.com.ar\/index.php\/2024\/05\/16\/desafio-ruta-40-ypf-infinia-2024-el-epicentro-del-rally-iberoamericano\/#breadcrumb","itemListElement":[{"@type":"ListItem","position":1,"name":"Inicio","item":"https:\/\/autofans.com.ar\/"},{"@type":"ListItem","position":2,"name":"Desaf\u00edo Ruta 40 YPF INFINIA 2024, el epicentro del Rally Iberoamericano"}]},{"@type":"WebSite","@id":"https:\/\/autofans.com.ar\/#website","url":"https:\/\/autofans.com.ar\/","name":"","description":"El multimedio referente de la industria automotriz","potentialAction":[{"@type":"SearchAction","target":{"@type":"EntryPoint","urlTemplate":"https:\/\/autofans.com.ar\/?s={search_term_string}"},"query-input":{"@type":"PropertyValueSpecification","valueRequired":true,"valueName":"search_term_string"}}],"inLanguage":"es"},{"@type":"Person","@id":"https:\/\/autofans.com.ar\/#\/schema\/person\/4a8dda0b6df83ac3d6723e921274c2aa","name":"Alejandro Gabriel Rosito","image":{"@type":"ImageObject","inLanguage":"es","@id":"https:\/\/secure.gravatar.com\/avatar\/16c5dda1489adfc62618084dcbb91cffd879c374b13fe5dd8e44ed6733852c88?s=96&d=mm&r=g","url":"https:\/\/secure.gravatar.com\/avatar\/16c5dda1489adfc62618084dcbb91cffd879c374b13fe5dd8e44ed6733852c88?s=96&d=mm&r=g","contentUrl":"https:\/\/secure.gravatar.com\/avatar\/16c5dda1489adfc62618084dcbb91cffd879c374b13fe5dd8e44ed6733852c88?s=96&d=mm&r=g","caption":"Alejandro Gabriel Rosito"},"url":"https:\/\/autofans.com.ar\/index.php\/author\/gabrielr\/"}]}},"featured_image_urls":{"full":["https:\/\/autofans.com.ar\/wp-content\/uploads\/2024\/05\/ruta40-1.jpg",1000,667,false],"thumbnail":["https:\/\/autofans.com.ar\/wp-content\/uploads\/2024\/05\/ruta40-1-150x150.jpg",150,150,true],"medium":["https:\/\/autofans.com.ar\/wp-content\/uploads\/2024\/05\/ruta40-1-300x200.jpg",300,200,true],"medium_large":["https:\/\/autofans.com.ar\/wp-content\/uploads\/2024\/05\/ruta40-1-768x512.jpg",640,427,true],"large":["https:\/\/autofans.com.ar\/wp-content\/uploads\/2024\/05\/ruta40-1.jpg",640,427,false],"1536x1536":["https:\/\/autofans.com.ar\/wp-content\/uploads\/2024\/05\/ruta40-1.jpg",1000,667,false],"2048x2048":["https:\/\/autofans.com.ar\/wp-content\/uploads\/2024\/05\/ruta40-1.jpg",1000,667,false],"covernews-featured":["https:\/\/autofans.com.ar\/wp-content\/uploads\/2024\/05\/ruta40-1.jpg",1000,667,false],"covernews-medium":["https:\/\/autofans.com.ar\/wp-content\/uploads\/2024\/05\/ruta40-1-540x340.jpg",540,340,true]},"author_info":{"display_name":"Alejandro Gabriel Rosito","author_link":"https:\/\/autofans.com.ar\/index.php\/author\/gabrielr\/"},"category_info":"<a href=\"https:\/\/autofans.com.ar\/index.php\/category\/noticias\/deporte\/\" rel=\"category tag\">DEPORTE MOTOR<\/a> <a href=\"https:\/\/autofans.com.ar\/index.php\/category\/noticias\/\" rel=\"category tag\">NOTICIAS<\/a>","tag_info":"NOTICIAS","comment_count":0,"_links":{"self":[{"href":"https:\/\/autofans.com.ar\/index.php\/wp-json\/wp\/v2\/posts\/7719","targetHints":{"allow":["GET"]}}],"collection":[{"href":"https:\/\/autofans.com.ar\/index.php\/wp-json\/wp\/v2\/posts"}],"about":[{"href":"https:\/\/autofans.com.ar\/index.php\/wp-json\/wp\/v2\/types\/post"}],"author":[{"embeddable":true,"href":"https:\/\/autofans.com.ar\/index.php\/wp-json\/wp\/v2\/users\/2"}],"replies":[{"embeddable":true,"href":"https:\/\/autofans.com.ar\/index.php\/wp-json\/wp\/v2\/comments?post=7719"}],"version-history":[{"count":2,"href":"https:\/\/autofans.com.ar\/index.php\/wp-json\/wp\/v2\/posts\/7719\/revisions"}],"predecessor-version":[{"id":7724,"href":"https:\/\/autofans.com.ar\/index.php\/wp-json\/wp\/v2\/posts\/7719\/revisions\/7724"}],"wp:featuredmedia":[{"embeddable":true,"href":"https:\/\/autofans.com.ar\/index.php\/wp-json\/wp\/v2\/media\/7722"}],"wp:attachment":[{"href":"https:\/\/autofans.com.ar\/index.php\/wp-json\/wp\/v2\/media?parent=7719"}],"wp:term":[{"taxonomy":"category","embeddable":true,"href":"https:\/\/autofans.com.ar\/index.php\/wp-json\/wp\/v2\/categories?post=7719"},{"taxonomy":"post_tag","embeddable":true,"href":"https:\/\/autofans.com.ar\/index.php\/wp-json\/wp\/v2\/tags?post=7719"}],"curies":[{"name":"wp","href":"https:\/\/api.w.org\/{rel}","templated":true}]}}