{"id":7736,"date":"2024-05-20T16:28:16","date_gmt":"2024-05-20T19:28:16","guid":{"rendered":"https:\/\/autofans.com.ar\/?p=7736"},"modified":"2024-05-20T16:28:16","modified_gmt":"2024-05-20T19:28:16","slug":"on-air-entrevista-con-sacha-fenestraz-piloto-de-formula-e","status":"publish","type":"post","link":"https:\/\/autofans.com.ar\/index.php\/2024\/05\/20\/on-air-entrevista-con-sacha-fenestraz-piloto-de-formula-e\/","title":{"rendered":"ON AIR entrevista con Sacha Fenestraz, piloto de F\u00f3rmula E"},"content":{"rendered":"<p>Sacha Fenestraz, piloto del equipo oficial de Nissan en la F\u00f3rmula E, fue entrevistado en un episodio especial del podcast \u00abNissan ON AIR\u00bb. En esta charla, el piloto comparti\u00f3 su recorrido desde su infancia en Argentina hasta su participaci\u00f3n en la d\u00e9cima temporada de la competencia el\u00e9ctrica.<\/p>\n<p>&nbsp;<\/p>\n<blockquote>\n<p style=\"text-align: center;\">Sobre las carreras, cuenta que \u00abno es solo manejar, al mismo tiempo hay que ser muy inteligente, para pensar anticipadamente, para sobrepasar, por ejemplo, considerar la energ\u00eda y eso le da m\u00e1s dificultad. Decimos que somos Multi function: muchas cosas que hacemos mientras manejamos. Tu cabeza est\u00e1 conduciendo, y a la vez escuchando al ingeniero que habla, que tal vez te sugiere cambiar algo del volante, que tiene m\u00e1s de 350 opciones que tenemos que conocer de memoria. Con la experiencia se hace natural\u00bb.<\/p>\n<\/blockquote>\n<p>&nbsp;<\/p>\n<h2>La pasi\u00f3n de Sacha Fenestraz<\/h2>\n<p>&nbsp;<\/p>\n<p><img fetchpriority=\"high\" decoding=\"async\" class=\"aligncenter wp-image-7739 size-full\" src=\"https:\/\/autofans.com.ar\/wp-content\/uploads\/2024\/05\/foto-1.jpg\" alt=\"F\u00f3rmula E\" width=\"1000\" height=\"667\" srcset=\"https:\/\/autofans.com.ar\/wp-content\/uploads\/2024\/05\/foto-1.jpg 1000w, https:\/\/autofans.com.ar\/wp-content\/uploads\/2024\/05\/foto-1-300x200.jpg 300w, https:\/\/autofans.com.ar\/wp-content\/uploads\/2024\/05\/foto-1-768x512.jpg 768w\" sizes=\"(max-width: 1000px) 100vw, 1000px\" \/><\/p>\n<p>&nbsp;<\/p>\n<p>Sacha Fenestraz, nacido en Francia pero criado en Argentina, siempre tuvo una conexi\u00f3n especial con el automovilismo, influenciado por sus padres franceses. Desde joven, se destac\u00f3 en las pistas, lo que lo llev\u00f3 a ganar el t\u00edtulo de F\u00f3rmula 3 japonesa en 2019. Tras este logro, Sacha compiti\u00f3 en la Super F\u00f3rmula y en la clase GT500 de Super GT, obteniendo m\u00faltiples victorias y finalizando como subcampe\u00f3n en la S\u00faper F\u00f3rmula en 2022.<\/p>\n<blockquote>\n<p style=\"text-align: center;\">\u00abLa preparaci\u00f3n es fundamental. El entrenamiento f\u00edsico seguro, pero si mentalmente no est\u00e1s bien se hace dif\u00edcil. Est\u00e1s todo el tiempo con presi\u00f3n, y especialmente en estos campeonatos mundiales, con tanta gente del equipo alrededor\u00bb.<\/p>\n<\/blockquote>\n<h2>La d\u00e9cima temporada de la F\u00f3rmula E<\/h2>\n<p>En el episodio \u00abNissan F\u00f3rmula E con Sacha Fenestraz\u00bb, el piloto relata sus experiencias, una categor\u00eda que destaca por su innovaci\u00f3n y sostenibilidad. La temporada 10 representa su segunda campa\u00f1a en esta competencia, donde Sacha busca consolidarse como uno de los referentes del automovilismo el\u00e9ctrico.<\/p>\n<p>&nbsp;<\/p>\n<p><img decoding=\"async\" class=\"aligncenter wp-image-7738 size-full\" src=\"https:\/\/autofans.com.ar\/wp-content\/uploads\/2024\/05\/foto-2.jpg\" alt=\"F\u00f3rmula E\" width=\"1000\" height=\"667\" srcset=\"https:\/\/autofans.com.ar\/wp-content\/uploads\/2024\/05\/foto-2.jpg 1000w, https:\/\/autofans.com.ar\/wp-content\/uploads\/2024\/05\/foto-2-300x200.jpg 300w, https:\/\/autofans.com.ar\/wp-content\/uploads\/2024\/05\/foto-2-768x512.jpg 768w\" sizes=\"(max-width: 1000px) 100vw, 1000px\" \/><\/p>\n<p>&nbsp;<\/p>\n<p>Para conocer m\u00e1s sobre la vida y carrera de Sacha Fenestraz, pod\u00e9s escuchar la entrevista completa en plataformas como<a href=\"https:\/\/open.spotify.com\/episode\/3FMxxiN4di0jelaCacowPT\" target=\"_blank\" rel=\"noopener\"> Spotify<\/a>, <a href=\"https:\/\/podcasts.apple.com\/ar\/podcast\/nissan-on-air\/id1567972798?l=en-GB\" target=\"_blank\" rel=\"noopener\">YouTube<\/a> y Apple Podcasts. Descubr\u00ed c\u00f3mo Sacha vive su pasi\u00f3n por el automovilismo tanto dentro como fuera de las pistas.<\/p>\n<p>&nbsp;<\/p>\n<p>&nbsp;<\/p>\n<p>&nbsp;<\/p>\n<p><i>Para enterarte de m\u00e1s novedades, no dejes de leer\u00a0<\/i><a href=\"https:\/\/autofans.thebrandsoup.com\/\"><i>nuestras notas<\/i><\/a><i>, de ver<\/i><b><i>\u00a0<\/i><\/b><a href=\"https:\/\/www.youtube.com\/channel\/UCgAC8UGHZYbT6P7PpmVnP7g\"><b><i>AUTOFANS TV<\/i><\/b><\/a><b><i>\u00a0<\/i><\/b><i>en nuestro\u00a0canal de Youtube. Adem\u00e1s seguinos en\u00a0<\/i><a href=\"https:\/\/www.instagram.com\/autofanstv\/\"><i>INSTAGRAM<\/i><\/a><i> y <\/i><a href=\"https:\/\/www.facebook.com\/autofansmas\/\"><i>FACEBOOK<\/i><\/a><i> para no perderte nada sobre las novedades del segmento automotor de Argentina y el mundo.<\/i><\/p>\n","protected":false},"excerpt":{"rendered":"<p>Sacha Fenestraz, piloto del equipo oficial de Nissan en la F\u00f3rmula E, fue entrevistado en&#8230;<\/p>\n","protected":false},"author":2,"featured_media":7737,"comment_status":"closed","ping_status":"closed","sticky":false,"template":"","format":"standard","meta":{"footnotes":""},"categories":[127,16],"tags":[1545,267,268,4086,4085,266,4087],"class_list":["post-7736","post","type-post","status-publish","format-standard","has-post-thumbnail","hentry","category-deporte","category-noticias","tag-automovilismo-electrico","tag-formula-e","tag-nissan","tag-piloto-franco-argentino","tag-podcast-nissan","tag-sacha-fenestraz","tag-temporada-10-formula-e"],"yoast_head":"<!-- This site is optimized with the Yoast SEO plugin v27.5 - https:\/\/yoast.com\/product\/yoast-seo-wordpress\/ -->\n<title>ON AIR entrevista con Sacha Fenestraz, piloto de F\u00f3rmula E -<\/title>\n<meta name=\"description\" content=\"Sacha Fenestraz, piloto del equipo oficial de Nissan en la F\u00f3rmula E, fue entrevistado en un episodio especial del podcast &quot;Nissan ON AIR&quot;...\" \/>\n<meta name=\"robots\" content=\"index, follow, max-snippet:-1, max-image-preview:large, max-video-preview:-1\" \/>\n<link rel=\"canonical\" href=\"https:\/\/autofans.com.ar\/index.php\/2024\/05\/20\/on-air-entrevista-con-sacha-fenestraz-piloto-de-formula-e\/\" \/>\n<meta property=\"og:locale\" content=\"es_ES\" \/>\n<meta property=\"og:type\" content=\"article\" \/>\n<meta property=\"og:title\" content=\"ON AIR entrevista con Sacha Fenestraz, piloto de F\u00f3rmula E -\" \/>\n<meta property=\"og:description\" content=\"Sacha Fenestraz, piloto del equipo oficial de Nissan en la F\u00f3rmula E, fue entrevistado en un episodio especial del podcast &quot;Nissan ON AIR&quot;...\" \/>\n<meta property=\"og:url\" content=\"https:\/\/autofans.com.ar\/index.php\/2024\/05\/20\/on-air-entrevista-con-sacha-fenestraz-piloto-de-formula-e\/\" \/>\n<meta property=\"article:published_time\" content=\"2024-05-20T19:28:16+00:00\" \/>\n<meta property=\"og:image\" content=\"https:\/\/autofans.com.ar\/wp-content\/uploads\/2024\/05\/foto-3.jpg\" \/>\n\t<meta property=\"og:image:width\" content=\"640\" \/>\n\t<meta property=\"og:image:height\" content=\"427\" \/>\n\t<meta property=\"og:image:type\" content=\"image\/jpeg\" \/>\n<meta name=\"author\" content=\"Alejandro Gabriel Rosito\" \/>\n<meta name=\"twitter:card\" content=\"summary_large_image\" \/>\n<meta name=\"twitter:label1\" content=\"Escrito por\" \/>\n\t<meta name=\"twitter:data1\" content=\"Alejandro Gabriel Rosito\" \/>\n\t<meta name=\"twitter:label2\" content=\"Tiempo de lectura\" \/>\n\t<meta name=\"twitter:data2\" content=\"2 minutos\" \/>\n<script type=\"application\/ld+json\" class=\"yoast-schema-graph\">{\"@context\":\"https:\\\/\\\/schema.org\",\"@graph\":[{\"@type\":\"Article\",\"@id\":\"https:\\\/\\\/autofans.com.ar\\\/index.php\\\/2024\\\/05\\\/20\\\/on-air-entrevista-con-sacha-fenestraz-piloto-de-formula-e\\\/#article\",\"isPartOf\":{\"@id\":\"https:\\\/\\\/autofans.com.ar\\\/index.php\\\/2024\\\/05\\\/20\\\/on-air-entrevista-con-sacha-fenestraz-piloto-de-formula-e\\\/\"},\"author\":{\"name\":\"Alejandro Gabriel Rosito\",\"@id\":\"https:\\\/\\\/autofans.com.ar\\\/#\\\/schema\\\/person\\\/4a8dda0b6df83ac3d6723e921274c2aa\"},\"headline\":\"ON AIR entrevista con Sacha Fenestraz, piloto de F\u00f3rmula E\",\"datePublished\":\"2024-05-20T19:28:16+00:00\",\"mainEntityOfPage\":{\"@id\":\"https:\\\/\\\/autofans.com.ar\\\/index.php\\\/2024\\\/05\\\/20\\\/on-air-entrevista-con-sacha-fenestraz-piloto-de-formula-e\\\/\"},\"wordCount\":427,\"image\":{\"@id\":\"https:\\\/\\\/autofans.com.ar\\\/index.php\\\/2024\\\/05\\\/20\\\/on-air-entrevista-con-sacha-fenestraz-piloto-de-formula-e\\\/#primaryimage\"},\"thumbnailUrl\":\"https:\\\/\\\/autofans.com.ar\\\/wp-content\\\/uploads\\\/2024\\\/05\\\/foto-3.jpg\",\"keywords\":[\"Automovilismo el\u00e9ctrico\",\"F\u00f3rmula E\",\"Nissan\",\"piloto franco-argentino\",\"podcast Nissan\",\"Sacha Fenestraz\",\"temporada 10 F\u00f3rmula E\"],\"articleSection\":[\"DEPORTE MOTOR\",\"NOTICIAS\"],\"inLanguage\":\"es\"},{\"@type\":\"WebPage\",\"@id\":\"https:\\\/\\\/autofans.com.ar\\\/index.php\\\/2024\\\/05\\\/20\\\/on-air-entrevista-con-sacha-fenestraz-piloto-de-formula-e\\\/\",\"url\":\"https:\\\/\\\/autofans.com.ar\\\/index.php\\\/2024\\\/05\\\/20\\\/on-air-entrevista-con-sacha-fenestraz-piloto-de-formula-e\\\/\",\"name\":\"ON AIR entrevista con Sacha Fenestraz, piloto de F\u00f3rmula E -\",\"isPartOf\":{\"@id\":\"https:\\\/\\\/autofans.com.ar\\\/#website\"},\"primaryImageOfPage\":{\"@id\":\"https:\\\/\\\/autofans.com.ar\\\/index.php\\\/2024\\\/05\\\/20\\\/on-air-entrevista-con-sacha-fenestraz-piloto-de-formula-e\\\/#primaryimage\"},\"image\":{\"@id\":\"https:\\\/\\\/autofans.com.ar\\\/index.php\\\/2024\\\/05\\\/20\\\/on-air-entrevista-con-sacha-fenestraz-piloto-de-formula-e\\\/#primaryimage\"},\"thumbnailUrl\":\"https:\\\/\\\/autofans.com.ar\\\/wp-content\\\/uploads\\\/2024\\\/05\\\/foto-3.jpg\",\"datePublished\":\"2024-05-20T19:28:16+00:00\",\"author\":{\"@id\":\"https:\\\/\\\/autofans.com.ar\\\/#\\\/schema\\\/person\\\/4a8dda0b6df83ac3d6723e921274c2aa\"},\"description\":\"Sacha Fenestraz, piloto del equipo oficial de Nissan en la F\u00f3rmula E, fue entrevistado en un episodio especial del podcast \\\"Nissan ON AIR\\\"...\",\"breadcrumb\":{\"@id\":\"https:\\\/\\\/autofans.com.ar\\\/index.php\\\/2024\\\/05\\\/20\\\/on-air-entrevista-con-sacha-fenestraz-piloto-de-formula-e\\\/#breadcrumb\"},\"inLanguage\":\"es\",\"potentialAction\":[{\"@type\":\"ReadAction\",\"target\":[\"https:\\\/\\\/autofans.com.ar\\\/index.php\\\/2024\\\/05\\\/20\\\/on-air-entrevista-con-sacha-fenestraz-piloto-de-formula-e\\\/\"]}]},{\"@type\":\"ImageObject\",\"inLanguage\":\"es\",\"@id\":\"https:\\\/\\\/autofans.com.ar\\\/index.php\\\/2024\\\/05\\\/20\\\/on-air-entrevista-con-sacha-fenestraz-piloto-de-formula-e\\\/#primaryimage\",\"url\":\"https:\\\/\\\/autofans.com.ar\\\/wp-content\\\/uploads\\\/2024\\\/05\\\/foto-3.jpg\",\"contentUrl\":\"https:\\\/\\\/autofans.com.ar\\\/wp-content\\\/uploads\\\/2024\\\/05\\\/foto-3.jpg\",\"width\":1000,\"height\":667,\"caption\":\"F\u00f3rmula E\"},{\"@type\":\"BreadcrumbList\",\"@id\":\"https:\\\/\\\/autofans.com.ar\\\/index.php\\\/2024\\\/05\\\/20\\\/on-air-entrevista-con-sacha-fenestraz-piloto-de-formula-e\\\/#breadcrumb\",\"itemListElement\":[{\"@type\":\"ListItem\",\"position\":1,\"name\":\"Inicio\",\"item\":\"https:\\\/\\\/autofans.com.ar\\\/\"},{\"@type\":\"ListItem\",\"position\":2,\"name\":\"ON AIR entrevista con Sacha Fenestraz, piloto de F\u00f3rmula E\"}]},{\"@type\":\"WebSite\",\"@id\":\"https:\\\/\\\/autofans.com.ar\\\/#website\",\"url\":\"https:\\\/\\\/autofans.com.ar\\\/\",\"name\":\"\",\"description\":\"El multimedio referente de la industria automotriz\",\"potentialAction\":[{\"@type\":\"SearchAction\",\"target\":{\"@type\":\"EntryPoint\",\"urlTemplate\":\"https:\\\/\\\/autofans.com.ar\\\/?s={search_term_string}\"},\"query-input\":{\"@type\":\"PropertyValueSpecification\",\"valueRequired\":true,\"valueName\":\"search_term_string\"}}],\"inLanguage\":\"es\"},{\"@type\":\"Person\",\"@id\":\"https:\\\/\\\/autofans.com.ar\\\/#\\\/schema\\\/person\\\/4a8dda0b6df83ac3d6723e921274c2aa\",\"name\":\"Alejandro Gabriel Rosito\",\"image\":{\"@type\":\"ImageObject\",\"inLanguage\":\"es\",\"@id\":\"https:\\\/\\\/secure.gravatar.com\\\/avatar\\\/16c5dda1489adfc62618084dcbb91cffd879c374b13fe5dd8e44ed6733852c88?s=96&d=mm&r=g\",\"url\":\"https:\\\/\\\/secure.gravatar.com\\\/avatar\\\/16c5dda1489adfc62618084dcbb91cffd879c374b13fe5dd8e44ed6733852c88?s=96&d=mm&r=g\",\"contentUrl\":\"https:\\\/\\\/secure.gravatar.com\\\/avatar\\\/16c5dda1489adfc62618084dcbb91cffd879c374b13fe5dd8e44ed6733852c88?s=96&d=mm&r=g\",\"caption\":\"Alejandro Gabriel Rosito\"},\"url\":\"https:\\\/\\\/autofans.com.ar\\\/index.php\\\/author\\\/gabrielr\\\/\"}]}<\/script>\n<!-- \/ Yoast SEO plugin. -->","yoast_head_json":{"title":"ON AIR entrevista con Sacha Fenestraz, piloto de F\u00f3rmula E -","description":"Sacha Fenestraz, piloto del equipo oficial de Nissan en la F\u00f3rmula E, fue entrevistado en un episodio especial del podcast \"Nissan ON AIR\"...","robots":{"index":"index","follow":"follow","max-snippet":"max-snippet:-1","max-image-preview":"max-image-preview:large","max-video-preview":"max-video-preview:-1"},"canonical":"https:\/\/autofans.com.ar\/index.php\/2024\/05\/20\/on-air-entrevista-con-sacha-fenestraz-piloto-de-formula-e\/","og_locale":"es_ES","og_type":"article","og_title":"ON AIR entrevista con Sacha Fenestraz, piloto de F\u00f3rmula E -","og_description":"Sacha Fenestraz, piloto del equipo oficial de Nissan en la F\u00f3rmula E, fue entrevistado en un episodio especial del podcast \"Nissan ON AIR\"...","og_url":"https:\/\/autofans.com.ar\/index.php\/2024\/05\/20\/on-air-entrevista-con-sacha-fenestraz-piloto-de-formula-e\/","article_published_time":"2024-05-20T19:28:16+00:00","og_image":[{"url":"https:\/\/autofans.com.ar\/wp-content\/uploads\/2024\/05\/foto-3.jpg","width":640,"height":427,"type":"image\/jpeg"}],"author":"Alejandro Gabriel Rosito","twitter_card":"summary_large_image","twitter_misc":{"Escrito por":"Alejandro Gabriel Rosito","Tiempo de lectura":"2 minutos"},"schema":{"@context":"https:\/\/schema.org","@graph":[{"@type":"Article","@id":"https:\/\/autofans.com.ar\/index.php\/2024\/05\/20\/on-air-entrevista-con-sacha-fenestraz-piloto-de-formula-e\/#article","isPartOf":{"@id":"https:\/\/autofans.com.ar\/index.php\/2024\/05\/20\/on-air-entrevista-con-sacha-fenestraz-piloto-de-formula-e\/"},"author":{"name":"Alejandro Gabriel Rosito","@id":"https:\/\/autofans.com.ar\/#\/schema\/person\/4a8dda0b6df83ac3d6723e921274c2aa"},"headline":"ON AIR entrevista con Sacha Fenestraz, piloto de F\u00f3rmula E","datePublished":"2024-05-20T19:28:16+00:00","mainEntityOfPage":{"@id":"https:\/\/autofans.com.ar\/index.php\/2024\/05\/20\/on-air-entrevista-con-sacha-fenestraz-piloto-de-formula-e\/"},"wordCount":427,"image":{"@id":"https:\/\/autofans.com.ar\/index.php\/2024\/05\/20\/on-air-entrevista-con-sacha-fenestraz-piloto-de-formula-e\/#primaryimage"},"thumbnailUrl":"https:\/\/autofans.com.ar\/wp-content\/uploads\/2024\/05\/foto-3.jpg","keywords":["Automovilismo el\u00e9ctrico","F\u00f3rmula E","Nissan","piloto franco-argentino","podcast Nissan","Sacha Fenestraz","temporada 10 F\u00f3rmula E"],"articleSection":["DEPORTE MOTOR","NOTICIAS"],"inLanguage":"es"},{"@type":"WebPage","@id":"https:\/\/autofans.com.ar\/index.php\/2024\/05\/20\/on-air-entrevista-con-sacha-fenestraz-piloto-de-formula-e\/","url":"https:\/\/autofans.com.ar\/index.php\/2024\/05\/20\/on-air-entrevista-con-sacha-fenestraz-piloto-de-formula-e\/","name":"ON AIR entrevista con Sacha Fenestraz, piloto de F\u00f3rmula E -","isPartOf":{"@id":"https:\/\/autofans.com.ar\/#website"},"primaryImageOfPage":{"@id":"https:\/\/autofans.com.ar\/index.php\/2024\/05\/20\/on-air-entrevista-con-sacha-fenestraz-piloto-de-formula-e\/#primaryimage"},"image":{"@id":"https:\/\/autofans.com.ar\/index.php\/2024\/05\/20\/on-air-entrevista-con-sacha-fenestraz-piloto-de-formula-e\/#primaryimage"},"thumbnailUrl":"https:\/\/autofans.com.ar\/wp-content\/uploads\/2024\/05\/foto-3.jpg","datePublished":"2024-05-20T19:28:16+00:00","author":{"@id":"https:\/\/autofans.com.ar\/#\/schema\/person\/4a8dda0b6df83ac3d6723e921274c2aa"},"description":"Sacha Fenestraz, piloto del equipo oficial de Nissan en la F\u00f3rmula E, fue entrevistado en un episodio especial del podcast \"Nissan ON AIR\"...","breadcrumb":{"@id":"https:\/\/autofans.com.ar\/index.php\/2024\/05\/20\/on-air-entrevista-con-sacha-fenestraz-piloto-de-formula-e\/#breadcrumb"},"inLanguage":"es","potentialAction":[{"@type":"ReadAction","target":["https:\/\/autofans.com.ar\/index.php\/2024\/05\/20\/on-air-entrevista-con-sacha-fenestraz-piloto-de-formula-e\/"]}]},{"@type":"ImageObject","inLanguage":"es","@id":"https:\/\/autofans.com.ar\/index.php\/2024\/05\/20\/on-air-entrevista-con-sacha-fenestraz-piloto-de-formula-e\/#primaryimage","url":"https:\/\/autofans.com.ar\/wp-content\/uploads\/2024\/05\/foto-3.jpg","contentUrl":"https:\/\/autofans.com.ar\/wp-content\/uploads\/2024\/05\/foto-3.jpg","width":1000,"height":667,"caption":"F\u00f3rmula E"},{"@type":"BreadcrumbList","@id":"https:\/\/autofans.com.ar\/index.php\/2024\/05\/20\/on-air-entrevista-con-sacha-fenestraz-piloto-de-formula-e\/#breadcrumb","itemListElement":[{"@type":"ListItem","position":1,"name":"Inicio","item":"https:\/\/autofans.com.ar\/"},{"@type":"ListItem","position":2,"name":"ON AIR entrevista con Sacha Fenestraz, piloto de F\u00f3rmula E"}]},{"@type":"WebSite","@id":"https:\/\/autofans.com.ar\/#website","url":"https:\/\/autofans.com.ar\/","name":"","description":"El multimedio referente de la industria automotriz","potentialAction":[{"@type":"SearchAction","target":{"@type":"EntryPoint","urlTemplate":"https:\/\/autofans.com.ar\/?s={search_term_string}"},"query-input":{"@type":"PropertyValueSpecification","valueRequired":true,"valueName":"search_term_string"}}],"inLanguage":"es"},{"@type":"Person","@id":"https:\/\/autofans.com.ar\/#\/schema\/person\/4a8dda0b6df83ac3d6723e921274c2aa","name":"Alejandro Gabriel Rosito","image":{"@type":"ImageObject","inLanguage":"es","@id":"https:\/\/secure.gravatar.com\/avatar\/16c5dda1489adfc62618084dcbb91cffd879c374b13fe5dd8e44ed6733852c88?s=96&d=mm&r=g","url":"https:\/\/secure.gravatar.com\/avatar\/16c5dda1489adfc62618084dcbb91cffd879c374b13fe5dd8e44ed6733852c88?s=96&d=mm&r=g","contentUrl":"https:\/\/secure.gravatar.com\/avatar\/16c5dda1489adfc62618084dcbb91cffd879c374b13fe5dd8e44ed6733852c88?s=96&d=mm&r=g","caption":"Alejandro Gabriel Rosito"},"url":"https:\/\/autofans.com.ar\/index.php\/author\/gabrielr\/"}]}},"featured_image_urls":{"full":["https:\/\/autofans.com.ar\/wp-content\/uploads\/2024\/05\/foto-3.jpg",1000,667,false],"thumbnail":["https:\/\/autofans.com.ar\/wp-content\/uploads\/2024\/05\/foto-3-150x150.jpg",150,150,true],"medium":["https:\/\/autofans.com.ar\/wp-content\/uploads\/2024\/05\/foto-3-300x200.jpg",300,200,true],"medium_large":["https:\/\/autofans.com.ar\/wp-content\/uploads\/2024\/05\/foto-3-768x512.jpg",640,427,true],"large":["https:\/\/autofans.com.ar\/wp-content\/uploads\/2024\/05\/foto-3.jpg",640,427,false],"1536x1536":["https:\/\/autofans.com.ar\/wp-content\/uploads\/2024\/05\/foto-3.jpg",1000,667,false],"2048x2048":["https:\/\/autofans.com.ar\/wp-content\/uploads\/2024\/05\/foto-3.jpg",1000,667,false],"covernews-featured":["https:\/\/autofans.com.ar\/wp-content\/uploads\/2024\/05\/foto-3.jpg",1000,667,false],"covernews-medium":["https:\/\/autofans.com.ar\/wp-content\/uploads\/2024\/05\/foto-3-540x340.jpg",540,340,true]},"author_info":{"display_name":"Alejandro Gabriel Rosito","author_link":"https:\/\/autofans.com.ar\/index.php\/author\/gabrielr\/"},"category_info":"<a href=\"https:\/\/autofans.com.ar\/index.php\/category\/noticias\/deporte\/\" rel=\"category tag\">DEPORTE MOTOR<\/a> <a href=\"https:\/\/autofans.com.ar\/index.php\/category\/noticias\/\" rel=\"category tag\">NOTICIAS<\/a>","tag_info":"NOTICIAS","comment_count":0,"_links":{"self":[{"href":"https:\/\/autofans.com.ar\/index.php\/wp-json\/wp\/v2\/posts\/7736","targetHints":{"allow":["GET"]}}],"collection":[{"href":"https:\/\/autofans.com.ar\/index.php\/wp-json\/wp\/v2\/posts"}],"about":[{"href":"https:\/\/autofans.com.ar\/index.php\/wp-json\/wp\/v2\/types\/post"}],"author":[{"embeddable":true,"href":"https:\/\/autofans.com.ar\/index.php\/wp-json\/wp\/v2\/users\/2"}],"replies":[{"embeddable":true,"href":"https:\/\/autofans.com.ar\/index.php\/wp-json\/wp\/v2\/comments?post=7736"}],"version-history":[{"count":3,"href":"https:\/\/autofans.com.ar\/index.php\/wp-json\/wp\/v2\/posts\/7736\/revisions"}],"predecessor-version":[{"id":7742,"href":"https:\/\/autofans.com.ar\/index.php\/wp-json\/wp\/v2\/posts\/7736\/revisions\/7742"}],"wp:featuredmedia":[{"embeddable":true,"href":"https:\/\/autofans.com.ar\/index.php\/wp-json\/wp\/v2\/media\/7737"}],"wp:attachment":[{"href":"https:\/\/autofans.com.ar\/index.php\/wp-json\/wp\/v2\/media?parent=7736"}],"wp:term":[{"taxonomy":"category","embeddable":true,"href":"https:\/\/autofans.com.ar\/index.php\/wp-json\/wp\/v2\/categories?post=7736"},{"taxonomy":"post_tag","embeddable":true,"href":"https:\/\/autofans.com.ar\/index.php\/wp-json\/wp\/v2\/tags?post=7736"}],"curies":[{"name":"wp","href":"https:\/\/api.w.org\/{rel}","templated":true}]}}