{"id":7874,"date":"2024-05-30T14:07:43","date_gmt":"2024-05-30T17:07:43","guid":{"rendered":"https:\/\/autofans.com.ar\/?p=7874"},"modified":"2024-05-30T14:07:43","modified_gmt":"2024-05-30T17:07:43","slug":"concept-cars-de-nissan-inspirados-en-la-conexion-humana","status":"publish","type":"post","link":"https:\/\/autofans.com.ar\/index.php\/2024\/05\/30\/concept-cars-de-nissan-inspirados-en-la-conexion-humana\/","title":{"rendered":"Concept-Cars de Nissan inspirados en la conexi\u00f3n humana"},"content":{"rendered":"<p>Nissan contin\u00faa sorprendiendo con su enfoque en el dise\u00f1o centrado en el usuario. En el Japan Mobility Show 2023, la marca present\u00f3 cinco concept-cars el\u00e9ctricos que reflejan una est\u00e9tica phygital (f\u00edsica + digital). Estos modelos no solo innovan en tecnolog\u00eda, sino que tambi\u00e9n est\u00e1n dise\u00f1ados pensando en usuarios espec\u00edficos, desde n\u00f3mades sustentables hasta gamers.<\/p>\n<p>&nbsp;<\/p>\n<h2>Los Concept-Cars de Nissan en el Japan Mobility Show 2023<\/h2>\n<p>En el Japan Mobility Show 2023, Nissan demostr\u00f3 su compromiso con la innovaci\u00f3n y la satisfacci\u00f3n del usuario. La presentaci\u00f3n de cinco prototipos el\u00e9ctricos destac\u00f3 por su enfoque en la est\u00e9tica phygital y las necesidades de diferentes estilos de vida.<\/p>\n<p>&nbsp;<\/p>\n<p><img fetchpriority=\"high\" decoding=\"async\" class=\"aligncenter wp-image-7875 size-full\" src=\"https:\/\/autofans.com.ar\/wp-content\/uploads\/2024\/05\/nissan-3-2.jpg\" alt=\"Nissan\" width=\"1000\" height=\"667\" srcset=\"https:\/\/autofans.com.ar\/wp-content\/uploads\/2024\/05\/nissan-3-2.jpg 1000w, https:\/\/autofans.com.ar\/wp-content\/uploads\/2024\/05\/nissan-3-2-300x200.jpg 300w, https:\/\/autofans.com.ar\/wp-content\/uploads\/2024\/05\/nissan-3-2-768x512.jpg 768w\" sizes=\"(max-width: 1000px) 100vw, 1000px\" \/><\/p>\n<p>&nbsp;<\/p>\n<p>Woonggyu Han, dise\u00f1ador del Hyper Punk Concept, un mini SUV cyberpunk, explic\u00f3: \u00abDebes entender y tener una imagen clara de tu usuario objetivo y ponerte en su lugar\u00bb. Este concepto est\u00e1 dirigido a artistas digitales que buscan una fusi\u00f3n entre lo f\u00edsico y lo digital.<\/p>\n<p>&nbsp;<\/p>\n<p>&nbsp;<\/p>\n<h2>Dise\u00f1o centrado en el usuario<\/h2>\n<p>Ziying (Zoey) Chen, del equipo de dise\u00f1o del Hyper Adventure, enfatiz\u00f3 la importancia de relacionarse con el usuario: \u00abCuando lo dise\u00f1amos, quer\u00edamos relacionarnos con \u00e9l. Siempre estamos pensando en su funci\u00f3n\u00bb.<\/p>\n<p>Kyehyun Ahn, del equipo de Hyper Urban, destac\u00f3 la conexi\u00f3n entre sostenibilidad y dise\u00f1o atemporal: \u00abEl buen dise\u00f1o se hereda de generaci\u00f3n en generaci\u00f3n. Quiero crear un auto que pueda gustar durante mucho tiempo\u00bb.<\/p>\n<p>&nbsp;<\/p>\n<p><img decoding=\"async\" class=\"aligncenter wp-image-7877 size-full\" src=\"https:\/\/autofans.com.ar\/wp-content\/uploads\/2024\/05\/nissan-1-2.jpg\" alt=\"Nissan\" width=\"1000\" height=\"667\" srcset=\"https:\/\/autofans.com.ar\/wp-content\/uploads\/2024\/05\/nissan-1-2.jpg 1000w, https:\/\/autofans.com.ar\/wp-content\/uploads\/2024\/05\/nissan-1-2-300x200.jpg 300w, https:\/\/autofans.com.ar\/wp-content\/uploads\/2024\/05\/nissan-1-2-768x512.jpg 768w\" sizes=\"(max-width: 1000px) 100vw, 1000px\" \/><\/p>\n<p>&nbsp;<\/p>\n<p>Marcus Quach, del equipo de dise\u00f1o de Hyper Force, fusion\u00f3 lo futurista con un homenaje a los autos de alto rendimiento de los 80 y 90: \u00abQuer\u00eda rendir homenaje a los autos de alto rendimiento de Nissan del pasado infundiendo peque\u00f1os toques en el dise\u00f1o\u00bb.<\/p>\n<p>Sebastien Jesus, del equipo de dise\u00f1o de Hyper Urban, explic\u00f3 el desaf\u00edo de crear un espacio modular: \u00abDise\u00f1ar un espacio modular es un buen ejemplo de c\u00f3mo las limitaciones se traducen en oportunidades\u00bb.<\/p>\n<p>Estos concept-cars no solo representan innovaci\u00f3n tecnol\u00f3gica, sino tambi\u00e9n un profundo entendimiento de los estilos de vida de los usuarios. Nissan demuestra que el dise\u00f1o de veh\u00edculos puede ser tanto funcional como est\u00e9ticamente impactante, anticipando un futuro de movilidad el\u00e9ctrica, conectada e inteligente.<\/p>\n<p>&nbsp;<\/p>\n<p>&nbsp;<\/p>\n<p>&nbsp;<\/p>\n<p><i>Para enterarte de m\u00e1s novedades, no dejes de leer\u00a0<\/i><a href=\"https:\/\/autofans.thebrandsoup.com\/\"><i>nuestras notas<\/i><\/a><i>, de ver<\/i><b><i>\u00a0<\/i><\/b><a href=\"https:\/\/www.youtube.com\/channel\/UCgAC8UGHZYbT6P7PpmVnP7g\"><b><i>AUTOFANS TV<\/i><\/b><\/a><b><i>\u00a0<\/i><\/b><i>en nuestro\u00a0canal de Youtube. Adem\u00e1s seguinos en\u00a0<\/i><a href=\"https:\/\/www.instagram.com\/autofanstv\/\"><i>INSTAGRAM<\/i><\/a><i> y <\/i><a href=\"https:\/\/www.facebook.com\/autofansmas\/\"><i>FACEBOOK<\/i><\/a><i> para no perderte nada sobre las novedades del segmento automotor de Argentina y el mundo.<\/i><\/p>\n","protected":false},"excerpt":{"rendered":"<p>Nissan contin\u00faa sorprendiendo con su enfoque en el dise\u00f1o centrado en el usuario. En el&#8230;<\/p>\n","protected":false},"author":2,"featured_media":7876,"comment_status":"closed","ping_status":"closed","sticky":false,"template":"","format":"standard","meta":{"footnotes":""},"categories":[218,16],"tags":[4174,4172,433,4173,2713,2762,268],"class_list":["post-7874","post","type-post","status-publish","format-standard","has-post-thumbnail","hentry","category-autotecno","category-noticias","tag-autos-electricos-nissan","tag-concept-cars-electricos","tag-diseno-automotriz","tag-innovacion-en-vehiculos","tag-japan-mobility-show","tag-movilidad-futura","tag-nissan"],"yoast_head":"<!-- This site is optimized with the Yoast SEO plugin v27.5 - https:\/\/yoast.com\/product\/yoast-seo-wordpress\/ -->\n<title>Concept-Cars de Nissan inspirados en la conexi\u00f3n humana -<\/title>\n<meta name=\"description\" content=\"Nissan en el Japan Mobility Show 2023, la marca present\u00f3 cinco concept-cars el\u00e9ctricos que reflejan una est\u00e9tica phygital (f\u00edsica + digital).\" \/>\n<meta name=\"robots\" content=\"index, follow, max-snippet:-1, max-image-preview:large, max-video-preview:-1\" \/>\n<link rel=\"canonical\" href=\"https:\/\/autofans.com.ar\/index.php\/2024\/05\/30\/concept-cars-de-nissan-inspirados-en-la-conexion-humana\/\" \/>\n<meta property=\"og:locale\" content=\"es_ES\" \/>\n<meta property=\"og:type\" content=\"article\" \/>\n<meta property=\"og:title\" content=\"Concept-Cars de Nissan inspirados en la conexi\u00f3n humana -\" \/>\n<meta property=\"og:description\" content=\"Nissan en el Japan Mobility Show 2023, la marca present\u00f3 cinco concept-cars el\u00e9ctricos que reflejan una est\u00e9tica phygital (f\u00edsica + digital).\" \/>\n<meta property=\"og:url\" content=\"https:\/\/autofans.com.ar\/index.php\/2024\/05\/30\/concept-cars-de-nissan-inspirados-en-la-conexion-humana\/\" \/>\n<meta property=\"article:published_time\" content=\"2024-05-30T17:07:43+00:00\" \/>\n<meta property=\"og:image\" content=\"https:\/\/autofans.com.ar\/wp-content\/uploads\/2024\/05\/nissan-2-3.jpg\" \/>\n\t<meta property=\"og:image:width\" content=\"640\" \/>\n\t<meta property=\"og:image:height\" content=\"427\" \/>\n\t<meta property=\"og:image:type\" content=\"image\/jpeg\" \/>\n<meta name=\"author\" content=\"Alejandro Gabriel Rosito\" \/>\n<meta name=\"twitter:card\" content=\"summary_large_image\" \/>\n<meta name=\"twitter:label1\" content=\"Escrito por\" \/>\n\t<meta name=\"twitter:data1\" content=\"Alejandro Gabriel Rosito\" \/>\n\t<meta name=\"twitter:label2\" content=\"Tiempo de lectura\" \/>\n\t<meta name=\"twitter:data2\" content=\"3 minutos\" \/>\n<script type=\"application\/ld+json\" class=\"yoast-schema-graph\">{\"@context\":\"https:\\\/\\\/schema.org\",\"@graph\":[{\"@type\":\"Article\",\"@id\":\"https:\\\/\\\/autofans.com.ar\\\/index.php\\\/2024\\\/05\\\/30\\\/concept-cars-de-nissan-inspirados-en-la-conexion-humana\\\/#article\",\"isPartOf\":{\"@id\":\"https:\\\/\\\/autofans.com.ar\\\/index.php\\\/2024\\\/05\\\/30\\\/concept-cars-de-nissan-inspirados-en-la-conexion-humana\\\/\"},\"author\":{\"name\":\"Alejandro Gabriel Rosito\",\"@id\":\"https:\\\/\\\/autofans.com.ar\\\/#\\\/schema\\\/person\\\/4a8dda0b6df83ac3d6723e921274c2aa\"},\"headline\":\"Concept-Cars de Nissan inspirados en la conexi\u00f3n humana\",\"datePublished\":\"2024-05-30T17:07:43+00:00\",\"mainEntityOfPage\":{\"@id\":\"https:\\\/\\\/autofans.com.ar\\\/index.php\\\/2024\\\/05\\\/30\\\/concept-cars-de-nissan-inspirados-en-la-conexion-humana\\\/\"},\"wordCount\":440,\"image\":{\"@id\":\"https:\\\/\\\/autofans.com.ar\\\/index.php\\\/2024\\\/05\\\/30\\\/concept-cars-de-nissan-inspirados-en-la-conexion-humana\\\/#primaryimage\"},\"thumbnailUrl\":\"https:\\\/\\\/autofans.com.ar\\\/wp-content\\\/uploads\\\/2024\\\/05\\\/nissan-2-3.jpg\",\"keywords\":[\"autos el\u00e9ctricos Nissan\",\"concept-cars el\u00e9ctricos\",\"dise\u00f1o automotriz\",\"innovaci\u00f3n en veh\u00edculos\",\"Japan Mobility Show\",\"movilidad futura\",\"Nissan\"],\"articleSection\":[\"AUTOTECNO\",\"NOTICIAS\"],\"inLanguage\":\"es\"},{\"@type\":\"WebPage\",\"@id\":\"https:\\\/\\\/autofans.com.ar\\\/index.php\\\/2024\\\/05\\\/30\\\/concept-cars-de-nissan-inspirados-en-la-conexion-humana\\\/\",\"url\":\"https:\\\/\\\/autofans.com.ar\\\/index.php\\\/2024\\\/05\\\/30\\\/concept-cars-de-nissan-inspirados-en-la-conexion-humana\\\/\",\"name\":\"Concept-Cars de Nissan inspirados en la conexi\u00f3n humana -\",\"isPartOf\":{\"@id\":\"https:\\\/\\\/autofans.com.ar\\\/#website\"},\"primaryImageOfPage\":{\"@id\":\"https:\\\/\\\/autofans.com.ar\\\/index.php\\\/2024\\\/05\\\/30\\\/concept-cars-de-nissan-inspirados-en-la-conexion-humana\\\/#primaryimage\"},\"image\":{\"@id\":\"https:\\\/\\\/autofans.com.ar\\\/index.php\\\/2024\\\/05\\\/30\\\/concept-cars-de-nissan-inspirados-en-la-conexion-humana\\\/#primaryimage\"},\"thumbnailUrl\":\"https:\\\/\\\/autofans.com.ar\\\/wp-content\\\/uploads\\\/2024\\\/05\\\/nissan-2-3.jpg\",\"datePublished\":\"2024-05-30T17:07:43+00:00\",\"author\":{\"@id\":\"https:\\\/\\\/autofans.com.ar\\\/#\\\/schema\\\/person\\\/4a8dda0b6df83ac3d6723e921274c2aa\"},\"description\":\"Nissan en el Japan Mobility Show 2023, la marca present\u00f3 cinco concept-cars el\u00e9ctricos que reflejan una est\u00e9tica phygital (f\u00edsica + digital).\",\"breadcrumb\":{\"@id\":\"https:\\\/\\\/autofans.com.ar\\\/index.php\\\/2024\\\/05\\\/30\\\/concept-cars-de-nissan-inspirados-en-la-conexion-humana\\\/#breadcrumb\"},\"inLanguage\":\"es\",\"potentialAction\":[{\"@type\":\"ReadAction\",\"target\":[\"https:\\\/\\\/autofans.com.ar\\\/index.php\\\/2024\\\/05\\\/30\\\/concept-cars-de-nissan-inspirados-en-la-conexion-humana\\\/\"]}]},{\"@type\":\"ImageObject\",\"inLanguage\":\"es\",\"@id\":\"https:\\\/\\\/autofans.com.ar\\\/index.php\\\/2024\\\/05\\\/30\\\/concept-cars-de-nissan-inspirados-en-la-conexion-humana\\\/#primaryimage\",\"url\":\"https:\\\/\\\/autofans.com.ar\\\/wp-content\\\/uploads\\\/2024\\\/05\\\/nissan-2-3.jpg\",\"contentUrl\":\"https:\\\/\\\/autofans.com.ar\\\/wp-content\\\/uploads\\\/2024\\\/05\\\/nissan-2-3.jpg\",\"width\":1000,\"height\":667,\"caption\":\"Nissan\"},{\"@type\":\"BreadcrumbList\",\"@id\":\"https:\\\/\\\/autofans.com.ar\\\/index.php\\\/2024\\\/05\\\/30\\\/concept-cars-de-nissan-inspirados-en-la-conexion-humana\\\/#breadcrumb\",\"itemListElement\":[{\"@type\":\"ListItem\",\"position\":1,\"name\":\"Inicio\",\"item\":\"https:\\\/\\\/autofans.com.ar\\\/\"},{\"@type\":\"ListItem\",\"position\":2,\"name\":\"Concept-Cars de Nissan inspirados en la conexi\u00f3n humana\"}]},{\"@type\":\"WebSite\",\"@id\":\"https:\\\/\\\/autofans.com.ar\\\/#website\",\"url\":\"https:\\\/\\\/autofans.com.ar\\\/\",\"name\":\"\",\"description\":\"El multimedio referente de la industria automotriz\",\"potentialAction\":[{\"@type\":\"SearchAction\",\"target\":{\"@type\":\"EntryPoint\",\"urlTemplate\":\"https:\\\/\\\/autofans.com.ar\\\/?s={search_term_string}\"},\"query-input\":{\"@type\":\"PropertyValueSpecification\",\"valueRequired\":true,\"valueName\":\"search_term_string\"}}],\"inLanguage\":\"es\"},{\"@type\":\"Person\",\"@id\":\"https:\\\/\\\/autofans.com.ar\\\/#\\\/schema\\\/person\\\/4a8dda0b6df83ac3d6723e921274c2aa\",\"name\":\"Alejandro Gabriel Rosito\",\"image\":{\"@type\":\"ImageObject\",\"inLanguage\":\"es\",\"@id\":\"https:\\\/\\\/secure.gravatar.com\\\/avatar\\\/16c5dda1489adfc62618084dcbb91cffd879c374b13fe5dd8e44ed6733852c88?s=96&d=mm&r=g\",\"url\":\"https:\\\/\\\/secure.gravatar.com\\\/avatar\\\/16c5dda1489adfc62618084dcbb91cffd879c374b13fe5dd8e44ed6733852c88?s=96&d=mm&r=g\",\"contentUrl\":\"https:\\\/\\\/secure.gravatar.com\\\/avatar\\\/16c5dda1489adfc62618084dcbb91cffd879c374b13fe5dd8e44ed6733852c88?s=96&d=mm&r=g\",\"caption\":\"Alejandro Gabriel Rosito\"},\"url\":\"https:\\\/\\\/autofans.com.ar\\\/index.php\\\/author\\\/gabrielr\\\/\"}]}<\/script>\n<!-- \/ Yoast SEO plugin. -->","yoast_head_json":{"title":"Concept-Cars de Nissan inspirados en la conexi\u00f3n humana -","description":"Nissan en el Japan Mobility Show 2023, la marca present\u00f3 cinco concept-cars el\u00e9ctricos que reflejan una est\u00e9tica phygital (f\u00edsica + digital).","robots":{"index":"index","follow":"follow","max-snippet":"max-snippet:-1","max-image-preview":"max-image-preview:large","max-video-preview":"max-video-preview:-1"},"canonical":"https:\/\/autofans.com.ar\/index.php\/2024\/05\/30\/concept-cars-de-nissan-inspirados-en-la-conexion-humana\/","og_locale":"es_ES","og_type":"article","og_title":"Concept-Cars de Nissan inspirados en la conexi\u00f3n humana -","og_description":"Nissan en el Japan Mobility Show 2023, la marca present\u00f3 cinco concept-cars el\u00e9ctricos que reflejan una est\u00e9tica phygital (f\u00edsica + digital).","og_url":"https:\/\/autofans.com.ar\/index.php\/2024\/05\/30\/concept-cars-de-nissan-inspirados-en-la-conexion-humana\/","article_published_time":"2024-05-30T17:07:43+00:00","og_image":[{"url":"https:\/\/autofans.com.ar\/wp-content\/uploads\/2024\/05\/nissan-2-3.jpg","width":640,"height":427,"type":"image\/jpeg"}],"author":"Alejandro Gabriel Rosito","twitter_card":"summary_large_image","twitter_misc":{"Escrito por":"Alejandro Gabriel Rosito","Tiempo de lectura":"3 minutos"},"schema":{"@context":"https:\/\/schema.org","@graph":[{"@type":"Article","@id":"https:\/\/autofans.com.ar\/index.php\/2024\/05\/30\/concept-cars-de-nissan-inspirados-en-la-conexion-humana\/#article","isPartOf":{"@id":"https:\/\/autofans.com.ar\/index.php\/2024\/05\/30\/concept-cars-de-nissan-inspirados-en-la-conexion-humana\/"},"author":{"name":"Alejandro Gabriel Rosito","@id":"https:\/\/autofans.com.ar\/#\/schema\/person\/4a8dda0b6df83ac3d6723e921274c2aa"},"headline":"Concept-Cars de Nissan inspirados en la conexi\u00f3n humana","datePublished":"2024-05-30T17:07:43+00:00","mainEntityOfPage":{"@id":"https:\/\/autofans.com.ar\/index.php\/2024\/05\/30\/concept-cars-de-nissan-inspirados-en-la-conexion-humana\/"},"wordCount":440,"image":{"@id":"https:\/\/autofans.com.ar\/index.php\/2024\/05\/30\/concept-cars-de-nissan-inspirados-en-la-conexion-humana\/#primaryimage"},"thumbnailUrl":"https:\/\/autofans.com.ar\/wp-content\/uploads\/2024\/05\/nissan-2-3.jpg","keywords":["autos el\u00e9ctricos Nissan","concept-cars el\u00e9ctricos","dise\u00f1o automotriz","innovaci\u00f3n en veh\u00edculos","Japan Mobility Show","movilidad futura","Nissan"],"articleSection":["AUTOTECNO","NOTICIAS"],"inLanguage":"es"},{"@type":"WebPage","@id":"https:\/\/autofans.com.ar\/index.php\/2024\/05\/30\/concept-cars-de-nissan-inspirados-en-la-conexion-humana\/","url":"https:\/\/autofans.com.ar\/index.php\/2024\/05\/30\/concept-cars-de-nissan-inspirados-en-la-conexion-humana\/","name":"Concept-Cars de Nissan inspirados en la conexi\u00f3n humana -","isPartOf":{"@id":"https:\/\/autofans.com.ar\/#website"},"primaryImageOfPage":{"@id":"https:\/\/autofans.com.ar\/index.php\/2024\/05\/30\/concept-cars-de-nissan-inspirados-en-la-conexion-humana\/#primaryimage"},"image":{"@id":"https:\/\/autofans.com.ar\/index.php\/2024\/05\/30\/concept-cars-de-nissan-inspirados-en-la-conexion-humana\/#primaryimage"},"thumbnailUrl":"https:\/\/autofans.com.ar\/wp-content\/uploads\/2024\/05\/nissan-2-3.jpg","datePublished":"2024-05-30T17:07:43+00:00","author":{"@id":"https:\/\/autofans.com.ar\/#\/schema\/person\/4a8dda0b6df83ac3d6723e921274c2aa"},"description":"Nissan en el Japan Mobility Show 2023, la marca present\u00f3 cinco concept-cars el\u00e9ctricos que reflejan una est\u00e9tica phygital (f\u00edsica + digital).","breadcrumb":{"@id":"https:\/\/autofans.com.ar\/index.php\/2024\/05\/30\/concept-cars-de-nissan-inspirados-en-la-conexion-humana\/#breadcrumb"},"inLanguage":"es","potentialAction":[{"@type":"ReadAction","target":["https:\/\/autofans.com.ar\/index.php\/2024\/05\/30\/concept-cars-de-nissan-inspirados-en-la-conexion-humana\/"]}]},{"@type":"ImageObject","inLanguage":"es","@id":"https:\/\/autofans.com.ar\/index.php\/2024\/05\/30\/concept-cars-de-nissan-inspirados-en-la-conexion-humana\/#primaryimage","url":"https:\/\/autofans.com.ar\/wp-content\/uploads\/2024\/05\/nissan-2-3.jpg","contentUrl":"https:\/\/autofans.com.ar\/wp-content\/uploads\/2024\/05\/nissan-2-3.jpg","width":1000,"height":667,"caption":"Nissan"},{"@type":"BreadcrumbList","@id":"https:\/\/autofans.com.ar\/index.php\/2024\/05\/30\/concept-cars-de-nissan-inspirados-en-la-conexion-humana\/#breadcrumb","itemListElement":[{"@type":"ListItem","position":1,"name":"Inicio","item":"https:\/\/autofans.com.ar\/"},{"@type":"ListItem","position":2,"name":"Concept-Cars de Nissan inspirados en la conexi\u00f3n humana"}]},{"@type":"WebSite","@id":"https:\/\/autofans.com.ar\/#website","url":"https:\/\/autofans.com.ar\/","name":"","description":"El multimedio referente de la industria automotriz","potentialAction":[{"@type":"SearchAction","target":{"@type":"EntryPoint","urlTemplate":"https:\/\/autofans.com.ar\/?s={search_term_string}"},"query-input":{"@type":"PropertyValueSpecification","valueRequired":true,"valueName":"search_term_string"}}],"inLanguage":"es"},{"@type":"Person","@id":"https:\/\/autofans.com.ar\/#\/schema\/person\/4a8dda0b6df83ac3d6723e921274c2aa","name":"Alejandro Gabriel Rosito","image":{"@type":"ImageObject","inLanguage":"es","@id":"https:\/\/secure.gravatar.com\/avatar\/16c5dda1489adfc62618084dcbb91cffd879c374b13fe5dd8e44ed6733852c88?s=96&d=mm&r=g","url":"https:\/\/secure.gravatar.com\/avatar\/16c5dda1489adfc62618084dcbb91cffd879c374b13fe5dd8e44ed6733852c88?s=96&d=mm&r=g","contentUrl":"https:\/\/secure.gravatar.com\/avatar\/16c5dda1489adfc62618084dcbb91cffd879c374b13fe5dd8e44ed6733852c88?s=96&d=mm&r=g","caption":"Alejandro Gabriel Rosito"},"url":"https:\/\/autofans.com.ar\/index.php\/author\/gabrielr\/"}]}},"featured_image_urls":{"full":["https:\/\/autofans.com.ar\/wp-content\/uploads\/2024\/05\/nissan-2-3.jpg",1000,667,false],"thumbnail":["https:\/\/autofans.com.ar\/wp-content\/uploads\/2024\/05\/nissan-2-3-150x150.jpg",150,150,true],"medium":["https:\/\/autofans.com.ar\/wp-content\/uploads\/2024\/05\/nissan-2-3-300x200.jpg",300,200,true],"medium_large":["https:\/\/autofans.com.ar\/wp-content\/uploads\/2024\/05\/nissan-2-3-768x512.jpg",640,427,true],"large":["https:\/\/autofans.com.ar\/wp-content\/uploads\/2024\/05\/nissan-2-3.jpg",640,427,false],"1536x1536":["https:\/\/autofans.com.ar\/wp-content\/uploads\/2024\/05\/nissan-2-3.jpg",1000,667,false],"2048x2048":["https:\/\/autofans.com.ar\/wp-content\/uploads\/2024\/05\/nissan-2-3.jpg",1000,667,false],"covernews-featured":["https:\/\/autofans.com.ar\/wp-content\/uploads\/2024\/05\/nissan-2-3.jpg",1000,667,false],"covernews-medium":["https:\/\/autofans.com.ar\/wp-content\/uploads\/2024\/05\/nissan-2-3-540x340.jpg",540,340,true]},"author_info":{"display_name":"Alejandro Gabriel Rosito","author_link":"https:\/\/autofans.com.ar\/index.php\/author\/gabrielr\/"},"category_info":"<a href=\"https:\/\/autofans.com.ar\/index.php\/category\/noticias\/autotecno\/\" rel=\"category tag\">AUTOTECNO<\/a> <a href=\"https:\/\/autofans.com.ar\/index.php\/category\/noticias\/\" rel=\"category tag\">NOTICIAS<\/a>","tag_info":"NOTICIAS","comment_count":0,"_links":{"self":[{"href":"https:\/\/autofans.com.ar\/index.php\/wp-json\/wp\/v2\/posts\/7874","targetHints":{"allow":["GET"]}}],"collection":[{"href":"https:\/\/autofans.com.ar\/index.php\/wp-json\/wp\/v2\/posts"}],"about":[{"href":"https:\/\/autofans.com.ar\/index.php\/wp-json\/wp\/v2\/types\/post"}],"author":[{"embeddable":true,"href":"https:\/\/autofans.com.ar\/index.php\/wp-json\/wp\/v2\/users\/2"}],"replies":[{"embeddable":true,"href":"https:\/\/autofans.com.ar\/index.php\/wp-json\/wp\/v2\/comments?post=7874"}],"version-history":[{"count":1,"href":"https:\/\/autofans.com.ar\/index.php\/wp-json\/wp\/v2\/posts\/7874\/revisions"}],"predecessor-version":[{"id":7878,"href":"https:\/\/autofans.com.ar\/index.php\/wp-json\/wp\/v2\/posts\/7874\/revisions\/7878"}],"wp:featuredmedia":[{"embeddable":true,"href":"https:\/\/autofans.com.ar\/index.php\/wp-json\/wp\/v2\/media\/7876"}],"wp:attachment":[{"href":"https:\/\/autofans.com.ar\/index.php\/wp-json\/wp\/v2\/media?parent=7874"}],"wp:term":[{"taxonomy":"category","embeddable":true,"href":"https:\/\/autofans.com.ar\/index.php\/wp-json\/wp\/v2\/categories?post=7874"},{"taxonomy":"post_tag","embeddable":true,"href":"https:\/\/autofans.com.ar\/index.php\/wp-json\/wp\/v2\/tags?post=7874"}],"curies":[{"name":"wp","href":"https:\/\/api.w.org\/{rel}","templated":true}]}}