{"id":793,"date":"2023-03-15T12:38:20","date_gmt":"2023-03-15T15:38:20","guid":{"rendered":"https:\/\/autofans.com.ar\/?p=793"},"modified":"2023-03-15T12:38:20","modified_gmt":"2023-03-15T15:38:20","slug":"francesco-bagnaia-y-ducati-lideran-las-pruebas-de-motogp","status":"publish","type":"post","link":"https:\/\/autofans.com.ar\/index.php\/2023\/03\/15\/francesco-bagnaia-y-ducati-lideran-las-pruebas-de-motogp\/","title":{"rendered":"Francesco Bagnaia y Ducati lideran las pruebas de MotoGP"},"content":{"rendered":"<p>El equipo de Ducati y el piloto Francesco Bagnaia terminaron en la cima de las pruebas de pretemporada de MotoGP celebradas en el trazado de Algarve, Portim\u00e3o. La escuder\u00eda italiana coloc\u00f3 a siete de sus nueve pilotos dentro del Top10 de la clasificaci\u00f3n general de tiempos.<\/p>\n<blockquote>\n<p style=\"text-align: center;\">Francesco Bagnaia (#1 Ducati Lenovo Team) 1:37,968 &#8211; Puesto 1<\/p>\n<p style=\"text-align: center;\">\u201cEstoy muy satisfecho por las cinco jornadas de ensayo que tuvimos con la Desmosedici GP23, dos aqu\u00ed y tres en Malasia. Mejoramos con cada salida y cumplimos con todo el programa que nos hab\u00edamos propuesto. Esta versi\u00f3n de moto me gusta m\u00e1s que la del a\u00f1o pasado, pero debemos seguir trabajando para tratar de ser r\u00e1pidos en cada circuito \u201d.<\/p>\n<\/blockquote>\n<p>&nbsp;<\/p>\n<p><img fetchpriority=\"high\" decoding=\"async\" class=\"aligncenter wp-image-798 size-full\" src=\"https:\/\/autofans.com.ar\/wp-content\/uploads\/2023\/03\/ducati-1-jpg.webp\" alt=\"ducati\" width=\"1000\" height=\"667\" srcset=\"https:\/\/autofans.com.ar\/wp-content\/uploads\/2023\/03\/ducati-1-jpg.webp 1000w, https:\/\/autofans.com.ar\/wp-content\/uploads\/2023\/03\/ducati-1-300x200.webp 300w, https:\/\/autofans.com.ar\/wp-content\/uploads\/2023\/03\/ducati-1-768x512.webp 768w\" sizes=\"(max-width: 1000px) 100vw, 1000px\" \/><\/p>\n<p>La actividad de ensayo, que dur\u00f3 8 horas en cada sesi\u00f3n, fue suficiente para completar el trabajo de desarrollo de las motos en sus configuraciones 2023. El Campe\u00f3n de la temporada pasada, Bagnaia, se mostr\u00f3 confiado en su Desmosedici GP en configuraci\u00f3n 2023. Como su compa\u00f1ero Enea Bastianini, quien finaliz\u00f3 sexto en la tabla combinada de tiempos. Adem\u00e1s, el equipo de prueba de Ducati tambi\u00e9n estuvo presente en las pruebas de pretemporada.<\/p>\n<p>&nbsp;<\/p>\n<div id='gallery-1' class='gallery galleryid-793 gallery-columns-2 gallery-size-large'><figure class='gallery-item'>\n\t\t\t<div class='gallery-icon landscape'>\n\t\t\t\t<a href='https:\/\/autofans.com.ar\/index.php\/2023\/03\/15\/francesco-bagnaia-y-ducati-lideran-las-pruebas-de-motogp\/ducati-3\/'><img loading=\"lazy\" width=\"640\" height=\"427\" src=\"https:\/\/autofans.com.ar\/wp-content\/uploads\/2023\/03\/ducati-3-jpg.webp\" class=\"attachment-large size-large\" alt=\"ducati\" srcset=\"https:\/\/autofans.com.ar\/wp-content\/uploads\/2023\/03\/ducati-3-jpg.webp 1000w, https:\/\/autofans.com.ar\/wp-content\/uploads\/2023\/03\/ducati-3-300x200.webp 300w, https:\/\/autofans.com.ar\/wp-content\/uploads\/2023\/03\/ducati-3-768x512.webp 768w\" sizes=\"auto, (max-width: 640px) 100vw, 640px\" loading=\"lazy\" decoding=\"async\" \/><\/a>\n\t\t\t<\/div><\/figure><figure class='gallery-item'>\n\t\t\t<div class='gallery-icon landscape'>\n\t\t\t\t<a href='https:\/\/autofans.com.ar\/index.php\/2023\/03\/15\/francesco-bagnaia-y-ducati-lideran-las-pruebas-de-motogp\/ducati-2\/'><img loading=\"lazy\" width=\"640\" height=\"427\" src=\"https:\/\/autofans.com.ar\/wp-content\/uploads\/2023\/03\/ducati-2-jpg.webp\" class=\"attachment-large size-large\" alt=\"ducati\" srcset=\"https:\/\/autofans.com.ar\/wp-content\/uploads\/2023\/03\/ducati-2-jpg.webp 1000w, https:\/\/autofans.com.ar\/wp-content\/uploads\/2023\/03\/ducati-2-300x200.webp 300w, https:\/\/autofans.com.ar\/wp-content\/uploads\/2023\/03\/ducati-2-768x512.webp 768w\" sizes=\"auto, (max-width: 640px) 100vw, 640px\" loading=\"lazy\" decoding=\"async\" \/><\/a>\n\t\t\t<\/div><\/figure>\n\t\t<\/div>\n\n<p>El Gran Premio de Portugal, que abrir\u00e1 la temporada de MotoGP, se llevar\u00e1 a cabo del 24 al 26 de marzo en el Aut\u00f3dromo Internacional do Algarve. Las pruebas de pretemporada han generado un gran optimismo en el equipo de Ducati de cara al inicio de la temporada.<\/p>\n<p>Para mayor informaci\u00f3n visita el sitio <a href=\"http:\/\/www.ducati.com.ar\" target=\"_blank\" rel=\"noopener\">de\u00a0ducati<\/a><\/p>\n<p>&nbsp;<\/p>\n<p><i>Para enterarte de m\u00e1s novedades, no dejes de leer\u00a0<\/i><a href=\"https:\/\/autofans.thebrandsoup.com\/\"><i>nuestras notas<\/i><\/a><i>, de ver<\/i><b><i>\u00a0<\/i><\/b><a href=\"https:\/\/www.youtube.com\/channel\/UCgAC8UGHZYbT6P7PpmVnP7g\"><b><i>AUTOFANS TV<\/i><\/b><\/a><b><i>\u00a0<\/i><\/b><i>en nuestro\u00a0canal de Youtube. Adem\u00e1s seguinos en\u00a0<\/i><a href=\"https:\/\/www.instagram.com\/autofanstv\/\"><i>INSTAGRAM<\/i><\/a><i> y <\/i><a href=\"https:\/\/www.facebook.com\/autofansmas\/\"><i>FACEBOOK<\/i><\/a><i> para no perderte nada sobre las novedades del segmento automotor de Argentina y el mundo.<\/i><\/p>\n","protected":false},"excerpt":{"rendered":"<p>El equipo de Ducati y el piloto Francesco Bagnaia terminaron en la cima de las&#8230;<\/p>\n","protected":false},"author":2,"featured_media":794,"comment_status":"closed","ping_status":"closed","sticky":false,"template":"","format":"standard","meta":{"footnotes":""},"categories":[127,16],"tags":[346,350,219,348,347,343,342,345,344,349,351],"class_list":["post-793","post","type-post","status-publish","format-standard","has-post-thumbnail","hentry","category-deporte","category-noticias","tag-autodromo-internacional-do-algarve","tag-configuraciones-2023","tag-ducati","tag-enea-bastianini","tag-ensayos","tag-francesco-bagnaia","tag-motogp","tag-portimao","tag-pretemporada","tag-prueba-de-prueba","tag-trazado"],"yoast_head":"<!-- This site is optimized with the Yoast SEO plugin v27.5 - https:\/\/yoast.com\/product\/yoast-seo-wordpress\/ -->\n<title>Francesco Bagnaia y Ducati lideran las pruebas de MotoGP -<\/title>\n<meta name=\"description\" content=\"El equipo de Ducati y el piloto Francesco Bagnaia terminaron en la cima de las pruebas de pretemporada de MotoGP...\" \/>\n<meta name=\"robots\" content=\"index, follow, max-snippet:-1, max-image-preview:large, max-video-preview:-1\" \/>\n<link rel=\"canonical\" href=\"https:\/\/autofans.com.ar\/index.php\/2023\/03\/15\/francesco-bagnaia-y-ducati-lideran-las-pruebas-de-motogp\/\" \/>\n<meta property=\"og:locale\" content=\"es_ES\" \/>\n<meta property=\"og:type\" content=\"article\" \/>\n<meta property=\"og:title\" content=\"Francesco Bagnaia y Ducati lideran las pruebas de MotoGP -\" \/>\n<meta property=\"og:description\" content=\"El equipo de Ducati y el piloto Francesco Bagnaia terminaron en la cima de las pruebas de pretemporada de MotoGP...\" \/>\n<meta property=\"og:url\" content=\"https:\/\/autofans.com.ar\/index.php\/2023\/03\/15\/francesco-bagnaia-y-ducati-lideran-las-pruebas-de-motogp\/\" \/>\n<meta property=\"article:published_time\" content=\"2023-03-15T15:38:20+00:00\" \/>\n<meta property=\"og:image\" content=\"https:\/\/autofans.com.ar\/wp-content\/uploads\/2023\/03\/ducati-5-jpg.webp\" \/>\n\t<meta property=\"og:image:width\" content=\"1000\" \/>\n\t<meta property=\"og:image:height\" content=\"667\" \/>\n\t<meta property=\"og:image:type\" content=\"image\/jpeg\" \/>\n<meta name=\"author\" content=\"Alejandro Gabriel Rosito\" \/>\n<meta name=\"twitter:card\" content=\"summary_large_image\" \/>\n<meta name=\"twitter:label1\" content=\"Escrito por\" \/>\n\t<meta name=\"twitter:data1\" content=\"Alejandro Gabriel Rosito\" \/>\n\t<meta name=\"twitter:label2\" content=\"Tiempo de lectura\" \/>\n\t<meta name=\"twitter:data2\" content=\"2 minutos\" \/>\n<script type=\"application\/ld+json\" class=\"yoast-schema-graph\">{\"@context\":\"https:\\\/\\\/schema.org\",\"@graph\":[{\"@type\":\"Article\",\"@id\":\"https:\\\/\\\/autofans.com.ar\\\/index.php\\\/2023\\\/03\\\/15\\\/francesco-bagnaia-y-ducati-lideran-las-pruebas-de-motogp\\\/#article\",\"isPartOf\":{\"@id\":\"https:\\\/\\\/autofans.com.ar\\\/index.php\\\/2023\\\/03\\\/15\\\/francesco-bagnaia-y-ducati-lideran-las-pruebas-de-motogp\\\/\"},\"author\":{\"name\":\"Alejandro Gabriel Rosito\",\"@id\":\"https:\\\/\\\/autofans.com.ar\\\/#\\\/schema\\\/person\\\/4a8dda0b6df83ac3d6723e921274c2aa\"},\"headline\":\"Francesco Bagnaia y Ducati lideran las pruebas de MotoGP\",\"datePublished\":\"2023-03-15T15:38:20+00:00\",\"mainEntityOfPage\":{\"@id\":\"https:\\\/\\\/autofans.com.ar\\\/index.php\\\/2023\\\/03\\\/15\\\/francesco-bagnaia-y-ducati-lideran-las-pruebas-de-motogp\\\/\"},\"wordCount\":311,\"image\":{\"@id\":\"https:\\\/\\\/autofans.com.ar\\\/index.php\\\/2023\\\/03\\\/15\\\/francesco-bagnaia-y-ducati-lideran-las-pruebas-de-motogp\\\/#primaryimage\"},\"thumbnailUrl\":\"https:\\\/\\\/autofans.com.ar\\\/wp-content\\\/uploads\\\/2023\\\/03\\\/ducati-5-jpg.webp\",\"keywords\":[\"Aut\u00f3dromo Internacional do Algarve\",\"configuraciones 2023\",\"Ducati\",\"Enea Bastianini\",\"ensayos\",\"Francesco Bagnaia\",\"MotoGP\",\"Portim\u00e3o\",\"pretemporada\",\"prueba de prueba\",\"trazado\"],\"articleSection\":[\"DEPORTE MOTOR\",\"NOTICIAS\"],\"inLanguage\":\"es\"},{\"@type\":\"WebPage\",\"@id\":\"https:\\\/\\\/autofans.com.ar\\\/index.php\\\/2023\\\/03\\\/15\\\/francesco-bagnaia-y-ducati-lideran-las-pruebas-de-motogp\\\/\",\"url\":\"https:\\\/\\\/autofans.com.ar\\\/index.php\\\/2023\\\/03\\\/15\\\/francesco-bagnaia-y-ducati-lideran-las-pruebas-de-motogp\\\/\",\"name\":\"Francesco Bagnaia y Ducati lideran las pruebas de MotoGP -\",\"isPartOf\":{\"@id\":\"https:\\\/\\\/autofans.com.ar\\\/#website\"},\"primaryImageOfPage\":{\"@id\":\"https:\\\/\\\/autofans.com.ar\\\/index.php\\\/2023\\\/03\\\/15\\\/francesco-bagnaia-y-ducati-lideran-las-pruebas-de-motogp\\\/#primaryimage\"},\"image\":{\"@id\":\"https:\\\/\\\/autofans.com.ar\\\/index.php\\\/2023\\\/03\\\/15\\\/francesco-bagnaia-y-ducati-lideran-las-pruebas-de-motogp\\\/#primaryimage\"},\"thumbnailUrl\":\"https:\\\/\\\/autofans.com.ar\\\/wp-content\\\/uploads\\\/2023\\\/03\\\/ducati-5-jpg.webp\",\"datePublished\":\"2023-03-15T15:38:20+00:00\",\"author\":{\"@id\":\"https:\\\/\\\/autofans.com.ar\\\/#\\\/schema\\\/person\\\/4a8dda0b6df83ac3d6723e921274c2aa\"},\"description\":\"El equipo de Ducati y el piloto Francesco Bagnaia terminaron en la cima de las pruebas de pretemporada de MotoGP...\",\"breadcrumb\":{\"@id\":\"https:\\\/\\\/autofans.com.ar\\\/index.php\\\/2023\\\/03\\\/15\\\/francesco-bagnaia-y-ducati-lideran-las-pruebas-de-motogp\\\/#breadcrumb\"},\"inLanguage\":\"es\",\"potentialAction\":[{\"@type\":\"ReadAction\",\"target\":[\"https:\\\/\\\/autofans.com.ar\\\/index.php\\\/2023\\\/03\\\/15\\\/francesco-bagnaia-y-ducati-lideran-las-pruebas-de-motogp\\\/\"]}]},{\"@type\":\"ImageObject\",\"inLanguage\":\"es\",\"@id\":\"https:\\\/\\\/autofans.com.ar\\\/index.php\\\/2023\\\/03\\\/15\\\/francesco-bagnaia-y-ducati-lideran-las-pruebas-de-motogp\\\/#primaryimage\",\"url\":\"https:\\\/\\\/autofans.com.ar\\\/wp-content\\\/uploads\\\/2023\\\/03\\\/ducati-5-jpg.webp\",\"contentUrl\":\"https:\\\/\\\/autofans.com.ar\\\/wp-content\\\/uploads\\\/2023\\\/03\\\/ducati-5-jpg.webp\",\"width\":1000,\"height\":667,\"caption\":\"ducati\"},{\"@type\":\"BreadcrumbList\",\"@id\":\"https:\\\/\\\/autofans.com.ar\\\/index.php\\\/2023\\\/03\\\/15\\\/francesco-bagnaia-y-ducati-lideran-las-pruebas-de-motogp\\\/#breadcrumb\",\"itemListElement\":[{\"@type\":\"ListItem\",\"position\":1,\"name\":\"Inicio\",\"item\":\"https:\\\/\\\/autofans.com.ar\\\/\"},{\"@type\":\"ListItem\",\"position\":2,\"name\":\"Francesco Bagnaia y Ducati lideran las pruebas de MotoGP\"}]},{\"@type\":\"WebSite\",\"@id\":\"https:\\\/\\\/autofans.com.ar\\\/#website\",\"url\":\"https:\\\/\\\/autofans.com.ar\\\/\",\"name\":\"\",\"description\":\"El multimedio referente de la industria automotriz\",\"potentialAction\":[{\"@type\":\"SearchAction\",\"target\":{\"@type\":\"EntryPoint\",\"urlTemplate\":\"https:\\\/\\\/autofans.com.ar\\\/?s={search_term_string}\"},\"query-input\":{\"@type\":\"PropertyValueSpecification\",\"valueRequired\":true,\"valueName\":\"search_term_string\"}}],\"inLanguage\":\"es\"},{\"@type\":\"Person\",\"@id\":\"https:\\\/\\\/autofans.com.ar\\\/#\\\/schema\\\/person\\\/4a8dda0b6df83ac3d6723e921274c2aa\",\"name\":\"Alejandro Gabriel Rosito\",\"image\":{\"@type\":\"ImageObject\",\"inLanguage\":\"es\",\"@id\":\"https:\\\/\\\/secure.gravatar.com\\\/avatar\\\/16c5dda1489adfc62618084dcbb91cffd879c374b13fe5dd8e44ed6733852c88?s=96&d=mm&r=g\",\"url\":\"https:\\\/\\\/secure.gravatar.com\\\/avatar\\\/16c5dda1489adfc62618084dcbb91cffd879c374b13fe5dd8e44ed6733852c88?s=96&d=mm&r=g\",\"contentUrl\":\"https:\\\/\\\/secure.gravatar.com\\\/avatar\\\/16c5dda1489adfc62618084dcbb91cffd879c374b13fe5dd8e44ed6733852c88?s=96&d=mm&r=g\",\"caption\":\"Alejandro Gabriel Rosito\"},\"url\":\"https:\\\/\\\/autofans.com.ar\\\/index.php\\\/author\\\/gabrielr\\\/\"}]}<\/script>\n<!-- \/ Yoast SEO plugin. -->","yoast_head_json":{"title":"Francesco Bagnaia y Ducati lideran las pruebas de MotoGP -","description":"El equipo de Ducati y el piloto Francesco Bagnaia terminaron en la cima de las pruebas de pretemporada de MotoGP...","robots":{"index":"index","follow":"follow","max-snippet":"max-snippet:-1","max-image-preview":"max-image-preview:large","max-video-preview":"max-video-preview:-1"},"canonical":"https:\/\/autofans.com.ar\/index.php\/2023\/03\/15\/francesco-bagnaia-y-ducati-lideran-las-pruebas-de-motogp\/","og_locale":"es_ES","og_type":"article","og_title":"Francesco Bagnaia y Ducati lideran las pruebas de MotoGP -","og_description":"El equipo de Ducati y el piloto Francesco Bagnaia terminaron en la cima de las pruebas de pretemporada de MotoGP...","og_url":"https:\/\/autofans.com.ar\/index.php\/2023\/03\/15\/francesco-bagnaia-y-ducati-lideran-las-pruebas-de-motogp\/","article_published_time":"2023-03-15T15:38:20+00:00","og_image":[{"width":1000,"height":667,"url":"https:\/\/autofans.com.ar\/wp-content\/uploads\/2023\/03\/ducati-5-jpg.webp","type":"image\/jpeg"}],"author":"Alejandro Gabriel Rosito","twitter_card":"summary_large_image","twitter_misc":{"Escrito por":"Alejandro Gabriel Rosito","Tiempo de lectura":"2 minutos"},"schema":{"@context":"https:\/\/schema.org","@graph":[{"@type":"Article","@id":"https:\/\/autofans.com.ar\/index.php\/2023\/03\/15\/francesco-bagnaia-y-ducati-lideran-las-pruebas-de-motogp\/#article","isPartOf":{"@id":"https:\/\/autofans.com.ar\/index.php\/2023\/03\/15\/francesco-bagnaia-y-ducati-lideran-las-pruebas-de-motogp\/"},"author":{"name":"Alejandro Gabriel Rosito","@id":"https:\/\/autofans.com.ar\/#\/schema\/person\/4a8dda0b6df83ac3d6723e921274c2aa"},"headline":"Francesco Bagnaia y Ducati lideran las pruebas de MotoGP","datePublished":"2023-03-15T15:38:20+00:00","mainEntityOfPage":{"@id":"https:\/\/autofans.com.ar\/index.php\/2023\/03\/15\/francesco-bagnaia-y-ducati-lideran-las-pruebas-de-motogp\/"},"wordCount":311,"image":{"@id":"https:\/\/autofans.com.ar\/index.php\/2023\/03\/15\/francesco-bagnaia-y-ducati-lideran-las-pruebas-de-motogp\/#primaryimage"},"thumbnailUrl":"https:\/\/autofans.com.ar\/wp-content\/uploads\/2023\/03\/ducati-5-jpg.webp","keywords":["Aut\u00f3dromo Internacional do Algarve","configuraciones 2023","Ducati","Enea Bastianini","ensayos","Francesco Bagnaia","MotoGP","Portim\u00e3o","pretemporada","prueba de prueba","trazado"],"articleSection":["DEPORTE MOTOR","NOTICIAS"],"inLanguage":"es"},{"@type":"WebPage","@id":"https:\/\/autofans.com.ar\/index.php\/2023\/03\/15\/francesco-bagnaia-y-ducati-lideran-las-pruebas-de-motogp\/","url":"https:\/\/autofans.com.ar\/index.php\/2023\/03\/15\/francesco-bagnaia-y-ducati-lideran-las-pruebas-de-motogp\/","name":"Francesco Bagnaia y Ducati lideran las pruebas de MotoGP -","isPartOf":{"@id":"https:\/\/autofans.com.ar\/#website"},"primaryImageOfPage":{"@id":"https:\/\/autofans.com.ar\/index.php\/2023\/03\/15\/francesco-bagnaia-y-ducati-lideran-las-pruebas-de-motogp\/#primaryimage"},"image":{"@id":"https:\/\/autofans.com.ar\/index.php\/2023\/03\/15\/francesco-bagnaia-y-ducati-lideran-las-pruebas-de-motogp\/#primaryimage"},"thumbnailUrl":"https:\/\/autofans.com.ar\/wp-content\/uploads\/2023\/03\/ducati-5-jpg.webp","datePublished":"2023-03-15T15:38:20+00:00","author":{"@id":"https:\/\/autofans.com.ar\/#\/schema\/person\/4a8dda0b6df83ac3d6723e921274c2aa"},"description":"El equipo de Ducati y el piloto Francesco Bagnaia terminaron en la cima de las pruebas de pretemporada de MotoGP...","breadcrumb":{"@id":"https:\/\/autofans.com.ar\/index.php\/2023\/03\/15\/francesco-bagnaia-y-ducati-lideran-las-pruebas-de-motogp\/#breadcrumb"},"inLanguage":"es","potentialAction":[{"@type":"ReadAction","target":["https:\/\/autofans.com.ar\/index.php\/2023\/03\/15\/francesco-bagnaia-y-ducati-lideran-las-pruebas-de-motogp\/"]}]},{"@type":"ImageObject","inLanguage":"es","@id":"https:\/\/autofans.com.ar\/index.php\/2023\/03\/15\/francesco-bagnaia-y-ducati-lideran-las-pruebas-de-motogp\/#primaryimage","url":"https:\/\/autofans.com.ar\/wp-content\/uploads\/2023\/03\/ducati-5-jpg.webp","contentUrl":"https:\/\/autofans.com.ar\/wp-content\/uploads\/2023\/03\/ducati-5-jpg.webp","width":1000,"height":667,"caption":"ducati"},{"@type":"BreadcrumbList","@id":"https:\/\/autofans.com.ar\/index.php\/2023\/03\/15\/francesco-bagnaia-y-ducati-lideran-las-pruebas-de-motogp\/#breadcrumb","itemListElement":[{"@type":"ListItem","position":1,"name":"Inicio","item":"https:\/\/autofans.com.ar\/"},{"@type":"ListItem","position":2,"name":"Francesco Bagnaia y Ducati lideran las pruebas de MotoGP"}]},{"@type":"WebSite","@id":"https:\/\/autofans.com.ar\/#website","url":"https:\/\/autofans.com.ar\/","name":"","description":"El multimedio referente de la industria automotriz","potentialAction":[{"@type":"SearchAction","target":{"@type":"EntryPoint","urlTemplate":"https:\/\/autofans.com.ar\/?s={search_term_string}"},"query-input":{"@type":"PropertyValueSpecification","valueRequired":true,"valueName":"search_term_string"}}],"inLanguage":"es"},{"@type":"Person","@id":"https:\/\/autofans.com.ar\/#\/schema\/person\/4a8dda0b6df83ac3d6723e921274c2aa","name":"Alejandro Gabriel Rosito","image":{"@type":"ImageObject","inLanguage":"es","@id":"https:\/\/secure.gravatar.com\/avatar\/16c5dda1489adfc62618084dcbb91cffd879c374b13fe5dd8e44ed6733852c88?s=96&d=mm&r=g","url":"https:\/\/secure.gravatar.com\/avatar\/16c5dda1489adfc62618084dcbb91cffd879c374b13fe5dd8e44ed6733852c88?s=96&d=mm&r=g","contentUrl":"https:\/\/secure.gravatar.com\/avatar\/16c5dda1489adfc62618084dcbb91cffd879c374b13fe5dd8e44ed6733852c88?s=96&d=mm&r=g","caption":"Alejandro Gabriel Rosito"},"url":"https:\/\/autofans.com.ar\/index.php\/author\/gabrielr\/"}]}},"featured_image_urls":{"full":["https:\/\/autofans.com.ar\/wp-content\/uploads\/2023\/03\/ducati-5-jpg.webp",1000,667,false],"thumbnail":["https:\/\/autofans.com.ar\/wp-content\/uploads\/2023\/03\/ducati-5-150x150.webp",150,150,true],"medium":["https:\/\/autofans.com.ar\/wp-content\/uploads\/2023\/03\/ducati-5-300x200.webp",300,200,true],"medium_large":["https:\/\/autofans.com.ar\/wp-content\/uploads\/2023\/03\/ducati-5-768x512.webp",640,427,true],"large":["https:\/\/autofans.com.ar\/wp-content\/uploads\/2023\/03\/ducati-5-jpg.webp",640,427,false],"1536x1536":["https:\/\/autofans.com.ar\/wp-content\/uploads\/2023\/03\/ducati-5-jpg.webp",1000,667,false],"2048x2048":["https:\/\/autofans.com.ar\/wp-content\/uploads\/2023\/03\/ducati-5-jpg.webp",1000,667,false],"covernews-featured":["https:\/\/autofans.com.ar\/wp-content\/uploads\/2023\/03\/ducati-5-jpg.webp",1000,667,false],"covernews-medium":["https:\/\/autofans.com.ar\/wp-content\/uploads\/2023\/03\/ducati-5-540x340.webp",540,340,true]},"author_info":{"display_name":"Alejandro Gabriel Rosito","author_link":"https:\/\/autofans.com.ar\/index.php\/author\/gabrielr\/"},"category_info":"<a href=\"https:\/\/autofans.com.ar\/index.php\/category\/noticias\/deporte\/\" rel=\"category tag\">DEPORTE MOTOR<\/a> <a href=\"https:\/\/autofans.com.ar\/index.php\/category\/noticias\/\" rel=\"category tag\">NOTICIAS<\/a>","tag_info":"NOTICIAS","comment_count":0,"_links":{"self":[{"href":"https:\/\/autofans.com.ar\/index.php\/wp-json\/wp\/v2\/posts\/793","targetHints":{"allow":["GET"]}}],"collection":[{"href":"https:\/\/autofans.com.ar\/index.php\/wp-json\/wp\/v2\/posts"}],"about":[{"href":"https:\/\/autofans.com.ar\/index.php\/wp-json\/wp\/v2\/types\/post"}],"author":[{"embeddable":true,"href":"https:\/\/autofans.com.ar\/index.php\/wp-json\/wp\/v2\/users\/2"}],"replies":[{"embeddable":true,"href":"https:\/\/autofans.com.ar\/index.php\/wp-json\/wp\/v2\/comments?post=793"}],"version-history":[{"count":8,"href":"https:\/\/autofans.com.ar\/index.php\/wp-json\/wp\/v2\/posts\/793\/revisions"}],"predecessor-version":[{"id":809,"href":"https:\/\/autofans.com.ar\/index.php\/wp-json\/wp\/v2\/posts\/793\/revisions\/809"}],"wp:featuredmedia":[{"embeddable":true,"href":"https:\/\/autofans.com.ar\/index.php\/wp-json\/wp\/v2\/media\/794"}],"wp:attachment":[{"href":"https:\/\/autofans.com.ar\/index.php\/wp-json\/wp\/v2\/media?parent=793"}],"wp:term":[{"taxonomy":"category","embeddable":true,"href":"https:\/\/autofans.com.ar\/index.php\/wp-json\/wp\/v2\/categories?post=793"},{"taxonomy":"post_tag","embeddable":true,"href":"https:\/\/autofans.com.ar\/index.php\/wp-json\/wp\/v2\/tags?post=793"}],"curies":[{"name":"wp","href":"https:\/\/api.w.org\/{rel}","templated":true}]}}