{"id":7933,"date":"2024-06-04T13:00:58","date_gmt":"2024-06-04T16:00:58","guid":{"rendered":"https:\/\/autofans.com.ar\/?p=7933"},"modified":"2024-06-04T13:00:58","modified_gmt":"2024-06-04T16:00:58","slug":"grupo-volkswagen-comercializara-vehiculos-electricos-por-20-000-euros","status":"publish","type":"post","link":"https:\/\/autofans.com.ar\/index.php\/2024\/06\/04\/grupo-volkswagen-comercializara-vehiculos-electricos-por-20-000-euros\/","title":{"rendered":"Grupo Volkswagen comercializar\u00e1 veh\u00edculos el\u00e9ctricos por 20.000 euros"},"content":{"rendered":"<p><span class=\"Apple-converted-space\">\u00a0<\/span>Wolfsburg, mayo de 2024 \u2013 El Consejo de Administraci\u00f3n del Grupo Volkswagen decidio generalizar la movilidad<span class=\"Apple-converted-space\">\u00a0 <\/span>totalmente el\u00e9ctrica. El Grupo Volkswagen introducir\u00e1 al mercado veh\u00edculos el\u00e9ctricos asequibles de Europa y para Europa. El estreno mundial est\u00e1 previsto para 2027.<\/p>\n<p>&nbsp;<\/p>\n<h2>Grupo Volkswagen y el futuro de los el\u00e9ctricos<\/h2>\n<p>&nbsp;<\/p>\n<p><img fetchpriority=\"high\" decoding=\"async\" class=\"aligncenter wp-image-7934 size-full\" src=\"https:\/\/autofans.com.ar\/wp-content\/uploads\/2024\/06\/wv-3.jpg\" alt=\"Grupo Volkswagen\" width=\"1000\" height=\"667\" srcset=\"https:\/\/autofans.com.ar\/wp-content\/uploads\/2024\/06\/wv-3.jpg 1000w, https:\/\/autofans.com.ar\/wp-content\/uploads\/2024\/06\/wv-3-300x200.jpg 300w, https:\/\/autofans.com.ar\/wp-content\/uploads\/2024\/06\/wv-3-768x512.jpg 768w\" sizes=\"(max-width: 1000px) 100vw, 1000px\" \/><\/p>\n<p>&nbsp;<\/p>\n<p>Volkswagen trabaja desde hace tiempo para ofrecer veh\u00edculos el\u00e9ctricos compactos y especialmente econ\u00f3micos, en el rango de precios de unos 20.000 euros. De esta manera, las marcas de volumen del Grupo cumplen su promesa de crear movilidad para todos y seguir facilitando la entrada a la movilidad el\u00e9ctrica. Con su diversidad de marcas, el Grupo Volkswagen tambi\u00e9n asume la responsabilidad social de una movilidad asequible y sostenible.<\/p>\n<p>&nbsp;<\/p>\n<blockquote>\n<p style=\"text-align: center;\">Thomas Sch\u00e4fer, director general de la marca Volkswagen y director del Brand Group Core: \u201cEl futuro es el\u00e9ctrico. Para que la electromovilidad se generalice, se necesitan veh\u00edculos atractivos, especialmente en el segmento de entrada de gama. Nuestra promesa de marca es: electromovilidad para todos. Esta promesa ahora se est\u00e1 cumpliendo en el Brand Group Core. A pesar del atractivo precio, nuestros veh\u00edculos marcar\u00e1n la pauta en este segmento en t\u00e9rminos de tecnolog\u00eda, dise\u00f1o, calidad y experiencia del cliente. Esta tarea se ha vuelto m\u00e1s exigente debido al aumento de los costos de energ\u00eda, materiales y materias primas. Una cosa est\u00e1 clara: la electromovilidad de Europa para Europa s\u00f3lo puede tener \u00e9xito con apoyo pol\u00edtico y condiciones competitivas\u201d.<\/p>\n<\/blockquote>\n<p>&nbsp;<\/p>\n<h2>El proyecto de la electromovilidad en Europa<\/h2>\n<p>Para este proyecto, Volkswagen depender\u00e1 de un alto grado de localizaci\u00f3n en Europa, lo que a su vez beneficiar\u00e1 a Europa como ubicaci\u00f3n industrial. Otra ventaja: se reducen los largos trayectos de transporte de los componentes y, por tanto, se evita la contaminaci\u00f3n por CO2.<\/p>\n<p>&nbsp;<\/p>\n<p><img decoding=\"async\" class=\"aligncenter wp-image-7936 size-full\" src=\"https:\/\/autofans.com.ar\/wp-content\/uploads\/2024\/06\/wv-1.jpg\" alt=\"Grupo Volkswagen\" width=\"1000\" height=\"667\" srcset=\"https:\/\/autofans.com.ar\/wp-content\/uploads\/2024\/06\/wv-1.jpg 1000w, https:\/\/autofans.com.ar\/wp-content\/uploads\/2024\/06\/wv-1-300x200.jpg 300w, https:\/\/autofans.com.ar\/wp-content\/uploads\/2024\/06\/wv-1-768x512.jpg 768w\" sizes=\"(max-width: 1000px) 100vw, 1000px\" \/><\/p>\n<p>&nbsp;<\/p>\n<p>Este proyecto, ya confirmado, es otro hito en el camino hacia la generalizaci\u00f3n de la electromovilidad en Europa. Ya se est\u00e1 trabajando intensamente en la \u201cFamilia de coches urbanos el\u00e9ctricos\u201d, con la que el Brand Group Core presentar\u00e1 coches el\u00e9ctricos por menos de 25.000 euros a finales de 2025. Dos nuevos coches compactos, uno de VW y otro de CUPRA, tambi\u00e9n aqu\u00ed est\u00e1n previstos dos SUV peque\u00f1os, uno de \u0160koda y otro de VW. Los cuatro veh\u00edculos se fabricar\u00e1n en Espa\u00f1a. Con el proyecto de movilidad \u201centry level\u201d totalmente el\u00e9ctrica por 20.000 euros, el Grupo Volkswagen da ahora el siguiente paso.<\/p>\n<p>&nbsp;<\/p>\n<p>&nbsp;<\/p>\n<p>&nbsp;<\/p>\n<p>&nbsp;<\/p>\n<p><i>Para enterarte de m\u00e1s novedades, no dejes de leer\u00a0<\/i><a href=\"https:\/\/autofans.thebrandsoup.com\/\"><i>nuestras notas<\/i><\/a><i>, de ver<\/i><b><i>\u00a0<\/i><\/b><a href=\"https:\/\/www.youtube.com\/channel\/UCgAC8UGHZYbT6P7PpmVnP7g\"><b><i>AUTOFANS TV<\/i><\/b><\/a><b><i>\u00a0<\/i><\/b><i>en nuestro\u00a0canal de Youtube. Adem\u00e1s seguinos en\u00a0<\/i><a href=\"https:\/\/www.instagram.com\/autofanstv\/\"><i>INSTAGRAM<\/i><\/a><i> y <\/i><a href=\"https:\/\/www.facebook.com\/autofansmas\/\"><i>FACEBOOK<\/i><\/a><i> para no perderte nada sobre las novedades del segmento automotor de Argentina y el mundo.<\/i><\/p>\n<p>&nbsp;<\/p>\n","protected":false},"excerpt":{"rendered":"<p>\u00a0Wolfsburg, mayo de 2024 \u2013 El Consejo de Administraci\u00f3n del Grupo Volkswagen decidio generalizar la&#8230;<\/p>\n","protected":false},"author":2,"featured_media":7935,"comment_status":"closed","ping_status":"closed","sticky":false,"template":"","format":"standard","meta":{"footnotes":""},"categories":[341,16],"tags":[4195,4194,4193,2995,4196,76],"class_list":["post-7933","post","type-post","status-publish","format-standard","has-post-thumbnail","hentry","category-hibridos-y-electricos","category-noticias","tag-brand-group-core","tag-cupra","tag-entry-level","tag-grupo-volkswagen","tag-thomas-schafer","tag-vw"],"yoast_head":"<!-- This site is optimized with the Yoast SEO plugin v27.5 - https:\/\/yoast.com\/product\/yoast-seo-wordpress\/ -->\n<title>Grupo Volkswagen comercializar\u00e1 veh\u00edculos el\u00e9ctricos por 20.000 euros -<\/title>\n<meta name=\"description\" content=\"\u00a0Wolfsburg, mayo de 2024 \u2013 El Consejo de Administraci\u00f3n del Grupo Volkswagen decidio generalizar la movilidad\u00a0 totalmente el\u00e9ctrica...\" \/>\n<meta name=\"robots\" content=\"index, follow, max-snippet:-1, max-image-preview:large, max-video-preview:-1\" \/>\n<link rel=\"canonical\" href=\"https:\/\/autofans.com.ar\/index.php\/2024\/06\/04\/grupo-volkswagen-comercializara-vehiculos-electricos-por-20-000-euros\/\" \/>\n<meta property=\"og:locale\" content=\"es_ES\" \/>\n<meta property=\"og:type\" content=\"article\" \/>\n<meta property=\"og:title\" content=\"Grupo Volkswagen comercializar\u00e1 veh\u00edculos el\u00e9ctricos por 20.000 euros -\" \/>\n<meta property=\"og:description\" content=\"\u00a0Wolfsburg, mayo de 2024 \u2013 El Consejo de Administraci\u00f3n del Grupo Volkswagen decidio generalizar la movilidad\u00a0 totalmente el\u00e9ctrica...\" \/>\n<meta property=\"og:url\" content=\"https:\/\/autofans.com.ar\/index.php\/2024\/06\/04\/grupo-volkswagen-comercializara-vehiculos-electricos-por-20-000-euros\/\" \/>\n<meta property=\"article:published_time\" content=\"2024-06-04T16:00:58+00:00\" \/>\n<meta property=\"og:image\" content=\"https:\/\/autofans.com.ar\/wp-content\/uploads\/2024\/06\/wv-2.jpg\" \/>\n\t<meta property=\"og:image:width\" content=\"640\" \/>\n\t<meta property=\"og:image:height\" content=\"427\" \/>\n\t<meta property=\"og:image:type\" content=\"image\/jpeg\" \/>\n<meta name=\"author\" content=\"Alejandro Gabriel Rosito\" \/>\n<meta name=\"twitter:card\" content=\"summary_large_image\" \/>\n<meta name=\"twitter:label1\" content=\"Escrito por\" \/>\n\t<meta name=\"twitter:data1\" content=\"Alejandro Gabriel Rosito\" \/>\n\t<meta name=\"twitter:label2\" content=\"Tiempo de lectura\" \/>\n\t<meta name=\"twitter:data2\" content=\"3 minutos\" \/>\n<script type=\"application\/ld+json\" class=\"yoast-schema-graph\">{\"@context\":\"https:\\\/\\\/schema.org\",\"@graph\":[{\"@type\":\"Article\",\"@id\":\"https:\\\/\\\/autofans.com.ar\\\/index.php\\\/2024\\\/06\\\/04\\\/grupo-volkswagen-comercializara-vehiculos-electricos-por-20-000-euros\\\/#article\",\"isPartOf\":{\"@id\":\"https:\\\/\\\/autofans.com.ar\\\/index.php\\\/2024\\\/06\\\/04\\\/grupo-volkswagen-comercializara-vehiculos-electricos-por-20-000-euros\\\/\"},\"author\":{\"name\":\"Alejandro Gabriel Rosito\",\"@id\":\"https:\\\/\\\/autofans.com.ar\\\/#\\\/schema\\\/person\\\/4a8dda0b6df83ac3d6723e921274c2aa\"},\"headline\":\"Grupo Volkswagen comercializar\u00e1 veh\u00edculos el\u00e9ctricos por 20.000 euros\",\"datePublished\":\"2024-06-04T16:00:58+00:00\",\"mainEntityOfPage\":{\"@id\":\"https:\\\/\\\/autofans.com.ar\\\/index.php\\\/2024\\\/06\\\/04\\\/grupo-volkswagen-comercializara-vehiculos-electricos-por-20-000-euros\\\/\"},\"wordCount\":476,\"image\":{\"@id\":\"https:\\\/\\\/autofans.com.ar\\\/index.php\\\/2024\\\/06\\\/04\\\/grupo-volkswagen-comercializara-vehiculos-electricos-por-20-000-euros\\\/#primaryimage\"},\"thumbnailUrl\":\"https:\\\/\\\/autofans.com.ar\\\/wp-content\\\/uploads\\\/2024\\\/06\\\/wv-2.jpg\",\"keywords\":[\"Brand Group Core\",\"CUPRA\",\"entry level\",\"Grupo Volkswagen\",\"Thomas Sch\u00e4fer\",\"VW\"],\"articleSection\":[\"HIBRIDOS, ELECTRICOS y otros\",\"NOTICIAS\"],\"inLanguage\":\"es\"},{\"@type\":\"WebPage\",\"@id\":\"https:\\\/\\\/autofans.com.ar\\\/index.php\\\/2024\\\/06\\\/04\\\/grupo-volkswagen-comercializara-vehiculos-electricos-por-20-000-euros\\\/\",\"url\":\"https:\\\/\\\/autofans.com.ar\\\/index.php\\\/2024\\\/06\\\/04\\\/grupo-volkswagen-comercializara-vehiculos-electricos-por-20-000-euros\\\/\",\"name\":\"Grupo Volkswagen comercializar\u00e1 veh\u00edculos el\u00e9ctricos por 20.000 euros -\",\"isPartOf\":{\"@id\":\"https:\\\/\\\/autofans.com.ar\\\/#website\"},\"primaryImageOfPage\":{\"@id\":\"https:\\\/\\\/autofans.com.ar\\\/index.php\\\/2024\\\/06\\\/04\\\/grupo-volkswagen-comercializara-vehiculos-electricos-por-20-000-euros\\\/#primaryimage\"},\"image\":{\"@id\":\"https:\\\/\\\/autofans.com.ar\\\/index.php\\\/2024\\\/06\\\/04\\\/grupo-volkswagen-comercializara-vehiculos-electricos-por-20-000-euros\\\/#primaryimage\"},\"thumbnailUrl\":\"https:\\\/\\\/autofans.com.ar\\\/wp-content\\\/uploads\\\/2024\\\/06\\\/wv-2.jpg\",\"datePublished\":\"2024-06-04T16:00:58+00:00\",\"author\":{\"@id\":\"https:\\\/\\\/autofans.com.ar\\\/#\\\/schema\\\/person\\\/4a8dda0b6df83ac3d6723e921274c2aa\"},\"description\":\"\u00a0Wolfsburg, mayo de 2024 \u2013 El Consejo de Administraci\u00f3n del Grupo Volkswagen decidio generalizar la movilidad\u00a0 totalmente el\u00e9ctrica...\",\"breadcrumb\":{\"@id\":\"https:\\\/\\\/autofans.com.ar\\\/index.php\\\/2024\\\/06\\\/04\\\/grupo-volkswagen-comercializara-vehiculos-electricos-por-20-000-euros\\\/#breadcrumb\"},\"inLanguage\":\"es\",\"potentialAction\":[{\"@type\":\"ReadAction\",\"target\":[\"https:\\\/\\\/autofans.com.ar\\\/index.php\\\/2024\\\/06\\\/04\\\/grupo-volkswagen-comercializara-vehiculos-electricos-por-20-000-euros\\\/\"]}]},{\"@type\":\"ImageObject\",\"inLanguage\":\"es\",\"@id\":\"https:\\\/\\\/autofans.com.ar\\\/index.php\\\/2024\\\/06\\\/04\\\/grupo-volkswagen-comercializara-vehiculos-electricos-por-20-000-euros\\\/#primaryimage\",\"url\":\"https:\\\/\\\/autofans.com.ar\\\/wp-content\\\/uploads\\\/2024\\\/06\\\/wv-2.jpg\",\"contentUrl\":\"https:\\\/\\\/autofans.com.ar\\\/wp-content\\\/uploads\\\/2024\\\/06\\\/wv-2.jpg\",\"width\":1000,\"height\":667,\"caption\":\"Grupo Volkswagen\"},{\"@type\":\"BreadcrumbList\",\"@id\":\"https:\\\/\\\/autofans.com.ar\\\/index.php\\\/2024\\\/06\\\/04\\\/grupo-volkswagen-comercializara-vehiculos-electricos-por-20-000-euros\\\/#breadcrumb\",\"itemListElement\":[{\"@type\":\"ListItem\",\"position\":1,\"name\":\"Inicio\",\"item\":\"https:\\\/\\\/autofans.com.ar\\\/\"},{\"@type\":\"ListItem\",\"position\":2,\"name\":\"Grupo Volkswagen comercializar\u00e1 veh\u00edculos el\u00e9ctricos por 20.000 euros\"}]},{\"@type\":\"WebSite\",\"@id\":\"https:\\\/\\\/autofans.com.ar\\\/#website\",\"url\":\"https:\\\/\\\/autofans.com.ar\\\/\",\"name\":\"\",\"description\":\"El multimedio referente de la industria automotriz\",\"potentialAction\":[{\"@type\":\"SearchAction\",\"target\":{\"@type\":\"EntryPoint\",\"urlTemplate\":\"https:\\\/\\\/autofans.com.ar\\\/?s={search_term_string}\"},\"query-input\":{\"@type\":\"PropertyValueSpecification\",\"valueRequired\":true,\"valueName\":\"search_term_string\"}}],\"inLanguage\":\"es\"},{\"@type\":\"Person\",\"@id\":\"https:\\\/\\\/autofans.com.ar\\\/#\\\/schema\\\/person\\\/4a8dda0b6df83ac3d6723e921274c2aa\",\"name\":\"Alejandro Gabriel Rosito\",\"image\":{\"@type\":\"ImageObject\",\"inLanguage\":\"es\",\"@id\":\"https:\\\/\\\/secure.gravatar.com\\\/avatar\\\/16c5dda1489adfc62618084dcbb91cffd879c374b13fe5dd8e44ed6733852c88?s=96&d=mm&r=g\",\"url\":\"https:\\\/\\\/secure.gravatar.com\\\/avatar\\\/16c5dda1489adfc62618084dcbb91cffd879c374b13fe5dd8e44ed6733852c88?s=96&d=mm&r=g\",\"contentUrl\":\"https:\\\/\\\/secure.gravatar.com\\\/avatar\\\/16c5dda1489adfc62618084dcbb91cffd879c374b13fe5dd8e44ed6733852c88?s=96&d=mm&r=g\",\"caption\":\"Alejandro Gabriel Rosito\"},\"url\":\"https:\\\/\\\/autofans.com.ar\\\/index.php\\\/author\\\/gabrielr\\\/\"}]}<\/script>\n<!-- \/ Yoast SEO plugin. -->","yoast_head_json":{"title":"Grupo Volkswagen comercializar\u00e1 veh\u00edculos el\u00e9ctricos por 20.000 euros -","description":"\u00a0Wolfsburg, mayo de 2024 \u2013 El Consejo de Administraci\u00f3n del Grupo Volkswagen decidio generalizar la movilidad\u00a0 totalmente el\u00e9ctrica...","robots":{"index":"index","follow":"follow","max-snippet":"max-snippet:-1","max-image-preview":"max-image-preview:large","max-video-preview":"max-video-preview:-1"},"canonical":"https:\/\/autofans.com.ar\/index.php\/2024\/06\/04\/grupo-volkswagen-comercializara-vehiculos-electricos-por-20-000-euros\/","og_locale":"es_ES","og_type":"article","og_title":"Grupo Volkswagen comercializar\u00e1 veh\u00edculos el\u00e9ctricos por 20.000 euros -","og_description":"\u00a0Wolfsburg, mayo de 2024 \u2013 El Consejo de Administraci\u00f3n del Grupo Volkswagen decidio generalizar la movilidad\u00a0 totalmente el\u00e9ctrica...","og_url":"https:\/\/autofans.com.ar\/index.php\/2024\/06\/04\/grupo-volkswagen-comercializara-vehiculos-electricos-por-20-000-euros\/","article_published_time":"2024-06-04T16:00:58+00:00","og_image":[{"url":"https:\/\/autofans.com.ar\/wp-content\/uploads\/2024\/06\/wv-2.jpg","width":640,"height":427,"type":"image\/jpeg"}],"author":"Alejandro Gabriel Rosito","twitter_card":"summary_large_image","twitter_misc":{"Escrito por":"Alejandro Gabriel Rosito","Tiempo de lectura":"3 minutos"},"schema":{"@context":"https:\/\/schema.org","@graph":[{"@type":"Article","@id":"https:\/\/autofans.com.ar\/index.php\/2024\/06\/04\/grupo-volkswagen-comercializara-vehiculos-electricos-por-20-000-euros\/#article","isPartOf":{"@id":"https:\/\/autofans.com.ar\/index.php\/2024\/06\/04\/grupo-volkswagen-comercializara-vehiculos-electricos-por-20-000-euros\/"},"author":{"name":"Alejandro Gabriel Rosito","@id":"https:\/\/autofans.com.ar\/#\/schema\/person\/4a8dda0b6df83ac3d6723e921274c2aa"},"headline":"Grupo Volkswagen comercializar\u00e1 veh\u00edculos el\u00e9ctricos por 20.000 euros","datePublished":"2024-06-04T16:00:58+00:00","mainEntityOfPage":{"@id":"https:\/\/autofans.com.ar\/index.php\/2024\/06\/04\/grupo-volkswagen-comercializara-vehiculos-electricos-por-20-000-euros\/"},"wordCount":476,"image":{"@id":"https:\/\/autofans.com.ar\/index.php\/2024\/06\/04\/grupo-volkswagen-comercializara-vehiculos-electricos-por-20-000-euros\/#primaryimage"},"thumbnailUrl":"https:\/\/autofans.com.ar\/wp-content\/uploads\/2024\/06\/wv-2.jpg","keywords":["Brand Group Core","CUPRA","entry level","Grupo Volkswagen","Thomas Sch\u00e4fer","VW"],"articleSection":["HIBRIDOS, ELECTRICOS y otros","NOTICIAS"],"inLanguage":"es"},{"@type":"WebPage","@id":"https:\/\/autofans.com.ar\/index.php\/2024\/06\/04\/grupo-volkswagen-comercializara-vehiculos-electricos-por-20-000-euros\/","url":"https:\/\/autofans.com.ar\/index.php\/2024\/06\/04\/grupo-volkswagen-comercializara-vehiculos-electricos-por-20-000-euros\/","name":"Grupo Volkswagen comercializar\u00e1 veh\u00edculos el\u00e9ctricos por 20.000 euros -","isPartOf":{"@id":"https:\/\/autofans.com.ar\/#website"},"primaryImageOfPage":{"@id":"https:\/\/autofans.com.ar\/index.php\/2024\/06\/04\/grupo-volkswagen-comercializara-vehiculos-electricos-por-20-000-euros\/#primaryimage"},"image":{"@id":"https:\/\/autofans.com.ar\/index.php\/2024\/06\/04\/grupo-volkswagen-comercializara-vehiculos-electricos-por-20-000-euros\/#primaryimage"},"thumbnailUrl":"https:\/\/autofans.com.ar\/wp-content\/uploads\/2024\/06\/wv-2.jpg","datePublished":"2024-06-04T16:00:58+00:00","author":{"@id":"https:\/\/autofans.com.ar\/#\/schema\/person\/4a8dda0b6df83ac3d6723e921274c2aa"},"description":"\u00a0Wolfsburg, mayo de 2024 \u2013 El Consejo de Administraci\u00f3n del Grupo Volkswagen decidio generalizar la movilidad\u00a0 totalmente el\u00e9ctrica...","breadcrumb":{"@id":"https:\/\/autofans.com.ar\/index.php\/2024\/06\/04\/grupo-volkswagen-comercializara-vehiculos-electricos-por-20-000-euros\/#breadcrumb"},"inLanguage":"es","potentialAction":[{"@type":"ReadAction","target":["https:\/\/autofans.com.ar\/index.php\/2024\/06\/04\/grupo-volkswagen-comercializara-vehiculos-electricos-por-20-000-euros\/"]}]},{"@type":"ImageObject","inLanguage":"es","@id":"https:\/\/autofans.com.ar\/index.php\/2024\/06\/04\/grupo-volkswagen-comercializara-vehiculos-electricos-por-20-000-euros\/#primaryimage","url":"https:\/\/autofans.com.ar\/wp-content\/uploads\/2024\/06\/wv-2.jpg","contentUrl":"https:\/\/autofans.com.ar\/wp-content\/uploads\/2024\/06\/wv-2.jpg","width":1000,"height":667,"caption":"Grupo Volkswagen"},{"@type":"BreadcrumbList","@id":"https:\/\/autofans.com.ar\/index.php\/2024\/06\/04\/grupo-volkswagen-comercializara-vehiculos-electricos-por-20-000-euros\/#breadcrumb","itemListElement":[{"@type":"ListItem","position":1,"name":"Inicio","item":"https:\/\/autofans.com.ar\/"},{"@type":"ListItem","position":2,"name":"Grupo Volkswagen comercializar\u00e1 veh\u00edculos el\u00e9ctricos por 20.000 euros"}]},{"@type":"WebSite","@id":"https:\/\/autofans.com.ar\/#website","url":"https:\/\/autofans.com.ar\/","name":"","description":"El multimedio referente de la industria automotriz","potentialAction":[{"@type":"SearchAction","target":{"@type":"EntryPoint","urlTemplate":"https:\/\/autofans.com.ar\/?s={search_term_string}"},"query-input":{"@type":"PropertyValueSpecification","valueRequired":true,"valueName":"search_term_string"}}],"inLanguage":"es"},{"@type":"Person","@id":"https:\/\/autofans.com.ar\/#\/schema\/person\/4a8dda0b6df83ac3d6723e921274c2aa","name":"Alejandro Gabriel Rosito","image":{"@type":"ImageObject","inLanguage":"es","@id":"https:\/\/secure.gravatar.com\/avatar\/16c5dda1489adfc62618084dcbb91cffd879c374b13fe5dd8e44ed6733852c88?s=96&d=mm&r=g","url":"https:\/\/secure.gravatar.com\/avatar\/16c5dda1489adfc62618084dcbb91cffd879c374b13fe5dd8e44ed6733852c88?s=96&d=mm&r=g","contentUrl":"https:\/\/secure.gravatar.com\/avatar\/16c5dda1489adfc62618084dcbb91cffd879c374b13fe5dd8e44ed6733852c88?s=96&d=mm&r=g","caption":"Alejandro Gabriel Rosito"},"url":"https:\/\/autofans.com.ar\/index.php\/author\/gabrielr\/"}]}},"featured_image_urls":{"full":["https:\/\/autofans.com.ar\/wp-content\/uploads\/2024\/06\/wv-2.jpg",1000,667,false],"thumbnail":["https:\/\/autofans.com.ar\/wp-content\/uploads\/2024\/06\/wv-2-150x150.jpg",150,150,true],"medium":["https:\/\/autofans.com.ar\/wp-content\/uploads\/2024\/06\/wv-2-300x200.jpg",300,200,true],"medium_large":["https:\/\/autofans.com.ar\/wp-content\/uploads\/2024\/06\/wv-2-768x512.jpg",640,427,true],"large":["https:\/\/autofans.com.ar\/wp-content\/uploads\/2024\/06\/wv-2.jpg",640,427,false],"1536x1536":["https:\/\/autofans.com.ar\/wp-content\/uploads\/2024\/06\/wv-2.jpg",1000,667,false],"2048x2048":["https:\/\/autofans.com.ar\/wp-content\/uploads\/2024\/06\/wv-2.jpg",1000,667,false],"covernews-featured":["https:\/\/autofans.com.ar\/wp-content\/uploads\/2024\/06\/wv-2.jpg",1000,667,false],"covernews-medium":["https:\/\/autofans.com.ar\/wp-content\/uploads\/2024\/06\/wv-2-540x340.jpg",540,340,true]},"author_info":{"display_name":"Alejandro Gabriel Rosito","author_link":"https:\/\/autofans.com.ar\/index.php\/author\/gabrielr\/"},"category_info":"<a href=\"https:\/\/autofans.com.ar\/index.php\/category\/noticias\/hibridos-y-electricos\/\" rel=\"category tag\">HIBRIDOS, ELECTRICOS y otros<\/a> <a href=\"https:\/\/autofans.com.ar\/index.php\/category\/noticias\/\" rel=\"category tag\">NOTICIAS<\/a>","tag_info":"NOTICIAS","comment_count":0,"_links":{"self":[{"href":"https:\/\/autofans.com.ar\/index.php\/wp-json\/wp\/v2\/posts\/7933","targetHints":{"allow":["GET"]}}],"collection":[{"href":"https:\/\/autofans.com.ar\/index.php\/wp-json\/wp\/v2\/posts"}],"about":[{"href":"https:\/\/autofans.com.ar\/index.php\/wp-json\/wp\/v2\/types\/post"}],"author":[{"embeddable":true,"href":"https:\/\/autofans.com.ar\/index.php\/wp-json\/wp\/v2\/users\/2"}],"replies":[{"embeddable":true,"href":"https:\/\/autofans.com.ar\/index.php\/wp-json\/wp\/v2\/comments?post=7933"}],"version-history":[{"count":1,"href":"https:\/\/autofans.com.ar\/index.php\/wp-json\/wp\/v2\/posts\/7933\/revisions"}],"predecessor-version":[{"id":7937,"href":"https:\/\/autofans.com.ar\/index.php\/wp-json\/wp\/v2\/posts\/7933\/revisions\/7937"}],"wp:featuredmedia":[{"embeddable":true,"href":"https:\/\/autofans.com.ar\/index.php\/wp-json\/wp\/v2\/media\/7935"}],"wp:attachment":[{"href":"https:\/\/autofans.com.ar\/index.php\/wp-json\/wp\/v2\/media?parent=7933"}],"wp:term":[{"taxonomy":"category","embeddable":true,"href":"https:\/\/autofans.com.ar\/index.php\/wp-json\/wp\/v2\/categories?post=7933"},{"taxonomy":"post_tag","embeddable":true,"href":"https:\/\/autofans.com.ar\/index.php\/wp-json\/wp\/v2\/tags?post=7933"}],"curies":[{"name":"wp","href":"https:\/\/api.w.org\/{rel}","templated":true}]}}