{"id":7981,"date":"2024-06-07T13:52:01","date_gmt":"2024-06-07T16:52:01","guid":{"rendered":"https:\/\/autofans.com.ar\/?p=7981"},"modified":"2024-06-07T13:52:01","modified_gmt":"2024-06-07T16:52:01","slug":"volkswagen-en-agroactiva-2024","status":"publish","type":"post","link":"https:\/\/autofans.com.ar\/index.php\/2024\/06\/07\/volkswagen-en-agroactiva-2024\/","title":{"rendered":"Volkswagen en Agroactiva 2024"},"content":{"rendered":"<p>Desde el 5 al 8 de junio, Volkswagen participa en Agroactiva 2024 en Armstrong, Santa Fe, presentando su amplia gama de veh\u00edculos y soluciones para el sector agropecuario argentino. En un stand de 2400 m2, construido bajo la estrategia Way to Zero, la marca muestra 19 veh\u00edculos, destacando modelos como el Taos Highline Bitono, el Saveiro Extreme y la exitosa Amarok.<\/p>\n<p>&nbsp;<\/p>\n<h2>Novedades de Volkswagen en Agroactiva 2024<\/h2>\n<p>Volkswagen presenta en su espacio versiones de alta gama y nuevos lanzamientos. El Taos en su versi\u00f3n Highline Bitono y el nuevo Saveiro Extreme son algunas de las estrellas, junto con todas las versiones de la Amarok, la pick-up de producci\u00f3n nacional. Adem\u00e1s, se exhiben los nuevos camiones de producci\u00f3n nacional, incluyendo los modelos Delivery 9.170, 11.180, y Constellation 17.280 tractor. El stand tambi\u00e9n cuenta con el extrapesado Meteor y el Constellation 25.460 en Avant Premiere.<\/p>\n<p>&nbsp;<\/p>\n<div id='gallery-1' class='gallery galleryid-7981 gallery-columns-3 gallery-size-full'><figure class='gallery-item'>\n\t\t\t<div class='gallery-icon landscape'>\n\t\t\t\t<a href='https:\/\/autofans.com.ar\/index.php\/2024\/06\/07\/volkswagen-en-agroactiva-2024\/vw-3-6\/'><img loading=\"lazy\" width=\"1000\" height=\"667\" src=\"https:\/\/autofans.com.ar\/wp-content\/uploads\/2024\/06\/vw-3.jpg\" class=\"attachment-full size-full\" alt=\"Volkswagen\" srcset=\"https:\/\/autofans.com.ar\/wp-content\/uploads\/2024\/06\/vw-3.jpg 1000w, https:\/\/autofans.com.ar\/wp-content\/uploads\/2024\/06\/vw-3-300x200.jpg 300w, https:\/\/autofans.com.ar\/wp-content\/uploads\/2024\/06\/vw-3-768x512.jpg 768w\" sizes=\"auto, (max-width: 1000px) 100vw, 1000px\" loading=\"lazy\" decoding=\"async\" \/><\/a>\n\t\t\t<\/div><\/figure><figure class='gallery-item'>\n\t\t\t<div class='gallery-icon landscape'>\n\t\t\t\t<a href='https:\/\/autofans.com.ar\/index.php\/2024\/06\/07\/volkswagen-en-agroactiva-2024\/vw-5-3\/'><img loading=\"lazy\" width=\"1000\" height=\"667\" src=\"https:\/\/autofans.com.ar\/wp-content\/uploads\/2024\/06\/vw-5.jpg\" class=\"attachment-full size-full\" alt=\"Volkswagen\" srcset=\"https:\/\/autofans.com.ar\/wp-content\/uploads\/2024\/06\/vw-5.jpg 1000w, https:\/\/autofans.com.ar\/wp-content\/uploads\/2024\/06\/vw-5-300x200.jpg 300w, https:\/\/autofans.com.ar\/wp-content\/uploads\/2024\/06\/vw-5-768x512.jpg 768w\" sizes=\"auto, (max-width: 1000px) 100vw, 1000px\" loading=\"lazy\" decoding=\"async\" \/><\/a>\n\t\t\t<\/div><\/figure><figure class='gallery-item'>\n\t\t\t<div class='gallery-icon landscape'>\n\t\t\t\t<a href='https:\/\/autofans.com.ar\/index.php\/2024\/06\/07\/volkswagen-en-agroactiva-2024\/vw-6-2\/'><img loading=\"lazy\" width=\"1000\" height=\"667\" src=\"https:\/\/autofans.com.ar\/wp-content\/uploads\/2024\/06\/vw-6.jpg\" class=\"attachment-full size-full\" alt=\"Volkswagen\" srcset=\"https:\/\/autofans.com.ar\/wp-content\/uploads\/2024\/06\/vw-6.jpg 1000w, https:\/\/autofans.com.ar\/wp-content\/uploads\/2024\/06\/vw-6-300x200.jpg 300w, https:\/\/autofans.com.ar\/wp-content\/uploads\/2024\/06\/vw-6-768x512.jpg 768w\" sizes=\"auto, (max-width: 1000px) 100vw, 1000px\" loading=\"lazy\" decoding=\"async\" \/><\/a>\n\t\t\t<\/div><\/figure>\n\t\t<\/div>\n\n<p>&nbsp;<\/p>\n<p>La divisi\u00f3n de Camiones y Buses de Volkswagen tambi\u00e9n dice presente con una muestra completa de su gama. Los modelos Delivery y Constellation de producci\u00f3n nacional, junto con las recientes novedades como el VW Delivery 11.180 4&#215;4 y el Constellation 25.460, se destacan en el stand. Los visitantes pueden informarse sobre el \u201cMi Plan Cami\u00f3n VW\u201d, un plan de ahorro con beneficios significativos y financiaci\u00f3n a tasas competitivas para adquirir veh\u00edculos nacionales e importados.<\/p>\n<p>&nbsp;<\/p>\n<blockquote>\n<p style=\"text-align: center;\">\u00abNos alegra participar en una nueva edici\u00f3n de Agroactiva, este a\u00f1o entusiasmados por exhibir todos nuestros productos, destacando nuestra Amarok y especialmente nuestros camiones Volkswagen, ahora producidos en Argentina y dise\u00f1ados para satisfacer las exigencias del sector agroindustrial. Agroactiva 2024 nos brinda la oportunidad de estar cerca de nuestros clientes y escuchar de primera mano sus necesidades y expectativas. Invitamos a todos los asistentes a visitar nuestro stand y conocer de cerca nuestras soluciones de movilidad que est\u00e1n a la vanguardia de la tecnolog\u00eda y la eficiencia,\u00bb Marcellus Puig, presidente y CEO de Volkswagen Group Argentina.<\/p>\n<\/blockquote>\n<p>&nbsp;<\/p>\n<h2>Servicios de posventa calidad y satisfacci\u00f3n garantizadas<\/h2>\n<p>Volkswagen refuerza su compromiso con la posventa, presentando su Unidad de Servicio M\u00f3vil, dise\u00f1ada para ofrecer soluciones a domicilio tanto a clientes particulares como a empresas de flotas. Estos talleres m\u00f3viles, basados en camionetas Amarok, ofrecen servicios como mantenimiento, cambio de frenos, distribuci\u00f3n y colocaci\u00f3n de accesorios. La marca tambi\u00e9n exhibe su colecci\u00f3n de bicicletas y accesorios Lifestyle, disponibles en concesionarios y la tienda oficial de Mercado Libre.<\/p>\n<p>&nbsp;<\/p>\n<div id='gallery-2' class='gallery galleryid-7981 gallery-columns-2 gallery-size-full'><figure class='gallery-item'>\n\t\t\t<div class='gallery-icon landscape'>\n\t\t\t\t<a href='https:\/\/autofans.com.ar\/index.php\/2024\/06\/07\/volkswagen-en-agroactiva-2024\/vw-3-6\/'><img loading=\"lazy\" width=\"1000\" height=\"667\" src=\"https:\/\/autofans.com.ar\/wp-content\/uploads\/2024\/06\/vw-3.jpg\" class=\"attachment-full size-full\" alt=\"Volkswagen\" srcset=\"https:\/\/autofans.com.ar\/wp-content\/uploads\/2024\/06\/vw-3.jpg 1000w, https:\/\/autofans.com.ar\/wp-content\/uploads\/2024\/06\/vw-3-300x200.jpg 300w, https:\/\/autofans.com.ar\/wp-content\/uploads\/2024\/06\/vw-3-768x512.jpg 768w\" sizes=\"auto, (max-width: 1000px) 100vw, 1000px\" loading=\"lazy\" decoding=\"async\" \/><\/a>\n\t\t\t<\/div><\/figure><figure class='gallery-item'>\n\t\t\t<div class='gallery-icon landscape'>\n\t\t\t\t<a href='https:\/\/autofans.com.ar\/index.php\/2024\/06\/07\/volkswagen-en-agroactiva-2024\/vw-4-5\/'><img loading=\"lazy\" width=\"1000\" height=\"667\" src=\"https:\/\/autofans.com.ar\/wp-content\/uploads\/2024\/06\/vw-4.jpg\" class=\"attachment-full size-full\" alt=\"Volkswagen\" srcset=\"https:\/\/autofans.com.ar\/wp-content\/uploads\/2024\/06\/vw-4.jpg 1000w, https:\/\/autofans.com.ar\/wp-content\/uploads\/2024\/06\/vw-4-300x200.jpg 300w, https:\/\/autofans.com.ar\/wp-content\/uploads\/2024\/06\/vw-4-768x512.jpg 768w\" sizes=\"auto, (max-width: 1000px) 100vw, 1000px\" loading=\"lazy\" decoding=\"async\" \/><\/a>\n\t\t\t<\/div><\/figure>\n\t\t<\/div>\n\n<p>&nbsp;<\/p>\n<p>Volkswagen Financial Services sigue ofreciendo productos financieros atractivos a trav\u00e9s de la campa\u00f1a \u201cVW Weeks\u201d con financiaci\u00f3n a Tasa 0%. Esta promoci\u00f3n incluye modelos como Polo Track, Virtus, Nivus y Saveiro, con financiaci\u00f3n hasta $10.500.000 a 12 meses. El Taos, en todas sus versiones, puede financiarse hasta $15.000.000 a 12 meses, y el T-Cross hasta $11.500.000 a 18 meses. La Amarok V6 ofrece una Tasa 0% a 24 meses con un tope de $18.000.000.<\/p>\n<p>&nbsp;<\/p>\n<p>&nbsp;<\/p>\n<p>&nbsp;<\/p>\n<p><i>Para enterarte de m\u00e1s novedades, no dejes de leer\u00a0<\/i><a href=\"https:\/\/autofans.thebrandsoup.com\/\"><i>nuestras notas<\/i><\/a><i>, de ver<\/i><b><i>\u00a0<\/i><\/b><a href=\"https:\/\/www.youtube.com\/channel\/UCgAC8UGHZYbT6P7PpmVnP7g\"><b><i>AUTOFANS TV<\/i><\/b><\/a><b><i>\u00a0<\/i><\/b><i>en nuestro\u00a0canal de Youtube. Adem\u00e1s seguinos en\u00a0<\/i><a href=\"https:\/\/www.instagram.com\/autofanstv\/\"><i>INSTAGRAM<\/i><\/a><i> y <\/i><a href=\"https:\/\/www.facebook.com\/autofansmas\/\"><i>FACEBOOK<\/i><\/a><i> para no perderte nada sobre las novedades del segmento automotor de Argentina y el mundo.<\/i><\/p>\n","protected":false},"excerpt":{"rendered":"<p>Desde el 5 al 8 de junio, Volkswagen participa en Agroactiva 2024 en Armstrong, Santa&#8230;<\/p>\n","protected":false},"author":2,"featured_media":7987,"comment_status":"closed","ping_status":"closed","sticky":false,"template":"","format":"standard","meta":{"footnotes":""},"categories":[292,16],"tags":[1527,883,38,260,657,4229,1556,1555,1548,3886,2922,66,3766,513,3767,388,382],"class_list":["post-7981","post","type-post","status-publish","format-standard","has-post-thumbnail","hentry","category-empresas","category-noticias","tag-agroactiva","tag-amarok","tag-argentina","tag-autos","tag-camiones","tag-campo","tag-constellation","tag-delivery","tag-financiacion","tag-plan-de-ahorro","tag-posventa","tag-santa-fe","tag-saveiro","tag-sustentabilidad","tag-taos","tag-vehiculos","tag-volkswagen"],"yoast_head":"<!-- This site is optimized with the Yoast SEO plugin v27.5 - https:\/\/yoast.com\/product\/yoast-seo-wordpress\/ -->\n<title>Volkswagen en Agroactiva 2024 -<\/title>\n<meta name=\"description\" content=\"Del 5 al 8 de junio, Volkswagen participa en Agroactiva 2024 en Armstrong, Santa Fe, presentando su amplia gama de veh\u00edculos y soluciones agro\" \/>\n<meta name=\"robots\" content=\"index, follow, max-snippet:-1, max-image-preview:large, max-video-preview:-1\" \/>\n<link rel=\"canonical\" href=\"https:\/\/autofans.com.ar\/index.php\/2024\/06\/07\/volkswagen-en-agroactiva-2024\/\" \/>\n<meta property=\"og:locale\" content=\"es_ES\" \/>\n<meta property=\"og:type\" content=\"article\" \/>\n<meta property=\"og:title\" content=\"Volkswagen en Agroactiva 2024 -\" \/>\n<meta property=\"og:description\" content=\"Del 5 al 8 de junio, Volkswagen participa en Agroactiva 2024 en Armstrong, Santa Fe, presentando su amplia gama de veh\u00edculos y soluciones agro\" \/>\n<meta property=\"og:url\" content=\"https:\/\/autofans.com.ar\/index.php\/2024\/06\/07\/volkswagen-en-agroactiva-2024\/\" \/>\n<meta property=\"article:published_time\" content=\"2024-06-07T16:52:01+00:00\" \/>\n<meta property=\"og:image\" content=\"https:\/\/autofans.com.ar\/wp-content\/uploads\/2024\/06\/vw-1.jpg\" \/>\n\t<meta property=\"og:image:width\" content=\"640\" \/>\n\t<meta property=\"og:image:height\" content=\"427\" \/>\n\t<meta property=\"og:image:type\" content=\"image\/jpeg\" \/>\n<meta name=\"author\" content=\"Alejandro Gabriel Rosito\" \/>\n<meta name=\"twitter:card\" content=\"summary_large_image\" \/>\n<meta name=\"twitter:label1\" content=\"Escrito por\" \/>\n\t<meta name=\"twitter:data1\" content=\"Alejandro Gabriel Rosito\" \/>\n\t<meta name=\"twitter:label2\" content=\"Tiempo de lectura\" \/>\n\t<meta name=\"twitter:data2\" content=\"3 minutos\" \/>\n<script type=\"application\/ld+json\" class=\"yoast-schema-graph\">{\"@context\":\"https:\\\/\\\/schema.org\",\"@graph\":[{\"@type\":\"Article\",\"@id\":\"https:\\\/\\\/autofans.com.ar\\\/index.php\\\/2024\\\/06\\\/07\\\/volkswagen-en-agroactiva-2024\\\/#article\",\"isPartOf\":{\"@id\":\"https:\\\/\\\/autofans.com.ar\\\/index.php\\\/2024\\\/06\\\/07\\\/volkswagen-en-agroactiva-2024\\\/\"},\"author\":{\"name\":\"Alejandro Gabriel Rosito\",\"@id\":\"https:\\\/\\\/autofans.com.ar\\\/#\\\/schema\\\/person\\\/4a8dda0b6df83ac3d6723e921274c2aa\"},\"headline\":\"Volkswagen en Agroactiva 2024\",\"datePublished\":\"2024-06-07T16:52:01+00:00\",\"mainEntityOfPage\":{\"@id\":\"https:\\\/\\\/autofans.com.ar\\\/index.php\\\/2024\\\/06\\\/07\\\/volkswagen-en-agroactiva-2024\\\/\"},\"wordCount\":535,\"image\":{\"@id\":\"https:\\\/\\\/autofans.com.ar\\\/index.php\\\/2024\\\/06\\\/07\\\/volkswagen-en-agroactiva-2024\\\/#primaryimage\"},\"thumbnailUrl\":\"https:\\\/\\\/autofans.com.ar\\\/wp-content\\\/uploads\\\/2024\\\/06\\\/vw-1.jpg\",\"keywords\":[\"Agroactiva\",\"Amarok\",\"Argentina\",\"autos\",\"camiones\",\"campo\",\"Constellation\",\"Delivery\",\"financiaci\u00f3n\",\"Plan de Ahorro\",\"Posventa\",\"Santa Fe\",\"Saveiro\",\"sustentabilidad\",\"Taos\",\"veh\u00edculos\",\"Volkswagen\"],\"articleSection\":[\"EMPRESAS\",\"NOTICIAS\"],\"inLanguage\":\"es\"},{\"@type\":\"WebPage\",\"@id\":\"https:\\\/\\\/autofans.com.ar\\\/index.php\\\/2024\\\/06\\\/07\\\/volkswagen-en-agroactiva-2024\\\/\",\"url\":\"https:\\\/\\\/autofans.com.ar\\\/index.php\\\/2024\\\/06\\\/07\\\/volkswagen-en-agroactiva-2024\\\/\",\"name\":\"Volkswagen en Agroactiva 2024 -\",\"isPartOf\":{\"@id\":\"https:\\\/\\\/autofans.com.ar\\\/#website\"},\"primaryImageOfPage\":{\"@id\":\"https:\\\/\\\/autofans.com.ar\\\/index.php\\\/2024\\\/06\\\/07\\\/volkswagen-en-agroactiva-2024\\\/#primaryimage\"},\"image\":{\"@id\":\"https:\\\/\\\/autofans.com.ar\\\/index.php\\\/2024\\\/06\\\/07\\\/volkswagen-en-agroactiva-2024\\\/#primaryimage\"},\"thumbnailUrl\":\"https:\\\/\\\/autofans.com.ar\\\/wp-content\\\/uploads\\\/2024\\\/06\\\/vw-1.jpg\",\"datePublished\":\"2024-06-07T16:52:01+00:00\",\"author\":{\"@id\":\"https:\\\/\\\/autofans.com.ar\\\/#\\\/schema\\\/person\\\/4a8dda0b6df83ac3d6723e921274c2aa\"},\"description\":\"Del 5 al 8 de junio, Volkswagen participa en Agroactiva 2024 en Armstrong, Santa Fe, presentando su amplia gama de veh\u00edculos y soluciones agro\",\"breadcrumb\":{\"@id\":\"https:\\\/\\\/autofans.com.ar\\\/index.php\\\/2024\\\/06\\\/07\\\/volkswagen-en-agroactiva-2024\\\/#breadcrumb\"},\"inLanguage\":\"es\",\"potentialAction\":[{\"@type\":\"ReadAction\",\"target\":[\"https:\\\/\\\/autofans.com.ar\\\/index.php\\\/2024\\\/06\\\/07\\\/volkswagen-en-agroactiva-2024\\\/\"]}]},{\"@type\":\"ImageObject\",\"inLanguage\":\"es\",\"@id\":\"https:\\\/\\\/autofans.com.ar\\\/index.php\\\/2024\\\/06\\\/07\\\/volkswagen-en-agroactiva-2024\\\/#primaryimage\",\"url\":\"https:\\\/\\\/autofans.com.ar\\\/wp-content\\\/uploads\\\/2024\\\/06\\\/vw-1.jpg\",\"contentUrl\":\"https:\\\/\\\/autofans.com.ar\\\/wp-content\\\/uploads\\\/2024\\\/06\\\/vw-1.jpg\",\"width\":1000,\"height\":667,\"caption\":\"Volkswagen\"},{\"@type\":\"BreadcrumbList\",\"@id\":\"https:\\\/\\\/autofans.com.ar\\\/index.php\\\/2024\\\/06\\\/07\\\/volkswagen-en-agroactiva-2024\\\/#breadcrumb\",\"itemListElement\":[{\"@type\":\"ListItem\",\"position\":1,\"name\":\"Inicio\",\"item\":\"https:\\\/\\\/autofans.com.ar\\\/\"},{\"@type\":\"ListItem\",\"position\":2,\"name\":\"Volkswagen en Agroactiva 2024\"}]},{\"@type\":\"WebSite\",\"@id\":\"https:\\\/\\\/autofans.com.ar\\\/#website\",\"url\":\"https:\\\/\\\/autofans.com.ar\\\/\",\"name\":\"\",\"description\":\"El multimedio referente de la industria automotriz\",\"potentialAction\":[{\"@type\":\"SearchAction\",\"target\":{\"@type\":\"EntryPoint\",\"urlTemplate\":\"https:\\\/\\\/autofans.com.ar\\\/?s={search_term_string}\"},\"query-input\":{\"@type\":\"PropertyValueSpecification\",\"valueRequired\":true,\"valueName\":\"search_term_string\"}}],\"inLanguage\":\"es\"},{\"@type\":\"Person\",\"@id\":\"https:\\\/\\\/autofans.com.ar\\\/#\\\/schema\\\/person\\\/4a8dda0b6df83ac3d6723e921274c2aa\",\"name\":\"Alejandro Gabriel Rosito\",\"image\":{\"@type\":\"ImageObject\",\"inLanguage\":\"es\",\"@id\":\"https:\\\/\\\/secure.gravatar.com\\\/avatar\\\/16c5dda1489adfc62618084dcbb91cffd879c374b13fe5dd8e44ed6733852c88?s=96&d=mm&r=g\",\"url\":\"https:\\\/\\\/secure.gravatar.com\\\/avatar\\\/16c5dda1489adfc62618084dcbb91cffd879c374b13fe5dd8e44ed6733852c88?s=96&d=mm&r=g\",\"contentUrl\":\"https:\\\/\\\/secure.gravatar.com\\\/avatar\\\/16c5dda1489adfc62618084dcbb91cffd879c374b13fe5dd8e44ed6733852c88?s=96&d=mm&r=g\",\"caption\":\"Alejandro Gabriel Rosito\"},\"url\":\"https:\\\/\\\/autofans.com.ar\\\/index.php\\\/author\\\/gabrielr\\\/\"}]}<\/script>\n<!-- \/ Yoast SEO plugin. -->","yoast_head_json":{"title":"Volkswagen en Agroactiva 2024 -","description":"Del 5 al 8 de junio, Volkswagen participa en Agroactiva 2024 en Armstrong, Santa Fe, presentando su amplia gama de veh\u00edculos y soluciones agro","robots":{"index":"index","follow":"follow","max-snippet":"max-snippet:-1","max-image-preview":"max-image-preview:large","max-video-preview":"max-video-preview:-1"},"canonical":"https:\/\/autofans.com.ar\/index.php\/2024\/06\/07\/volkswagen-en-agroactiva-2024\/","og_locale":"es_ES","og_type":"article","og_title":"Volkswagen en Agroactiva 2024 -","og_description":"Del 5 al 8 de junio, Volkswagen participa en Agroactiva 2024 en Armstrong, Santa Fe, presentando su amplia gama de veh\u00edculos y soluciones agro","og_url":"https:\/\/autofans.com.ar\/index.php\/2024\/06\/07\/volkswagen-en-agroactiva-2024\/","article_published_time":"2024-06-07T16:52:01+00:00","og_image":[{"url":"https:\/\/autofans.com.ar\/wp-content\/uploads\/2024\/06\/vw-1.jpg","width":640,"height":427,"type":"image\/jpeg"}],"author":"Alejandro Gabriel Rosito","twitter_card":"summary_large_image","twitter_misc":{"Escrito por":"Alejandro Gabriel Rosito","Tiempo de lectura":"3 minutos"},"schema":{"@context":"https:\/\/schema.org","@graph":[{"@type":"Article","@id":"https:\/\/autofans.com.ar\/index.php\/2024\/06\/07\/volkswagen-en-agroactiva-2024\/#article","isPartOf":{"@id":"https:\/\/autofans.com.ar\/index.php\/2024\/06\/07\/volkswagen-en-agroactiva-2024\/"},"author":{"name":"Alejandro Gabriel Rosito","@id":"https:\/\/autofans.com.ar\/#\/schema\/person\/4a8dda0b6df83ac3d6723e921274c2aa"},"headline":"Volkswagen en Agroactiva 2024","datePublished":"2024-06-07T16:52:01+00:00","mainEntityOfPage":{"@id":"https:\/\/autofans.com.ar\/index.php\/2024\/06\/07\/volkswagen-en-agroactiva-2024\/"},"wordCount":535,"image":{"@id":"https:\/\/autofans.com.ar\/index.php\/2024\/06\/07\/volkswagen-en-agroactiva-2024\/#primaryimage"},"thumbnailUrl":"https:\/\/autofans.com.ar\/wp-content\/uploads\/2024\/06\/vw-1.jpg","keywords":["Agroactiva","Amarok","Argentina","autos","camiones","campo","Constellation","Delivery","financiaci\u00f3n","Plan de Ahorro","Posventa","Santa Fe","Saveiro","sustentabilidad","Taos","veh\u00edculos","Volkswagen"],"articleSection":["EMPRESAS","NOTICIAS"],"inLanguage":"es"},{"@type":"WebPage","@id":"https:\/\/autofans.com.ar\/index.php\/2024\/06\/07\/volkswagen-en-agroactiva-2024\/","url":"https:\/\/autofans.com.ar\/index.php\/2024\/06\/07\/volkswagen-en-agroactiva-2024\/","name":"Volkswagen en Agroactiva 2024 -","isPartOf":{"@id":"https:\/\/autofans.com.ar\/#website"},"primaryImageOfPage":{"@id":"https:\/\/autofans.com.ar\/index.php\/2024\/06\/07\/volkswagen-en-agroactiva-2024\/#primaryimage"},"image":{"@id":"https:\/\/autofans.com.ar\/index.php\/2024\/06\/07\/volkswagen-en-agroactiva-2024\/#primaryimage"},"thumbnailUrl":"https:\/\/autofans.com.ar\/wp-content\/uploads\/2024\/06\/vw-1.jpg","datePublished":"2024-06-07T16:52:01+00:00","author":{"@id":"https:\/\/autofans.com.ar\/#\/schema\/person\/4a8dda0b6df83ac3d6723e921274c2aa"},"description":"Del 5 al 8 de junio, Volkswagen participa en Agroactiva 2024 en Armstrong, Santa Fe, presentando su amplia gama de veh\u00edculos y soluciones agro","breadcrumb":{"@id":"https:\/\/autofans.com.ar\/index.php\/2024\/06\/07\/volkswagen-en-agroactiva-2024\/#breadcrumb"},"inLanguage":"es","potentialAction":[{"@type":"ReadAction","target":["https:\/\/autofans.com.ar\/index.php\/2024\/06\/07\/volkswagen-en-agroactiva-2024\/"]}]},{"@type":"ImageObject","inLanguage":"es","@id":"https:\/\/autofans.com.ar\/index.php\/2024\/06\/07\/volkswagen-en-agroactiva-2024\/#primaryimage","url":"https:\/\/autofans.com.ar\/wp-content\/uploads\/2024\/06\/vw-1.jpg","contentUrl":"https:\/\/autofans.com.ar\/wp-content\/uploads\/2024\/06\/vw-1.jpg","width":1000,"height":667,"caption":"Volkswagen"},{"@type":"BreadcrumbList","@id":"https:\/\/autofans.com.ar\/index.php\/2024\/06\/07\/volkswagen-en-agroactiva-2024\/#breadcrumb","itemListElement":[{"@type":"ListItem","position":1,"name":"Inicio","item":"https:\/\/autofans.com.ar\/"},{"@type":"ListItem","position":2,"name":"Volkswagen en Agroactiva 2024"}]},{"@type":"WebSite","@id":"https:\/\/autofans.com.ar\/#website","url":"https:\/\/autofans.com.ar\/","name":"","description":"El multimedio referente de la industria automotriz","potentialAction":[{"@type":"SearchAction","target":{"@type":"EntryPoint","urlTemplate":"https:\/\/autofans.com.ar\/?s={search_term_string}"},"query-input":{"@type":"PropertyValueSpecification","valueRequired":true,"valueName":"search_term_string"}}],"inLanguage":"es"},{"@type":"Person","@id":"https:\/\/autofans.com.ar\/#\/schema\/person\/4a8dda0b6df83ac3d6723e921274c2aa","name":"Alejandro Gabriel Rosito","image":{"@type":"ImageObject","inLanguage":"es","@id":"https:\/\/secure.gravatar.com\/avatar\/16c5dda1489adfc62618084dcbb91cffd879c374b13fe5dd8e44ed6733852c88?s=96&d=mm&r=g","url":"https:\/\/secure.gravatar.com\/avatar\/16c5dda1489adfc62618084dcbb91cffd879c374b13fe5dd8e44ed6733852c88?s=96&d=mm&r=g","contentUrl":"https:\/\/secure.gravatar.com\/avatar\/16c5dda1489adfc62618084dcbb91cffd879c374b13fe5dd8e44ed6733852c88?s=96&d=mm&r=g","caption":"Alejandro Gabriel Rosito"},"url":"https:\/\/autofans.com.ar\/index.php\/author\/gabrielr\/"}]}},"featured_image_urls":{"full":["https:\/\/autofans.com.ar\/wp-content\/uploads\/2024\/06\/vw-1.jpg",1000,667,false],"thumbnail":["https:\/\/autofans.com.ar\/wp-content\/uploads\/2024\/06\/vw-1-150x150.jpg",150,150,true],"medium":["https:\/\/autofans.com.ar\/wp-content\/uploads\/2024\/06\/vw-1-300x200.jpg",300,200,true],"medium_large":["https:\/\/autofans.com.ar\/wp-content\/uploads\/2024\/06\/vw-1-768x512.jpg",640,427,true],"large":["https:\/\/autofans.com.ar\/wp-content\/uploads\/2024\/06\/vw-1.jpg",640,427,false],"1536x1536":["https:\/\/autofans.com.ar\/wp-content\/uploads\/2024\/06\/vw-1.jpg",1000,667,false],"2048x2048":["https:\/\/autofans.com.ar\/wp-content\/uploads\/2024\/06\/vw-1.jpg",1000,667,false],"covernews-featured":["https:\/\/autofans.com.ar\/wp-content\/uploads\/2024\/06\/vw-1.jpg",1000,667,false],"covernews-medium":["https:\/\/autofans.com.ar\/wp-content\/uploads\/2024\/06\/vw-1-540x340.jpg",540,340,true]},"author_info":{"display_name":"Alejandro Gabriel Rosito","author_link":"https:\/\/autofans.com.ar\/index.php\/author\/gabrielr\/"},"category_info":"<a href=\"https:\/\/autofans.com.ar\/index.php\/category\/noticias\/empresas\/\" rel=\"category tag\">EMPRESAS<\/a> <a href=\"https:\/\/autofans.com.ar\/index.php\/category\/noticias\/\" rel=\"category tag\">NOTICIAS<\/a>","tag_info":"NOTICIAS","comment_count":0,"_links":{"self":[{"href":"https:\/\/autofans.com.ar\/index.php\/wp-json\/wp\/v2\/posts\/7981","targetHints":{"allow":["GET"]}}],"collection":[{"href":"https:\/\/autofans.com.ar\/index.php\/wp-json\/wp\/v2\/posts"}],"about":[{"href":"https:\/\/autofans.com.ar\/index.php\/wp-json\/wp\/v2\/types\/post"}],"author":[{"embeddable":true,"href":"https:\/\/autofans.com.ar\/index.php\/wp-json\/wp\/v2\/users\/2"}],"replies":[{"embeddable":true,"href":"https:\/\/autofans.com.ar\/index.php\/wp-json\/wp\/v2\/comments?post=7981"}],"version-history":[{"count":1,"href":"https:\/\/autofans.com.ar\/index.php\/wp-json\/wp\/v2\/posts\/7981\/revisions"}],"predecessor-version":[{"id":7988,"href":"https:\/\/autofans.com.ar\/index.php\/wp-json\/wp\/v2\/posts\/7981\/revisions\/7988"}],"wp:featuredmedia":[{"embeddable":true,"href":"https:\/\/autofans.com.ar\/index.php\/wp-json\/wp\/v2\/media\/7987"}],"wp:attachment":[{"href":"https:\/\/autofans.com.ar\/index.php\/wp-json\/wp\/v2\/media?parent=7981"}],"wp:term":[{"taxonomy":"category","embeddable":true,"href":"https:\/\/autofans.com.ar\/index.php\/wp-json\/wp\/v2\/categories?post=7981"},{"taxonomy":"post_tag","embeddable":true,"href":"https:\/\/autofans.com.ar\/index.php\/wp-json\/wp\/v2\/tags?post=7981"}],"curies":[{"name":"wp","href":"https:\/\/api.w.org\/{rel}","templated":true}]}}