{"id":7996,"date":"2024-06-07T19:32:40","date_gmt":"2024-06-07T22:32:40","guid":{"rendered":"https:\/\/autofans.com.ar\/?p=7996"},"modified":"2024-06-07T19:32:40","modified_gmt":"2024-06-07T22:32:40","slug":"marc-marquez-se-une-a-ducati-en-una-nueva-era-de-motogp","status":"publish","type":"post","link":"https:\/\/autofans.com.ar\/index.php\/2024\/06\/07\/marc-marquez-se-une-a-ducati-en-una-nueva-era-de-motogp\/","title":{"rendered":"Marc M\u00e1rquez se une a Ducati en una nueva era de MotoGP"},"content":{"rendered":"<p>Marc M\u00e1rquez, el reconocido piloto espa\u00f1ol y ocho veces campe\u00f3n del mundo, ser\u00e1 el nuevo compa\u00f1ero de Francesco \u00abPecco\u00bb Bagnaia en el equipo Ducati Lenovo Team para las temporadas 2025 y 2026. M\u00e1rquez reemplazar\u00e1 a Enea Bastianini en el equipo oficial de Ducati, una noticia que ha sido confirmada por Ducati Corse a trav\u00e9s de un comunicado oficial.<\/p>\n<p>&nbsp;<\/p>\n<blockquote>\n<figure id=\"attachment_8001\" aria-describedby=\"caption-attachment-8001\" style=\"width: 1000px\" class=\"wp-caption aligncenter\"><img fetchpriority=\"high\" decoding=\"async\" class=\"wp-image-8001 size-full\" src=\"https:\/\/autofans.com.ar\/wp-content\/uploads\/2024\/06\/ducati-4-1.jpg\" alt=\"\" width=\"1000\" height=\"667\" srcset=\"https:\/\/autofans.com.ar\/wp-content\/uploads\/2024\/06\/ducati-4-1.jpg 1000w, https:\/\/autofans.com.ar\/wp-content\/uploads\/2024\/06\/ducati-4-1-300x200.jpg 300w, https:\/\/autofans.com.ar\/wp-content\/uploads\/2024\/06\/ducati-4-1-768x512.jpg 768w\" sizes=\"(max-width: 1000px) 100vw, 1000px\" \/><figcaption id=\"caption-attachment-8001\" class=\"wp-caption-text\">Marc M\u00e1rquez (piloto Ducati de MotoGP)<\/figcaption><\/figure>\n<p>&nbsp;<\/p>\n<p style=\"text-align: center;\">\u201cEstoy feliz de poder vestir la pr\u00f3xima temporada el color rojo del equipo oficial Ducati en MotoGP. Pr\u00e1cticamente desde el primer contacto con la Desmosedici GP disfrut\u00e9 pilot\u00e1ndola e inmediatamente me adapt\u00e9 bien. Desde ese momento entend\u00ed que mi objetivo era seguir por este camino, seguir creciendo y pasar al equipo donde Pecco Bagnaia fue Campe\u00f3n del Mundo durante dos a\u00f1os seguidos. Estoy realmente feliz de poder dar este gran paso a partir de 2025 y agradecido por la confianza que Ducati deposit\u00f3 en m\u00ed. Finalmente, quiero agradecer a Nadia, Carlo, Michele y toda la familia Gresini Racing por abrirme las puertas de su equipo en un momento delicado de mi carrera. Ahora seguiremos divirti\u00e9ndonos y dando lo mejor de nosotros en lo que queda de la temporada, ya que esa es mi prioridad en este momento\u00bb.<\/p>\n<\/blockquote>\n<p>&nbsp;<\/p>\n<h2>Ducati en MotoGP &#8211; un nuevo desaf\u00edo para Marc M\u00e1rquez<\/h2>\n<p>La incorporaci\u00f3n de M\u00e1rquez al equipo de f\u00e1brica de Ducati marca un hito importante en su carrera. A los 31 a\u00f1os, el piloto espa\u00f1ol ha competido esta temporada con una Desmosedici GP del equipo Gresini Racing MotoGP. Ahora, se prepara para unirse a la estructura principal de Borgo Panigale, donde compartir\u00e1 equipo con el dos veces campe\u00f3n del mundo, Pecco Bagnaia.<\/p>\n<p>La expectativa es alta, ya que M\u00e1rquez trae consigo una vasta experiencia y un historial impresionante de victorias en el campeonato mundial. La dupla M\u00e1rquez-Bagnaia promete ser una combinaci\u00f3n formidable para la pr\u00f3xima temporada.<\/p>\n<p>&nbsp;<\/p>\n<figure id=\"attachment_7997\" aria-describedby=\"caption-attachment-7997\" style=\"width: 1000px\" class=\"wp-caption aligncenter\"><img decoding=\"async\" class=\"wp-image-7997 size-full\" src=\"https:\/\/autofans.com.ar\/wp-content\/uploads\/2024\/06\/Luigi-DallIgna.jpg\" alt=\"\" width=\"1000\" height=\"667\" srcset=\"https:\/\/autofans.com.ar\/wp-content\/uploads\/2024\/06\/Luigi-DallIgna.jpg 1000w, https:\/\/autofans.com.ar\/wp-content\/uploads\/2024\/06\/Luigi-DallIgna-300x200.jpg 300w, https:\/\/autofans.com.ar\/wp-content\/uploads\/2024\/06\/Luigi-DallIgna-768x512.jpg 768w\" sizes=\"(max-width: 1000px) 100vw, 1000px\" \/><figcaption id=\"caption-attachment-7997\" class=\"wp-caption-text\">Luigi Dall\u2019Igna (Director General de Ducati Corse)<\/figcaption><\/figure>\n<p>&nbsp;<\/p>\n<blockquote>\n<p style=\"text-align: center;\">\u201cEn primer lugar quiero agradecer tanto a Enea Bastianini como a Jorge Mart\u00edn por todo el trabajo que realizaron con nosotros durante los \u00faltimos a\u00f1os y les deseo lo mejor para el futuro. Esta temporada realmente est\u00e1n demostrando que alcanzaron un nivel incre\u00edble y estamos seguros de que luchar\u00e1n por el t\u00edtulo mundial hasta el final. Decidir sobre el nuevo compa\u00f1ero de Bagnaia en el Ducati Lenovo Team no fue f\u00e1cil ya que ten\u00edamos una lista de pilotos realmente fuertes para elegir. Finalmente nuestra elecci\u00f3n recay\u00f3 en un talento indiscutido como Marc M\u00e1rquez. En pocas carreras, consigui\u00f3 adaptarse perfectamente a nuestra Desmosedici GP y su ambici\u00f3n innata lo empuja a seguir creciendo. En el box oficial, tendremos dos pilotos que juntos lograron 11 t\u00edtulos mundiales y poder contar con su experiencia y madurez tambi\u00e9n ser\u00e1 invaluable para nuestro crecimiento\u00bb.<\/p>\n<\/blockquote>\n<p>&nbsp;<\/p>\n<p>Para seguir todas las novedades y actividades de Ducati en Argentina, los fan\u00e1ticos pueden visitar la cuenta oficial de Instagram <a href=\"https:\/\/www.instagram.com\/ducatiargentina\/\" target=\"_blank\" rel=\"noopener\">@ducatiargentina<\/a>.<\/p>\n<p>&nbsp;<\/p>\n<p>&nbsp;<\/p>\n<p><i>Para enterarte de m\u00e1s novedades, no dejes de leer\u00a0<\/i><a href=\"https:\/\/autofans.thebrandsoup.com\/\"><i>nuestras notas<\/i><\/a><i>, de ver<\/i><b><i>\u00a0<\/i><\/b><a href=\"https:\/\/www.youtube.com\/channel\/UCgAC8UGHZYbT6P7PpmVnP7g\"><b><i>AUTOFANS TV<\/i><\/b><\/a><b><i>\u00a0<\/i><\/b><i>en nuestro\u00a0canal de Youtube. Adem\u00e1s seguinos en\u00a0<\/i><a href=\"https:\/\/www.instagram.com\/autofanstv\/\"><i>INSTAGRAM<\/i><\/a><i> y <\/i><a href=\"https:\/\/www.facebook.com\/autofansmas\/\"><i>FACEBOOK<\/i><\/a><i> para no perderte nada sobre las novedades del segmento automotor de Argentina y el mundo.<\/i><\/p>\n","protected":false},"excerpt":{"rendered":"<p>Marc M\u00e1rquez, el reconocido piloto espa\u00f1ol y ocho veces campe\u00f3n del mundo, ser\u00e1 el nuevo&#8230;<\/p>\n","protected":false},"author":2,"featured_media":8000,"comment_status":"closed","ping_status":"closed","sticky":false,"template":"","format":"standard","meta":{"footnotes":""},"categories":[127,16],"tags":[4235,3012,219,4234,4049,348,3825,342,971],"class_list":["post-7996","post","type-post","status-publish","format-standard","has-post-thumbnail","hentry","category-deporte","category-noticias","tag-borgo-panigale","tag-desmosedici-gp","tag-ducati","tag-ducati-corse","tag-ducati-lenovo-team","tag-enea-bastianini","tag-marc-marquez","tag-motogp","tag-pecco-bagnaia"],"yoast_head":"<!-- This site is optimized with the Yoast SEO plugin v27.5 - https:\/\/yoast.com\/product\/yoast-seo-wordpress\/ -->\n<title>Marc M\u00e1rquez se une a Ducati en una nueva era de MotoGP -<\/title>\n<meta name=\"description\" content=\"Marc M\u00e1rquez, el reconocido piloto espa\u00f1ol y ocho veces campe\u00f3n del mundo, ser\u00e1 el nuevo compa\u00f1ero de &quot;Pecco&quot; Bagnaia en el equipo Ducati...\" \/>\n<meta name=\"robots\" content=\"index, follow, max-snippet:-1, max-image-preview:large, max-video-preview:-1\" \/>\n<link rel=\"canonical\" href=\"https:\/\/autofans.com.ar\/index.php\/2024\/06\/07\/marc-marquez-se-une-a-ducati-en-una-nueva-era-de-motogp\/\" \/>\n<meta property=\"og:locale\" content=\"es_ES\" \/>\n<meta property=\"og:type\" content=\"article\" \/>\n<meta property=\"og:title\" content=\"Marc M\u00e1rquez se une a Ducati en una nueva era de MotoGP -\" \/>\n<meta property=\"og:description\" content=\"Marc M\u00e1rquez, el reconocido piloto espa\u00f1ol y ocho veces campe\u00f3n del mundo, ser\u00e1 el nuevo compa\u00f1ero de &quot;Pecco&quot; Bagnaia en el equipo Ducati...\" \/>\n<meta property=\"og:url\" content=\"https:\/\/autofans.com.ar\/index.php\/2024\/06\/07\/marc-marquez-se-une-a-ducati-en-una-nueva-era-de-motogp\/\" \/>\n<meta property=\"article:published_time\" content=\"2024-06-07T22:32:40+00:00\" \/>\n<meta property=\"og:image\" content=\"https:\/\/autofans.com.ar\/wp-content\/uploads\/2024\/06\/ducati-3-1.jpg\" \/>\n\t<meta property=\"og:image:width\" content=\"640\" \/>\n\t<meta property=\"og:image:height\" content=\"427\" \/>\n\t<meta property=\"og:image:type\" content=\"image\/jpeg\" \/>\n<meta name=\"author\" content=\"Alejandro Gabriel Rosito\" \/>\n<meta name=\"twitter:card\" content=\"summary_large_image\" \/>\n<meta name=\"twitter:label1\" content=\"Escrito por\" \/>\n\t<meta name=\"twitter:data1\" content=\"Alejandro Gabriel Rosito\" \/>\n\t<meta name=\"twitter:label2\" content=\"Tiempo de lectura\" \/>\n\t<meta name=\"twitter:data2\" content=\"2 minutos\" \/>\n<script type=\"application\/ld+json\" class=\"yoast-schema-graph\">{\"@context\":\"https:\\\/\\\/schema.org\",\"@graph\":[{\"@type\":\"Article\",\"@id\":\"https:\\\/\\\/autofans.com.ar\\\/index.php\\\/2024\\\/06\\\/07\\\/marc-marquez-se-une-a-ducati-en-una-nueva-era-de-motogp\\\/#article\",\"isPartOf\":{\"@id\":\"https:\\\/\\\/autofans.com.ar\\\/index.php\\\/2024\\\/06\\\/07\\\/marc-marquez-se-une-a-ducati-en-una-nueva-era-de-motogp\\\/\"},\"author\":{\"name\":\"Alejandro Gabriel Rosito\",\"@id\":\"https:\\\/\\\/autofans.com.ar\\\/#\\\/schema\\\/person\\\/4a8dda0b6df83ac3d6723e921274c2aa\"},\"headline\":\"Marc M\u00e1rquez se une a Ducati en una nueva era de MotoGP\",\"datePublished\":\"2024-06-07T22:32:40+00:00\",\"mainEntityOfPage\":{\"@id\":\"https:\\\/\\\/autofans.com.ar\\\/index.php\\\/2024\\\/06\\\/07\\\/marc-marquez-se-une-a-ducati-en-una-nueva-era-de-motogp\\\/\"},\"wordCount\":587,\"image\":{\"@id\":\"https:\\\/\\\/autofans.com.ar\\\/index.php\\\/2024\\\/06\\\/07\\\/marc-marquez-se-une-a-ducati-en-una-nueva-era-de-motogp\\\/#primaryimage\"},\"thumbnailUrl\":\"https:\\\/\\\/autofans.com.ar\\\/wp-content\\\/uploads\\\/2024\\\/06\\\/ducati-3-1.jpg\",\"keywords\":[\"Borgo Panigale\",\"Desmosedici GP\",\"Ducati\",\"Ducati Corse\",\"Ducati Lenovo Team\",\"Enea Bastianini\",\"Marc M\u00e1rquez\",\"MotoGP\",\"Pecco Bagnaia\"],\"articleSection\":[\"DEPORTE MOTOR\",\"NOTICIAS\"],\"inLanguage\":\"es\"},{\"@type\":\"WebPage\",\"@id\":\"https:\\\/\\\/autofans.com.ar\\\/index.php\\\/2024\\\/06\\\/07\\\/marc-marquez-se-une-a-ducati-en-una-nueva-era-de-motogp\\\/\",\"url\":\"https:\\\/\\\/autofans.com.ar\\\/index.php\\\/2024\\\/06\\\/07\\\/marc-marquez-se-une-a-ducati-en-una-nueva-era-de-motogp\\\/\",\"name\":\"Marc M\u00e1rquez se une a Ducati en una nueva era de MotoGP -\",\"isPartOf\":{\"@id\":\"https:\\\/\\\/autofans.com.ar\\\/#website\"},\"primaryImageOfPage\":{\"@id\":\"https:\\\/\\\/autofans.com.ar\\\/index.php\\\/2024\\\/06\\\/07\\\/marc-marquez-se-une-a-ducati-en-una-nueva-era-de-motogp\\\/#primaryimage\"},\"image\":{\"@id\":\"https:\\\/\\\/autofans.com.ar\\\/index.php\\\/2024\\\/06\\\/07\\\/marc-marquez-se-une-a-ducati-en-una-nueva-era-de-motogp\\\/#primaryimage\"},\"thumbnailUrl\":\"https:\\\/\\\/autofans.com.ar\\\/wp-content\\\/uploads\\\/2024\\\/06\\\/ducati-3-1.jpg\",\"datePublished\":\"2024-06-07T22:32:40+00:00\",\"author\":{\"@id\":\"https:\\\/\\\/autofans.com.ar\\\/#\\\/schema\\\/person\\\/4a8dda0b6df83ac3d6723e921274c2aa\"},\"description\":\"Marc M\u00e1rquez, el reconocido piloto espa\u00f1ol y ocho veces campe\u00f3n del mundo, ser\u00e1 el nuevo compa\u00f1ero de \\\"Pecco\\\" Bagnaia en el equipo Ducati...\",\"breadcrumb\":{\"@id\":\"https:\\\/\\\/autofans.com.ar\\\/index.php\\\/2024\\\/06\\\/07\\\/marc-marquez-se-une-a-ducati-en-una-nueva-era-de-motogp\\\/#breadcrumb\"},\"inLanguage\":\"es\",\"potentialAction\":[{\"@type\":\"ReadAction\",\"target\":[\"https:\\\/\\\/autofans.com.ar\\\/index.php\\\/2024\\\/06\\\/07\\\/marc-marquez-se-une-a-ducati-en-una-nueva-era-de-motogp\\\/\"]}]},{\"@type\":\"ImageObject\",\"inLanguage\":\"es\",\"@id\":\"https:\\\/\\\/autofans.com.ar\\\/index.php\\\/2024\\\/06\\\/07\\\/marc-marquez-se-une-a-ducati-en-una-nueva-era-de-motogp\\\/#primaryimage\",\"url\":\"https:\\\/\\\/autofans.com.ar\\\/wp-content\\\/uploads\\\/2024\\\/06\\\/ducati-3-1.jpg\",\"contentUrl\":\"https:\\\/\\\/autofans.com.ar\\\/wp-content\\\/uploads\\\/2024\\\/06\\\/ducati-3-1.jpg\",\"width\":1000,\"height\":667,\"caption\":\"Marc M\u00e1rquez\"},{\"@type\":\"BreadcrumbList\",\"@id\":\"https:\\\/\\\/autofans.com.ar\\\/index.php\\\/2024\\\/06\\\/07\\\/marc-marquez-se-une-a-ducati-en-una-nueva-era-de-motogp\\\/#breadcrumb\",\"itemListElement\":[{\"@type\":\"ListItem\",\"position\":1,\"name\":\"Inicio\",\"item\":\"https:\\\/\\\/autofans.com.ar\\\/\"},{\"@type\":\"ListItem\",\"position\":2,\"name\":\"Marc M\u00e1rquez se une a Ducati en una nueva era de MotoGP\"}]},{\"@type\":\"WebSite\",\"@id\":\"https:\\\/\\\/autofans.com.ar\\\/#website\",\"url\":\"https:\\\/\\\/autofans.com.ar\\\/\",\"name\":\"\",\"description\":\"El multimedio referente de la industria automotriz\",\"potentialAction\":[{\"@type\":\"SearchAction\",\"target\":{\"@type\":\"EntryPoint\",\"urlTemplate\":\"https:\\\/\\\/autofans.com.ar\\\/?s={search_term_string}\"},\"query-input\":{\"@type\":\"PropertyValueSpecification\",\"valueRequired\":true,\"valueName\":\"search_term_string\"}}],\"inLanguage\":\"es\"},{\"@type\":\"Person\",\"@id\":\"https:\\\/\\\/autofans.com.ar\\\/#\\\/schema\\\/person\\\/4a8dda0b6df83ac3d6723e921274c2aa\",\"name\":\"Alejandro Gabriel Rosito\",\"image\":{\"@type\":\"ImageObject\",\"inLanguage\":\"es\",\"@id\":\"https:\\\/\\\/secure.gravatar.com\\\/avatar\\\/16c5dda1489adfc62618084dcbb91cffd879c374b13fe5dd8e44ed6733852c88?s=96&d=mm&r=g\",\"url\":\"https:\\\/\\\/secure.gravatar.com\\\/avatar\\\/16c5dda1489adfc62618084dcbb91cffd879c374b13fe5dd8e44ed6733852c88?s=96&d=mm&r=g\",\"contentUrl\":\"https:\\\/\\\/secure.gravatar.com\\\/avatar\\\/16c5dda1489adfc62618084dcbb91cffd879c374b13fe5dd8e44ed6733852c88?s=96&d=mm&r=g\",\"caption\":\"Alejandro Gabriel Rosito\"},\"url\":\"https:\\\/\\\/autofans.com.ar\\\/index.php\\\/author\\\/gabrielr\\\/\"}]}<\/script>\n<!-- \/ Yoast SEO plugin. -->","yoast_head_json":{"title":"Marc M\u00e1rquez se une a Ducati en una nueva era de MotoGP -","description":"Marc M\u00e1rquez, el reconocido piloto espa\u00f1ol y ocho veces campe\u00f3n del mundo, ser\u00e1 el nuevo compa\u00f1ero de \"Pecco\" Bagnaia en el equipo Ducati...","robots":{"index":"index","follow":"follow","max-snippet":"max-snippet:-1","max-image-preview":"max-image-preview:large","max-video-preview":"max-video-preview:-1"},"canonical":"https:\/\/autofans.com.ar\/index.php\/2024\/06\/07\/marc-marquez-se-une-a-ducati-en-una-nueva-era-de-motogp\/","og_locale":"es_ES","og_type":"article","og_title":"Marc M\u00e1rquez se une a Ducati en una nueva era de MotoGP -","og_description":"Marc M\u00e1rquez, el reconocido piloto espa\u00f1ol y ocho veces campe\u00f3n del mundo, ser\u00e1 el nuevo compa\u00f1ero de \"Pecco\" Bagnaia en el equipo Ducati...","og_url":"https:\/\/autofans.com.ar\/index.php\/2024\/06\/07\/marc-marquez-se-une-a-ducati-en-una-nueva-era-de-motogp\/","article_published_time":"2024-06-07T22:32:40+00:00","og_image":[{"url":"https:\/\/autofans.com.ar\/wp-content\/uploads\/2024\/06\/ducati-3-1.jpg","width":640,"height":427,"type":"image\/jpeg"}],"author":"Alejandro Gabriel Rosito","twitter_card":"summary_large_image","twitter_misc":{"Escrito por":"Alejandro Gabriel Rosito","Tiempo de lectura":"2 minutos"},"schema":{"@context":"https:\/\/schema.org","@graph":[{"@type":"Article","@id":"https:\/\/autofans.com.ar\/index.php\/2024\/06\/07\/marc-marquez-se-une-a-ducati-en-una-nueva-era-de-motogp\/#article","isPartOf":{"@id":"https:\/\/autofans.com.ar\/index.php\/2024\/06\/07\/marc-marquez-se-une-a-ducati-en-una-nueva-era-de-motogp\/"},"author":{"name":"Alejandro Gabriel Rosito","@id":"https:\/\/autofans.com.ar\/#\/schema\/person\/4a8dda0b6df83ac3d6723e921274c2aa"},"headline":"Marc M\u00e1rquez se une a Ducati en una nueva era de MotoGP","datePublished":"2024-06-07T22:32:40+00:00","mainEntityOfPage":{"@id":"https:\/\/autofans.com.ar\/index.php\/2024\/06\/07\/marc-marquez-se-une-a-ducati-en-una-nueva-era-de-motogp\/"},"wordCount":587,"image":{"@id":"https:\/\/autofans.com.ar\/index.php\/2024\/06\/07\/marc-marquez-se-une-a-ducati-en-una-nueva-era-de-motogp\/#primaryimage"},"thumbnailUrl":"https:\/\/autofans.com.ar\/wp-content\/uploads\/2024\/06\/ducati-3-1.jpg","keywords":["Borgo Panigale","Desmosedici GP","Ducati","Ducati Corse","Ducati Lenovo Team","Enea Bastianini","Marc M\u00e1rquez","MotoGP","Pecco Bagnaia"],"articleSection":["DEPORTE MOTOR","NOTICIAS"],"inLanguage":"es"},{"@type":"WebPage","@id":"https:\/\/autofans.com.ar\/index.php\/2024\/06\/07\/marc-marquez-se-une-a-ducati-en-una-nueva-era-de-motogp\/","url":"https:\/\/autofans.com.ar\/index.php\/2024\/06\/07\/marc-marquez-se-une-a-ducati-en-una-nueva-era-de-motogp\/","name":"Marc M\u00e1rquez se une a Ducati en una nueva era de MotoGP -","isPartOf":{"@id":"https:\/\/autofans.com.ar\/#website"},"primaryImageOfPage":{"@id":"https:\/\/autofans.com.ar\/index.php\/2024\/06\/07\/marc-marquez-se-une-a-ducati-en-una-nueva-era-de-motogp\/#primaryimage"},"image":{"@id":"https:\/\/autofans.com.ar\/index.php\/2024\/06\/07\/marc-marquez-se-une-a-ducati-en-una-nueva-era-de-motogp\/#primaryimage"},"thumbnailUrl":"https:\/\/autofans.com.ar\/wp-content\/uploads\/2024\/06\/ducati-3-1.jpg","datePublished":"2024-06-07T22:32:40+00:00","author":{"@id":"https:\/\/autofans.com.ar\/#\/schema\/person\/4a8dda0b6df83ac3d6723e921274c2aa"},"description":"Marc M\u00e1rquez, el reconocido piloto espa\u00f1ol y ocho veces campe\u00f3n del mundo, ser\u00e1 el nuevo compa\u00f1ero de \"Pecco\" Bagnaia en el equipo Ducati...","breadcrumb":{"@id":"https:\/\/autofans.com.ar\/index.php\/2024\/06\/07\/marc-marquez-se-une-a-ducati-en-una-nueva-era-de-motogp\/#breadcrumb"},"inLanguage":"es","potentialAction":[{"@type":"ReadAction","target":["https:\/\/autofans.com.ar\/index.php\/2024\/06\/07\/marc-marquez-se-une-a-ducati-en-una-nueva-era-de-motogp\/"]}]},{"@type":"ImageObject","inLanguage":"es","@id":"https:\/\/autofans.com.ar\/index.php\/2024\/06\/07\/marc-marquez-se-une-a-ducati-en-una-nueva-era-de-motogp\/#primaryimage","url":"https:\/\/autofans.com.ar\/wp-content\/uploads\/2024\/06\/ducati-3-1.jpg","contentUrl":"https:\/\/autofans.com.ar\/wp-content\/uploads\/2024\/06\/ducati-3-1.jpg","width":1000,"height":667,"caption":"Marc M\u00e1rquez"},{"@type":"BreadcrumbList","@id":"https:\/\/autofans.com.ar\/index.php\/2024\/06\/07\/marc-marquez-se-une-a-ducati-en-una-nueva-era-de-motogp\/#breadcrumb","itemListElement":[{"@type":"ListItem","position":1,"name":"Inicio","item":"https:\/\/autofans.com.ar\/"},{"@type":"ListItem","position":2,"name":"Marc M\u00e1rquez se une a Ducati en una nueva era de MotoGP"}]},{"@type":"WebSite","@id":"https:\/\/autofans.com.ar\/#website","url":"https:\/\/autofans.com.ar\/","name":"","description":"El multimedio referente de la industria automotriz","potentialAction":[{"@type":"SearchAction","target":{"@type":"EntryPoint","urlTemplate":"https:\/\/autofans.com.ar\/?s={search_term_string}"},"query-input":{"@type":"PropertyValueSpecification","valueRequired":true,"valueName":"search_term_string"}}],"inLanguage":"es"},{"@type":"Person","@id":"https:\/\/autofans.com.ar\/#\/schema\/person\/4a8dda0b6df83ac3d6723e921274c2aa","name":"Alejandro Gabriel Rosito","image":{"@type":"ImageObject","inLanguage":"es","@id":"https:\/\/secure.gravatar.com\/avatar\/16c5dda1489adfc62618084dcbb91cffd879c374b13fe5dd8e44ed6733852c88?s=96&d=mm&r=g","url":"https:\/\/secure.gravatar.com\/avatar\/16c5dda1489adfc62618084dcbb91cffd879c374b13fe5dd8e44ed6733852c88?s=96&d=mm&r=g","contentUrl":"https:\/\/secure.gravatar.com\/avatar\/16c5dda1489adfc62618084dcbb91cffd879c374b13fe5dd8e44ed6733852c88?s=96&d=mm&r=g","caption":"Alejandro Gabriel Rosito"},"url":"https:\/\/autofans.com.ar\/index.php\/author\/gabrielr\/"}]}},"featured_image_urls":{"full":["https:\/\/autofans.com.ar\/wp-content\/uploads\/2024\/06\/ducati-3-1.jpg",1000,667,false],"thumbnail":["https:\/\/autofans.com.ar\/wp-content\/uploads\/2024\/06\/ducati-3-1-150x150.jpg",150,150,true],"medium":["https:\/\/autofans.com.ar\/wp-content\/uploads\/2024\/06\/ducati-3-1-300x200.jpg",300,200,true],"medium_large":["https:\/\/autofans.com.ar\/wp-content\/uploads\/2024\/06\/ducati-3-1-768x512.jpg",640,427,true],"large":["https:\/\/autofans.com.ar\/wp-content\/uploads\/2024\/06\/ducati-3-1.jpg",640,427,false],"1536x1536":["https:\/\/autofans.com.ar\/wp-content\/uploads\/2024\/06\/ducati-3-1.jpg",1000,667,false],"2048x2048":["https:\/\/autofans.com.ar\/wp-content\/uploads\/2024\/06\/ducati-3-1.jpg",1000,667,false],"covernews-featured":["https:\/\/autofans.com.ar\/wp-content\/uploads\/2024\/06\/ducati-3-1.jpg",1000,667,false],"covernews-medium":["https:\/\/autofans.com.ar\/wp-content\/uploads\/2024\/06\/ducati-3-1-540x340.jpg",540,340,true]},"author_info":{"display_name":"Alejandro Gabriel Rosito","author_link":"https:\/\/autofans.com.ar\/index.php\/author\/gabrielr\/"},"category_info":"<a href=\"https:\/\/autofans.com.ar\/index.php\/category\/noticias\/deporte\/\" rel=\"category tag\">DEPORTE MOTOR<\/a> <a href=\"https:\/\/autofans.com.ar\/index.php\/category\/noticias\/\" rel=\"category tag\">NOTICIAS<\/a>","tag_info":"NOTICIAS","comment_count":0,"_links":{"self":[{"href":"https:\/\/autofans.com.ar\/index.php\/wp-json\/wp\/v2\/posts\/7996","targetHints":{"allow":["GET"]}}],"collection":[{"href":"https:\/\/autofans.com.ar\/index.php\/wp-json\/wp\/v2\/posts"}],"about":[{"href":"https:\/\/autofans.com.ar\/index.php\/wp-json\/wp\/v2\/types\/post"}],"author":[{"embeddable":true,"href":"https:\/\/autofans.com.ar\/index.php\/wp-json\/wp\/v2\/users\/2"}],"replies":[{"embeddable":true,"href":"https:\/\/autofans.com.ar\/index.php\/wp-json\/wp\/v2\/comments?post=7996"}],"version-history":[{"count":1,"href":"https:\/\/autofans.com.ar\/index.php\/wp-json\/wp\/v2\/posts\/7996\/revisions"}],"predecessor-version":[{"id":8002,"href":"https:\/\/autofans.com.ar\/index.php\/wp-json\/wp\/v2\/posts\/7996\/revisions\/8002"}],"wp:featuredmedia":[{"embeddable":true,"href":"https:\/\/autofans.com.ar\/index.php\/wp-json\/wp\/v2\/media\/8000"}],"wp:attachment":[{"href":"https:\/\/autofans.com.ar\/index.php\/wp-json\/wp\/v2\/media?parent=7996"}],"wp:term":[{"taxonomy":"category","embeddable":true,"href":"https:\/\/autofans.com.ar\/index.php\/wp-json\/wp\/v2\/categories?post=7996"},{"taxonomy":"post_tag","embeddable":true,"href":"https:\/\/autofans.com.ar\/index.php\/wp-json\/wp\/v2\/tags?post=7996"}],"curies":[{"name":"wp","href":"https:\/\/api.w.org\/{rel}","templated":true}]}}