{"id":8010,"date":"2024-06-10T16:37:48","date_gmt":"2024-06-10T19:37:48","guid":{"rendered":"https:\/\/autofans.com.ar\/?p=8010"},"modified":"2024-06-10T16:37:48","modified_gmt":"2024-06-10T19:37:48","slug":"bmw-m3-competition-sedan-llega-a-argentina","status":"publish","type":"post","link":"https:\/\/autofans.com.ar\/index.php\/2024\/06\/10\/bmw-m3-competition-sedan-llega-a-argentina\/","title":{"rendered":"BMW M3 Competition Sed\u00e1n llega a Argentina"},"content":{"rendered":"<p>El legendario BMW M3 vuelve a nuestro pa\u00eds en su versi\u00f3n Competition, combinando un dise\u00f1o frontal imponente con un rendimiento superior que promete conquistar a los amantes de los autos deportivos. Con 510 CV de potencia y una velocidad m\u00e1xima de 290 km\/h, este sed\u00e1n de alto rendimiento redefine el dinamismo y la deportividad en Argentina.<\/p>\n<p>&nbsp;<\/p>\n<h2>Potencia y desempe\u00f1o &#8211; caracter\u00edsticas del BMW M3 Competition<\/h2>\n<p>El nuevo BMW M3 Competition Sed\u00e1n se destaca por su motor BMW M TwinPower Turbo de seis cilindros en l\u00ednea y 3.0 litros, que entrega 510 CV y 650 Nm de torque. Este motor, acoplado a una caja Steptronic Sport de ocho velocidades con levas al volante, permite una aceleraci\u00f3n de 0 a 100 km\/h en tan solo 3,9 segundos. La tracci\u00f3n trasera y la velocidad m\u00e1xima, limitada electr\u00f3nicamente, alcanzan los 290 km\/h, garantizando una experiencia de conducci\u00f3n excepcional.<\/p>\n<p>&nbsp;<\/p>\n<p>&nbsp;<\/p>\n<div id='gallery-1' class='gallery galleryid-8010 gallery-columns-2 gallery-size-full'><figure class='gallery-item'>\n\t\t\t<div class='gallery-icon landscape'>\n\t\t\t\t<a href='https:\/\/autofans.com.ar\/index.php\/2024\/06\/10\/bmw-m3-competition-sedan-llega-a-argentina\/bmw-4-7\/'><img loading=\"lazy\" width=\"1000\" height=\"667\" src=\"https:\/\/autofans.com.ar\/wp-content\/uploads\/2024\/06\/BMW-4.jpg\" class=\"attachment-full size-full\" alt=\"BMW-4\" srcset=\"https:\/\/autofans.com.ar\/wp-content\/uploads\/2024\/06\/BMW-4.jpg 1000w, https:\/\/autofans.com.ar\/wp-content\/uploads\/2024\/06\/BMW-4-300x200.jpg 300w, https:\/\/autofans.com.ar\/wp-content\/uploads\/2024\/06\/BMW-4-768x512.jpg 768w\" sizes=\"auto, (max-width: 1000px) 100vw, 1000px\" loading=\"lazy\" decoding=\"async\" \/><\/a>\n\t\t\t<\/div><\/figure><figure class='gallery-item'>\n\t\t\t<div class='gallery-icon landscape'>\n\t\t\t\t<a href='https:\/\/autofans.com.ar\/index.php\/2024\/06\/10\/bmw-m3-competition-sedan-llega-a-argentina\/bmw-5-5\/'><img loading=\"lazy\" width=\"1000\" height=\"667\" src=\"https:\/\/autofans.com.ar\/wp-content\/uploads\/2024\/06\/bmw-5.jpg\" class=\"attachment-full size-full\" alt=\"BMW M3\" srcset=\"https:\/\/autofans.com.ar\/wp-content\/uploads\/2024\/06\/bmw-5.jpg 1000w, https:\/\/autofans.com.ar\/wp-content\/uploads\/2024\/06\/bmw-5-300x200.jpg 300w, https:\/\/autofans.com.ar\/wp-content\/uploads\/2024\/06\/bmw-5-768x512.jpg 768w\" sizes=\"auto, (max-width: 1000px) 100vw, 1000px\" loading=\"lazy\" decoding=\"async\" \/><\/a>\n\t\t\t<\/div><\/figure>\n\t\t<\/div>\n\n<p>&nbsp;<\/p>\n<p>El dise\u00f1o del BMW M3 Competition es tan impactante como su desempe\u00f1o. La parrilla frontal de doble ri\u00f1\u00f3n vertical y las llantas forjadas M, junto con elementos en fibra de carbono como el techo y el aler\u00f3n trasero, subrayan su car\u00e1cter deportivo. En el interior, los asientos de cuero Merino, ajustables electr\u00f3nicamente, y el BMW Live Cockpit Professional con pantallas de alta resoluci\u00f3n aseguran confort y conectividad.<\/p>\n<p>&nbsp;<\/p>\n<h2>Seguridad y asistencias &#8211; conducci\u00f3n inteligente y segura<\/h2>\n<p>La seguridad es una prioridad en el BMW M3 Competition. Equipado con airbags frontales y laterales, controles din\u00e1micos de estabilidad y tracci\u00f3n, y luces LED l\u00e1ser adaptativas, este sed\u00e1n ofrece protecci\u00f3n integral. Las asistencias a la conducci\u00f3n, como el Parking Assistant Plus y el Driving Assistant Professional, facilitan maniobras complejas y aumentan la seguridad en ruta.<\/p>\n<p>&nbsp;<\/p>\n<p>&nbsp;<\/p>\n<div id='gallery-2' class='gallery galleryid-8010 gallery-columns-2 gallery-size-full'><figure class='gallery-item'>\n\t\t\t<div class='gallery-icon landscape'>\n\t\t\t\t<a href='https:\/\/autofans.com.ar\/index.php\/2024\/06\/10\/bmw-m3-competition-sedan-llega-a-argentina\/bmw-1-8\/'><img loading=\"lazy\" width=\"1000\" height=\"667\" src=\"https:\/\/autofans.com.ar\/wp-content\/uploads\/2024\/06\/bmw-1.jpg\" class=\"attachment-full size-full\" alt=\"BMW M3\" srcset=\"https:\/\/autofans.com.ar\/wp-content\/uploads\/2024\/06\/bmw-1.jpg 1000w, https:\/\/autofans.com.ar\/wp-content\/uploads\/2024\/06\/bmw-1-300x200.jpg 300w, https:\/\/autofans.com.ar\/wp-content\/uploads\/2024\/06\/bmw-1-768x512.jpg 768w\" sizes=\"auto, (max-width: 1000px) 100vw, 1000px\" loading=\"lazy\" decoding=\"async\" \/><\/a>\n\t\t\t<\/div><\/figure><figure class='gallery-item'>\n\t\t\t<div class='gallery-icon landscape'>\n\t\t\t\t<a href='https:\/\/autofans.com.ar\/index.php\/2024\/06\/10\/bmw-m3-competition-sedan-llega-a-argentina\/bmw-2-9\/'><img loading=\"lazy\" width=\"1000\" height=\"667\" src=\"https:\/\/autofans.com.ar\/wp-content\/uploads\/2024\/06\/bmw-2.jpg\" class=\"attachment-full size-full\" alt=\"BMW M3\" srcset=\"https:\/\/autofans.com.ar\/wp-content\/uploads\/2024\/06\/bmw-2.jpg 1000w, https:\/\/autofans.com.ar\/wp-content\/uploads\/2024\/06\/bmw-2-300x200.jpg 300w, https:\/\/autofans.com.ar\/wp-content\/uploads\/2024\/06\/bmw-2-768x512.jpg 768w\" sizes=\"auto, (max-width: 1000px) 100vw, 1000px\" loading=\"lazy\" decoding=\"async\" \/><\/a>\n\t\t\t<\/div><\/figure>\n\t\t<\/div>\n\n<p>&nbsp;<\/p>\n<p>Con m\u00e1s de 40 a\u00f1os de tradici\u00f3n, el BMW M3 sigue siendo un referente en el mundo de los autos deportivos. La versi\u00f3n Competition no solo aumenta la potencia y el rendimiento, sino que tambi\u00e9n incorpora tecnolog\u00eda avanzada y equipamiento de alta gama, haciendo del M3 Competition una opci\u00f3n deseable para quienes buscan un sed\u00e1n purista y tecnol\u00f3gico.<\/p>\n<p>El BMW M3 Competition Sed\u00e1n ya est\u00e1 disponible en los concesionarios de BMW en Argentina por USD 244.900, con una garant\u00eda de 3 a\u00f1os o 200.000 kil\u00f3metros.<\/p>\n<p>&nbsp;<\/p>\n<p>&nbsp;<\/p>\n<p>&nbsp;<\/p>\n<p><i>Para enterarte de m\u00e1s novedades, no dejes de leer\u00a0<\/i><a href=\"https:\/\/autofans.thebrandsoup.com\/\"><i>nuestras notas<\/i><\/a><i>, de ver<\/i><b><i>\u00a0<\/i><\/b><a href=\"https:\/\/www.youtube.com\/channel\/UCgAC8UGHZYbT6P7PpmVnP7g\"><b><i>AUTOFANS TV<\/i><\/b><\/a><b><i>\u00a0<\/i><\/b><i>en nuestro\u00a0canal de Youtube. Adem\u00e1s seguinos en\u00a0<\/i><a href=\"https:\/\/www.instagram.com\/autofanstv\/\"><i>INSTAGRAM<\/i><\/a><i> y <\/i><a href=\"https:\/\/www.facebook.com\/autofansmas\/\"><i>FACEBOOK<\/i><\/a><i> para no perderte nada sobre las novedades del segmento automotor de Argentina y el mundo.<\/i><\/p>\n","protected":false},"excerpt":{"rendered":"<p>El legendario BMW M3 vuelve a nuestro pa\u00eds en su versi\u00f3n Competition, combinando un dise\u00f1o&#8230;<\/p>\n","protected":false},"author":2,"featured_media":8012,"comment_status":"closed","ping_status":"closed","sticky":false,"template":"","format":"standard","meta":{"footnotes":""},"categories":[8,1],"tags":[4242,4240,2106,4239,4241],"class_list":["post-8010","post","type-post","status-publish","format-standard","has-post-thumbnail","hentry","category-autos-y-suv","category-lanzamientos","tag-alto-rendimiento-bmw","tag-autos-deportivos-argentina","tag-bmw-argentina","tag-bmw-m3-competition","tag-sedan-bmw"],"yoast_head":"<!-- This site is optimized with the Yoast SEO plugin v27.5 - https:\/\/yoast.com\/product\/yoast-seo-wordpress\/ -->\n<title>BMW M3 Competition Sed\u00e1n llega a Argentina -<\/title>\n<meta name=\"description\" content=\"El legendario BMW M3 vuelve a nuestro pa\u00eds en su versi\u00f3n Competition, combinando un dise\u00f1o frontal imponente con un rendimiento superior..\" \/>\n<meta name=\"robots\" content=\"index, follow, max-snippet:-1, max-image-preview:large, max-video-preview:-1\" \/>\n<link rel=\"canonical\" href=\"https:\/\/autofans.com.ar\/index.php\/2024\/06\/10\/bmw-m3-competition-sedan-llega-a-argentina\/\" \/>\n<meta property=\"og:locale\" content=\"es_ES\" \/>\n<meta property=\"og:type\" content=\"article\" \/>\n<meta property=\"og:title\" content=\"BMW M3 Competition Sed\u00e1n llega a Argentina -\" \/>\n<meta property=\"og:description\" content=\"El legendario BMW M3 vuelve a nuestro pa\u00eds en su versi\u00f3n Competition, combinando un dise\u00f1o frontal imponente con un rendimiento superior..\" \/>\n<meta property=\"og:url\" content=\"https:\/\/autofans.com.ar\/index.php\/2024\/06\/10\/bmw-m3-competition-sedan-llega-a-argentina\/\" \/>\n<meta property=\"article:published_time\" content=\"2024-06-10T19:37:48+00:00\" \/>\n<meta property=\"og:image\" content=\"https:\/\/autofans.com.ar\/wp-content\/uploads\/2024\/06\/bmw-3.jpg\" \/>\n\t<meta property=\"og:image:width\" content=\"640\" \/>\n\t<meta property=\"og:image:height\" content=\"427\" \/>\n\t<meta property=\"og:image:type\" content=\"image\/jpeg\" \/>\n<meta name=\"author\" content=\"Alejandro Gabriel Rosito\" \/>\n<meta name=\"twitter:card\" content=\"summary_large_image\" \/>\n<meta name=\"twitter:label1\" content=\"Escrito por\" \/>\n\t<meta name=\"twitter:data1\" content=\"Alejandro Gabriel Rosito\" \/>\n\t<meta name=\"twitter:label2\" content=\"Tiempo de lectura\" \/>\n\t<meta name=\"twitter:data2\" content=\"3 minutos\" \/>\n<script type=\"application\/ld+json\" class=\"yoast-schema-graph\">{\"@context\":\"https:\\\/\\\/schema.org\",\"@graph\":[{\"@type\":\"Article\",\"@id\":\"https:\\\/\\\/autofans.com.ar\\\/index.php\\\/2024\\\/06\\\/10\\\/bmw-m3-competition-sedan-llega-a-argentina\\\/#article\",\"isPartOf\":{\"@id\":\"https:\\\/\\\/autofans.com.ar\\\/index.php\\\/2024\\\/06\\\/10\\\/bmw-m3-competition-sedan-llega-a-argentina\\\/\"},\"author\":{\"name\":\"Alejandro Gabriel Rosito\",\"@id\":\"https:\\\/\\\/autofans.com.ar\\\/#\\\/schema\\\/person\\\/4a8dda0b6df83ac3d6723e921274c2aa\"},\"headline\":\"BMW M3 Competition Sed\u00e1n llega a Argentina\",\"datePublished\":\"2024-06-10T19:37:48+00:00\",\"mainEntityOfPage\":{\"@id\":\"https:\\\/\\\/autofans.com.ar\\\/index.php\\\/2024\\\/06\\\/10\\\/bmw-m3-competition-sedan-llega-a-argentina\\\/\"},\"wordCount\":463,\"image\":{\"@id\":\"https:\\\/\\\/autofans.com.ar\\\/index.php\\\/2024\\\/06\\\/10\\\/bmw-m3-competition-sedan-llega-a-argentina\\\/#primaryimage\"},\"thumbnailUrl\":\"https:\\\/\\\/autofans.com.ar\\\/wp-content\\\/uploads\\\/2024\\\/06\\\/bmw-3.jpg\",\"keywords\":[\"alto rendimiento BMW\",\"autos deportivos Argentina\",\"BMW Argentina\",\"BMW M3 Competition\",\"sed\u00e1n BMW\"],\"articleSection\":[\"Autos y SUV\",\"LANZAMIENTOS\"],\"inLanguage\":\"es\"},{\"@type\":\"WebPage\",\"@id\":\"https:\\\/\\\/autofans.com.ar\\\/index.php\\\/2024\\\/06\\\/10\\\/bmw-m3-competition-sedan-llega-a-argentina\\\/\",\"url\":\"https:\\\/\\\/autofans.com.ar\\\/index.php\\\/2024\\\/06\\\/10\\\/bmw-m3-competition-sedan-llega-a-argentina\\\/\",\"name\":\"BMW M3 Competition Sed\u00e1n llega a Argentina -\",\"isPartOf\":{\"@id\":\"https:\\\/\\\/autofans.com.ar\\\/#website\"},\"primaryImageOfPage\":{\"@id\":\"https:\\\/\\\/autofans.com.ar\\\/index.php\\\/2024\\\/06\\\/10\\\/bmw-m3-competition-sedan-llega-a-argentina\\\/#primaryimage\"},\"image\":{\"@id\":\"https:\\\/\\\/autofans.com.ar\\\/index.php\\\/2024\\\/06\\\/10\\\/bmw-m3-competition-sedan-llega-a-argentina\\\/#primaryimage\"},\"thumbnailUrl\":\"https:\\\/\\\/autofans.com.ar\\\/wp-content\\\/uploads\\\/2024\\\/06\\\/bmw-3.jpg\",\"datePublished\":\"2024-06-10T19:37:48+00:00\",\"author\":{\"@id\":\"https:\\\/\\\/autofans.com.ar\\\/#\\\/schema\\\/person\\\/4a8dda0b6df83ac3d6723e921274c2aa\"},\"description\":\"El legendario BMW M3 vuelve a nuestro pa\u00eds en su versi\u00f3n Competition, combinando un dise\u00f1o frontal imponente con un rendimiento superior..\",\"breadcrumb\":{\"@id\":\"https:\\\/\\\/autofans.com.ar\\\/index.php\\\/2024\\\/06\\\/10\\\/bmw-m3-competition-sedan-llega-a-argentina\\\/#breadcrumb\"},\"inLanguage\":\"es\",\"potentialAction\":[{\"@type\":\"ReadAction\",\"target\":[\"https:\\\/\\\/autofans.com.ar\\\/index.php\\\/2024\\\/06\\\/10\\\/bmw-m3-competition-sedan-llega-a-argentina\\\/\"]}]},{\"@type\":\"ImageObject\",\"inLanguage\":\"es\",\"@id\":\"https:\\\/\\\/autofans.com.ar\\\/index.php\\\/2024\\\/06\\\/10\\\/bmw-m3-competition-sedan-llega-a-argentina\\\/#primaryimage\",\"url\":\"https:\\\/\\\/autofans.com.ar\\\/wp-content\\\/uploads\\\/2024\\\/06\\\/bmw-3.jpg\",\"contentUrl\":\"https:\\\/\\\/autofans.com.ar\\\/wp-content\\\/uploads\\\/2024\\\/06\\\/bmw-3.jpg\",\"width\":1000,\"height\":667,\"caption\":\"BMW M3\"},{\"@type\":\"BreadcrumbList\",\"@id\":\"https:\\\/\\\/autofans.com.ar\\\/index.php\\\/2024\\\/06\\\/10\\\/bmw-m3-competition-sedan-llega-a-argentina\\\/#breadcrumb\",\"itemListElement\":[{\"@type\":\"ListItem\",\"position\":1,\"name\":\"Inicio\",\"item\":\"https:\\\/\\\/autofans.com.ar\\\/\"},{\"@type\":\"ListItem\",\"position\":2,\"name\":\"BMW M3 Competition Sed\u00e1n llega a Argentina\"}]},{\"@type\":\"WebSite\",\"@id\":\"https:\\\/\\\/autofans.com.ar\\\/#website\",\"url\":\"https:\\\/\\\/autofans.com.ar\\\/\",\"name\":\"\",\"description\":\"El multimedio referente de la industria automotriz\",\"potentialAction\":[{\"@type\":\"SearchAction\",\"target\":{\"@type\":\"EntryPoint\",\"urlTemplate\":\"https:\\\/\\\/autofans.com.ar\\\/?s={search_term_string}\"},\"query-input\":{\"@type\":\"PropertyValueSpecification\",\"valueRequired\":true,\"valueName\":\"search_term_string\"}}],\"inLanguage\":\"es\"},{\"@type\":\"Person\",\"@id\":\"https:\\\/\\\/autofans.com.ar\\\/#\\\/schema\\\/person\\\/4a8dda0b6df83ac3d6723e921274c2aa\",\"name\":\"Alejandro Gabriel Rosito\",\"image\":{\"@type\":\"ImageObject\",\"inLanguage\":\"es\",\"@id\":\"https:\\\/\\\/secure.gravatar.com\\\/avatar\\\/16c5dda1489adfc62618084dcbb91cffd879c374b13fe5dd8e44ed6733852c88?s=96&d=mm&r=g\",\"url\":\"https:\\\/\\\/secure.gravatar.com\\\/avatar\\\/16c5dda1489adfc62618084dcbb91cffd879c374b13fe5dd8e44ed6733852c88?s=96&d=mm&r=g\",\"contentUrl\":\"https:\\\/\\\/secure.gravatar.com\\\/avatar\\\/16c5dda1489adfc62618084dcbb91cffd879c374b13fe5dd8e44ed6733852c88?s=96&d=mm&r=g\",\"caption\":\"Alejandro Gabriel Rosito\"},\"url\":\"https:\\\/\\\/autofans.com.ar\\\/index.php\\\/author\\\/gabrielr\\\/\"}]}<\/script>\n<!-- \/ Yoast SEO plugin. -->","yoast_head_json":{"title":"BMW M3 Competition Sed\u00e1n llega a Argentina -","description":"El legendario BMW M3 vuelve a nuestro pa\u00eds en su versi\u00f3n Competition, combinando un dise\u00f1o frontal imponente con un rendimiento superior..","robots":{"index":"index","follow":"follow","max-snippet":"max-snippet:-1","max-image-preview":"max-image-preview:large","max-video-preview":"max-video-preview:-1"},"canonical":"https:\/\/autofans.com.ar\/index.php\/2024\/06\/10\/bmw-m3-competition-sedan-llega-a-argentina\/","og_locale":"es_ES","og_type":"article","og_title":"BMW M3 Competition Sed\u00e1n llega a Argentina -","og_description":"El legendario BMW M3 vuelve a nuestro pa\u00eds en su versi\u00f3n Competition, combinando un dise\u00f1o frontal imponente con un rendimiento superior..","og_url":"https:\/\/autofans.com.ar\/index.php\/2024\/06\/10\/bmw-m3-competition-sedan-llega-a-argentina\/","article_published_time":"2024-06-10T19:37:48+00:00","og_image":[{"url":"https:\/\/autofans.com.ar\/wp-content\/uploads\/2024\/06\/bmw-3.jpg","width":640,"height":427,"type":"image\/jpeg"}],"author":"Alejandro Gabriel Rosito","twitter_card":"summary_large_image","twitter_misc":{"Escrito por":"Alejandro Gabriel Rosito","Tiempo de lectura":"3 minutos"},"schema":{"@context":"https:\/\/schema.org","@graph":[{"@type":"Article","@id":"https:\/\/autofans.com.ar\/index.php\/2024\/06\/10\/bmw-m3-competition-sedan-llega-a-argentina\/#article","isPartOf":{"@id":"https:\/\/autofans.com.ar\/index.php\/2024\/06\/10\/bmw-m3-competition-sedan-llega-a-argentina\/"},"author":{"name":"Alejandro Gabriel Rosito","@id":"https:\/\/autofans.com.ar\/#\/schema\/person\/4a8dda0b6df83ac3d6723e921274c2aa"},"headline":"BMW M3 Competition Sed\u00e1n llega a Argentina","datePublished":"2024-06-10T19:37:48+00:00","mainEntityOfPage":{"@id":"https:\/\/autofans.com.ar\/index.php\/2024\/06\/10\/bmw-m3-competition-sedan-llega-a-argentina\/"},"wordCount":463,"image":{"@id":"https:\/\/autofans.com.ar\/index.php\/2024\/06\/10\/bmw-m3-competition-sedan-llega-a-argentina\/#primaryimage"},"thumbnailUrl":"https:\/\/autofans.com.ar\/wp-content\/uploads\/2024\/06\/bmw-3.jpg","keywords":["alto rendimiento BMW","autos deportivos Argentina","BMW Argentina","BMW M3 Competition","sed\u00e1n BMW"],"articleSection":["Autos y SUV","LANZAMIENTOS"],"inLanguage":"es"},{"@type":"WebPage","@id":"https:\/\/autofans.com.ar\/index.php\/2024\/06\/10\/bmw-m3-competition-sedan-llega-a-argentina\/","url":"https:\/\/autofans.com.ar\/index.php\/2024\/06\/10\/bmw-m3-competition-sedan-llega-a-argentina\/","name":"BMW M3 Competition Sed\u00e1n llega a Argentina -","isPartOf":{"@id":"https:\/\/autofans.com.ar\/#website"},"primaryImageOfPage":{"@id":"https:\/\/autofans.com.ar\/index.php\/2024\/06\/10\/bmw-m3-competition-sedan-llega-a-argentina\/#primaryimage"},"image":{"@id":"https:\/\/autofans.com.ar\/index.php\/2024\/06\/10\/bmw-m3-competition-sedan-llega-a-argentina\/#primaryimage"},"thumbnailUrl":"https:\/\/autofans.com.ar\/wp-content\/uploads\/2024\/06\/bmw-3.jpg","datePublished":"2024-06-10T19:37:48+00:00","author":{"@id":"https:\/\/autofans.com.ar\/#\/schema\/person\/4a8dda0b6df83ac3d6723e921274c2aa"},"description":"El legendario BMW M3 vuelve a nuestro pa\u00eds en su versi\u00f3n Competition, combinando un dise\u00f1o frontal imponente con un rendimiento superior..","breadcrumb":{"@id":"https:\/\/autofans.com.ar\/index.php\/2024\/06\/10\/bmw-m3-competition-sedan-llega-a-argentina\/#breadcrumb"},"inLanguage":"es","potentialAction":[{"@type":"ReadAction","target":["https:\/\/autofans.com.ar\/index.php\/2024\/06\/10\/bmw-m3-competition-sedan-llega-a-argentina\/"]}]},{"@type":"ImageObject","inLanguage":"es","@id":"https:\/\/autofans.com.ar\/index.php\/2024\/06\/10\/bmw-m3-competition-sedan-llega-a-argentina\/#primaryimage","url":"https:\/\/autofans.com.ar\/wp-content\/uploads\/2024\/06\/bmw-3.jpg","contentUrl":"https:\/\/autofans.com.ar\/wp-content\/uploads\/2024\/06\/bmw-3.jpg","width":1000,"height":667,"caption":"BMW M3"},{"@type":"BreadcrumbList","@id":"https:\/\/autofans.com.ar\/index.php\/2024\/06\/10\/bmw-m3-competition-sedan-llega-a-argentina\/#breadcrumb","itemListElement":[{"@type":"ListItem","position":1,"name":"Inicio","item":"https:\/\/autofans.com.ar\/"},{"@type":"ListItem","position":2,"name":"BMW M3 Competition Sed\u00e1n llega a Argentina"}]},{"@type":"WebSite","@id":"https:\/\/autofans.com.ar\/#website","url":"https:\/\/autofans.com.ar\/","name":"","description":"El multimedio referente de la industria automotriz","potentialAction":[{"@type":"SearchAction","target":{"@type":"EntryPoint","urlTemplate":"https:\/\/autofans.com.ar\/?s={search_term_string}"},"query-input":{"@type":"PropertyValueSpecification","valueRequired":true,"valueName":"search_term_string"}}],"inLanguage":"es"},{"@type":"Person","@id":"https:\/\/autofans.com.ar\/#\/schema\/person\/4a8dda0b6df83ac3d6723e921274c2aa","name":"Alejandro Gabriel Rosito","image":{"@type":"ImageObject","inLanguage":"es","@id":"https:\/\/secure.gravatar.com\/avatar\/16c5dda1489adfc62618084dcbb91cffd879c374b13fe5dd8e44ed6733852c88?s=96&d=mm&r=g","url":"https:\/\/secure.gravatar.com\/avatar\/16c5dda1489adfc62618084dcbb91cffd879c374b13fe5dd8e44ed6733852c88?s=96&d=mm&r=g","contentUrl":"https:\/\/secure.gravatar.com\/avatar\/16c5dda1489adfc62618084dcbb91cffd879c374b13fe5dd8e44ed6733852c88?s=96&d=mm&r=g","caption":"Alejandro Gabriel Rosito"},"url":"https:\/\/autofans.com.ar\/index.php\/author\/gabrielr\/"}]}},"featured_image_urls":{"full":["https:\/\/autofans.com.ar\/wp-content\/uploads\/2024\/06\/bmw-3.jpg",1000,667,false],"thumbnail":["https:\/\/autofans.com.ar\/wp-content\/uploads\/2024\/06\/bmw-3-150x150.jpg",150,150,true],"medium":["https:\/\/autofans.com.ar\/wp-content\/uploads\/2024\/06\/bmw-3-300x200.jpg",300,200,true],"medium_large":["https:\/\/autofans.com.ar\/wp-content\/uploads\/2024\/06\/bmw-3-768x512.jpg",640,427,true],"large":["https:\/\/autofans.com.ar\/wp-content\/uploads\/2024\/06\/bmw-3.jpg",640,427,false],"1536x1536":["https:\/\/autofans.com.ar\/wp-content\/uploads\/2024\/06\/bmw-3.jpg",1000,667,false],"2048x2048":["https:\/\/autofans.com.ar\/wp-content\/uploads\/2024\/06\/bmw-3.jpg",1000,667,false],"covernews-featured":["https:\/\/autofans.com.ar\/wp-content\/uploads\/2024\/06\/bmw-3.jpg",1000,667,false],"covernews-medium":["https:\/\/autofans.com.ar\/wp-content\/uploads\/2024\/06\/bmw-3-540x340.jpg",540,340,true]},"author_info":{"display_name":"Alejandro Gabriel Rosito","author_link":"https:\/\/autofans.com.ar\/index.php\/author\/gabrielr\/"},"category_info":"<a href=\"https:\/\/autofans.com.ar\/index.php\/category\/lanzamientos\/autos-y-suv\/\" rel=\"category tag\">Autos y SUV<\/a> <a href=\"https:\/\/autofans.com.ar\/index.php\/category\/lanzamientos\/\" rel=\"category tag\">LANZAMIENTOS<\/a>","tag_info":"LANZAMIENTOS","comment_count":0,"_links":{"self":[{"href":"https:\/\/autofans.com.ar\/index.php\/wp-json\/wp\/v2\/posts\/8010","targetHints":{"allow":["GET"]}}],"collection":[{"href":"https:\/\/autofans.com.ar\/index.php\/wp-json\/wp\/v2\/posts"}],"about":[{"href":"https:\/\/autofans.com.ar\/index.php\/wp-json\/wp\/v2\/types\/post"}],"author":[{"embeddable":true,"href":"https:\/\/autofans.com.ar\/index.php\/wp-json\/wp\/v2\/users\/2"}],"replies":[{"embeddable":true,"href":"https:\/\/autofans.com.ar\/index.php\/wp-json\/wp\/v2\/comments?post=8010"}],"version-history":[{"count":3,"href":"https:\/\/autofans.com.ar\/index.php\/wp-json\/wp\/v2\/posts\/8010\/revisions"}],"predecessor-version":[{"id":8018,"href":"https:\/\/autofans.com.ar\/index.php\/wp-json\/wp\/v2\/posts\/8010\/revisions\/8018"}],"wp:featuredmedia":[{"embeddable":true,"href":"https:\/\/autofans.com.ar\/index.php\/wp-json\/wp\/v2\/media\/8012"}],"wp:attachment":[{"href":"https:\/\/autofans.com.ar\/index.php\/wp-json\/wp\/v2\/media?parent=8010"}],"wp:term":[{"taxonomy":"category","embeddable":true,"href":"https:\/\/autofans.com.ar\/index.php\/wp-json\/wp\/v2\/categories?post=8010"},{"taxonomy":"post_tag","embeddable":true,"href":"https:\/\/autofans.com.ar\/index.php\/wp-json\/wp\/v2\/tags?post=8010"}],"curies":[{"name":"wp","href":"https:\/\/api.w.org\/{rel}","templated":true}]}}