{"id":8019,"date":"2024-06-10T20:44:47","date_gmt":"2024-06-10T23:44:47","guid":{"rendered":"https:\/\/autofans.com.ar\/?p=8019"},"modified":"2024-06-10T20:57:32","modified_gmt":"2024-06-10T23:57:32","slug":"mercedes-benz-camiones-y-buses-en-agroactiva-2024","status":"publish","type":"post","link":"https:\/\/autofans.com.ar\/index.php\/2024\/06\/10\/mercedes-benz-camiones-y-buses-en-agroactiva-2024\/","title":{"rendered":"Mercedes-Benz Camiones y Buses en Agroactiva 2024"},"content":{"rendered":"<p>Mercedes-Benz Camiones y Buses refuerza su compromiso con el sector agropecuario en Agroactiva 2024, exhibiendo su variado portafolio de productos y servicios.<\/p>\n<p>&nbsp;<\/p>\n<figure id=\"attachment_8020\" aria-describedby=\"caption-attachment-8020\" style=\"width: 1000px\" class=\"wp-caption aligncenter\"><img fetchpriority=\"high\" decoding=\"async\" class=\"wp-image-8020 size-full\" src=\"https:\/\/autofans.com.ar\/wp-content\/uploads\/2024\/06\/mercedes-4.jpg\" alt=\"Mercedes-Benz\" width=\"1000\" height=\"667\" srcset=\"https:\/\/autofans.com.ar\/wp-content\/uploads\/2024\/06\/mercedes-4.jpg 1000w, https:\/\/autofans.com.ar\/wp-content\/uploads\/2024\/06\/mercedes-4-300x200.jpg 300w, https:\/\/autofans.com.ar\/wp-content\/uploads\/2024\/06\/mercedes-4-768x512.jpg 768w\" sizes=\"(max-width: 1000px) 100vw, 1000px\" \/><figcaption id=\"caption-attachment-8020\" class=\"wp-caption-text\">Roberto Faist, Gerente de Producto &amp; Marketing de Mercedes-Benz Camiones.<\/figcaption><\/figure>\n<p>&nbsp;<\/p>\n<blockquote>\n<p style=\"text-align: center;\">\u201cLa convocatoria y el inter\u00e9s mostrado en nuestros productos confirman que estamos en el camino correcto. Esta oportunidad que brinda Agroactiva de conectarnos con los agricultores y empresarios rurales nos motiva a\u00fan m\u00e1s para continuar desarrollando soluciones que satisfagan sus necesidades y contribuyan a mejorar su eficiencia y productividad en el campo\u201d, coment\u00f3 Roberto Faist, Gerente de Producto &amp; Marketing de Mercedes-Benz Camiones.<\/p>\n<\/blockquote>\n<p>&nbsp;<\/p>\n<h2>Mercedes-Benz exhibe sus camiones y servicios en Santa Fe<\/h2>\n<p>La megamuestra del campo, Agroactiva 2024, recibe a Mercedes-Benz Camiones y Buses del 6 al 8 de junio en Santa Fe. Con un stand de 900 m\u00b2 en Lote 6, la marca l\u00edder en ventas de camiones del primer cuatrimestre de 2024 presenta una amplia gama de productos y servicios.<\/p>\n<p>&nbsp;<\/p>\n<p><img decoding=\"async\" class=\"aligncenter wp-image-8021 size-full\" src=\"https:\/\/autofans.com.ar\/wp-content\/uploads\/2024\/06\/mercedes-3.jpg\" alt=\"Mercedes-Benz\" width=\"1000\" height=\"667\" srcset=\"https:\/\/autofans.com.ar\/wp-content\/uploads\/2024\/06\/mercedes-3.jpg 1000w, https:\/\/autofans.com.ar\/wp-content\/uploads\/2024\/06\/mercedes-3-300x200.jpg 300w, https:\/\/autofans.com.ar\/wp-content\/uploads\/2024\/06\/mercedes-3-768x512.jpg 768w\" sizes=\"(max-width: 1000px) 100vw, 1000px\" \/><\/p>\n<p>&nbsp;<\/p>\n<p>&nbsp;<\/p>\n<p>En la exposici\u00f3n se destaca el Mercedes-Benz Atego, el cami\u00f3n m\u00e1s vendido en su categor\u00eda en los primeros meses de 2024. Este modelo, producido localmente, es vers\u00e1til y se adapta a diversas aplicaciones, desde transporte de carga general hasta log\u00edstica. Se presentan las versiones 1721\/48 y 1729 S\/36.<\/p>\n<p>&nbsp;<\/p>\n<figure id=\"attachment_8027\" aria-describedby=\"caption-attachment-8027\" style=\"width: 1000px\" class=\"wp-caption aligncenter\"><img decoding=\"async\" class=\"wp-image-8027 size-full\" src=\"https:\/\/autofans.com.ar\/wp-content\/uploads\/2024\/06\/Paula-Diaz.jpg\" alt=\"\" width=\"1000\" height=\"667\" srcset=\"https:\/\/autofans.com.ar\/wp-content\/uploads\/2024\/06\/Paula-Diaz.jpg 1000w, https:\/\/autofans.com.ar\/wp-content\/uploads\/2024\/06\/Paula-Diaz-300x200.jpg 300w, https:\/\/autofans.com.ar\/wp-content\/uploads\/2024\/06\/Paula-Diaz-768x512.jpg 768w\" sizes=\"(max-width: 1000px) 100vw, 1000px\" \/><figcaption id=\"caption-attachment-8027\" class=\"wp-caption-text\">Paula D\u00edaz, Gerenta de Servicios al Cliente y Conectividad en Mercedes-Benz Camiones y Buses<\/figcaption><\/figure>\n<p>&nbsp;<\/p>\n<blockquote>\n<p style=\"text-align: center;\">Paula D\u00edaz, Gerenta de Servicios al Cliente y Conectividad en Mercedes-Benz Camiones y Buses, destaca: \u00abNuestra misi\u00f3n es ofrecer soluciones integrales que vayan m\u00e1s all\u00e1 de la venta de camiones. Queremos asegurarnos de que nuestros clientes obtengan el m\u00e1ximo rendimiento de sus veh\u00edculos, y eso incluye brindarles opciones financieras y servicios de postventa. En agroactiva, estamos presentando nuestro compromiso a trav\u00e9s de experiencias inmersivas como la simulaci\u00f3n del taller, que refleja nuestro enfoque en proporcionar un servicio de alta performance\u00bb.<\/p>\n<\/blockquote>\n<p>&nbsp;<\/p>\n<h2>Tecnolog\u00eda avanzada y financiamiento flexible para el Agro<\/h2>\n<p>Mercedes-Benz tambi\u00e9n exhibe sus modelos importados. El Actros 2548 LS\/33 es ideal para transporte de cargas pesadas y viajes largos, gracias a su eficiencia, seguridad y confort. Por otro lado, el Arocs 4848 K est\u00e1 dise\u00f1ado para aplicaciones como volcadores y mezcladores, destac\u00e1ndose por su fuerza, robustez, eficiencia y confiabilidad.<\/p>\n<p>El stand de la marca cuenta con el Taller Accelo M\u00f3vil de \u201cTotal Service\u201d, que ofrece mantenimiento preventivo con tecnolog\u00eda avanzada. Adem\u00e1s, se celebra el quinto aniversario de SelecTrucks, la divisi\u00f3n especializada en camiones usados. Esta \u00e1rea asegura veh\u00edculos en excelentes condiciones tras un exhaustivo proceso de reacondicionamiento.<\/p>\n<p>&nbsp;<\/p>\n<p><img loading=\"lazy\" decoding=\"async\" class=\"aligncenter wp-image-8023 size-full\" src=\"https:\/\/autofans.com.ar\/wp-content\/uploads\/2024\/06\/mercedes-1.jpg\" alt=\"Mercedes-Benz\" width=\"1000\" height=\"667\" srcset=\"https:\/\/autofans.com.ar\/wp-content\/uploads\/2024\/06\/mercedes-1.jpg 1000w, https:\/\/autofans.com.ar\/wp-content\/uploads\/2024\/06\/mercedes-1-300x200.jpg 300w, https:\/\/autofans.com.ar\/wp-content\/uploads\/2024\/06\/mercedes-1-768x512.jpg 768w\" sizes=\"(max-width: 1000px) 100vw, 1000px\" \/><\/p>\n<p>&nbsp;<\/p>\n<p>Mercedes-Benz Compa\u00f1\u00eda Financiera ofrece planes de financiamiento flexibles, como el \u201cLeasing\u201d y \u201cMBFlex\u201d, adapt\u00e1ndose a las necesidades del cliente con opciones como seis meses de gracia en el pago de capital. La plataforma digital \u00abMyCredit\u00bb facilita la preaprobaci\u00f3n en tiempo real, simplificando la adquisici\u00f3n de veh\u00edculos y repuestos.<\/p>\n<p>La participaci\u00f3n en Agroactiva subraya el compromiso de la automotriz con la innovaci\u00f3n y el apoyo al sector agropecuario argentino, consolidando su liderazgo en el mercado.<\/p>\n<p>&nbsp;<\/p>\n<p>&nbsp;<\/p>\n<p>&nbsp;<\/p>\n<p><i>Para enterarte de m\u00e1s novedades, no dejes de leer\u00a0<\/i><a href=\"https:\/\/autofans.thebrandsoup.com\/\"><i>nuestras notas<\/i><\/a><i>, de ver<\/i><b><i>\u00a0<\/i><\/b><a href=\"https:\/\/www.youtube.com\/channel\/UCgAC8UGHZYbT6P7PpmVnP7g\"><b><i>AUTOFANS TV<\/i><\/b><\/a><b><i>\u00a0<\/i><\/b><i>en nuestro\u00a0canal de Youtube. Adem\u00e1s seguinos en\u00a0<\/i><a href=\"https:\/\/www.instagram.com\/autofanstv\/\"><i>INSTAGRAM<\/i><\/a><i> y <\/i><a href=\"https:\/\/www.facebook.com\/autofansmas\/\"><i>FACEBOOK<\/i><\/a><i> para no perderte nada sobre las novedades del segmento automotor de Argentina y el mundo.<\/i><\/p>\n","protected":false},"excerpt":{"rendered":"<p>Mercedes-Benz Camiones y Buses refuerza su compromiso con el sector agropecuario en Agroactiva 2024, exhibiendo&#8230;<\/p>\n","protected":false},"author":2,"featured_media":8025,"comment_status":"closed","ping_status":"closed","sticky":false,"template":"","format":"standard","meta":{"footnotes":""},"categories":[292,16],"tags":[4221,1427,4247,4243,4246,4245,2378,4244],"class_list":["post-8019","post","type-post","status-publish","format-standard","has-post-thumbnail","hentry","category-empresas","category-noticias","tag-agroactiva-2024","tag-camiones-mercedes-benz","tag-camiones-usados-mercedes-benz","tag-financiamiento-de-camiones","tag-mercedes-benz-actros","tag-mercedes-benz-atego","tag-mercedes-benz-camiones","tag-selectrucks-argentina"],"yoast_head":"<!-- This site is optimized with the Yoast SEO plugin v27.5 - https:\/\/yoast.com\/product\/yoast-seo-wordpress\/ -->\n<title>Mercedes-Benz Camiones y Buses en Agroactiva 2024 -<\/title>\n<meta name=\"description\" content=\"Mercedes-Benz Camiones y Buses refuerza su compromiso con el sector agropecuario en Agroactiva 2024, exhibiendo su variado portafolio...\" \/>\n<meta name=\"robots\" content=\"index, follow, max-snippet:-1, max-image-preview:large, max-video-preview:-1\" \/>\n<link rel=\"canonical\" href=\"https:\/\/autofans.com.ar\/index.php\/2024\/06\/10\/mercedes-benz-camiones-y-buses-en-agroactiva-2024\/\" \/>\n<meta property=\"og:locale\" content=\"es_ES\" \/>\n<meta property=\"og:type\" content=\"article\" \/>\n<meta property=\"og:title\" content=\"Mercedes-Benz Camiones y Buses en Agroactiva 2024 -\" \/>\n<meta property=\"og:description\" content=\"Mercedes-Benz Camiones y Buses refuerza su compromiso con el sector agropecuario en Agroactiva 2024, exhibiendo su variado portafolio...\" \/>\n<meta property=\"og:url\" content=\"https:\/\/autofans.com.ar\/index.php\/2024\/06\/10\/mercedes-benz-camiones-y-buses-en-agroactiva-2024\/\" \/>\n<meta property=\"article:published_time\" content=\"2024-06-10T23:44:47+00:00\" \/>\n<meta property=\"article:modified_time\" content=\"2024-06-10T23:57:32+00:00\" \/>\n<meta property=\"og:image\" content=\"https:\/\/autofans.com.ar\/wp-content\/uploads\/2024\/06\/mercedes-5.jpg\" \/>\n\t<meta property=\"og:image:width\" content=\"640\" \/>\n\t<meta property=\"og:image:height\" content=\"427\" \/>\n\t<meta property=\"og:image:type\" content=\"image\/jpeg\" \/>\n<meta name=\"author\" content=\"Alejandro Gabriel Rosito\" \/>\n<meta name=\"twitter:card\" content=\"summary_large_image\" \/>\n<meta name=\"twitter:label1\" content=\"Escrito por\" \/>\n\t<meta name=\"twitter:data1\" content=\"Alejandro Gabriel Rosito\" \/>\n\t<meta name=\"twitter:label2\" content=\"Tiempo de lectura\" \/>\n\t<meta name=\"twitter:data2\" content=\"3 minutos\" \/>\n<script type=\"application\/ld+json\" class=\"yoast-schema-graph\">{\"@context\":\"https:\\\/\\\/schema.org\",\"@graph\":[{\"@type\":\"Article\",\"@id\":\"https:\\\/\\\/autofans.com.ar\\\/index.php\\\/2024\\\/06\\\/10\\\/mercedes-benz-camiones-y-buses-en-agroactiva-2024\\\/#article\",\"isPartOf\":{\"@id\":\"https:\\\/\\\/autofans.com.ar\\\/index.php\\\/2024\\\/06\\\/10\\\/mercedes-benz-camiones-y-buses-en-agroactiva-2024\\\/\"},\"author\":{\"name\":\"Alejandro Gabriel Rosito\",\"@id\":\"https:\\\/\\\/autofans.com.ar\\\/#\\\/schema\\\/person\\\/4a8dda0b6df83ac3d6723e921274c2aa\"},\"headline\":\"Mercedes-Benz Camiones y Buses en Agroactiva 2024\",\"datePublished\":\"2024-06-10T23:44:47+00:00\",\"dateModified\":\"2024-06-10T23:57:32+00:00\",\"mainEntityOfPage\":{\"@id\":\"https:\\\/\\\/autofans.com.ar\\\/index.php\\\/2024\\\/06\\\/10\\\/mercedes-benz-camiones-y-buses-en-agroactiva-2024\\\/\"},\"wordCount\":575,\"image\":{\"@id\":\"https:\\\/\\\/autofans.com.ar\\\/index.php\\\/2024\\\/06\\\/10\\\/mercedes-benz-camiones-y-buses-en-agroactiva-2024\\\/#primaryimage\"},\"thumbnailUrl\":\"https:\\\/\\\/autofans.com.ar\\\/wp-content\\\/uploads\\\/2024\\\/06\\\/mercedes-5.jpg\",\"keywords\":[\"Agroactiva 2024\",\"camiones Mercedes-Benz\",\"camiones usados Mercedes-Benz\",\"financiamiento de camiones\",\"Mercedes-Benz Actros\",\"Mercedes-Benz Atego\",\"Mercedes-Benz Camiones\",\"SelecTrucks Argentina\"],\"articleSection\":[\"EMPRESAS\",\"NOTICIAS\"],\"inLanguage\":\"es\"},{\"@type\":\"WebPage\",\"@id\":\"https:\\\/\\\/autofans.com.ar\\\/index.php\\\/2024\\\/06\\\/10\\\/mercedes-benz-camiones-y-buses-en-agroactiva-2024\\\/\",\"url\":\"https:\\\/\\\/autofans.com.ar\\\/index.php\\\/2024\\\/06\\\/10\\\/mercedes-benz-camiones-y-buses-en-agroactiva-2024\\\/\",\"name\":\"Mercedes-Benz Camiones y Buses en Agroactiva 2024 -\",\"isPartOf\":{\"@id\":\"https:\\\/\\\/autofans.com.ar\\\/#website\"},\"primaryImageOfPage\":{\"@id\":\"https:\\\/\\\/autofans.com.ar\\\/index.php\\\/2024\\\/06\\\/10\\\/mercedes-benz-camiones-y-buses-en-agroactiva-2024\\\/#primaryimage\"},\"image\":{\"@id\":\"https:\\\/\\\/autofans.com.ar\\\/index.php\\\/2024\\\/06\\\/10\\\/mercedes-benz-camiones-y-buses-en-agroactiva-2024\\\/#primaryimage\"},\"thumbnailUrl\":\"https:\\\/\\\/autofans.com.ar\\\/wp-content\\\/uploads\\\/2024\\\/06\\\/mercedes-5.jpg\",\"datePublished\":\"2024-06-10T23:44:47+00:00\",\"dateModified\":\"2024-06-10T23:57:32+00:00\",\"author\":{\"@id\":\"https:\\\/\\\/autofans.com.ar\\\/#\\\/schema\\\/person\\\/4a8dda0b6df83ac3d6723e921274c2aa\"},\"description\":\"Mercedes-Benz Camiones y Buses refuerza su compromiso con el sector agropecuario en Agroactiva 2024, exhibiendo su variado portafolio...\",\"breadcrumb\":{\"@id\":\"https:\\\/\\\/autofans.com.ar\\\/index.php\\\/2024\\\/06\\\/10\\\/mercedes-benz-camiones-y-buses-en-agroactiva-2024\\\/#breadcrumb\"},\"inLanguage\":\"es\",\"potentialAction\":[{\"@type\":\"ReadAction\",\"target\":[\"https:\\\/\\\/autofans.com.ar\\\/index.php\\\/2024\\\/06\\\/10\\\/mercedes-benz-camiones-y-buses-en-agroactiva-2024\\\/\"]}]},{\"@type\":\"ImageObject\",\"inLanguage\":\"es\",\"@id\":\"https:\\\/\\\/autofans.com.ar\\\/index.php\\\/2024\\\/06\\\/10\\\/mercedes-benz-camiones-y-buses-en-agroactiva-2024\\\/#primaryimage\",\"url\":\"https:\\\/\\\/autofans.com.ar\\\/wp-content\\\/uploads\\\/2024\\\/06\\\/mercedes-5.jpg\",\"contentUrl\":\"https:\\\/\\\/autofans.com.ar\\\/wp-content\\\/uploads\\\/2024\\\/06\\\/mercedes-5.jpg\",\"width\":1000,\"height\":667},{\"@type\":\"BreadcrumbList\",\"@id\":\"https:\\\/\\\/autofans.com.ar\\\/index.php\\\/2024\\\/06\\\/10\\\/mercedes-benz-camiones-y-buses-en-agroactiva-2024\\\/#breadcrumb\",\"itemListElement\":[{\"@type\":\"ListItem\",\"position\":1,\"name\":\"Inicio\",\"item\":\"https:\\\/\\\/autofans.com.ar\\\/\"},{\"@type\":\"ListItem\",\"position\":2,\"name\":\"Mercedes-Benz Camiones y Buses en Agroactiva 2024\"}]},{\"@type\":\"WebSite\",\"@id\":\"https:\\\/\\\/autofans.com.ar\\\/#website\",\"url\":\"https:\\\/\\\/autofans.com.ar\\\/\",\"name\":\"\",\"description\":\"El multimedio referente de la industria automotriz\",\"potentialAction\":[{\"@type\":\"SearchAction\",\"target\":{\"@type\":\"EntryPoint\",\"urlTemplate\":\"https:\\\/\\\/autofans.com.ar\\\/?s={search_term_string}\"},\"query-input\":{\"@type\":\"PropertyValueSpecification\",\"valueRequired\":true,\"valueName\":\"search_term_string\"}}],\"inLanguage\":\"es\"},{\"@type\":\"Person\",\"@id\":\"https:\\\/\\\/autofans.com.ar\\\/#\\\/schema\\\/person\\\/4a8dda0b6df83ac3d6723e921274c2aa\",\"name\":\"Alejandro Gabriel Rosito\",\"image\":{\"@type\":\"ImageObject\",\"inLanguage\":\"es\",\"@id\":\"https:\\\/\\\/secure.gravatar.com\\\/avatar\\\/16c5dda1489adfc62618084dcbb91cffd879c374b13fe5dd8e44ed6733852c88?s=96&d=mm&r=g\",\"url\":\"https:\\\/\\\/secure.gravatar.com\\\/avatar\\\/16c5dda1489adfc62618084dcbb91cffd879c374b13fe5dd8e44ed6733852c88?s=96&d=mm&r=g\",\"contentUrl\":\"https:\\\/\\\/secure.gravatar.com\\\/avatar\\\/16c5dda1489adfc62618084dcbb91cffd879c374b13fe5dd8e44ed6733852c88?s=96&d=mm&r=g\",\"caption\":\"Alejandro Gabriel Rosito\"},\"url\":\"https:\\\/\\\/autofans.com.ar\\\/index.php\\\/author\\\/gabrielr\\\/\"}]}<\/script>\n<!-- \/ Yoast SEO plugin. -->","yoast_head_json":{"title":"Mercedes-Benz Camiones y Buses en Agroactiva 2024 -","description":"Mercedes-Benz Camiones y Buses refuerza su compromiso con el sector agropecuario en Agroactiva 2024, exhibiendo su variado portafolio...","robots":{"index":"index","follow":"follow","max-snippet":"max-snippet:-1","max-image-preview":"max-image-preview:large","max-video-preview":"max-video-preview:-1"},"canonical":"https:\/\/autofans.com.ar\/index.php\/2024\/06\/10\/mercedes-benz-camiones-y-buses-en-agroactiva-2024\/","og_locale":"es_ES","og_type":"article","og_title":"Mercedes-Benz Camiones y Buses en Agroactiva 2024 -","og_description":"Mercedes-Benz Camiones y Buses refuerza su compromiso con el sector agropecuario en Agroactiva 2024, exhibiendo su variado portafolio...","og_url":"https:\/\/autofans.com.ar\/index.php\/2024\/06\/10\/mercedes-benz-camiones-y-buses-en-agroactiva-2024\/","article_published_time":"2024-06-10T23:44:47+00:00","article_modified_time":"2024-06-10T23:57:32+00:00","og_image":[{"url":"https:\/\/autofans.com.ar\/wp-content\/uploads\/2024\/06\/mercedes-5.jpg","width":640,"height":427,"type":"image\/jpeg"}],"author":"Alejandro Gabriel Rosito","twitter_card":"summary_large_image","twitter_misc":{"Escrito por":"Alejandro Gabriel Rosito","Tiempo de lectura":"3 minutos"},"schema":{"@context":"https:\/\/schema.org","@graph":[{"@type":"Article","@id":"https:\/\/autofans.com.ar\/index.php\/2024\/06\/10\/mercedes-benz-camiones-y-buses-en-agroactiva-2024\/#article","isPartOf":{"@id":"https:\/\/autofans.com.ar\/index.php\/2024\/06\/10\/mercedes-benz-camiones-y-buses-en-agroactiva-2024\/"},"author":{"name":"Alejandro Gabriel Rosito","@id":"https:\/\/autofans.com.ar\/#\/schema\/person\/4a8dda0b6df83ac3d6723e921274c2aa"},"headline":"Mercedes-Benz Camiones y Buses en Agroactiva 2024","datePublished":"2024-06-10T23:44:47+00:00","dateModified":"2024-06-10T23:57:32+00:00","mainEntityOfPage":{"@id":"https:\/\/autofans.com.ar\/index.php\/2024\/06\/10\/mercedes-benz-camiones-y-buses-en-agroactiva-2024\/"},"wordCount":575,"image":{"@id":"https:\/\/autofans.com.ar\/index.php\/2024\/06\/10\/mercedes-benz-camiones-y-buses-en-agroactiva-2024\/#primaryimage"},"thumbnailUrl":"https:\/\/autofans.com.ar\/wp-content\/uploads\/2024\/06\/mercedes-5.jpg","keywords":["Agroactiva 2024","camiones Mercedes-Benz","camiones usados Mercedes-Benz","financiamiento de camiones","Mercedes-Benz Actros","Mercedes-Benz Atego","Mercedes-Benz Camiones","SelecTrucks Argentina"],"articleSection":["EMPRESAS","NOTICIAS"],"inLanguage":"es"},{"@type":"WebPage","@id":"https:\/\/autofans.com.ar\/index.php\/2024\/06\/10\/mercedes-benz-camiones-y-buses-en-agroactiva-2024\/","url":"https:\/\/autofans.com.ar\/index.php\/2024\/06\/10\/mercedes-benz-camiones-y-buses-en-agroactiva-2024\/","name":"Mercedes-Benz Camiones y Buses en Agroactiva 2024 -","isPartOf":{"@id":"https:\/\/autofans.com.ar\/#website"},"primaryImageOfPage":{"@id":"https:\/\/autofans.com.ar\/index.php\/2024\/06\/10\/mercedes-benz-camiones-y-buses-en-agroactiva-2024\/#primaryimage"},"image":{"@id":"https:\/\/autofans.com.ar\/index.php\/2024\/06\/10\/mercedes-benz-camiones-y-buses-en-agroactiva-2024\/#primaryimage"},"thumbnailUrl":"https:\/\/autofans.com.ar\/wp-content\/uploads\/2024\/06\/mercedes-5.jpg","datePublished":"2024-06-10T23:44:47+00:00","dateModified":"2024-06-10T23:57:32+00:00","author":{"@id":"https:\/\/autofans.com.ar\/#\/schema\/person\/4a8dda0b6df83ac3d6723e921274c2aa"},"description":"Mercedes-Benz Camiones y Buses refuerza su compromiso con el sector agropecuario en Agroactiva 2024, exhibiendo su variado portafolio...","breadcrumb":{"@id":"https:\/\/autofans.com.ar\/index.php\/2024\/06\/10\/mercedes-benz-camiones-y-buses-en-agroactiva-2024\/#breadcrumb"},"inLanguage":"es","potentialAction":[{"@type":"ReadAction","target":["https:\/\/autofans.com.ar\/index.php\/2024\/06\/10\/mercedes-benz-camiones-y-buses-en-agroactiva-2024\/"]}]},{"@type":"ImageObject","inLanguage":"es","@id":"https:\/\/autofans.com.ar\/index.php\/2024\/06\/10\/mercedes-benz-camiones-y-buses-en-agroactiva-2024\/#primaryimage","url":"https:\/\/autofans.com.ar\/wp-content\/uploads\/2024\/06\/mercedes-5.jpg","contentUrl":"https:\/\/autofans.com.ar\/wp-content\/uploads\/2024\/06\/mercedes-5.jpg","width":1000,"height":667},{"@type":"BreadcrumbList","@id":"https:\/\/autofans.com.ar\/index.php\/2024\/06\/10\/mercedes-benz-camiones-y-buses-en-agroactiva-2024\/#breadcrumb","itemListElement":[{"@type":"ListItem","position":1,"name":"Inicio","item":"https:\/\/autofans.com.ar\/"},{"@type":"ListItem","position":2,"name":"Mercedes-Benz Camiones y Buses en Agroactiva 2024"}]},{"@type":"WebSite","@id":"https:\/\/autofans.com.ar\/#website","url":"https:\/\/autofans.com.ar\/","name":"","description":"El multimedio referente de la industria automotriz","potentialAction":[{"@type":"SearchAction","target":{"@type":"EntryPoint","urlTemplate":"https:\/\/autofans.com.ar\/?s={search_term_string}"},"query-input":{"@type":"PropertyValueSpecification","valueRequired":true,"valueName":"search_term_string"}}],"inLanguage":"es"},{"@type":"Person","@id":"https:\/\/autofans.com.ar\/#\/schema\/person\/4a8dda0b6df83ac3d6723e921274c2aa","name":"Alejandro Gabriel Rosito","image":{"@type":"ImageObject","inLanguage":"es","@id":"https:\/\/secure.gravatar.com\/avatar\/16c5dda1489adfc62618084dcbb91cffd879c374b13fe5dd8e44ed6733852c88?s=96&d=mm&r=g","url":"https:\/\/secure.gravatar.com\/avatar\/16c5dda1489adfc62618084dcbb91cffd879c374b13fe5dd8e44ed6733852c88?s=96&d=mm&r=g","contentUrl":"https:\/\/secure.gravatar.com\/avatar\/16c5dda1489adfc62618084dcbb91cffd879c374b13fe5dd8e44ed6733852c88?s=96&d=mm&r=g","caption":"Alejandro Gabriel Rosito"},"url":"https:\/\/autofans.com.ar\/index.php\/author\/gabrielr\/"}]}},"featured_image_urls":{"full":["https:\/\/autofans.com.ar\/wp-content\/uploads\/2024\/06\/mercedes-5.jpg",1000,667,false],"thumbnail":["https:\/\/autofans.com.ar\/wp-content\/uploads\/2024\/06\/mercedes-5-150x150.jpg",150,150,true],"medium":["https:\/\/autofans.com.ar\/wp-content\/uploads\/2024\/06\/mercedes-5-300x200.jpg",300,200,true],"medium_large":["https:\/\/autofans.com.ar\/wp-content\/uploads\/2024\/06\/mercedes-5-768x512.jpg",640,427,true],"large":["https:\/\/autofans.com.ar\/wp-content\/uploads\/2024\/06\/mercedes-5.jpg",640,427,false],"1536x1536":["https:\/\/autofans.com.ar\/wp-content\/uploads\/2024\/06\/mercedes-5.jpg",1000,667,false],"2048x2048":["https:\/\/autofans.com.ar\/wp-content\/uploads\/2024\/06\/mercedes-5.jpg",1000,667,false],"covernews-featured":["https:\/\/autofans.com.ar\/wp-content\/uploads\/2024\/06\/mercedes-5.jpg",1000,667,false],"covernews-medium":["https:\/\/autofans.com.ar\/wp-content\/uploads\/2024\/06\/mercedes-5-540x340.jpg",540,340,true]},"author_info":{"display_name":"Alejandro Gabriel Rosito","author_link":"https:\/\/autofans.com.ar\/index.php\/author\/gabrielr\/"},"category_info":"<a href=\"https:\/\/autofans.com.ar\/index.php\/category\/noticias\/empresas\/\" rel=\"category tag\">EMPRESAS<\/a> <a href=\"https:\/\/autofans.com.ar\/index.php\/category\/noticias\/\" rel=\"category tag\">NOTICIAS<\/a>","tag_info":"NOTICIAS","comment_count":0,"_links":{"self":[{"href":"https:\/\/autofans.com.ar\/index.php\/wp-json\/wp\/v2\/posts\/8019","targetHints":{"allow":["GET"]}}],"collection":[{"href":"https:\/\/autofans.com.ar\/index.php\/wp-json\/wp\/v2\/posts"}],"about":[{"href":"https:\/\/autofans.com.ar\/index.php\/wp-json\/wp\/v2\/types\/post"}],"author":[{"embeddable":true,"href":"https:\/\/autofans.com.ar\/index.php\/wp-json\/wp\/v2\/users\/2"}],"replies":[{"embeddable":true,"href":"https:\/\/autofans.com.ar\/index.php\/wp-json\/wp\/v2\/comments?post=8019"}],"version-history":[{"count":4,"href":"https:\/\/autofans.com.ar\/index.php\/wp-json\/wp\/v2\/posts\/8019\/revisions"}],"predecessor-version":[{"id":8029,"href":"https:\/\/autofans.com.ar\/index.php\/wp-json\/wp\/v2\/posts\/8019\/revisions\/8029"}],"wp:featuredmedia":[{"embeddable":true,"href":"https:\/\/autofans.com.ar\/index.php\/wp-json\/wp\/v2\/media\/8025"}],"wp:attachment":[{"href":"https:\/\/autofans.com.ar\/index.php\/wp-json\/wp\/v2\/media?parent=8019"}],"wp:term":[{"taxonomy":"category","embeddable":true,"href":"https:\/\/autofans.com.ar\/index.php\/wp-json\/wp\/v2\/categories?post=8019"},{"taxonomy":"post_tag","embeddable":true,"href":"https:\/\/autofans.com.ar\/index.php\/wp-json\/wp\/v2\/tags?post=8019"}],"curies":[{"name":"wp","href":"https:\/\/api.w.org\/{rel}","templated":true}]}}