{"id":8030,"date":"2024-06-11T13:34:06","date_gmt":"2024-06-11T16:34:06","guid":{"rendered":"https:\/\/autofans.com.ar\/?p=8030"},"modified":"2024-06-11T13:34:06","modified_gmt":"2024-06-11T16:34:06","slug":"nueva-ktm-250-duke-g3","status":"publish","type":"post","link":"https:\/\/autofans.com.ar\/index.php\/2024\/06\/11\/nueva-ktm-250-duke-g3\/","title":{"rendered":"Nueva KTM 250 Duke G3"},"content":{"rendered":"<p>KTM Argentina, representada por el Grupo Simpa S.A., ha presentado la KTM 250 Duke G3, una moto naked completamente renovada que promete revolucionar el mercado local. Esta nueva integrante de la familia Duke, con m\u00e1s del 90% de sus componentes redise\u00f1ados, llega para ofrecer una experiencia de conducci\u00f3n superior, tanto en la ciudad como en la ruta.<\/p>\n<p>&nbsp;<\/p>\n<h2>Un dise\u00f1o moderno y agresivo<\/h2>\n<p>La KTM 250 Duke G3 se destaca por su est\u00e9tica moderna y agresiva. Con l\u00edneas m\u00e1s anchas y deportivas, esta moto llama la atenci\u00f3n a primera vista. Su chasis dividido en dos piezas, con un bastidor multitubular de acero y un subchasis de aluminio, mejora la rigidez torsional y la agilidad del conjunto. Adem\u00e1s, su basculante curvado y su amortiguador descentrado permiten un dise\u00f1o m\u00e1s accesible sin comprometer la estabilidad.<\/p>\n<p>&nbsp;<\/p>\n<p><img fetchpriority=\"high\" decoding=\"async\" class=\"aligncenter wp-image-8033 size-full\" src=\"https:\/\/autofans.com.ar\/wp-content\/uploads\/2024\/06\/KTM-1.jpg\" alt=\"KTM 250\" width=\"1000\" height=\"667\" srcset=\"https:\/\/autofans.com.ar\/wp-content\/uploads\/2024\/06\/KTM-1.jpg 1000w, https:\/\/autofans.com.ar\/wp-content\/uploads\/2024\/06\/KTM-1-300x200.jpg 300w, https:\/\/autofans.com.ar\/wp-content\/uploads\/2024\/06\/KTM-1-768x512.jpg 768w\" sizes=\"(max-width: 1000px) 100vw, 1000px\" \/><\/p>\n<p>&nbsp;<\/p>\n<p>El coraz\u00f3n de esta m\u00e1quina es un motor monocil\u00edndrico de 249 cc, refrigerado por l\u00edquido y con inyecci\u00f3n electr\u00f3nica, capaz de generar 31 hp y 25 Nm de torque. Este motor, que cumple con la normativa Euro 5.2, est\u00e1 asociado a una transmisi\u00f3n de 6 velocidades y cuenta con tecnolog\u00eda ride-by-wire y embrague antirrebote. Estos elementos garantizan una aceleraci\u00f3n suave y un rendimiento \u00f3ptimo en cualquier situaci\u00f3n.<\/p>\n<p>&nbsp;<\/p>\n<div dir=\"ltr\">\n<div>\n<blockquote>\n<p style=\"text-align: center;\"><span lang=\"ES-AR\">Leandro Panaggio, Business Manager del Grupo Simpa S.A., destac\u00f3 que<\/span><span lang=\"ES-AR\"> \u201cel lanzamiento de este nuevo producto acompa\u00f1a el cambio completo que tuvo la l\u00ednea Duke en forma global para celebrar su 30\u00ba Aniversario. Estos nuevos modelos de media cilindrada reflejan el esp\u00edritu de los modelos de alta gama de la marca. Con su completo redise\u00f1o, nuevo motor y tecnolog\u00eda, la nueva KTM 250 Duke G3 se puede resumir en una palabra: Evoluci\u00f3n\u201d.<\/span><\/p>\n<\/blockquote>\n<\/div>\n<\/div>\n<p>&nbsp;<\/p>\n<h2>Tecnolog\u00eda de vanguardia<\/h2>\n<p>La 250 Duke G3 no solo impresiona por su dise\u00f1o y potencia, sino tambi\u00e9n por su avanzada tecnolog\u00eda. Equipada con un panel de instrumentos digital con pantalla TFT de 5&#8243;, proporciona al piloto toda la informaci\u00f3n necesaria de manera clara y precisa. Adem\u00e1s, el sistema de iluminaci\u00f3n LED mejora la visibilidad y a\u00f1ade un toque de modernidad.<\/p>\n<p>&nbsp;<\/p>\n<p><img decoding=\"async\" class=\"aligncenter wp-image-8031 size-full\" src=\"https:\/\/autofans.com.ar\/wp-content\/uploads\/2024\/06\/KTM-3.jpg\" alt=\"KTM 250\" width=\"1000\" height=\"667\" srcset=\"https:\/\/autofans.com.ar\/wp-content\/uploads\/2024\/06\/KTM-3.jpg 1000w, https:\/\/autofans.com.ar\/wp-content\/uploads\/2024\/06\/KTM-3-300x200.jpg 300w, https:\/\/autofans.com.ar\/wp-content\/uploads\/2024\/06\/KTM-3-768x512.jpg 768w\" sizes=\"(max-width: 1000px) 100vw, 1000px\" \/><\/p>\n<p>&nbsp;<\/p>\n<p>La suspensi\u00f3n de la Duke G3 incluye una horquilla WP APEX Big Piston de 43 mm y un amortiguador WP APEX ajustable en precarga, que garantizan una conducci\u00f3n suave y estable. Su sistema de frenos ABS de dos canales Bosch asegura una frenada precisa y segura en cualquier condici\u00f3n.<\/p>\n<p>La KTM 250 Duke G3 est\u00e1 disponible en color \u00abCeramic White\u00bb a un precio de lista de 10.500 d\u00f3lares. Adem\u00e1s, KTM ofrece financiaci\u00f3n a trav\u00e9s del BBVA Argentina con un anticipo y 12 cuotas sin inter\u00e9s. La nueva Duke ya puede adquirirse en la red de concesionarios oficiales de KTM en todo el pa\u00eds.<\/p>\n<p>&nbsp;<\/p>\n<p>&nbsp;<\/p>\n<p>&nbsp;<\/p>\n<p><i>Para enterarte de m\u00e1s novedades, no dejes de leer\u00a0<\/i><a href=\"https:\/\/autofans.thebrandsoup.com\/\"><i>nuestras notas<\/i><\/a><i>, de ver<\/i><b><i>\u00a0<\/i><\/b><a href=\"https:\/\/www.youtube.com\/channel\/UCgAC8UGHZYbT6P7PpmVnP7g\"><b><i>AUTOFANS TV<\/i><\/b><\/a><b><i>\u00a0<\/i><\/b><i>en nuestro\u00a0canal de Youtube. Adem\u00e1s seguinos en\u00a0<\/i><a href=\"https:\/\/www.instagram.com\/autofanstv\/\"><i>INSTAGRAM<\/i><\/a><i> y <\/i><a href=\"https:\/\/www.facebook.com\/autofansmas\/\"><i>FACEBOOK<\/i><\/a><i> para no perderte nada sobre las novedades del segmento automotor de Argentina y el mundo.<\/i><\/p>\n","protected":false},"excerpt":{"rendered":"<p>KTM Argentina, representada por el Grupo Simpa S.A., ha presentado la KTM 250 Duke G3,&#8230;<\/p>\n","protected":false},"author":2,"featured_media":8032,"comment_status":"closed","ping_status":"closed","sticky":false,"template":"","format":"standard","meta":{"footnotes":""},"categories":[1,9],"tags":[4256,4252,4248,4251,4254,4249,1690,4250,4255,4253],"class_list":["post-8030","post","type-post","status-publish","format-standard","has-post-thumbnail","hentry","category-lanzamientos","category-motos-lanzamientos","tag-ktm-250-duke-caracteristicas","tag-ktm-250-duke-diseno","tag-ktm-250-duke-g3","tag-ktm-250-duke-precio","tag-ktm-financiacion","tag-moto-naked","tag-motocicleta-deportiva","tag-motos-ktm-argentina","tag-motos-nuevas-argentina","tag-tecnologia-moto-ktm"],"yoast_head":"<!-- This site is optimized with the Yoast SEO plugin v27.5 - https:\/\/yoast.com\/product\/yoast-seo-wordpress\/ -->\n<title>Nueva KTM 250 Duke G3 -<\/title>\n<meta name=\"description\" content=\"KTM Argentina, ha presentado la KTM 250 Duke G3, una moto naked completamente renovada que promete revolucionar el mercado local...\" \/>\n<meta name=\"robots\" content=\"index, follow, max-snippet:-1, max-image-preview:large, max-video-preview:-1\" \/>\n<link rel=\"canonical\" href=\"https:\/\/autofans.com.ar\/index.php\/2024\/06\/11\/nueva-ktm-250-duke-g3\/\" \/>\n<meta property=\"og:locale\" content=\"es_ES\" \/>\n<meta property=\"og:type\" content=\"article\" \/>\n<meta property=\"og:title\" content=\"Nueva KTM 250 Duke G3 -\" \/>\n<meta property=\"og:description\" content=\"KTM Argentina, ha presentado la KTM 250 Duke G3, una moto naked completamente renovada que promete revolucionar el mercado local...\" \/>\n<meta property=\"og:url\" content=\"https:\/\/autofans.com.ar\/index.php\/2024\/06\/11\/nueva-ktm-250-duke-g3\/\" \/>\n<meta property=\"article:published_time\" content=\"2024-06-11T16:34:06+00:00\" \/>\n<meta property=\"og:image\" content=\"https:\/\/autofans.com.ar\/wp-content\/uploads\/2024\/06\/KTM-2.jpg\" \/>\n\t<meta property=\"og:image:width\" content=\"640\" \/>\n\t<meta property=\"og:image:height\" content=\"427\" \/>\n\t<meta property=\"og:image:type\" content=\"image\/jpeg\" \/>\n<meta name=\"author\" content=\"Alejandro Gabriel Rosito\" \/>\n<meta name=\"twitter:card\" content=\"summary_large_image\" \/>\n<meta name=\"twitter:label1\" content=\"Escrito por\" \/>\n\t<meta name=\"twitter:data1\" content=\"Alejandro Gabriel Rosito\" \/>\n\t<meta name=\"twitter:label2\" content=\"Tiempo de lectura\" \/>\n\t<meta name=\"twitter:data2\" content=\"3 minutos\" \/>\n<script type=\"application\/ld+json\" class=\"yoast-schema-graph\">{\"@context\":\"https:\\\/\\\/schema.org\",\"@graph\":[{\"@type\":\"Article\",\"@id\":\"https:\\\/\\\/autofans.com.ar\\\/index.php\\\/2024\\\/06\\\/11\\\/nueva-ktm-250-duke-g3\\\/#article\",\"isPartOf\":{\"@id\":\"https:\\\/\\\/autofans.com.ar\\\/index.php\\\/2024\\\/06\\\/11\\\/nueva-ktm-250-duke-g3\\\/\"},\"author\":{\"name\":\"Alejandro Gabriel Rosito\",\"@id\":\"https:\\\/\\\/autofans.com.ar\\\/#\\\/schema\\\/person\\\/4a8dda0b6df83ac3d6723e921274c2aa\"},\"headline\":\"Nueva KTM 250 Duke G3\",\"datePublished\":\"2024-06-11T16:34:06+00:00\",\"mainEntityOfPage\":{\"@id\":\"https:\\\/\\\/autofans.com.ar\\\/index.php\\\/2024\\\/06\\\/11\\\/nueva-ktm-250-duke-g3\\\/\"},\"wordCount\":521,\"image\":{\"@id\":\"https:\\\/\\\/autofans.com.ar\\\/index.php\\\/2024\\\/06\\\/11\\\/nueva-ktm-250-duke-g3\\\/#primaryimage\"},\"thumbnailUrl\":\"https:\\\/\\\/autofans.com.ar\\\/wp-content\\\/uploads\\\/2024\\\/06\\\/KTM-2.jpg\",\"keywords\":[\"KTM 250 Duke caracter\u00edsticas\",\"KTM 250 Duke dise\u00f1o\",\"KTM 250 Duke G3\",\"KTM 250 Duke precio\",\"KTM financiaci\u00f3n\",\"moto naked\",\"Motocicleta deportiva\",\"motos KTM Argentina\",\"motos nuevas Argentina\",\"tecnolog\u00eda moto KTM\"],\"articleSection\":[\"LANZAMIENTOS\",\"Motos\"],\"inLanguage\":\"es\"},{\"@type\":\"WebPage\",\"@id\":\"https:\\\/\\\/autofans.com.ar\\\/index.php\\\/2024\\\/06\\\/11\\\/nueva-ktm-250-duke-g3\\\/\",\"url\":\"https:\\\/\\\/autofans.com.ar\\\/index.php\\\/2024\\\/06\\\/11\\\/nueva-ktm-250-duke-g3\\\/\",\"name\":\"Nueva KTM 250 Duke G3 -\",\"isPartOf\":{\"@id\":\"https:\\\/\\\/autofans.com.ar\\\/#website\"},\"primaryImageOfPage\":{\"@id\":\"https:\\\/\\\/autofans.com.ar\\\/index.php\\\/2024\\\/06\\\/11\\\/nueva-ktm-250-duke-g3\\\/#primaryimage\"},\"image\":{\"@id\":\"https:\\\/\\\/autofans.com.ar\\\/index.php\\\/2024\\\/06\\\/11\\\/nueva-ktm-250-duke-g3\\\/#primaryimage\"},\"thumbnailUrl\":\"https:\\\/\\\/autofans.com.ar\\\/wp-content\\\/uploads\\\/2024\\\/06\\\/KTM-2.jpg\",\"datePublished\":\"2024-06-11T16:34:06+00:00\",\"author\":{\"@id\":\"https:\\\/\\\/autofans.com.ar\\\/#\\\/schema\\\/person\\\/4a8dda0b6df83ac3d6723e921274c2aa\"},\"description\":\"KTM Argentina, ha presentado la KTM 250 Duke G3, una moto naked completamente renovada que promete revolucionar el mercado local...\",\"breadcrumb\":{\"@id\":\"https:\\\/\\\/autofans.com.ar\\\/index.php\\\/2024\\\/06\\\/11\\\/nueva-ktm-250-duke-g3\\\/#breadcrumb\"},\"inLanguage\":\"es\",\"potentialAction\":[{\"@type\":\"ReadAction\",\"target\":[\"https:\\\/\\\/autofans.com.ar\\\/index.php\\\/2024\\\/06\\\/11\\\/nueva-ktm-250-duke-g3\\\/\"]}]},{\"@type\":\"ImageObject\",\"inLanguage\":\"es\",\"@id\":\"https:\\\/\\\/autofans.com.ar\\\/index.php\\\/2024\\\/06\\\/11\\\/nueva-ktm-250-duke-g3\\\/#primaryimage\",\"url\":\"https:\\\/\\\/autofans.com.ar\\\/wp-content\\\/uploads\\\/2024\\\/06\\\/KTM-2.jpg\",\"contentUrl\":\"https:\\\/\\\/autofans.com.ar\\\/wp-content\\\/uploads\\\/2024\\\/06\\\/KTM-2.jpg\",\"width\":1000,\"height\":667,\"caption\":\"KTM 250\"},{\"@type\":\"BreadcrumbList\",\"@id\":\"https:\\\/\\\/autofans.com.ar\\\/index.php\\\/2024\\\/06\\\/11\\\/nueva-ktm-250-duke-g3\\\/#breadcrumb\",\"itemListElement\":[{\"@type\":\"ListItem\",\"position\":1,\"name\":\"Inicio\",\"item\":\"https:\\\/\\\/autofans.com.ar\\\/\"},{\"@type\":\"ListItem\",\"position\":2,\"name\":\"Nueva KTM 250 Duke G3\"}]},{\"@type\":\"WebSite\",\"@id\":\"https:\\\/\\\/autofans.com.ar\\\/#website\",\"url\":\"https:\\\/\\\/autofans.com.ar\\\/\",\"name\":\"\",\"description\":\"El multimedio referente de la industria automotriz\",\"potentialAction\":[{\"@type\":\"SearchAction\",\"target\":{\"@type\":\"EntryPoint\",\"urlTemplate\":\"https:\\\/\\\/autofans.com.ar\\\/?s={search_term_string}\"},\"query-input\":{\"@type\":\"PropertyValueSpecification\",\"valueRequired\":true,\"valueName\":\"search_term_string\"}}],\"inLanguage\":\"es\"},{\"@type\":\"Person\",\"@id\":\"https:\\\/\\\/autofans.com.ar\\\/#\\\/schema\\\/person\\\/4a8dda0b6df83ac3d6723e921274c2aa\",\"name\":\"Alejandro Gabriel Rosito\",\"image\":{\"@type\":\"ImageObject\",\"inLanguage\":\"es\",\"@id\":\"https:\\\/\\\/secure.gravatar.com\\\/avatar\\\/16c5dda1489adfc62618084dcbb91cffd879c374b13fe5dd8e44ed6733852c88?s=96&d=mm&r=g\",\"url\":\"https:\\\/\\\/secure.gravatar.com\\\/avatar\\\/16c5dda1489adfc62618084dcbb91cffd879c374b13fe5dd8e44ed6733852c88?s=96&d=mm&r=g\",\"contentUrl\":\"https:\\\/\\\/secure.gravatar.com\\\/avatar\\\/16c5dda1489adfc62618084dcbb91cffd879c374b13fe5dd8e44ed6733852c88?s=96&d=mm&r=g\",\"caption\":\"Alejandro Gabriel Rosito\"},\"url\":\"https:\\\/\\\/autofans.com.ar\\\/index.php\\\/author\\\/gabrielr\\\/\"}]}<\/script>\n<!-- \/ Yoast SEO plugin. -->","yoast_head_json":{"title":"Nueva KTM 250 Duke G3 -","description":"KTM Argentina, ha presentado la KTM 250 Duke G3, una moto naked completamente renovada que promete revolucionar el mercado local...","robots":{"index":"index","follow":"follow","max-snippet":"max-snippet:-1","max-image-preview":"max-image-preview:large","max-video-preview":"max-video-preview:-1"},"canonical":"https:\/\/autofans.com.ar\/index.php\/2024\/06\/11\/nueva-ktm-250-duke-g3\/","og_locale":"es_ES","og_type":"article","og_title":"Nueva KTM 250 Duke G3 -","og_description":"KTM Argentina, ha presentado la KTM 250 Duke G3, una moto naked completamente renovada que promete revolucionar el mercado local...","og_url":"https:\/\/autofans.com.ar\/index.php\/2024\/06\/11\/nueva-ktm-250-duke-g3\/","article_published_time":"2024-06-11T16:34:06+00:00","og_image":[{"url":"https:\/\/autofans.com.ar\/wp-content\/uploads\/2024\/06\/KTM-2.jpg","width":640,"height":427,"type":"image\/jpeg"}],"author":"Alejandro Gabriel Rosito","twitter_card":"summary_large_image","twitter_misc":{"Escrito por":"Alejandro Gabriel Rosito","Tiempo de lectura":"3 minutos"},"schema":{"@context":"https:\/\/schema.org","@graph":[{"@type":"Article","@id":"https:\/\/autofans.com.ar\/index.php\/2024\/06\/11\/nueva-ktm-250-duke-g3\/#article","isPartOf":{"@id":"https:\/\/autofans.com.ar\/index.php\/2024\/06\/11\/nueva-ktm-250-duke-g3\/"},"author":{"name":"Alejandro Gabriel Rosito","@id":"https:\/\/autofans.com.ar\/#\/schema\/person\/4a8dda0b6df83ac3d6723e921274c2aa"},"headline":"Nueva KTM 250 Duke G3","datePublished":"2024-06-11T16:34:06+00:00","mainEntityOfPage":{"@id":"https:\/\/autofans.com.ar\/index.php\/2024\/06\/11\/nueva-ktm-250-duke-g3\/"},"wordCount":521,"image":{"@id":"https:\/\/autofans.com.ar\/index.php\/2024\/06\/11\/nueva-ktm-250-duke-g3\/#primaryimage"},"thumbnailUrl":"https:\/\/autofans.com.ar\/wp-content\/uploads\/2024\/06\/KTM-2.jpg","keywords":["KTM 250 Duke caracter\u00edsticas","KTM 250 Duke dise\u00f1o","KTM 250 Duke G3","KTM 250 Duke precio","KTM financiaci\u00f3n","moto naked","Motocicleta deportiva","motos KTM Argentina","motos nuevas Argentina","tecnolog\u00eda moto KTM"],"articleSection":["LANZAMIENTOS","Motos"],"inLanguage":"es"},{"@type":"WebPage","@id":"https:\/\/autofans.com.ar\/index.php\/2024\/06\/11\/nueva-ktm-250-duke-g3\/","url":"https:\/\/autofans.com.ar\/index.php\/2024\/06\/11\/nueva-ktm-250-duke-g3\/","name":"Nueva KTM 250 Duke G3 -","isPartOf":{"@id":"https:\/\/autofans.com.ar\/#website"},"primaryImageOfPage":{"@id":"https:\/\/autofans.com.ar\/index.php\/2024\/06\/11\/nueva-ktm-250-duke-g3\/#primaryimage"},"image":{"@id":"https:\/\/autofans.com.ar\/index.php\/2024\/06\/11\/nueva-ktm-250-duke-g3\/#primaryimage"},"thumbnailUrl":"https:\/\/autofans.com.ar\/wp-content\/uploads\/2024\/06\/KTM-2.jpg","datePublished":"2024-06-11T16:34:06+00:00","author":{"@id":"https:\/\/autofans.com.ar\/#\/schema\/person\/4a8dda0b6df83ac3d6723e921274c2aa"},"description":"KTM Argentina, ha presentado la KTM 250 Duke G3, una moto naked completamente renovada que promete revolucionar el mercado local...","breadcrumb":{"@id":"https:\/\/autofans.com.ar\/index.php\/2024\/06\/11\/nueva-ktm-250-duke-g3\/#breadcrumb"},"inLanguage":"es","potentialAction":[{"@type":"ReadAction","target":["https:\/\/autofans.com.ar\/index.php\/2024\/06\/11\/nueva-ktm-250-duke-g3\/"]}]},{"@type":"ImageObject","inLanguage":"es","@id":"https:\/\/autofans.com.ar\/index.php\/2024\/06\/11\/nueva-ktm-250-duke-g3\/#primaryimage","url":"https:\/\/autofans.com.ar\/wp-content\/uploads\/2024\/06\/KTM-2.jpg","contentUrl":"https:\/\/autofans.com.ar\/wp-content\/uploads\/2024\/06\/KTM-2.jpg","width":1000,"height":667,"caption":"KTM 250"},{"@type":"BreadcrumbList","@id":"https:\/\/autofans.com.ar\/index.php\/2024\/06\/11\/nueva-ktm-250-duke-g3\/#breadcrumb","itemListElement":[{"@type":"ListItem","position":1,"name":"Inicio","item":"https:\/\/autofans.com.ar\/"},{"@type":"ListItem","position":2,"name":"Nueva KTM 250 Duke G3"}]},{"@type":"WebSite","@id":"https:\/\/autofans.com.ar\/#website","url":"https:\/\/autofans.com.ar\/","name":"","description":"El multimedio referente de la industria automotriz","potentialAction":[{"@type":"SearchAction","target":{"@type":"EntryPoint","urlTemplate":"https:\/\/autofans.com.ar\/?s={search_term_string}"},"query-input":{"@type":"PropertyValueSpecification","valueRequired":true,"valueName":"search_term_string"}}],"inLanguage":"es"},{"@type":"Person","@id":"https:\/\/autofans.com.ar\/#\/schema\/person\/4a8dda0b6df83ac3d6723e921274c2aa","name":"Alejandro Gabriel Rosito","image":{"@type":"ImageObject","inLanguage":"es","@id":"https:\/\/secure.gravatar.com\/avatar\/16c5dda1489adfc62618084dcbb91cffd879c374b13fe5dd8e44ed6733852c88?s=96&d=mm&r=g","url":"https:\/\/secure.gravatar.com\/avatar\/16c5dda1489adfc62618084dcbb91cffd879c374b13fe5dd8e44ed6733852c88?s=96&d=mm&r=g","contentUrl":"https:\/\/secure.gravatar.com\/avatar\/16c5dda1489adfc62618084dcbb91cffd879c374b13fe5dd8e44ed6733852c88?s=96&d=mm&r=g","caption":"Alejandro Gabriel Rosito"},"url":"https:\/\/autofans.com.ar\/index.php\/author\/gabrielr\/"}]}},"featured_image_urls":{"full":["https:\/\/autofans.com.ar\/wp-content\/uploads\/2024\/06\/KTM-2.jpg",1000,667,false],"thumbnail":["https:\/\/autofans.com.ar\/wp-content\/uploads\/2024\/06\/KTM-2-150x150.jpg",150,150,true],"medium":["https:\/\/autofans.com.ar\/wp-content\/uploads\/2024\/06\/KTM-2-300x200.jpg",300,200,true],"medium_large":["https:\/\/autofans.com.ar\/wp-content\/uploads\/2024\/06\/KTM-2-768x512.jpg",640,427,true],"large":["https:\/\/autofans.com.ar\/wp-content\/uploads\/2024\/06\/KTM-2.jpg",640,427,false],"1536x1536":["https:\/\/autofans.com.ar\/wp-content\/uploads\/2024\/06\/KTM-2.jpg",1000,667,false],"2048x2048":["https:\/\/autofans.com.ar\/wp-content\/uploads\/2024\/06\/KTM-2.jpg",1000,667,false],"covernews-featured":["https:\/\/autofans.com.ar\/wp-content\/uploads\/2024\/06\/KTM-2.jpg",1000,667,false],"covernews-medium":["https:\/\/autofans.com.ar\/wp-content\/uploads\/2024\/06\/KTM-2-540x340.jpg",540,340,true]},"author_info":{"display_name":"Alejandro Gabriel Rosito","author_link":"https:\/\/autofans.com.ar\/index.php\/author\/gabrielr\/"},"category_info":"<a href=\"https:\/\/autofans.com.ar\/index.php\/category\/lanzamientos\/\" rel=\"category tag\">LANZAMIENTOS<\/a> <a href=\"https:\/\/autofans.com.ar\/index.php\/category\/lanzamientos\/motos-lanzamientos\/\" rel=\"category tag\">Motos<\/a>","tag_info":"Motos","comment_count":0,"_links":{"self":[{"href":"https:\/\/autofans.com.ar\/index.php\/wp-json\/wp\/v2\/posts\/8030","targetHints":{"allow":["GET"]}}],"collection":[{"href":"https:\/\/autofans.com.ar\/index.php\/wp-json\/wp\/v2\/posts"}],"about":[{"href":"https:\/\/autofans.com.ar\/index.php\/wp-json\/wp\/v2\/types\/post"}],"author":[{"embeddable":true,"href":"https:\/\/autofans.com.ar\/index.php\/wp-json\/wp\/v2\/users\/2"}],"replies":[{"embeddable":true,"href":"https:\/\/autofans.com.ar\/index.php\/wp-json\/wp\/v2\/comments?post=8030"}],"version-history":[{"count":2,"href":"https:\/\/autofans.com.ar\/index.php\/wp-json\/wp\/v2\/posts\/8030\/revisions"}],"predecessor-version":[{"id":8035,"href":"https:\/\/autofans.com.ar\/index.php\/wp-json\/wp\/v2\/posts\/8030\/revisions\/8035"}],"wp:featuredmedia":[{"embeddable":true,"href":"https:\/\/autofans.com.ar\/index.php\/wp-json\/wp\/v2\/media\/8032"}],"wp:attachment":[{"href":"https:\/\/autofans.com.ar\/index.php\/wp-json\/wp\/v2\/media?parent=8030"}],"wp:term":[{"taxonomy":"category","embeddable":true,"href":"https:\/\/autofans.com.ar\/index.php\/wp-json\/wp\/v2\/categories?post=8030"},{"taxonomy":"post_tag","embeddable":true,"href":"https:\/\/autofans.com.ar\/index.php\/wp-json\/wp\/v2\/tags?post=8030"}],"curies":[{"name":"wp","href":"https:\/\/api.w.org\/{rel}","templated":true}]}}