{"id":8062,"date":"2024-06-13T19:18:13","date_gmt":"2024-06-13T22:18:13","guid":{"rendered":"https:\/\/autofans.com.ar\/?p=8062"},"modified":"2024-06-13T19:18:13","modified_gmt":"2024-06-13T22:18:13","slug":"volkswagen-sponsor-oficial-de-congreso-aapresid-2024","status":"publish","type":"post","link":"https:\/\/autofans.com.ar\/index.php\/2024\/06\/13\/volkswagen-sponsor-oficial-de-congreso-aapresid-2024\/","title":{"rendered":"Volkswagen sponsor Oficial de Congreso Aapresid 2024"},"content":{"rendered":"<p>Volkswagen sigue fortaleciendo su v\u00ednculo con el sector agropecuario, anunciando su participaci\u00f3n como Sponsor Oficial del Congreso Aapresid 2024 con su pick-up Amarok. Esta edici\u00f3n del congreso, la n\u00famero XXXII, se llevar\u00e1 a cabo los d\u00edas 7, 8 y 9 de agosto en el Predio Ferial La Rural, en Buenos Aires. Por primera vez en su historia, el evento se realizar\u00e1 en este ic\u00f3nico espacio.<\/p>\n<p>El Congreso Aapresid es un evento de renombre mundial, conocido por ser una plataforma de intercambio y conocimiento sobre tecnolog\u00edas avanzadas relacionadas con la producci\u00f3n sustentable de alimentos, fibras y energ\u00edas. Re\u00fane a destacados expertos nacionales e internacionales, convirti\u00e9ndose en un punto crucial para la actualizaci\u00f3n, debate y exhibici\u00f3n de avances tecnol\u00f3gicos e innovaci\u00f3n en el sector agropecuario.<\/p>\n<p>&nbsp;<\/p>\n<h2>La importancia de la presencia de Volkswagen en el Congreso Aapresid<\/h2>\n<p>Volkswagen, con su modelo Amarok, estar\u00e1 presente en el Congreso Aapresid, destacando la robustez y confiabilidad de su pick-up en un entorno que demanda veh\u00edculos resistentes y eficientes. La participaci\u00f3n de la marca en este evento subraya su compromiso con el agro y la innovaci\u00f3n tecnol\u00f3gica, aspectos esenciales para el desarrollo sustentable del sector.<\/p>\n<p>&nbsp;<\/p>\n<p><img fetchpriority=\"high\" decoding=\"async\" class=\"aligncenter wp-image-8063 size-full\" src=\"https:\/\/autofans.com.ar\/wp-content\/uploads\/2024\/06\/expo-5.jpg\" alt=\"Volkswagen\" width=\"1000\" height=\"667\" srcset=\"https:\/\/autofans.com.ar\/wp-content\/uploads\/2024\/06\/expo-5.jpg 1000w, https:\/\/autofans.com.ar\/wp-content\/uploads\/2024\/06\/expo-5-300x200.jpg 300w, https:\/\/autofans.com.ar\/wp-content\/uploads\/2024\/06\/expo-5-768x512.jpg 768w\" sizes=\"(max-width: 1000px) 100vw, 1000px\" \/><\/p>\n<p>&nbsp;<\/p>\n<p>&nbsp;<\/p>\n<p>La pick-up Amarok no solo ser\u00e1 el veh\u00edculo oficial de la muestra, sino que tambi\u00e9n servir\u00e1 como s\u00edmbolo de la colaboraci\u00f3n entre la industria automotriz y el campo argentino. Volkswagen busca as\u00ed reafirmar su compromiso con el pa\u00eds, apoyando eventos que promueven el desarrollo y la innovaci\u00f3n.<\/p>\n<p>&nbsp;<\/p>\n<blockquote>\n<p style=\"text-align: center;\">\u201cEs un orgullo para Volkswagen poder participar como Sponsor Oficial de esta edici\u00f3n del Congreso Aapresid 2024 junto con Amarok que le aportar\u00e1 toda la potencia que necesita la industria agropecuaria, uno de los motores m\u00e1s importantes de nuestro pa\u00eds\u201d, agreg\u00f3 Martin Massimino, director comercial del grupo Volkswagen Argentina.<\/p>\n<\/blockquote>\n<p>&nbsp;<\/p>\n<h2>Innovaci\u00f3n y tecnolog\u00eda en el agro<\/h2>\n<p>La presencia de Volkswagen Amarok en el Congreso Aapresid 2024 refleja la importancia de la innovaci\u00f3n y la tecnolog\u00eda en la producci\u00f3n agropecuaria. Este congreso es una oportunidad \u00fanica para que productores, investigadores y empresas del sector se re\u00fanan, intercambien ideas y conozcan las \u00faltimas novedades en tecnolog\u00eda agropecuaria.<\/p>\n<p>&nbsp;<\/p>\n<p><img decoding=\"async\" class=\"aligncenter wp-image-8065 size-full\" src=\"https:\/\/autofans.com.ar\/wp-content\/uploads\/2024\/06\/expo-3.jpg\" alt=\"Volkswagen\" width=\"1000\" height=\"667\" srcset=\"https:\/\/autofans.com.ar\/wp-content\/uploads\/2024\/06\/expo-3.jpg 1000w, https:\/\/autofans.com.ar\/wp-content\/uploads\/2024\/06\/expo-3-300x200.jpg 300w, https:\/\/autofans.com.ar\/wp-content\/uploads\/2024\/06\/expo-3-768x512.jpg 768w\" sizes=\"(max-width: 1000px) 100vw, 1000px\" \/><\/p>\n<p>&nbsp;<\/p>\n<p>&nbsp;<\/p>\n<p>Volkswagen aprovecha este escenario para mostrar c\u00f3mo sus veh\u00edculos pueden contribuir al desarrollo del campo argentino, ofreciendo soluciones de movilidad que se adaptan a las exigencias de la producci\u00f3n sustentable.<\/p>\n<p>&nbsp;<\/p>\n<h2>Un evento clave para la actualizaci\u00f3n tecnol\u00f3gica<\/h2>\n<p>El Congreso Aapresid es, sin dudas, uno de los eventos m\u00e1s importantes para el sector agropecuario en Argentina. La participaci\u00f3n de Volkswagen como Sponsor Oficial reafirma la relevancia de este encuentro, donde la ciencia, la experiencia y las nuevas tecnolog\u00edas se conectan para impulsar el desarrollo del agro en el pa\u00eds y en el mundo.<\/p>\n<p>&nbsp;<\/p>\n<p><img decoding=\"async\" class=\"aligncenter wp-image-8067 size-full\" src=\"https:\/\/autofans.com.ar\/wp-content\/uploads\/2024\/06\/expo-1.jpg\" alt=\"Volkswagen\" width=\"1000\" height=\"667\" srcset=\"https:\/\/autofans.com.ar\/wp-content\/uploads\/2024\/06\/expo-1.jpg 1000w, https:\/\/autofans.com.ar\/wp-content\/uploads\/2024\/06\/expo-1-300x200.jpg 300w, https:\/\/autofans.com.ar\/wp-content\/uploads\/2024\/06\/expo-1-768x512.jpg 768w\" sizes=\"(max-width: 1000px) 100vw, 1000px\" \/><\/p>\n<p>&nbsp;<\/p>\n<p>&nbsp;<\/p>\n<p>La edici\u00f3n de 2024 promete ser un espacio de gran valor para todos los participantes, con una agenda cargada de actividades, charlas y exhibiciones que abordar\u00e1n los temas m\u00e1s actuales y relevantes para la producci\u00f3n sustentable.<\/p>\n<p>&nbsp;<\/p>\n<p>&nbsp;<\/p>\n<p>&nbsp;<\/p>\n<p><i>Para enterarte de m\u00e1s novedades, no dejes de leer\u00a0<\/i><a href=\"https:\/\/autofans.thebrandsoup.com\/\"><i>nuestras notas<\/i><\/a><i>, de ver<\/i><b><i>\u00a0<\/i><\/b><a href=\"https:\/\/www.youtube.com\/channel\/UCgAC8UGHZYbT6P7PpmVnP7g\"><b><i>AUTOFANS TV<\/i><\/b><\/a><b><i>\u00a0<\/i><\/b><i>en nuestro\u00a0canal de Youtube. Adem\u00e1s seguinos en\u00a0<\/i><a href=\"https:\/\/www.instagram.com\/autofanstv\/\"><i>INSTAGRAM<\/i><\/a><i> y <\/i><a href=\"https:\/\/www.facebook.com\/autofansmas\/\"><i>FACEBOOK<\/i><\/a><i> para no perderte nada sobre las novedades del segmento automotor de Argentina y el mundo.<\/i><\/p>\n","protected":false},"excerpt":{"rendered":"<p>Volkswagen sigue fortaleciendo su v\u00ednculo con el sector agropecuario, anunciando su participaci\u00f3n como Sponsor Oficial&#8230;<\/p>\n","protected":false},"author":2,"featured_media":8064,"comment_status":"closed","ping_status":"closed","sticky":false,"template":"","format":"standard","meta":{"footnotes":""},"categories":[16,10],"tags":[4276,4277,4275,4282,4280,4281,4278,4279,4274],"class_list":["post-8062","post","type-post","status-publish","format-standard","has-post-thumbnail","hentry","category-noticias","category-utilitarios-y-pesados-lanzamientos","tag-aapresid","tag-agro","tag-congreso-aapresid-2024","tag-eventos-agropecuarios","tag-innovacion-en-el-agro","tag-la-rural-buenos-aires","tag-produccion-sustentable","tag-tecnologia-agropecuaria","tag-volkswagen-amarok"],"yoast_head":"<!-- This site is optimized with the Yoast SEO plugin v27.5 - https:\/\/yoast.com\/product\/yoast-seo-wordpress\/ -->\n<title>Volkswagen sponsor Oficial de Congreso Aapresid 2024 -<\/title>\n<meta name=\"description\" content=\"Volkswagen sigue fortaleciendo su v\u00ednculo con el sector agropecuario, anunciando su participaci\u00f3n como Sponsor Oficial del Congreso Aapresid.\" \/>\n<meta name=\"robots\" content=\"index, follow, max-snippet:-1, max-image-preview:large, max-video-preview:-1\" \/>\n<link rel=\"canonical\" href=\"https:\/\/autofans.com.ar\/index.php\/2024\/06\/13\/volkswagen-sponsor-oficial-de-congreso-aapresid-2024\/\" \/>\n<meta property=\"og:locale\" content=\"es_ES\" \/>\n<meta property=\"og:type\" content=\"article\" \/>\n<meta property=\"og:title\" content=\"Volkswagen sponsor Oficial de Congreso Aapresid 2024 -\" \/>\n<meta property=\"og:description\" content=\"Volkswagen sigue fortaleciendo su v\u00ednculo con el sector agropecuario, anunciando su participaci\u00f3n como Sponsor Oficial del Congreso Aapresid.\" \/>\n<meta property=\"og:url\" content=\"https:\/\/autofans.com.ar\/index.php\/2024\/06\/13\/volkswagen-sponsor-oficial-de-congreso-aapresid-2024\/\" \/>\n<meta property=\"article:published_time\" content=\"2024-06-13T22:18:13+00:00\" \/>\n<meta property=\"og:image\" content=\"https:\/\/autofans.com.ar\/wp-content\/uploads\/2024\/06\/expo-4.jpg\" \/>\n\t<meta property=\"og:image:width\" content=\"640\" \/>\n\t<meta property=\"og:image:height\" content=\"427\" \/>\n\t<meta property=\"og:image:type\" content=\"image\/jpeg\" \/>\n<meta name=\"author\" content=\"Alejandro Gabriel Rosito\" \/>\n<meta name=\"twitter:card\" content=\"summary_large_image\" \/>\n<meta name=\"twitter:label1\" content=\"Escrito por\" \/>\n\t<meta name=\"twitter:data1\" content=\"Alejandro Gabriel Rosito\" \/>\n\t<meta name=\"twitter:label2\" content=\"Tiempo de lectura\" \/>\n\t<meta name=\"twitter:data2\" content=\"3 minutos\" \/>\n<script type=\"application\/ld+json\" class=\"yoast-schema-graph\">{\"@context\":\"https:\\\/\\\/schema.org\",\"@graph\":[{\"@type\":\"Article\",\"@id\":\"https:\\\/\\\/autofans.com.ar\\\/index.php\\\/2024\\\/06\\\/13\\\/volkswagen-sponsor-oficial-de-congreso-aapresid-2024\\\/#article\",\"isPartOf\":{\"@id\":\"https:\\\/\\\/autofans.com.ar\\\/index.php\\\/2024\\\/06\\\/13\\\/volkswagen-sponsor-oficial-de-congreso-aapresid-2024\\\/\"},\"author\":{\"name\":\"Alejandro Gabriel Rosito\",\"@id\":\"https:\\\/\\\/autofans.com.ar\\\/#\\\/schema\\\/person\\\/4a8dda0b6df83ac3d6723e921274c2aa\"},\"headline\":\"Volkswagen sponsor Oficial de Congreso Aapresid 2024\",\"datePublished\":\"2024-06-13T22:18:13+00:00\",\"mainEntityOfPage\":{\"@id\":\"https:\\\/\\\/autofans.com.ar\\\/index.php\\\/2024\\\/06\\\/13\\\/volkswagen-sponsor-oficial-de-congreso-aapresid-2024\\\/\"},\"wordCount\":573,\"image\":{\"@id\":\"https:\\\/\\\/autofans.com.ar\\\/index.php\\\/2024\\\/06\\\/13\\\/volkswagen-sponsor-oficial-de-congreso-aapresid-2024\\\/#primaryimage\"},\"thumbnailUrl\":\"https:\\\/\\\/autofans.com.ar\\\/wp-content\\\/uploads\\\/2024\\\/06\\\/expo-4.jpg\",\"keywords\":[\"Aapresid\",\"agro\",\"Congreso Aapresid 2024\",\"eventos agropecuarios\",\"innovaci\u00f3n en el agro\",\"La Rural Buenos Aires\",\"producci\u00f3n sustentable\",\"tecnolog\u00eda agropecuaria\",\"Volkswagen Amarok\"],\"articleSection\":[\"NOTICIAS\",\"Pick Ups, Utilitarios y Pesados\"],\"inLanguage\":\"es\"},{\"@type\":\"WebPage\",\"@id\":\"https:\\\/\\\/autofans.com.ar\\\/index.php\\\/2024\\\/06\\\/13\\\/volkswagen-sponsor-oficial-de-congreso-aapresid-2024\\\/\",\"url\":\"https:\\\/\\\/autofans.com.ar\\\/index.php\\\/2024\\\/06\\\/13\\\/volkswagen-sponsor-oficial-de-congreso-aapresid-2024\\\/\",\"name\":\"Volkswagen sponsor Oficial de Congreso Aapresid 2024 -\",\"isPartOf\":{\"@id\":\"https:\\\/\\\/autofans.com.ar\\\/#website\"},\"primaryImageOfPage\":{\"@id\":\"https:\\\/\\\/autofans.com.ar\\\/index.php\\\/2024\\\/06\\\/13\\\/volkswagen-sponsor-oficial-de-congreso-aapresid-2024\\\/#primaryimage\"},\"image\":{\"@id\":\"https:\\\/\\\/autofans.com.ar\\\/index.php\\\/2024\\\/06\\\/13\\\/volkswagen-sponsor-oficial-de-congreso-aapresid-2024\\\/#primaryimage\"},\"thumbnailUrl\":\"https:\\\/\\\/autofans.com.ar\\\/wp-content\\\/uploads\\\/2024\\\/06\\\/expo-4.jpg\",\"datePublished\":\"2024-06-13T22:18:13+00:00\",\"author\":{\"@id\":\"https:\\\/\\\/autofans.com.ar\\\/#\\\/schema\\\/person\\\/4a8dda0b6df83ac3d6723e921274c2aa\"},\"description\":\"Volkswagen sigue fortaleciendo su v\u00ednculo con el sector agropecuario, anunciando su participaci\u00f3n como Sponsor Oficial del Congreso Aapresid.\",\"breadcrumb\":{\"@id\":\"https:\\\/\\\/autofans.com.ar\\\/index.php\\\/2024\\\/06\\\/13\\\/volkswagen-sponsor-oficial-de-congreso-aapresid-2024\\\/#breadcrumb\"},\"inLanguage\":\"es\",\"potentialAction\":[{\"@type\":\"ReadAction\",\"target\":[\"https:\\\/\\\/autofans.com.ar\\\/index.php\\\/2024\\\/06\\\/13\\\/volkswagen-sponsor-oficial-de-congreso-aapresid-2024\\\/\"]}]},{\"@type\":\"ImageObject\",\"inLanguage\":\"es\",\"@id\":\"https:\\\/\\\/autofans.com.ar\\\/index.php\\\/2024\\\/06\\\/13\\\/volkswagen-sponsor-oficial-de-congreso-aapresid-2024\\\/#primaryimage\",\"url\":\"https:\\\/\\\/autofans.com.ar\\\/wp-content\\\/uploads\\\/2024\\\/06\\\/expo-4.jpg\",\"contentUrl\":\"https:\\\/\\\/autofans.com.ar\\\/wp-content\\\/uploads\\\/2024\\\/06\\\/expo-4.jpg\",\"width\":1000,\"height\":667,\"caption\":\"Volkswagen\"},{\"@type\":\"BreadcrumbList\",\"@id\":\"https:\\\/\\\/autofans.com.ar\\\/index.php\\\/2024\\\/06\\\/13\\\/volkswagen-sponsor-oficial-de-congreso-aapresid-2024\\\/#breadcrumb\",\"itemListElement\":[{\"@type\":\"ListItem\",\"position\":1,\"name\":\"Inicio\",\"item\":\"https:\\\/\\\/autofans.com.ar\\\/\"},{\"@type\":\"ListItem\",\"position\":2,\"name\":\"Volkswagen sponsor Oficial de Congreso Aapresid 2024\"}]},{\"@type\":\"WebSite\",\"@id\":\"https:\\\/\\\/autofans.com.ar\\\/#website\",\"url\":\"https:\\\/\\\/autofans.com.ar\\\/\",\"name\":\"\",\"description\":\"El multimedio referente de la industria automotriz\",\"potentialAction\":[{\"@type\":\"SearchAction\",\"target\":{\"@type\":\"EntryPoint\",\"urlTemplate\":\"https:\\\/\\\/autofans.com.ar\\\/?s={search_term_string}\"},\"query-input\":{\"@type\":\"PropertyValueSpecification\",\"valueRequired\":true,\"valueName\":\"search_term_string\"}}],\"inLanguage\":\"es\"},{\"@type\":\"Person\",\"@id\":\"https:\\\/\\\/autofans.com.ar\\\/#\\\/schema\\\/person\\\/4a8dda0b6df83ac3d6723e921274c2aa\",\"name\":\"Alejandro Gabriel Rosito\",\"image\":{\"@type\":\"ImageObject\",\"inLanguage\":\"es\",\"@id\":\"https:\\\/\\\/secure.gravatar.com\\\/avatar\\\/16c5dda1489adfc62618084dcbb91cffd879c374b13fe5dd8e44ed6733852c88?s=96&d=mm&r=g\",\"url\":\"https:\\\/\\\/secure.gravatar.com\\\/avatar\\\/16c5dda1489adfc62618084dcbb91cffd879c374b13fe5dd8e44ed6733852c88?s=96&d=mm&r=g\",\"contentUrl\":\"https:\\\/\\\/secure.gravatar.com\\\/avatar\\\/16c5dda1489adfc62618084dcbb91cffd879c374b13fe5dd8e44ed6733852c88?s=96&d=mm&r=g\",\"caption\":\"Alejandro Gabriel Rosito\"},\"url\":\"https:\\\/\\\/autofans.com.ar\\\/index.php\\\/author\\\/gabrielr\\\/\"}]}<\/script>\n<!-- \/ Yoast SEO plugin. -->","yoast_head_json":{"title":"Volkswagen sponsor Oficial de Congreso Aapresid 2024 -","description":"Volkswagen sigue fortaleciendo su v\u00ednculo con el sector agropecuario, anunciando su participaci\u00f3n como Sponsor Oficial del Congreso Aapresid.","robots":{"index":"index","follow":"follow","max-snippet":"max-snippet:-1","max-image-preview":"max-image-preview:large","max-video-preview":"max-video-preview:-1"},"canonical":"https:\/\/autofans.com.ar\/index.php\/2024\/06\/13\/volkswagen-sponsor-oficial-de-congreso-aapresid-2024\/","og_locale":"es_ES","og_type":"article","og_title":"Volkswagen sponsor Oficial de Congreso Aapresid 2024 -","og_description":"Volkswagen sigue fortaleciendo su v\u00ednculo con el sector agropecuario, anunciando su participaci\u00f3n como Sponsor Oficial del Congreso Aapresid.","og_url":"https:\/\/autofans.com.ar\/index.php\/2024\/06\/13\/volkswagen-sponsor-oficial-de-congreso-aapresid-2024\/","article_published_time":"2024-06-13T22:18:13+00:00","og_image":[{"url":"https:\/\/autofans.com.ar\/wp-content\/uploads\/2024\/06\/expo-4.jpg","width":640,"height":427,"type":"image\/jpeg"}],"author":"Alejandro Gabriel Rosito","twitter_card":"summary_large_image","twitter_misc":{"Escrito por":"Alejandro Gabriel Rosito","Tiempo de lectura":"3 minutos"},"schema":{"@context":"https:\/\/schema.org","@graph":[{"@type":"Article","@id":"https:\/\/autofans.com.ar\/index.php\/2024\/06\/13\/volkswagen-sponsor-oficial-de-congreso-aapresid-2024\/#article","isPartOf":{"@id":"https:\/\/autofans.com.ar\/index.php\/2024\/06\/13\/volkswagen-sponsor-oficial-de-congreso-aapresid-2024\/"},"author":{"name":"Alejandro Gabriel Rosito","@id":"https:\/\/autofans.com.ar\/#\/schema\/person\/4a8dda0b6df83ac3d6723e921274c2aa"},"headline":"Volkswagen sponsor Oficial de Congreso Aapresid 2024","datePublished":"2024-06-13T22:18:13+00:00","mainEntityOfPage":{"@id":"https:\/\/autofans.com.ar\/index.php\/2024\/06\/13\/volkswagen-sponsor-oficial-de-congreso-aapresid-2024\/"},"wordCount":573,"image":{"@id":"https:\/\/autofans.com.ar\/index.php\/2024\/06\/13\/volkswagen-sponsor-oficial-de-congreso-aapresid-2024\/#primaryimage"},"thumbnailUrl":"https:\/\/autofans.com.ar\/wp-content\/uploads\/2024\/06\/expo-4.jpg","keywords":["Aapresid","agro","Congreso Aapresid 2024","eventos agropecuarios","innovaci\u00f3n en el agro","La Rural Buenos Aires","producci\u00f3n sustentable","tecnolog\u00eda agropecuaria","Volkswagen Amarok"],"articleSection":["NOTICIAS","Pick Ups, Utilitarios y Pesados"],"inLanguage":"es"},{"@type":"WebPage","@id":"https:\/\/autofans.com.ar\/index.php\/2024\/06\/13\/volkswagen-sponsor-oficial-de-congreso-aapresid-2024\/","url":"https:\/\/autofans.com.ar\/index.php\/2024\/06\/13\/volkswagen-sponsor-oficial-de-congreso-aapresid-2024\/","name":"Volkswagen sponsor Oficial de Congreso Aapresid 2024 -","isPartOf":{"@id":"https:\/\/autofans.com.ar\/#website"},"primaryImageOfPage":{"@id":"https:\/\/autofans.com.ar\/index.php\/2024\/06\/13\/volkswagen-sponsor-oficial-de-congreso-aapresid-2024\/#primaryimage"},"image":{"@id":"https:\/\/autofans.com.ar\/index.php\/2024\/06\/13\/volkswagen-sponsor-oficial-de-congreso-aapresid-2024\/#primaryimage"},"thumbnailUrl":"https:\/\/autofans.com.ar\/wp-content\/uploads\/2024\/06\/expo-4.jpg","datePublished":"2024-06-13T22:18:13+00:00","author":{"@id":"https:\/\/autofans.com.ar\/#\/schema\/person\/4a8dda0b6df83ac3d6723e921274c2aa"},"description":"Volkswagen sigue fortaleciendo su v\u00ednculo con el sector agropecuario, anunciando su participaci\u00f3n como Sponsor Oficial del Congreso Aapresid.","breadcrumb":{"@id":"https:\/\/autofans.com.ar\/index.php\/2024\/06\/13\/volkswagen-sponsor-oficial-de-congreso-aapresid-2024\/#breadcrumb"},"inLanguage":"es","potentialAction":[{"@type":"ReadAction","target":["https:\/\/autofans.com.ar\/index.php\/2024\/06\/13\/volkswagen-sponsor-oficial-de-congreso-aapresid-2024\/"]}]},{"@type":"ImageObject","inLanguage":"es","@id":"https:\/\/autofans.com.ar\/index.php\/2024\/06\/13\/volkswagen-sponsor-oficial-de-congreso-aapresid-2024\/#primaryimage","url":"https:\/\/autofans.com.ar\/wp-content\/uploads\/2024\/06\/expo-4.jpg","contentUrl":"https:\/\/autofans.com.ar\/wp-content\/uploads\/2024\/06\/expo-4.jpg","width":1000,"height":667,"caption":"Volkswagen"},{"@type":"BreadcrumbList","@id":"https:\/\/autofans.com.ar\/index.php\/2024\/06\/13\/volkswagen-sponsor-oficial-de-congreso-aapresid-2024\/#breadcrumb","itemListElement":[{"@type":"ListItem","position":1,"name":"Inicio","item":"https:\/\/autofans.com.ar\/"},{"@type":"ListItem","position":2,"name":"Volkswagen sponsor Oficial de Congreso Aapresid 2024"}]},{"@type":"WebSite","@id":"https:\/\/autofans.com.ar\/#website","url":"https:\/\/autofans.com.ar\/","name":"","description":"El multimedio referente de la industria automotriz","potentialAction":[{"@type":"SearchAction","target":{"@type":"EntryPoint","urlTemplate":"https:\/\/autofans.com.ar\/?s={search_term_string}"},"query-input":{"@type":"PropertyValueSpecification","valueRequired":true,"valueName":"search_term_string"}}],"inLanguage":"es"},{"@type":"Person","@id":"https:\/\/autofans.com.ar\/#\/schema\/person\/4a8dda0b6df83ac3d6723e921274c2aa","name":"Alejandro Gabriel Rosito","image":{"@type":"ImageObject","inLanguage":"es","@id":"https:\/\/secure.gravatar.com\/avatar\/16c5dda1489adfc62618084dcbb91cffd879c374b13fe5dd8e44ed6733852c88?s=96&d=mm&r=g","url":"https:\/\/secure.gravatar.com\/avatar\/16c5dda1489adfc62618084dcbb91cffd879c374b13fe5dd8e44ed6733852c88?s=96&d=mm&r=g","contentUrl":"https:\/\/secure.gravatar.com\/avatar\/16c5dda1489adfc62618084dcbb91cffd879c374b13fe5dd8e44ed6733852c88?s=96&d=mm&r=g","caption":"Alejandro Gabriel Rosito"},"url":"https:\/\/autofans.com.ar\/index.php\/author\/gabrielr\/"}]}},"featured_image_urls":{"full":["https:\/\/autofans.com.ar\/wp-content\/uploads\/2024\/06\/expo-4.jpg",1000,667,false],"thumbnail":["https:\/\/autofans.com.ar\/wp-content\/uploads\/2024\/06\/expo-4-150x150.jpg",150,150,true],"medium":["https:\/\/autofans.com.ar\/wp-content\/uploads\/2024\/06\/expo-4-300x200.jpg",300,200,true],"medium_large":["https:\/\/autofans.com.ar\/wp-content\/uploads\/2024\/06\/expo-4-768x512.jpg",640,427,true],"large":["https:\/\/autofans.com.ar\/wp-content\/uploads\/2024\/06\/expo-4.jpg",640,427,false],"1536x1536":["https:\/\/autofans.com.ar\/wp-content\/uploads\/2024\/06\/expo-4.jpg",1000,667,false],"2048x2048":["https:\/\/autofans.com.ar\/wp-content\/uploads\/2024\/06\/expo-4.jpg",1000,667,false],"covernews-featured":["https:\/\/autofans.com.ar\/wp-content\/uploads\/2024\/06\/expo-4.jpg",1000,667,false],"covernews-medium":["https:\/\/autofans.com.ar\/wp-content\/uploads\/2024\/06\/expo-4-540x340.jpg",540,340,true]},"author_info":{"display_name":"Alejandro Gabriel Rosito","author_link":"https:\/\/autofans.com.ar\/index.php\/author\/gabrielr\/"},"category_info":"<a href=\"https:\/\/autofans.com.ar\/index.php\/category\/noticias\/\" rel=\"category tag\">NOTICIAS<\/a> <a href=\"https:\/\/autofans.com.ar\/index.php\/category\/lanzamientos\/utilitarios-y-pesados-lanzamientos\/\" rel=\"category tag\">Pick Ups, Utilitarios y Pesados<\/a>","tag_info":"Pick Ups, Utilitarios y Pesados","comment_count":0,"_links":{"self":[{"href":"https:\/\/autofans.com.ar\/index.php\/wp-json\/wp\/v2\/posts\/8062","targetHints":{"allow":["GET"]}}],"collection":[{"href":"https:\/\/autofans.com.ar\/index.php\/wp-json\/wp\/v2\/posts"}],"about":[{"href":"https:\/\/autofans.com.ar\/index.php\/wp-json\/wp\/v2\/types\/post"}],"author":[{"embeddable":true,"href":"https:\/\/autofans.com.ar\/index.php\/wp-json\/wp\/v2\/users\/2"}],"replies":[{"embeddable":true,"href":"https:\/\/autofans.com.ar\/index.php\/wp-json\/wp\/v2\/comments?post=8062"}],"version-history":[{"count":2,"href":"https:\/\/autofans.com.ar\/index.php\/wp-json\/wp\/v2\/posts\/8062\/revisions"}],"predecessor-version":[{"id":8069,"href":"https:\/\/autofans.com.ar\/index.php\/wp-json\/wp\/v2\/posts\/8062\/revisions\/8069"}],"wp:featuredmedia":[{"embeddable":true,"href":"https:\/\/autofans.com.ar\/index.php\/wp-json\/wp\/v2\/media\/8064"}],"wp:attachment":[{"href":"https:\/\/autofans.com.ar\/index.php\/wp-json\/wp\/v2\/media?parent=8062"}],"wp:term":[{"taxonomy":"category","embeddable":true,"href":"https:\/\/autofans.com.ar\/index.php\/wp-json\/wp\/v2\/categories?post=8062"},{"taxonomy":"post_tag","embeddable":true,"href":"https:\/\/autofans.com.ar\/index.php\/wp-json\/wp\/v2\/tags?post=8062"}],"curies":[{"name":"wp","href":"https:\/\/api.w.org\/{rel}","templated":true}]}}