{"id":8070,"date":"2024-06-14T13:31:19","date_gmt":"2024-06-14T16:31:19","guid":{"rendered":"https:\/\/autofans.com.ar\/?p=8070"},"modified":"2024-06-14T13:53:17","modified_gmt":"2024-06-14T16:53:17","slug":"toyota-argentina-celebra-el-mes-del-ambiente","status":"publish","type":"post","link":"https:\/\/autofans.com.ar\/index.php\/2024\/06\/14\/toyota-argentina-celebra-el-mes-del-ambiente\/","title":{"rendered":"Toyota Argentina celebra el mes del ambiente"},"content":{"rendered":"<p>Toyota Argentina festeja el Mes del Ambiente con diversas actividades de concientizaci\u00f3n y educaci\u00f3n ambiental en su Reserva Natural de Z\u00e1rate. La compa\u00f1\u00eda reafirma su compromiso con la gesti\u00f3n sustentable y la preservaci\u00f3n de la biodiversidad, involucrando a la comunidad y a sus colaboradores en acciones concretas.<\/p>\n<p>&nbsp;<\/p>\n<h2>Toyota Argentina y su compromiso ambiental<\/h2>\n<p>En junio, Toyota Argentina lleva a cabo una serie de actividades para fomentar el cuidado del ambiente. En su Reserva Natural de Z\u00e1rate, un espacio dedicado a la conservaci\u00f3n de la flora y fauna nativa, la empresa organiz\u00f3 una jornada especial junto a m\u00e1s de 80 alumnos y docentes de las escuelas locales N\u00b011 Dionisio Miguel Saavedra y N\u00b024 Ricardo Guiraldes. La jornada incluy\u00f3 un recorrido educativo guiado por Aves Argentinas, la plantaci\u00f3n de especies nativas como el fumo bravo, sesbania, murta, tala y algarrobo blanco, y la liberaci\u00f3n de un zorzal colorado rehabilitado por el Ecoparque de Buenos Aires.<\/p>\n<p>&nbsp;<\/p>\n<div id='gallery-1' class='gallery galleryid-8070 gallery-columns-2 gallery-size-full'><figure class='gallery-item'>\n\t\t\t<div class='gallery-icon landscape'>\n\t\t\t\t<a href='https:\/\/autofans.com.ar\/index.php\/2024\/06\/14\/toyota-argentina-celebra-el-mes-del-ambiente\/toyota-3-11\/'><img loading=\"lazy\" width=\"1000\" height=\"667\" src=\"https:\/\/autofans.com.ar\/wp-content\/uploads\/2024\/06\/toyota-3-1.jpg\" class=\"attachment-full size-full\" alt=\"Toyota Argentina\" srcset=\"https:\/\/autofans.com.ar\/wp-content\/uploads\/2024\/06\/toyota-3-1.jpg 1000w, https:\/\/autofans.com.ar\/wp-content\/uploads\/2024\/06\/toyota-3-1-300x200.jpg 300w, https:\/\/autofans.com.ar\/wp-content\/uploads\/2024\/06\/toyota-3-1-768x512.jpg 768w\" sizes=\"auto, (max-width: 1000px) 100vw, 1000px\" loading=\"lazy\" decoding=\"async\" \/><\/a>\n\t\t\t<\/div><\/figure><figure class='gallery-item'>\n\t\t\t<div class='gallery-icon landscape'>\n\t\t\t\t<a href='https:\/\/autofans.com.ar\/index.php\/2024\/06\/14\/toyota-argentina-celebra-el-mes-del-ambiente\/toyota-4-6\/'><img loading=\"lazy\" width=\"1000\" height=\"667\" src=\"https:\/\/autofans.com.ar\/wp-content\/uploads\/2024\/06\/toyota-4-1.jpg\" class=\"attachment-full size-full\" alt=\"Toyota Argentina\" srcset=\"https:\/\/autofans.com.ar\/wp-content\/uploads\/2024\/06\/toyota-4-1.jpg 1000w, https:\/\/autofans.com.ar\/wp-content\/uploads\/2024\/06\/toyota-4-1-300x200.jpg 300w, https:\/\/autofans.com.ar\/wp-content\/uploads\/2024\/06\/toyota-4-1-768x512.jpg 768w\" sizes=\"auto, (max-width: 1000px) 100vw, 1000px\" loading=\"lazy\" decoding=\"async\" \/><\/a>\n\t\t\t<\/div><\/figure>\n\t\t<\/div>\n\n<p>&nbsp;<\/p>\n<p>Toyota Argentina ha integrado la gesti\u00f3n ambiental en todas sus operaciones, guiada por el Desaf\u00edo Ambiental Toyota. La empresa busca minimizar su impacto ambiental desde la fabricaci\u00f3n hasta el ciclo de vida completo de sus veh\u00edculos. Se destaca por ser l\u00edder en ventas de veh\u00edculos electrificados y por el uso de 100% energ\u00eda el\u00e9ctrica renovable en la producci\u00f3n de la Hilux y la SW4. Adem\u00e1s, ha implementado estrategias para reducir el consumo energ\u00e9tico y aumentar la eficiencia, incluyendo la reingenier\u00eda de procesos y la actualizaci\u00f3n de equipos.<\/p>\n<p>El sistema de gesti\u00f3n ambiental y energ\u00e9tico de Toyota Argentina est\u00e1 certificado con las normas ISO 14001 y 50001. La compa\u00f1\u00eda se enfoca en disminuir la generaci\u00f3n de residuos y ha alcanzado una tasa de reciclabilidad del 95%. Su programa Kankei de econom\u00eda circular transforma desechos en autopartes y productos de merchandising sustentable, reforzando su compromiso con el reciclaje y la reutilizaci\u00f3n.<\/p>\n<p>&nbsp;<\/p>\n<blockquote>\n<p style=\"text-align: center;\">\u201cJunto a nuestra comunidad y organizaciones de conservaci\u00f3n ambiental buscamos reforzar nuestro compromiso con la educaci\u00f3n y la conservaci\u00f3n de la biodiversidad. Durante este mes, nuestro objetivo es profundizar sobre todas las actividades que nos permiten hacer m\u00e1s sustentable nuestra operaci\u00f3n, como el cuidado del agua, la eficiencia energ\u00e9tica o el compromiso con la cultura del reciclaje. En Toyota creemos que la concientizaci\u00f3n es uno de los elementos claves para lograr transformaciones en el largo plazo\u201d, afirm\u00f3 Andr\u00e9s Massuh, Director Regional de Planeamiento Estrat\u00e9gico.<\/p>\n<\/blockquote>\n<p>&nbsp;<\/p>\n<h2>Uso sostenible del agua<\/h2>\n<p>El uso racional del agua es fundamental para Toyota Argentina. La empresa monitorea y trata efluentes, y ha desarrollado una planta de reuso que permite reutilizar el 20% del agua industrial, contribuyendo significativamente a la reducci\u00f3n del consumo h\u00eddrico.<\/p>\n<p>La educaci\u00f3n es clave en los esfuerzos de Toyota Argentina. Durante todo junio, se desarrollar\u00e1n actividades para sus colaboradores enfocadas en energ\u00eda, agua y residuos. Estas actividades incluyen concursos, charlas, capacitaciones y visitas guiadas dentro del predio industrial, ofreciendo informaci\u00f3n relevante para fomentar un futuro m\u00e1s sustentable.<\/p>\n<p>&nbsp;<\/p>\n<p><img fetchpriority=\"high\" decoding=\"async\" class=\"aligncenter wp-image-8071 size-full\" src=\"https:\/\/autofans.com.ar\/wp-content\/uploads\/2024\/06\/toyota-5-1.jpg\" alt=\"Toyota Argentina\" width=\"1000\" height=\"667\" srcset=\"https:\/\/autofans.com.ar\/wp-content\/uploads\/2024\/06\/toyota-5-1.jpg 1000w, https:\/\/autofans.com.ar\/wp-content\/uploads\/2024\/06\/toyota-5-1-300x200.jpg 300w, https:\/\/autofans.com.ar\/wp-content\/uploads\/2024\/06\/toyota-5-1-768x512.jpg 768w\" sizes=\"(max-width: 1000px) 100vw, 1000px\" \/><\/p>\n<p>&nbsp;<\/p>\n<p>La Reserva Natural de Toyota Argentina, ubicada en Z\u00e1rate, Buenos Aires, es un \u00e1rea protegida destinada a la conservaci\u00f3n de la flora y fauna nativa, la captaci\u00f3n de emisiones de CO2 y la educaci\u00f3n ambiental. Con una extensi\u00f3n de 21 hect\u00e1reas, la reserva incluye tres ecorregiones: pampeana, espinal y delta e islas del Paran\u00e1, adem\u00e1s de una laguna. Este espacio contribuye a la mejora de la calidad del aire, el agua, el suelo y al refugio de numerosas especies nativas.<\/p>\n<p>Para m\u00e1s detalles sobre la gesti\u00f3n sustentable de Toyota Argentina, se puede acceder al <a href=\"https:\/\/www.toyota.com.ar\/descubri\/sustentabilidad\/reporte-de-sustentabilidad\" target=\"_blank\" rel=\"noopener noreferrer\">Reporte de Sustentabilidad<\/a>.<\/p>\n<p>&nbsp;<\/p>\n<p>&nbsp;<\/p>\n<p>&nbsp;<\/p>\n<p><i>Para enterarte de m\u00e1s novedades, no dejes de leer\u00a0<\/i><a href=\"https:\/\/autofans.thebrandsoup.com\/\"><i>nuestras notas<\/i><\/a><i>, de ver<\/i><b><i>\u00a0<\/i><\/b><a href=\"https:\/\/www.youtube.com\/channel\/UCgAC8UGHZYbT6P7PpmVnP7g\"><b><i>AUTOFANS TV<\/i><\/b><\/a><b><i>\u00a0<\/i><\/b><i>en nuestro\u00a0canal de Youtube. Adem\u00e1s seguinos en\u00a0<\/i><a href=\"https:\/\/www.instagram.com\/autofanstv\/\"><i>INSTAGRAM<\/i><\/a><i> y <\/i><a href=\"https:\/\/www.facebook.com\/autofansmas\/\"><i>FACEBOOK<\/i><\/a><i> para no perderte nada sobre las novedades del segmento automotor de Argentina y el mundo.<\/i><\/p>\n<p>&nbsp;<\/p>\n","protected":false},"excerpt":{"rendered":"<p>Toyota Argentina festeja el Mes del Ambiente con diversas actividades de concientizaci\u00f3n y educaci\u00f3n ambiental&#8230;<\/p>\n","protected":false},"author":2,"featured_media":8075,"comment_status":"closed","ping_status":"closed","sticky":false,"template":"","format":"standard","meta":{"footnotes":""},"categories":[292,16],"tags":[3535,4288,960,4286,4283,4284,4285,51,4287,1317],"class_list":["post-8070","post","type-post","status-publish","format-standard","has-post-thumbnail","hentry","category-empresas","category-noticias","tag-biodiversidad","tag-certificaciones-iso","tag-economia-circular","tag-educacion-ambiental","tag-gestion-sustentable","tag-mes-del-ambiente","tag-reserva-natural-zarate","tag-toyota-argentina","tag-uso-del-agua","tag-vehiculos-electrificados"],"yoast_head":"<!-- This site is optimized with the Yoast SEO plugin v27.5 - https:\/\/yoast.com\/product\/yoast-seo-wordpress\/ -->\n<title>Toyota Argentina celebra el mes del ambiente -<\/title>\n<meta name=\"description\" content=\"Toyota festeja el Mes del Ambiente con diversas actividades de concientizaci\u00f3n y educaci\u00f3n ambiental en su Reserva Natural de Z\u00e1rate...\" \/>\n<meta name=\"robots\" content=\"index, follow, max-snippet:-1, max-image-preview:large, max-video-preview:-1\" \/>\n<link rel=\"canonical\" href=\"https:\/\/autofans.com.ar\/index.php\/2024\/06\/14\/toyota-argentina-celebra-el-mes-del-ambiente\/\" \/>\n<meta property=\"og:locale\" content=\"es_ES\" \/>\n<meta property=\"og:type\" content=\"article\" \/>\n<meta property=\"og:title\" content=\"Toyota Argentina celebra el mes del ambiente -\" \/>\n<meta property=\"og:description\" content=\"Toyota festeja el Mes del Ambiente con diversas actividades de concientizaci\u00f3n y educaci\u00f3n ambiental en su Reserva Natural de Z\u00e1rate...\" \/>\n<meta property=\"og:url\" content=\"https:\/\/autofans.com.ar\/index.php\/2024\/06\/14\/toyota-argentina-celebra-el-mes-del-ambiente\/\" \/>\n<meta property=\"article:published_time\" content=\"2024-06-14T16:31:19+00:00\" \/>\n<meta property=\"article:modified_time\" content=\"2024-06-14T16:53:17+00:00\" \/>\n<meta property=\"og:image\" content=\"https:\/\/autofans.com.ar\/wp-content\/uploads\/2024\/06\/toyota-1-1.jpg\" \/>\n\t<meta property=\"og:image:width\" content=\"640\" \/>\n\t<meta property=\"og:image:height\" content=\"427\" \/>\n\t<meta property=\"og:image:type\" content=\"image\/jpeg\" \/>\n<meta name=\"author\" content=\"Alejandro Gabriel Rosito\" \/>\n<meta name=\"twitter:card\" content=\"summary_large_image\" \/>\n<meta name=\"twitter:label1\" content=\"Escrito por\" \/>\n\t<meta name=\"twitter:data1\" content=\"Alejandro Gabriel Rosito\" \/>\n\t<meta name=\"twitter:label2\" content=\"Tiempo de lectura\" \/>\n\t<meta name=\"twitter:data2\" content=\"4 minutos\" \/>\n<script type=\"application\/ld+json\" class=\"yoast-schema-graph\">{\"@context\":\"https:\\\/\\\/schema.org\",\"@graph\":[{\"@type\":\"Article\",\"@id\":\"https:\\\/\\\/autofans.com.ar\\\/index.php\\\/2024\\\/06\\\/14\\\/toyota-argentina-celebra-el-mes-del-ambiente\\\/#article\",\"isPartOf\":{\"@id\":\"https:\\\/\\\/autofans.com.ar\\\/index.php\\\/2024\\\/06\\\/14\\\/toyota-argentina-celebra-el-mes-del-ambiente\\\/\"},\"author\":{\"name\":\"Alejandro Gabriel Rosito\",\"@id\":\"https:\\\/\\\/autofans.com.ar\\\/#\\\/schema\\\/person\\\/4a8dda0b6df83ac3d6723e921274c2aa\"},\"headline\":\"Toyota Argentina celebra el mes del ambiente\",\"datePublished\":\"2024-06-14T16:31:19+00:00\",\"dateModified\":\"2024-06-14T16:53:17+00:00\",\"mainEntityOfPage\":{\"@id\":\"https:\\\/\\\/autofans.com.ar\\\/index.php\\\/2024\\\/06\\\/14\\\/toyota-argentina-celebra-el-mes-del-ambiente\\\/\"},\"wordCount\":687,\"image\":{\"@id\":\"https:\\\/\\\/autofans.com.ar\\\/index.php\\\/2024\\\/06\\\/14\\\/toyota-argentina-celebra-el-mes-del-ambiente\\\/#primaryimage\"},\"thumbnailUrl\":\"https:\\\/\\\/autofans.com.ar\\\/wp-content\\\/uploads\\\/2024\\\/06\\\/toyota-1-1.jpg\",\"keywords\":[\"Biodiversidad\",\"certificaciones ISO\",\"Econom\u00eda Circular\",\"educaci\u00f3n ambiental\",\"gesti\u00f3n sustentable\",\"Mes del Ambiente\",\"Reserva Natural Z\u00e1rate\",\"Toyota Argentina\",\"uso del agua\",\"veh\u00edculos electrificados\"],\"articleSection\":[\"EMPRESAS\",\"NOTICIAS\"],\"inLanguage\":\"es\"},{\"@type\":\"WebPage\",\"@id\":\"https:\\\/\\\/autofans.com.ar\\\/index.php\\\/2024\\\/06\\\/14\\\/toyota-argentina-celebra-el-mes-del-ambiente\\\/\",\"url\":\"https:\\\/\\\/autofans.com.ar\\\/index.php\\\/2024\\\/06\\\/14\\\/toyota-argentina-celebra-el-mes-del-ambiente\\\/\",\"name\":\"Toyota Argentina celebra el mes del ambiente -\",\"isPartOf\":{\"@id\":\"https:\\\/\\\/autofans.com.ar\\\/#website\"},\"primaryImageOfPage\":{\"@id\":\"https:\\\/\\\/autofans.com.ar\\\/index.php\\\/2024\\\/06\\\/14\\\/toyota-argentina-celebra-el-mes-del-ambiente\\\/#primaryimage\"},\"image\":{\"@id\":\"https:\\\/\\\/autofans.com.ar\\\/index.php\\\/2024\\\/06\\\/14\\\/toyota-argentina-celebra-el-mes-del-ambiente\\\/#primaryimage\"},\"thumbnailUrl\":\"https:\\\/\\\/autofans.com.ar\\\/wp-content\\\/uploads\\\/2024\\\/06\\\/toyota-1-1.jpg\",\"datePublished\":\"2024-06-14T16:31:19+00:00\",\"dateModified\":\"2024-06-14T16:53:17+00:00\",\"author\":{\"@id\":\"https:\\\/\\\/autofans.com.ar\\\/#\\\/schema\\\/person\\\/4a8dda0b6df83ac3d6723e921274c2aa\"},\"description\":\"Toyota festeja el Mes del Ambiente con diversas actividades de concientizaci\u00f3n y educaci\u00f3n ambiental en su Reserva Natural de Z\u00e1rate...\",\"breadcrumb\":{\"@id\":\"https:\\\/\\\/autofans.com.ar\\\/index.php\\\/2024\\\/06\\\/14\\\/toyota-argentina-celebra-el-mes-del-ambiente\\\/#breadcrumb\"},\"inLanguage\":\"es\",\"potentialAction\":[{\"@type\":\"ReadAction\",\"target\":[\"https:\\\/\\\/autofans.com.ar\\\/index.php\\\/2024\\\/06\\\/14\\\/toyota-argentina-celebra-el-mes-del-ambiente\\\/\"]}]},{\"@type\":\"ImageObject\",\"inLanguage\":\"es\",\"@id\":\"https:\\\/\\\/autofans.com.ar\\\/index.php\\\/2024\\\/06\\\/14\\\/toyota-argentina-celebra-el-mes-del-ambiente\\\/#primaryimage\",\"url\":\"https:\\\/\\\/autofans.com.ar\\\/wp-content\\\/uploads\\\/2024\\\/06\\\/toyota-1-1.jpg\",\"contentUrl\":\"https:\\\/\\\/autofans.com.ar\\\/wp-content\\\/uploads\\\/2024\\\/06\\\/toyota-1-1.jpg\",\"width\":1000,\"height\":667,\"caption\":\"Toyota Argentina\"},{\"@type\":\"BreadcrumbList\",\"@id\":\"https:\\\/\\\/autofans.com.ar\\\/index.php\\\/2024\\\/06\\\/14\\\/toyota-argentina-celebra-el-mes-del-ambiente\\\/#breadcrumb\",\"itemListElement\":[{\"@type\":\"ListItem\",\"position\":1,\"name\":\"Inicio\",\"item\":\"https:\\\/\\\/autofans.com.ar\\\/\"},{\"@type\":\"ListItem\",\"position\":2,\"name\":\"Toyota Argentina celebra el mes del ambiente\"}]},{\"@type\":\"WebSite\",\"@id\":\"https:\\\/\\\/autofans.com.ar\\\/#website\",\"url\":\"https:\\\/\\\/autofans.com.ar\\\/\",\"name\":\"\",\"description\":\"El multimedio referente de la industria automotriz\",\"potentialAction\":[{\"@type\":\"SearchAction\",\"target\":{\"@type\":\"EntryPoint\",\"urlTemplate\":\"https:\\\/\\\/autofans.com.ar\\\/?s={search_term_string}\"},\"query-input\":{\"@type\":\"PropertyValueSpecification\",\"valueRequired\":true,\"valueName\":\"search_term_string\"}}],\"inLanguage\":\"es\"},{\"@type\":\"Person\",\"@id\":\"https:\\\/\\\/autofans.com.ar\\\/#\\\/schema\\\/person\\\/4a8dda0b6df83ac3d6723e921274c2aa\",\"name\":\"Alejandro Gabriel Rosito\",\"image\":{\"@type\":\"ImageObject\",\"inLanguage\":\"es\",\"@id\":\"https:\\\/\\\/secure.gravatar.com\\\/avatar\\\/16c5dda1489adfc62618084dcbb91cffd879c374b13fe5dd8e44ed6733852c88?s=96&d=mm&r=g\",\"url\":\"https:\\\/\\\/secure.gravatar.com\\\/avatar\\\/16c5dda1489adfc62618084dcbb91cffd879c374b13fe5dd8e44ed6733852c88?s=96&d=mm&r=g\",\"contentUrl\":\"https:\\\/\\\/secure.gravatar.com\\\/avatar\\\/16c5dda1489adfc62618084dcbb91cffd879c374b13fe5dd8e44ed6733852c88?s=96&d=mm&r=g\",\"caption\":\"Alejandro Gabriel Rosito\"},\"url\":\"https:\\\/\\\/autofans.com.ar\\\/index.php\\\/author\\\/gabrielr\\\/\"}]}<\/script>\n<!-- \/ Yoast SEO plugin. -->","yoast_head_json":{"title":"Toyota Argentina celebra el mes del ambiente -","description":"Toyota festeja el Mes del Ambiente con diversas actividades de concientizaci\u00f3n y educaci\u00f3n ambiental en su Reserva Natural de Z\u00e1rate...","robots":{"index":"index","follow":"follow","max-snippet":"max-snippet:-1","max-image-preview":"max-image-preview:large","max-video-preview":"max-video-preview:-1"},"canonical":"https:\/\/autofans.com.ar\/index.php\/2024\/06\/14\/toyota-argentina-celebra-el-mes-del-ambiente\/","og_locale":"es_ES","og_type":"article","og_title":"Toyota Argentina celebra el mes del ambiente -","og_description":"Toyota festeja el Mes del Ambiente con diversas actividades de concientizaci\u00f3n y educaci\u00f3n ambiental en su Reserva Natural de Z\u00e1rate...","og_url":"https:\/\/autofans.com.ar\/index.php\/2024\/06\/14\/toyota-argentina-celebra-el-mes-del-ambiente\/","article_published_time":"2024-06-14T16:31:19+00:00","article_modified_time":"2024-06-14T16:53:17+00:00","og_image":[{"url":"https:\/\/autofans.com.ar\/wp-content\/uploads\/2024\/06\/toyota-1-1.jpg","width":640,"height":427,"type":"image\/jpeg"}],"author":"Alejandro Gabriel Rosito","twitter_card":"summary_large_image","twitter_misc":{"Escrito por":"Alejandro Gabriel Rosito","Tiempo de lectura":"4 minutos"},"schema":{"@context":"https:\/\/schema.org","@graph":[{"@type":"Article","@id":"https:\/\/autofans.com.ar\/index.php\/2024\/06\/14\/toyota-argentina-celebra-el-mes-del-ambiente\/#article","isPartOf":{"@id":"https:\/\/autofans.com.ar\/index.php\/2024\/06\/14\/toyota-argentina-celebra-el-mes-del-ambiente\/"},"author":{"name":"Alejandro Gabriel Rosito","@id":"https:\/\/autofans.com.ar\/#\/schema\/person\/4a8dda0b6df83ac3d6723e921274c2aa"},"headline":"Toyota Argentina celebra el mes del ambiente","datePublished":"2024-06-14T16:31:19+00:00","dateModified":"2024-06-14T16:53:17+00:00","mainEntityOfPage":{"@id":"https:\/\/autofans.com.ar\/index.php\/2024\/06\/14\/toyota-argentina-celebra-el-mes-del-ambiente\/"},"wordCount":687,"image":{"@id":"https:\/\/autofans.com.ar\/index.php\/2024\/06\/14\/toyota-argentina-celebra-el-mes-del-ambiente\/#primaryimage"},"thumbnailUrl":"https:\/\/autofans.com.ar\/wp-content\/uploads\/2024\/06\/toyota-1-1.jpg","keywords":["Biodiversidad","certificaciones ISO","Econom\u00eda Circular","educaci\u00f3n ambiental","gesti\u00f3n sustentable","Mes del Ambiente","Reserva Natural Z\u00e1rate","Toyota Argentina","uso del agua","veh\u00edculos electrificados"],"articleSection":["EMPRESAS","NOTICIAS"],"inLanguage":"es"},{"@type":"WebPage","@id":"https:\/\/autofans.com.ar\/index.php\/2024\/06\/14\/toyota-argentina-celebra-el-mes-del-ambiente\/","url":"https:\/\/autofans.com.ar\/index.php\/2024\/06\/14\/toyota-argentina-celebra-el-mes-del-ambiente\/","name":"Toyota Argentina celebra el mes del ambiente -","isPartOf":{"@id":"https:\/\/autofans.com.ar\/#website"},"primaryImageOfPage":{"@id":"https:\/\/autofans.com.ar\/index.php\/2024\/06\/14\/toyota-argentina-celebra-el-mes-del-ambiente\/#primaryimage"},"image":{"@id":"https:\/\/autofans.com.ar\/index.php\/2024\/06\/14\/toyota-argentina-celebra-el-mes-del-ambiente\/#primaryimage"},"thumbnailUrl":"https:\/\/autofans.com.ar\/wp-content\/uploads\/2024\/06\/toyota-1-1.jpg","datePublished":"2024-06-14T16:31:19+00:00","dateModified":"2024-06-14T16:53:17+00:00","author":{"@id":"https:\/\/autofans.com.ar\/#\/schema\/person\/4a8dda0b6df83ac3d6723e921274c2aa"},"description":"Toyota festeja el Mes del Ambiente con diversas actividades de concientizaci\u00f3n y educaci\u00f3n ambiental en su Reserva Natural de Z\u00e1rate...","breadcrumb":{"@id":"https:\/\/autofans.com.ar\/index.php\/2024\/06\/14\/toyota-argentina-celebra-el-mes-del-ambiente\/#breadcrumb"},"inLanguage":"es","potentialAction":[{"@type":"ReadAction","target":["https:\/\/autofans.com.ar\/index.php\/2024\/06\/14\/toyota-argentina-celebra-el-mes-del-ambiente\/"]}]},{"@type":"ImageObject","inLanguage":"es","@id":"https:\/\/autofans.com.ar\/index.php\/2024\/06\/14\/toyota-argentina-celebra-el-mes-del-ambiente\/#primaryimage","url":"https:\/\/autofans.com.ar\/wp-content\/uploads\/2024\/06\/toyota-1-1.jpg","contentUrl":"https:\/\/autofans.com.ar\/wp-content\/uploads\/2024\/06\/toyota-1-1.jpg","width":1000,"height":667,"caption":"Toyota Argentina"},{"@type":"BreadcrumbList","@id":"https:\/\/autofans.com.ar\/index.php\/2024\/06\/14\/toyota-argentina-celebra-el-mes-del-ambiente\/#breadcrumb","itemListElement":[{"@type":"ListItem","position":1,"name":"Inicio","item":"https:\/\/autofans.com.ar\/"},{"@type":"ListItem","position":2,"name":"Toyota Argentina celebra el mes del ambiente"}]},{"@type":"WebSite","@id":"https:\/\/autofans.com.ar\/#website","url":"https:\/\/autofans.com.ar\/","name":"","description":"El multimedio referente de la industria automotriz","potentialAction":[{"@type":"SearchAction","target":{"@type":"EntryPoint","urlTemplate":"https:\/\/autofans.com.ar\/?s={search_term_string}"},"query-input":{"@type":"PropertyValueSpecification","valueRequired":true,"valueName":"search_term_string"}}],"inLanguage":"es"},{"@type":"Person","@id":"https:\/\/autofans.com.ar\/#\/schema\/person\/4a8dda0b6df83ac3d6723e921274c2aa","name":"Alejandro Gabriel Rosito","image":{"@type":"ImageObject","inLanguage":"es","@id":"https:\/\/secure.gravatar.com\/avatar\/16c5dda1489adfc62618084dcbb91cffd879c374b13fe5dd8e44ed6733852c88?s=96&d=mm&r=g","url":"https:\/\/secure.gravatar.com\/avatar\/16c5dda1489adfc62618084dcbb91cffd879c374b13fe5dd8e44ed6733852c88?s=96&d=mm&r=g","contentUrl":"https:\/\/secure.gravatar.com\/avatar\/16c5dda1489adfc62618084dcbb91cffd879c374b13fe5dd8e44ed6733852c88?s=96&d=mm&r=g","caption":"Alejandro Gabriel Rosito"},"url":"https:\/\/autofans.com.ar\/index.php\/author\/gabrielr\/"}]}},"featured_image_urls":{"full":["https:\/\/autofans.com.ar\/wp-content\/uploads\/2024\/06\/toyota-1-1.jpg",1000,667,false],"thumbnail":["https:\/\/autofans.com.ar\/wp-content\/uploads\/2024\/06\/toyota-1-1-150x150.jpg",150,150,true],"medium":["https:\/\/autofans.com.ar\/wp-content\/uploads\/2024\/06\/toyota-1-1-300x200.jpg",300,200,true],"medium_large":["https:\/\/autofans.com.ar\/wp-content\/uploads\/2024\/06\/toyota-1-1-768x512.jpg",640,427,true],"large":["https:\/\/autofans.com.ar\/wp-content\/uploads\/2024\/06\/toyota-1-1.jpg",640,427,false],"1536x1536":["https:\/\/autofans.com.ar\/wp-content\/uploads\/2024\/06\/toyota-1-1.jpg",1000,667,false],"2048x2048":["https:\/\/autofans.com.ar\/wp-content\/uploads\/2024\/06\/toyota-1-1.jpg",1000,667,false],"covernews-featured":["https:\/\/autofans.com.ar\/wp-content\/uploads\/2024\/06\/toyota-1-1.jpg",1000,667,false],"covernews-medium":["https:\/\/autofans.com.ar\/wp-content\/uploads\/2024\/06\/toyota-1-1-540x340.jpg",540,340,true]},"author_info":{"display_name":"Alejandro Gabriel Rosito","author_link":"https:\/\/autofans.com.ar\/index.php\/author\/gabrielr\/"},"category_info":"<a href=\"https:\/\/autofans.com.ar\/index.php\/category\/noticias\/empresas\/\" rel=\"category tag\">EMPRESAS<\/a> <a href=\"https:\/\/autofans.com.ar\/index.php\/category\/noticias\/\" rel=\"category tag\">NOTICIAS<\/a>","tag_info":"NOTICIAS","comment_count":0,"_links":{"self":[{"href":"https:\/\/autofans.com.ar\/index.php\/wp-json\/wp\/v2\/posts\/8070","targetHints":{"allow":["GET"]}}],"collection":[{"href":"https:\/\/autofans.com.ar\/index.php\/wp-json\/wp\/v2\/posts"}],"about":[{"href":"https:\/\/autofans.com.ar\/index.php\/wp-json\/wp\/v2\/types\/post"}],"author":[{"embeddable":true,"href":"https:\/\/autofans.com.ar\/index.php\/wp-json\/wp\/v2\/users\/2"}],"replies":[{"embeddable":true,"href":"https:\/\/autofans.com.ar\/index.php\/wp-json\/wp\/v2\/comments?post=8070"}],"version-history":[{"count":3,"href":"https:\/\/autofans.com.ar\/index.php\/wp-json\/wp\/v2\/posts\/8070\/revisions"}],"predecessor-version":[{"id":8078,"href":"https:\/\/autofans.com.ar\/index.php\/wp-json\/wp\/v2\/posts\/8070\/revisions\/8078"}],"wp:featuredmedia":[{"embeddable":true,"href":"https:\/\/autofans.com.ar\/index.php\/wp-json\/wp\/v2\/media\/8075"}],"wp:attachment":[{"href":"https:\/\/autofans.com.ar\/index.php\/wp-json\/wp\/v2\/media?parent=8070"}],"wp:term":[{"taxonomy":"category","embeddable":true,"href":"https:\/\/autofans.com.ar\/index.php\/wp-json\/wp\/v2\/categories?post=8070"},{"taxonomy":"post_tag","embeddable":true,"href":"https:\/\/autofans.com.ar\/index.php\/wp-json\/wp\/v2\/tags?post=8070"}],"curies":[{"name":"wp","href":"https:\/\/api.w.org\/{rel}","templated":true}]}}