{"id":8201,"date":"2024-07-04T20:36:47","date_gmt":"2024-07-04T23:36:47","guid":{"rendered":"https:\/\/autofans.com.ar\/?p=8201"},"modified":"2024-07-04T20:36:47","modified_gmt":"2024-07-04T23:36:47","slug":"volkswagen-argentina-lanza-la-nueva-amarok","status":"publish","type":"post","link":"https:\/\/autofans.com.ar\/index.php\/2024\/07\/04\/volkswagen-argentina-lanza-la-nueva-amarok\/","title":{"rendered":"Volkswagen Argentina lanza la nueva Amarok"},"content":{"rendered":"<p>Volkswagen Argentina ha comenzado la producci\u00f3n de la tercera generaci\u00f3n de la Amarok en el Centro Industrial Pacheco. Esta pick-up, lanzada originalmente en 2009, ha sido un referente en su segmento, logrando en 2023 un 29% de participaci\u00f3n de mercado en Argentina. Desde su lanzamiento, se han fabricado m\u00e1s de 740.000 unidades, de las cuales el 65% se exportaron a diversos mercados.<\/p>\n<p>&nbsp;<\/p>\n<blockquote>\n<p style=\"text-align: center;\">\u00abEs una gran alegr\u00eda para nosotros dar inicio a la producci\u00f3n de la nueva generaci\u00f3n de Amarok en nuestro Centro Industrial Pacheco\u201d, se\u00f1al\u00f3 Marcellus Puig, presidente y CEO de Volkswagen Group Argentina. \u201cEs un orgullo ser testigo de la renovaci\u00f3n y crecimiento de nuestra ic\u00f3nica pick-up a lo largo de estos 15 a\u00f1os. Este acontecimiento da muestra de nuestro firme compromiso con la producci\u00f3n y exportaci\u00f3n en el pa\u00eds, apostando por el futuro del Grupo y por el desarrollo de nuestra marca en Argentina\u201d, agreg\u00f3. \u201cAmarok se reinventa para seguir siendo un producto robusto, potente, seguro, y un aliado del campo argentino\u201d, finaliz\u00f3.<\/p>\n<\/blockquote>\n<p>&nbsp;<\/p>\n<h2>Arranca la producci\u00f3n de la Amarok 2023 en el centro industrial Pacheco<\/h2>\n<p>La Amarok comenz\u00f3 su producci\u00f3n en el Centro Industrial Pacheco, seleccionado entre 122 plantas globales del grupo Volkswagen para fabricar la primera MSPU. Se han producido versiones con cabina simple y doble, motores de 2.0 y 3.0 litros, transmisiones manuales y autom\u00e1ticas, y una amplia gama de equipamientos. Adem\u00e1s, m\u00e1s de 120.000 unidades con volante a la derecha se han exportado a Ocean\u00eda, \u00c1frica y Am\u00e9rica Central.<\/p>\n<p>&nbsp;<\/p>\n<div id='gallery-1' class='gallery galleryid-8201 gallery-columns-2 gallery-size-full'><figure class='gallery-item'>\n\t\t\t<div class='gallery-icon landscape'>\n\t\t\t\t<a href='https:\/\/autofans.com.ar\/index.php\/2024\/07\/04\/volkswagen-argentina-lanza-la-nueva-amarok\/amarok-3\/'><img loading=\"lazy\" width=\"1000\" height=\"667\" src=\"https:\/\/autofans.com.ar\/wp-content\/uploads\/2024\/07\/amarok-3.jpg\" class=\"attachment-full size-full\" alt=\"Amarok\" srcset=\"https:\/\/autofans.com.ar\/wp-content\/uploads\/2024\/07\/amarok-3.jpg 1000w, https:\/\/autofans.com.ar\/wp-content\/uploads\/2024\/07\/amarok-3-300x200.jpg 300w, https:\/\/autofans.com.ar\/wp-content\/uploads\/2024\/07\/amarok-3-768x512.jpg 768w\" sizes=\"auto, (max-width: 1000px) 100vw, 1000px\" loading=\"lazy\" decoding=\"async\" \/><\/a>\n\t\t\t<\/div><\/figure><figure class='gallery-item'>\n\t\t\t<div class='gallery-icon landscape'>\n\t\t\t\t<a href='https:\/\/autofans.com.ar\/index.php\/2024\/07\/04\/volkswagen-argentina-lanza-la-nueva-amarok\/amarok-4\/'><img loading=\"lazy\" width=\"1000\" height=\"667\" src=\"https:\/\/autofans.com.ar\/wp-content\/uploads\/2024\/07\/amarok-4.jpg\" class=\"attachment-full size-full\" alt=\"Amarok\" srcset=\"https:\/\/autofans.com.ar\/wp-content\/uploads\/2024\/07\/amarok-4.jpg 1000w, https:\/\/autofans.com.ar\/wp-content\/uploads\/2024\/07\/amarok-4-300x200.jpg 300w, https:\/\/autofans.com.ar\/wp-content\/uploads\/2024\/07\/amarok-4-768x512.jpg 768w\" sizes=\"auto, (max-width: 1000px) 100vw, 1000px\" loading=\"lazy\" decoding=\"async\" \/><\/a>\n\t\t\t<\/div><\/figure>\n\t\t<\/div>\n\n<p>&nbsp;<\/p>\n<p>En 2016, la segunda generaci\u00f3n de la Amarok consolid\u00f3 su \u00e9xito, introduciendo las variantes V6, las m\u00e1s potentes en el mercado local de pick-ups medianas, posicionando a la Amarok en un lugar destacado. Ahora, con la tercera generaci\u00f3n, Volkswagen reafirma su compromiso con Argentina, con 44 a\u00f1os de presencia productora y exportadora en el pa\u00eds.<\/p>\n<p>&nbsp;<\/p>\n<p>&nbsp;<\/p>\n<p>&nbsp;<\/p>\n<p><i>Para enterarte de m\u00e1s novedades, no dejes de leer\u00a0<\/i><a href=\"https:\/\/autofans.thebrandsoup.com\/\"><i>nuestras notas<\/i><\/a><i>, de ver<\/i><b><i>\u00a0<\/i><\/b><a href=\"https:\/\/www.youtube.com\/channel\/UCgAC8UGHZYbT6P7PpmVnP7g\"><b><i>AUTOFANS TV<\/i><\/b><\/a><b><i>\u00a0<\/i><\/b><i>en nuestro\u00a0canal de Youtube. Adem\u00e1s seguinos en\u00a0<\/i><a href=\"https:\/\/www.instagram.com\/autofanstv\/\"><i>INSTAGRAM<\/i><\/a><i> y <\/i><a href=\"https:\/\/www.facebook.com\/autofansmas\/\"><i>FACEBOOK<\/i><\/a><i> para no perderte nada sobre las novedades del segmento automotor de Argentina y el mundo.<\/i><\/p>\n","protected":false},"excerpt":{"rendered":"<p>Volkswagen Argentina ha comenzado la producci\u00f3n de la tercera generaci\u00f3n de la Amarok en el&#8230;<\/p>\n","protected":false},"author":2,"featured_media":8202,"comment_status":"closed","ping_status":"closed","sticky":false,"template":"","format":"standard","meta":{"footnotes":""},"categories":[1,10],"tags":[4365,2526,4366,4368,4367,75],"class_list":["post-8201","post","type-post","status-publish","format-standard","has-post-thumbnail","hentry","category-lanzamientos","category-utilitarios-y-pesados-lanzamientos","tag-amarok-2023","tag-industria-automotriz-argentina","tag-nueva-amarok","tag-pick-up-volkswagen","tag-produccion-amarok","tag-volkswagen-argentina"],"yoast_head":"<!-- This site is optimized with the Yoast SEO plugin v27.5 - https:\/\/yoast.com\/product\/yoast-seo-wordpress\/ -->\n<title>Volkswagen Argentina lanza la nueva Amarok -<\/title>\n<meta name=\"description\" content=\"Volkswagen Argentina comenz\u00f3 la producci\u00f3n de la tercera generaci\u00f3n de la Amarok en el Centro Industrial Pacheco, un referente en su segmento.\" \/>\n<meta name=\"robots\" content=\"index, follow, max-snippet:-1, max-image-preview:large, max-video-preview:-1\" \/>\n<link rel=\"canonical\" href=\"https:\/\/autofans.com.ar\/index.php\/2024\/07\/04\/volkswagen-argentina-lanza-la-nueva-amarok\/\" \/>\n<meta property=\"og:locale\" content=\"es_ES\" \/>\n<meta property=\"og:type\" content=\"article\" \/>\n<meta property=\"og:title\" content=\"Volkswagen Argentina lanza la nueva Amarok -\" \/>\n<meta property=\"og:description\" content=\"Volkswagen Argentina comenz\u00f3 la producci\u00f3n de la tercera generaci\u00f3n de la Amarok en el Centro Industrial Pacheco, un referente en su segmento.\" \/>\n<meta property=\"og:url\" content=\"https:\/\/autofans.com.ar\/index.php\/2024\/07\/04\/volkswagen-argentina-lanza-la-nueva-amarok\/\" \/>\n<meta property=\"article:published_time\" content=\"2024-07-04T23:36:47+00:00\" \/>\n<meta property=\"og:image\" content=\"https:\/\/autofans.com.ar\/wp-content\/uploads\/2024\/07\/amarok-1.jpg\" \/>\n\t<meta property=\"og:image:width\" content=\"640\" \/>\n\t<meta property=\"og:image:height\" content=\"427\" \/>\n\t<meta property=\"og:image:type\" content=\"image\/jpeg\" \/>\n<meta name=\"author\" content=\"Alejandro Gabriel Rosito\" \/>\n<meta name=\"twitter:card\" content=\"summary_large_image\" \/>\n<meta name=\"twitter:label1\" content=\"Escrito por\" \/>\n\t<meta name=\"twitter:data1\" content=\"Alejandro Gabriel Rosito\" \/>\n\t<meta name=\"twitter:label2\" content=\"Tiempo de lectura\" \/>\n\t<meta name=\"twitter:data2\" content=\"2 minutos\" \/>\n<script type=\"application\/ld+json\" class=\"yoast-schema-graph\">{\"@context\":\"https:\\\/\\\/schema.org\",\"@graph\":[{\"@type\":\"Article\",\"@id\":\"https:\\\/\\\/autofans.com.ar\\\/index.php\\\/2024\\\/07\\\/04\\\/volkswagen-argentina-lanza-la-nueva-amarok\\\/#article\",\"isPartOf\":{\"@id\":\"https:\\\/\\\/autofans.com.ar\\\/index.php\\\/2024\\\/07\\\/04\\\/volkswagen-argentina-lanza-la-nueva-amarok\\\/\"},\"author\":{\"name\":\"Alejandro Gabriel Rosito\",\"@id\":\"https:\\\/\\\/autofans.com.ar\\\/#\\\/schema\\\/person\\\/4a8dda0b6df83ac3d6723e921274c2aa\"},\"headline\":\"Volkswagen Argentina lanza la nueva Amarok\",\"datePublished\":\"2024-07-04T23:36:47+00:00\",\"mainEntityOfPage\":{\"@id\":\"https:\\\/\\\/autofans.com.ar\\\/index.php\\\/2024\\\/07\\\/04\\\/volkswagen-argentina-lanza-la-nueva-amarok\\\/\"},\"wordCount\":373,\"image\":{\"@id\":\"https:\\\/\\\/autofans.com.ar\\\/index.php\\\/2024\\\/07\\\/04\\\/volkswagen-argentina-lanza-la-nueva-amarok\\\/#primaryimage\"},\"thumbnailUrl\":\"https:\\\/\\\/autofans.com.ar\\\/wp-content\\\/uploads\\\/2024\\\/07\\\/amarok-1.jpg\",\"keywords\":[\"Amarok 2023\",\"industria automotriz argentina\",\"nueva Amarok\",\"pick-up Volkswagen\",\"producci\u00f3n Amarok\",\"Volkswagen Argentina\"],\"articleSection\":[\"LANZAMIENTOS\",\"Pick Ups, Utilitarios y Pesados\"],\"inLanguage\":\"es\"},{\"@type\":\"WebPage\",\"@id\":\"https:\\\/\\\/autofans.com.ar\\\/index.php\\\/2024\\\/07\\\/04\\\/volkswagen-argentina-lanza-la-nueva-amarok\\\/\",\"url\":\"https:\\\/\\\/autofans.com.ar\\\/index.php\\\/2024\\\/07\\\/04\\\/volkswagen-argentina-lanza-la-nueva-amarok\\\/\",\"name\":\"Volkswagen Argentina lanza la nueva Amarok -\",\"isPartOf\":{\"@id\":\"https:\\\/\\\/autofans.com.ar\\\/#website\"},\"primaryImageOfPage\":{\"@id\":\"https:\\\/\\\/autofans.com.ar\\\/index.php\\\/2024\\\/07\\\/04\\\/volkswagen-argentina-lanza-la-nueva-amarok\\\/#primaryimage\"},\"image\":{\"@id\":\"https:\\\/\\\/autofans.com.ar\\\/index.php\\\/2024\\\/07\\\/04\\\/volkswagen-argentina-lanza-la-nueva-amarok\\\/#primaryimage\"},\"thumbnailUrl\":\"https:\\\/\\\/autofans.com.ar\\\/wp-content\\\/uploads\\\/2024\\\/07\\\/amarok-1.jpg\",\"datePublished\":\"2024-07-04T23:36:47+00:00\",\"author\":{\"@id\":\"https:\\\/\\\/autofans.com.ar\\\/#\\\/schema\\\/person\\\/4a8dda0b6df83ac3d6723e921274c2aa\"},\"description\":\"Volkswagen Argentina comenz\u00f3 la producci\u00f3n de la tercera generaci\u00f3n de la Amarok en el Centro Industrial Pacheco, un referente en su segmento.\",\"breadcrumb\":{\"@id\":\"https:\\\/\\\/autofans.com.ar\\\/index.php\\\/2024\\\/07\\\/04\\\/volkswagen-argentina-lanza-la-nueva-amarok\\\/#breadcrumb\"},\"inLanguage\":\"es\",\"potentialAction\":[{\"@type\":\"ReadAction\",\"target\":[\"https:\\\/\\\/autofans.com.ar\\\/index.php\\\/2024\\\/07\\\/04\\\/volkswagen-argentina-lanza-la-nueva-amarok\\\/\"]}]},{\"@type\":\"ImageObject\",\"inLanguage\":\"es\",\"@id\":\"https:\\\/\\\/autofans.com.ar\\\/index.php\\\/2024\\\/07\\\/04\\\/volkswagen-argentina-lanza-la-nueva-amarok\\\/#primaryimage\",\"url\":\"https:\\\/\\\/autofans.com.ar\\\/wp-content\\\/uploads\\\/2024\\\/07\\\/amarok-1.jpg\",\"contentUrl\":\"https:\\\/\\\/autofans.com.ar\\\/wp-content\\\/uploads\\\/2024\\\/07\\\/amarok-1.jpg\",\"width\":1000,\"height\":667,\"caption\":\"Amarok\"},{\"@type\":\"BreadcrumbList\",\"@id\":\"https:\\\/\\\/autofans.com.ar\\\/index.php\\\/2024\\\/07\\\/04\\\/volkswagen-argentina-lanza-la-nueva-amarok\\\/#breadcrumb\",\"itemListElement\":[{\"@type\":\"ListItem\",\"position\":1,\"name\":\"Inicio\",\"item\":\"https:\\\/\\\/autofans.com.ar\\\/\"},{\"@type\":\"ListItem\",\"position\":2,\"name\":\"Volkswagen Argentina lanza la nueva Amarok\"}]},{\"@type\":\"WebSite\",\"@id\":\"https:\\\/\\\/autofans.com.ar\\\/#website\",\"url\":\"https:\\\/\\\/autofans.com.ar\\\/\",\"name\":\"\",\"description\":\"El multimedio referente de la industria automotriz\",\"potentialAction\":[{\"@type\":\"SearchAction\",\"target\":{\"@type\":\"EntryPoint\",\"urlTemplate\":\"https:\\\/\\\/autofans.com.ar\\\/?s={search_term_string}\"},\"query-input\":{\"@type\":\"PropertyValueSpecification\",\"valueRequired\":true,\"valueName\":\"search_term_string\"}}],\"inLanguage\":\"es\"},{\"@type\":\"Person\",\"@id\":\"https:\\\/\\\/autofans.com.ar\\\/#\\\/schema\\\/person\\\/4a8dda0b6df83ac3d6723e921274c2aa\",\"name\":\"Alejandro Gabriel Rosito\",\"image\":{\"@type\":\"ImageObject\",\"inLanguage\":\"es\",\"@id\":\"https:\\\/\\\/secure.gravatar.com\\\/avatar\\\/16c5dda1489adfc62618084dcbb91cffd879c374b13fe5dd8e44ed6733852c88?s=96&d=mm&r=g\",\"url\":\"https:\\\/\\\/secure.gravatar.com\\\/avatar\\\/16c5dda1489adfc62618084dcbb91cffd879c374b13fe5dd8e44ed6733852c88?s=96&d=mm&r=g\",\"contentUrl\":\"https:\\\/\\\/secure.gravatar.com\\\/avatar\\\/16c5dda1489adfc62618084dcbb91cffd879c374b13fe5dd8e44ed6733852c88?s=96&d=mm&r=g\",\"caption\":\"Alejandro Gabriel Rosito\"},\"url\":\"https:\\\/\\\/autofans.com.ar\\\/index.php\\\/author\\\/gabrielr\\\/\"}]}<\/script>\n<!-- \/ Yoast SEO plugin. -->","yoast_head_json":{"title":"Volkswagen Argentina lanza la nueva Amarok -","description":"Volkswagen Argentina comenz\u00f3 la producci\u00f3n de la tercera generaci\u00f3n de la Amarok en el Centro Industrial Pacheco, un referente en su segmento.","robots":{"index":"index","follow":"follow","max-snippet":"max-snippet:-1","max-image-preview":"max-image-preview:large","max-video-preview":"max-video-preview:-1"},"canonical":"https:\/\/autofans.com.ar\/index.php\/2024\/07\/04\/volkswagen-argentina-lanza-la-nueva-amarok\/","og_locale":"es_ES","og_type":"article","og_title":"Volkswagen Argentina lanza la nueva Amarok -","og_description":"Volkswagen Argentina comenz\u00f3 la producci\u00f3n de la tercera generaci\u00f3n de la Amarok en el Centro Industrial Pacheco, un referente en su segmento.","og_url":"https:\/\/autofans.com.ar\/index.php\/2024\/07\/04\/volkswagen-argentina-lanza-la-nueva-amarok\/","article_published_time":"2024-07-04T23:36:47+00:00","og_image":[{"url":"https:\/\/autofans.com.ar\/wp-content\/uploads\/2024\/07\/amarok-1.jpg","width":640,"height":427,"type":"image\/jpeg"}],"author":"Alejandro Gabriel Rosito","twitter_card":"summary_large_image","twitter_misc":{"Escrito por":"Alejandro Gabriel Rosito","Tiempo de lectura":"2 minutos"},"schema":{"@context":"https:\/\/schema.org","@graph":[{"@type":"Article","@id":"https:\/\/autofans.com.ar\/index.php\/2024\/07\/04\/volkswagen-argentina-lanza-la-nueva-amarok\/#article","isPartOf":{"@id":"https:\/\/autofans.com.ar\/index.php\/2024\/07\/04\/volkswagen-argentina-lanza-la-nueva-amarok\/"},"author":{"name":"Alejandro Gabriel Rosito","@id":"https:\/\/autofans.com.ar\/#\/schema\/person\/4a8dda0b6df83ac3d6723e921274c2aa"},"headline":"Volkswagen Argentina lanza la nueva Amarok","datePublished":"2024-07-04T23:36:47+00:00","mainEntityOfPage":{"@id":"https:\/\/autofans.com.ar\/index.php\/2024\/07\/04\/volkswagen-argentina-lanza-la-nueva-amarok\/"},"wordCount":373,"image":{"@id":"https:\/\/autofans.com.ar\/index.php\/2024\/07\/04\/volkswagen-argentina-lanza-la-nueva-amarok\/#primaryimage"},"thumbnailUrl":"https:\/\/autofans.com.ar\/wp-content\/uploads\/2024\/07\/amarok-1.jpg","keywords":["Amarok 2023","industria automotriz argentina","nueva Amarok","pick-up Volkswagen","producci\u00f3n Amarok","Volkswagen Argentina"],"articleSection":["LANZAMIENTOS","Pick Ups, Utilitarios y Pesados"],"inLanguage":"es"},{"@type":"WebPage","@id":"https:\/\/autofans.com.ar\/index.php\/2024\/07\/04\/volkswagen-argentina-lanza-la-nueva-amarok\/","url":"https:\/\/autofans.com.ar\/index.php\/2024\/07\/04\/volkswagen-argentina-lanza-la-nueva-amarok\/","name":"Volkswagen Argentina lanza la nueva Amarok -","isPartOf":{"@id":"https:\/\/autofans.com.ar\/#website"},"primaryImageOfPage":{"@id":"https:\/\/autofans.com.ar\/index.php\/2024\/07\/04\/volkswagen-argentina-lanza-la-nueva-amarok\/#primaryimage"},"image":{"@id":"https:\/\/autofans.com.ar\/index.php\/2024\/07\/04\/volkswagen-argentina-lanza-la-nueva-amarok\/#primaryimage"},"thumbnailUrl":"https:\/\/autofans.com.ar\/wp-content\/uploads\/2024\/07\/amarok-1.jpg","datePublished":"2024-07-04T23:36:47+00:00","author":{"@id":"https:\/\/autofans.com.ar\/#\/schema\/person\/4a8dda0b6df83ac3d6723e921274c2aa"},"description":"Volkswagen Argentina comenz\u00f3 la producci\u00f3n de la tercera generaci\u00f3n de la Amarok en el Centro Industrial Pacheco, un referente en su segmento.","breadcrumb":{"@id":"https:\/\/autofans.com.ar\/index.php\/2024\/07\/04\/volkswagen-argentina-lanza-la-nueva-amarok\/#breadcrumb"},"inLanguage":"es","potentialAction":[{"@type":"ReadAction","target":["https:\/\/autofans.com.ar\/index.php\/2024\/07\/04\/volkswagen-argentina-lanza-la-nueva-amarok\/"]}]},{"@type":"ImageObject","inLanguage":"es","@id":"https:\/\/autofans.com.ar\/index.php\/2024\/07\/04\/volkswagen-argentina-lanza-la-nueva-amarok\/#primaryimage","url":"https:\/\/autofans.com.ar\/wp-content\/uploads\/2024\/07\/amarok-1.jpg","contentUrl":"https:\/\/autofans.com.ar\/wp-content\/uploads\/2024\/07\/amarok-1.jpg","width":1000,"height":667,"caption":"Amarok"},{"@type":"BreadcrumbList","@id":"https:\/\/autofans.com.ar\/index.php\/2024\/07\/04\/volkswagen-argentina-lanza-la-nueva-amarok\/#breadcrumb","itemListElement":[{"@type":"ListItem","position":1,"name":"Inicio","item":"https:\/\/autofans.com.ar\/"},{"@type":"ListItem","position":2,"name":"Volkswagen Argentina lanza la nueva Amarok"}]},{"@type":"WebSite","@id":"https:\/\/autofans.com.ar\/#website","url":"https:\/\/autofans.com.ar\/","name":"","description":"El multimedio referente de la industria automotriz","potentialAction":[{"@type":"SearchAction","target":{"@type":"EntryPoint","urlTemplate":"https:\/\/autofans.com.ar\/?s={search_term_string}"},"query-input":{"@type":"PropertyValueSpecification","valueRequired":true,"valueName":"search_term_string"}}],"inLanguage":"es"},{"@type":"Person","@id":"https:\/\/autofans.com.ar\/#\/schema\/person\/4a8dda0b6df83ac3d6723e921274c2aa","name":"Alejandro Gabriel Rosito","image":{"@type":"ImageObject","inLanguage":"es","@id":"https:\/\/secure.gravatar.com\/avatar\/16c5dda1489adfc62618084dcbb91cffd879c374b13fe5dd8e44ed6733852c88?s=96&d=mm&r=g","url":"https:\/\/secure.gravatar.com\/avatar\/16c5dda1489adfc62618084dcbb91cffd879c374b13fe5dd8e44ed6733852c88?s=96&d=mm&r=g","contentUrl":"https:\/\/secure.gravatar.com\/avatar\/16c5dda1489adfc62618084dcbb91cffd879c374b13fe5dd8e44ed6733852c88?s=96&d=mm&r=g","caption":"Alejandro Gabriel Rosito"},"url":"https:\/\/autofans.com.ar\/index.php\/author\/gabrielr\/"}]}},"featured_image_urls":{"full":["https:\/\/autofans.com.ar\/wp-content\/uploads\/2024\/07\/amarok-1.jpg",1000,667,false],"thumbnail":["https:\/\/autofans.com.ar\/wp-content\/uploads\/2024\/07\/amarok-1-150x150.jpg",150,150,true],"medium":["https:\/\/autofans.com.ar\/wp-content\/uploads\/2024\/07\/amarok-1-300x200.jpg",300,200,true],"medium_large":["https:\/\/autofans.com.ar\/wp-content\/uploads\/2024\/07\/amarok-1-768x512.jpg",640,427,true],"large":["https:\/\/autofans.com.ar\/wp-content\/uploads\/2024\/07\/amarok-1.jpg",640,427,false],"1536x1536":["https:\/\/autofans.com.ar\/wp-content\/uploads\/2024\/07\/amarok-1.jpg",1000,667,false],"2048x2048":["https:\/\/autofans.com.ar\/wp-content\/uploads\/2024\/07\/amarok-1.jpg",1000,667,false],"covernews-featured":["https:\/\/autofans.com.ar\/wp-content\/uploads\/2024\/07\/amarok-1.jpg",1000,667,false],"covernews-medium":["https:\/\/autofans.com.ar\/wp-content\/uploads\/2024\/07\/amarok-1-540x340.jpg",540,340,true]},"author_info":{"display_name":"Alejandro Gabriel Rosito","author_link":"https:\/\/autofans.com.ar\/index.php\/author\/gabrielr\/"},"category_info":"<a href=\"https:\/\/autofans.com.ar\/index.php\/category\/lanzamientos\/\" rel=\"category tag\">LANZAMIENTOS<\/a> <a href=\"https:\/\/autofans.com.ar\/index.php\/category\/lanzamientos\/utilitarios-y-pesados-lanzamientos\/\" rel=\"category tag\">Pick Ups, Utilitarios y Pesados<\/a>","tag_info":"Pick Ups, Utilitarios y Pesados","comment_count":0,"_links":{"self":[{"href":"https:\/\/autofans.com.ar\/index.php\/wp-json\/wp\/v2\/posts\/8201","targetHints":{"allow":["GET"]}}],"collection":[{"href":"https:\/\/autofans.com.ar\/index.php\/wp-json\/wp\/v2\/posts"}],"about":[{"href":"https:\/\/autofans.com.ar\/index.php\/wp-json\/wp\/v2\/types\/post"}],"author":[{"embeddable":true,"href":"https:\/\/autofans.com.ar\/index.php\/wp-json\/wp\/v2\/users\/2"}],"replies":[{"embeddable":true,"href":"https:\/\/autofans.com.ar\/index.php\/wp-json\/wp\/v2\/comments?post=8201"}],"version-history":[{"count":1,"href":"https:\/\/autofans.com.ar\/index.php\/wp-json\/wp\/v2\/posts\/8201\/revisions"}],"predecessor-version":[{"id":8206,"href":"https:\/\/autofans.com.ar\/index.php\/wp-json\/wp\/v2\/posts\/8201\/revisions\/8206"}],"wp:featuredmedia":[{"embeddable":true,"href":"https:\/\/autofans.com.ar\/index.php\/wp-json\/wp\/v2\/media\/8202"}],"wp:attachment":[{"href":"https:\/\/autofans.com.ar\/index.php\/wp-json\/wp\/v2\/media?parent=8201"}],"wp:term":[{"taxonomy":"category","embeddable":true,"href":"https:\/\/autofans.com.ar\/index.php\/wp-json\/wp\/v2\/categories?post=8201"},{"taxonomy":"post_tag","embeddable":true,"href":"https:\/\/autofans.com.ar\/index.php\/wp-json\/wp\/v2\/tags?post=8201"}],"curies":[{"name":"wp","href":"https:\/\/api.w.org\/{rel}","templated":true}]}}