{"id":8235,"date":"2024-07-10T17:17:37","date_gmt":"2024-07-10T20:17:37","guid":{"rendered":"https:\/\/autofans.com.ar\/?p=8235"},"modified":"2024-07-10T17:17:37","modified_gmt":"2024-07-10T20:17:37","slug":"preparate-para-el-invierno-con-la-nissan-frontier","status":"publish","type":"post","link":"https:\/\/autofans.com.ar\/index.php\/2024\/07\/10\/preparate-para-el-invierno-con-la-nissan-frontier\/","title":{"rendered":"Prep\u00e1rate para el invierno con la Nissan Frontier"},"content":{"rendered":"<p>Durante el oto\u00f1o, la Patagonia vivi\u00f3 nevadas hist\u00f3ricas, acompa\u00f1adas de temperaturas m\u00e1s bajas de lo normal. Con la llegada de las vacaciones de invierno, muchos argentinos planean viajar al sur del pa\u00eds para disfrutar del descanso. Es fundamental contar con un veh\u00edculo preparado para estas condiciones, y la Nissan Frontier es la opci\u00f3n perfecta.<\/p>\n<p>&nbsp;<\/p>\n<h2>La Nissan Frontier y el fen\u00f3meno de La Ni\u00f1a<\/h2>\n<p>Seg\u00fan el Servicio Meteorol\u00f3gico Nacional (SMN), se espera el fen\u00f3meno de \u00abLa Ni\u00f1a\u00bb para los meses de julio, agosto y septiembre. Este fen\u00f3meno traer\u00e1 mayor fr\u00edo, precipitaciones y nevadas en el sector cordillerano, entre las provincias de Neuqu\u00e9n y Catamarca. Prepararse para estas condiciones es esencial para disfrutar de un viaje seguro.<\/p>\n<p>&nbsp;<\/p>\n<p><img fetchpriority=\"high\" decoding=\"async\" class=\"aligncenter wp-image-8238 size-full\" src=\"https:\/\/autofans.com.ar\/wp-content\/uploads\/2024\/07\/nissan-1.jpg\" alt=\"Nissan Frontier\" width=\"1000\" height=\"667\" srcset=\"https:\/\/autofans.com.ar\/wp-content\/uploads\/2024\/07\/nissan-1.jpg 1000w, https:\/\/autofans.com.ar\/wp-content\/uploads\/2024\/07\/nissan-1-300x200.jpg 300w, https:\/\/autofans.com.ar\/wp-content\/uploads\/2024\/07\/nissan-1-768x512.jpg 768w\" sizes=\"(max-width: 1000px) 100vw, 1000px\" \/><\/p>\n<p>&nbsp;<\/p>\n<p>La Nissan Frontier ofrece tracci\u00f3n en las cuatro ruedas, proporcionando la estabilidad y control necesarios en caminos resbaladizos por nieve y hielo. Evitar aceleraciones y frenados bruscos es clave para mantener el control del veh\u00edculo.<\/p>\n<p>&nbsp;<\/p>\n<h2>Cabina c\u00e1lida y control de estabilidad<\/h2>\n<p><a href=\"https:\/\/autofans.com.ar\/wp-content\/uploads\/2024\/07\/Nissan-Frontier-S-MY24-Ficha-Tecnica-20-10-2023.pdf\" target=\"_blank\" rel=\"noopener\">Nissan Frontier &#8211; Ficha T\u00e9cnica<\/a><\/p>\n<p>El control de estabilidad ayuda a prevenir deslizamientos y a mantener la trayectoria del veh\u00edculo, especialmente en curvas y superficies irregulares. Mantener una distancia segura del veh\u00edculo delantero es crucial para maniobrar en caso de emergencia.<\/p>\n<p>Asegurarse de que el sistema de desempa\u00f1ado funcione correctamente y que el parabrisas y espejos est\u00e9n limpios es vital para una buena visibilidad. La Nissan Frontier cuenta con asientos calefaccionados, garantizando una cabina c\u00e1lida para todos los pasajeros.<\/p>\n<p>&nbsp;<\/p>\n<h2>Tecnolog\u00eda y confort en la nieve<\/h2>\n<p>La durabilidad de la Nissan Frontier la hace resistente a las condiciones extremas del invierno. Es esencial realizar un mantenimiento adecuado para asegurar su rendimiento \u00f3ptimo. Nissan Argentina recomienda visitar cualquiera de sus 64 Centros de Servicio oficiales para chequear el estado integral del veh\u00edculo antes de emprender cualquier viaje.<\/p>\n<p>&nbsp;<\/p>\n<p><img decoding=\"async\" class=\"aligncenter wp-image-8236 size-full\" src=\"https:\/\/autofans.com.ar\/wp-content\/uploads\/2024\/07\/nissan-3.jpg\" alt=\"Nissan Frontier\" width=\"1000\" height=\"667\" srcset=\"https:\/\/autofans.com.ar\/wp-content\/uploads\/2024\/07\/nissan-3.jpg 1000w, https:\/\/autofans.com.ar\/wp-content\/uploads\/2024\/07\/nissan-3-300x200.jpg 300w, https:\/\/autofans.com.ar\/wp-content\/uploads\/2024\/07\/nissan-3-768x512.jpg 768w\" sizes=\"(max-width: 1000px) 100vw, 1000px\" \/><\/p>\n<p>&nbsp;<\/p>\n<p>Con la Nissan Frontier, est\u00e1s listo para enfrentar las condiciones m\u00e1s desafiantes del invierno argentino. Su tecnolog\u00eda, seguridad y confort la convierten en la compa\u00f1era ideal para tus viajes al sur del pa\u00eds.<\/p>\n<p>&nbsp;<\/p>\n<p>&nbsp;<\/p>\n<p>&nbsp;<\/p>\n<p><i>Para enterarte de m\u00e1s novedades, no dejes de leer\u00a0<\/i><a href=\"https:\/\/autofans.thebrandsoup.com\/\"><i>nuestras notas<\/i><\/a><i>, de ver<\/i><b><i>\u00a0<\/i><\/b><a href=\"https:\/\/www.youtube.com\/channel\/UCgAC8UGHZYbT6P7PpmVnP7g\"><b><i>AUTOFANS TV<\/i><\/b><\/a><b><i>\u00a0<\/i><\/b><i>en nuestro\u00a0canal de Youtube. Adem\u00e1s seguinos en\u00a0<\/i><a href=\"https:\/\/www.instagram.com\/autofanstv\/\"><i>INSTAGRAM<\/i><\/a><i> y <\/i><a href=\"https:\/\/www.facebook.com\/autofansmas\/\"><i>FACEBOOK<\/i><\/a><i> para no perderte nada sobre las novedades del segmento automotor de Argentina y el mundo.<\/i><\/p>\n","protected":false},"excerpt":{"rendered":"<p>Durante el oto\u00f1o, la Patagonia vivi\u00f3 nevadas hist\u00f3ricas, acompa\u00f1adas de temperaturas m\u00e1s bajas de lo&#8230;<\/p>\n","protected":false},"author":2,"featured_media":8237,"comment_status":"closed","ping_status":"closed","sticky":false,"template":"","format":"standard","meta":{"footnotes":""},"categories":[16,10],"tags":[],"class_list":["post-8235","post","type-post","status-publish","format-standard","has-post-thumbnail","hentry","category-noticias","category-utilitarios-y-pesados-lanzamientos"],"yoast_head":"<!-- This site is optimized with the Yoast SEO plugin v27.5 - https:\/\/yoast.com\/product\/yoast-seo-wordpress\/ -->\n<title>Prep\u00e1rate para el invierno con la Nissan Frontier -<\/title>\n<meta name=\"description\" content=\"Durante el oto\u00f1o, la Patagonia vivi\u00f3 nevadas hist\u00f3ricas, acompa\u00f1adas de temperaturas bajas, y la Nissan Frontier es la opci\u00f3n perfecta...\" \/>\n<meta name=\"robots\" content=\"index, follow, max-snippet:-1, max-image-preview:large, max-video-preview:-1\" \/>\n<link rel=\"canonical\" href=\"https:\/\/autofans.com.ar\/index.php\/2024\/07\/10\/preparate-para-el-invierno-con-la-nissan-frontier\/\" \/>\n<meta property=\"og:locale\" content=\"es_ES\" \/>\n<meta property=\"og:type\" content=\"article\" \/>\n<meta property=\"og:title\" content=\"Prep\u00e1rate para el invierno con la Nissan Frontier -\" \/>\n<meta property=\"og:description\" content=\"Durante el oto\u00f1o, la Patagonia vivi\u00f3 nevadas hist\u00f3ricas, acompa\u00f1adas de temperaturas bajas, y la Nissan Frontier es la opci\u00f3n perfecta...\" \/>\n<meta property=\"og:url\" content=\"https:\/\/autofans.com.ar\/index.php\/2024\/07\/10\/preparate-para-el-invierno-con-la-nissan-frontier\/\" \/>\n<meta property=\"article:published_time\" content=\"2024-07-10T20:17:37+00:00\" \/>\n<meta property=\"og:image\" content=\"https:\/\/autofans.com.ar\/wp-content\/uploads\/2024\/07\/nissan-2.jpg\" \/>\n\t<meta property=\"og:image:width\" content=\"640\" \/>\n\t<meta property=\"og:image:height\" content=\"427\" \/>\n\t<meta property=\"og:image:type\" content=\"image\/jpeg\" \/>\n<meta name=\"author\" content=\"Alejandro Gabriel Rosito\" \/>\n<meta name=\"twitter:card\" content=\"summary_large_image\" \/>\n<meta name=\"twitter:label1\" content=\"Escrito por\" \/>\n\t<meta name=\"twitter:data1\" content=\"Alejandro Gabriel Rosito\" \/>\n\t<meta name=\"twitter:label2\" content=\"Tiempo de lectura\" \/>\n\t<meta name=\"twitter:data2\" content=\"3 minutos\" \/>\n<script type=\"application\/ld+json\" class=\"yoast-schema-graph\">{\"@context\":\"https:\\\/\\\/schema.org\",\"@graph\":[{\"@type\":\"Article\",\"@id\":\"https:\\\/\\\/autofans.com.ar\\\/index.php\\\/2024\\\/07\\\/10\\\/preparate-para-el-invierno-con-la-nissan-frontier\\\/#article\",\"isPartOf\":{\"@id\":\"https:\\\/\\\/autofans.com.ar\\\/index.php\\\/2024\\\/07\\\/10\\\/preparate-para-el-invierno-con-la-nissan-frontier\\\/\"},\"author\":{\"name\":\"Alejandro Gabriel Rosito\",\"@id\":\"https:\\\/\\\/autofans.com.ar\\\/#\\\/schema\\\/person\\\/4a8dda0b6df83ac3d6723e921274c2aa\"},\"headline\":\"Prep\u00e1rate para el invierno con la Nissan Frontier\",\"datePublished\":\"2024-07-10T20:17:37+00:00\",\"mainEntityOfPage\":{\"@id\":\"https:\\\/\\\/autofans.com.ar\\\/index.php\\\/2024\\\/07\\\/10\\\/preparate-para-el-invierno-con-la-nissan-frontier\\\/\"},\"wordCount\":417,\"image\":{\"@id\":\"https:\\\/\\\/autofans.com.ar\\\/index.php\\\/2024\\\/07\\\/10\\\/preparate-para-el-invierno-con-la-nissan-frontier\\\/#primaryimage\"},\"thumbnailUrl\":\"https:\\\/\\\/autofans.com.ar\\\/wp-content\\\/uploads\\\/2024\\\/07\\\/nissan-2.jpg\",\"articleSection\":[\"NOTICIAS\",\"Pick Ups, Utilitarios y Pesados\"],\"inLanguage\":\"es\"},{\"@type\":\"WebPage\",\"@id\":\"https:\\\/\\\/autofans.com.ar\\\/index.php\\\/2024\\\/07\\\/10\\\/preparate-para-el-invierno-con-la-nissan-frontier\\\/\",\"url\":\"https:\\\/\\\/autofans.com.ar\\\/index.php\\\/2024\\\/07\\\/10\\\/preparate-para-el-invierno-con-la-nissan-frontier\\\/\",\"name\":\"Prep\u00e1rate para el invierno con la Nissan Frontier -\",\"isPartOf\":{\"@id\":\"https:\\\/\\\/autofans.com.ar\\\/#website\"},\"primaryImageOfPage\":{\"@id\":\"https:\\\/\\\/autofans.com.ar\\\/index.php\\\/2024\\\/07\\\/10\\\/preparate-para-el-invierno-con-la-nissan-frontier\\\/#primaryimage\"},\"image\":{\"@id\":\"https:\\\/\\\/autofans.com.ar\\\/index.php\\\/2024\\\/07\\\/10\\\/preparate-para-el-invierno-con-la-nissan-frontier\\\/#primaryimage\"},\"thumbnailUrl\":\"https:\\\/\\\/autofans.com.ar\\\/wp-content\\\/uploads\\\/2024\\\/07\\\/nissan-2.jpg\",\"datePublished\":\"2024-07-10T20:17:37+00:00\",\"author\":{\"@id\":\"https:\\\/\\\/autofans.com.ar\\\/#\\\/schema\\\/person\\\/4a8dda0b6df83ac3d6723e921274c2aa\"},\"description\":\"Durante el oto\u00f1o, la Patagonia vivi\u00f3 nevadas hist\u00f3ricas, acompa\u00f1adas de temperaturas bajas, y la Nissan Frontier es la opci\u00f3n perfecta...\",\"breadcrumb\":{\"@id\":\"https:\\\/\\\/autofans.com.ar\\\/index.php\\\/2024\\\/07\\\/10\\\/preparate-para-el-invierno-con-la-nissan-frontier\\\/#breadcrumb\"},\"inLanguage\":\"es\",\"potentialAction\":[{\"@type\":\"ReadAction\",\"target\":[\"https:\\\/\\\/autofans.com.ar\\\/index.php\\\/2024\\\/07\\\/10\\\/preparate-para-el-invierno-con-la-nissan-frontier\\\/\"]}]},{\"@type\":\"ImageObject\",\"inLanguage\":\"es\",\"@id\":\"https:\\\/\\\/autofans.com.ar\\\/index.php\\\/2024\\\/07\\\/10\\\/preparate-para-el-invierno-con-la-nissan-frontier\\\/#primaryimage\",\"url\":\"https:\\\/\\\/autofans.com.ar\\\/wp-content\\\/uploads\\\/2024\\\/07\\\/nissan-2.jpg\",\"contentUrl\":\"https:\\\/\\\/autofans.com.ar\\\/wp-content\\\/uploads\\\/2024\\\/07\\\/nissan-2.jpg\",\"width\":1000,\"height\":667,\"caption\":\"Nissan Frontier\"},{\"@type\":\"BreadcrumbList\",\"@id\":\"https:\\\/\\\/autofans.com.ar\\\/index.php\\\/2024\\\/07\\\/10\\\/preparate-para-el-invierno-con-la-nissan-frontier\\\/#breadcrumb\",\"itemListElement\":[{\"@type\":\"ListItem\",\"position\":1,\"name\":\"Inicio\",\"item\":\"https:\\\/\\\/autofans.com.ar\\\/\"},{\"@type\":\"ListItem\",\"position\":2,\"name\":\"Prep\u00e1rate para el invierno con la Nissan Frontier\"}]},{\"@type\":\"WebSite\",\"@id\":\"https:\\\/\\\/autofans.com.ar\\\/#website\",\"url\":\"https:\\\/\\\/autofans.com.ar\\\/\",\"name\":\"\",\"description\":\"El multimedio referente de la industria automotriz\",\"potentialAction\":[{\"@type\":\"SearchAction\",\"target\":{\"@type\":\"EntryPoint\",\"urlTemplate\":\"https:\\\/\\\/autofans.com.ar\\\/?s={search_term_string}\"},\"query-input\":{\"@type\":\"PropertyValueSpecification\",\"valueRequired\":true,\"valueName\":\"search_term_string\"}}],\"inLanguage\":\"es\"},{\"@type\":\"Person\",\"@id\":\"https:\\\/\\\/autofans.com.ar\\\/#\\\/schema\\\/person\\\/4a8dda0b6df83ac3d6723e921274c2aa\",\"name\":\"Alejandro Gabriel Rosito\",\"image\":{\"@type\":\"ImageObject\",\"inLanguage\":\"es\",\"@id\":\"https:\\\/\\\/secure.gravatar.com\\\/avatar\\\/16c5dda1489adfc62618084dcbb91cffd879c374b13fe5dd8e44ed6733852c88?s=96&d=mm&r=g\",\"url\":\"https:\\\/\\\/secure.gravatar.com\\\/avatar\\\/16c5dda1489adfc62618084dcbb91cffd879c374b13fe5dd8e44ed6733852c88?s=96&d=mm&r=g\",\"contentUrl\":\"https:\\\/\\\/secure.gravatar.com\\\/avatar\\\/16c5dda1489adfc62618084dcbb91cffd879c374b13fe5dd8e44ed6733852c88?s=96&d=mm&r=g\",\"caption\":\"Alejandro Gabriel Rosito\"},\"url\":\"https:\\\/\\\/autofans.com.ar\\\/index.php\\\/author\\\/gabrielr\\\/\"}]}<\/script>\n<!-- \/ Yoast SEO plugin. -->","yoast_head_json":{"title":"Prep\u00e1rate para el invierno con la Nissan Frontier -","description":"Durante el oto\u00f1o, la Patagonia vivi\u00f3 nevadas hist\u00f3ricas, acompa\u00f1adas de temperaturas bajas, y la Nissan Frontier es la opci\u00f3n perfecta...","robots":{"index":"index","follow":"follow","max-snippet":"max-snippet:-1","max-image-preview":"max-image-preview:large","max-video-preview":"max-video-preview:-1"},"canonical":"https:\/\/autofans.com.ar\/index.php\/2024\/07\/10\/preparate-para-el-invierno-con-la-nissan-frontier\/","og_locale":"es_ES","og_type":"article","og_title":"Prep\u00e1rate para el invierno con la Nissan Frontier -","og_description":"Durante el oto\u00f1o, la Patagonia vivi\u00f3 nevadas hist\u00f3ricas, acompa\u00f1adas de temperaturas bajas, y la Nissan Frontier es la opci\u00f3n perfecta...","og_url":"https:\/\/autofans.com.ar\/index.php\/2024\/07\/10\/preparate-para-el-invierno-con-la-nissan-frontier\/","article_published_time":"2024-07-10T20:17:37+00:00","og_image":[{"url":"https:\/\/autofans.com.ar\/wp-content\/uploads\/2024\/07\/nissan-2.jpg","width":640,"height":427,"type":"image\/jpeg"}],"author":"Alejandro Gabriel Rosito","twitter_card":"summary_large_image","twitter_misc":{"Escrito por":"Alejandro Gabriel Rosito","Tiempo de lectura":"3 minutos"},"schema":{"@context":"https:\/\/schema.org","@graph":[{"@type":"Article","@id":"https:\/\/autofans.com.ar\/index.php\/2024\/07\/10\/preparate-para-el-invierno-con-la-nissan-frontier\/#article","isPartOf":{"@id":"https:\/\/autofans.com.ar\/index.php\/2024\/07\/10\/preparate-para-el-invierno-con-la-nissan-frontier\/"},"author":{"name":"Alejandro Gabriel Rosito","@id":"https:\/\/autofans.com.ar\/#\/schema\/person\/4a8dda0b6df83ac3d6723e921274c2aa"},"headline":"Prep\u00e1rate para el invierno con la Nissan Frontier","datePublished":"2024-07-10T20:17:37+00:00","mainEntityOfPage":{"@id":"https:\/\/autofans.com.ar\/index.php\/2024\/07\/10\/preparate-para-el-invierno-con-la-nissan-frontier\/"},"wordCount":417,"image":{"@id":"https:\/\/autofans.com.ar\/index.php\/2024\/07\/10\/preparate-para-el-invierno-con-la-nissan-frontier\/#primaryimage"},"thumbnailUrl":"https:\/\/autofans.com.ar\/wp-content\/uploads\/2024\/07\/nissan-2.jpg","articleSection":["NOTICIAS","Pick Ups, Utilitarios y Pesados"],"inLanguage":"es"},{"@type":"WebPage","@id":"https:\/\/autofans.com.ar\/index.php\/2024\/07\/10\/preparate-para-el-invierno-con-la-nissan-frontier\/","url":"https:\/\/autofans.com.ar\/index.php\/2024\/07\/10\/preparate-para-el-invierno-con-la-nissan-frontier\/","name":"Prep\u00e1rate para el invierno con la Nissan Frontier -","isPartOf":{"@id":"https:\/\/autofans.com.ar\/#website"},"primaryImageOfPage":{"@id":"https:\/\/autofans.com.ar\/index.php\/2024\/07\/10\/preparate-para-el-invierno-con-la-nissan-frontier\/#primaryimage"},"image":{"@id":"https:\/\/autofans.com.ar\/index.php\/2024\/07\/10\/preparate-para-el-invierno-con-la-nissan-frontier\/#primaryimage"},"thumbnailUrl":"https:\/\/autofans.com.ar\/wp-content\/uploads\/2024\/07\/nissan-2.jpg","datePublished":"2024-07-10T20:17:37+00:00","author":{"@id":"https:\/\/autofans.com.ar\/#\/schema\/person\/4a8dda0b6df83ac3d6723e921274c2aa"},"description":"Durante el oto\u00f1o, la Patagonia vivi\u00f3 nevadas hist\u00f3ricas, acompa\u00f1adas de temperaturas bajas, y la Nissan Frontier es la opci\u00f3n perfecta...","breadcrumb":{"@id":"https:\/\/autofans.com.ar\/index.php\/2024\/07\/10\/preparate-para-el-invierno-con-la-nissan-frontier\/#breadcrumb"},"inLanguage":"es","potentialAction":[{"@type":"ReadAction","target":["https:\/\/autofans.com.ar\/index.php\/2024\/07\/10\/preparate-para-el-invierno-con-la-nissan-frontier\/"]}]},{"@type":"ImageObject","inLanguage":"es","@id":"https:\/\/autofans.com.ar\/index.php\/2024\/07\/10\/preparate-para-el-invierno-con-la-nissan-frontier\/#primaryimage","url":"https:\/\/autofans.com.ar\/wp-content\/uploads\/2024\/07\/nissan-2.jpg","contentUrl":"https:\/\/autofans.com.ar\/wp-content\/uploads\/2024\/07\/nissan-2.jpg","width":1000,"height":667,"caption":"Nissan Frontier"},{"@type":"BreadcrumbList","@id":"https:\/\/autofans.com.ar\/index.php\/2024\/07\/10\/preparate-para-el-invierno-con-la-nissan-frontier\/#breadcrumb","itemListElement":[{"@type":"ListItem","position":1,"name":"Inicio","item":"https:\/\/autofans.com.ar\/"},{"@type":"ListItem","position":2,"name":"Prep\u00e1rate para el invierno con la Nissan Frontier"}]},{"@type":"WebSite","@id":"https:\/\/autofans.com.ar\/#website","url":"https:\/\/autofans.com.ar\/","name":"","description":"El multimedio referente de la industria automotriz","potentialAction":[{"@type":"SearchAction","target":{"@type":"EntryPoint","urlTemplate":"https:\/\/autofans.com.ar\/?s={search_term_string}"},"query-input":{"@type":"PropertyValueSpecification","valueRequired":true,"valueName":"search_term_string"}}],"inLanguage":"es"},{"@type":"Person","@id":"https:\/\/autofans.com.ar\/#\/schema\/person\/4a8dda0b6df83ac3d6723e921274c2aa","name":"Alejandro Gabriel Rosito","image":{"@type":"ImageObject","inLanguage":"es","@id":"https:\/\/secure.gravatar.com\/avatar\/16c5dda1489adfc62618084dcbb91cffd879c374b13fe5dd8e44ed6733852c88?s=96&d=mm&r=g","url":"https:\/\/secure.gravatar.com\/avatar\/16c5dda1489adfc62618084dcbb91cffd879c374b13fe5dd8e44ed6733852c88?s=96&d=mm&r=g","contentUrl":"https:\/\/secure.gravatar.com\/avatar\/16c5dda1489adfc62618084dcbb91cffd879c374b13fe5dd8e44ed6733852c88?s=96&d=mm&r=g","caption":"Alejandro Gabriel Rosito"},"url":"https:\/\/autofans.com.ar\/index.php\/author\/gabrielr\/"}]}},"featured_image_urls":{"full":["https:\/\/autofans.com.ar\/wp-content\/uploads\/2024\/07\/nissan-2.jpg",1000,667,false],"thumbnail":["https:\/\/autofans.com.ar\/wp-content\/uploads\/2024\/07\/nissan-2-150x150.jpg",150,150,true],"medium":["https:\/\/autofans.com.ar\/wp-content\/uploads\/2024\/07\/nissan-2-300x200.jpg",300,200,true],"medium_large":["https:\/\/autofans.com.ar\/wp-content\/uploads\/2024\/07\/nissan-2-768x512.jpg",640,427,true],"large":["https:\/\/autofans.com.ar\/wp-content\/uploads\/2024\/07\/nissan-2.jpg",640,427,false],"1536x1536":["https:\/\/autofans.com.ar\/wp-content\/uploads\/2024\/07\/nissan-2.jpg",1000,667,false],"2048x2048":["https:\/\/autofans.com.ar\/wp-content\/uploads\/2024\/07\/nissan-2.jpg",1000,667,false],"covernews-featured":["https:\/\/autofans.com.ar\/wp-content\/uploads\/2024\/07\/nissan-2.jpg",1000,667,false],"covernews-medium":["https:\/\/autofans.com.ar\/wp-content\/uploads\/2024\/07\/nissan-2-540x340.jpg",540,340,true]},"author_info":{"display_name":"Alejandro Gabriel Rosito","author_link":"https:\/\/autofans.com.ar\/index.php\/author\/gabrielr\/"},"category_info":"<a href=\"https:\/\/autofans.com.ar\/index.php\/category\/noticias\/\" rel=\"category tag\">NOTICIAS<\/a> <a href=\"https:\/\/autofans.com.ar\/index.php\/category\/lanzamientos\/utilitarios-y-pesados-lanzamientos\/\" rel=\"category tag\">Pick Ups, Utilitarios y Pesados<\/a>","tag_info":"Pick Ups, Utilitarios y Pesados","comment_count":0,"_links":{"self":[{"href":"https:\/\/autofans.com.ar\/index.php\/wp-json\/wp\/v2\/posts\/8235","targetHints":{"allow":["GET"]}}],"collection":[{"href":"https:\/\/autofans.com.ar\/index.php\/wp-json\/wp\/v2\/posts"}],"about":[{"href":"https:\/\/autofans.com.ar\/index.php\/wp-json\/wp\/v2\/types\/post"}],"author":[{"embeddable":true,"href":"https:\/\/autofans.com.ar\/index.php\/wp-json\/wp\/v2\/users\/2"}],"replies":[{"embeddable":true,"href":"https:\/\/autofans.com.ar\/index.php\/wp-json\/wp\/v2\/comments?post=8235"}],"version-history":[{"count":1,"href":"https:\/\/autofans.com.ar\/index.php\/wp-json\/wp\/v2\/posts\/8235\/revisions"}],"predecessor-version":[{"id":8240,"href":"https:\/\/autofans.com.ar\/index.php\/wp-json\/wp\/v2\/posts\/8235\/revisions\/8240"}],"wp:featuredmedia":[{"embeddable":true,"href":"https:\/\/autofans.com.ar\/index.php\/wp-json\/wp\/v2\/media\/8237"}],"wp:attachment":[{"href":"https:\/\/autofans.com.ar\/index.php\/wp-json\/wp\/v2\/media?parent=8235"}],"wp:term":[{"taxonomy":"category","embeddable":true,"href":"https:\/\/autofans.com.ar\/index.php\/wp-json\/wp\/v2\/categories?post=8235"},{"taxonomy":"post_tag","embeddable":true,"href":"https:\/\/autofans.com.ar\/index.php\/wp-json\/wp\/v2\/tags?post=8235"}],"curies":[{"name":"wp","href":"https:\/\/api.w.org\/{rel}","templated":true}]}}