{"id":8259,"date":"2024-07-12T14:39:01","date_gmt":"2024-07-12T17:39:01","guid":{"rendered":"https:\/\/autofans.com.ar\/?p=8259"},"modified":"2024-07-12T18:31:34","modified_gmt":"2024-07-12T21:31:34","slug":"disfruta-de-un-test-drive-con-nissan-en-nordelta-estas-vacaciones","status":"publish","type":"post","link":"https:\/\/autofans.com.ar\/index.php\/2024\/07\/12\/disfruta-de-un-test-drive-con-nissan-en-nordelta-estas-vacaciones\/","title":{"rendered":"Disfrut\u00e1 de un test drive con Nissan en Nordelta estas vacaciones"},"content":{"rendered":"<p>Nissan Argentina te invita a vivir una experiencia \u00fanica en el Centro Comercial Nordelta durante estas vacaciones de invierno. Del 13 al 28 de julio, de 10 a 21 horas, tendr\u00e1s la oportunidad de realizar test drives de los \u00faltimos modelos de Nissan y descubrir sus innovaciones tecnol\u00f3gicas y confort de primera mano.<\/p>\n<p>&nbsp;<\/p>\n<h2>Viv\u00ed la Experiencia Nissan en el Centro Comercial Nordelta<\/h2>\n<p>La marca ofrece la posibilidad de probar tres modelos destacados: el Nissan X-Trail Exclusive, el Nissan X-Trail e-POWER y la pickup nacional Nissan Frontier PRO4X. Adem\u00e1s, pod\u00e9s conocer de cerca la sofisticada Nissan Frontier Platinum. Esta iniciativa reafirma el compromiso de Nissan de acercarse a sus clientes y brindarles experiencias extraordinarias.<\/p>\n<p>&nbsp;<\/p>\n<p><img fetchpriority=\"high\" decoding=\"async\" class=\"alignnone wp-image-8260 size-full\" src=\"https:\/\/autofans.com.ar\/wp-content\/uploads\/2024\/07\/nissa-2.jpg\" alt=\"Nordelta\" width=\"1000\" height=\"667\" srcset=\"https:\/\/autofans.com.ar\/wp-content\/uploads\/2024\/07\/nissa-2.jpg 1000w, https:\/\/autofans.com.ar\/wp-content\/uploads\/2024\/07\/nissa-2-300x200.jpg 300w, https:\/\/autofans.com.ar\/wp-content\/uploads\/2024\/07\/nissa-2-768x512.jpg 768w\" sizes=\"(max-width: 1000px) 100vw, 1000px\" \/><\/p>\n<p>&nbsp;<\/p>\n<p>Para solicitar tu test drive, pod\u00e9s hacerlo de manera presencial en el centro comercial o a trav\u00e9s de Whatsapp al 11 7604 \u2013 7640 a partir del 13 de julio.<\/p>\n<p>Para m\u00e1s informaci\u00f3n, visit\u00e1 <a href=\"https:\/\/www.nissan.com.ar\/test-drive-nordelta.html\" target=\"_blank\" rel=\"noopener noreferrer\">Nissan Argentina<\/a>.<\/p>\n<p>&nbsp;<\/p>\n<p>&nbsp;<\/p>\n<p>&nbsp;<\/p>\n<p><i>Para enterarte de m\u00e1s novedades, no dejes de leer\u00a0<\/i><a href=\"https:\/\/autofans.thebrandsoup.com\/\"><i>nuestras notas<\/i><\/a><i>, de ver<\/i><b><i>\u00a0<\/i><\/b><a href=\"https:\/\/www.youtube.com\/channel\/UCgAC8UGHZYbT6P7PpmVnP7g\"><b><i>AUTOFANS TV<\/i><\/b><\/a><b><i>\u00a0<\/i><\/b><i>en nuestro\u00a0canal de Youtube. Adem\u00e1s seguinos en\u00a0<\/i><a href=\"https:\/\/www.instagram.com\/autofanstv\/\"><i>INSTAGRAM<\/i><\/a><i> y <\/i><a href=\"https:\/\/www.facebook.com\/autofansmas\/\"><i>FACEBOOK<\/i><\/a><i> para no perderte nada sobre las novedades del segmento automotor de Argentina y el mundo.<\/i><\/p>\n","protected":false},"excerpt":{"rendered":"<p>Nissan Argentina te invita a vivir una experiencia \u00fanica en el Centro Comercial Nordelta durante&#8230;<\/p>\n","protected":false},"author":2,"featured_media":8261,"comment_status":"closed","ping_status":"closed","sticky":false,"template":"","format":"standard","meta":{"footnotes":""},"categories":[6,16],"tags":[4403,46,897,3446,78,4389,4031],"class_list":["post-8259","post","type-post","status-publish","format-standard","has-post-thumbnail","hentry","category-bizstyle","category-noticias","tag-centro-comercial-nordelta","tag-nissan-argentina","tag-nissan-frontier","tag-nissan-x-trail","tag-test-drive","tag-vacaciones-de-invierno","tag-vehiculos-nissan"],"yoast_head":"<!-- This site is optimized with the Yoast SEO plugin v27.5 - https:\/\/yoast.com\/product\/yoast-seo-wordpress\/ -->\n<title>Disfrut\u00e1 de un test drive con Nissan en Nordelta estas vacaciones -<\/title>\n<meta name=\"description\" content=\"Nissan te invita a vivir una experiencia \u00fanica en el Centro Comercial Nordelta durante estas vacaciones de invierno. Del 13 al 28 de julio...\" \/>\n<meta name=\"robots\" content=\"index, follow, max-snippet:-1, max-image-preview:large, max-video-preview:-1\" \/>\n<link rel=\"canonical\" href=\"https:\/\/autofans.com.ar\/index.php\/2024\/07\/12\/disfruta-de-un-test-drive-con-nissan-en-nordelta-estas-vacaciones\/\" \/>\n<meta property=\"og:locale\" content=\"es_ES\" \/>\n<meta property=\"og:type\" content=\"article\" \/>\n<meta property=\"og:title\" content=\"Disfrut\u00e1 de un test drive con Nissan en Nordelta estas vacaciones -\" \/>\n<meta property=\"og:description\" content=\"Nissan te invita a vivir una experiencia \u00fanica en el Centro Comercial Nordelta durante estas vacaciones de invierno. Del 13 al 28 de julio...\" \/>\n<meta property=\"og:url\" content=\"https:\/\/autofans.com.ar\/index.php\/2024\/07\/12\/disfruta-de-un-test-drive-con-nissan-en-nordelta-estas-vacaciones\/\" \/>\n<meta property=\"article:published_time\" content=\"2024-07-12T17:39:01+00:00\" \/>\n<meta property=\"article:modified_time\" content=\"2024-07-12T21:31:34+00:00\" \/>\n<meta property=\"og:image\" content=\"https:\/\/autofans.com.ar\/wp-content\/uploads\/2024\/07\/nissa-1.jpg\" \/>\n\t<meta property=\"og:image:width\" content=\"640\" \/>\n\t<meta property=\"og:image:height\" content=\"427\" \/>\n\t<meta property=\"og:image:type\" content=\"image\/jpeg\" \/>\n<meta name=\"author\" content=\"Alejandro Gabriel Rosito\" \/>\n<meta name=\"twitter:card\" content=\"summary_large_image\" \/>\n<meta name=\"twitter:label1\" content=\"Escrito por\" \/>\n\t<meta name=\"twitter:data1\" content=\"Alejandro Gabriel Rosito\" \/>\n\t<meta name=\"twitter:label2\" content=\"Tiempo de lectura\" \/>\n\t<meta name=\"twitter:data2\" content=\"2 minutos\" \/>\n<script type=\"application\/ld+json\" class=\"yoast-schema-graph\">{\"@context\":\"https:\\\/\\\/schema.org\",\"@graph\":[{\"@type\":\"Article\",\"@id\":\"https:\\\/\\\/autofans.com.ar\\\/index.php\\\/2024\\\/07\\\/12\\\/disfruta-de-un-test-drive-con-nissan-en-nordelta-estas-vacaciones\\\/#article\",\"isPartOf\":{\"@id\":\"https:\\\/\\\/autofans.com.ar\\\/index.php\\\/2024\\\/07\\\/12\\\/disfruta-de-un-test-drive-con-nissan-en-nordelta-estas-vacaciones\\\/\"},\"author\":{\"name\":\"Alejandro Gabriel Rosito\",\"@id\":\"https:\\\/\\\/autofans.com.ar\\\/#\\\/schema\\\/person\\\/4a8dda0b6df83ac3d6723e921274c2aa\"},\"headline\":\"Disfrut\u00e1 de un test drive con Nissan en Nordelta estas vacaciones\",\"datePublished\":\"2024-07-12T17:39:01+00:00\",\"dateModified\":\"2024-07-12T21:31:34+00:00\",\"mainEntityOfPage\":{\"@id\":\"https:\\\/\\\/autofans.com.ar\\\/index.php\\\/2024\\\/07\\\/12\\\/disfruta-de-un-test-drive-con-nissan-en-nordelta-estas-vacaciones\\\/\"},\"wordCount\":209,\"image\":{\"@id\":\"https:\\\/\\\/autofans.com.ar\\\/index.php\\\/2024\\\/07\\\/12\\\/disfruta-de-un-test-drive-con-nissan-en-nordelta-estas-vacaciones\\\/#primaryimage\"},\"thumbnailUrl\":\"https:\\\/\\\/autofans.com.ar\\\/wp-content\\\/uploads\\\/2024\\\/07\\\/nissa-1.jpg\",\"keywords\":[\"Centro Comercial Nordelta\",\"Nissan Argentina\",\"Nissan Frontier\",\"Nissan X-Trail\",\"Test Drive\",\"vacaciones de invierno\",\"Veh\u00edculos Nissan\"],\"articleSection\":[\"BIZSTYLE\",\"NOTICIAS\"],\"inLanguage\":\"es\"},{\"@type\":\"WebPage\",\"@id\":\"https:\\\/\\\/autofans.com.ar\\\/index.php\\\/2024\\\/07\\\/12\\\/disfruta-de-un-test-drive-con-nissan-en-nordelta-estas-vacaciones\\\/\",\"url\":\"https:\\\/\\\/autofans.com.ar\\\/index.php\\\/2024\\\/07\\\/12\\\/disfruta-de-un-test-drive-con-nissan-en-nordelta-estas-vacaciones\\\/\",\"name\":\"Disfrut\u00e1 de un test drive con Nissan en Nordelta estas vacaciones -\",\"isPartOf\":{\"@id\":\"https:\\\/\\\/autofans.com.ar\\\/#website\"},\"primaryImageOfPage\":{\"@id\":\"https:\\\/\\\/autofans.com.ar\\\/index.php\\\/2024\\\/07\\\/12\\\/disfruta-de-un-test-drive-con-nissan-en-nordelta-estas-vacaciones\\\/#primaryimage\"},\"image\":{\"@id\":\"https:\\\/\\\/autofans.com.ar\\\/index.php\\\/2024\\\/07\\\/12\\\/disfruta-de-un-test-drive-con-nissan-en-nordelta-estas-vacaciones\\\/#primaryimage\"},\"thumbnailUrl\":\"https:\\\/\\\/autofans.com.ar\\\/wp-content\\\/uploads\\\/2024\\\/07\\\/nissa-1.jpg\",\"datePublished\":\"2024-07-12T17:39:01+00:00\",\"dateModified\":\"2024-07-12T21:31:34+00:00\",\"author\":{\"@id\":\"https:\\\/\\\/autofans.com.ar\\\/#\\\/schema\\\/person\\\/4a8dda0b6df83ac3d6723e921274c2aa\"},\"description\":\"Nissan te invita a vivir una experiencia \u00fanica en el Centro Comercial Nordelta durante estas vacaciones de invierno. Del 13 al 28 de julio...\",\"breadcrumb\":{\"@id\":\"https:\\\/\\\/autofans.com.ar\\\/index.php\\\/2024\\\/07\\\/12\\\/disfruta-de-un-test-drive-con-nissan-en-nordelta-estas-vacaciones\\\/#breadcrumb\"},\"inLanguage\":\"es\",\"potentialAction\":[{\"@type\":\"ReadAction\",\"target\":[\"https:\\\/\\\/autofans.com.ar\\\/index.php\\\/2024\\\/07\\\/12\\\/disfruta-de-un-test-drive-con-nissan-en-nordelta-estas-vacaciones\\\/\"]}]},{\"@type\":\"ImageObject\",\"inLanguage\":\"es\",\"@id\":\"https:\\\/\\\/autofans.com.ar\\\/index.php\\\/2024\\\/07\\\/12\\\/disfruta-de-un-test-drive-con-nissan-en-nordelta-estas-vacaciones\\\/#primaryimage\",\"url\":\"https:\\\/\\\/autofans.com.ar\\\/wp-content\\\/uploads\\\/2024\\\/07\\\/nissa-1.jpg\",\"contentUrl\":\"https:\\\/\\\/autofans.com.ar\\\/wp-content\\\/uploads\\\/2024\\\/07\\\/nissa-1.jpg\",\"width\":1000,\"height\":667,\"caption\":\"Nordelta\"},{\"@type\":\"BreadcrumbList\",\"@id\":\"https:\\\/\\\/autofans.com.ar\\\/index.php\\\/2024\\\/07\\\/12\\\/disfruta-de-un-test-drive-con-nissan-en-nordelta-estas-vacaciones\\\/#breadcrumb\",\"itemListElement\":[{\"@type\":\"ListItem\",\"position\":1,\"name\":\"Inicio\",\"item\":\"https:\\\/\\\/autofans.com.ar\\\/\"},{\"@type\":\"ListItem\",\"position\":2,\"name\":\"Disfrut\u00e1 de un test drive con Nissan en Nordelta estas vacaciones\"}]},{\"@type\":\"WebSite\",\"@id\":\"https:\\\/\\\/autofans.com.ar\\\/#website\",\"url\":\"https:\\\/\\\/autofans.com.ar\\\/\",\"name\":\"\",\"description\":\"El multimedio referente de la industria automotriz\",\"potentialAction\":[{\"@type\":\"SearchAction\",\"target\":{\"@type\":\"EntryPoint\",\"urlTemplate\":\"https:\\\/\\\/autofans.com.ar\\\/?s={search_term_string}\"},\"query-input\":{\"@type\":\"PropertyValueSpecification\",\"valueRequired\":true,\"valueName\":\"search_term_string\"}}],\"inLanguage\":\"es\"},{\"@type\":\"Person\",\"@id\":\"https:\\\/\\\/autofans.com.ar\\\/#\\\/schema\\\/person\\\/4a8dda0b6df83ac3d6723e921274c2aa\",\"name\":\"Alejandro Gabriel Rosito\",\"image\":{\"@type\":\"ImageObject\",\"inLanguage\":\"es\",\"@id\":\"https:\\\/\\\/secure.gravatar.com\\\/avatar\\\/16c5dda1489adfc62618084dcbb91cffd879c374b13fe5dd8e44ed6733852c88?s=96&d=mm&r=g\",\"url\":\"https:\\\/\\\/secure.gravatar.com\\\/avatar\\\/16c5dda1489adfc62618084dcbb91cffd879c374b13fe5dd8e44ed6733852c88?s=96&d=mm&r=g\",\"contentUrl\":\"https:\\\/\\\/secure.gravatar.com\\\/avatar\\\/16c5dda1489adfc62618084dcbb91cffd879c374b13fe5dd8e44ed6733852c88?s=96&d=mm&r=g\",\"caption\":\"Alejandro Gabriel Rosito\"},\"url\":\"https:\\\/\\\/autofans.com.ar\\\/index.php\\\/author\\\/gabrielr\\\/\"}]}<\/script>\n<!-- \/ Yoast SEO plugin. -->","yoast_head_json":{"title":"Disfrut\u00e1 de un test drive con Nissan en Nordelta estas vacaciones -","description":"Nissan te invita a vivir una experiencia \u00fanica en el Centro Comercial Nordelta durante estas vacaciones de invierno. Del 13 al 28 de julio...","robots":{"index":"index","follow":"follow","max-snippet":"max-snippet:-1","max-image-preview":"max-image-preview:large","max-video-preview":"max-video-preview:-1"},"canonical":"https:\/\/autofans.com.ar\/index.php\/2024\/07\/12\/disfruta-de-un-test-drive-con-nissan-en-nordelta-estas-vacaciones\/","og_locale":"es_ES","og_type":"article","og_title":"Disfrut\u00e1 de un test drive con Nissan en Nordelta estas vacaciones -","og_description":"Nissan te invita a vivir una experiencia \u00fanica en el Centro Comercial Nordelta durante estas vacaciones de invierno. Del 13 al 28 de julio...","og_url":"https:\/\/autofans.com.ar\/index.php\/2024\/07\/12\/disfruta-de-un-test-drive-con-nissan-en-nordelta-estas-vacaciones\/","article_published_time":"2024-07-12T17:39:01+00:00","article_modified_time":"2024-07-12T21:31:34+00:00","og_image":[{"url":"https:\/\/autofans.com.ar\/wp-content\/uploads\/2024\/07\/nissa-1.jpg","width":640,"height":427,"type":"image\/jpeg"}],"author":"Alejandro Gabriel Rosito","twitter_card":"summary_large_image","twitter_misc":{"Escrito por":"Alejandro Gabriel Rosito","Tiempo de lectura":"2 minutos"},"schema":{"@context":"https:\/\/schema.org","@graph":[{"@type":"Article","@id":"https:\/\/autofans.com.ar\/index.php\/2024\/07\/12\/disfruta-de-un-test-drive-con-nissan-en-nordelta-estas-vacaciones\/#article","isPartOf":{"@id":"https:\/\/autofans.com.ar\/index.php\/2024\/07\/12\/disfruta-de-un-test-drive-con-nissan-en-nordelta-estas-vacaciones\/"},"author":{"name":"Alejandro Gabriel Rosito","@id":"https:\/\/autofans.com.ar\/#\/schema\/person\/4a8dda0b6df83ac3d6723e921274c2aa"},"headline":"Disfrut\u00e1 de un test drive con Nissan en Nordelta estas vacaciones","datePublished":"2024-07-12T17:39:01+00:00","dateModified":"2024-07-12T21:31:34+00:00","mainEntityOfPage":{"@id":"https:\/\/autofans.com.ar\/index.php\/2024\/07\/12\/disfruta-de-un-test-drive-con-nissan-en-nordelta-estas-vacaciones\/"},"wordCount":209,"image":{"@id":"https:\/\/autofans.com.ar\/index.php\/2024\/07\/12\/disfruta-de-un-test-drive-con-nissan-en-nordelta-estas-vacaciones\/#primaryimage"},"thumbnailUrl":"https:\/\/autofans.com.ar\/wp-content\/uploads\/2024\/07\/nissa-1.jpg","keywords":["Centro Comercial Nordelta","Nissan Argentina","Nissan Frontier","Nissan X-Trail","Test Drive","vacaciones de invierno","Veh\u00edculos Nissan"],"articleSection":["BIZSTYLE","NOTICIAS"],"inLanguage":"es"},{"@type":"WebPage","@id":"https:\/\/autofans.com.ar\/index.php\/2024\/07\/12\/disfruta-de-un-test-drive-con-nissan-en-nordelta-estas-vacaciones\/","url":"https:\/\/autofans.com.ar\/index.php\/2024\/07\/12\/disfruta-de-un-test-drive-con-nissan-en-nordelta-estas-vacaciones\/","name":"Disfrut\u00e1 de un test drive con Nissan en Nordelta estas vacaciones -","isPartOf":{"@id":"https:\/\/autofans.com.ar\/#website"},"primaryImageOfPage":{"@id":"https:\/\/autofans.com.ar\/index.php\/2024\/07\/12\/disfruta-de-un-test-drive-con-nissan-en-nordelta-estas-vacaciones\/#primaryimage"},"image":{"@id":"https:\/\/autofans.com.ar\/index.php\/2024\/07\/12\/disfruta-de-un-test-drive-con-nissan-en-nordelta-estas-vacaciones\/#primaryimage"},"thumbnailUrl":"https:\/\/autofans.com.ar\/wp-content\/uploads\/2024\/07\/nissa-1.jpg","datePublished":"2024-07-12T17:39:01+00:00","dateModified":"2024-07-12T21:31:34+00:00","author":{"@id":"https:\/\/autofans.com.ar\/#\/schema\/person\/4a8dda0b6df83ac3d6723e921274c2aa"},"description":"Nissan te invita a vivir una experiencia \u00fanica en el Centro Comercial Nordelta durante estas vacaciones de invierno. Del 13 al 28 de julio...","breadcrumb":{"@id":"https:\/\/autofans.com.ar\/index.php\/2024\/07\/12\/disfruta-de-un-test-drive-con-nissan-en-nordelta-estas-vacaciones\/#breadcrumb"},"inLanguage":"es","potentialAction":[{"@type":"ReadAction","target":["https:\/\/autofans.com.ar\/index.php\/2024\/07\/12\/disfruta-de-un-test-drive-con-nissan-en-nordelta-estas-vacaciones\/"]}]},{"@type":"ImageObject","inLanguage":"es","@id":"https:\/\/autofans.com.ar\/index.php\/2024\/07\/12\/disfruta-de-un-test-drive-con-nissan-en-nordelta-estas-vacaciones\/#primaryimage","url":"https:\/\/autofans.com.ar\/wp-content\/uploads\/2024\/07\/nissa-1.jpg","contentUrl":"https:\/\/autofans.com.ar\/wp-content\/uploads\/2024\/07\/nissa-1.jpg","width":1000,"height":667,"caption":"Nordelta"},{"@type":"BreadcrumbList","@id":"https:\/\/autofans.com.ar\/index.php\/2024\/07\/12\/disfruta-de-un-test-drive-con-nissan-en-nordelta-estas-vacaciones\/#breadcrumb","itemListElement":[{"@type":"ListItem","position":1,"name":"Inicio","item":"https:\/\/autofans.com.ar\/"},{"@type":"ListItem","position":2,"name":"Disfrut\u00e1 de un test drive con Nissan en Nordelta estas vacaciones"}]},{"@type":"WebSite","@id":"https:\/\/autofans.com.ar\/#website","url":"https:\/\/autofans.com.ar\/","name":"","description":"El multimedio referente de la industria automotriz","potentialAction":[{"@type":"SearchAction","target":{"@type":"EntryPoint","urlTemplate":"https:\/\/autofans.com.ar\/?s={search_term_string}"},"query-input":{"@type":"PropertyValueSpecification","valueRequired":true,"valueName":"search_term_string"}}],"inLanguage":"es"},{"@type":"Person","@id":"https:\/\/autofans.com.ar\/#\/schema\/person\/4a8dda0b6df83ac3d6723e921274c2aa","name":"Alejandro Gabriel Rosito","image":{"@type":"ImageObject","inLanguage":"es","@id":"https:\/\/secure.gravatar.com\/avatar\/16c5dda1489adfc62618084dcbb91cffd879c374b13fe5dd8e44ed6733852c88?s=96&d=mm&r=g","url":"https:\/\/secure.gravatar.com\/avatar\/16c5dda1489adfc62618084dcbb91cffd879c374b13fe5dd8e44ed6733852c88?s=96&d=mm&r=g","contentUrl":"https:\/\/secure.gravatar.com\/avatar\/16c5dda1489adfc62618084dcbb91cffd879c374b13fe5dd8e44ed6733852c88?s=96&d=mm&r=g","caption":"Alejandro Gabriel Rosito"},"url":"https:\/\/autofans.com.ar\/index.php\/author\/gabrielr\/"}]}},"featured_image_urls":{"full":["https:\/\/autofans.com.ar\/wp-content\/uploads\/2024\/07\/nissa-1.jpg",1000,667,false],"thumbnail":["https:\/\/autofans.com.ar\/wp-content\/uploads\/2024\/07\/nissa-1-150x150.jpg",150,150,true],"medium":["https:\/\/autofans.com.ar\/wp-content\/uploads\/2024\/07\/nissa-1-300x200.jpg",300,200,true],"medium_large":["https:\/\/autofans.com.ar\/wp-content\/uploads\/2024\/07\/nissa-1-768x512.jpg",640,427,true],"large":["https:\/\/autofans.com.ar\/wp-content\/uploads\/2024\/07\/nissa-1.jpg",640,427,false],"1536x1536":["https:\/\/autofans.com.ar\/wp-content\/uploads\/2024\/07\/nissa-1.jpg",1000,667,false],"2048x2048":["https:\/\/autofans.com.ar\/wp-content\/uploads\/2024\/07\/nissa-1.jpg",1000,667,false],"covernews-featured":["https:\/\/autofans.com.ar\/wp-content\/uploads\/2024\/07\/nissa-1.jpg",1000,667,false],"covernews-medium":["https:\/\/autofans.com.ar\/wp-content\/uploads\/2024\/07\/nissa-1-540x340.jpg",540,340,true]},"author_info":{"display_name":"Alejandro Gabriel Rosito","author_link":"https:\/\/autofans.com.ar\/index.php\/author\/gabrielr\/"},"category_info":"<a href=\"https:\/\/autofans.com.ar\/index.php\/category\/noticias\/bizstyle\/\" rel=\"category tag\">BIZSTYLE<\/a> <a href=\"https:\/\/autofans.com.ar\/index.php\/category\/noticias\/\" rel=\"category tag\">NOTICIAS<\/a>","tag_info":"NOTICIAS","comment_count":0,"_links":{"self":[{"href":"https:\/\/autofans.com.ar\/index.php\/wp-json\/wp\/v2\/posts\/8259","targetHints":{"allow":["GET"]}}],"collection":[{"href":"https:\/\/autofans.com.ar\/index.php\/wp-json\/wp\/v2\/posts"}],"about":[{"href":"https:\/\/autofans.com.ar\/index.php\/wp-json\/wp\/v2\/types\/post"}],"author":[{"embeddable":true,"href":"https:\/\/autofans.com.ar\/index.php\/wp-json\/wp\/v2\/users\/2"}],"replies":[{"embeddable":true,"href":"https:\/\/autofans.com.ar\/index.php\/wp-json\/wp\/v2\/comments?post=8259"}],"version-history":[{"count":3,"href":"https:\/\/autofans.com.ar\/index.php\/wp-json\/wp\/v2\/posts\/8259\/revisions"}],"predecessor-version":[{"id":8264,"href":"https:\/\/autofans.com.ar\/index.php\/wp-json\/wp\/v2\/posts\/8259\/revisions\/8264"}],"wp:featuredmedia":[{"embeddable":true,"href":"https:\/\/autofans.com.ar\/index.php\/wp-json\/wp\/v2\/media\/8261"}],"wp:attachment":[{"href":"https:\/\/autofans.com.ar\/index.php\/wp-json\/wp\/v2\/media?parent=8259"}],"wp:term":[{"taxonomy":"category","embeddable":true,"href":"https:\/\/autofans.com.ar\/index.php\/wp-json\/wp\/v2\/categories?post=8259"},{"taxonomy":"post_tag","embeddable":true,"href":"https:\/\/autofans.com.ar\/index.php\/wp-json\/wp\/v2\/tags?post=8259"}],"curies":[{"name":"wp","href":"https:\/\/api.w.org\/{rel}","templated":true}]}}