{"id":8275,"date":"2024-07-15T14:45:53","date_gmt":"2024-07-15T17:45:53","guid":{"rendered":"https:\/\/autofans.com.ar\/?p=8275"},"modified":"2024-07-16T18:04:21","modified_gmt":"2024-07-16T21:04:21","slug":"kia-argentina-llega-a-cerro-bayo","status":"publish","type":"post","link":"https:\/\/autofans.com.ar\/index.php\/2024\/07\/15\/kia-argentina-llega-a-cerro-bayo\/","title":{"rendered":"Kia Argentina llega a Cerro Bayo"},"content":{"rendered":"<p>Kia la marca coreana se instala en el centro de ski de Villa La Angostura como sponsor, ofreciendo experiencias \u00fanicas para sus clientes en la temporada de invierno 2024.<\/p>\n<p>&nbsp;<\/p>\n<h2>De la costa a la nieve<\/h2>\n<p>&nbsp;<\/p>\n<div id='gallery-1' class='gallery galleryid-8275 gallery-columns-2 gallery-size-full'><figure class='gallery-item'>\n\t\t\t<div class='gallery-icon landscape'>\n\t\t\t\t<a href='https:\/\/autofans.com.ar\/index.php\/2024\/07\/15\/kia-argentina-llega-a-cerro-bayo\/kia-3-3\/'><img loading=\"lazy\" width=\"1000\" height=\"667\" src=\"https:\/\/autofans.com.ar\/wp-content\/uploads\/2024\/07\/kia-3.jpg\" class=\"attachment-full size-full\" alt=\"Kia\" srcset=\"https:\/\/autofans.com.ar\/wp-content\/uploads\/2024\/07\/kia-3.jpg 1000w, https:\/\/autofans.com.ar\/wp-content\/uploads\/2024\/07\/kia-3-300x200.jpg 300w, https:\/\/autofans.com.ar\/wp-content\/uploads\/2024\/07\/kia-3-768x512.jpg 768w\" sizes=\"auto, (max-width: 1000px) 100vw, 1000px\" loading=\"lazy\" decoding=\"async\" \/><\/a>\n\t\t\t<\/div><\/figure><figure class='gallery-item'>\n\t\t\t<div class='gallery-icon landscape'>\n\t\t\t\t<a href='https:\/\/autofans.com.ar\/index.php\/2024\/07\/15\/kia-argentina-llega-a-cerro-bayo\/kia-2-3\/'><img loading=\"lazy\" width=\"1000\" height=\"667\" src=\"https:\/\/autofans.com.ar\/wp-content\/uploads\/2024\/07\/kia-2.jpg\" class=\"attachment-full size-full\" alt=\"Kia\" srcset=\"https:\/\/autofans.com.ar\/wp-content\/uploads\/2024\/07\/kia-2.jpg 1000w, https:\/\/autofans.com.ar\/wp-content\/uploads\/2024\/07\/kia-2-300x200.jpg 300w, https:\/\/autofans.com.ar\/wp-content\/uploads\/2024\/07\/kia-2-768x512.jpg 768w\" sizes=\"auto, (max-width: 1000px) 100vw, 1000px\" loading=\"lazy\" decoding=\"async\" \/><\/a>\n\t\t\t<\/div><\/figure>\n\t\t<\/div>\n\n<p>&nbsp;<\/p>\n<p>Kia Argentina, tras el \u00e9xito de sus campa\u00f1as de verano en Costa Esmeralda, Mendoza y Punta del Este, se posiciona como sponsor en Cerro Bayo Ski Boutique en la provincia de Neuqu\u00e9n para esta temporada de invierno. Los visitantes podr\u00e1n encontrar diversas actividades en los principales puntos estrat\u00e9gicos del cerro, donde la automotriz exhibir\u00e1 su SUV insignia, el All-new Sportage, en versiones 4&#215;2 y 4&#215;4.<\/p>\n<p>&nbsp;<\/p>\n<blockquote>\n<p style=\"text-align: center;\">\u201cEstamos muy contentos de anunciar nuestro desembarco en uno de los centros de ski m\u00e1s exclusivos del pa\u00eds como lo es Cerro Bayo. Es una gran oportunidad para acercarnos a\u00fan m\u00e1s a los usuarios Kia y a quienes tienen curiosidad por conocernos. All\u00ed brindaremos activaciones destacadas y \u00fanicas en el lugar que nuestros clientes eligen pasar su descanso de invierno y acercar uno de nuestros modelos destacados, como lo es la All-new Sportage\u201c, destac\u00f3 Diana Anzola, Responsable de Marketing de Kia Argentina.<\/p>\n<\/blockquote>\n<p>&nbsp;<\/p>\n<h2>Descubr\u00ed las Kia Sessions en Cerro Bayo<\/h2>\n<p>&nbsp;<\/p>\n<div id='gallery-2' class='gallery galleryid-8275 gallery-columns-2 gallery-size-full'><figure class='gallery-item'>\n\t\t\t<div class='gallery-icon landscape'>\n\t\t\t\t<a href='https:\/\/autofans.com.ar\/index.php\/2024\/07\/15\/kia-argentina-llega-a-cerro-bayo\/kia-1-3\/'><img loading=\"lazy\" width=\"1000\" height=\"667\" src=\"https:\/\/autofans.com.ar\/wp-content\/uploads\/2024\/07\/kia-1.jpg\" class=\"attachment-full size-full\" alt=\"Kia\" srcset=\"https:\/\/autofans.com.ar\/wp-content\/uploads\/2024\/07\/kia-1.jpg 1000w, https:\/\/autofans.com.ar\/wp-content\/uploads\/2024\/07\/kia-1-300x200.jpg 300w, https:\/\/autofans.com.ar\/wp-content\/uploads\/2024\/07\/kia-1-768x512.jpg 768w\" sizes=\"auto, (max-width: 1000px) 100vw, 1000px\" loading=\"lazy\" decoding=\"async\" \/><\/a>\n\t\t\t<\/div><\/figure><figure class='gallery-item'>\n\t\t\t<div class='gallery-icon landscape'>\n\t\t\t\t<a href='https:\/\/autofans.com.ar\/index.php\/2024\/07\/15\/kia-argentina-llega-a-cerro-bayo\/kia-5-2\/'><img loading=\"lazy\" width=\"1000\" height=\"667\" src=\"https:\/\/autofans.com.ar\/wp-content\/uploads\/2024\/07\/kia-5.jpg\" class=\"attachment-full size-full\" alt=\"Kia\" srcset=\"https:\/\/autofans.com.ar\/wp-content\/uploads\/2024\/07\/kia-5.jpg 1000w, https:\/\/autofans.com.ar\/wp-content\/uploads\/2024\/07\/kia-5-300x200.jpg 300w, https:\/\/autofans.com.ar\/wp-content\/uploads\/2024\/07\/kia-5-768x512.jpg 768w\" sizes=\"auto, (max-width: 1000px) 100vw, 1000px\" loading=\"lazy\" decoding=\"async\" \/><\/a>\n\t\t\t<\/div><\/figure>\n\t\t<\/div>\n\n<p>&nbsp;<\/p>\n<p>En la base del cerro, la marca coreana contar\u00e1 con una exposici\u00f3n de su SUV, adem\u00e1s de presencia en zonas destacadas como las aerosillas y el estacionamiento. Los clientes que elijan el hermoso paisaje patag\u00f3nico de Cerro Bayo para sus vacaciones podr\u00e1n disfrutar de experiencias exclusivas como las <a href=\"https:\/\/autofans.com.ar\/index.php\/2024\/01\/08\/kia-en-costa-esmeralda-mendoza-y-punta-del-este\/\" target=\"_blank\" rel=\"noopener\">Kia Sessions<\/a> y After Kia, cuyas fechas y detalles ser\u00e1n anunciados a trav\u00e9s de las redes sociales de la marca.<\/p>\n<p>&nbsp;<\/p>\n<p>&nbsp;<\/p>\n<p>&nbsp;<\/p>\n<p><i>Para enterarte de m\u00e1s novedades, no dejes de leer\u00a0<\/i><a href=\"https:\/\/autofans.thebrandsoup.com\/\"><i>nuestras notas<\/i><\/a><i>, de ver<\/i><b><i>\u00a0<\/i><\/b><a href=\"https:\/\/www.youtube.com\/channel\/UCgAC8UGHZYbT6P7PpmVnP7g\"><b><i>AUTOFANS TV<\/i><\/b><\/a><b><i>\u00a0<\/i><\/b><i>en nuestro\u00a0canal de Youtube. Adem\u00e1s seguinos en\u00a0<\/i><a href=\"https:\/\/www.instagram.com\/autofanstv\/\"><i>INSTAGRAM<\/i><\/a><i> y <\/i><a href=\"https:\/\/www.facebook.com\/autofansmas\/\"><i>FACEBOOK<\/i><\/a><i> para no perderte nada sobre las novedades del segmento automotor de Argentina y el mundo.<\/i><\/p>\n","protected":false},"excerpt":{"rendered":"<p>Kia la marca coreana se instala en el centro de ski de Villa La Angostura&#8230;<\/p>\n","protected":false},"author":2,"featured_media":8277,"comment_status":"closed","ping_status":"closed","sticky":false,"template":"","format":"standard","meta":{"footnotes":""},"categories":[6,16],"tags":[4413,4408,4411,1715,4414,4410,4409,4412],"class_list":["post-8275","post","type-post","status-publish","format-standard","has-post-thumbnail","hentry","category-bizstyle","category-noticias","tag-actividades-de-invierno","tag-cerro-bayo","tag-experiencias-exclusivas-kia","tag-kia-argentina","tag-sponsor-automotriz","tag-suv-all-new-sportage","tag-temporada-de-invierno-2024","tag-vacaciones-en-neuquen"],"yoast_head":"<!-- This site is optimized with the Yoast SEO plugin v27.5 - https:\/\/yoast.com\/product\/yoast-seo-wordpress\/ -->\n<title>Kia Argentina llega a Cerro Bayo -<\/title>\n<meta name=\"description\" content=\"Kia la marca coreana se instala en el centro de ski de Villa La Angostura como sponsor, ofreciendo experiencias \u00fanicas para sus clientes\" \/>\n<meta name=\"robots\" content=\"index, follow, max-snippet:-1, max-image-preview:large, max-video-preview:-1\" \/>\n<link rel=\"canonical\" href=\"https:\/\/autofans.com.ar\/index.php\/2024\/07\/15\/kia-argentina-llega-a-cerro-bayo\/\" \/>\n<meta property=\"og:locale\" content=\"es_ES\" \/>\n<meta property=\"og:type\" content=\"article\" \/>\n<meta property=\"og:title\" content=\"Kia Argentina llega a Cerro Bayo -\" \/>\n<meta property=\"og:description\" content=\"Kia la marca coreana se instala en el centro de ski de Villa La Angostura como sponsor, ofreciendo experiencias \u00fanicas para sus clientes\" \/>\n<meta property=\"og:url\" content=\"https:\/\/autofans.com.ar\/index.php\/2024\/07\/15\/kia-argentina-llega-a-cerro-bayo\/\" \/>\n<meta property=\"article:published_time\" content=\"2024-07-15T17:45:53+00:00\" \/>\n<meta property=\"article:modified_time\" content=\"2024-07-16T21:04:21+00:00\" \/>\n<meta property=\"og:image\" content=\"https:\/\/autofans.com.ar\/wp-content\/uploads\/2024\/07\/kia-4.jpg\" \/>\n\t<meta property=\"og:image:width\" content=\"640\" \/>\n\t<meta property=\"og:image:height\" content=\"427\" \/>\n\t<meta property=\"og:image:type\" content=\"image\/jpeg\" \/>\n<meta name=\"author\" content=\"Alejandro Gabriel Rosito\" \/>\n<meta name=\"twitter:card\" content=\"summary_large_image\" \/>\n<meta name=\"twitter:label1\" content=\"Escrito por\" \/>\n\t<meta name=\"twitter:data1\" content=\"Alejandro Gabriel Rosito\" \/>\n\t<meta name=\"twitter:label2\" content=\"Tiempo de lectura\" \/>\n\t<meta name=\"twitter:data2\" content=\"2 minutos\" \/>\n<script type=\"application\/ld+json\" class=\"yoast-schema-graph\">{\"@context\":\"https:\\\/\\\/schema.org\",\"@graph\":[{\"@type\":\"Article\",\"@id\":\"https:\\\/\\\/autofans.com.ar\\\/index.php\\\/2024\\\/07\\\/15\\\/kia-argentina-llega-a-cerro-bayo\\\/#article\",\"isPartOf\":{\"@id\":\"https:\\\/\\\/autofans.com.ar\\\/index.php\\\/2024\\\/07\\\/15\\\/kia-argentina-llega-a-cerro-bayo\\\/\"},\"author\":{\"name\":\"Alejandro Gabriel Rosito\",\"@id\":\"https:\\\/\\\/autofans.com.ar\\\/#\\\/schema\\\/person\\\/4a8dda0b6df83ac3d6723e921274c2aa\"},\"headline\":\"Kia Argentina llega a Cerro Bayo\",\"datePublished\":\"2024-07-15T17:45:53+00:00\",\"dateModified\":\"2024-07-16T21:04:21+00:00\",\"mainEntityOfPage\":{\"@id\":\"https:\\\/\\\/autofans.com.ar\\\/index.php\\\/2024\\\/07\\\/15\\\/kia-argentina-llega-a-cerro-bayo\\\/\"},\"wordCount\":339,\"image\":{\"@id\":\"https:\\\/\\\/autofans.com.ar\\\/index.php\\\/2024\\\/07\\\/15\\\/kia-argentina-llega-a-cerro-bayo\\\/#primaryimage\"},\"thumbnailUrl\":\"https:\\\/\\\/autofans.com.ar\\\/wp-content\\\/uploads\\\/2024\\\/07\\\/kia-4.jpg\",\"keywords\":[\"actividades de invierno\",\"Cerro Bayo\",\"experiencias exclusivas Kia\",\"Kia Argentina\",\"sponsor automotriz\",\"SUV All-new Sportage\",\"temporada de invierno 2024\",\"vacaciones en Neuqu\u00e9n\"],\"articleSection\":[\"BIZSTYLE\",\"NOTICIAS\"],\"inLanguage\":\"es\"},{\"@type\":\"WebPage\",\"@id\":\"https:\\\/\\\/autofans.com.ar\\\/index.php\\\/2024\\\/07\\\/15\\\/kia-argentina-llega-a-cerro-bayo\\\/\",\"url\":\"https:\\\/\\\/autofans.com.ar\\\/index.php\\\/2024\\\/07\\\/15\\\/kia-argentina-llega-a-cerro-bayo\\\/\",\"name\":\"Kia Argentina llega a Cerro Bayo -\",\"isPartOf\":{\"@id\":\"https:\\\/\\\/autofans.com.ar\\\/#website\"},\"primaryImageOfPage\":{\"@id\":\"https:\\\/\\\/autofans.com.ar\\\/index.php\\\/2024\\\/07\\\/15\\\/kia-argentina-llega-a-cerro-bayo\\\/#primaryimage\"},\"image\":{\"@id\":\"https:\\\/\\\/autofans.com.ar\\\/index.php\\\/2024\\\/07\\\/15\\\/kia-argentina-llega-a-cerro-bayo\\\/#primaryimage\"},\"thumbnailUrl\":\"https:\\\/\\\/autofans.com.ar\\\/wp-content\\\/uploads\\\/2024\\\/07\\\/kia-4.jpg\",\"datePublished\":\"2024-07-15T17:45:53+00:00\",\"dateModified\":\"2024-07-16T21:04:21+00:00\",\"author\":{\"@id\":\"https:\\\/\\\/autofans.com.ar\\\/#\\\/schema\\\/person\\\/4a8dda0b6df83ac3d6723e921274c2aa\"},\"description\":\"Kia la marca coreana se instala en el centro de ski de Villa La Angostura como sponsor, ofreciendo experiencias \u00fanicas para sus clientes\",\"breadcrumb\":{\"@id\":\"https:\\\/\\\/autofans.com.ar\\\/index.php\\\/2024\\\/07\\\/15\\\/kia-argentina-llega-a-cerro-bayo\\\/#breadcrumb\"},\"inLanguage\":\"es\",\"potentialAction\":[{\"@type\":\"ReadAction\",\"target\":[\"https:\\\/\\\/autofans.com.ar\\\/index.php\\\/2024\\\/07\\\/15\\\/kia-argentina-llega-a-cerro-bayo\\\/\"]}]},{\"@type\":\"ImageObject\",\"inLanguage\":\"es\",\"@id\":\"https:\\\/\\\/autofans.com.ar\\\/index.php\\\/2024\\\/07\\\/15\\\/kia-argentina-llega-a-cerro-bayo\\\/#primaryimage\",\"url\":\"https:\\\/\\\/autofans.com.ar\\\/wp-content\\\/uploads\\\/2024\\\/07\\\/kia-4.jpg\",\"contentUrl\":\"https:\\\/\\\/autofans.com.ar\\\/wp-content\\\/uploads\\\/2024\\\/07\\\/kia-4.jpg\",\"width\":1000,\"height\":667,\"caption\":\"Kia\"},{\"@type\":\"BreadcrumbList\",\"@id\":\"https:\\\/\\\/autofans.com.ar\\\/index.php\\\/2024\\\/07\\\/15\\\/kia-argentina-llega-a-cerro-bayo\\\/#breadcrumb\",\"itemListElement\":[{\"@type\":\"ListItem\",\"position\":1,\"name\":\"Inicio\",\"item\":\"https:\\\/\\\/autofans.com.ar\\\/\"},{\"@type\":\"ListItem\",\"position\":2,\"name\":\"Kia Argentina llega a Cerro Bayo\"}]},{\"@type\":\"WebSite\",\"@id\":\"https:\\\/\\\/autofans.com.ar\\\/#website\",\"url\":\"https:\\\/\\\/autofans.com.ar\\\/\",\"name\":\"\",\"description\":\"El multimedio referente de la industria automotriz\",\"potentialAction\":[{\"@type\":\"SearchAction\",\"target\":{\"@type\":\"EntryPoint\",\"urlTemplate\":\"https:\\\/\\\/autofans.com.ar\\\/?s={search_term_string}\"},\"query-input\":{\"@type\":\"PropertyValueSpecification\",\"valueRequired\":true,\"valueName\":\"search_term_string\"}}],\"inLanguage\":\"es\"},{\"@type\":\"Person\",\"@id\":\"https:\\\/\\\/autofans.com.ar\\\/#\\\/schema\\\/person\\\/4a8dda0b6df83ac3d6723e921274c2aa\",\"name\":\"Alejandro Gabriel Rosito\",\"image\":{\"@type\":\"ImageObject\",\"inLanguage\":\"es\",\"@id\":\"https:\\\/\\\/secure.gravatar.com\\\/avatar\\\/16c5dda1489adfc62618084dcbb91cffd879c374b13fe5dd8e44ed6733852c88?s=96&d=mm&r=g\",\"url\":\"https:\\\/\\\/secure.gravatar.com\\\/avatar\\\/16c5dda1489adfc62618084dcbb91cffd879c374b13fe5dd8e44ed6733852c88?s=96&d=mm&r=g\",\"contentUrl\":\"https:\\\/\\\/secure.gravatar.com\\\/avatar\\\/16c5dda1489adfc62618084dcbb91cffd879c374b13fe5dd8e44ed6733852c88?s=96&d=mm&r=g\",\"caption\":\"Alejandro Gabriel Rosito\"},\"url\":\"https:\\\/\\\/autofans.com.ar\\\/index.php\\\/author\\\/gabrielr\\\/\"}]}<\/script>\n<!-- \/ Yoast SEO plugin. -->","yoast_head_json":{"title":"Kia Argentina llega a Cerro Bayo -","description":"Kia la marca coreana se instala en el centro de ski de Villa La Angostura como sponsor, ofreciendo experiencias \u00fanicas para sus clientes","robots":{"index":"index","follow":"follow","max-snippet":"max-snippet:-1","max-image-preview":"max-image-preview:large","max-video-preview":"max-video-preview:-1"},"canonical":"https:\/\/autofans.com.ar\/index.php\/2024\/07\/15\/kia-argentina-llega-a-cerro-bayo\/","og_locale":"es_ES","og_type":"article","og_title":"Kia Argentina llega a Cerro Bayo -","og_description":"Kia la marca coreana se instala en el centro de ski de Villa La Angostura como sponsor, ofreciendo experiencias \u00fanicas para sus clientes","og_url":"https:\/\/autofans.com.ar\/index.php\/2024\/07\/15\/kia-argentina-llega-a-cerro-bayo\/","article_published_time":"2024-07-15T17:45:53+00:00","article_modified_time":"2024-07-16T21:04:21+00:00","og_image":[{"url":"https:\/\/autofans.com.ar\/wp-content\/uploads\/2024\/07\/kia-4.jpg","width":640,"height":427,"type":"image\/jpeg"}],"author":"Alejandro Gabriel Rosito","twitter_card":"summary_large_image","twitter_misc":{"Escrito por":"Alejandro Gabriel Rosito","Tiempo de lectura":"2 minutos"},"schema":{"@context":"https:\/\/schema.org","@graph":[{"@type":"Article","@id":"https:\/\/autofans.com.ar\/index.php\/2024\/07\/15\/kia-argentina-llega-a-cerro-bayo\/#article","isPartOf":{"@id":"https:\/\/autofans.com.ar\/index.php\/2024\/07\/15\/kia-argentina-llega-a-cerro-bayo\/"},"author":{"name":"Alejandro Gabriel Rosito","@id":"https:\/\/autofans.com.ar\/#\/schema\/person\/4a8dda0b6df83ac3d6723e921274c2aa"},"headline":"Kia Argentina llega a Cerro Bayo","datePublished":"2024-07-15T17:45:53+00:00","dateModified":"2024-07-16T21:04:21+00:00","mainEntityOfPage":{"@id":"https:\/\/autofans.com.ar\/index.php\/2024\/07\/15\/kia-argentina-llega-a-cerro-bayo\/"},"wordCount":339,"image":{"@id":"https:\/\/autofans.com.ar\/index.php\/2024\/07\/15\/kia-argentina-llega-a-cerro-bayo\/#primaryimage"},"thumbnailUrl":"https:\/\/autofans.com.ar\/wp-content\/uploads\/2024\/07\/kia-4.jpg","keywords":["actividades de invierno","Cerro Bayo","experiencias exclusivas Kia","Kia Argentina","sponsor automotriz","SUV All-new Sportage","temporada de invierno 2024","vacaciones en Neuqu\u00e9n"],"articleSection":["BIZSTYLE","NOTICIAS"],"inLanguage":"es"},{"@type":"WebPage","@id":"https:\/\/autofans.com.ar\/index.php\/2024\/07\/15\/kia-argentina-llega-a-cerro-bayo\/","url":"https:\/\/autofans.com.ar\/index.php\/2024\/07\/15\/kia-argentina-llega-a-cerro-bayo\/","name":"Kia Argentina llega a Cerro Bayo -","isPartOf":{"@id":"https:\/\/autofans.com.ar\/#website"},"primaryImageOfPage":{"@id":"https:\/\/autofans.com.ar\/index.php\/2024\/07\/15\/kia-argentina-llega-a-cerro-bayo\/#primaryimage"},"image":{"@id":"https:\/\/autofans.com.ar\/index.php\/2024\/07\/15\/kia-argentina-llega-a-cerro-bayo\/#primaryimage"},"thumbnailUrl":"https:\/\/autofans.com.ar\/wp-content\/uploads\/2024\/07\/kia-4.jpg","datePublished":"2024-07-15T17:45:53+00:00","dateModified":"2024-07-16T21:04:21+00:00","author":{"@id":"https:\/\/autofans.com.ar\/#\/schema\/person\/4a8dda0b6df83ac3d6723e921274c2aa"},"description":"Kia la marca coreana se instala en el centro de ski de Villa La Angostura como sponsor, ofreciendo experiencias \u00fanicas para sus clientes","breadcrumb":{"@id":"https:\/\/autofans.com.ar\/index.php\/2024\/07\/15\/kia-argentina-llega-a-cerro-bayo\/#breadcrumb"},"inLanguage":"es","potentialAction":[{"@type":"ReadAction","target":["https:\/\/autofans.com.ar\/index.php\/2024\/07\/15\/kia-argentina-llega-a-cerro-bayo\/"]}]},{"@type":"ImageObject","inLanguage":"es","@id":"https:\/\/autofans.com.ar\/index.php\/2024\/07\/15\/kia-argentina-llega-a-cerro-bayo\/#primaryimage","url":"https:\/\/autofans.com.ar\/wp-content\/uploads\/2024\/07\/kia-4.jpg","contentUrl":"https:\/\/autofans.com.ar\/wp-content\/uploads\/2024\/07\/kia-4.jpg","width":1000,"height":667,"caption":"Kia"},{"@type":"BreadcrumbList","@id":"https:\/\/autofans.com.ar\/index.php\/2024\/07\/15\/kia-argentina-llega-a-cerro-bayo\/#breadcrumb","itemListElement":[{"@type":"ListItem","position":1,"name":"Inicio","item":"https:\/\/autofans.com.ar\/"},{"@type":"ListItem","position":2,"name":"Kia Argentina llega a Cerro Bayo"}]},{"@type":"WebSite","@id":"https:\/\/autofans.com.ar\/#website","url":"https:\/\/autofans.com.ar\/","name":"","description":"El multimedio referente de la industria automotriz","potentialAction":[{"@type":"SearchAction","target":{"@type":"EntryPoint","urlTemplate":"https:\/\/autofans.com.ar\/?s={search_term_string}"},"query-input":{"@type":"PropertyValueSpecification","valueRequired":true,"valueName":"search_term_string"}}],"inLanguage":"es"},{"@type":"Person","@id":"https:\/\/autofans.com.ar\/#\/schema\/person\/4a8dda0b6df83ac3d6723e921274c2aa","name":"Alejandro Gabriel Rosito","image":{"@type":"ImageObject","inLanguage":"es","@id":"https:\/\/secure.gravatar.com\/avatar\/16c5dda1489adfc62618084dcbb91cffd879c374b13fe5dd8e44ed6733852c88?s=96&d=mm&r=g","url":"https:\/\/secure.gravatar.com\/avatar\/16c5dda1489adfc62618084dcbb91cffd879c374b13fe5dd8e44ed6733852c88?s=96&d=mm&r=g","contentUrl":"https:\/\/secure.gravatar.com\/avatar\/16c5dda1489adfc62618084dcbb91cffd879c374b13fe5dd8e44ed6733852c88?s=96&d=mm&r=g","caption":"Alejandro Gabriel Rosito"},"url":"https:\/\/autofans.com.ar\/index.php\/author\/gabrielr\/"}]}},"featured_image_urls":{"full":["https:\/\/autofans.com.ar\/wp-content\/uploads\/2024\/07\/kia-4.jpg",1000,667,false],"thumbnail":["https:\/\/autofans.com.ar\/wp-content\/uploads\/2024\/07\/kia-4-150x150.jpg",150,150,true],"medium":["https:\/\/autofans.com.ar\/wp-content\/uploads\/2024\/07\/kia-4-300x200.jpg",300,200,true],"medium_large":["https:\/\/autofans.com.ar\/wp-content\/uploads\/2024\/07\/kia-4-768x512.jpg",640,427,true],"large":["https:\/\/autofans.com.ar\/wp-content\/uploads\/2024\/07\/kia-4.jpg",640,427,false],"1536x1536":["https:\/\/autofans.com.ar\/wp-content\/uploads\/2024\/07\/kia-4.jpg",1000,667,false],"2048x2048":["https:\/\/autofans.com.ar\/wp-content\/uploads\/2024\/07\/kia-4.jpg",1000,667,false],"covernews-featured":["https:\/\/autofans.com.ar\/wp-content\/uploads\/2024\/07\/kia-4.jpg",1000,667,false],"covernews-medium":["https:\/\/autofans.com.ar\/wp-content\/uploads\/2024\/07\/kia-4-540x340.jpg",540,340,true]},"author_info":{"display_name":"Alejandro Gabriel Rosito","author_link":"https:\/\/autofans.com.ar\/index.php\/author\/gabrielr\/"},"category_info":"<a href=\"https:\/\/autofans.com.ar\/index.php\/category\/noticias\/bizstyle\/\" rel=\"category tag\">BIZSTYLE<\/a> <a href=\"https:\/\/autofans.com.ar\/index.php\/category\/noticias\/\" rel=\"category tag\">NOTICIAS<\/a>","tag_info":"NOTICIAS","comment_count":0,"_links":{"self":[{"href":"https:\/\/autofans.com.ar\/index.php\/wp-json\/wp\/v2\/posts\/8275","targetHints":{"allow":["GET"]}}],"collection":[{"href":"https:\/\/autofans.com.ar\/index.php\/wp-json\/wp\/v2\/posts"}],"about":[{"href":"https:\/\/autofans.com.ar\/index.php\/wp-json\/wp\/v2\/types\/post"}],"author":[{"embeddable":true,"href":"https:\/\/autofans.com.ar\/index.php\/wp-json\/wp\/v2\/users\/2"}],"replies":[{"embeddable":true,"href":"https:\/\/autofans.com.ar\/index.php\/wp-json\/wp\/v2\/comments?post=8275"}],"version-history":[{"count":2,"href":"https:\/\/autofans.com.ar\/index.php\/wp-json\/wp\/v2\/posts\/8275\/revisions"}],"predecessor-version":[{"id":8282,"href":"https:\/\/autofans.com.ar\/index.php\/wp-json\/wp\/v2\/posts\/8275\/revisions\/8282"}],"wp:featuredmedia":[{"embeddable":true,"href":"https:\/\/autofans.com.ar\/index.php\/wp-json\/wp\/v2\/media\/8277"}],"wp:attachment":[{"href":"https:\/\/autofans.com.ar\/index.php\/wp-json\/wp\/v2\/media?parent=8275"}],"wp:term":[{"taxonomy":"category","embeddable":true,"href":"https:\/\/autofans.com.ar\/index.php\/wp-json\/wp\/v2\/categories?post=8275"},{"taxonomy":"post_tag","embeddable":true,"href":"https:\/\/autofans.com.ar\/index.php\/wp-json\/wp\/v2\/tags?post=8275"}],"curies":[{"name":"wp","href":"https:\/\/api.w.org\/{rel}","templated":true}]}}